{"id":24207,"date":"2017-04-20T14:14:07","date_gmt":"2017-04-20T12:14:07","guid":{"rendered":"https:\/\/www.treatwell.es\/in-the-glow\/?p=21349"},"modified":"2025-12-16T12:35:46","modified_gmt":"2025-12-16T11:35:46","slug":"las-5-cosas-que-los-hombres-que-se-van-a-depilar-con-cera-no-se-atreven-a-preguntar","status":"publish","type":"post","link":"https:\/\/www.treatwell.es/in-the-glow\/las-5-cosas-que-los-hombres-que-se-van-a-depilar-con-cera-no-se-atreven-a-preguntar\/","title":{"rendered":"Las 5 cosas que los hombres que se van a depilar con cera no se atreven a preguntar"},"content":{"rendered":"<p><span style=\"font-weight: 400\">A los hombres que se enfrentan por primera vez a la depilaci\u00f3n con cera les pueden surgir varias preguntas un tanto embarazosas, pero el deber de un buen profesional es anticiparse a ellas. Las citas para depilaci\u00f3n con cera para hombres de Treatwell han aumentado notablemente. Por tanto, ahora es el momento de atraer a las masas y ahuyentar los miedos. Desde el grado de dolor hasta cu\u00e1nta ropa tienen que quitarse, descubre lo que todos los hombres quieren saber sobre la depilaci\u00f3n con cera.<\/span><\/p>\n<div class=\"schema-faq wp-block-yoast-faq-block\">\n<div class=\"schema-faq-section\" id=\"faq-question-1765884530270\">\n<h3 class=\"schema-faq-question\">\u00bfDuele la depilaci\u00f3n con cera en hombres?<\/h3>\n<p class=\"schema-faq-answer\">El primer tir\u00f3n de la depilaci\u00f3n con cera puede doler, pero el dolor disminuye con las sesiones. Reservar tus citas peri\u00f3dicamente te ayuda a que el proceso resulte cada vez m\u00e1s llevadero y los resultados merecen la pena.<\/div>\n<div class=\"schema-faq-section\" id=\"faq-question-1765884530271\">\n<h3 class=\"schema-faq-question\">\u00bfEs necesario ducharse antes de una depilaci\u00f3n con cera?<\/h3>\n<p class=\"schema-faq-answer\">S\u00ed, es fundamental llegar limpio\/a a la cita de depilaci\u00f3n con cera. Algunos salones incluso disponen de duchas o facilitan toallitas higi\u00e9nicas para garantizar la higiene antes del servicio.<\/div>\n<div class=\"schema-faq-section\" id=\"faq-question-1765884530272\">\n<h3 class=\"schema-faq-question\">\u00bfTe tienes que desnudar para la depilaci\u00f3n con cera?<\/h3>\n<p class=\"schema-faq-answer\">En algunos casos tendr\u00e1s que quitarte parte de la ropa para la depilaci\u00f3n con cera. Com\u00e9ntalo con los profesionales antes de la sesi\u00f3n para sentirte a gusto y evitar situaciones inc\u00f3modas.<\/div>\n<div class=\"schema-faq-section\" id=\"faq-question-1765884530273\">\n<h3 class=\"schema-faq-question\">\u00bfDebo recortar el vello antes de la depilaci\u00f3n?<\/h3>\n<p class=\"schema-faq-answer\">Si el vello est\u00e1 demasiado largo y no se adhiere bien a la cera, tendr\u00e1s que recortarlo previamente. Los profesionales te avisar\u00e1n si es necesario y esto permitir\u00e1 que consigas mejores resultados en pr\u00f3ximas visitas.<\/div>\n<div class=\"schema-faq-section\" id=\"faq-question-1765884530274\">\n<h3 class=\"schema-faq-question\">\u00bfEl vello crece m\u00e1s grueso despu\u00e9s de la depilaci\u00f3n con cera?<\/h3>\n<p class=\"schema-faq-answer\">No, el vello puede parecer m\u00e1s grueso al crecer, pero los fol\u00edculos se debilitan con el tiempo. Con sesiones repetidas de depilaci\u00f3n, el vello se va haciendo cada vez m\u00e1s fino y menos notorio.<\/div>\n<\/p><\/div>\n","protected":false},"excerpt":{"rendered":"<p>A los hombres que se enfrentan por primera vez a la depilaci\u00f3n con cera les pueden surgir varias preguntas un tanto embarazosas, pero el deber de un buen profesional es anticiparse a ellas. Las citas para depilaci\u00f3n con cera para hombres de Treatwell han aumentado notablemente. Por tanto, ahora es el momento de atraer a [&hellip;]<\/p>\n","protected":false},"author":3319,"featured_media":24214,"comment_status":"closed","ping_status":"closed","sticky":false,"template":"","format":"standard","meta":{"_acf_changed":false,"_yoast_wpseo_title":"Depilaci\u00f3n con cera para hombres: gu\u00eda esencial | Treatwell","_yoast_wpseo_metadesc":"Descubre todo sobre depilaci\u00f3n con cera para hombres: dolor, vestir, higiene y consejos clave. An\u00edmate a reservar en Treatwell con informaci\u00f3n clara y \u00fatil.","_genesis_hide_title":false,"_genesis_hide_breadcrumbs":false,"_genesis_hide_singular_image":false,"_genesis_hide_footer_widgets":false,"_genesis_custom_body_class":"","_genesis_custom_post_class":"","_genesis_layout":"","saswp_custom_schema_field":"{\"@context\":\"https:\/\/schema.org\",\"@type\":\"FAQPage\",\"mainEntity\":[{\"@type\":\"Question\",\"name\":\"\u00bfDuele la depilaci\u00f3n con cera en hombres?\",\"acceptedAnswer\":{\"@type\":\"Answer\",\"text\":\"El primer tir\u00f3n de la depilaci\u00f3n con cera puede doler, pero el dolor disminuye con las sesiones. Reservar tus citas peri\u00f3dicamente te ayuda a que el proceso resulte cada vez m\u00e1s llevadero y los resultados merecen la pena.\"}},{\"@type\":\"Question\",\"name\":\"\u00bfEs necesario ducharse antes de una depilaci\u00f3n con cera?\",\"acceptedAnswer\":{\"@type\":\"Answer\",\"text\":\"S\u00ed, es fundamental llegar limpio\/a a la cita de depilaci\u00f3n con cera. Algunos salones incluso disponen de duchas o facilitan toallitas higi\u00e9nicas para garantizar la higiene antes del servicio.\"}},{\"@type\":\"Question\",\"name\":\"\u00bfTe tienes que desnudar para la depilaci\u00f3n con cera?\",\"acceptedAnswer\":{\"@type\":\"Answer\",\"text\":\"En algunos casos tendr\u00e1s que quitarte parte de la ropa para la depilaci\u00f3n con cera. Com\u00e9ntalo con los profesionales antes de la sesi\u00f3n para sentirte a gusto y evitar situaciones inc\u00f3modas.\"}},{\"@type\":\"Question\",\"name\":\"\u00bfDebo recortar el vello antes de la depilaci\u00f3n?\",\"acceptedAnswer\":{\"@type\":\"Answer\",\"text\":\"Si el vello est\u00e1 demasiado largo y no se adhiere bien a la cera, tendr\u00e1s que recortarlo previamente. Los profesionales te avisar\u00e1n si es necesario y esto permitir\u00e1 que consigas mejores resultados en pr\u00f3ximas visitas.\"}},{\"@type\":\"Question\",\"name\":\"\u00bfEl vello crece m\u00e1s grueso despu\u00e9s de la depilaci\u00f3n con cera?\",\"acceptedAnswer\":{\"@type\":\"Answer\",\"text\":\"No, el vello puede parecer m\u00e1s grueso al crecer, pero los fol\u00edculos se debilitan con el tiempo. Con sesiones repetidas de depilaci\u00f3n, el vello se va haciendo cada vez m\u00e1s fino y menos notorio.\"}}]}","footnotes":""},"categories":[4],"tags":[8,14],"class_list":{"0":"post-24207","1":"post","2":"type-post","3":"status-publish","4":"format-standard","5":"has-post-thumbnail","7":"category-beauty","8":"tag-vt10","9":"tag-tr57","10":"entry"},"acf":{"post_credits":"Cr\u00e9ditos de las im\u00e1genes: Treatwell e Instagram de @allurebodybar","beauty_blog_post_button_title":"","beauty_blog_post_button":"","landscape_picture":24213,"blocks":[{"block_title":"\u00bfMe va a doler?","block_content":"<p>Esta pregunta es muy importante para los novatos. Seamos realistas: el primer tir&oacute;n puede doler, as&iacute; que aseg&uacute;rate de que est&aacute;n preparados.Tranquiliza a tu cliente dici&eacute;ndole que el dolor suele disminuir tras algunas sesiones y que los resultados merecen la pena.<\/p>\n","video_content":"","block_picture":24208},{"block_title":"\u00bfTengo que desnudarme?","block_content":"<p>Aunque a tu cliente no le moleste en absoluto lo de quitarse la ropa, siempre es buena idea comentar por adelantado si va a tener que hacerlo o no. Nada m&aacute;s entrar en la sala, deja las cosas claras para evitar cualquier tipo de situaci&oacute;n inc&oacute;moda.<\/p>\n","video_content":"","block_picture":24209},{"block_title":"\u00bfHay que ducharse antes?","block_content":"<p>S&iacute;, s&iacute; y s&iacute;. Algunos salones disponen incluso de duchas para sus clientes, porque es una manera genial de asegurarse de que est&eacute;n limpios para la depilaci&oacute;n. Si no puede ser, recuerda tener a mano toallitas higi&eacute;nicas y sugi&eacute;reles sutilmente que la pr&oacute;xima vez es preferible darse una ducha antes de la sesi&oacute;n.<\/p>\n","video_content":"","block_picture":24210},{"block_title":"\u00bfTengo que recortar el pelo?","block_content":"<p>Si el vello corporal es demasiado largo, hasta el punto de no adherirse a las tiras de cera, puede que tengas que recortarlo previamente. Aseg&uacute;rate de explicarles lo que est&aacute;s haciendo y as&iacute;, la pr&oacute;xima vez que vayan, la longitud del pelo ser&aacute; la ideal.<\/p>\n","video_content":"","block_picture":24211},{"block_title":"\u00bfCrecer\u00e1 m\u00e1s grueso el vello despu\u00e9s de la cera?","block_content":"<p>El pelo puede parecer m&aacute;s grueso cuando vuelve a crecer, pero, en realidad, los fol&iacute;culos se van debilitando con el tiempo. Vamos, que el pelo se hace m&aacute;s fino. Para entendernos: es una manera genial de insinuarles que reserven la pr&oacute;xima cita para el mes siguiente. &iquest;Quieres que tu sal&oacute;n triunfe m&aacute;s que la mani Shellac? Reg&iacute;strate en Treatwell y pres&eacute;ntate a los millones de clientes potenciales que reservan online a trav&eacute;s de nuestra plataforma.<\/p>\n","video_content":"","block_picture":24212}]},"yoast_head":"<!-- This site is optimized with the Yoast SEO plugin v27.5 - https:\/\/yoast.com\/product\/yoast-seo-wordpress\/ -->\n<title>Depilaci\u00f3n con cera para hombres: gu\u00eda esencial | Treatwell<\/title>\n<meta name=\"description\" content=\"Descubre todo sobre depilaci\u00f3n con cera para hombres: dolor, vestir, higiene y consejos clave. An\u00edmate a reservar en Treatwell con informaci\u00f3n clara y \u00fatil.\" \/>\n<meta name=\"robots\" content=\"index, follow, max-snippet:-1, max-image-preview:large, max-video-preview:-1\" \/>\n<link rel=\"canonical\" href=\"https:\/\/www.treatwell.es/in-the-glow\/las-5-cosas-que-los-hombres-que-se-van-a-depilar-con-cera-no-se-atreven-a-preguntar\/\" \/>\n<meta property=\"og:locale\" content=\"es_ES\" \/>\n<meta property=\"og:type\" content=\"article\" \/>\n<meta property=\"og:title\" content=\"Depilaci\u00f3n con cera para hombres: gu\u00eda esencial | Treatwell\" \/>\n<meta property=\"og:description\" content=\"Descubre todo sobre depilaci\u00f3n con cera para hombres: dolor, vestir, higiene y consejos clave. An\u00edmate a reservar en Treatwell con informaci\u00f3n clara y \u00fatil.\" \/>\n<meta property=\"og:url\" content=\"https:\/\/www.treatwell.es/in-the-glow\/las-5-cosas-que-los-hombres-que-se-van-a-depilar-con-cera-no-se-atreven-a-preguntar\/\" \/>\n<meta property=\"og:site_name\" content=\"In The Glow\" \/>\n<meta property=\"article:published_time\" content=\"2017-04-20T12:14:07+00:00\" \/>\n<meta property=\"article:modified_time\" content=\"2025-12-16T11:35:46+00:00\" \/>\n<meta property=\"og:image\" content=\"https:\/\/www.treatwell.es/in-the-glow\/wp-content\/uploads\/sites\/10\/2022\/03\/8.4.png\" \/>\n\t<meta property=\"og:image:width\" content=\"500\" \/>\n\t<meta property=\"og:image:height\" content=\"500\" \/>\n\t<meta property=\"og:image:type\" content=\"image\/png\" \/>\n<meta name=\"twitter:card\" content=\"summary_large_image\" \/>\n<meta name=\"twitter:label1\" content=\"Escrito por\" \/>\n\t<meta name=\"twitter:data1\" content=\"\" \/>\n\t<meta name=\"twitter:label2\" content=\"Tiempo de lectura\" \/>\n\t<meta name=\"twitter:data2\" content=\"2 minutos\" \/>\n<script type=\"application\/ld+json\" class=\"yoast-schema-graph\">{\"@context\":\"https:\\\/\\\/schema.org\",\"@graph\":[{\"@type\":\"Article\",\"@id\":\"https:\\\/\\\/www.treatwell.es/in-the-glow\\\/las-5-cosas-que-los-hombres-que-se-van-a-depilar-con-cera-no-se-atreven-a-preguntar\\\/#article\",\"isPartOf\":{\"@id\":\"https:\\\/\\\/www.treatwell.es/in-the-glow\\\/las-5-cosas-que-los-hombres-que-se-van-a-depilar-con-cera-no-se-atreven-a-preguntar\\\/\"},\"author\":{\"name\":\"\",\"@id\":\"\"},\"headline\":\"Las 5 cosas que los hombres que se van a depilar con cera no se atreven a preguntar\",\"datePublished\":\"2017-04-20T12:14:07+00:00\",\"dateModified\":\"2025-12-16T11:35:46+00:00\",\"mainEntityOfPage\":{\"@id\":\"https:\\\/\\\/www.treatwell.es/in-the-glow\\\/las-5-cosas-que-los-hombres-que-se-van-a-depilar-con-cera-no-se-atreven-a-preguntar\\\/\"},\"wordCount\":343,\"publisher\":{\"@id\":\"https:\\\/\\\/www.treatwell.es/in-the-glow\\\/#organization\"},\"image\":{\"@id\":\"https:\\\/\\\/www.treatwell.es/in-the-glow\\\/las-5-cosas-que-los-hombres-que-se-van-a-depilar-con-cera-no-se-atreven-a-preguntar\\\/#primaryimage\"},\"thumbnailUrl\":\"https:\\\/\\\/www.treatwell.es/in-the-glow\\\/wp-content\\\/uploads\\\/sites\\\/10\\\/2022\\\/03\\\/8.4.png\",\"keywords\":[\"Beauty Salon\",\"Waxing\"],\"articleSection\":[\"Beauty\"],\"inLanguage\":\"es\"},{\"@type\":\"WebPage\",\"@id\":\"https:\\\/\\\/www.treatwell.es/in-the-glow\\\/las-5-cosas-que-los-hombres-que-se-van-a-depilar-con-cera-no-se-atreven-a-preguntar\\\/\",\"url\":\"https:\\\/\\\/www.treatwell.es/in-the-glow\\\/las-5-cosas-que-los-hombres-que-se-van-a-depilar-con-cera-no-se-atreven-a-preguntar\\\/\",\"name\":\"Depilaci\u00f3n con cera para hombres: gu\u00eda esencial | Treatwell\",\"isPartOf\":{\"@id\":\"https:\\\/\\\/www.treatwell.es/in-the-glow\\\/#website\"},\"primaryImageOfPage\":{\"@id\":\"https:\\\/\\\/www.treatwell.es/in-the-glow\\\/las-5-cosas-que-los-hombres-que-se-van-a-depilar-con-cera-no-se-atreven-a-preguntar\\\/#primaryimage\"},\"image\":{\"@id\":\"https:\\\/\\\/www.treatwell.es/in-the-glow\\\/las-5-cosas-que-los-hombres-que-se-van-a-depilar-con-cera-no-se-atreven-a-preguntar\\\/#primaryimage\"},\"thumbnailUrl\":\"https:\\\/\\\/www.treatwell.es/in-the-glow\\\/wp-content\\\/uploads\\\/sites\\\/10\\\/2022\\\/03\\\/8.4.png\",\"datePublished\":\"2017-04-20T12:14:07+00:00\",\"dateModified\":\"2025-12-16T11:35:46+00:00\",\"description\":\"Descubre todo sobre depilaci\u00f3n con cera para hombres: dolor, vestir, higiene y consejos clave. An\u00edmate a reservar en Treatwell con informaci\u00f3n clara y \u00fatil.\",\"breadcrumb\":{\"@id\":\"https:\\\/\\\/www.treatwell.es/in-the-glow\\\/las-5-cosas-que-los-hombres-que-se-van-a-depilar-con-cera-no-se-atreven-a-preguntar\\\/#breadcrumb\"},\"inLanguage\":\"es\",\"potentialAction\":[{\"@type\":\"ReadAction\",\"target\":[\"https:\\\/\\\/www.treatwell.es/in-the-glow\\\/las-5-cosas-que-los-hombres-que-se-van-a-depilar-con-cera-no-se-atreven-a-preguntar\\\/\"]}]},{\"@type\":\"ImageObject\",\"inLanguage\":\"es\",\"@id\":\"https:\\\/\\\/www.treatwell.es/in-the-glow\\\/las-5-cosas-que-los-hombres-que-se-van-a-depilar-con-cera-no-se-atreven-a-preguntar\\\/#primaryimage\",\"url\":\"https:\\\/\\\/www.treatwell.es/in-the-glow\\\/wp-content\\\/uploads\\\/sites\\\/10\\\/2022\\\/03\\\/8.4.png\",\"contentUrl\":\"https:\\\/\\\/www.treatwell.es/in-the-glow\\\/wp-content\\\/uploads\\\/sites\\\/10\\\/2022\\\/03\\\/8.4.png\",\"width\":500,\"height\":500},{\"@type\":\"BreadcrumbList\",\"@id\":\"https:\\\/\\\/www.treatwell.es/in-the-glow\\\/las-5-cosas-que-los-hombres-que-se-van-a-depilar-con-cera-no-se-atreven-a-preguntar\\\/#breadcrumb\",\"itemListElement\":[{\"@type\":\"ListItem\",\"position\":1,\"name\":\"Home\",\"item\":\"https:\\\/\\\/www.treatwell.es/in-the-glow\\\/\"},{\"@type\":\"ListItem\",\"position\":2,\"name\":\"Beauty\",\"item\":\"https:\\\/\\\/www.treatwell.es/in-the-glow\\\/beauty\\\/\"},{\"@type\":\"ListItem\",\"position\":3,\"name\":\"Las 5 cosas que los hombres que se van a depilar con cera no se atreven a preguntar\"}]},{\"@type\":\"WebSite\",\"@id\":\"https:\\\/\\\/www.treatwell.es/in-the-glow\\\/#website\",\"url\":\"https:\\\/\\\/www.treatwell.es/in-the-glow\\\/\",\"name\":\"In The Glow\",\"description\":\"Belleza. Pelo. Lifestyle.\",\"publisher\":{\"@id\":\"https:\\\/\\\/www.treatwell.es/in-the-glow\\\/#organization\"},\"potentialAction\":[{\"@type\":\"SearchAction\",\"target\":{\"@type\":\"EntryPoint\",\"urlTemplate\":\"https:\\\/\\\/www.treatwell.es/in-the-glow\\\/?s={search_term_string}\"},\"query-input\":{\"@type\":\"PropertyValueSpecification\",\"valueRequired\":true,\"valueName\":\"search_term_string\"}}],\"inLanguage\":\"es\"},{\"@type\":\"Organization\",\"@id\":\"https:\\\/\\\/www.treatwell.es/in-the-glow\\\/#organization\",\"name\":\"Treatwell\",\"url\":\"https:\\\/\\\/www.treatwell.es/in-the-glow\\\/\",\"logo\":{\"@type\":\"ImageObject\",\"inLanguage\":\"es\",\"@id\":\"https:\\\/\\\/www.treatwell.es/in-the-glow\\\/#\\\/schema\\\/logo\\\/image\\\/\",\"url\":\"https:\\\/\\\/www.treatwell.es/in-the-glow\\\/wp-content\\\/uploads\\\/sites\\\/10\\\/2022\\\/03\\\/logo_treatwell.png\",\"contentUrl\":\"https:\\\/\\\/www.treatwell.es/in-the-glow\\\/wp-content\\\/uploads\\\/sites\\\/10\\\/2022\\\/03\\\/logo_treatwell.png\",\"width\":889,\"height\":164,\"caption\":\"Treatwell\"},\"image\":{\"@id\":\"https:\\\/\\\/www.treatwell.es/in-the-glow\\\/#\\\/schema\\\/logo\\\/image\\\/\"}},{\"@type\":\"Person\",\"@id\":\"\",\"url\":\"https:\\\/\\\/www.treatwell.es/in-the-glow\\\/author\\\/\"}]}<\/script>\n<!-- \/ Yoast SEO plugin. -->","yoast_head_json":{"title":"Depilaci\u00f3n con cera para hombres: gu\u00eda esencial | Treatwell","description":"Descubre todo sobre depilaci\u00f3n con cera para hombres: dolor, vestir, higiene y consejos clave. An\u00edmate a reservar en Treatwell con informaci\u00f3n clara y \u00fatil.","robots":{"index":"index","follow":"follow","max-snippet":"max-snippet:-1","max-image-preview":"max-image-preview:large","max-video-preview":"max-video-preview:-1"},"canonical":"https:\/\/www.treatwell.es/in-the-glow\/las-5-cosas-que-los-hombres-que-se-van-a-depilar-con-cera-no-se-atreven-a-preguntar\/","og_locale":"es_ES","og_type":"article","og_title":"Depilaci\u00f3n con cera para hombres: gu\u00eda esencial | Treatwell","og_description":"Descubre todo sobre depilaci\u00f3n con cera para hombres: dolor, vestir, higiene y consejos clave. An\u00edmate a reservar en Treatwell con informaci\u00f3n clara y \u00fatil.","og_url":"https:\/\/www.treatwell.es/in-the-glow\/las-5-cosas-que-los-hombres-que-se-van-a-depilar-con-cera-no-se-atreven-a-preguntar\/","og_site_name":"In The Glow","article_published_time":"2017-04-20T12:14:07+00:00","article_modified_time":"2025-12-16T11:35:46+00:00","og_image":[{"width":500,"height":500,"url":"https:\/\/www.treatwell.es/in-the-glow\/wp-content\/uploads\/sites\/10\/2022\/03\/8.4.png","type":"image\/png"}],"twitter_card":"summary_large_image","twitter_misc":{"Escrito por":"","Tiempo de lectura":"2 minutos"},"schema":{"@context":"https:\/\/schema.org","@graph":[{"@type":"Article","@id":"https:\/\/www.treatwell.es/in-the-glow\/las-5-cosas-que-los-hombres-que-se-van-a-depilar-con-cera-no-se-atreven-a-preguntar\/#article","isPartOf":{"@id":"https:\/\/www.treatwell.es/in-the-glow\/las-5-cosas-que-los-hombres-que-se-van-a-depilar-con-cera-no-se-atreven-a-preguntar\/"},"author":{"name":"","@id":""},"headline":"Las 5 cosas que los hombres que se van a depilar con cera no se atreven a preguntar","datePublished":"2017-04-20T12:14:07+00:00","dateModified":"2025-12-16T11:35:46+00:00","mainEntityOfPage":{"@id":"https:\/\/www.treatwell.es/in-the-glow\/las-5-cosas-que-los-hombres-que-se-van-a-depilar-con-cera-no-se-atreven-a-preguntar\/"},"wordCount":343,"publisher":{"@id":"https:\/\/www.treatwell.es/in-the-glow\/#organization"},"image":{"@id":"https:\/\/www.treatwell.es/in-the-glow\/las-5-cosas-que-los-hombres-que-se-van-a-depilar-con-cera-no-se-atreven-a-preguntar\/#primaryimage"},"thumbnailUrl":"https:\/\/www.treatwell.es/in-the-glow\/wp-content\/uploads\/sites\/10\/2022\/03\/8.4.png","keywords":["Beauty Salon","Waxing"],"articleSection":["Beauty"],"inLanguage":"es"},{"@type":"WebPage","@id":"https:\/\/www.treatwell.es/in-the-glow\/las-5-cosas-que-los-hombres-que-se-van-a-depilar-con-cera-no-se-atreven-a-preguntar\/","url":"https:\/\/www.treatwell.es/in-the-glow\/las-5-cosas-que-los-hombres-que-se-van-a-depilar-con-cera-no-se-atreven-a-preguntar\/","name":"Depilaci\u00f3n con cera para hombres: gu\u00eda esencial | Treatwell","isPartOf":{"@id":"https:\/\/www.treatwell.es/in-the-glow\/#website"},"primaryImageOfPage":{"@id":"https:\/\/www.treatwell.es/in-the-glow\/las-5-cosas-que-los-hombres-que-se-van-a-depilar-con-cera-no-se-atreven-a-preguntar\/#primaryimage"},"image":{"@id":"https:\/\/www.treatwell.es/in-the-glow\/las-5-cosas-que-los-hombres-que-se-van-a-depilar-con-cera-no-se-atreven-a-preguntar\/#primaryimage"},"thumbnailUrl":"https:\/\/www.treatwell.es/in-the-glow\/wp-content\/uploads\/sites\/10\/2022\/03\/8.4.png","datePublished":"2017-04-20T12:14:07+00:00","dateModified":"2025-12-16T11:35:46+00:00","description":"Descubre todo sobre depilaci\u00f3n con cera para hombres: dolor, vestir, higiene y consejos clave. An\u00edmate a reservar en Treatwell con informaci\u00f3n clara y \u00fatil.","breadcrumb":{"@id":"https:\/\/www.treatwell.es/in-the-glow\/las-5-cosas-que-los-hombres-que-se-van-a-depilar-con-cera-no-se-atreven-a-preguntar\/#breadcrumb"},"inLanguage":"es","potentialAction":[{"@type":"ReadAction","target":["https:\/\/www.treatwell.es/in-the-glow\/las-5-cosas-que-los-hombres-que-se-van-a-depilar-con-cera-no-se-atreven-a-preguntar\/"]}]},{"@type":"ImageObject","inLanguage":"es","@id":"https:\/\/www.treatwell.es/in-the-glow\/las-5-cosas-que-los-hombres-que-se-van-a-depilar-con-cera-no-se-atreven-a-preguntar\/#primaryimage","url":"https:\/\/www.treatwell.es/in-the-glow\/wp-content\/uploads\/sites\/10\/2022\/03\/8.4.png","contentUrl":"https:\/\/www.treatwell.es/in-the-glow\/wp-content\/uploads\/sites\/10\/2022\/03\/8.4.png","width":500,"height":500},{"@type":"BreadcrumbList","@id":"https:\/\/www.treatwell.es/in-the-glow\/las-5-cosas-que-los-hombres-que-se-van-a-depilar-con-cera-no-se-atreven-a-preguntar\/#breadcrumb","itemListElement":[{"@type":"ListItem","position":1,"name":"Home","item":"https:\/\/www.treatwell.es/in-the-glow\/"},{"@type":"ListItem","position":2,"name":"Beauty","item":"https:\/\/www.treatwell.es/in-the-glow\/beauty\/"},{"@type":"ListItem","position":3,"name":"Las 5 cosas que los hombres que se van a depilar con cera no se atreven a preguntar"}]},{"@type":"WebSite","@id":"https:\/\/www.treatwell.es/in-the-glow\/#website","url":"https:\/\/www.treatwell.es/in-the-glow\/","name":"In The Glow","description":"Belleza. Pelo. Lifestyle.","publisher":{"@id":"https:\/\/www.treatwell.es/in-the-glow\/#organization"},"potentialAction":[{"@type":"SearchAction","target":{"@type":"EntryPoint","urlTemplate":"https:\/\/www.treatwell.es/in-the-glow\/?s={search_term_string}"},"query-input":{"@type":"PropertyValueSpecification","valueRequired":true,"valueName":"search_term_string"}}],"inLanguage":"es"},{"@type":"Organization","@id":"https:\/\/www.treatwell.es/in-the-glow\/#organization","name":"Treatwell","url":"https:\/\/www.treatwell.es/in-the-glow\/","logo":{"@type":"ImageObject","inLanguage":"es","@id":"https:\/\/www.treatwell.es/in-the-glow\/#\/schema\/logo\/image\/","url":"https:\/\/www.treatwell.es/in-the-glow\/wp-content\/uploads\/sites\/10\/2022\/03\/logo_treatwell.png","contentUrl":"https:\/\/www.treatwell.es/in-the-glow\/wp-content\/uploads\/sites\/10\/2022\/03\/logo_treatwell.png","width":889,"height":164,"caption":"Treatwell"},"image":{"@id":"https:\/\/www.treatwell.es/in-the-glow\/#\/schema\/logo\/image\/"}},{"@type":"Person","@id":"","url":"https:\/\/www.treatwell.es/in-the-glow\/author\/"}]}},"featured_image_src":"https:\/\/www.treatwell.es/in-the-glow\/wp-content\/uploads\/sites\/10\/2022\/03\/8.4-500x400.png","featured_image_src_square":"https:\/\/www.treatwell.es/in-the-glow\/wp-content\/uploads\/sites\/10\/2022\/03\/8.4.png","author_info":{"display_name":"","author_link":"https:\/\/www.treatwell.es/in-the-glow\/author\/"},"_links":{"self":[{"href":"https:\/\/www.treatwell.es\/in-the-glow\/wp-json\/wp\/v2\/posts\/24207","targetHints":{"allow":["GET"]}}],"collection":[{"href":"https:\/\/www.treatwell.es\/in-the-glow\/wp-json\/wp\/v2\/posts"}],"about":[{"href":"https:\/\/www.treatwell.es\/in-the-glow\/wp-json\/wp\/v2\/types\/post"}],"author":[{"embeddable":true,"href":"https:\/\/www.treatwell.es\/in-the-glow\/wp-json\/wp\/v2\/users\/3319"}],"replies":[{"embeddable":true,"href":"https:\/\/www.treatwell.es\/in-the-glow\/wp-json\/wp\/v2\/comments?post=24207"}],"version-history":[{"count":0,"href":"https:\/\/www.treatwell.es\/in-the-glow\/wp-json\/wp\/v2\/posts\/24207\/revisions"}],"wp:featuredmedia":[{"embeddable":true,"href":"https:\/\/www.treatwell.es\/in-the-glow\/wp-json\/wp\/v2\/media\/24214"}],"wp:attachment":[{"href":"https:\/\/www.treatwell.es\/in-the-glow\/wp-json\/wp\/v2\/media?parent=24207"}],"wp:term":[{"taxonomy":"category","embeddable":true,"href":"https:\/\/www.treatwell.es\/in-the-glow\/wp-json\/wp\/v2\/categories?post=24207"},{"taxonomy":"post_tag","embeddable":true,"href":"https:\/\/www.treatwell.es\/in-the-glow\/wp-json\/wp\/v2\/tags?post=24207"}],"curies":[{"name":"wp","href":"https:\/\/api.w.org\/{rel}","templated":true}]}}