{"id":24537,"date":"2017-08-22T09:00:18","date_gmt":"2017-08-22T07:00:18","guid":{"rendered":"https:\/\/www.treatwell.es\/in-the-glow\/?p=8287"},"modified":"2025-12-16T12:35:47","modified_gmt":"2025-12-16T11:35:47","slug":"5-tratamientos-capilares","status":"publish","type":"post","link":"https:\/\/www.treatwell.es/in-the-glow\/5-tratamientos-capilares\/","title":{"rendered":"5 tratamientos capilares perfectos para la vuelta de vacaciones"},"content":{"rendered":"<p>\u00bfEl color de tu pelo ha cambiado? \u00bfTus puntas est\u00e1n abiertas y el pelo se ve reseco? \u00bfQuieres cortar por lo sano? <strong>Si es as\u00ed, necesitar\u00e1s un programa capilar de urgencia a la vuelta de las vacaciones&#8230;<\/strong><\/p>\n<p>El pelo es una de las partes que m\u00e1s sufre los efectos del verano, y solemos darnos cuenta a medida que vamos volviendo a nuestra rutina diaria. El sol, el salitre y el cloro, modifican la estructura de la fibra capilar. Por esta raz\u00f3n\u00a0el cabello se\u00a0debilita, se deshidrata y se empiezan a abrir las puntas. Adem\u00e1s, si llevas alg\u00fan tipo de coloraci\u00f3n, suele haber\u00a0cambios en la pigmentaci\u00f3n\u00a0habitual del pelo.<\/p>\n<p>El cabello necesita recuperarse del verano y ponerse a punto ante\u00a0la nueva temporada. Prep\u00e1rate para la rentr\u00e9e con un programa de belleza, \u00a1sin olvidar el pelazo!<\/p>\n<p>Te ofrecemos los tratamientos capilares m\u00e1s <em>top<\/em> para la vuelta del verano. <strong>\u00a1Melenas al poder!<\/strong><\/p>\n<p>Por Gina Sol\u00e9<\/p>\n<p>&nbsp;<\/p>\n<p>&nbsp;<\/p>\n<p>&nbsp;<\/p>\n<p>&nbsp;<\/p>\n<p>&nbsp;<\/p>\n<div class=\"schema-faq wp-block-yoast-faq-block\">\n<div class=\"schema-faq-section\" id=\"faq-question-1765884521151\">\n<h3 class=\"schema-faq-question\">\u00bfQu\u00e9 tratamiento capilar es ideal si tienes el cabello apagado y sin volumen?<\/h3>\n<p class=\"schema-faq-answer\">El tratamiento detox es perfecto para cabellos apagados y sin volumen, especialmente si notas exceso de grasa o falta de brillo. El procedimiento suele incluir un peeling del cuero cabelludo para eliminar c\u00e9lulas muertas y regenerar la fibra capilar, devolviendo vitalidad y brillo natural.<\/div>\n<div class=\"schema-faq-section\" id=\"faq-question-1765884521152\">\n<h3 class=\"schema-faq-question\">\u00bfC\u00f3mo ayuda el tratamiento de queratina a recuperar el cabello tras el verano?<\/h3>\n<p class=\"schema-faq-answer\">El tratamiento de queratina repara la estructura capilar, elimina el encrespamiento y recupera el brillo perdido por el sol, salitre y cloro. Puedes elegir entre tratamiento con formol o sin formol, consiguiendo una melena m\u00e1s saludable y manejable.<\/div>\n<div class=\"schema-faq-section\" id=\"faq-question-1765884521153\">\n<h3 class=\"schema-faq-question\">\u00bfCu\u00e1les son los beneficios del tratamiento Olaplex para el cabello da\u00f1ado?<\/h3>\n<p class=\"schema-faq-answer\">Olaplex es un reparador profundo y permanente que reconstruye la estructura del cabello, evitando la rotura y el quiebre. Es ideal para cabellos decolorados o expuestos a procesos qu\u00edmicos, t\u00e9rmicos o mec\u00e1nicos, proporcionando un &#8220;reset&#8221; y fortaleciendo la melena.<\/div>\n<div class=\"schema-faq-section\" id=\"faq-question-1765884521154\">\n<h3 class=\"schema-faq-question\">\u00bfQu\u00e9 resultados puedes esperar del tratamiento de \u00e1cido hialur\u00f3nico para el pelo?<\/h3>\n<p class=\"schema-faq-answer\">El tratamiento de \u00e1cido hialur\u00f3nico hidrata, nutre y engrosa la estructura capilar, consiguiendo un cabello suave, sedoso y f\u00e1cil de peinar. Adem\u00e1s, protege los fol\u00edculos y simplifica el peinado diario, reduciendo tirones y da\u00f1os en el cuero cabelludo.<\/div>\n<div class=\"schema-faq-section\" id=\"faq-question-1765884521155\">\n<h3 class=\"schema-faq-question\">\u00bfPor qu\u00e9 elegir un lifting capilar para recuperar el cabello tras las vacaciones?<\/h3>\n<p class=\"schema-faq-answer\">El lifting capilar ofrece una reparaci\u00f3n intensa y densificaci\u00f3n del cabello con efecto antiage, ideal si buscas resultados r\u00e1pidos tras el verano. Este tratamiento proporciona efecto &#8220;memoria&#8221;, haciendo que tus peinados duren m\u00e1s tiempo y dejando tu pelo impecable desde la primera sesi\u00f3n.<\/div>\n<\/p><\/div>\n","protected":false},"excerpt":{"rendered":"<p>\u00bfEl color de tu pelo ha cambiado? \u00bfTus puntas est\u00e1n abiertas y el pelo se ve reseco? \u00bfQuieres cortar por lo sano? Si es as\u00ed, necesitar\u00e1s un programa capilar de urgencia a la vuelta de las vacaciones&#8230; El pelo es una de las partes que m\u00e1s sufre los efectos del verano, y solemos darnos cuenta [&hellip;]<\/p>\n","protected":false},"author":3290,"featured_media":24544,"comment_status":"closed","ping_status":"closed","sticky":false,"template":"","format":"standard","meta":{"_acf_changed":false,"_yoast_wpseo_title":"Tratamientos capilares: recupera tu melena tras el verano","_yoast_wpseo_metadesc":"Repara tu cabello tras el verano con los mejores tratamientos capilares: detox, queratina, Olaplex, \u00e1cido hialur\u00f3nico y lifting capilar. Descubre beneficios y reserva.","_genesis_hide_title":false,"_genesis_hide_breadcrumbs":false,"_genesis_hide_singular_image":false,"_genesis_hide_footer_widgets":false,"_genesis_custom_body_class":"","_genesis_custom_post_class":"","_genesis_layout":"","saswp_custom_schema_field":"{\"@context\":\"https:\/\/schema.org\",\"@type\":\"FAQPage\",\"mainEntity\":[{\"@type\":\"Question\",\"name\":\"\u00bfQu\u00e9 tratamiento capilar es ideal si tienes el cabello apagado y sin volumen?\",\"acceptedAnswer\":{\"@type\":\"Answer\",\"text\":\"El tratamiento detox es perfecto para cabellos apagados y sin volumen, especialmente si notas exceso de grasa o falta de brillo. El procedimiento suele incluir un peeling del cuero cabelludo para eliminar c\u00e9lulas muertas y regenerar la fibra capilar, devolviendo vitalidad y brillo natural.\"}},{\"@type\":\"Question\",\"name\":\"\u00bfC\u00f3mo ayuda el tratamiento de queratina a recuperar el cabello tras el verano?\",\"acceptedAnswer\":{\"@type\":\"Answer\",\"text\":\"El tratamiento de queratina repara la estructura capilar, elimina el encrespamiento y recupera el brillo perdido por el sol, salitre y cloro. Puedes elegir entre tratamiento con formol o sin formol, consiguiendo una melena m\u00e1s saludable y manejable.\"}},{\"@type\":\"Question\",\"name\":\"\u00bfCu\u00e1les son los beneficios del tratamiento Olaplex para el cabello da\u00f1ado?\",\"acceptedAnswer\":{\"@type\":\"Answer\",\"text\":\"Olaplex es un reparador profundo y permanente que reconstruye la estructura del cabello, evitando la rotura y el quiebre. Es ideal para cabellos decolorados o expuestos a procesos qu\u00edmicos, t\u00e9rmicos o mec\u00e1nicos, proporcionando un \\\"reset\\\" y fortaleciendo la melena.\"}},{\"@type\":\"Question\",\"name\":\"\u00bfQu\u00e9 resultados puedes esperar del tratamiento de \u00e1cido hialur\u00f3nico para el pelo?\",\"acceptedAnswer\":{\"@type\":\"Answer\",\"text\":\"El tratamiento de \u00e1cido hialur\u00f3nico hidrata, nutre y engrosa la estructura capilar, consiguiendo un cabello suave, sedoso y f\u00e1cil de peinar. Adem\u00e1s, protege los fol\u00edculos y simplifica el peinado diario, reduciendo tirones y da\u00f1os en el cuero cabelludo.\"}},{\"@type\":\"Question\",\"name\":\"\u00bfPor qu\u00e9 elegir un lifting capilar para recuperar el cabello tras las vacaciones?\",\"acceptedAnswer\":{\"@type\":\"Answer\",\"text\":\"El lifting capilar ofrece una reparaci\u00f3n intensa y densificaci\u00f3n del cabello con efecto antiage, ideal si buscas resultados r\u00e1pidos tras el verano. Este tratamiento proporciona efecto \\\"memoria\\\", haciendo que tus peinados duren m\u00e1s tiempo y dejando tu pelo impecable desde la primera sesi\u00f3n.\"}}]}","footnotes":""},"categories":[4],"tags":[27,48,78,49,79,47,10,56],"class_list":{"0":"post-24537","1":"post","2":"type-post","3":"status-publish","4":"format-standard","5":"has-post-thumbnail","7":"category-beauty","8":"tag-tt6","9":"tag-tr273","10":"tag-tr485","11":"tag-tr484","12":"tag-tr732","13":"tag-tr721","14":"tag-tr166","15":"tag-tr716","16":"entry"},"acf":{"post_credits":"Cr\u00e9ditos de las im\u00e1genes: Stocksy","beauty_blog_post_button_title":"","beauty_blog_post_button":"","landscape_picture":24543,"blocks":[{"block_title":"Tratamiento Detox","block_content":"<p>Indicado para cabellos apagados y sin volumen, con falta de brillo o exceso de grasa. Debido al uso excesivo de la qu&iacute;mica en los productos derivados del petr&oacute;leo y las siliconas, el pelo se intoxica, como nuestro cuerpo.<\/p>\n\n<p>El procedimiento suele incluir un <em>peeling<\/em> del cuero cabelludo, para eliminar c&eacute;lulas muertas y permitir la regeneraci&oacute;n. Esto hace que el pelo vuelva a cobrar vida y lucir brillante. &iexcl;Prueba un<a href=\"https:\/\/www.treatwell.es\/establecimientos\/servicios-grupo-pelo\/oferta-tipo-local\/en-es\/comprar-como-reserva\/disponible-el-1-september-2017\/\"> tratamiento detox<\/a> en tu centro m&aacute;s cercano!<\/p>\n","video_content":"","block_picture":24538},{"block_title":"Tratamiento de queratina","block_content":"<p>El <a href=\"https:\/\/www.treatwell.es\/establecimientos\/tratamiento-alisado-de-keratina-mujer\/oferta-tipo-local\/en-es\/comprar-como-reserva\/disponible-el-1-september-2017\/\">tratamiento de queratina<\/a> es originario de Brasil y es de los m&aacute;s demandados en peluquer&iacute;as y salones de belleza. Se trata de un tratamiento reparador de la estructura del cabello:&nbsp;elimina el encrespamiento y recupera su brillo. Con los excesos y la exposici&oacute;n solar, se pierde la queratina natural de nuestro pelo obteniendo como resultado un cabello apagado y desnutrido. Existen dos&nbsp;tipos de tratamientos de queratina para el pelo:&nbsp;tratamiento con formol o sin formol.&nbsp;<\/p>\n\n<p>A diferencia del alisado japon&eacute;s, que queda el pelo completamente liso; el&nbsp;tratamiento de queratina, repara de manera total el cabello y&nbsp;adem&aacute;s de reducir el encrespamiento y volumen, &iexcl;devuelve salud a la melena!<\/p>\n","video_content":"","block_picture":24539},{"block_title":"Olaplex","block_content":"<p>El tratamiento <a href=\"https:\/\/www.treatwell.es\/establecimientos\/servicios-grupo-pelo\/oferta-tipo-local\/en-es\/comprar-como-reserva\/disponible-el-1-september-2017\/\">Olaplex&nbsp;<\/a>es un reparador profundo y permanente del pelo. Ayuda a evitar la rotura y quiebre del cabello y pretende detener el da&ntilde;o mediante la adici&oacute;n de una sustancia qu&iacute;mica. Es ideal para usar en cabellos decolorados, previamente y despu&eacute;s de la decoloraci&oacute;n.<\/p>\n\n<p><strong>&iquest;Lo mejor? Reconstruye la estructura, la fuerza y la integridad del cabello, proporcionando un efecto de &#039;reset&#039; para el pelo da&ntilde;ado<\/strong>. En cualquier proceso qu&iacute;mico (color, decoloraci&oacute;n, permanentes y&nbsp;alisados), t&eacute;rmico (planchas y&nbsp;tenacillas) o mec&aacute;nico (secador de pelo), en el que cabello sufra alg&uacute;n tipo de da&ntilde;o, aunque sea&nbsp;m&iacute;nimo, Olaplex ayuda a minimizarlos y fortalecer el cabello. &iexcl;Qu&eacute; m&aacute;s se puede pedir!<\/p>\n","video_content":"","block_picture":24540},{"block_title":"Tratamiento de \u00e1cido hialur\u00f3nico","block_content":"<p>El&nbsp;&aacute;cido hialur&oacute;nico para el pelo, mejora la vida de los fol&iacute;culos y fomenta el brillo del cabello de una manera natural. M&aacute;s all&aacute; de proporcionar&nbsp;un alisado duradero, proporciona hidrataci&oacute;n y nutrici&oacute;n.<\/p>\n\n<p>&iquest;Qu&eacute; conseguir&aacute;s? Engrosar la estructura del cabello, evitar da&ntilde;os y roturas. Lo que se traduce en un pelo m&aacute;s suave y sedoso, de f&aacute;cil peinado y sin tirones. El peinado es m&aacute;s sencillo y el cuero cabelludo sufre menos con el cepillado.&nbsp;<\/p>\n\n<p>&iexcl;Obt&eacute;n suavidad, brillo e hidrataci&oacute;n en tu pelo de la manera m&aacute;s f&aacute;cil! <a href=\"https:\/\/www.treatwell.es\/establecimientos\/servicios-grupo-pelo\/oferta-tipo-local\/en-es\/comprar-como-reserva\/disponible-el-1-september-2017\/\">Reserva ahora<\/a><\/p>\n","video_content":"","block_picture":24541},{"block_title":"Lifting capilar","block_content":"<p>El <a href=\"https:\/\/www.treatwell.es\/establecimientos\/servicios-grupo-pelo\/oferta-tipo-local\/en-es\/comprar-como-reserva\/disponible-el-1-september-2017\/\">lifting capilar<\/a> nos promete resultados espectaculares, sobre todo, est&aacute; indicado&nbsp;para las que realmente necesitamos recuperar nuestro cabello en cuanto antes para empezar con la rutina del nuevo curso, y adem&aacute;s, contamos con poco tiempo.&nbsp;<\/p>\n\n<p>Da salida a dos necesidades que la mayor&iacute;a tenemos:&nbsp;<strong>es un tratamiento antiage<\/strong>;&nbsp;hace hincapi&eacute; en la&nbsp;<strong>reparaci&oacute;n y&nbsp;<\/strong>la&nbsp;<strong>densificaci&oacute;n<\/strong>&nbsp;de tu pelo.&nbsp;Es ideal para empezar a cuidar el pelo de manera eficaz.<\/p>\n\n<p>&iquest;Lo mejor?&nbsp;Tiene un efecto &ldquo;memoria&rdquo; que hace que el peinado dure por m&aacute;s tiempo. No te lo pienses y &iexcl;reserva ahora!<\/p>\n","video_content":"","block_picture":24542}]},"yoast_head":"<!-- This site is optimized with the Yoast SEO plugin v27.5 - https:\/\/yoast.com\/product\/yoast-seo-wordpress\/ -->\n<title>Tratamientos capilares: recupera tu melena tras el verano<\/title>\n<meta name=\"description\" content=\"Repara tu cabello tras el verano con los mejores tratamientos capilares: detox, queratina, Olaplex, \u00e1cido hialur\u00f3nico y lifting capilar. Descubre beneficios y reserva.\" \/>\n<meta name=\"robots\" content=\"index, follow, max-snippet:-1, max-image-preview:large, max-video-preview:-1\" \/>\n<link rel=\"canonical\" href=\"https:\/\/www.treatwell.es/in-the-glow\/5-tratamientos-capilares\/\" \/>\n<meta property=\"og:locale\" content=\"es_ES\" \/>\n<meta property=\"og:type\" content=\"article\" \/>\n<meta property=\"og:title\" content=\"Tratamientos capilares: recupera tu melena tras el verano\" \/>\n<meta property=\"og:description\" content=\"Repara tu cabello tras el verano con los mejores tratamientos capilares: detox, queratina, Olaplex, \u00e1cido hialur\u00f3nico y lifting capilar. Descubre beneficios y reserva.\" \/>\n<meta property=\"og:url\" content=\"https:\/\/www.treatwell.es/in-the-glow\/5-tratamientos-capilares\/\" \/>\n<meta property=\"og:site_name\" content=\"In The Glow\" \/>\n<meta property=\"article:published_time\" content=\"2017-08-22T07:00:18+00:00\" \/>\n<meta property=\"article:modified_time\" content=\"2025-12-16T11:35:47+00:00\" \/>\n<meta property=\"og:image\" content=\"https:\/\/www.treatwell.es/in-the-glow\/wp-content\/uploads\/sites\/10\/2022\/03\/Captura-de-pantalla-2017-08-21-a-las-17.22.44.png\" \/>\n\t<meta property=\"og:image:width\" content=\"688\" \/>\n\t<meta property=\"og:image:height\" content=\"522\" \/>\n\t<meta property=\"og:image:type\" content=\"image\/png\" \/>\n<meta name=\"twitter:card\" content=\"summary_large_image\" \/>\n<meta name=\"twitter:label1\" content=\"Escrito por\" \/>\n\t<meta name=\"twitter:data1\" content=\"\" \/>\n\t<meta name=\"twitter:label2\" content=\"Tiempo de lectura\" \/>\n\t<meta name=\"twitter:data2\" content=\"2 minutos\" \/>\n<script type=\"application\/ld+json\" class=\"yoast-schema-graph\">{\"@context\":\"https:\\\/\\\/schema.org\",\"@graph\":[{\"@type\":\"Article\",\"@id\":\"https:\\\/\\\/www.treatwell.es/in-the-glow\\\/5-tratamientos-capilares\\\/#article\",\"isPartOf\":{\"@id\":\"https:\\\/\\\/www.treatwell.es/in-the-glow\\\/5-tratamientos-capilares\\\/\"},\"author\":{\"name\":\"\",\"@id\":\"\"},\"headline\":\"5 tratamientos capilares perfectos para la vuelta de vacaciones\",\"datePublished\":\"2017-08-22T07:00:18+00:00\",\"dateModified\":\"2025-12-16T11:35:47+00:00\",\"mainEntityOfPage\":{\"@id\":\"https:\\\/\\\/www.treatwell.es/in-the-glow\\\/5-tratamientos-capilares\\\/\"},\"wordCount\":462,\"publisher\":{\"@id\":\"https:\\\/\\\/www.treatwell.es/in-the-glow\\\/#organization\"},\"image\":{\"@id\":\"https:\\\/\\\/www.treatwell.es/in-the-glow\\\/5-tratamientos-capilares\\\/#primaryimage\"},\"thumbnailUrl\":\"https:\\\/\\\/www.treatwell.es/in-the-glow\\\/wp-content\\\/uploads\\\/sites\\\/10\\\/2022\\\/03\\\/Captura-de-pantalla-2017-08-21-a-las-17.22.44.png\",\"keywords\":[\"Hair\",\"Hair Colouring and Highlights\",\"Hair Conditioning and Scalp Treatments\",\"Hair Consulting\",\"Hair Salon Extras\",\"Hair Up\",\"Haircuts and Hairdressing\",\"Men's Haircuts and Hairdressing\"],\"articleSection\":[\"Beauty\"],\"inLanguage\":\"es\"},{\"@type\":\"WebPage\",\"@id\":\"https:\\\/\\\/www.treatwell.es/in-the-glow\\\/5-tratamientos-capilares\\\/\",\"url\":\"https:\\\/\\\/www.treatwell.es/in-the-glow\\\/5-tratamientos-capilares\\\/\",\"name\":\"Tratamientos capilares: recupera tu melena tras el verano\",\"isPartOf\":{\"@id\":\"https:\\\/\\\/www.treatwell.es/in-the-glow\\\/#website\"},\"primaryImageOfPage\":{\"@id\":\"https:\\\/\\\/www.treatwell.es/in-the-glow\\\/5-tratamientos-capilares\\\/#primaryimage\"},\"image\":{\"@id\":\"https:\\\/\\\/www.treatwell.es/in-the-glow\\\/5-tratamientos-capilares\\\/#primaryimage\"},\"thumbnailUrl\":\"https:\\\/\\\/www.treatwell.es/in-the-glow\\\/wp-content\\\/uploads\\\/sites\\\/10\\\/2022\\\/03\\\/Captura-de-pantalla-2017-08-21-a-las-17.22.44.png\",\"datePublished\":\"2017-08-22T07:00:18+00:00\",\"dateModified\":\"2025-12-16T11:35:47+00:00\",\"description\":\"Repara tu cabello tras el verano con los mejores tratamientos capilares: detox, queratina, Olaplex, \u00e1cido hialur\u00f3nico y lifting capilar. Descubre beneficios y reserva.\",\"breadcrumb\":{\"@id\":\"https:\\\/\\\/www.treatwell.es/in-the-glow\\\/5-tratamientos-capilares\\\/#breadcrumb\"},\"inLanguage\":\"es\",\"potentialAction\":[{\"@type\":\"ReadAction\",\"target\":[\"https:\\\/\\\/www.treatwell.es/in-the-glow\\\/5-tratamientos-capilares\\\/\"]}]},{\"@type\":\"ImageObject\",\"inLanguage\":\"es\",\"@id\":\"https:\\\/\\\/www.treatwell.es/in-the-glow\\\/5-tratamientos-capilares\\\/#primaryimage\",\"url\":\"https:\\\/\\\/www.treatwell.es/in-the-glow\\\/wp-content\\\/uploads\\\/sites\\\/10\\\/2022\\\/03\\\/Captura-de-pantalla-2017-08-21-a-las-17.22.44.png\",\"contentUrl\":\"https:\\\/\\\/www.treatwell.es/in-the-glow\\\/wp-content\\\/uploads\\\/sites\\\/10\\\/2022\\\/03\\\/Captura-de-pantalla-2017-08-21-a-las-17.22.44.png\",\"width\":688,\"height\":522},{\"@type\":\"BreadcrumbList\",\"@id\":\"https:\\\/\\\/www.treatwell.es/in-the-glow\\\/5-tratamientos-capilares\\\/#breadcrumb\",\"itemListElement\":[{\"@type\":\"ListItem\",\"position\":1,\"name\":\"Home\",\"item\":\"https:\\\/\\\/www.treatwell.es/in-the-glow\\\/\"},{\"@type\":\"ListItem\",\"position\":2,\"name\":\"Beauty\",\"item\":\"https:\\\/\\\/www.treatwell.es/in-the-glow\\\/beauty\\\/\"},{\"@type\":\"ListItem\",\"position\":3,\"name\":\"5 tratamientos capilares perfectos para la vuelta de vacaciones\"}]},{\"@type\":\"WebSite\",\"@id\":\"https:\\\/\\\/www.treatwell.es/in-the-glow\\\/#website\",\"url\":\"https:\\\/\\\/www.treatwell.es/in-the-glow\\\/\",\"name\":\"In The Glow\",\"description\":\"Belleza. Pelo. Lifestyle.\",\"publisher\":{\"@id\":\"https:\\\/\\\/www.treatwell.es/in-the-glow\\\/#organization\"},\"potentialAction\":[{\"@type\":\"SearchAction\",\"target\":{\"@type\":\"EntryPoint\",\"urlTemplate\":\"https:\\\/\\\/www.treatwell.es/in-the-glow\\\/?s={search_term_string}\"},\"query-input\":{\"@type\":\"PropertyValueSpecification\",\"valueRequired\":true,\"valueName\":\"search_term_string\"}}],\"inLanguage\":\"es\"},{\"@type\":\"Organization\",\"@id\":\"https:\\\/\\\/www.treatwell.es/in-the-glow\\\/#organization\",\"name\":\"Treatwell\",\"url\":\"https:\\\/\\\/www.treatwell.es/in-the-glow\\\/\",\"logo\":{\"@type\":\"ImageObject\",\"inLanguage\":\"es\",\"@id\":\"https:\\\/\\\/www.treatwell.es/in-the-glow\\\/#\\\/schema\\\/logo\\\/image\\\/\",\"url\":\"https:\\\/\\\/www.treatwell.es/in-the-glow\\\/wp-content\\\/uploads\\\/sites\\\/10\\\/2022\\\/03\\\/logo_treatwell.png\",\"contentUrl\":\"https:\\\/\\\/www.treatwell.es/in-the-glow\\\/wp-content\\\/uploads\\\/sites\\\/10\\\/2022\\\/03\\\/logo_treatwell.png\",\"width\":889,\"height\":164,\"caption\":\"Treatwell\"},\"image\":{\"@id\":\"https:\\\/\\\/www.treatwell.es/in-the-glow\\\/#\\\/schema\\\/logo\\\/image\\\/\"}},{\"@type\":\"Person\",\"@id\":\"\",\"url\":\"https:\\\/\\\/www.treatwell.es/in-the-glow\\\/author\\\/\"}]}<\/script>\n<!-- \/ Yoast SEO plugin. -->","yoast_head_json":{"title":"Tratamientos capilares: recupera tu melena tras el verano","description":"Repara tu cabello tras el verano con los mejores tratamientos capilares: detox, queratina, Olaplex, \u00e1cido hialur\u00f3nico y lifting capilar. Descubre beneficios y reserva.","robots":{"index":"index","follow":"follow","max-snippet":"max-snippet:-1","max-image-preview":"max-image-preview:large","max-video-preview":"max-video-preview:-1"},"canonical":"https:\/\/www.treatwell.es/in-the-glow\/5-tratamientos-capilares\/","og_locale":"es_ES","og_type":"article","og_title":"Tratamientos capilares: recupera tu melena tras el verano","og_description":"Repara tu cabello tras el verano con los mejores tratamientos capilares: detox, queratina, Olaplex, \u00e1cido hialur\u00f3nico y lifting capilar. Descubre beneficios y reserva.","og_url":"https:\/\/www.treatwell.es/in-the-glow\/5-tratamientos-capilares\/","og_site_name":"In The Glow","article_published_time":"2017-08-22T07:00:18+00:00","article_modified_time":"2025-12-16T11:35:47+00:00","og_image":[{"width":688,"height":522,"url":"https:\/\/www.treatwell.es/in-the-glow\/wp-content\/uploads\/sites\/10\/2022\/03\/Captura-de-pantalla-2017-08-21-a-las-17.22.44.png","type":"image\/png"}],"twitter_card":"summary_large_image","twitter_misc":{"Escrito por":"","Tiempo de lectura":"2 minutos"},"schema":{"@context":"https:\/\/schema.org","@graph":[{"@type":"Article","@id":"https:\/\/www.treatwell.es/in-the-glow\/5-tratamientos-capilares\/#article","isPartOf":{"@id":"https:\/\/www.treatwell.es/in-the-glow\/5-tratamientos-capilares\/"},"author":{"name":"","@id":""},"headline":"5 tratamientos capilares perfectos para la vuelta de vacaciones","datePublished":"2017-08-22T07:00:18+00:00","dateModified":"2025-12-16T11:35:47+00:00","mainEntityOfPage":{"@id":"https:\/\/www.treatwell.es/in-the-glow\/5-tratamientos-capilares\/"},"wordCount":462,"publisher":{"@id":"https:\/\/www.treatwell.es/in-the-glow\/#organization"},"image":{"@id":"https:\/\/www.treatwell.es/in-the-glow\/5-tratamientos-capilares\/#primaryimage"},"thumbnailUrl":"https:\/\/www.treatwell.es/in-the-glow\/wp-content\/uploads\/sites\/10\/2022\/03\/Captura-de-pantalla-2017-08-21-a-las-17.22.44.png","keywords":["Hair","Hair Colouring and Highlights","Hair Conditioning and Scalp Treatments","Hair Consulting","Hair Salon Extras","Hair Up","Haircuts and Hairdressing","Men's Haircuts and Hairdressing"],"articleSection":["Beauty"],"inLanguage":"es"},{"@type":"WebPage","@id":"https:\/\/www.treatwell.es/in-the-glow\/5-tratamientos-capilares\/","url":"https:\/\/www.treatwell.es/in-the-glow\/5-tratamientos-capilares\/","name":"Tratamientos capilares: recupera tu melena tras el verano","isPartOf":{"@id":"https:\/\/www.treatwell.es/in-the-glow\/#website"},"primaryImageOfPage":{"@id":"https:\/\/www.treatwell.es/in-the-glow\/5-tratamientos-capilares\/#primaryimage"},"image":{"@id":"https:\/\/www.treatwell.es/in-the-glow\/5-tratamientos-capilares\/#primaryimage"},"thumbnailUrl":"https:\/\/www.treatwell.es/in-the-glow\/wp-content\/uploads\/sites\/10\/2022\/03\/Captura-de-pantalla-2017-08-21-a-las-17.22.44.png","datePublished":"2017-08-22T07:00:18+00:00","dateModified":"2025-12-16T11:35:47+00:00","description":"Repara tu cabello tras el verano con los mejores tratamientos capilares: detox, queratina, Olaplex, \u00e1cido hialur\u00f3nico y lifting capilar. Descubre beneficios y reserva.","breadcrumb":{"@id":"https:\/\/www.treatwell.es/in-the-glow\/5-tratamientos-capilares\/#breadcrumb"},"inLanguage":"es","potentialAction":[{"@type":"ReadAction","target":["https:\/\/www.treatwell.es/in-the-glow\/5-tratamientos-capilares\/"]}]},{"@type":"ImageObject","inLanguage":"es","@id":"https:\/\/www.treatwell.es/in-the-glow\/5-tratamientos-capilares\/#primaryimage","url":"https:\/\/www.treatwell.es/in-the-glow\/wp-content\/uploads\/sites\/10\/2022\/03\/Captura-de-pantalla-2017-08-21-a-las-17.22.44.png","contentUrl":"https:\/\/www.treatwell.es/in-the-glow\/wp-content\/uploads\/sites\/10\/2022\/03\/Captura-de-pantalla-2017-08-21-a-las-17.22.44.png","width":688,"height":522},{"@type":"BreadcrumbList","@id":"https:\/\/www.treatwell.es/in-the-glow\/5-tratamientos-capilares\/#breadcrumb","itemListElement":[{"@type":"ListItem","position":1,"name":"Home","item":"https:\/\/www.treatwell.es/in-the-glow\/"},{"@type":"ListItem","position":2,"name":"Beauty","item":"https:\/\/www.treatwell.es/in-the-glow\/beauty\/"},{"@type":"ListItem","position":3,"name":"5 tratamientos capilares perfectos para la vuelta de vacaciones"}]},{"@type":"WebSite","@id":"https:\/\/www.treatwell.es/in-the-glow\/#website","url":"https:\/\/www.treatwell.es/in-the-glow\/","name":"In The Glow","description":"Belleza. Pelo. Lifestyle.","publisher":{"@id":"https:\/\/www.treatwell.es/in-the-glow\/#organization"},"potentialAction":[{"@type":"SearchAction","target":{"@type":"EntryPoint","urlTemplate":"https:\/\/www.treatwell.es/in-the-glow\/?s={search_term_string}"},"query-input":{"@type":"PropertyValueSpecification","valueRequired":true,"valueName":"search_term_string"}}],"inLanguage":"es"},{"@type":"Organization","@id":"https:\/\/www.treatwell.es/in-the-glow\/#organization","name":"Treatwell","url":"https:\/\/www.treatwell.es/in-the-glow\/","logo":{"@type":"ImageObject","inLanguage":"es","@id":"https:\/\/www.treatwell.es/in-the-glow\/#\/schema\/logo\/image\/","url":"https:\/\/www.treatwell.es/in-the-glow\/wp-content\/uploads\/sites\/10\/2022\/03\/logo_treatwell.png","contentUrl":"https:\/\/www.treatwell.es/in-the-glow\/wp-content\/uploads\/sites\/10\/2022\/03\/logo_treatwell.png","width":889,"height":164,"caption":"Treatwell"},"image":{"@id":"https:\/\/www.treatwell.es/in-the-glow\/#\/schema\/logo\/image\/"}},{"@type":"Person","@id":"","url":"https:\/\/www.treatwell.es/in-the-glow\/author\/"}]}},"featured_image_src":"https:\/\/www.treatwell.es/in-the-glow\/wp-content\/uploads\/sites\/10\/2022\/03\/Captura-de-pantalla-2017-08-21-a-las-17.22.44-600x400.png","featured_image_src_square":"https:\/\/www.treatwell.es/in-the-glow\/wp-content\/uploads\/sites\/10\/2022\/03\/Captura-de-pantalla-2017-08-21-a-las-17.22.44-600x522.png","author_info":{"display_name":"","author_link":"https:\/\/www.treatwell.es/in-the-glow\/author\/"},"_links":{"self":[{"href":"https:\/\/www.treatwell.es\/in-the-glow\/wp-json\/wp\/v2\/posts\/24537","targetHints":{"allow":["GET"]}}],"collection":[{"href":"https:\/\/www.treatwell.es\/in-the-glow\/wp-json\/wp\/v2\/posts"}],"about":[{"href":"https:\/\/www.treatwell.es\/in-the-glow\/wp-json\/wp\/v2\/types\/post"}],"author":[{"embeddable":true,"href":"https:\/\/www.treatwell.es\/in-the-glow\/wp-json\/wp\/v2\/users\/3290"}],"replies":[{"embeddable":true,"href":"https:\/\/www.treatwell.es\/in-the-glow\/wp-json\/wp\/v2\/comments?post=24537"}],"version-history":[{"count":0,"href":"https:\/\/www.treatwell.es\/in-the-glow\/wp-json\/wp\/v2\/posts\/24537\/revisions"}],"wp:featuredmedia":[{"embeddable":true,"href":"https:\/\/www.treatwell.es\/in-the-glow\/wp-json\/wp\/v2\/media\/24544"}],"wp:attachment":[{"href":"https:\/\/www.treatwell.es\/in-the-glow\/wp-json\/wp\/v2\/media?parent=24537"}],"wp:term":[{"taxonomy":"category","embeddable":true,"href":"https:\/\/www.treatwell.es\/in-the-glow\/wp-json\/wp\/v2\/categories?post=24537"},{"taxonomy":"post_tag","embeddable":true,"href":"https:\/\/www.treatwell.es\/in-the-glow\/wp-json\/wp\/v2\/tags?post=24537"}],"curies":[{"name":"wp","href":"https:\/\/api.w.org\/{rel}","templated":true}]}}