{"id":24545,"date":"2017-09-06T10:00:32","date_gmt":"2017-09-06T08:00:32","guid":{"rendered":"https:\/\/www.treatwell.es\/in-the-glow\/?p=8327"},"modified":"2025-12-16T12:58:16","modified_gmt":"2025-12-16T11:58:16","slug":"el-arte-de-la-barba","status":"publish","type":"post","link":"https:\/\/www.treatwell.es/in-the-glow\/el-arte-de-la-barba\/","title":{"rendered":"Conoce el arte de la barba y sus tendencias"},"content":{"rendered":"<p>Hoy queremos homenajear a las querid\u00edsimas barbas, esas que tienen un\u00a0<em>je ne sais quoi<\/em>\u00a0\u00a1que nos encanta!<\/p>\n<p>Ya sean <strong>barbas de tres d\u00edas<\/strong>, <strong>con perilla<\/strong>, <strong>tipo\u00a0hipster<\/strong>, <strong>con patillas<\/strong>, <strong>poblada y despeinada<\/strong>, <strong>con bigote<\/strong> a lo Freddy Mercury&#8230; <a href=\"https:\/\/www.facebook.com\/treatwelles\/videos\/831277097034913\/\" target=\"_blank\" rel=\"noopener\">Existen mil y una posibilidades<\/a>. \u00a1Y es que la barba habla de ti! Se ha convertido en un complemento clave para los hombres. La barba requiere de <strong>cuidados y personalizaci\u00f3n<\/strong>, tanto si quieres que sea\u00a0vea\u00a0desali\u00f1ada, formal, masculina o rebelde.<\/p>\n<p>Te\u00a0descubrimos una lista de las mejores barber\u00edas de Madrid y Barcelona. \u00a1Esos tesoros escondidos que desear\u00e1s descubrir!<\/p>\n<p>Adem\u00e1s, te dejamos con un repaso de las mejores tendencias en la <a href=\"https:\/\/www.facebook.com\/treatwelles\/videos\/831277097034913\/\" target=\"_blank\" rel=\"noopener\">historia de la\u00a0barba<\/a>,\u00a0desde los a\u00f1os 20 hasta hoy, a<a href=\"https:\/\/www.facebook.com\/treatwelles\/videos\/831277097034913\/\" target=\"_blank\" rel=\"noopener\">qu\u00ed<\/a>.<\/p>\n<p>Y t\u00fa, \u00bfcon cu\u00e1l te quedas? <a href=\"https:\/\/www.treatwell.es\/establecimientos\/tratamiento-afeitado-y-arreglo-de-barba\/oferta-tipo-local\/en-es\/\" target=\"_blank\" rel=\"noopener\">\u00a1Dale rollazo a tu barba con Treatwell!<\/a><\/p>\n<p>Por Gina Sol\u00e9<\/p>\n<div class=\"schema-faq wp-block-yoast-faq-block\">\n<div class=\"schema-faq-section\" id=\"faq-question-1765886256297\">\n<h3 class=\"schema-faq-question\">\u00bfD\u00f3nde encontrar las mejores barber\u00edas en Madrid y Barcelona?<\/h3>\n<p class=\"schema-faq-answer\">Descubre barber\u00edas destacadas como The Men&#8217;s Hair Club, Manuel Aranda Barbershop y La Real Peluquer\u00eda en Madrid, adem\u00e1s de Hair Barber Shop y H\u00e9ctor Carvajal en Barcelona. Estos salones ofrecen servicios personalizados y un ambiente profesional para que tu barba luzca impecable.<\/div>\n<div class=\"schema-faq-section\" id=\"faq-question-1765886256298\">\n<h3 class=\"schema-faq-question\">\u00bfQu\u00e9 estilos de barba se pueden conseguir en estas barber\u00edas?<\/h3>\n<p class=\"schema-faq-answer\">Puedes elegir entre barba de tres d\u00edas, perilla, hipster, con patillas, poblada y despeinada o con bigote. Los profesionales te asesoran seg\u00fan tu rostro y preferencias para crear un estilo \u00fanico y personalizado.<\/div>\n<div class=\"schema-faq-section\" id=\"faq-question-1765886256299\">\n<h3 class=\"schema-faq-question\">\u00bfC\u00f3mo reservar una cita para arreglo de barba?<\/h3>\n<p class=\"schema-faq-answer\">Reserva f\u00e1cilmente tu cita a trav\u00e9s de Treatwell.es seleccionando el sal\u00f3n y el servicio que prefieras. El proceso es sencillo y te permite elegir el horario m\u00e1s conveniente para ti.<\/div>\n<div class=\"schema-faq-section\" id=\"faq-question-1765886256300\">\n<h3 class=\"schema-faq-question\">\u00bfQu\u00e9 servicios ofrecen las barber\u00edas mencionadas?<\/h3>\n<p class=\"schema-faq-answer\">Ofrecen cortes de barba, arreglo de bigote, dise\u00f1o personalizado y tratamientos cl\u00e1sicos de barber\u00eda con un enfoque moderno. Puedes disfrutar de asesoramiento profesional y cuidados adaptados a tu estilo.<\/div>\n<div class=\"schema-faq-section\" id=\"faq-question-1765886256301\">\n<h3 class=\"schema-faq-question\">\u00bfPor qu\u00e9 es importante cuidar la barba profesionalmente?<\/h3>\n<p class=\"schema-faq-answer\">El cuidado profesional garantiza una barba sana, bien definida y acorde a las tendencias. Los salones especializados utilizan productos de calidad y t\u00e9cnicas precisas para que logres el mejor resultado en cada visita.<\/div>\n<\/p><\/div>\n","protected":false},"excerpt":{"rendered":"<p>Hoy queremos homenajear a las querid\u00edsimas barbas, esas que tienen un\u00a0je ne sais quoi\u00a0\u00a1que nos encanta! Ya sean barbas de tres d\u00edas, con perilla, tipo\u00a0hipster, con patillas, poblada y despeinada, con bigote a lo Freddy Mercury&#8230; Existen mil y una posibilidades. \u00a1Y es que la barba habla de ti! Se ha convertido en un complemento [&hellip;]<\/p>\n","protected":false},"author":3290,"featured_media":24553,"comment_status":"closed","ping_status":"closed","sticky":false,"template":"","format":"standard","meta":{"_acf_changed":false,"_yoast_wpseo_title":"Mejores barber\u00edas Madrid y Barcelona: tendencias y cuidado","_yoast_wpseo_metadesc":"Descubre las mejores barber\u00edas en Madrid y Barcelona. Cuida tu barba, sigue las \u00faltimas tendencias y disfruta de servicios expertos para un look masculino perfecto.","_genesis_hide_title":false,"_genesis_hide_breadcrumbs":false,"_genesis_hide_singular_image":false,"_genesis_hide_footer_widgets":false,"_genesis_custom_body_class":"","_genesis_custom_post_class":"","_genesis_layout":"","saswp_custom_schema_field":"{\"@context\":\"https:\/\/schema.org\",\"@type\":\"FAQPage\",\"mainEntity\":[{\"@type\":\"Question\",\"name\":\"\u00bfD\u00f3nde encontrar las mejores barber\u00edas en Madrid y Barcelona?\",\"acceptedAnswer\":{\"@type\":\"Answer\",\"text\":\"Descubre barber\u00edas destacadas como The Men's Hair Club, Manuel Aranda Barbershop y La Real Peluquer\u00eda en Madrid, adem\u00e1s de Hair Barber Shop y H\u00e9ctor Carvajal en Barcelona. Estos salones ofrecen servicios personalizados y un ambiente profesional para que tu barba luzca impecable.\"}},{\"@type\":\"Question\",\"name\":\"\u00bfQu\u00e9 estilos de barba se pueden conseguir en estas barber\u00edas?\",\"acceptedAnswer\":{\"@type\":\"Answer\",\"text\":\"Puedes elegir entre barba de tres d\u00edas, perilla, hipster, con patillas, poblada y despeinada o con bigote. Los profesionales te asesoran seg\u00fan tu rostro y preferencias para crear un estilo \u00fanico y personalizado.\"}},{\"@type\":\"Question\",\"name\":\"\u00bfC\u00f3mo reservar una cita para arreglo de barba?\",\"acceptedAnswer\":{\"@type\":\"Answer\",\"text\":\"Reserva f\u00e1cilmente tu cita a trav\u00e9s de Treatwell.es seleccionando el sal\u00f3n y el servicio que prefieras. El proceso es sencillo y te permite elegir el horario m\u00e1s conveniente para ti.\"}},{\"@type\":\"Question\",\"name\":\"\u00bfQu\u00e9 servicios ofrecen las barber\u00edas mencionadas?\",\"acceptedAnswer\":{\"@type\":\"Answer\",\"text\":\"Ofrecen cortes de barba, arreglo de bigote, dise\u00f1o personalizado y tratamientos cl\u00e1sicos de barber\u00eda con un enfoque moderno. Puedes disfrutar de asesoramiento profesional y cuidados adaptados a tu estilo.\"}},{\"@type\":\"Question\",\"name\":\"\u00bfPor qu\u00e9 es importante cuidar la barba profesionalmente?\",\"acceptedAnswer\":{\"@type\":\"Answer\",\"text\":\"El cuidado profesional garantiza una barba sana, bien definida y acorde a las tendencias. Los salones especializados utilizan productos de calidad y t\u00e9cnicas precisas para que logres el mejor resultado en cada visita.\"}}]}","footnotes":""},"categories":[4,147],"tags":[83,84,85,56,86],"class_list":{"0":"post-24545","1":"post","2":"type-post","3":"status-publish","4":"format-standard","5":"has-post-thumbnail","7":"category-beauty","8":"category-hombres","9":"tag-tr492","10":"tag-tr537","11":"tag-tr731","12":"tag-tr716","13":"tag-tr164","14":"entry"},"acf":{"post_credits":"","beauty_blog_post_button_title":"","beauty_blog_post_button":"","landscape_picture":24552,"blocks":[{"block_title":"The Men's Hair Club, Madrid","block_content":"<p>&iquest;Pensando en un dise&ntilde;o ca&ntilde;ero de barba? En pleno Callao, Madrid, nos encontramos con The Men&#039;s Hair Club, la cumbre de la est&eacute;tica masculina. Este sal&oacute;n cosmopolita y transgresor, marca tendencia en el Madrid de los Austrias, sirviendo como punto de referencia durante d&eacute;cadas en el sector de la belleza y la peluquer&iacute;a para el hombre, a nivel tanto nacional como internacional.<\/p>\n\n<p>&iexcl;Atr&eacute;vete a probar y <a href=\"https:\/\/www.treatwell.es\/establecimiento\/the-men-s-hair-club\/\" target=\"_blank\">reserva ahora<\/a>! Dale un toque din&aacute;mico, fresco y moderno a tu estilo.<\/p>\n","video_content":"","block_picture":24546},{"block_title":"Manuel Aranda Barbershop, Madrid","block_content":"<p>Manuel Aranda Barbershop combina&nbsp;los cl&aacute;sicos servicios de las barber&iacute;as de anta&ntilde;o con las nuevas tendencias, esta barbershop se postula como el epicentro de la moda masculina en Madrid. Explota tu lado m&aacute;s varonil y ad&eacute;ntrate en la moda de los tratamientos de belleza para hombre. Reinventa tu estilo con Manuel Aranda Barbershop en el popular distrito de Chamart&iacute;n.&nbsp;<\/p>\n\n<p>La modernidad no entiende de l&iacute;mites, &iexcl;<a href=\"https:\/\/www.treatwell.es\/establecimiento\/manuel-aranda-barbershop\/\" target=\"_blank\">reserva ahora<\/a>!<\/p>\n","video_content":"","block_picture":24547},{"block_title":"Hair Barber Shop, Barcelona","block_content":"<p><a href=\"https:\/\/www.treatwell.es\/establecimiento\/hair-barber-shop\/\" target=\"_blank\">Hair Barber Shop<\/a> es una barber&iacute;a situada en el barrio Eixample de Barcelona. Este encantador espacio de inspiraci&oacute;n brit&aacute;nica est&aacute; consagrado a la belleza masculina. En &eacute;l cualquier hombre puede disfrutar de todos los servicios cl&aacute;sicos de barber&iacute;a como cortes y cuidados de la barba con un toque moderno. Sus profesionales disfrutan cuidando hasta el &uacute;ltimo detalle para que tu experiencia sea inolvidable.<\/p>\n\n<p><a href=\"https:\/\/www.treatwell.es\/establecimiento\/hair-barber-shop\/\" target=\"_blank\">Reserva ya<\/a> y &iexcl;sorprende con un look con mucho rollo!<\/p>\n","video_content":"","block_picture":24548},{"block_title":"H\u00e9ctor Carvajal, Barcelona","block_content":"<p>Este sal&oacute;n vanguardista situado en el barrio de Sant Gervasi&nbsp;de Barcelona, har&aacute; que tu experiencia sea todo un placer. <a href=\"https:\/\/www.treatwell.es\/establecimiento\/hector-carvajal\/\" target=\"_blank\">H&eacute;ctor Carvajal<\/a> es un reconocido estilista en el mundo de la belleza debido a su profesionalidad y a la calidad de sus servicios, siempre personalizados y enfocados a satisfacer al cliente.&nbsp;<\/p>\n\n<p>Reserva uno de los&nbsp;servicios de barba que ofrece d&aacute;ndole click en <em>&quot;tratamientos para &eacute;l&quot;<\/em>. &iexcl;Pru&eacute;balo!<\/p>\n\n<p>&nbsp;<\/p>\n","video_content":"","block_picture":24549},{"block_title":"La Real Peluquer\u00eda, Madrid","block_content":"<p><a href=\"https:\/\/www.treatwell.es\/establecimiento\/la-real-peluqueria\/\">La Real Peluquer&iacute;a<\/a>, es un sal&oacute;n de nueva generaci&oacute;n de belleza en el barrio de Chamber&iacute; que destaca por su innovaci&oacute;n y trato exclusivo a sus clientes. Cuentan con servicios para &eacute;l y para ella.&nbsp;<\/p>\n\n<p>La profesionalidad, creatividad e ilusi&oacute;n por cuidarte te har&aacute;n descubrir un nuevo mundo de belleza. Descubre su asesoramiento en dise&ntilde;o de barbas. &iexcl;Es &uacute;nico!<\/p>\n","video_content":"","block_picture":24550},{"block_title":"Mayte Esteban Estilistas, Madrid","block_content":"<p>Fiel a su car&aacute;cter transgresor e incendiario, la peluquer&iacute;a <a href=\"https:\/\/www.treatwell.es\/establecimiento\/mayte-esteban-estilistas\/\">Mayte Esteban Estilistas<\/a> da lecciones de estilo a los hombres y mujeres m&aacute;s <em>chic<\/em> de la capital. Su sal&oacute;n en el barrio de Chueca es uno de los lugares m&aacute;s concurridos de Madrid.<\/p>\n\n<p>Encontrar&aacute;s a Borja Martos en la barber&iacute;a y a Mayte a las tijeras y al color. Ambos han crecido en el mundo de la moda y de la belleza bajo la influencia del Londres m&aacute;s underground. El elegante y tradicional <em>british style <\/em>impera en los servicios de caballero.&nbsp;<\/p>\n\n<p>Conoce a estos genios del estilo y apasi&oacute;nate por dise&ntilde;ar tu nuevo <em>look barberil.&nbsp;<\/em>En este peque&ntilde;o sal&oacute;n encontrar&aacute;s moda, tendencia y cuidados para tu cabello. La confianza en las primeras marcas es otro de sus sellos de identidad.&nbsp;<\/p>\n\n<p>&iexcl;Dale rock y estilo a tu barba!<\/p>\n","video_content":"","block_picture":24551}]},"yoast_head":"<!-- This site is optimized with the Yoast SEO plugin v27.5 - https:\/\/yoast.com\/product\/yoast-seo-wordpress\/ -->\n<title>Mejores barber\u00edas Madrid y Barcelona: tendencias y cuidado<\/title>\n<meta name=\"description\" content=\"Descubre las mejores barber\u00edas en Madrid y Barcelona. Cuida tu barba, sigue las \u00faltimas tendencias y disfruta de servicios expertos para un look masculino perfecto.\" \/>\n<meta name=\"robots\" content=\"index, follow, max-snippet:-1, max-image-preview:large, max-video-preview:-1\" \/>\n<link rel=\"canonical\" href=\"https:\/\/www.treatwell.es/in-the-glow\/el-arte-de-la-barba\/\" \/>\n<meta property=\"og:locale\" content=\"es_ES\" \/>\n<meta property=\"og:type\" content=\"article\" \/>\n<meta property=\"og:title\" content=\"Mejores barber\u00edas Madrid y Barcelona: tendencias y cuidado\" \/>\n<meta property=\"og:description\" content=\"Descubre las mejores barber\u00edas en Madrid y Barcelona. Cuida tu barba, sigue las \u00faltimas tendencias y disfruta de servicios expertos para un look masculino perfecto.\" \/>\n<meta property=\"og:url\" content=\"https:\/\/www.treatwell.es/in-the-glow\/el-arte-de-la-barba\/\" \/>\n<meta property=\"og:site_name\" content=\"In The Glow\" \/>\n<meta property=\"article:published_time\" content=\"2017-09-06T08:00:32+00:00\" \/>\n<meta property=\"article:modified_time\" content=\"2025-12-16T11:58:16+00:00\" \/>\n<meta property=\"og:image\" content=\"https:\/\/www.treatwell.es/in-the-glow\/wp-content\/uploads\/sites\/10\/2022\/03\/Captura-de-pantalla-2017-08-31-a-las-16.45.39-iloveimg-resized.png\" \/>\n\t<meta property=\"og:image:width\" content=\"530\" \/>\n\t<meta property=\"og:image:height\" content=\"482\" \/>\n\t<meta property=\"og:image:type\" content=\"image\/png\" \/>\n<meta name=\"twitter:card\" content=\"summary_large_image\" \/>\n<meta name=\"twitter:label1\" content=\"Escrito por\" \/>\n\t<meta name=\"twitter:data1\" content=\"\" \/>\n\t<meta name=\"twitter:label2\" content=\"Tiempo de lectura\" \/>\n\t<meta name=\"twitter:data2\" content=\"2 minutos\" \/>\n<script type=\"application\/ld+json\" class=\"yoast-schema-graph\">{\"@context\":\"https:\\\/\\\/schema.org\",\"@graph\":[{\"@type\":\"Article\",\"@id\":\"https:\\\/\\\/www.treatwell.es/in-the-glow\\\/el-arte-de-la-barba\\\/#article\",\"isPartOf\":{\"@id\":\"https:\\\/\\\/www.treatwell.es/in-the-glow\\\/el-arte-de-la-barba\\\/\"},\"author\":{\"name\":\"\",\"@id\":\"\"},\"headline\":\"Conoce el arte de la barba y sus tendencias\",\"datePublished\":\"2017-09-06T08:00:32+00:00\",\"dateModified\":\"2025-12-16T11:58:16+00:00\",\"mainEntityOfPage\":{\"@id\":\"https:\\\/\\\/www.treatwell.es/in-the-glow\\\/el-arte-de-la-barba\\\/\"},\"wordCount\":383,\"publisher\":{\"@id\":\"https:\\\/\\\/www.treatwell.es/in-the-glow\\\/#organization\"},\"image\":{\"@id\":\"https:\\\/\\\/www.treatwell.es/in-the-glow\\\/el-arte-de-la-barba\\\/#primaryimage\"},\"thumbnailUrl\":\"https:\\\/\\\/www.treatwell.es/in-the-glow\\\/wp-content\\\/uploads\\\/sites\\\/10\\\/2022\\\/03\\\/Captura-de-pantalla-2017-08-31-a-las-16.45.39-iloveimg-resized.png\",\"keywords\":[\"Beard Trimming\",\"Facials - Men's\",\"Men's Hair Colouring and Greys Coverage\",\"Men's Haircuts and Hairdressing\",\"Men's Shaving\"],\"articleSection\":[\"Beauty\",\"Hombres\"],\"inLanguage\":\"es\"},{\"@type\":\"WebPage\",\"@id\":\"https:\\\/\\\/www.treatwell.es/in-the-glow\\\/el-arte-de-la-barba\\\/\",\"url\":\"https:\\\/\\\/www.treatwell.es/in-the-glow\\\/el-arte-de-la-barba\\\/\",\"name\":\"Mejores barber\u00edas Madrid y Barcelona: tendencias y cuidado\",\"isPartOf\":{\"@id\":\"https:\\\/\\\/www.treatwell.es/in-the-glow\\\/#website\"},\"primaryImageOfPage\":{\"@id\":\"https:\\\/\\\/www.treatwell.es/in-the-glow\\\/el-arte-de-la-barba\\\/#primaryimage\"},\"image\":{\"@id\":\"https:\\\/\\\/www.treatwell.es/in-the-glow\\\/el-arte-de-la-barba\\\/#primaryimage\"},\"thumbnailUrl\":\"https:\\\/\\\/www.treatwell.es/in-the-glow\\\/wp-content\\\/uploads\\\/sites\\\/10\\\/2022\\\/03\\\/Captura-de-pantalla-2017-08-31-a-las-16.45.39-iloveimg-resized.png\",\"datePublished\":\"2017-09-06T08:00:32+00:00\",\"dateModified\":\"2025-12-16T11:58:16+00:00\",\"description\":\"Descubre las mejores barber\u00edas en Madrid y Barcelona. Cuida tu barba, sigue las \u00faltimas tendencias y disfruta de servicios expertos para un look masculino perfecto.\",\"breadcrumb\":{\"@id\":\"https:\\\/\\\/www.treatwell.es/in-the-glow\\\/el-arte-de-la-barba\\\/#breadcrumb\"},\"inLanguage\":\"es\",\"potentialAction\":[{\"@type\":\"ReadAction\",\"target\":[\"https:\\\/\\\/www.treatwell.es/in-the-glow\\\/el-arte-de-la-barba\\\/\"]}]},{\"@type\":\"ImageObject\",\"inLanguage\":\"es\",\"@id\":\"https:\\\/\\\/www.treatwell.es/in-the-glow\\\/el-arte-de-la-barba\\\/#primaryimage\",\"url\":\"https:\\\/\\\/www.treatwell.es/in-the-glow\\\/wp-content\\\/uploads\\\/sites\\\/10\\\/2022\\\/03\\\/Captura-de-pantalla-2017-08-31-a-las-16.45.39-iloveimg-resized.png\",\"contentUrl\":\"https:\\\/\\\/www.treatwell.es/in-the-glow\\\/wp-content\\\/uploads\\\/sites\\\/10\\\/2022\\\/03\\\/Captura-de-pantalla-2017-08-31-a-las-16.45.39-iloveimg-resized.png\",\"width\":530,\"height\":482},{\"@type\":\"BreadcrumbList\",\"@id\":\"https:\\\/\\\/www.treatwell.es/in-the-glow\\\/el-arte-de-la-barba\\\/#breadcrumb\",\"itemListElement\":[{\"@type\":\"ListItem\",\"position\":1,\"name\":\"Home\",\"item\":\"https:\\\/\\\/www.treatwell.es/in-the-glow\\\/\"},{\"@type\":\"ListItem\",\"position\":2,\"name\":\"Beauty\",\"item\":\"https:\\\/\\\/www.treatwell.es/in-the-glow\\\/beauty\\\/\"},{\"@type\":\"ListItem\",\"position\":3,\"name\":\"Conoce el arte de la barba y sus tendencias\"}]},{\"@type\":\"WebSite\",\"@id\":\"https:\\\/\\\/www.treatwell.es/in-the-glow\\\/#website\",\"url\":\"https:\\\/\\\/www.treatwell.es/in-the-glow\\\/\",\"name\":\"In The Glow\",\"description\":\"Belleza. Pelo. Lifestyle.\",\"publisher\":{\"@id\":\"https:\\\/\\\/www.treatwell.es/in-the-glow\\\/#organization\"},\"potentialAction\":[{\"@type\":\"SearchAction\",\"target\":{\"@type\":\"EntryPoint\",\"urlTemplate\":\"https:\\\/\\\/www.treatwell.es/in-the-glow\\\/?s={search_term_string}\"},\"query-input\":{\"@type\":\"PropertyValueSpecification\",\"valueRequired\":true,\"valueName\":\"search_term_string\"}}],\"inLanguage\":\"es\"},{\"@type\":\"Organization\",\"@id\":\"https:\\\/\\\/www.treatwell.es/in-the-glow\\\/#organization\",\"name\":\"Treatwell\",\"url\":\"https:\\\/\\\/www.treatwell.es/in-the-glow\\\/\",\"logo\":{\"@type\":\"ImageObject\",\"inLanguage\":\"es\",\"@id\":\"https:\\\/\\\/www.treatwell.es/in-the-glow\\\/#\\\/schema\\\/logo\\\/image\\\/\",\"url\":\"https:\\\/\\\/www.treatwell.es/in-the-glow\\\/wp-content\\\/uploads\\\/sites\\\/10\\\/2022\\\/03\\\/logo_treatwell.png\",\"contentUrl\":\"https:\\\/\\\/www.treatwell.es/in-the-glow\\\/wp-content\\\/uploads\\\/sites\\\/10\\\/2022\\\/03\\\/logo_treatwell.png\",\"width\":889,\"height\":164,\"caption\":\"Treatwell\"},\"image\":{\"@id\":\"https:\\\/\\\/www.treatwell.es/in-the-glow\\\/#\\\/schema\\\/logo\\\/image\\\/\"}},{\"@type\":\"Person\",\"@id\":\"\",\"url\":\"https:\\\/\\\/www.treatwell.es/in-the-glow\\\/author\\\/\"}]}<\/script>\n<!-- \/ Yoast SEO plugin. -->","yoast_head_json":{"title":"Mejores barber\u00edas Madrid y Barcelona: tendencias y cuidado","description":"Descubre las mejores barber\u00edas en Madrid y Barcelona. Cuida tu barba, sigue las \u00faltimas tendencias y disfruta de servicios expertos para un look masculino perfecto.","robots":{"index":"index","follow":"follow","max-snippet":"max-snippet:-1","max-image-preview":"max-image-preview:large","max-video-preview":"max-video-preview:-1"},"canonical":"https:\/\/www.treatwell.es/in-the-glow\/el-arte-de-la-barba\/","og_locale":"es_ES","og_type":"article","og_title":"Mejores barber\u00edas Madrid y Barcelona: tendencias y cuidado","og_description":"Descubre las mejores barber\u00edas en Madrid y Barcelona. Cuida tu barba, sigue las \u00faltimas tendencias y disfruta de servicios expertos para un look masculino perfecto.","og_url":"https:\/\/www.treatwell.es/in-the-glow\/el-arte-de-la-barba\/","og_site_name":"In The Glow","article_published_time":"2017-09-06T08:00:32+00:00","article_modified_time":"2025-12-16T11:58:16+00:00","og_image":[{"width":530,"height":482,"url":"https:\/\/www.treatwell.es/in-the-glow\/wp-content\/uploads\/sites\/10\/2022\/03\/Captura-de-pantalla-2017-08-31-a-las-16.45.39-iloveimg-resized.png","type":"image\/png"}],"twitter_card":"summary_large_image","twitter_misc":{"Escrito por":"","Tiempo de lectura":"2 minutos"},"schema":{"@context":"https:\/\/schema.org","@graph":[{"@type":"Article","@id":"https:\/\/www.treatwell.es/in-the-glow\/el-arte-de-la-barba\/#article","isPartOf":{"@id":"https:\/\/www.treatwell.es/in-the-glow\/el-arte-de-la-barba\/"},"author":{"name":"","@id":""},"headline":"Conoce el arte de la barba y sus tendencias","datePublished":"2017-09-06T08:00:32+00:00","dateModified":"2025-12-16T11:58:16+00:00","mainEntityOfPage":{"@id":"https:\/\/www.treatwell.es/in-the-glow\/el-arte-de-la-barba\/"},"wordCount":383,"publisher":{"@id":"https:\/\/www.treatwell.es/in-the-glow\/#organization"},"image":{"@id":"https:\/\/www.treatwell.es/in-the-glow\/el-arte-de-la-barba\/#primaryimage"},"thumbnailUrl":"https:\/\/www.treatwell.es/in-the-glow\/wp-content\/uploads\/sites\/10\/2022\/03\/Captura-de-pantalla-2017-08-31-a-las-16.45.39-iloveimg-resized.png","keywords":["Beard Trimming","Facials - Men's","Men's Hair Colouring and Greys Coverage","Men's Haircuts and Hairdressing","Men's Shaving"],"articleSection":["Beauty","Hombres"],"inLanguage":"es"},{"@type":"WebPage","@id":"https:\/\/www.treatwell.es/in-the-glow\/el-arte-de-la-barba\/","url":"https:\/\/www.treatwell.es/in-the-glow\/el-arte-de-la-barba\/","name":"Mejores barber\u00edas Madrid y Barcelona: tendencias y cuidado","isPartOf":{"@id":"https:\/\/www.treatwell.es/in-the-glow\/#website"},"primaryImageOfPage":{"@id":"https:\/\/www.treatwell.es/in-the-glow\/el-arte-de-la-barba\/#primaryimage"},"image":{"@id":"https:\/\/www.treatwell.es/in-the-glow\/el-arte-de-la-barba\/#primaryimage"},"thumbnailUrl":"https:\/\/www.treatwell.es/in-the-glow\/wp-content\/uploads\/sites\/10\/2022\/03\/Captura-de-pantalla-2017-08-31-a-las-16.45.39-iloveimg-resized.png","datePublished":"2017-09-06T08:00:32+00:00","dateModified":"2025-12-16T11:58:16+00:00","description":"Descubre las mejores barber\u00edas en Madrid y Barcelona. Cuida tu barba, sigue las \u00faltimas tendencias y disfruta de servicios expertos para un look masculino perfecto.","breadcrumb":{"@id":"https:\/\/www.treatwell.es/in-the-glow\/el-arte-de-la-barba\/#breadcrumb"},"inLanguage":"es","potentialAction":[{"@type":"ReadAction","target":["https:\/\/www.treatwell.es/in-the-glow\/el-arte-de-la-barba\/"]}]},{"@type":"ImageObject","inLanguage":"es","@id":"https:\/\/www.treatwell.es/in-the-glow\/el-arte-de-la-barba\/#primaryimage","url":"https:\/\/www.treatwell.es/in-the-glow\/wp-content\/uploads\/sites\/10\/2022\/03\/Captura-de-pantalla-2017-08-31-a-las-16.45.39-iloveimg-resized.png","contentUrl":"https:\/\/www.treatwell.es/in-the-glow\/wp-content\/uploads\/sites\/10\/2022\/03\/Captura-de-pantalla-2017-08-31-a-las-16.45.39-iloveimg-resized.png","width":530,"height":482},{"@type":"BreadcrumbList","@id":"https:\/\/www.treatwell.es/in-the-glow\/el-arte-de-la-barba\/#breadcrumb","itemListElement":[{"@type":"ListItem","position":1,"name":"Home","item":"https:\/\/www.treatwell.es/in-the-glow\/"},{"@type":"ListItem","position":2,"name":"Beauty","item":"https:\/\/www.treatwell.es/in-the-glow\/beauty\/"},{"@type":"ListItem","position":3,"name":"Conoce el arte de la barba y sus tendencias"}]},{"@type":"WebSite","@id":"https:\/\/www.treatwell.es/in-the-glow\/#website","url":"https:\/\/www.treatwell.es/in-the-glow\/","name":"In The Glow","description":"Belleza. Pelo. Lifestyle.","publisher":{"@id":"https:\/\/www.treatwell.es/in-the-glow\/#organization"},"potentialAction":[{"@type":"SearchAction","target":{"@type":"EntryPoint","urlTemplate":"https:\/\/www.treatwell.es/in-the-glow\/?s={search_term_string}"},"query-input":{"@type":"PropertyValueSpecification","valueRequired":true,"valueName":"search_term_string"}}],"inLanguage":"es"},{"@type":"Organization","@id":"https:\/\/www.treatwell.es/in-the-glow\/#organization","name":"Treatwell","url":"https:\/\/www.treatwell.es/in-the-glow\/","logo":{"@type":"ImageObject","inLanguage":"es","@id":"https:\/\/www.treatwell.es/in-the-glow\/#\/schema\/logo\/image\/","url":"https:\/\/www.treatwell.es/in-the-glow\/wp-content\/uploads\/sites\/10\/2022\/03\/logo_treatwell.png","contentUrl":"https:\/\/www.treatwell.es/in-the-glow\/wp-content\/uploads\/sites\/10\/2022\/03\/logo_treatwell.png","width":889,"height":164,"caption":"Treatwell"},"image":{"@id":"https:\/\/www.treatwell.es/in-the-glow\/#\/schema\/logo\/image\/"}},{"@type":"Person","@id":"","url":"https:\/\/www.treatwell.es/in-the-glow\/author\/"}]}},"featured_image_src":"https:\/\/www.treatwell.es/in-the-glow\/wp-content\/uploads\/sites\/10\/2022\/03\/Captura-de-pantalla-2017-08-31-a-las-16.45.39-iloveimg-resized-530x400.png","featured_image_src_square":"https:\/\/www.treatwell.es/in-the-glow\/wp-content\/uploads\/sites\/10\/2022\/03\/Captura-de-pantalla-2017-08-31-a-las-16.45.39-iloveimg-resized.png","author_info":{"display_name":"","author_link":"https:\/\/www.treatwell.es/in-the-glow\/author\/"},"_links":{"self":[{"href":"https:\/\/www.treatwell.es\/in-the-glow\/wp-json\/wp\/v2\/posts\/24545","targetHints":{"allow":["GET"]}}],"collection":[{"href":"https:\/\/www.treatwell.es\/in-the-glow\/wp-json\/wp\/v2\/posts"}],"about":[{"href":"https:\/\/www.treatwell.es\/in-the-glow\/wp-json\/wp\/v2\/types\/post"}],"author":[{"embeddable":true,"href":"https:\/\/www.treatwell.es\/in-the-glow\/wp-json\/wp\/v2\/users\/3290"}],"replies":[{"embeddable":true,"href":"https:\/\/www.treatwell.es\/in-the-glow\/wp-json\/wp\/v2\/comments?post=24545"}],"version-history":[{"count":0,"href":"https:\/\/www.treatwell.es\/in-the-glow\/wp-json\/wp\/v2\/posts\/24545\/revisions"}],"wp:featuredmedia":[{"embeddable":true,"href":"https:\/\/www.treatwell.es\/in-the-glow\/wp-json\/wp\/v2\/media\/24553"}],"wp:attachment":[{"href":"https:\/\/www.treatwell.es\/in-the-glow\/wp-json\/wp\/v2\/media?parent=24545"}],"wp:term":[{"taxonomy":"category","embeddable":true,"href":"https:\/\/www.treatwell.es\/in-the-glow\/wp-json\/wp\/v2\/categories?post=24545"},{"taxonomy":"post_tag","embeddable":true,"href":"https:\/\/www.treatwell.es\/in-the-glow\/wp-json\/wp\/v2\/tags?post=24545"}],"curies":[{"name":"wp","href":"https:\/\/api.w.org\/{rel}","templated":true}]}}