{"id":24973,"date":"2018-02-15T10:00:25","date_gmt":"2018-02-15T09:00:25","guid":{"rendered":"https:\/\/www.treatwell.es\/in-the-glow\/?p=9442"},"modified":"2025-12-16T12:35:28","modified_gmt":"2025-12-16T11:35:28","slug":"etapas-tras-un-mal-tinte-de-pelo","status":"publish","type":"post","link":"https:\/\/www.treatwell.es/in-the-glow\/etapas-tras-un-mal-tinte-de-pelo\/","title":{"rendered":"5 fases despu\u00e9s de un mal tinte de pelo"},"content":{"rendered":"<p><span style=\"font-weight: 400\">No. Por desgracia no puedes viajar en el tiempo. As\u00ed que cuando tu <a href=\"https:\/\/www.treatwell.es\/establecimientos\/tratamiento-tinte-y-mechas-mujer\/oferta-tipo-local\/en-es\/\">tinte de pelo<\/a> no ha salido como esperabas, solo te queda una opci\u00f3n: aceptar ese color que te desagrada tanto como cuando aceptas el drama de cerrar Spotify sin querer mientras sonaba tu canci\u00f3n favorita.\u00a0<\/span><\/p>\n<p><span style=\"font-weight: 400\">Pero nadie dijo que fuera un proceso f\u00e1cil. Y antes de asumir que ya no hay vuelta atr\u00e1s, tu mente\u00a0procesa un sinf\u00edn de pensamientos. O como\u00a0nos gusta llamarlo a nosotros, las 5\u00a0fases por las que pasas cuando no te gusta tu tinte de pelo.\u00a0<\/span><\/p>\n<div class=\"schema-faq wp-block-yoast-faq-block\">\n<div class=\"schema-faq-section\" id=\"faq-question-1765884802616\">\n<h3 class=\"schema-faq-question\">\u00bfQu\u00e9 hacer si no te gusta tu tinte de pelo?<\/h3>\n<p class=\"schema-faq-answer\">Acepta el color actual y espera unas semanas antes de te\u00f1irte de nuevo. Realizar otro tinte de inmediato solo puede da\u00f1ar tu cabello; busca alternativas y da un tiempo para acostumbrarte al nuevo tono.<\/div>\n<div class=\"schema-faq-section\" id=\"faq-question-1765884802617\">\n<h3 class=\"schema-faq-question\">\u00bfEs recomendable te\u00f1irte otra vez si el color no te convence?<\/h3>\n<p class=\"schema-faq-answer\">No, te\u00f1irte enseguida puede da\u00f1ar el cabello. Espera al menos unas semanas para evitar problemas de salud capilar y busca otras soluciones temporales antes de volver a aplicar un tinte.<\/div>\n<div class=\"schema-faq-section\" id=\"faq-question-1765884802618\">\n<h3 class=\"schema-faq-question\">\u00bfPuedo disimular un tinte de pelo que no me gusta con accesorios?<\/h3>\n<p class=\"schema-faq-answer\">Puedes usar sombreros, gorros o pa\u00f1uelos para disimular el color, pero esto solo es una soluci\u00f3n temporal. No hace falta recurrir siempre a accesorios; el cabello volver\u00e1 a crecer y es mejor dar un tiempo al cambio.<\/div>\n<div class=\"schema-faq-section\" id=\"faq-question-1765884802619\">\n<h3 class=\"schema-faq-question\">\u00bfEs buena idea cortar el pelo si no te gusta el tinte?<\/h3>\n<p class=\"schema-faq-answer\">Cortar el cabello puede ayudar a reducir la cantidad de color visible. Sin embargo, esta no es la \u00fanica salida; el cabello crecer\u00e1 y el color se ir\u00e1 desvaneciendo con el tiempo.<\/div>\n<div class=\"schema-faq-section\" id=\"faq-question-1765884802620\">\n<h3 class=\"schema-faq-question\">\u00bfQu\u00e9 pasos tomar para evitar un mal resultado al te\u00f1irte?<\/h3>\n<p class=\"schema-faq-answer\">Escoge una peluquer\u00eda que ofrezca lo que buscas, revisa las opiniones y comunica claramente lo que quieres a los profesionales. Ser preciso con tus expectativas facilita obtener el resultado que prefieras en tu coloraci\u00f3n.<\/div>\n<\/p><\/div>\n","protected":false},"excerpt":{"rendered":"<p>No. Por desgracia no puedes viajar en el tiempo. As\u00ed que cuando tu tinte de pelo no ha salido como esperabas, solo te queda una opci\u00f3n: aceptar ese color que te desagrada tanto como cuando aceptas el drama de cerrar Spotify sin querer mientras sonaba tu canci\u00f3n favorita.\u00a0 Pero nadie dijo que fuera un proceso [&hellip;]<\/p>\n","protected":false},"author":3319,"featured_media":24980,"comment_status":"closed","ping_status":"closed","sticky":false,"template":"","format":"standard","meta":{"_acf_changed":false,"_yoast_wpseo_title":"Tinte de pelo fallido: fases y consejos para superarlo | Treatwell","_yoast_wpseo_metadesc":"\u00bfNo te gusta tu tinte de pelo? Descubre las 5 fases tras un color inesperado en tu cabello y los mejores consejos para afrontarlo y cuidar tu melena.","_genesis_hide_title":false,"_genesis_hide_breadcrumbs":false,"_genesis_hide_singular_image":false,"_genesis_hide_footer_widgets":false,"_genesis_custom_body_class":"","_genesis_custom_post_class":"","_genesis_layout":"","saswp_custom_schema_field":"{\"@context\":\"https:\/\/schema.org\",\"@type\":\"FAQPage\",\"mainEntity\":[{\"@type\":\"Question\",\"name\":\"\u00bfQu\u00e9 hacer si no te gusta tu tinte de pelo?\",\"acceptedAnswer\":{\"@type\":\"Answer\",\"text\":\"Acepta el color actual y espera unas semanas antes de te\u00f1irte de nuevo. Realizar otro tinte de inmediato solo puede da\u00f1ar tu cabello; busca alternativas y da un tiempo para acostumbrarte al nuevo tono.\"}},{\"@type\":\"Question\",\"name\":\"\u00bfEs recomendable te\u00f1irte otra vez si el color no te convence?\",\"acceptedAnswer\":{\"@type\":\"Answer\",\"text\":\"No, te\u00f1irte enseguida puede da\u00f1ar el cabello. Espera al menos unas semanas para evitar problemas de salud capilar y busca otras soluciones temporales antes de volver a aplicar un tinte.\"}},{\"@type\":\"Question\",\"name\":\"\u00bfPuedo disimular un tinte de pelo que no me gusta con accesorios?\",\"acceptedAnswer\":{\"@type\":\"Answer\",\"text\":\"Puedes usar sombreros, gorros o pa\u00f1uelos para disimular el color, pero esto solo es una soluci\u00f3n temporal. No hace falta recurrir siempre a accesorios; el cabello volver\u00e1 a crecer y es mejor dar un tiempo al cambio.\"}},{\"@type\":\"Question\",\"name\":\"\u00bfEs buena idea cortar el pelo si no te gusta el tinte?\",\"acceptedAnswer\":{\"@type\":\"Answer\",\"text\":\"Cortar el cabello puede ayudar a reducir la cantidad de color visible. Sin embargo, esta no es la \u00fanica salida; el cabello crecer\u00e1 y el color se ir\u00e1 desvaneciendo con el tiempo.\"}},{\"@type\":\"Question\",\"name\":\"\u00bfQu\u00e9 pasos tomar para evitar un mal resultado al te\u00f1irte?\",\"acceptedAnswer\":{\"@type\":\"Answer\",\"text\":\"Escoge una peluquer\u00eda que ofrezca lo que buscas, revisa las opiniones y comunica claramente lo que quieres a los profesionales. Ser preciso con tus expectativas facilita obtener el resultado que prefieras en tu coloraci\u00f3n.\"}}]}","footnotes":""},"categories":[4],"tags":[27,48,10],"class_list":{"0":"post-24973","1":"post","2":"type-post","3":"status-publish","4":"format-standard","5":"has-post-thumbnail","7":"category-beauty","8":"tag-tt6","9":"tag-tr273","10":"tag-tr166","11":"entry"},"acf":{"post_credits":"Cr\u00e9ditos de im\u00e1genes: Giphy","beauty_blog_post_button_title":"","beauty_blog_post_button":"","landscape_picture":24979,"blocks":[{"block_title":"Desconcierto","block_content":"<p>La primera etapa es la de incredulidad. La de mirarse al espejo unas cuantas veces sin entender qu&eacute; est&aacute; pasando. <em>&iquest;C&oacute;mo ha acabado este color en mi pelo?<\/em>&nbsp;Incluso intentas hacerte un recogido para&nbsp;ver si as&iacute; se disimula. Pero no. La coleta no oculta el tinte que est&aacute; por toda tu cabeza. As&iacute; que r&aacute;pidamente tu cerebro comienza a pensar en alguna soluci&oacute;n.<\/p>\n","video_content":"","block_picture":24974},{"block_title":"La no-soluci\u00f3n","block_content":"<p>Se te enciende la bombilla. Recurres a la que te parece&nbsp;la mejor idea de todas: te&ntilde;irte otra vez. <em>&iquest;C&oacute;mo no se me hab&iacute;a ocurrido antes?<\/em> &iexcl;Pero, cuidado! Porque con esto solo conseguir&aacute;s da&ntilde;ar el pelo. Lo recomendable es esperar al menos unas semanas. As&iacute; que, muy a tu pesar, acabas admitiendo que tienes que buscar otras posibles soluciones.<\/p>\n","video_content":"","block_picture":24975},{"block_title":"El Sombrero Seleccionador","block_content":"<p>Das en el clavo. <em>&iexcl;Lo tengo, sombreros!&nbsp;<\/em>Pero llevar sombreros durante un mes no es la soluci&oacute;n. A menos que quieras parecer uno de los personajes de <em>Harry Potter<\/em>&nbsp;esperando durante d&iacute;as a que el Sombrero Seleccionador te asigne una casa.<\/p>\n","video_content":"","block_picture":24976},{"block_title":"Menos pelo, menos problemas","block_content":"<p>Entonces, entre tanta desesperaci&oacute;n, decides cortar el problema de ra&iacute;z. Nunca mejor dicho. Menos cantidad, menos tinte. As&iacute; que crees que lo mejor ser&aacute; hacer uso de las tijeras. <em>As&iacute;&nbsp;la gente se fijar&aacute; m&aacute;s en el nuevo corte&nbsp;que en el color, &iquest;no?<\/em><\/p>\n","video_content":"","block_picture":24977},{"block_title":"Aceptaci\u00f3n","block_content":"<p>Sin embargo, lo que tienes que hacer es asumirlo.&nbsp;Aceptar que esta vez&nbsp;el tinte no ha salido como esperabas. &iquest;Y sabes qu&eacute;? &iexcl;Que qu&eacute; m&aacute;s da! Porque como te habr&aacute;n dicho&nbsp;mil veces, el pelo crece. No pasa nada por esperar unas semanas. Y no, no hace falta recurrir a gorros, pa&ntilde;uelos o tijeras. A todas nos ha pasado alguna vez. &iexcl;Y de los errores se aprende!<\/p>\n\n<p>As&iacute; que para la pr&oacute;xima vez, ya sabes lo que tienes que hacer. <a href=\"http:\/\/www.treatwell.es\/establecimientos\/tratamiento-tinte-y-mechas-mujer\/oferta-tipo-local\/en-es\/\">Escoger la peluquer&iacute;a que ofrezcan lo que buscas<\/a>, mirar las rese&ntilde;as, especificar a tu estilista lo que quieres y aceptar que te est&aacute;s haciendo un cambio de color. A veces, lo &uacute;nico que pasa es que no est&aacute;s acostumbrada a verte distinta. As&iacute; que dale un par de d&iacute;as al tinte, &iexcl;y ya ver&aacute;s como te gusta!<\/p>\n","video_content":"","block_picture":24978}]},"yoast_head":"<!-- This site is optimized with the Yoast SEO plugin v27.5 - https:\/\/yoast.com\/product\/yoast-seo-wordpress\/ -->\n<title>Tinte de pelo fallido: fases y consejos para superarlo | Treatwell<\/title>\n<meta name=\"description\" content=\"\u00bfNo te gusta tu tinte de pelo? Descubre las 5 fases tras un color inesperado en tu cabello y los mejores consejos para afrontarlo y cuidar tu melena.\" \/>\n<meta name=\"robots\" content=\"index, follow, max-snippet:-1, max-image-preview:large, max-video-preview:-1\" \/>\n<link rel=\"canonical\" href=\"https:\/\/www.treatwell.es/in-the-glow\/etapas-tras-un-mal-tinte-de-pelo\/\" \/>\n<meta property=\"og:locale\" content=\"es_ES\" \/>\n<meta property=\"og:type\" content=\"article\" \/>\n<meta property=\"og:title\" content=\"Tinte de pelo fallido: fases y consejos para superarlo | Treatwell\" \/>\n<meta property=\"og:description\" content=\"\u00bfNo te gusta tu tinte de pelo? Descubre las 5 fases tras un color inesperado en tu cabello y los mejores consejos para afrontarlo y cuidar tu melena.\" \/>\n<meta property=\"og:url\" content=\"https:\/\/www.treatwell.es/in-the-glow\/etapas-tras-un-mal-tinte-de-pelo\/\" \/>\n<meta property=\"og:site_name\" content=\"In The Glow\" \/>\n<meta property=\"article:published_time\" content=\"2018-02-15T09:00:25+00:00\" \/>\n<meta property=\"article:modified_time\" content=\"2025-12-16T11:35:28+00:00\" \/>\n<meta property=\"og:image\" content=\"https:\/\/www.treatwell.es/in-the-glow\/wp-content\/uploads\/sites\/10\/2022\/03\/Mal_tinte_pelo_Treatwell.jpg\" \/>\n\t<meta property=\"og:image:width\" content=\"500\" \/>\n\t<meta property=\"og:image:height\" content=\"334\" \/>\n\t<meta property=\"og:image:type\" content=\"image\/jpeg\" \/>\n<meta name=\"twitter:card\" content=\"summary_large_image\" \/>\n<meta name=\"twitter:label1\" content=\"Escrito por\" \/>\n\t<meta name=\"twitter:data1\" content=\"\" \/>\n\t<meta name=\"twitter:label2\" content=\"Tiempo de lectura\" \/>\n\t<meta name=\"twitter:data2\" content=\"2 minutos\" \/>\n<script type=\"application\/ld+json\" class=\"yoast-schema-graph\">{\"@context\":\"https:\\\/\\\/schema.org\",\"@graph\":[{\"@type\":\"Article\",\"@id\":\"https:\\\/\\\/www.treatwell.es/in-the-glow\\\/etapas-tras-un-mal-tinte-de-pelo\\\/#article\",\"isPartOf\":{\"@id\":\"https:\\\/\\\/www.treatwell.es/in-the-glow\\\/etapas-tras-un-mal-tinte-de-pelo\\\/\"},\"author\":{\"name\":\"\",\"@id\":\"\"},\"headline\":\"5 fases despu\u00e9s de un mal tinte de pelo\",\"datePublished\":\"2018-02-15T09:00:25+00:00\",\"dateModified\":\"2025-12-16T11:35:28+00:00\",\"mainEntityOfPage\":{\"@id\":\"https:\\\/\\\/www.treatwell.es/in-the-glow\\\/etapas-tras-un-mal-tinte-de-pelo\\\/\"},\"wordCount\":340,\"publisher\":{\"@id\":\"https:\\\/\\\/www.treatwell.es/in-the-glow\\\/#organization\"},\"image\":{\"@id\":\"https:\\\/\\\/www.treatwell.es/in-the-glow\\\/etapas-tras-un-mal-tinte-de-pelo\\\/#primaryimage\"},\"thumbnailUrl\":\"https:\\\/\\\/www.treatwell.es/in-the-glow\\\/wp-content\\\/uploads\\\/sites\\\/10\\\/2022\\\/03\\\/Mal_tinte_pelo_Treatwell.jpg\",\"keywords\":[\"Hair\",\"Hair Colouring and Highlights\",\"Haircuts and Hairdressing\"],\"articleSection\":[\"Beauty\"],\"inLanguage\":\"es\"},{\"@type\":\"WebPage\",\"@id\":\"https:\\\/\\\/www.treatwell.es/in-the-glow\\\/etapas-tras-un-mal-tinte-de-pelo\\\/\",\"url\":\"https:\\\/\\\/www.treatwell.es/in-the-glow\\\/etapas-tras-un-mal-tinte-de-pelo\\\/\",\"name\":\"Tinte de pelo fallido: fases y consejos para superarlo | Treatwell\",\"isPartOf\":{\"@id\":\"https:\\\/\\\/www.treatwell.es/in-the-glow\\\/#website\"},\"primaryImageOfPage\":{\"@id\":\"https:\\\/\\\/www.treatwell.es/in-the-glow\\\/etapas-tras-un-mal-tinte-de-pelo\\\/#primaryimage\"},\"image\":{\"@id\":\"https:\\\/\\\/www.treatwell.es/in-the-glow\\\/etapas-tras-un-mal-tinte-de-pelo\\\/#primaryimage\"},\"thumbnailUrl\":\"https:\\\/\\\/www.treatwell.es/in-the-glow\\\/wp-content\\\/uploads\\\/sites\\\/10\\\/2022\\\/03\\\/Mal_tinte_pelo_Treatwell.jpg\",\"datePublished\":\"2018-02-15T09:00:25+00:00\",\"dateModified\":\"2025-12-16T11:35:28+00:00\",\"description\":\"\u00bfNo te gusta tu tinte de pelo? Descubre las 5 fases tras un color inesperado en tu cabello y los mejores consejos para afrontarlo y cuidar tu melena.\",\"breadcrumb\":{\"@id\":\"https:\\\/\\\/www.treatwell.es/in-the-glow\\\/etapas-tras-un-mal-tinte-de-pelo\\\/#breadcrumb\"},\"inLanguage\":\"es\",\"potentialAction\":[{\"@type\":\"ReadAction\",\"target\":[\"https:\\\/\\\/www.treatwell.es/in-the-glow\\\/etapas-tras-un-mal-tinte-de-pelo\\\/\"]}]},{\"@type\":\"ImageObject\",\"inLanguage\":\"es\",\"@id\":\"https:\\\/\\\/www.treatwell.es/in-the-glow\\\/etapas-tras-un-mal-tinte-de-pelo\\\/#primaryimage\",\"url\":\"https:\\\/\\\/www.treatwell.es/in-the-glow\\\/wp-content\\\/uploads\\\/sites\\\/10\\\/2022\\\/03\\\/Mal_tinte_pelo_Treatwell.jpg\",\"contentUrl\":\"https:\\\/\\\/www.treatwell.es/in-the-glow\\\/wp-content\\\/uploads\\\/sites\\\/10\\\/2022\\\/03\\\/Mal_tinte_pelo_Treatwell.jpg\",\"width\":500,\"height\":334},{\"@type\":\"BreadcrumbList\",\"@id\":\"https:\\\/\\\/www.treatwell.es/in-the-glow\\\/etapas-tras-un-mal-tinte-de-pelo\\\/#breadcrumb\",\"itemListElement\":[{\"@type\":\"ListItem\",\"position\":1,\"name\":\"Home\",\"item\":\"https:\\\/\\\/www.treatwell.es/in-the-glow\\\/\"},{\"@type\":\"ListItem\",\"position\":2,\"name\":\"Beauty\",\"item\":\"https:\\\/\\\/www.treatwell.es/in-the-glow\\\/beauty\\\/\"},{\"@type\":\"ListItem\",\"position\":3,\"name\":\"5 fases despu\u00e9s de un mal tinte de pelo\"}]},{\"@type\":\"WebSite\",\"@id\":\"https:\\\/\\\/www.treatwell.es/in-the-glow\\\/#website\",\"url\":\"https:\\\/\\\/www.treatwell.es/in-the-glow\\\/\",\"name\":\"In The Glow\",\"description\":\"Belleza. Pelo. Lifestyle.\",\"publisher\":{\"@id\":\"https:\\\/\\\/www.treatwell.es/in-the-glow\\\/#organization\"},\"potentialAction\":[{\"@type\":\"SearchAction\",\"target\":{\"@type\":\"EntryPoint\",\"urlTemplate\":\"https:\\\/\\\/www.treatwell.es/in-the-glow\\\/?s={search_term_string}\"},\"query-input\":{\"@type\":\"PropertyValueSpecification\",\"valueRequired\":true,\"valueName\":\"search_term_string\"}}],\"inLanguage\":\"es\"},{\"@type\":\"Organization\",\"@id\":\"https:\\\/\\\/www.treatwell.es/in-the-glow\\\/#organization\",\"name\":\"Treatwell\",\"url\":\"https:\\\/\\\/www.treatwell.es/in-the-glow\\\/\",\"logo\":{\"@type\":\"ImageObject\",\"inLanguage\":\"es\",\"@id\":\"https:\\\/\\\/www.treatwell.es/in-the-glow\\\/#\\\/schema\\\/logo\\\/image\\\/\",\"url\":\"https:\\\/\\\/www.treatwell.es/in-the-glow\\\/wp-content\\\/uploads\\\/sites\\\/10\\\/2022\\\/03\\\/logo_treatwell.png\",\"contentUrl\":\"https:\\\/\\\/www.treatwell.es/in-the-glow\\\/wp-content\\\/uploads\\\/sites\\\/10\\\/2022\\\/03\\\/logo_treatwell.png\",\"width\":889,\"height\":164,\"caption\":\"Treatwell\"},\"image\":{\"@id\":\"https:\\\/\\\/www.treatwell.es/in-the-glow\\\/#\\\/schema\\\/logo\\\/image\\\/\"}},{\"@type\":\"Person\",\"@id\":\"\",\"url\":\"https:\\\/\\\/www.treatwell.es/in-the-glow\\\/author\\\/\"}]}<\/script>\n<!-- \/ Yoast SEO plugin. -->","yoast_head_json":{"title":"Tinte de pelo fallido: fases y consejos para superarlo | Treatwell","description":"\u00bfNo te gusta tu tinte de pelo? Descubre las 5 fases tras un color inesperado en tu cabello y los mejores consejos para afrontarlo y cuidar tu melena.","robots":{"index":"index","follow":"follow","max-snippet":"max-snippet:-1","max-image-preview":"max-image-preview:large","max-video-preview":"max-video-preview:-1"},"canonical":"https:\/\/www.treatwell.es/in-the-glow\/etapas-tras-un-mal-tinte-de-pelo\/","og_locale":"es_ES","og_type":"article","og_title":"Tinte de pelo fallido: fases y consejos para superarlo | Treatwell","og_description":"\u00bfNo te gusta tu tinte de pelo? Descubre las 5 fases tras un color inesperado en tu cabello y los mejores consejos para afrontarlo y cuidar tu melena.","og_url":"https:\/\/www.treatwell.es/in-the-glow\/etapas-tras-un-mal-tinte-de-pelo\/","og_site_name":"In The Glow","article_published_time":"2018-02-15T09:00:25+00:00","article_modified_time":"2025-12-16T11:35:28+00:00","og_image":[{"width":500,"height":334,"url":"https:\/\/www.treatwell.es/in-the-glow\/wp-content\/uploads\/sites\/10\/2022\/03\/Mal_tinte_pelo_Treatwell.jpg","type":"image\/jpeg"}],"twitter_card":"summary_large_image","twitter_misc":{"Escrito por":"","Tiempo de lectura":"2 minutos"},"schema":{"@context":"https:\/\/schema.org","@graph":[{"@type":"Article","@id":"https:\/\/www.treatwell.es/in-the-glow\/etapas-tras-un-mal-tinte-de-pelo\/#article","isPartOf":{"@id":"https:\/\/www.treatwell.es/in-the-glow\/etapas-tras-un-mal-tinte-de-pelo\/"},"author":{"name":"","@id":""},"headline":"5 fases despu\u00e9s de un mal tinte de pelo","datePublished":"2018-02-15T09:00:25+00:00","dateModified":"2025-12-16T11:35:28+00:00","mainEntityOfPage":{"@id":"https:\/\/www.treatwell.es/in-the-glow\/etapas-tras-un-mal-tinte-de-pelo\/"},"wordCount":340,"publisher":{"@id":"https:\/\/www.treatwell.es/in-the-glow\/#organization"},"image":{"@id":"https:\/\/www.treatwell.es/in-the-glow\/etapas-tras-un-mal-tinte-de-pelo\/#primaryimage"},"thumbnailUrl":"https:\/\/www.treatwell.es/in-the-glow\/wp-content\/uploads\/sites\/10\/2022\/03\/Mal_tinte_pelo_Treatwell.jpg","keywords":["Hair","Hair Colouring and Highlights","Haircuts and Hairdressing"],"articleSection":["Beauty"],"inLanguage":"es"},{"@type":"WebPage","@id":"https:\/\/www.treatwell.es/in-the-glow\/etapas-tras-un-mal-tinte-de-pelo\/","url":"https:\/\/www.treatwell.es/in-the-glow\/etapas-tras-un-mal-tinte-de-pelo\/","name":"Tinte de pelo fallido: fases y consejos para superarlo | Treatwell","isPartOf":{"@id":"https:\/\/www.treatwell.es/in-the-glow\/#website"},"primaryImageOfPage":{"@id":"https:\/\/www.treatwell.es/in-the-glow\/etapas-tras-un-mal-tinte-de-pelo\/#primaryimage"},"image":{"@id":"https:\/\/www.treatwell.es/in-the-glow\/etapas-tras-un-mal-tinte-de-pelo\/#primaryimage"},"thumbnailUrl":"https:\/\/www.treatwell.es/in-the-glow\/wp-content\/uploads\/sites\/10\/2022\/03\/Mal_tinte_pelo_Treatwell.jpg","datePublished":"2018-02-15T09:00:25+00:00","dateModified":"2025-12-16T11:35:28+00:00","description":"\u00bfNo te gusta tu tinte de pelo? Descubre las 5 fases tras un color inesperado en tu cabello y los mejores consejos para afrontarlo y cuidar tu melena.","breadcrumb":{"@id":"https:\/\/www.treatwell.es/in-the-glow\/etapas-tras-un-mal-tinte-de-pelo\/#breadcrumb"},"inLanguage":"es","potentialAction":[{"@type":"ReadAction","target":["https:\/\/www.treatwell.es/in-the-glow\/etapas-tras-un-mal-tinte-de-pelo\/"]}]},{"@type":"ImageObject","inLanguage":"es","@id":"https:\/\/www.treatwell.es/in-the-glow\/etapas-tras-un-mal-tinte-de-pelo\/#primaryimage","url":"https:\/\/www.treatwell.es/in-the-glow\/wp-content\/uploads\/sites\/10\/2022\/03\/Mal_tinte_pelo_Treatwell.jpg","contentUrl":"https:\/\/www.treatwell.es/in-the-glow\/wp-content\/uploads\/sites\/10\/2022\/03\/Mal_tinte_pelo_Treatwell.jpg","width":500,"height":334},{"@type":"BreadcrumbList","@id":"https:\/\/www.treatwell.es/in-the-glow\/etapas-tras-un-mal-tinte-de-pelo\/#breadcrumb","itemListElement":[{"@type":"ListItem","position":1,"name":"Home","item":"https:\/\/www.treatwell.es/in-the-glow\/"},{"@type":"ListItem","position":2,"name":"Beauty","item":"https:\/\/www.treatwell.es/in-the-glow\/beauty\/"},{"@type":"ListItem","position":3,"name":"5 fases despu\u00e9s de un mal tinte de pelo"}]},{"@type":"WebSite","@id":"https:\/\/www.treatwell.es/in-the-glow\/#website","url":"https:\/\/www.treatwell.es/in-the-glow\/","name":"In The Glow","description":"Belleza. Pelo. Lifestyle.","publisher":{"@id":"https:\/\/www.treatwell.es/in-the-glow\/#organization"},"potentialAction":[{"@type":"SearchAction","target":{"@type":"EntryPoint","urlTemplate":"https:\/\/www.treatwell.es/in-the-glow\/?s={search_term_string}"},"query-input":{"@type":"PropertyValueSpecification","valueRequired":true,"valueName":"search_term_string"}}],"inLanguage":"es"},{"@type":"Organization","@id":"https:\/\/www.treatwell.es/in-the-glow\/#organization","name":"Treatwell","url":"https:\/\/www.treatwell.es/in-the-glow\/","logo":{"@type":"ImageObject","inLanguage":"es","@id":"https:\/\/www.treatwell.es/in-the-glow\/#\/schema\/logo\/image\/","url":"https:\/\/www.treatwell.es/in-the-glow\/wp-content\/uploads\/sites\/10\/2022\/03\/logo_treatwell.png","contentUrl":"https:\/\/www.treatwell.es/in-the-glow\/wp-content\/uploads\/sites\/10\/2022\/03\/logo_treatwell.png","width":889,"height":164,"caption":"Treatwell"},"image":{"@id":"https:\/\/www.treatwell.es/in-the-glow\/#\/schema\/logo\/image\/"}},{"@type":"Person","@id":"","url":"https:\/\/www.treatwell.es/in-the-glow\/author\/"}]}},"featured_image_src":"https:\/\/www.treatwell.es/in-the-glow\/wp-content\/uploads\/sites\/10\/2022\/03\/Mal_tinte_pelo_Treatwell.jpg","featured_image_src_square":"https:\/\/www.treatwell.es/in-the-glow\/wp-content\/uploads\/sites\/10\/2022\/03\/Mal_tinte_pelo_Treatwell.jpg","author_info":{"display_name":"","author_link":"https:\/\/www.treatwell.es/in-the-glow\/author\/"},"_links":{"self":[{"href":"https:\/\/www.treatwell.es\/in-the-glow\/wp-json\/wp\/v2\/posts\/24973","targetHints":{"allow":["GET"]}}],"collection":[{"href":"https:\/\/www.treatwell.es\/in-the-glow\/wp-json\/wp\/v2\/posts"}],"about":[{"href":"https:\/\/www.treatwell.es\/in-the-glow\/wp-json\/wp\/v2\/types\/post"}],"author":[{"embeddable":true,"href":"https:\/\/www.treatwell.es\/in-the-glow\/wp-json\/wp\/v2\/users\/3319"}],"replies":[{"embeddable":true,"href":"https:\/\/www.treatwell.es\/in-the-glow\/wp-json\/wp\/v2\/comments?post=24973"}],"version-history":[{"count":0,"href":"https:\/\/www.treatwell.es\/in-the-glow\/wp-json\/wp\/v2\/posts\/24973\/revisions"}],"wp:featuredmedia":[{"embeddable":true,"href":"https:\/\/www.treatwell.es\/in-the-glow\/wp-json\/wp\/v2\/media\/24980"}],"wp:attachment":[{"href":"https:\/\/www.treatwell.es\/in-the-glow\/wp-json\/wp\/v2\/media?parent=24973"}],"wp:term":[{"taxonomy":"category","embeddable":true,"href":"https:\/\/www.treatwell.es\/in-the-glow\/wp-json\/wp\/v2\/categories?post=24973"},{"taxonomy":"post_tag","embeddable":true,"href":"https:\/\/www.treatwell.es\/in-the-glow\/wp-json\/wp\/v2\/tags?post=24973"}],"curies":[{"name":"wp","href":"https:\/\/api.w.org\/{rel}","templated":true}]}}