{"id":25483,"date":"2018-04-06T10:00:57","date_gmt":"2018-04-06T08:00:57","guid":{"rendered":"https:\/\/www.treatwell.es\/in-the-glow\/?p=11607"},"modified":"2025-12-16T12:35:42","modified_gmt":"2025-12-16T11:35:42","slug":"descubre-los-must-de-abril-en-nuestros-nuevos-salones","status":"publish","type":"post","link":"https:\/\/www.treatwell.es/in-the-glow\/descubre-los-must-de-abril-en-nuestros-nuevos-salones\/","title":{"rendered":"Descubre los must de abril en nuestros nuevos salones"},"content":{"rendered":"<p><span style=\"font-weight: 400\">\u00a1Que levante la mano quienes ya est\u00e1n contando los d\u00edas para verano! Ya queda nada, pero antes toca ya empezar a disfrutar de la primavera y la llegada del ansiado y deseado buen tiempo. \u00a1Hurra!<\/span><\/p>\n<p><span style=\"font-weight: 400\">Y como la moda y las tendencias nunca paran, con la primavera han llegado tambi\u00e9n las \u00faltimas tendencias en belleza que te har\u00e1n brillar m\u00e1s que nunca durante estos meses. Y ya que pruebas algo nuevo\u2026 \u00bfpor qu\u00e9 no hacerlo tambi\u00e9n en un sitio nuevo? Descubre los must de este mes en <a href=\"https:\/\/www.treatwell.es\/inspiracion\/descuento-nuevos-salones\/\">nuestros nuevos salones<\/a>.<\/span><\/p>\n<div class=\"schema-faq wp-block-yoast-faq-block\">\n<div class=\"schema-faq-section\" id=\"faq-question-1765884588287\">\n<h3 class=\"schema-faq-question\">\u00bfCu\u00e1les son los colores de u\u00f1as tendencia en primavera?<\/h3>\n<p class=\"schema-faq-answer\">Los tonos frescos y coloridos son la tendencia principal en primavera, dejando atr\u00e1s los colores oscuros del invierno. Un acabado efecto mate a\u00f1ade un toque moderno e impecable para destacar tus manos durante estos meses.<\/div>\n<div class=\"schema-faq-section\" id=\"faq-question-1765884588288\">\n<h3 class=\"schema-faq-question\">\u00bfPor qu\u00e9 elegir un corte de pelo corto ahora?<\/h3>\n<p class=\"schema-faq-answer\">Un corte Bob, WOB o Pixie resulta m\u00e1s c\u00f3modo y fresco para la llegada del calor. Aprovecha la tendencia de pelo corto esta temporada y consigue un look moderno ideal para el buen tiempo.<\/div>\n<div class=\"schema-faq-section\" id=\"faq-question-1765884588289\">\n<h3 class=\"schema-faq-question\">\u00bfC\u00f3mo encontrar un sal\u00f3n para tratamientos de u\u00f1as o pelo?<\/h3>\n<p class=\"schema-faq-answer\">Accede a nuevos salones especializados en u\u00f1as y pelo a trav\u00e9s de la plataforma Treatwell. Puedes descubrir establecimientos con servicios actualizados y ofertas exclusivas para cambiar de centro esta primavera.<\/div>\n<div class=\"schema-faq-section\" id=\"faq-question-1765884588290\">\n<h3 class=\"schema-faq-question\">\u00bfQu\u00e9 ventajas tiene reservar un maquillaje profesional siendo invitada?<\/h3>\n<p class=\"schema-faq-answer\">Reservar un maquillaje profesional te permite disfrutar de un momento especial antes de cualquier evento y asegurarte un resultado impecable. Tanto si prefieres un look natural como uno m\u00e1s arriesgado, los especialistas te ayudan a deslumbrar en cualquier ocasi\u00f3n.<\/div>\n<div class=\"schema-faq-section\" id=\"faq-question-1765884588291\">\n<h3 class=\"schema-faq-question\">\u00bfPor qu\u00e9 reservar un masaje en primavera?<\/h3>\n<p class=\"schema-faq-answer\">Un masaje profesional es una excelente forma de relajarte y desconectar en cualquier \u00e9poca del a\u00f1o. Aprovecha los nuevos salones y sus ofertas exclusivas para disfrutar de un momento zen \u00fanico.<\/div>\n<\/p><\/div>\n","protected":false},"excerpt":{"rendered":"<p>\u00a1Que levante la mano quienes ya est\u00e1n contando los d\u00edas para verano! Ya queda nada, pero antes toca ya empezar a disfrutar de la primavera y la llegada del ansiado y deseado buen tiempo. \u00a1Hurra! Y como la moda y las tendencias nunca paran, con la primavera han llegado tambi\u00e9n las \u00faltimas tendencias en belleza [&hellip;]<\/p>\n","protected":false},"author":3319,"featured_media":25489,"comment_status":"closed","ping_status":"closed","sticky":false,"template":"","format":"standard","meta":{"_acf_changed":false,"_yoast_wpseo_title":"Tendencias belleza primavera: u\u00f1as, cortes y relax | Treatwell","_yoast_wpseo_metadesc":"Descubre las \u00faltimas tendencias de belleza para primavera: u\u00f1as coloridas, cortes frescos, maquillaje profesional y masajes. Estrena look en nuestros nuevos salones.","_genesis_hide_title":false,"_genesis_hide_breadcrumbs":false,"_genesis_hide_singular_image":false,"_genesis_hide_footer_widgets":false,"_genesis_custom_body_class":"","_genesis_custom_post_class":"","_genesis_layout":"","saswp_custom_schema_field":"{\"@context\":\"https:\/\/schema.org\",\"@type\":\"FAQPage\",\"mainEntity\":[{\"@type\":\"Question\",\"name\":\"\u00bfCu\u00e1les son los colores de u\u00f1as tendencia en primavera?\",\"acceptedAnswer\":{\"@type\":\"Answer\",\"text\":\"Los tonos frescos y coloridos son la tendencia principal en primavera, dejando atr\u00e1s los colores oscuros del invierno. Un acabado efecto mate a\u00f1ade un toque moderno e impecable para destacar tus manos durante estos meses.\"}},{\"@type\":\"Question\",\"name\":\"\u00bfPor qu\u00e9 elegir un corte de pelo corto ahora?\",\"acceptedAnswer\":{\"@type\":\"Answer\",\"text\":\"Un corte Bob, WOB o Pixie resulta m\u00e1s c\u00f3modo y fresco para la llegada del calor. Aprovecha la tendencia de pelo corto esta temporada y consigue un look moderno ideal para el buen tiempo.\"}},{\"@type\":\"Question\",\"name\":\"\u00bfC\u00f3mo encontrar un sal\u00f3n para tratamientos de u\u00f1as o pelo?\",\"acceptedAnswer\":{\"@type\":\"Answer\",\"text\":\"Accede a nuevos salones especializados en u\u00f1as y pelo a trav\u00e9s de la plataforma Treatwell. Puedes descubrir establecimientos con servicios actualizados y ofertas exclusivas para cambiar de centro esta primavera.\"}},{\"@type\":\"Question\",\"name\":\"\u00bfQu\u00e9 ventajas tiene reservar un maquillaje profesional siendo invitada?\",\"acceptedAnswer\":{\"@type\":\"Answer\",\"text\":\"Reservar un maquillaje profesional te permite disfrutar de un momento especial antes de cualquier evento y asegurarte un resultado impecable. Tanto si prefieres un look natural como uno m\u00e1s arriesgado, los especialistas te ayudan a deslumbrar en cualquier ocasi\u00f3n.\"}},{\"@type\":\"Question\",\"name\":\"\u00bfPor qu\u00e9 reservar un masaje en primavera?\",\"acceptedAnswer\":{\"@type\":\"Answer\",\"text\":\"Un masaje profesional es una excelente forma de relajarte y desconectar en cualquier \u00e9poca del a\u00f1o. Aprovecha los nuevos salones y sus ofertas exclusivas para disfrutar de un momento zen \u00fanico.\"}}]}","footnotes":""},"categories":[4],"tags":[27,48,10,11,104,12,6,17,7,13,33,123],"class_list":{"0":"post-25483","1":"post","2":"type-post","3":"status-publish","4":"format-standard","5":"has-post-thumbnail","7":"category-beauty","8":"tag-tt6","9":"tag-tr273","10":"tag-tr166","11":"tag-tr212","12":"tag-vt53","13":"tag-tr81","14":"tag-tt37","15":"tag-tr578","16":"tag-tt36","17":"tag-tr87","18":"tag-tr595","19":"tag-tr720","20":"entry"},"acf":{"post_credits":"Cr\u00e9ditos de las im\u00e1genes: Instagram de @asos_faceandbody, Instagram de @caroladearmas","beauty_blog_post_button_title":"","beauty_blog_post_button":"","landscape_picture":25488,"blocks":[{"block_title":"\u00a1Hola u\u00f1as coloridas!","block_content":"<p><strong>No sabemos si la primavera la sangre altera, pero ya te avisamos que los colores de tus u&ntilde;as, s&iacute;. Desp&iacute;dete de los oscuros que han reinado durante el invierno, y da la bienvenida a los tonos m&aacute;s frescos y coloridos. Y si adem&aacute;s le sumas el acabado efecto mate, que lo est&aacute; petando desde que lo ha llevado Sara Carbonero&hellip; &iexcl;&eacute;xito asegurado!<\/strong><\/p>\n\n<p><strong>Descubre los nuevos salones que ofrecen tratamientos de u&ntilde;as<a href=\"https:\/\/www.treatwell.es\/establecimientos\/servicios-grupo-unas\/etiqueta-nuevos-salones-marzo\/oferta-tipo-local\/en-es\/\"> aqu&iacute;.<\/a><\/strong><\/p>\n","video_content":"","block_picture":25484},{"block_title":"Cortes m\u00e1s frescos","block_content":"<p><strong>Que el pelo corto es tendencia, es algo que ya sabemos. Pero oye, &iquest;qu&eacute; mejor momento para concederte ese cambio de look que ahora que llegar&aacute; el calorcito? Apuesta por un corte <a href=\"https:\/\/www.treatwell.es\/in-the-glow\/corte-bob-primavera\/\">Bob<\/a> (o el&nbsp;<a href=\"https:\/\/www.treatwell.es\/in-the-glow\/wob-peinado-perfecto-pelo-fino\/\">WOB si tienes el pelo fino<\/a>) o Pixie, y ver&aacute;s lo c&oacute;modos y fresquitos que son. <\/strong><\/p>\n\n<p><strong>Descubre los nuevos salones que ofrecen tratamientos de pelo <a href=\"https:\/\/www.treatwell.es\/establecimientos\/servicios-grupo-pelo\/etiqueta-nuevos-salones-marzo\/oferta-tipo-local\/en-es\/\">aqu&iacute;<\/a>.<\/strong><\/p>\n","video_content":"","block_picture":25485},{"block_title":"Empieza la \u00e9poca de invitada","block_content":"<p><strong>Y la excusa para ir al sal&oacute;n a que te cuiden cual estrella de Hollywood. &iquest;Y es que a qui&eacute;n no le encanta ese momento de sesi&oacute;n de maquillaje? Reconozc&aacute;moslo: casi es lo que hace m&aacute;s ilusi&oacute;n de la preparaci&oacute;n de la boda. Y tanto si eres de las que arriesga, como las que optan por un maquillaje natural, sabes que en manos de profesionales saldr&aacute;s deslumbrando. <\/strong><\/p>\n\n<p><strong>Descubre los nuevos salones que ofrecen tratamientos faciales (y maquillaje) <a href=\"https:\/\/www.treatwell.es\/establecimientos\/servicios-grupo-facial\/etiqueta-nuevos-salones-marzo\/oferta-tipo-local\/en-es\/\">aqu&iacute;<\/a>.<\/strong><\/p>\n","video_content":"","block_picture":25486},{"block_title":"Conc\u00e9dete unos minutos de relax","block_content":"<p><strong>Los masajes son algo que nunca pasa&nbsp;de moda. Sea la &eacute;poca del a&ntilde;o que sea, &iquest;a qui&eacute;n no le apetece disfrutar de ese momento zen? Y es que un <a href=\"https:\/\/www.treatwell.es\/in-the-glow\/el-masaje-perfecto\/\">masaje perfecto es algo indescriptible.<\/a> Lo sabemos. &iexcl;Aprovecha los nuevos centros y rel&aacute;jate por menos!<\/strong><\/p>\n\n<p><strong>Descubre los nuevos salones que ofrecen masajes <a href=\"https:\/\/www.treatwell.es\/establecimientos\/servicios-grupo-masaje\/etiqueta-nuevos-salones-marzo\/oferta-tipo-local\/en-es\/\">aqu&iacute;<\/a>.<\/strong><\/p>\n","video_content":"","block_picture":25487}]},"yoast_head":"<!-- This site is optimized with the Yoast SEO plugin v27.5 - https:\/\/yoast.com\/product\/yoast-seo-wordpress\/ -->\n<title>Tendencias belleza primavera: u\u00f1as, cortes y relax | Treatwell<\/title>\n<meta name=\"description\" content=\"Descubre las \u00faltimas tendencias de belleza para primavera: u\u00f1as coloridas, cortes frescos, maquillaje profesional y masajes. Estrena look en nuestros nuevos salones.\" \/>\n<meta name=\"robots\" content=\"index, follow, max-snippet:-1, max-image-preview:large, max-video-preview:-1\" \/>\n<link rel=\"canonical\" href=\"https:\/\/www.treatwell.es/in-the-glow\/descubre-los-must-de-abril-en-nuestros-nuevos-salones\/\" \/>\n<meta property=\"og:locale\" content=\"es_ES\" \/>\n<meta property=\"og:type\" content=\"article\" \/>\n<meta property=\"og:title\" content=\"Tendencias belleza primavera: u\u00f1as, cortes y relax | Treatwell\" \/>\n<meta property=\"og:description\" content=\"Descubre las \u00faltimas tendencias de belleza para primavera: u\u00f1as coloridas, cortes frescos, maquillaje profesional y masajes. Estrena look en nuestros nuevos salones.\" \/>\n<meta property=\"og:url\" content=\"https:\/\/www.treatwell.es/in-the-glow\/descubre-los-must-de-abril-en-nuestros-nuevos-salones\/\" \/>\n<meta property=\"og:site_name\" content=\"In The Glow\" \/>\n<meta property=\"article:published_time\" content=\"2018-04-06T08:00:57+00:00\" \/>\n<meta property=\"article:modified_time\" content=\"2025-12-16T11:35:42+00:00\" \/>\n<meta property=\"og:image\" content=\"https:\/\/www.treatwell.es/in-the-glow\/wp-content\/uploads\/sites\/10\/2022\/03\/salones2.jpg\" \/>\n\t<meta property=\"og:image:width\" content=\"500\" \/>\n\t<meta property=\"og:image:height\" content=\"263\" \/>\n\t<meta property=\"og:image:type\" content=\"image\/jpeg\" \/>\n<meta name=\"twitter:card\" content=\"summary_large_image\" \/>\n<meta name=\"twitter:label1\" content=\"Escrito por\" \/>\n\t<meta name=\"twitter:data1\" content=\"\" \/>\n\t<meta name=\"twitter:label2\" content=\"Tiempo de lectura\" \/>\n\t<meta name=\"twitter:data2\" content=\"2 minutos\" \/>\n<script type=\"application\/ld+json\" class=\"yoast-schema-graph\">{\"@context\":\"https:\\\/\\\/schema.org\",\"@graph\":[{\"@type\":\"Article\",\"@id\":\"https:\\\/\\\/www.treatwell.es/in-the-glow\\\/descubre-los-must-de-abril-en-nuestros-nuevos-salones\\\/#article\",\"isPartOf\":{\"@id\":\"https:\\\/\\\/www.treatwell.es/in-the-glow\\\/descubre-los-must-de-abril-en-nuestros-nuevos-salones\\\/\"},\"author\":{\"name\":\"\",\"@id\":\"\"},\"headline\":\"Descubre los must de abril en nuestros nuevos salones\",\"datePublished\":\"2018-04-06T08:00:57+00:00\",\"dateModified\":\"2025-12-16T11:35:42+00:00\",\"mainEntityOfPage\":{\"@id\":\"https:\\\/\\\/www.treatwell.es/in-the-glow\\\/descubre-los-must-de-abril-en-nuestros-nuevos-salones\\\/\"},\"wordCount\":332,\"publisher\":{\"@id\":\"https:\\\/\\\/www.treatwell.es/in-the-glow\\\/#organization\"},\"image\":{\"@id\":\"https:\\\/\\\/www.treatwell.es/in-the-glow\\\/descubre-los-must-de-abril-en-nuestros-nuevos-salones\\\/#primaryimage\"},\"thumbnailUrl\":\"https:\\\/\\\/www.treatwell.es/in-the-glow\\\/wp-content\\\/uploads\\\/sites\\\/10\\\/2022\\\/03\\\/salones2.jpg\",\"keywords\":[\"Hair\",\"Hair Colouring and Highlights\",\"Haircuts and Hairdressing\",\"Makeup\",\"Makeup Studio\",\"Manicure\",\"Massage\",\"Nail Art\",\"Nails\",\"Pedicure\",\"Two Week Manicure\",\"Two Week Pedicure\"],\"articleSection\":[\"Beauty\"],\"inLanguage\":\"es\"},{\"@type\":\"WebPage\",\"@id\":\"https:\\\/\\\/www.treatwell.es/in-the-glow\\\/descubre-los-must-de-abril-en-nuestros-nuevos-salones\\\/\",\"url\":\"https:\\\/\\\/www.treatwell.es/in-the-glow\\\/descubre-los-must-de-abril-en-nuestros-nuevos-salones\\\/\",\"name\":\"Tendencias belleza primavera: u\u00f1as, cortes y relax | Treatwell\",\"isPartOf\":{\"@id\":\"https:\\\/\\\/www.treatwell.es/in-the-glow\\\/#website\"},\"primaryImageOfPage\":{\"@id\":\"https:\\\/\\\/www.treatwell.es/in-the-glow\\\/descubre-los-must-de-abril-en-nuestros-nuevos-salones\\\/#primaryimage\"},\"image\":{\"@id\":\"https:\\\/\\\/www.treatwell.es/in-the-glow\\\/descubre-los-must-de-abril-en-nuestros-nuevos-salones\\\/#primaryimage\"},\"thumbnailUrl\":\"https:\\\/\\\/www.treatwell.es/in-the-glow\\\/wp-content\\\/uploads\\\/sites\\\/10\\\/2022\\\/03\\\/salones2.jpg\",\"datePublished\":\"2018-04-06T08:00:57+00:00\",\"dateModified\":\"2025-12-16T11:35:42+00:00\",\"description\":\"Descubre las \u00faltimas tendencias de belleza para primavera: u\u00f1as coloridas, cortes frescos, maquillaje profesional y masajes. Estrena look en nuestros nuevos salones.\",\"breadcrumb\":{\"@id\":\"https:\\\/\\\/www.treatwell.es/in-the-glow\\\/descubre-los-must-de-abril-en-nuestros-nuevos-salones\\\/#breadcrumb\"},\"inLanguage\":\"es\",\"potentialAction\":[{\"@type\":\"ReadAction\",\"target\":[\"https:\\\/\\\/www.treatwell.es/in-the-glow\\\/descubre-los-must-de-abril-en-nuestros-nuevos-salones\\\/\"]}]},{\"@type\":\"ImageObject\",\"inLanguage\":\"es\",\"@id\":\"https:\\\/\\\/www.treatwell.es/in-the-glow\\\/descubre-los-must-de-abril-en-nuestros-nuevos-salones\\\/#primaryimage\",\"url\":\"https:\\\/\\\/www.treatwell.es/in-the-glow\\\/wp-content\\\/uploads\\\/sites\\\/10\\\/2022\\\/03\\\/salones2.jpg\",\"contentUrl\":\"https:\\\/\\\/www.treatwell.es/in-the-glow\\\/wp-content\\\/uploads\\\/sites\\\/10\\\/2022\\\/03\\\/salones2.jpg\",\"width\":500,\"height\":263},{\"@type\":\"BreadcrumbList\",\"@id\":\"https:\\\/\\\/www.treatwell.es/in-the-glow\\\/descubre-los-must-de-abril-en-nuestros-nuevos-salones\\\/#breadcrumb\",\"itemListElement\":[{\"@type\":\"ListItem\",\"position\":1,\"name\":\"Home\",\"item\":\"https:\\\/\\\/www.treatwell.es/in-the-glow\\\/\"},{\"@type\":\"ListItem\",\"position\":2,\"name\":\"Beauty\",\"item\":\"https:\\\/\\\/www.treatwell.es/in-the-glow\\\/beauty\\\/\"},{\"@type\":\"ListItem\",\"position\":3,\"name\":\"Descubre los must de abril en nuestros nuevos salones\"}]},{\"@type\":\"WebSite\",\"@id\":\"https:\\\/\\\/www.treatwell.es/in-the-glow\\\/#website\",\"url\":\"https:\\\/\\\/www.treatwell.es/in-the-glow\\\/\",\"name\":\"In The Glow\",\"description\":\"Belleza. Pelo. Lifestyle.\",\"publisher\":{\"@id\":\"https:\\\/\\\/www.treatwell.es/in-the-glow\\\/#organization\"},\"potentialAction\":[{\"@type\":\"SearchAction\",\"target\":{\"@type\":\"EntryPoint\",\"urlTemplate\":\"https:\\\/\\\/www.treatwell.es/in-the-glow\\\/?s={search_term_string}\"},\"query-input\":{\"@type\":\"PropertyValueSpecification\",\"valueRequired\":true,\"valueName\":\"search_term_string\"}}],\"inLanguage\":\"es\"},{\"@type\":\"Organization\",\"@id\":\"https:\\\/\\\/www.treatwell.es/in-the-glow\\\/#organization\",\"name\":\"Treatwell\",\"url\":\"https:\\\/\\\/www.treatwell.es/in-the-glow\\\/\",\"logo\":{\"@type\":\"ImageObject\",\"inLanguage\":\"es\",\"@id\":\"https:\\\/\\\/www.treatwell.es/in-the-glow\\\/#\\\/schema\\\/logo\\\/image\\\/\",\"url\":\"https:\\\/\\\/www.treatwell.es/in-the-glow\\\/wp-content\\\/uploads\\\/sites\\\/10\\\/2022\\\/03\\\/logo_treatwell.png\",\"contentUrl\":\"https:\\\/\\\/www.treatwell.es/in-the-glow\\\/wp-content\\\/uploads\\\/sites\\\/10\\\/2022\\\/03\\\/logo_treatwell.png\",\"width\":889,\"height\":164,\"caption\":\"Treatwell\"},\"image\":{\"@id\":\"https:\\\/\\\/www.treatwell.es/in-the-glow\\\/#\\\/schema\\\/logo\\\/image\\\/\"}},{\"@type\":\"Person\",\"@id\":\"\",\"url\":\"https:\\\/\\\/www.treatwell.es/in-the-glow\\\/author\\\/\"}]}<\/script>\n<!-- \/ Yoast SEO plugin. -->","yoast_head_json":{"title":"Tendencias belleza primavera: u\u00f1as, cortes y relax | Treatwell","description":"Descubre las \u00faltimas tendencias de belleza para primavera: u\u00f1as coloridas, cortes frescos, maquillaje profesional y masajes. Estrena look en nuestros nuevos salones.","robots":{"index":"index","follow":"follow","max-snippet":"max-snippet:-1","max-image-preview":"max-image-preview:large","max-video-preview":"max-video-preview:-1"},"canonical":"https:\/\/www.treatwell.es/in-the-glow\/descubre-los-must-de-abril-en-nuestros-nuevos-salones\/","og_locale":"es_ES","og_type":"article","og_title":"Tendencias belleza primavera: u\u00f1as, cortes y relax | Treatwell","og_description":"Descubre las \u00faltimas tendencias de belleza para primavera: u\u00f1as coloridas, cortes frescos, maquillaje profesional y masajes. Estrena look en nuestros nuevos salones.","og_url":"https:\/\/www.treatwell.es/in-the-glow\/descubre-los-must-de-abril-en-nuestros-nuevos-salones\/","og_site_name":"In The Glow","article_published_time":"2018-04-06T08:00:57+00:00","article_modified_time":"2025-12-16T11:35:42+00:00","og_image":[{"width":500,"height":263,"url":"https:\/\/www.treatwell.es/in-the-glow\/wp-content\/uploads\/sites\/10\/2022\/03\/salones2.jpg","type":"image\/jpeg"}],"twitter_card":"summary_large_image","twitter_misc":{"Escrito por":"","Tiempo de lectura":"2 minutos"},"schema":{"@context":"https:\/\/schema.org","@graph":[{"@type":"Article","@id":"https:\/\/www.treatwell.es/in-the-glow\/descubre-los-must-de-abril-en-nuestros-nuevos-salones\/#article","isPartOf":{"@id":"https:\/\/www.treatwell.es/in-the-glow\/descubre-los-must-de-abril-en-nuestros-nuevos-salones\/"},"author":{"name":"","@id":""},"headline":"Descubre los must de abril en nuestros nuevos salones","datePublished":"2018-04-06T08:00:57+00:00","dateModified":"2025-12-16T11:35:42+00:00","mainEntityOfPage":{"@id":"https:\/\/www.treatwell.es/in-the-glow\/descubre-los-must-de-abril-en-nuestros-nuevos-salones\/"},"wordCount":332,"publisher":{"@id":"https:\/\/www.treatwell.es/in-the-glow\/#organization"},"image":{"@id":"https:\/\/www.treatwell.es/in-the-glow\/descubre-los-must-de-abril-en-nuestros-nuevos-salones\/#primaryimage"},"thumbnailUrl":"https:\/\/www.treatwell.es/in-the-glow\/wp-content\/uploads\/sites\/10\/2022\/03\/salones2.jpg","keywords":["Hair","Hair Colouring and Highlights","Haircuts and Hairdressing","Makeup","Makeup Studio","Manicure","Massage","Nail Art","Nails","Pedicure","Two Week Manicure","Two Week Pedicure"],"articleSection":["Beauty"],"inLanguage":"es"},{"@type":"WebPage","@id":"https:\/\/www.treatwell.es/in-the-glow\/descubre-los-must-de-abril-en-nuestros-nuevos-salones\/","url":"https:\/\/www.treatwell.es/in-the-glow\/descubre-los-must-de-abril-en-nuestros-nuevos-salones\/","name":"Tendencias belleza primavera: u\u00f1as, cortes y relax | Treatwell","isPartOf":{"@id":"https:\/\/www.treatwell.es/in-the-glow\/#website"},"primaryImageOfPage":{"@id":"https:\/\/www.treatwell.es/in-the-glow\/descubre-los-must-de-abril-en-nuestros-nuevos-salones\/#primaryimage"},"image":{"@id":"https:\/\/www.treatwell.es/in-the-glow\/descubre-los-must-de-abril-en-nuestros-nuevos-salones\/#primaryimage"},"thumbnailUrl":"https:\/\/www.treatwell.es/in-the-glow\/wp-content\/uploads\/sites\/10\/2022\/03\/salones2.jpg","datePublished":"2018-04-06T08:00:57+00:00","dateModified":"2025-12-16T11:35:42+00:00","description":"Descubre las \u00faltimas tendencias de belleza para primavera: u\u00f1as coloridas, cortes frescos, maquillaje profesional y masajes. Estrena look en nuestros nuevos salones.","breadcrumb":{"@id":"https:\/\/www.treatwell.es/in-the-glow\/descubre-los-must-de-abril-en-nuestros-nuevos-salones\/#breadcrumb"},"inLanguage":"es","potentialAction":[{"@type":"ReadAction","target":["https:\/\/www.treatwell.es/in-the-glow\/descubre-los-must-de-abril-en-nuestros-nuevos-salones\/"]}]},{"@type":"ImageObject","inLanguage":"es","@id":"https:\/\/www.treatwell.es/in-the-glow\/descubre-los-must-de-abril-en-nuestros-nuevos-salones\/#primaryimage","url":"https:\/\/www.treatwell.es/in-the-glow\/wp-content\/uploads\/sites\/10\/2022\/03\/salones2.jpg","contentUrl":"https:\/\/www.treatwell.es/in-the-glow\/wp-content\/uploads\/sites\/10\/2022\/03\/salones2.jpg","width":500,"height":263},{"@type":"BreadcrumbList","@id":"https:\/\/www.treatwell.es/in-the-glow\/descubre-los-must-de-abril-en-nuestros-nuevos-salones\/#breadcrumb","itemListElement":[{"@type":"ListItem","position":1,"name":"Home","item":"https:\/\/www.treatwell.es/in-the-glow\/"},{"@type":"ListItem","position":2,"name":"Beauty","item":"https:\/\/www.treatwell.es/in-the-glow\/beauty\/"},{"@type":"ListItem","position":3,"name":"Descubre los must de abril en nuestros nuevos salones"}]},{"@type":"WebSite","@id":"https:\/\/www.treatwell.es/in-the-glow\/#website","url":"https:\/\/www.treatwell.es/in-the-glow\/","name":"In The Glow","description":"Belleza. Pelo. Lifestyle.","publisher":{"@id":"https:\/\/www.treatwell.es/in-the-glow\/#organization"},"potentialAction":[{"@type":"SearchAction","target":{"@type":"EntryPoint","urlTemplate":"https:\/\/www.treatwell.es/in-the-glow\/?s={search_term_string}"},"query-input":{"@type":"PropertyValueSpecification","valueRequired":true,"valueName":"search_term_string"}}],"inLanguage":"es"},{"@type":"Organization","@id":"https:\/\/www.treatwell.es/in-the-glow\/#organization","name":"Treatwell","url":"https:\/\/www.treatwell.es/in-the-glow\/","logo":{"@type":"ImageObject","inLanguage":"es","@id":"https:\/\/www.treatwell.es/in-the-glow\/#\/schema\/logo\/image\/","url":"https:\/\/www.treatwell.es/in-the-glow\/wp-content\/uploads\/sites\/10\/2022\/03\/logo_treatwell.png","contentUrl":"https:\/\/www.treatwell.es/in-the-glow\/wp-content\/uploads\/sites\/10\/2022\/03\/logo_treatwell.png","width":889,"height":164,"caption":"Treatwell"},"image":{"@id":"https:\/\/www.treatwell.es/in-the-glow\/#\/schema\/logo\/image\/"}},{"@type":"Person","@id":"","url":"https:\/\/www.treatwell.es/in-the-glow\/author\/"}]}},"featured_image_src":"https:\/\/www.treatwell.es/in-the-glow\/wp-content\/uploads\/sites\/10\/2022\/03\/salones2.jpg","featured_image_src_square":"https:\/\/www.treatwell.es/in-the-glow\/wp-content\/uploads\/sites\/10\/2022\/03\/salones2.jpg","author_info":{"display_name":"","author_link":"https:\/\/www.treatwell.es/in-the-glow\/author\/"},"_links":{"self":[{"href":"https:\/\/www.treatwell.es\/in-the-glow\/wp-json\/wp\/v2\/posts\/25483","targetHints":{"allow":["GET"]}}],"collection":[{"href":"https:\/\/www.treatwell.es\/in-the-glow\/wp-json\/wp\/v2\/posts"}],"about":[{"href":"https:\/\/www.treatwell.es\/in-the-glow\/wp-json\/wp\/v2\/types\/post"}],"author":[{"embeddable":true,"href":"https:\/\/www.treatwell.es\/in-the-glow\/wp-json\/wp\/v2\/users\/3319"}],"replies":[{"embeddable":true,"href":"https:\/\/www.treatwell.es\/in-the-glow\/wp-json\/wp\/v2\/comments?post=25483"}],"version-history":[{"count":0,"href":"https:\/\/www.treatwell.es\/in-the-glow\/wp-json\/wp\/v2\/posts\/25483\/revisions"}],"wp:featuredmedia":[{"embeddable":true,"href":"https:\/\/www.treatwell.es\/in-the-glow\/wp-json\/wp\/v2\/media\/25489"}],"wp:attachment":[{"href":"https:\/\/www.treatwell.es\/in-the-glow\/wp-json\/wp\/v2\/media?parent=25483"}],"wp:term":[{"taxonomy":"category","embeddable":true,"href":"https:\/\/www.treatwell.es\/in-the-glow\/wp-json\/wp\/v2\/categories?post=25483"},{"taxonomy":"post_tag","embeddable":true,"href":"https:\/\/www.treatwell.es\/in-the-glow\/wp-json\/wp\/v2\/tags?post=25483"}],"curies":[{"name":"wp","href":"https:\/\/api.w.org\/{rel}","templated":true}]}}