{"id":25531,"date":"2018-04-10T12:33:32","date_gmt":"2018-04-10T10:33:32","guid":{"rendered":"https:\/\/www.treatwell.es\/in-the-glow\/?p=11799"},"modified":"2025-12-16T12:35:44","modified_gmt":"2025-12-16T11:35:44","slug":"tenirse-pelo-primera-vez","status":"publish","type":"post","link":"https:\/\/www.treatwell.es/in-the-glow\/tenirse-pelo-primera-vez\/","title":{"rendered":"Esto es lo que pasa cuando te ti\u00f1es el pelo por primera vez"},"content":{"rendered":"<p>\u00bfCu\u00e1ndo fue la \u00faltima vez que hiciste algo por primera vez? Nuestra amiga Kelly nunca antes se hab\u00eda te\u00f1ido&#8230; Y ahora ha decidido <a href=\"https:\/\/www.treatwell.es\/establecimientos\/tratamiento-tinte-y-mechas-mujer\/oferta-tipo-local\/en-es\/\">cambiarse el color del pelo por completo<\/a>. \u00bfC\u00f3mo ser\u00e1 su primera vez?<\/p>\n<p>Te contamos paso a paso c\u00f3mo fue su trasformaci\u00f3n de morena a pelirroja y ya te avisamos (cuidado, spoiler), que\u00a0el nuevo color de pelo le queda impresionante.<\/p>\n<div class=\"schema-faq wp-block-yoast-faq-block\">\n<div class=\"schema-faq-section\" id=\"faq-question-1765884565172\">\n<h3 class=\"schema-faq-question\">\u00bfCu\u00e1les son los pasos para te\u00f1irte el cabello por primera vez?<\/h3>\n<p class=\"schema-faq-answer\">Primero, elige el nuevo color que te gustar\u00eda conseguir en tu cabello. Luego, los profesionales aplican el tinte en toda la melena, dejan actuar el color unos 30 minutos, retiran el producto con un buen lavado, realizan un tratamiento de acondicionamiento profundo y finalizan con secador y peine para un resultado impecable.<\/div>\n<div class=\"schema-faq-section\" id=\"faq-question-1765884565173\">\n<h3 class=\"schema-faq-question\">\u00bfCu\u00e1nto tiempo necesitas esperar con el tinte aplicado?<\/h3>\n<p class=\"schema-faq-answer\">Debes esperar aproximadamente media hora con el tinte en el cabello. Este tiempo permite que el color penetre completamente y asegura un resultado uniforme y duradero.<\/div>\n<div class=\"schema-faq-section\" id=\"faq-question-1765884565174\">\n<h3 class=\"schema-faq-question\">\u00bfPor qu\u00e9 usar un tratamiento de acondicionamiento despu\u00e9s de te\u00f1irte?<\/h3>\n<p class=\"schema-faq-answer\">El tratamiento de acondicionamiento profundo protege el color y mantiene el brillo natural de tu cabello. Esta fase es esencial para cuidar la salud capilar despu\u00e9s de un cambio de color tan completo.<\/div>\n<div class=\"schema-faq-section\" id=\"faq-question-1765884565175\">\n<h3 class=\"schema-faq-question\">\u00bfQu\u00e9 resultado puedes conseguir al transformar tu color de cabello?<\/h3>\n<p class=\"schema-faq-answer\">Puedes obtener un resultado impecable y deslumbrante si sigues todos los pasos recomendados. Con un cambio de look bien realizado, tu cabello luce espectacular y completamente renovado.<\/div>\n<div class=\"schema-faq-section\" id=\"faq-question-1765884565176\">\n<h3 class=\"schema-faq-question\">\u00bfC\u00f3mo prepararte para un cambio de color radical si es tu primera vez?<\/h3>\n<p class=\"schema-faq-answer\">Elige con seguridad el tono que prefieras y comun\u00edcalo claramente antes de empezar el proceso. Sentirte a gusto con tu decisi\u00f3n es clave para disfrutar tu nueva imagen tras la transformaci\u00f3n.<\/div>\n<\/p><\/div>\n","protected":false},"excerpt":{"rendered":"<p>\u00bfCu\u00e1ndo fue la \u00faltima vez que hiciste algo por primera vez? Nuestra amiga Kelly nunca antes se hab\u00eda te\u00f1ido&#8230; Y ahora ha decidido cambiarse el color del pelo por completo. \u00bfC\u00f3mo ser\u00e1 su primera vez? Te contamos paso a paso c\u00f3mo fue su trasformaci\u00f3n de morena a pelirroja y ya te avisamos (cuidado, spoiler), que\u00a0el [&hellip;]<\/p>\n","protected":false},"author":3319,"featured_media":25540,"comment_status":"closed","ping_status":"closed","sticky":false,"template":"","format":"standard","meta":{"_acf_changed":false,"_yoast_wpseo_title":"Primera experiencia: tinte de pelo paso a paso | Treatwell","_yoast_wpseo_metadesc":"Descubre c\u00f3mo vivi\u00f3 Kelly su primer tinte de pelo, paso a paso. Conoce el proceso, consejos para un cambio de color exitoso y resultados espectaculares. An\u00edmate t\u00fa tambi\u00e9n.","_genesis_hide_title":false,"_genesis_hide_breadcrumbs":false,"_genesis_hide_singular_image":false,"_genesis_hide_footer_widgets":false,"_genesis_custom_body_class":"","_genesis_custom_post_class":"","_genesis_layout":"","saswp_custom_schema_field":"{\"@context\":\"https:\/\/schema.org\",\"@type\":\"FAQPage\",\"mainEntity\":[{\"@type\":\"Question\",\"name\":\"\u00bfCu\u00e1les son los pasos para te\u00f1irte el cabello por primera vez?\",\"acceptedAnswer\":{\"@type\":\"Answer\",\"text\":\"Primero, elige el nuevo color que te gustar\u00eda conseguir en tu cabello. Luego, los profesionales aplican el tinte en toda la melena, dejan actuar el color unos 30 minutos, retiran el producto con un buen lavado, realizan un tratamiento de acondicionamiento profundo y finalizan con secador y peine para un resultado impecable.\"}},{\"@type\":\"Question\",\"name\":\"\u00bfCu\u00e1nto tiempo necesitas esperar con el tinte aplicado?\",\"acceptedAnswer\":{\"@type\":\"Answer\",\"text\":\"Debes esperar aproximadamente media hora con el tinte en el cabello. Este tiempo permite que el color penetre completamente y asegura un resultado uniforme y duradero.\"}},{\"@type\":\"Question\",\"name\":\"\u00bfPor qu\u00e9 usar un tratamiento de acondicionamiento despu\u00e9s de te\u00f1irte?\",\"acceptedAnswer\":{\"@type\":\"Answer\",\"text\":\"El tratamiento de acondicionamiento profundo protege el color y mantiene el brillo natural de tu cabello. Esta fase es esencial para cuidar la salud capilar despu\u00e9s de un cambio de color tan completo.\"}},{\"@type\":\"Question\",\"name\":\"\u00bfQu\u00e9 resultado puedes conseguir al transformar tu color de cabello?\",\"acceptedAnswer\":{\"@type\":\"Answer\",\"text\":\"Puedes obtener un resultado impecable y deslumbrante si sigues todos los pasos recomendados. Con un cambio de look bien realizado, tu cabello luce espectacular y completamente renovado.\"}},{\"@type\":\"Question\",\"name\":\"\u00bfC\u00f3mo prepararte para un cambio de color radical si es tu primera vez?\",\"acceptedAnswer\":{\"@type\":\"Answer\",\"text\":\"Elige con seguridad el tono que prefieras y comun\u00edcalo claramente antes de empezar el proceso. Sentirte a gusto con tu decisi\u00f3n es clave para disfrutar tu nueva imagen tras la transformaci\u00f3n.\"}}]}","footnotes":""},"categories":[4],"tags":[48,49],"class_list":{"0":"post-25531","1":"post","2":"type-post","3":"status-publish","4":"format-standard","5":"has-post-thumbnail","7":"category-beauty","8":"tag-tr273","9":"tag-tr484","10":"entry"},"acf":{"post_credits":"Cr\u00e9ditos de im\u00e1genes: Dan Stephings.","beauty_blog_post_button_title":"","beauty_blog_post_button":"","landscape_picture":25539,"blocks":[{"block_title":"Paso 1","block_content":"<p>Ya no hay vuelta&nbsp;atr&aacute;s... Por fin Kelly&nbsp;va a te&ntilde;irse el pelo por primera vez. Y s&iacute;, como pod&eacute;is ver, eso es una risa nerviosa...<\/p>\n","video_content":"","block_picture":25532},{"block_title":"Paso 2","block_content":"<p>&iexcl;Comienza la acci&oacute;n! Lo primero que ha hecho Kelly es especificar el nuevo color de pelo que quiere y de ah&iacute;... &iexcl;Manos a la obra!<\/p>\n","video_content":"","block_picture":25533},{"block_title":"Paso 3","block_content":"<p>Tinte por aqu&iacute;, tinte por all&aacute;... Y ya est&aacute; cubierta toda su melena con el nuevo color. <em>Bye, bye<\/em>, moreno.<\/p>\n","video_content":"","block_picture":25534},{"block_title":"Paso 4","block_content":"<p>Una vez que&nbsp;ya est&aacute; aplicado&nbsp;todo el tinte hay que esperar una media hora para que penetre bien el color en el pelo.<\/p>\n","video_content":"","block_picture":25535},{"block_title":"Paso 5","block_content":"<p>Tras una ansiosa espera, toca quitar todo el tinte con un buen lavado y un&nbsp;tratamiento de acondicionamiento profundo para proteger el color y mantenerlo con brillo.<\/p>\n","video_content":"","block_picture":25536},{"block_title":"Paso 6","block_content":"<p>Y para terminar, d&eacute;jenle paso al secador y el peine para conseguir un acabado perfecto. &iquest;Es eso un&nbsp;pelirrojo deslumbrante lo que ven nuestros ojos?<\/p>\n","video_content":"","block_picture":25537},{"block_title":"Paso 7","block_content":"<p>&iexcl;Tach&aacute;n! El pelo de Kelly tras su primer tinte&nbsp;ha quedado simplemente...&nbsp;&iexcl;espectacular! Toda una trasformaci&oacute;n, sin lugar a dudas, para mejor. &iquest;Te animas t&uacute; tambi&eacute;n a un <a href=\"https:\/\/www.treatwell.es\/establecimientos\/tratamiento-tinte-y-mechas-mujer\/oferta-tipo-local\/en-es\/\">cambio de look<\/a>?<\/p>\n","video_content":"","block_picture":25538}]},"yoast_head":"<!-- This site is optimized with the Yoast SEO plugin v27.5 - https:\/\/yoast.com\/product\/yoast-seo-wordpress\/ -->\n<title>Primera experiencia: tinte de pelo paso a paso | Treatwell<\/title>\n<meta name=\"description\" content=\"Descubre c\u00f3mo vivi\u00f3 Kelly su primer tinte de pelo, paso a paso. Conoce el proceso, consejos para un cambio de color exitoso y resultados espectaculares. An\u00edmate t\u00fa tambi\u00e9n.\" \/>\n<meta name=\"robots\" content=\"index, follow, max-snippet:-1, max-image-preview:large, max-video-preview:-1\" \/>\n<link rel=\"canonical\" href=\"https:\/\/www.treatwell.es/in-the-glow\/tenirse-pelo-primera-vez\/\" \/>\n<meta property=\"og:locale\" content=\"es_ES\" \/>\n<meta property=\"og:type\" content=\"article\" \/>\n<meta property=\"og:title\" content=\"Primera experiencia: tinte de pelo paso a paso | Treatwell\" \/>\n<meta property=\"og:description\" content=\"Descubre c\u00f3mo vivi\u00f3 Kelly su primer tinte de pelo, paso a paso. Conoce el proceso, consejos para un cambio de color exitoso y resultados espectaculares. An\u00edmate t\u00fa tambi\u00e9n.\" \/>\n<meta property=\"og:url\" content=\"https:\/\/www.treatwell.es/in-the-glow\/tenirse-pelo-primera-vez\/\" \/>\n<meta property=\"og:site_name\" content=\"In The Glow\" \/>\n<meta property=\"article:published_time\" content=\"2018-04-10T10:33:32+00:00\" \/>\n<meta property=\"article:modified_time\" content=\"2025-12-16T11:35:44+00:00\" \/>\n<meta property=\"og:image\" content=\"https:\/\/www.treatwell.es/in-the-glow\/wp-content\/uploads\/sites\/10\/2022\/03\/Primer_Tinte_Pelo_Treat.gif\" \/>\n\t<meta property=\"og:image:width\" content=\"500\" \/>\n\t<meta property=\"og:image:height\" content=\"500\" \/>\n\t<meta property=\"og:image:type\" content=\"image\/gif\" \/>\n<meta name=\"twitter:card\" content=\"summary_large_image\" \/>\n<meta name=\"twitter:label1\" content=\"Escrito por\" \/>\n\t<meta name=\"twitter:data1\" content=\"\" \/>\n\t<meta name=\"twitter:label2\" content=\"Tiempo de lectura\" \/>\n\t<meta name=\"twitter:data2\" content=\"2 minutos\" \/>\n<script type=\"application\/ld+json\" class=\"yoast-schema-graph\">{\"@context\":\"https:\\\/\\\/schema.org\",\"@graph\":[{\"@type\":\"Article\",\"@id\":\"https:\\\/\\\/www.treatwell.es/in-the-glow\\\/tenirse-pelo-primera-vez\\\/#article\",\"isPartOf\":{\"@id\":\"https:\\\/\\\/www.treatwell.es/in-the-glow\\\/tenirse-pelo-primera-vez\\\/\"},\"author\":{\"name\":\"\",\"@id\":\"\"},\"headline\":\"Esto es lo que pasa cuando te ti\u00f1es el pelo por primera vez\",\"datePublished\":\"2018-04-10T10:33:32+00:00\",\"dateModified\":\"2025-12-16T11:35:44+00:00\",\"mainEntityOfPage\":{\"@id\":\"https:\\\/\\\/www.treatwell.es/in-the-glow\\\/tenirse-pelo-primera-vez\\\/\"},\"wordCount\":314,\"publisher\":{\"@id\":\"https:\\\/\\\/www.treatwell.es/in-the-glow\\\/#organization\"},\"image\":{\"@id\":\"https:\\\/\\\/www.treatwell.es/in-the-glow\\\/tenirse-pelo-primera-vez\\\/#primaryimage\"},\"thumbnailUrl\":\"https:\\\/\\\/www.treatwell.es/in-the-glow\\\/wp-content\\\/uploads\\\/sites\\\/10\\\/2022\\\/03\\\/Primer_Tinte_Pelo_Treat.gif\",\"keywords\":[\"Hair Colouring and Highlights\",\"Hair Consulting\"],\"articleSection\":[\"Beauty\"],\"inLanguage\":\"es\"},{\"@type\":\"WebPage\",\"@id\":\"https:\\\/\\\/www.treatwell.es/in-the-glow\\\/tenirse-pelo-primera-vez\\\/\",\"url\":\"https:\\\/\\\/www.treatwell.es/in-the-glow\\\/tenirse-pelo-primera-vez\\\/\",\"name\":\"Primera experiencia: tinte de pelo paso a paso | Treatwell\",\"isPartOf\":{\"@id\":\"https:\\\/\\\/www.treatwell.es/in-the-glow\\\/#website\"},\"primaryImageOfPage\":{\"@id\":\"https:\\\/\\\/www.treatwell.es/in-the-glow\\\/tenirse-pelo-primera-vez\\\/#primaryimage\"},\"image\":{\"@id\":\"https:\\\/\\\/www.treatwell.es/in-the-glow\\\/tenirse-pelo-primera-vez\\\/#primaryimage\"},\"thumbnailUrl\":\"https:\\\/\\\/www.treatwell.es/in-the-glow\\\/wp-content\\\/uploads\\\/sites\\\/10\\\/2022\\\/03\\\/Primer_Tinte_Pelo_Treat.gif\",\"datePublished\":\"2018-04-10T10:33:32+00:00\",\"dateModified\":\"2025-12-16T11:35:44+00:00\",\"description\":\"Descubre c\u00f3mo vivi\u00f3 Kelly su primer tinte de pelo, paso a paso. Conoce el proceso, consejos para un cambio de color exitoso y resultados espectaculares. An\u00edmate t\u00fa tambi\u00e9n.\",\"breadcrumb\":{\"@id\":\"https:\\\/\\\/www.treatwell.es/in-the-glow\\\/tenirse-pelo-primera-vez\\\/#breadcrumb\"},\"inLanguage\":\"es\",\"potentialAction\":[{\"@type\":\"ReadAction\",\"target\":[\"https:\\\/\\\/www.treatwell.es/in-the-glow\\\/tenirse-pelo-primera-vez\\\/\"]}]},{\"@type\":\"ImageObject\",\"inLanguage\":\"es\",\"@id\":\"https:\\\/\\\/www.treatwell.es/in-the-glow\\\/tenirse-pelo-primera-vez\\\/#primaryimage\",\"url\":\"https:\\\/\\\/www.treatwell.es/in-the-glow\\\/wp-content\\\/uploads\\\/sites\\\/10\\\/2022\\\/03\\\/Primer_Tinte_Pelo_Treat.gif\",\"contentUrl\":\"https:\\\/\\\/www.treatwell.es/in-the-glow\\\/wp-content\\\/uploads\\\/sites\\\/10\\\/2022\\\/03\\\/Primer_Tinte_Pelo_Treat.gif\",\"width\":500,\"height\":500},{\"@type\":\"BreadcrumbList\",\"@id\":\"https:\\\/\\\/www.treatwell.es/in-the-glow\\\/tenirse-pelo-primera-vez\\\/#breadcrumb\",\"itemListElement\":[{\"@type\":\"ListItem\",\"position\":1,\"name\":\"Home\",\"item\":\"https:\\\/\\\/www.treatwell.es/in-the-glow\\\/\"},{\"@type\":\"ListItem\",\"position\":2,\"name\":\"Beauty\",\"item\":\"https:\\\/\\\/www.treatwell.es/in-the-glow\\\/beauty\\\/\"},{\"@type\":\"ListItem\",\"position\":3,\"name\":\"Esto es lo que pasa cuando te ti\u00f1es el pelo por primera vez\"}]},{\"@type\":\"WebSite\",\"@id\":\"https:\\\/\\\/www.treatwell.es/in-the-glow\\\/#website\",\"url\":\"https:\\\/\\\/www.treatwell.es/in-the-glow\\\/\",\"name\":\"In The Glow\",\"description\":\"Belleza. Pelo. Lifestyle.\",\"publisher\":{\"@id\":\"https:\\\/\\\/www.treatwell.es/in-the-glow\\\/#organization\"},\"potentialAction\":[{\"@type\":\"SearchAction\",\"target\":{\"@type\":\"EntryPoint\",\"urlTemplate\":\"https:\\\/\\\/www.treatwell.es/in-the-glow\\\/?s={search_term_string}\"},\"query-input\":{\"@type\":\"PropertyValueSpecification\",\"valueRequired\":true,\"valueName\":\"search_term_string\"}}],\"inLanguage\":\"es\"},{\"@type\":\"Organization\",\"@id\":\"https:\\\/\\\/www.treatwell.es/in-the-glow\\\/#organization\",\"name\":\"Treatwell\",\"url\":\"https:\\\/\\\/www.treatwell.es/in-the-glow\\\/\",\"logo\":{\"@type\":\"ImageObject\",\"inLanguage\":\"es\",\"@id\":\"https:\\\/\\\/www.treatwell.es/in-the-glow\\\/#\\\/schema\\\/logo\\\/image\\\/\",\"url\":\"https:\\\/\\\/www.treatwell.es/in-the-glow\\\/wp-content\\\/uploads\\\/sites\\\/10\\\/2022\\\/03\\\/logo_treatwell.png\",\"contentUrl\":\"https:\\\/\\\/www.treatwell.es/in-the-glow\\\/wp-content\\\/uploads\\\/sites\\\/10\\\/2022\\\/03\\\/logo_treatwell.png\",\"width\":889,\"height\":164,\"caption\":\"Treatwell\"},\"image\":{\"@id\":\"https:\\\/\\\/www.treatwell.es/in-the-glow\\\/#\\\/schema\\\/logo\\\/image\\\/\"}},{\"@type\":\"Person\",\"@id\":\"\",\"url\":\"https:\\\/\\\/www.treatwell.es/in-the-glow\\\/author\\\/\"}]}<\/script>\n<!-- \/ Yoast SEO plugin. -->","yoast_head_json":{"title":"Primera experiencia: tinte de pelo paso a paso | Treatwell","description":"Descubre c\u00f3mo vivi\u00f3 Kelly su primer tinte de pelo, paso a paso. Conoce el proceso, consejos para un cambio de color exitoso y resultados espectaculares. An\u00edmate t\u00fa tambi\u00e9n.","robots":{"index":"index","follow":"follow","max-snippet":"max-snippet:-1","max-image-preview":"max-image-preview:large","max-video-preview":"max-video-preview:-1"},"canonical":"https:\/\/www.treatwell.es/in-the-glow\/tenirse-pelo-primera-vez\/","og_locale":"es_ES","og_type":"article","og_title":"Primera experiencia: tinte de pelo paso a paso | Treatwell","og_description":"Descubre c\u00f3mo vivi\u00f3 Kelly su primer tinte de pelo, paso a paso. Conoce el proceso, consejos para un cambio de color exitoso y resultados espectaculares. An\u00edmate t\u00fa tambi\u00e9n.","og_url":"https:\/\/www.treatwell.es/in-the-glow\/tenirse-pelo-primera-vez\/","og_site_name":"In The Glow","article_published_time":"2018-04-10T10:33:32+00:00","article_modified_time":"2025-12-16T11:35:44+00:00","og_image":[{"width":500,"height":500,"url":"https:\/\/www.treatwell.es/in-the-glow\/wp-content\/uploads\/sites\/10\/2022\/03\/Primer_Tinte_Pelo_Treat.gif","type":"image\/gif"}],"twitter_card":"summary_large_image","twitter_misc":{"Escrito por":"","Tiempo de lectura":"2 minutos"},"schema":{"@context":"https:\/\/schema.org","@graph":[{"@type":"Article","@id":"https:\/\/www.treatwell.es/in-the-glow\/tenirse-pelo-primera-vez\/#article","isPartOf":{"@id":"https:\/\/www.treatwell.es/in-the-glow\/tenirse-pelo-primera-vez\/"},"author":{"name":"","@id":""},"headline":"Esto es lo que pasa cuando te ti\u00f1es el pelo por primera vez","datePublished":"2018-04-10T10:33:32+00:00","dateModified":"2025-12-16T11:35:44+00:00","mainEntityOfPage":{"@id":"https:\/\/www.treatwell.es/in-the-glow\/tenirse-pelo-primera-vez\/"},"wordCount":314,"publisher":{"@id":"https:\/\/www.treatwell.es/in-the-glow\/#organization"},"image":{"@id":"https:\/\/www.treatwell.es/in-the-glow\/tenirse-pelo-primera-vez\/#primaryimage"},"thumbnailUrl":"https:\/\/www.treatwell.es/in-the-glow\/wp-content\/uploads\/sites\/10\/2022\/03\/Primer_Tinte_Pelo_Treat.gif","keywords":["Hair Colouring and Highlights","Hair Consulting"],"articleSection":["Beauty"],"inLanguage":"es"},{"@type":"WebPage","@id":"https:\/\/www.treatwell.es/in-the-glow\/tenirse-pelo-primera-vez\/","url":"https:\/\/www.treatwell.es/in-the-glow\/tenirse-pelo-primera-vez\/","name":"Primera experiencia: tinte de pelo paso a paso | Treatwell","isPartOf":{"@id":"https:\/\/www.treatwell.es/in-the-glow\/#website"},"primaryImageOfPage":{"@id":"https:\/\/www.treatwell.es/in-the-glow\/tenirse-pelo-primera-vez\/#primaryimage"},"image":{"@id":"https:\/\/www.treatwell.es/in-the-glow\/tenirse-pelo-primera-vez\/#primaryimage"},"thumbnailUrl":"https:\/\/www.treatwell.es/in-the-glow\/wp-content\/uploads\/sites\/10\/2022\/03\/Primer_Tinte_Pelo_Treat.gif","datePublished":"2018-04-10T10:33:32+00:00","dateModified":"2025-12-16T11:35:44+00:00","description":"Descubre c\u00f3mo vivi\u00f3 Kelly su primer tinte de pelo, paso a paso. Conoce el proceso, consejos para un cambio de color exitoso y resultados espectaculares. An\u00edmate t\u00fa tambi\u00e9n.","breadcrumb":{"@id":"https:\/\/www.treatwell.es/in-the-glow\/tenirse-pelo-primera-vez\/#breadcrumb"},"inLanguage":"es","potentialAction":[{"@type":"ReadAction","target":["https:\/\/www.treatwell.es/in-the-glow\/tenirse-pelo-primera-vez\/"]}]},{"@type":"ImageObject","inLanguage":"es","@id":"https:\/\/www.treatwell.es/in-the-glow\/tenirse-pelo-primera-vez\/#primaryimage","url":"https:\/\/www.treatwell.es/in-the-glow\/wp-content\/uploads\/sites\/10\/2022\/03\/Primer_Tinte_Pelo_Treat.gif","contentUrl":"https:\/\/www.treatwell.es/in-the-glow\/wp-content\/uploads\/sites\/10\/2022\/03\/Primer_Tinte_Pelo_Treat.gif","width":500,"height":500},{"@type":"BreadcrumbList","@id":"https:\/\/www.treatwell.es/in-the-glow\/tenirse-pelo-primera-vez\/#breadcrumb","itemListElement":[{"@type":"ListItem","position":1,"name":"Home","item":"https:\/\/www.treatwell.es/in-the-glow\/"},{"@type":"ListItem","position":2,"name":"Beauty","item":"https:\/\/www.treatwell.es/in-the-glow\/beauty\/"},{"@type":"ListItem","position":3,"name":"Esto es lo que pasa cuando te ti\u00f1es el pelo por primera vez"}]},{"@type":"WebSite","@id":"https:\/\/www.treatwell.es/in-the-glow\/#website","url":"https:\/\/www.treatwell.es/in-the-glow\/","name":"In The Glow","description":"Belleza. Pelo. Lifestyle.","publisher":{"@id":"https:\/\/www.treatwell.es/in-the-glow\/#organization"},"potentialAction":[{"@type":"SearchAction","target":{"@type":"EntryPoint","urlTemplate":"https:\/\/www.treatwell.es/in-the-glow\/?s={search_term_string}"},"query-input":{"@type":"PropertyValueSpecification","valueRequired":true,"valueName":"search_term_string"}}],"inLanguage":"es"},{"@type":"Organization","@id":"https:\/\/www.treatwell.es/in-the-glow\/#organization","name":"Treatwell","url":"https:\/\/www.treatwell.es/in-the-glow\/","logo":{"@type":"ImageObject","inLanguage":"es","@id":"https:\/\/www.treatwell.es/in-the-glow\/#\/schema\/logo\/image\/","url":"https:\/\/www.treatwell.es/in-the-glow\/wp-content\/uploads\/sites\/10\/2022\/03\/logo_treatwell.png","contentUrl":"https:\/\/www.treatwell.es/in-the-glow\/wp-content\/uploads\/sites\/10\/2022\/03\/logo_treatwell.png","width":889,"height":164,"caption":"Treatwell"},"image":{"@id":"https:\/\/www.treatwell.es/in-the-glow\/#\/schema\/logo\/image\/"}},{"@type":"Person","@id":"","url":"https:\/\/www.treatwell.es/in-the-glow\/author\/"}]}},"featured_image_src":"https:\/\/www.treatwell.es/in-the-glow\/wp-content\/uploads\/sites\/10\/2022\/03\/Primer_Tinte_Pelo_Treat-500x400.gif","featured_image_src_square":"https:\/\/www.treatwell.es/in-the-glow\/wp-content\/uploads\/sites\/10\/2022\/03\/Primer_Tinte_Pelo_Treat.gif","author_info":{"display_name":"","author_link":"https:\/\/www.treatwell.es/in-the-glow\/author\/"},"_links":{"self":[{"href":"https:\/\/www.treatwell.es\/in-the-glow\/wp-json\/wp\/v2\/posts\/25531","targetHints":{"allow":["GET"]}}],"collection":[{"href":"https:\/\/www.treatwell.es\/in-the-glow\/wp-json\/wp\/v2\/posts"}],"about":[{"href":"https:\/\/www.treatwell.es\/in-the-glow\/wp-json\/wp\/v2\/types\/post"}],"author":[{"embeddable":true,"href":"https:\/\/www.treatwell.es\/in-the-glow\/wp-json\/wp\/v2\/users\/3319"}],"replies":[{"embeddable":true,"href":"https:\/\/www.treatwell.es\/in-the-glow\/wp-json\/wp\/v2\/comments?post=25531"}],"version-history":[{"count":0,"href":"https:\/\/www.treatwell.es\/in-the-glow\/wp-json\/wp\/v2\/posts\/25531\/revisions"}],"wp:featuredmedia":[{"embeddable":true,"href":"https:\/\/www.treatwell.es\/in-the-glow\/wp-json\/wp\/v2\/media\/25540"}],"wp:attachment":[{"href":"https:\/\/www.treatwell.es\/in-the-glow\/wp-json\/wp\/v2\/media?parent=25531"}],"wp:term":[{"taxonomy":"category","embeddable":true,"href":"https:\/\/www.treatwell.es\/in-the-glow\/wp-json\/wp\/v2\/categories?post=25531"},{"taxonomy":"post_tag","embeddable":true,"href":"https:\/\/www.treatwell.es\/in-the-glow\/wp-json\/wp\/v2\/tags?post=25531"}],"curies":[{"name":"wp","href":"https:\/\/api.w.org\/{rel}","templated":true}]}}