{"id":25825,"date":"2018-05-05T10:00:16","date_gmt":"2018-05-05T08:00:16","guid":{"rendered":"https:\/\/www.treatwell.es\/in-the-glow\/?p=11902"},"modified":"2025-12-16T12:35:48","modified_gmt":"2025-12-16T11:35:48","slug":"depilacion-facial-electrica","status":"publish","type":"post","link":"https:\/\/www.treatwell.es/in-the-glow\/depilacion-facial-electrica\/","title":{"rendered":"La depilaci\u00f3n facial el\u00e9ctrica o c\u00f3mo despedirse de la cera"},"content":{"rendered":"<p>Lo sabemos.\u00a0La cera no es\u00a0lo que se diga el m\u00e9todo m\u00e1s indoloro para depilarse. Si que es verdad que cuanto m\u00e1s te la haces, m\u00e1s te acostumbras y menos pelos te salen. Pero esa es la cosa, que\u00a0hay que repet\u00edrsela cada cierto tiempo. Si quieres olvidarte para siempre del vello, la <a href=\"https:\/\/www.treatwell.es\/establecimientos\/tratamiento-depilacion-electrica,depilacion-laser,fotodepilacion-con-luz-pulsada-intensa-ipl\/oferta-tipo-local\/en-es\/\">depilaci\u00f3n facial el\u00e9ctrica<\/a> puede ser la clave para\u00a0conseguirlo.<\/p>\n<p>As\u00ed que si lo que quieres es decirle\u00a0<em>bye, bye<\/em> (y hasta nunca)\u00a0a esos pelillos y no volver a pensar en depilarte nunca m\u00e1s, est\u00e1s en el lugar indicado.<\/p>\n<div class=\"schema-faq wp-block-yoast-faq-block\"><\/div>\n","protected":false},"excerpt":{"rendered":"<p>Lo sabemos.\u00a0La cera no es\u00a0lo que se diga el m\u00e9todo m\u00e1s indoloro para depilarse. Si que es verdad que cuanto m\u00e1s te la haces, m\u00e1s te acostumbras y menos pelos te salen. Pero esa es la cosa, que\u00a0hay que repet\u00edrsela cada cierto tiempo. Si quieres olvidarte para siempre del vello, la depilaci\u00f3n facial el\u00e9ctrica puede [&hellip;]<\/p>\n","protected":false},"author":3319,"featured_media":25830,"comment_status":"closed","ping_status":"closed","sticky":false,"template":"","format":"standard","meta":{"_acf_changed":false,"_genesis_hide_title":false,"_genesis_hide_breadcrumbs":false,"_genesis_hide_singular_image":false,"_genesis_hide_footer_widgets":false,"_genesis_custom_body_class":"","_genesis_custom_post_class":"","_genesis_layout":"","saswp_custom_schema_field":"","footnotes":""},"categories":[1],"tags":[107],"class_list":["post-25825","post","type-post","status-publish","format-standard","has-post-thumbnail","category-senza-categoria","tag-tt43","entry"],"acf":{"post_credits":"","beauty_blog_post_button_title":"","beauty_blog_post_button":"","landscape_picture":25829,"blocks":[{"block_title":"1. Luz pulsada intensa (IPL)","block_content":"<p>En este tratamiento <a href=\"https:\/\/www.treatwell.es\/establecimientos\/tratamiento-fotodepilacion-con-luz-pulsada-intensa-ipl\/oferta-tipo-local\/en-es\/\">la protagonista es la luz<\/a>, que consigue acabar con el pelo desde la ra&iacute;z. Despu&eacute;s de las primeras sesiones, el vello vuelve a salir, s&iacute;, pero cada vez lo hace m&aacute;s d&eacute;bil, hasta que pierde toda su fuerza y... &iexcl;no sale nunca m&aacute;s! Aunque sea un tratamiento lento, la principal ventaja es que sirve para distintos tipos de piel y de vello. Ya seas rubia o tengas la piel morena, &iexcl;la depilaci&oacute;n IPL es para ti!<\/p>\n","video_content":"","block_picture":25826},{"block_title":"2. L\u00e1ser","block_content":"<p>Es el <a href=\"https:\/\/www.treatwell.es\/establecimientos\/tratamiento-depilacion-laser\/oferta-tipo-local\/en-es\/\">sistema de depilaci&oacute;n facial definitivo<\/a> m&aacute;s utilizado y funciona pr&aacute;cticamente igual que la luz pulsada. Si tienes la piel clara y el vello oscuro, resulta ideal. Pero &iexcl;alto! Est&aacute; desaconsejado para personas de piel oscura o con el pelo canoso. Vale, es un poco m&aacute;s caro que la IPL, pero m&aacute;s r&aacute;pido, &iexcl;y ahorrar&aacute;s tiempo!<\/p>\n","video_content":"","block_picture":25827},{"block_title":"3. Depilacion el\u00e9ctrica","block_content":"<p>Es un procedimiento totalmente diferente a los anteriores. En este caso, se introduce en el fol&iacute;culo una fin&iacute;sima aguja est&eacute;ril que emite una <a href=\"https:\/\/www.treatwell.es\/establecimientos\/tratamiento-depilacion-electrica\/oferta-tipo-local\/en-es\/\">peque&ntilde;a descarga el&eacute;ctrica<\/a> con el objetivo de acabar de una vez por todas con la ra&iacute;z del pelo. A partir de ah&iacute;, la historia es la de siempre: el pelo va perdiendo fuerza seg&uacute;n avanzan las sesiones hasta que acaba desapareciendo y t&uacute; gritas... &quot;&iexcl;Hurra!&quot;. Los resultados te sorprender&aacute;n, &iexcl;ya ver&aacute;s!<\/p>\n","video_content":"","block_picture":25828}]},"yoast_head":"<!-- This site is optimized with the Yoast SEO plugin v28.2 - https:\/\/yoast.com\/product\/yoast-seo-wordpress\/ -->\n<title>Depilaci\u00f3n facial definitiva: m\u00e9todos y consejos | Treatwell<\/title>\n<meta name=\"description\" content=\"Olv\u00eddate del vello con depilaci\u00f3n facial el\u00e9ctrica, IPL y l\u00e1ser. Conoce sus ventajas, tipos de piel, resultados y consejos para elegir tu mejor opci\u00f3n.\" \/>\n<meta name=\"robots\" content=\"index, follow, max-snippet:-1, max-image-preview:large, max-video-preview:-1\" \/>\n<link rel=\"canonical\" href=\"https:\/\/www.treatwell.es/in-the-glow\/depilacion-facial-electrica\/\" \/>\n<meta property=\"og:locale\" content=\"es_ES\" \/>\n<meta property=\"og:type\" content=\"article\" \/>\n<meta property=\"og:title\" content=\"Depilaci\u00f3n facial definitiva: m\u00e9todos y consejos | Treatwell\" \/>\n<meta property=\"og:description\" content=\"Olv\u00eddate del vello con depilaci\u00f3n facial el\u00e9ctrica, IPL y l\u00e1ser. Conoce sus ventajas, tipos de piel, resultados y consejos para elegir tu mejor opci\u00f3n.\" \/>\n<meta property=\"og:url\" content=\"https:\/\/www.treatwell.es/in-the-glow\/depilacion-facial-electrica\/\" \/>\n<meta property=\"og:site_name\" content=\"In The Glow\" \/>\n<meta property=\"article:published_time\" content=\"2018-05-05T08:00:16+00:00\" \/>\n<meta property=\"article:modified_time\" content=\"2025-12-16T11:35:48+00:00\" \/>\n<meta property=\"og:image\" content=\"https:\/\/www.treatwell.es/in-the-glow\/wp-content\/uploads\/sites\/10\/2022\/03\/Depilacion_Facial_Treat.jpg\" \/>\n\t<meta property=\"og:image:width\" content=\"500\" \/>\n\t<meta property=\"og:image:height\" content=\"315\" \/>\n\t<meta property=\"og:image:type\" content=\"image\/jpeg\" \/>\n<meta name=\"twitter:card\" content=\"summary_large_image\" \/>\n<meta name=\"twitter:label1\" content=\"Escrito por\" \/>\n\t<meta name=\"twitter:data1\" content=\"\" \/>\n\t<meta name=\"twitter:label2\" content=\"Tiempo de lectura\" \/>\n\t<meta name=\"twitter:data2\" content=\"1 minuto\" \/>\n<script type=\"application\/ld+json\" class=\"yoast-schema-graph\">{\"@context\":\"https:\\\/\\\/schema.org\",\"@graph\":[{\"@type\":\"Article\",\"@id\":\"https:\\\/\\\/www.treatwell.es/in-the-glow\\\/depilacion-facial-electrica\\\/#article\",\"isPartOf\":{\"@id\":\"https:\\\/\\\/www.treatwell.es/in-the-glow\\\/depilacion-facial-electrica\\\/\"},\"author\":{\"name\":\"\",\"@id\":\"\"},\"headline\":\"La depilaci\u00f3n facial el\u00e9ctrica o c\u00f3mo despedirse de la cera\",\"datePublished\":\"2018-05-05T08:00:16+00:00\",\"dateModified\":\"2025-12-16T11:35:48+00:00\",\"mainEntityOfPage\":{\"@id\":\"https:\\\/\\\/www.treatwell.es/in-the-glow\\\/depilacion-facial-electrica\\\/\"},\"wordCount\":115,\"publisher\":{\"@id\":\"https:\\\/\\\/www.treatwell.es/in-the-glow\\\/#organization\"},\"image\":{\"@id\":\"https:\\\/\\\/www.treatwell.es/in-the-glow\\\/depilacion-facial-electrica\\\/#primaryimage\"},\"thumbnailUrl\":\"https:\\\/\\\/www.treatwell.es/in-the-glow\\\/wp-content\\\/uploads\\\/sites\\\/10\\\/2022\\\/03\\\/Depilacion_Facial_Treat.jpg\",\"keywords\":[\"Hair removal\"],\"articleSection\":[\"Senza categoria\"],\"inLanguage\":\"es\"},{\"@type\":\"WebPage\",\"@id\":\"https:\\\/\\\/www.treatwell.es/in-the-glow\\\/depilacion-facial-electrica\\\/\",\"url\":\"https:\\\/\\\/www.treatwell.es/in-the-glow\\\/depilacion-facial-electrica\\\/\",\"name\":\"Depilaci\u00f3n facial definitiva: m\u00e9todos y consejos | Treatwell\",\"isPartOf\":{\"@id\":\"https:\\\/\\\/www.treatwell.es/in-the-glow\\\/#website\"},\"primaryImageOfPage\":{\"@id\":\"https:\\\/\\\/www.treatwell.es/in-the-glow\\\/depilacion-facial-electrica\\\/#primaryimage\"},\"image\":{\"@id\":\"https:\\\/\\\/www.treatwell.es/in-the-glow\\\/depilacion-facial-electrica\\\/#primaryimage\"},\"thumbnailUrl\":\"https:\\\/\\\/www.treatwell.es/in-the-glow\\\/wp-content\\\/uploads\\\/sites\\\/10\\\/2022\\\/03\\\/Depilacion_Facial_Treat.jpg\",\"datePublished\":\"2018-05-05T08:00:16+00:00\",\"dateModified\":\"2025-12-16T11:35:48+00:00\",\"description\":\"Olv\u00eddate del vello con depilaci\u00f3n facial el\u00e9ctrica, IPL y l\u00e1ser. Conoce sus ventajas, tipos de piel, resultados y consejos para elegir tu mejor opci\u00f3n.\",\"breadcrumb\":{\"@id\":\"https:\\\/\\\/www.treatwell.es/in-the-glow\\\/depilacion-facial-electrica\\\/#breadcrumb\"},\"inLanguage\":\"es\",\"potentialAction\":[{\"@type\":\"ReadAction\",\"target\":[\"https:\\\/\\\/www.treatwell.es/in-the-glow\\\/depilacion-facial-electrica\\\/\"]}]},{\"@type\":\"ImageObject\",\"inLanguage\":\"es\",\"@id\":\"https:\\\/\\\/www.treatwell.es/in-the-glow\\\/depilacion-facial-electrica\\\/#primaryimage\",\"url\":\"https:\\\/\\\/www.treatwell.es/in-the-glow\\\/wp-content\\\/uploads\\\/sites\\\/10\\\/2022\\\/03\\\/Depilacion_Facial_Treat.jpg\",\"contentUrl\":\"https:\\\/\\\/www.treatwell.es/in-the-glow\\\/wp-content\\\/uploads\\\/sites\\\/10\\\/2022\\\/03\\\/Depilacion_Facial_Treat.jpg\",\"width\":500,\"height\":315},{\"@type\":\"BreadcrumbList\",\"@id\":\"https:\\\/\\\/www.treatwell.es/in-the-glow\\\/depilacion-facial-electrica\\\/#breadcrumb\",\"itemListElement\":[{\"@type\":\"ListItem\",\"position\":1,\"name\":\"Home\",\"item\":\"https:\\\/\\\/www.treatwell.es/in-the-glow\\\/\"},{\"@type\":\"ListItem\",\"position\":2,\"name\":\"Senza categoria\",\"item\":\"https:\\\/\\\/www.treatwell.es/in-the-glow\\\/senza-categoria\\\/\"},{\"@type\":\"ListItem\",\"position\":3,\"name\":\"La depilaci\u00f3n facial el\u00e9ctrica o c\u00f3mo despedirse de la cera\"}]},{\"@type\":\"WebSite\",\"@id\":\"https:\\\/\\\/www.treatwell.es/in-the-glow\\\/#website\",\"url\":\"https:\\\/\\\/www.treatwell.es/in-the-glow\\\/\",\"name\":\"In The Glow\",\"description\":\"Belleza. Pelo. Lifestyle.\",\"publisher\":{\"@id\":\"https:\\\/\\\/www.treatwell.es/in-the-glow\\\/#organization\"},\"potentialAction\":[{\"@type\":\"SearchAction\",\"target\":{\"@type\":\"EntryPoint\",\"urlTemplate\":\"https:\\\/\\\/www.treatwell.es/in-the-glow\\\/?s={search_term_string}\"},\"query-input\":{\"@type\":\"PropertyValueSpecification\",\"valueRequired\":true,\"valueName\":\"search_term_string\"}}],\"inLanguage\":\"es\"},{\"@type\":\"Organization\",\"@id\":\"https:\\\/\\\/www.treatwell.es/in-the-glow\\\/#organization\",\"name\":\"Treatwell\",\"url\":\"https:\\\/\\\/www.treatwell.es/in-the-glow\\\/\",\"logo\":{\"@type\":\"ImageObject\",\"inLanguage\":\"es\",\"@id\":\"https:\\\/\\\/www.treatwell.es/in-the-glow\\\/#\\\/schema\\\/logo\\\/image\\\/\",\"url\":\"https:\\\/\\\/www.treatwell.es/in-the-glow\\\/wp-content\\\/uploads\\\/sites\\\/10\\\/2022\\\/03\\\/logo_treatwell.png\",\"contentUrl\":\"https:\\\/\\\/www.treatwell.es/in-the-glow\\\/wp-content\\\/uploads\\\/sites\\\/10\\\/2022\\\/03\\\/logo_treatwell.png\",\"width\":889,\"height\":164,\"caption\":\"Treatwell\"},\"image\":{\"@id\":\"https:\\\/\\\/www.treatwell.es/in-the-glow\\\/#\\\/schema\\\/logo\\\/image\\\/\"}},{\"@type\":\"Person\",\"@id\":\"\",\"url\":\"https:\\\/\\\/www.treatwell.es/in-the-glow\\\/author\\\/\"}]}<\/script>\n<!-- \/ Yoast SEO plugin. -->","yoast_head_json":{"title":"Depilaci\u00f3n facial definitiva: m\u00e9todos y consejos | Treatwell","description":"Olv\u00eddate del vello con depilaci\u00f3n facial el\u00e9ctrica, IPL y l\u00e1ser. Conoce sus ventajas, tipos de piel, resultados y consejos para elegir tu mejor opci\u00f3n.","robots":{"index":"index","follow":"follow","max-snippet":"max-snippet:-1","max-image-preview":"max-image-preview:large","max-video-preview":"max-video-preview:-1"},"canonical":"https:\/\/www.treatwell.es/in-the-glow\/depilacion-facial-electrica\/","og_locale":"es_ES","og_type":"article","og_title":"Depilaci\u00f3n facial definitiva: m\u00e9todos y consejos | Treatwell","og_description":"Olv\u00eddate del vello con depilaci\u00f3n facial el\u00e9ctrica, IPL y l\u00e1ser. Conoce sus ventajas, tipos de piel, resultados y consejos para elegir tu mejor opci\u00f3n.","og_url":"https:\/\/www.treatwell.es/in-the-glow\/depilacion-facial-electrica\/","og_site_name":"In The Glow","article_published_time":"2018-05-05T08:00:16+00:00","article_modified_time":"2025-12-16T11:35:48+00:00","og_image":[{"width":500,"height":315,"url":"https:\/\/www.treatwell.es/in-the-glow\/wp-content\/uploads\/sites\/10\/2022\/03\/Depilacion_Facial_Treat.jpg","type":"image\/jpeg"}],"twitter_card":"summary_large_image","twitter_misc":{"Escrito por":"","Tiempo de lectura":"1 minuto"},"schema":{"@context":"https:\/\/schema.org","@graph":[{"@type":"Article","@id":"https:\/\/www.treatwell.es/in-the-glow\/depilacion-facial-electrica\/#article","isPartOf":{"@id":"https:\/\/www.treatwell.es/in-the-glow\/depilacion-facial-electrica\/"},"author":{"name":"","@id":""},"headline":"La depilaci\u00f3n facial el\u00e9ctrica o c\u00f3mo despedirse de la cera","datePublished":"2018-05-05T08:00:16+00:00","dateModified":"2025-12-16T11:35:48+00:00","mainEntityOfPage":{"@id":"https:\/\/www.treatwell.es/in-the-glow\/depilacion-facial-electrica\/"},"wordCount":115,"publisher":{"@id":"https:\/\/www.treatwell.es/in-the-glow\/#organization"},"image":{"@id":"https:\/\/www.treatwell.es/in-the-glow\/depilacion-facial-electrica\/#primaryimage"},"thumbnailUrl":"https:\/\/www.treatwell.es/in-the-glow\/wp-content\/uploads\/sites\/10\/2022\/03\/Depilacion_Facial_Treat.jpg","keywords":["Hair removal"],"articleSection":["Senza categoria"],"inLanguage":"es"},{"@type":"WebPage","@id":"https:\/\/www.treatwell.es/in-the-glow\/depilacion-facial-electrica\/","url":"https:\/\/www.treatwell.es/in-the-glow\/depilacion-facial-electrica\/","name":"Depilaci\u00f3n facial definitiva: m\u00e9todos y consejos | Treatwell","isPartOf":{"@id":"https:\/\/www.treatwell.es/in-the-glow\/#website"},"primaryImageOfPage":{"@id":"https:\/\/www.treatwell.es/in-the-glow\/depilacion-facial-electrica\/#primaryimage"},"image":{"@id":"https:\/\/www.treatwell.es/in-the-glow\/depilacion-facial-electrica\/#primaryimage"},"thumbnailUrl":"https:\/\/www.treatwell.es/in-the-glow\/wp-content\/uploads\/sites\/10\/2022\/03\/Depilacion_Facial_Treat.jpg","datePublished":"2018-05-05T08:00:16+00:00","dateModified":"2025-12-16T11:35:48+00:00","description":"Olv\u00eddate del vello con depilaci\u00f3n facial el\u00e9ctrica, IPL y l\u00e1ser. Conoce sus ventajas, tipos de piel, resultados y consejos para elegir tu mejor opci\u00f3n.","breadcrumb":{"@id":"https:\/\/www.treatwell.es/in-the-glow\/depilacion-facial-electrica\/#breadcrumb"},"inLanguage":"es","potentialAction":[{"@type":"ReadAction","target":["https:\/\/www.treatwell.es/in-the-glow\/depilacion-facial-electrica\/"]}]},{"@type":"ImageObject","inLanguage":"es","@id":"https:\/\/www.treatwell.es/in-the-glow\/depilacion-facial-electrica\/#primaryimage","url":"https:\/\/www.treatwell.es/in-the-glow\/wp-content\/uploads\/sites\/10\/2022\/03\/Depilacion_Facial_Treat.jpg","contentUrl":"https:\/\/www.treatwell.es/in-the-glow\/wp-content\/uploads\/sites\/10\/2022\/03\/Depilacion_Facial_Treat.jpg","width":500,"height":315},{"@type":"BreadcrumbList","@id":"https:\/\/www.treatwell.es/in-the-glow\/depilacion-facial-electrica\/#breadcrumb","itemListElement":[{"@type":"ListItem","position":1,"name":"Home","item":"https:\/\/www.treatwell.es/in-the-glow\/"},{"@type":"ListItem","position":2,"name":"Senza categoria","item":"https:\/\/www.treatwell.es/in-the-glow\/senza-categoria\/"},{"@type":"ListItem","position":3,"name":"La depilaci\u00f3n facial el\u00e9ctrica o c\u00f3mo despedirse de la cera"}]},{"@type":"WebSite","@id":"https:\/\/www.treatwell.es/in-the-glow\/#website","url":"https:\/\/www.treatwell.es/in-the-glow\/","name":"In The Glow","description":"Belleza. Pelo. Lifestyle.","publisher":{"@id":"https:\/\/www.treatwell.es/in-the-glow\/#organization"},"potentialAction":[{"@type":"SearchAction","target":{"@type":"EntryPoint","urlTemplate":"https:\/\/www.treatwell.es/in-the-glow\/?s={search_term_string}"},"query-input":{"@type":"PropertyValueSpecification","valueRequired":true,"valueName":"search_term_string"}}],"inLanguage":"es"},{"@type":"Organization","@id":"https:\/\/www.treatwell.es/in-the-glow\/#organization","name":"Treatwell","url":"https:\/\/www.treatwell.es/in-the-glow\/","logo":{"@type":"ImageObject","inLanguage":"es","@id":"https:\/\/www.treatwell.es/in-the-glow\/#\/schema\/logo\/image\/","url":"https:\/\/www.treatwell.es/in-the-glow\/wp-content\/uploads\/sites\/10\/2022\/03\/logo_treatwell.png","contentUrl":"https:\/\/www.treatwell.es/in-the-glow\/wp-content\/uploads\/sites\/10\/2022\/03\/logo_treatwell.png","width":889,"height":164,"caption":"Treatwell"},"image":{"@id":"https:\/\/www.treatwell.es/in-the-glow\/#\/schema\/logo\/image\/"}},{"@type":"Person","@id":"","url":"https:\/\/www.treatwell.es/in-the-glow\/author\/"}]}},"featured_image_src":"https:\/\/www.treatwell.es/in-the-glow\/wp-content\/uploads\/sites\/10\/2022\/03\/Depilacion_Facial_Treat.jpg","featured_image_src_square":"https:\/\/www.treatwell.es/in-the-glow\/wp-content\/uploads\/sites\/10\/2022\/03\/Depilacion_Facial_Treat.jpg","author_info":{"display_name":"","author_link":"https:\/\/www.treatwell.es/in-the-glow\/author\/"},"_links":{"self":[{"href":"https:\/\/www.treatwell.es\/in-the-glow\/wp-json\/wp\/v2\/posts\/25825","targetHints":{"allow":["GET"]}}],"collection":[{"href":"https:\/\/www.treatwell.es\/in-the-glow\/wp-json\/wp\/v2\/posts"}],"about":[{"href":"https:\/\/www.treatwell.es\/in-the-glow\/wp-json\/wp\/v2\/types\/post"}],"author":[{"embeddable":true,"href":"https:\/\/www.treatwell.es\/in-the-glow\/wp-json\/wp\/v2\/users\/3319"}],"replies":[{"embeddable":true,"href":"https:\/\/www.treatwell.es\/in-the-glow\/wp-json\/wp\/v2\/comments?post=25825"}],"version-history":[{"count":0,"href":"https:\/\/www.treatwell.es\/in-the-glow\/wp-json\/wp\/v2\/posts\/25825\/revisions"}],"wp:featuredmedia":[{"embeddable":true,"href":"https:\/\/www.treatwell.es\/in-the-glow\/wp-json\/wp\/v2\/media\/25830"}],"wp:attachment":[{"href":"https:\/\/www.treatwell.es\/in-the-glow\/wp-json\/wp\/v2\/media?parent=25825"}],"wp:term":[{"taxonomy":"category","embeddable":true,"href":"https:\/\/www.treatwell.es\/in-the-glow\/wp-json\/wp\/v2\/categories?post=25825"},{"taxonomy":"post_tag","embeddable":true,"href":"https:\/\/www.treatwell.es\/in-the-glow\/wp-json\/wp\/v2\/tags?post=25825"}],"curies":[{"name":"wp","href":"https:\/\/api.w.org\/{rel}","templated":true}]}}