{"id":25975,"date":"2018-05-20T10:00:07","date_gmt":"2018-05-20T08:00:07","guid":{"rendered":"https:\/\/www.treatwell.es\/in-the-glow\/?p=11935"},"modified":"2025-12-15T23:52:55","modified_gmt":"2025-12-15T22:52:55","slug":"cortes-de-pelo-para-hombre","status":"publish","type":"post","link":"https:\/\/www.treatwell.es/in-the-glow\/cortes-de-pelo-para-hombre\/","title":{"rendered":"Cortes de pelo para hombre que deber\u00edas probar"},"content":{"rendered":"<p>Amigo, es hora de que le digas a tu barbero algo m\u00e1s que &#8220;<em>solo las puntas<\/em>&#8220;. Porque hay ciertos cortes para hombre que debes probar al menos una vez en tu vida. Ya sabes, como decimos, la vida es demasiado corta para llevar el mismo peinado de pelo, \u00bfverdad?<\/p>\n<p>Que no te de miedo a <a href=\"https:\/\/www.treatwell.es\/tratamiento\/corte-de-pelo-hombre\/\">probar un nuevo corte y cambiar de look<\/a>. Que cualquier excusa es buena para probar un nuevo estilo. Descubre los cortes de pelo que est\u00e1n a la \u00faltima y&#8230; \u00a1escoge el que m\u00e1s vaya contigo!<\/p>\n<div class=\"schema-faq wp-block-yoast-faq-block\">\n<div class=\"schema-faq-section\" id=\"faq-question-1765839052162\">\n<h3 class=\"schema-faq-question\">\u00bfC\u00f3mo se consigue un corte degradado impecable?<\/h3>\n<p class=\"schema-faq-answer\">Reserva tu corte degradado y realiza un retoque cada 15 d\u00edas para mantener el resultado impecable. Esta t\u00e9cnica lleva el cabello m\u00e1s largo en la parte superior y va disminuyendo hacia las patillas y la nuca.<\/div>\n<div class=\"schema-faq-section\" id=\"faq-question-1765839052163\">\n<h3 class=\"schema-faq-question\">\u00bfCon qu\u00e9 frecuencia se debe retocar el rapado para que luzca bien?<\/h3>\n<p class=\"schema-faq-answer\">Reto\u0301cate el rapado cada 15 d\u00edas para que el degradado se vea impecable y ordenado. El efecto destaca si siempre llevas el acabado pulido en la nuca y laterales.<\/div>\n<div class=\"schema-faq-section\" id=\"faq-question-1765839052164\">\n<h3 class=\"schema-faq-question\">\u00bfQu\u00e9 estilo de corte es tendencia si prefiero algo radical?<\/h3>\n<p class=\"schema-faq-answer\">El rapado de laterales y nuca con la parte superior m\u00e1s larga y un claro contraste crea un look radical y moderno. Comb\u00ednalo con un poco de cera para realzar el peinado con estilo.<\/div>\n<div class=\"schema-faq-section\" id=\"faq-question-1765839052165\">\n<h3 class=\"schema-faq-question\">\u00bfCu\u00e1l es el truco para conseguir un look surfero con el pelo largo?<\/h3>\n<p class=\"schema-faq-answer\">Deja crecer el cabello y apuesta por unas mechas para lograr un acabado natural y luminoso, como si acabaras de salir del mar. Este estilo largo llama la atenci\u00f3n y aporta un aire desenfadado.<\/div>\n<div class=\"schema-faq-section\" id=\"faq-question-1765839052166\">\n<h3 class=\"schema-faq-question\">\u00bfQu\u00e9 ventajas tienen los cortes de pelo cl\u00e1sicos hechos a tijera?<\/h3>\n<p class=\"schema-faq-answer\">Los cortes cl\u00e1sicos a tijera permiten peinar la melena con raya al lado o hacia atr\u00e1s, ofreciendo un acabado atemporal y elegante. Su versatilidad los convierte en una opci\u00f3n que nunca pasa de moda.<\/div>\n<\/p><\/div>\n","protected":false},"excerpt":{"rendered":"<p>Amigo, es hora de que le digas a tu barbero algo m\u00e1s que &#8220;solo las puntas&#8220;. Porque hay ciertos cortes para hombre que debes probar al menos una vez en tu vida. Ya sabes, como decimos, la vida es demasiado corta para llevar el mismo peinado de pelo, \u00bfverdad? Que no te de miedo a [&hellip;]<\/p>\n","protected":false},"author":3319,"featured_media":25981,"comment_status":"closed","ping_status":"closed","sticky":false,"template":"","format":"standard","meta":{"_acf_changed":false,"_yoast_wpseo_title":"Cortes de pelo hombre: tendencias y estilos top | Treatwell","_yoast_wpseo_metadesc":"Descubre los cortes de pelo para hombre que debes probar: degradado, rapados, largos surferos o cl\u00e1sicos. Elige tu estilo, conoce cuidados y transforma tu look.","_genesis_hide_title":false,"_genesis_hide_breadcrumbs":false,"_genesis_hide_singular_image":false,"_genesis_hide_footer_widgets":false,"_genesis_custom_body_class":"","_genesis_custom_post_class":"","_genesis_layout":"","saswp_custom_schema_field":"{\"@context\":\"https:\/\/schema.org\",\"@type\":\"FAQPage\",\"mainEntity\":[{\"@type\":\"Question\",\"name\":\"\u00bfC\u00f3mo se consigue un corte degradado impecable?\",\"acceptedAnswer\":{\"@type\":\"Answer\",\"text\":\"Reserva tu corte degradado y realiza un retoque cada 15 d\u00edas para mantener el resultado impecable. Esta t\u00e9cnica lleva el cabello m\u00e1s largo en la parte superior y va disminuyendo hacia las patillas y la nuca.\"}},{\"@type\":\"Question\",\"name\":\"\u00bfCon qu\u00e9 frecuencia se debe retocar el rapado para que luzca bien?\",\"acceptedAnswer\":{\"@type\":\"Answer\",\"text\":\"Reto\u0301cate el rapado cada 15 d\u00edas para que el degradado se vea impecable y ordenado. El efecto destaca si siempre llevas el acabado pulido en la nuca y laterales.\"}},{\"@type\":\"Question\",\"name\":\"\u00bfQu\u00e9 estilo de corte es tendencia si prefiero algo radical?\",\"acceptedAnswer\":{\"@type\":\"Answer\",\"text\":\"El rapado de laterales y nuca con la parte superior m\u00e1s larga y un claro contraste crea un look radical y moderno. Comb\u00ednalo con un poco de cera para realzar el peinado con estilo.\"}},{\"@type\":\"Question\",\"name\":\"\u00bfCu\u00e1l es el truco para conseguir un look surfero con el pelo largo?\",\"acceptedAnswer\":{\"@type\":\"Answer\",\"text\":\"Deja crecer el cabello y apuesta por unas mechas para lograr un acabado natural y luminoso, como si acabaras de salir del mar. Este estilo largo llama la atenci\u00f3n y aporta un aire desenfadado.\"}},{\"@type\":\"Question\",\"name\":\"\u00bfQu\u00e9 ventajas tienen los cortes de pelo cl\u00e1sicos hechos a tijera?\",\"acceptedAnswer\":{\"@type\":\"Answer\",\"text\":\"Los cortes cl\u00e1sicos a tijera permiten peinar la melena con raya al lado o hacia atr\u00e1s, ofreciendo un acabado atemporal y elegante. Su versatilidad los convierte en una opci\u00f3n que nunca pasa de moda.\"}}]}","footnotes":""},"categories":[4],"tags":[10,56],"class_list":{"0":"post-25975","1":"post","2":"type-post","3":"status-publish","4":"format-standard","5":"has-post-thumbnail","7":"category-beauty","8":"tag-tr166","9":"tag-tr716","10":"entry"},"acf":{"post_credits":"Cr\u00e9ditos de im\u00e1genes: Shutterstock, @brockohurn Instagram, @pablocastellano86 Instagram, @jonanwiergo Instagram, @bluequis Instagram.","beauty_blog_post_button_title":"","beauty_blog_post_button":"","landscape_picture":25980,"blocks":[{"block_title":"Apuesta por el degradado","block_content":"<p>&iquest;Has o&iacute;do hablar del <em>fade<\/em>? &iexcl;Es lo m&aacute;s! Consiste en llevarlo m&aacute;s largo por la parte superior e ir degrad&aacute;ndolo por la parte central y las patillas hasta llegar al cero en la nuca. Deber&aacute;s retoc&aacute;rtelo cada 15 d&iacute;as porque la gracia est&aacute; en que el <a href=\"https:\/\/www.treatwell.es\/establecimientos\/tratamiento-corte-de-pelo-hombre\/oferta-tipo-local\/en-es\/\">rapado luzca impecable<\/a>, pero cr&eacute;enos, vale la pena. Si adem&aacute;s lo completas con una barba bien tupida, ya tienes El Look, as&iacute;, en may&uacute;sculas.<\/p>\n","video_content":"","block_picture":25976},{"block_title":"Tambi\u00e9n se lleva... \u00a1lo opuesto al degradado!","block_content":"<p>&iquest;En qu&eacute; quedamos? Y es que en pleno siglo XXI todo puede ser tendencia, una cosa y la contraria. Por eso, si ya has probado el degradado, es el momento de hacerte algo m&aacute;s radical: d&eacute;jate crecer el pelo y dile a tu peluquero que te <a href=\"https:\/\/www.treatwell.es\/establecimientos\/tratamiento-corte-de-pelo-hombre\/oferta-tipo-local\/en-es\/\">rape los laterales y la nuca<\/a>. Lo que interesa aqu&iacute; es que el contraste quede muy marcado, en plan escal&oacute;n. Y ya para rematar, &iquest;qu&eacute; tal un poco de cera en el pelo para quedar al m&aacute;s puro estilo Peaky Blinders?<\/p>\n","video_content":"","block_picture":25977},{"block_title":"Pelo largo en plan surfero","block_content":"<p>Es un hecho: los t&iacute;os con pelazo triunfan. &Eacute;chale la culpa al revival de los vikingos o a influencers como Brock O&#039;Hurn. Vale, no todos somos rubios, pero para eso <a href=\"https:\/\/www.treatwell.es\/establecimientos\/tratamiento-mechas-californianas\/oferta-tipo-local\/en-es\/\">est&aacute;n las mechas<\/a>... Aunque aseg&uacute;rate de que el resultado sea natural, como si acabases de soltar la tabla de surf. &iexcl;Acaparar&aacute;s todas las miradas!<\/p>\n","video_content":"","block_picture":25978},{"block_title":"Los cl\u00e1sicos","block_content":"<p>Los cortes hechos totalmente a tijera que pueden peinarse con raya al lado o ligeramente hacia atr&aacute;s son un must. Y es que si siempre has sido de cortes extremos, es hora de dar una oportunidad a los cl&aacute;sicos, porque &uacute;ltimamente son tendencia. Chris Hemsworth y Ryan Gosling ya lo han hecho. Y t&uacute;, &iquest;a qu&eacute; esperas?<\/p>\n","video_content":"","block_picture":25979}]},"yoast_head":"<!-- This site is optimized with the Yoast SEO plugin v27.5 - https:\/\/yoast.com\/product\/yoast-seo-wordpress\/ -->\n<title>Cortes de pelo hombre: tendencias y estilos top | Treatwell<\/title>\n<meta name=\"description\" content=\"Descubre los cortes de pelo para hombre que debes probar: degradado, rapados, largos surferos o cl\u00e1sicos. Elige tu estilo, conoce cuidados y transforma tu look.\" \/>\n<meta name=\"robots\" content=\"index, follow, max-snippet:-1, max-image-preview:large, max-video-preview:-1\" \/>\n<link rel=\"canonical\" href=\"https:\/\/www.treatwell.es/in-the-glow\/cortes-de-pelo-para-hombre\/\" \/>\n<meta property=\"og:locale\" content=\"es_ES\" \/>\n<meta property=\"og:type\" content=\"article\" \/>\n<meta property=\"og:title\" content=\"Cortes de pelo hombre: tendencias y estilos top | Treatwell\" \/>\n<meta property=\"og:description\" content=\"Descubre los cortes de pelo para hombre que debes probar: degradado, rapados, largos surferos o cl\u00e1sicos. Elige tu estilo, conoce cuidados y transforma tu look.\" \/>\n<meta property=\"og:url\" content=\"https:\/\/www.treatwell.es/in-the-glow\/cortes-de-pelo-para-hombre\/\" \/>\n<meta property=\"og:site_name\" content=\"In The Glow\" \/>\n<meta property=\"article:published_time\" content=\"2018-05-20T08:00:07+00:00\" \/>\n<meta property=\"article:modified_time\" content=\"2025-12-15T22:52:55+00:00\" \/>\n<meta property=\"og:image\" content=\"https:\/\/www.treatwell.es/in-the-glow\/wp-content\/uploads\/sites\/10\/2022\/03\/Cortes_Hombre_Treat-1.jpg\" \/>\n\t<meta property=\"og:image:width\" content=\"500\" \/>\n\t<meta property=\"og:image:height\" content=\"333\" \/>\n\t<meta property=\"og:image:type\" content=\"image\/jpeg\" \/>\n<meta name=\"twitter:card\" content=\"summary_large_image\" \/>\n<meta name=\"twitter:label1\" content=\"Escrito por\" \/>\n\t<meta name=\"twitter:data1\" content=\"\" \/>\n\t<meta name=\"twitter:label2\" content=\"Tiempo de lectura\" \/>\n\t<meta name=\"twitter:data2\" content=\"2 minutos\" \/>\n<script type=\"application\/ld+json\" class=\"yoast-schema-graph\">{\"@context\":\"https:\\\/\\\/schema.org\",\"@graph\":[{\"@type\":\"Article\",\"@id\":\"https:\\\/\\\/www.treatwell.es/in-the-glow\\\/cortes-de-pelo-para-hombre\\\/#article\",\"isPartOf\":{\"@id\":\"https:\\\/\\\/www.treatwell.es/in-the-glow\\\/cortes-de-pelo-para-hombre\\\/\"},\"author\":{\"name\":\"\",\"@id\":\"\"},\"headline\":\"Cortes de pelo para hombre que deber\u00edas probar\",\"datePublished\":\"2018-05-20T08:00:07+00:00\",\"dateModified\":\"2025-12-15T22:52:55+00:00\",\"mainEntityOfPage\":{\"@id\":\"https:\\\/\\\/www.treatwell.es/in-the-glow\\\/cortes-de-pelo-para-hombre\\\/\"},\"wordCount\":334,\"publisher\":{\"@id\":\"https:\\\/\\\/www.treatwell.es/in-the-glow\\\/#organization\"},\"image\":{\"@id\":\"https:\\\/\\\/www.treatwell.es/in-the-glow\\\/cortes-de-pelo-para-hombre\\\/#primaryimage\"},\"thumbnailUrl\":\"https:\\\/\\\/www.treatwell.es/in-the-glow\\\/wp-content\\\/uploads\\\/sites\\\/10\\\/2022\\\/03\\\/Cortes_Hombre_Treat-1.jpg\",\"keywords\":[\"Haircuts and Hairdressing\",\"Men's Haircuts and Hairdressing\"],\"articleSection\":[\"Beauty\"],\"inLanguage\":\"es\"},{\"@type\":\"WebPage\",\"@id\":\"https:\\\/\\\/www.treatwell.es/in-the-glow\\\/cortes-de-pelo-para-hombre\\\/\",\"url\":\"https:\\\/\\\/www.treatwell.es/in-the-glow\\\/cortes-de-pelo-para-hombre\\\/\",\"name\":\"Cortes de pelo hombre: tendencias y estilos top | Treatwell\",\"isPartOf\":{\"@id\":\"https:\\\/\\\/www.treatwell.es/in-the-glow\\\/#website\"},\"primaryImageOfPage\":{\"@id\":\"https:\\\/\\\/www.treatwell.es/in-the-glow\\\/cortes-de-pelo-para-hombre\\\/#primaryimage\"},\"image\":{\"@id\":\"https:\\\/\\\/www.treatwell.es/in-the-glow\\\/cortes-de-pelo-para-hombre\\\/#primaryimage\"},\"thumbnailUrl\":\"https:\\\/\\\/www.treatwell.es/in-the-glow\\\/wp-content\\\/uploads\\\/sites\\\/10\\\/2022\\\/03\\\/Cortes_Hombre_Treat-1.jpg\",\"datePublished\":\"2018-05-20T08:00:07+00:00\",\"dateModified\":\"2025-12-15T22:52:55+00:00\",\"description\":\"Descubre los cortes de pelo para hombre que debes probar: degradado, rapados, largos surferos o cl\u00e1sicos. Elige tu estilo, conoce cuidados y transforma tu look.\",\"breadcrumb\":{\"@id\":\"https:\\\/\\\/www.treatwell.es/in-the-glow\\\/cortes-de-pelo-para-hombre\\\/#breadcrumb\"},\"inLanguage\":\"es\",\"potentialAction\":[{\"@type\":\"ReadAction\",\"target\":[\"https:\\\/\\\/www.treatwell.es/in-the-glow\\\/cortes-de-pelo-para-hombre\\\/\"]}]},{\"@type\":\"ImageObject\",\"inLanguage\":\"es\",\"@id\":\"https:\\\/\\\/www.treatwell.es/in-the-glow\\\/cortes-de-pelo-para-hombre\\\/#primaryimage\",\"url\":\"https:\\\/\\\/www.treatwell.es/in-the-glow\\\/wp-content\\\/uploads\\\/sites\\\/10\\\/2022\\\/03\\\/Cortes_Hombre_Treat-1.jpg\",\"contentUrl\":\"https:\\\/\\\/www.treatwell.es/in-the-glow\\\/wp-content\\\/uploads\\\/sites\\\/10\\\/2022\\\/03\\\/Cortes_Hombre_Treat-1.jpg\",\"width\":500,\"height\":333},{\"@type\":\"BreadcrumbList\",\"@id\":\"https:\\\/\\\/www.treatwell.es/in-the-glow\\\/cortes-de-pelo-para-hombre\\\/#breadcrumb\",\"itemListElement\":[{\"@type\":\"ListItem\",\"position\":1,\"name\":\"Home\",\"item\":\"https:\\\/\\\/www.treatwell.es/in-the-glow\\\/\"},{\"@type\":\"ListItem\",\"position\":2,\"name\":\"Beauty\",\"item\":\"https:\\\/\\\/www.treatwell.es/in-the-glow\\\/beauty\\\/\"},{\"@type\":\"ListItem\",\"position\":3,\"name\":\"Cortes de pelo para hombre que deber\u00edas probar\"}]},{\"@type\":\"WebSite\",\"@id\":\"https:\\\/\\\/www.treatwell.es/in-the-glow\\\/#website\",\"url\":\"https:\\\/\\\/www.treatwell.es/in-the-glow\\\/\",\"name\":\"In The Glow\",\"description\":\"Belleza. Pelo. Lifestyle.\",\"publisher\":{\"@id\":\"https:\\\/\\\/www.treatwell.es/in-the-glow\\\/#organization\"},\"potentialAction\":[{\"@type\":\"SearchAction\",\"target\":{\"@type\":\"EntryPoint\",\"urlTemplate\":\"https:\\\/\\\/www.treatwell.es/in-the-glow\\\/?s={search_term_string}\"},\"query-input\":{\"@type\":\"PropertyValueSpecification\",\"valueRequired\":true,\"valueName\":\"search_term_string\"}}],\"inLanguage\":\"es\"},{\"@type\":\"Organization\",\"@id\":\"https:\\\/\\\/www.treatwell.es/in-the-glow\\\/#organization\",\"name\":\"Treatwell\",\"url\":\"https:\\\/\\\/www.treatwell.es/in-the-glow\\\/\",\"logo\":{\"@type\":\"ImageObject\",\"inLanguage\":\"es\",\"@id\":\"https:\\\/\\\/www.treatwell.es/in-the-glow\\\/#\\\/schema\\\/logo\\\/image\\\/\",\"url\":\"https:\\\/\\\/www.treatwell.es/in-the-glow\\\/wp-content\\\/uploads\\\/sites\\\/10\\\/2022\\\/03\\\/logo_treatwell.png\",\"contentUrl\":\"https:\\\/\\\/www.treatwell.es/in-the-glow\\\/wp-content\\\/uploads\\\/sites\\\/10\\\/2022\\\/03\\\/logo_treatwell.png\",\"width\":889,\"height\":164,\"caption\":\"Treatwell\"},\"image\":{\"@id\":\"https:\\\/\\\/www.treatwell.es/in-the-glow\\\/#\\\/schema\\\/logo\\\/image\\\/\"}},{\"@type\":\"Person\",\"@id\":\"\",\"url\":\"https:\\\/\\\/www.treatwell.es/in-the-glow\\\/author\\\/\"}]}<\/script>\n<!-- \/ Yoast SEO plugin. -->","yoast_head_json":{"title":"Cortes de pelo hombre: tendencias y estilos top | Treatwell","description":"Descubre los cortes de pelo para hombre que debes probar: degradado, rapados, largos surferos o cl\u00e1sicos. Elige tu estilo, conoce cuidados y transforma tu look.","robots":{"index":"index","follow":"follow","max-snippet":"max-snippet:-1","max-image-preview":"max-image-preview:large","max-video-preview":"max-video-preview:-1"},"canonical":"https:\/\/www.treatwell.es/in-the-glow\/cortes-de-pelo-para-hombre\/","og_locale":"es_ES","og_type":"article","og_title":"Cortes de pelo hombre: tendencias y estilos top | Treatwell","og_description":"Descubre los cortes de pelo para hombre que debes probar: degradado, rapados, largos surferos o cl\u00e1sicos. Elige tu estilo, conoce cuidados y transforma tu look.","og_url":"https:\/\/www.treatwell.es/in-the-glow\/cortes-de-pelo-para-hombre\/","og_site_name":"In The Glow","article_published_time":"2018-05-20T08:00:07+00:00","article_modified_time":"2025-12-15T22:52:55+00:00","og_image":[{"width":500,"height":333,"url":"https:\/\/www.treatwell.es/in-the-glow\/wp-content\/uploads\/sites\/10\/2022\/03\/Cortes_Hombre_Treat-1.jpg","type":"image\/jpeg"}],"twitter_card":"summary_large_image","twitter_misc":{"Escrito por":"","Tiempo de lectura":"2 minutos"},"schema":{"@context":"https:\/\/schema.org","@graph":[{"@type":"Article","@id":"https:\/\/www.treatwell.es/in-the-glow\/cortes-de-pelo-para-hombre\/#article","isPartOf":{"@id":"https:\/\/www.treatwell.es/in-the-glow\/cortes-de-pelo-para-hombre\/"},"author":{"name":"","@id":""},"headline":"Cortes de pelo para hombre que deber\u00edas probar","datePublished":"2018-05-20T08:00:07+00:00","dateModified":"2025-12-15T22:52:55+00:00","mainEntityOfPage":{"@id":"https:\/\/www.treatwell.es/in-the-glow\/cortes-de-pelo-para-hombre\/"},"wordCount":334,"publisher":{"@id":"https:\/\/www.treatwell.es/in-the-glow\/#organization"},"image":{"@id":"https:\/\/www.treatwell.es/in-the-glow\/cortes-de-pelo-para-hombre\/#primaryimage"},"thumbnailUrl":"https:\/\/www.treatwell.es/in-the-glow\/wp-content\/uploads\/sites\/10\/2022\/03\/Cortes_Hombre_Treat-1.jpg","keywords":["Haircuts and Hairdressing","Men's Haircuts and Hairdressing"],"articleSection":["Beauty"],"inLanguage":"es"},{"@type":"WebPage","@id":"https:\/\/www.treatwell.es/in-the-glow\/cortes-de-pelo-para-hombre\/","url":"https:\/\/www.treatwell.es/in-the-glow\/cortes-de-pelo-para-hombre\/","name":"Cortes de pelo hombre: tendencias y estilos top | Treatwell","isPartOf":{"@id":"https:\/\/www.treatwell.es/in-the-glow\/#website"},"primaryImageOfPage":{"@id":"https:\/\/www.treatwell.es/in-the-glow\/cortes-de-pelo-para-hombre\/#primaryimage"},"image":{"@id":"https:\/\/www.treatwell.es/in-the-glow\/cortes-de-pelo-para-hombre\/#primaryimage"},"thumbnailUrl":"https:\/\/www.treatwell.es/in-the-glow\/wp-content\/uploads\/sites\/10\/2022\/03\/Cortes_Hombre_Treat-1.jpg","datePublished":"2018-05-20T08:00:07+00:00","dateModified":"2025-12-15T22:52:55+00:00","description":"Descubre los cortes de pelo para hombre que debes probar: degradado, rapados, largos surferos o cl\u00e1sicos. Elige tu estilo, conoce cuidados y transforma tu look.","breadcrumb":{"@id":"https:\/\/www.treatwell.es/in-the-glow\/cortes-de-pelo-para-hombre\/#breadcrumb"},"inLanguage":"es","potentialAction":[{"@type":"ReadAction","target":["https:\/\/www.treatwell.es/in-the-glow\/cortes-de-pelo-para-hombre\/"]}]},{"@type":"ImageObject","inLanguage":"es","@id":"https:\/\/www.treatwell.es/in-the-glow\/cortes-de-pelo-para-hombre\/#primaryimage","url":"https:\/\/www.treatwell.es/in-the-glow\/wp-content\/uploads\/sites\/10\/2022\/03\/Cortes_Hombre_Treat-1.jpg","contentUrl":"https:\/\/www.treatwell.es/in-the-glow\/wp-content\/uploads\/sites\/10\/2022\/03\/Cortes_Hombre_Treat-1.jpg","width":500,"height":333},{"@type":"BreadcrumbList","@id":"https:\/\/www.treatwell.es/in-the-glow\/cortes-de-pelo-para-hombre\/#breadcrumb","itemListElement":[{"@type":"ListItem","position":1,"name":"Home","item":"https:\/\/www.treatwell.es/in-the-glow\/"},{"@type":"ListItem","position":2,"name":"Beauty","item":"https:\/\/www.treatwell.es/in-the-glow\/beauty\/"},{"@type":"ListItem","position":3,"name":"Cortes de pelo para hombre que deber\u00edas probar"}]},{"@type":"WebSite","@id":"https:\/\/www.treatwell.es/in-the-glow\/#website","url":"https:\/\/www.treatwell.es/in-the-glow\/","name":"In The Glow","description":"Belleza. Pelo. Lifestyle.","publisher":{"@id":"https:\/\/www.treatwell.es/in-the-glow\/#organization"},"potentialAction":[{"@type":"SearchAction","target":{"@type":"EntryPoint","urlTemplate":"https:\/\/www.treatwell.es/in-the-glow\/?s={search_term_string}"},"query-input":{"@type":"PropertyValueSpecification","valueRequired":true,"valueName":"search_term_string"}}],"inLanguage":"es"},{"@type":"Organization","@id":"https:\/\/www.treatwell.es/in-the-glow\/#organization","name":"Treatwell","url":"https:\/\/www.treatwell.es/in-the-glow\/","logo":{"@type":"ImageObject","inLanguage":"es","@id":"https:\/\/www.treatwell.es/in-the-glow\/#\/schema\/logo\/image\/","url":"https:\/\/www.treatwell.es/in-the-glow\/wp-content\/uploads\/sites\/10\/2022\/03\/logo_treatwell.png","contentUrl":"https:\/\/www.treatwell.es/in-the-glow\/wp-content\/uploads\/sites\/10\/2022\/03\/logo_treatwell.png","width":889,"height":164,"caption":"Treatwell"},"image":{"@id":"https:\/\/www.treatwell.es/in-the-glow\/#\/schema\/logo\/image\/"}},{"@type":"Person","@id":"","url":"https:\/\/www.treatwell.es/in-the-glow\/author\/"}]}},"featured_image_src":"https:\/\/www.treatwell.es/in-the-glow\/wp-content\/uploads\/sites\/10\/2022\/03\/Cortes_Hombre_Treat-1.jpg","featured_image_src_square":"https:\/\/www.treatwell.es/in-the-glow\/wp-content\/uploads\/sites\/10\/2022\/03\/Cortes_Hombre_Treat-1.jpg","author_info":{"display_name":"","author_link":"https:\/\/www.treatwell.es/in-the-glow\/author\/"},"_links":{"self":[{"href":"https:\/\/www.treatwell.es\/in-the-glow\/wp-json\/wp\/v2\/posts\/25975","targetHints":{"allow":["GET"]}}],"collection":[{"href":"https:\/\/www.treatwell.es\/in-the-glow\/wp-json\/wp\/v2\/posts"}],"about":[{"href":"https:\/\/www.treatwell.es\/in-the-glow\/wp-json\/wp\/v2\/types\/post"}],"author":[{"embeddable":true,"href":"https:\/\/www.treatwell.es\/in-the-glow\/wp-json\/wp\/v2\/users\/3319"}],"replies":[{"embeddable":true,"href":"https:\/\/www.treatwell.es\/in-the-glow\/wp-json\/wp\/v2\/comments?post=25975"}],"version-history":[{"count":0,"href":"https:\/\/www.treatwell.es\/in-the-glow\/wp-json\/wp\/v2\/posts\/25975\/revisions"}],"wp:featuredmedia":[{"embeddable":true,"href":"https:\/\/www.treatwell.es\/in-the-glow\/wp-json\/wp\/v2\/media\/25981"}],"wp:attachment":[{"href":"https:\/\/www.treatwell.es\/in-the-glow\/wp-json\/wp\/v2\/media?parent=25975"}],"wp:term":[{"taxonomy":"category","embeddable":true,"href":"https:\/\/www.treatwell.es\/in-the-glow\/wp-json\/wp\/v2\/categories?post=25975"},{"taxonomy":"post_tag","embeddable":true,"href":"https:\/\/www.treatwell.es\/in-the-glow\/wp-json\/wp\/v2\/tags?post=25975"}],"curies":[{"name":"wp","href":"https:\/\/api.w.org\/{rel}","templated":true}]}}