{"id":26141,"date":"2018-05-30T12:01:13","date_gmt":"2018-05-30T10:01:13","guid":{"rendered":"https:\/\/www.treatwell.es\/in-the-glow\/?p=13995"},"modified":"2025-12-15T23:53:02","modified_gmt":"2025-12-15T22:53:02","slug":"estereotipos-famosas-vs-depilacion","status":"publish","type":"post","link":"https:\/\/www.treatwell.es/in-the-glow\/estereotipos-famosas-vs-depilacion\/","title":{"rendered":"\u00a1Fuera estereotipos! Famosas vs depilaci\u00f3n"},"content":{"rendered":"<p><span style=\"font-weight: 400\">Amiga, tenemos algo importante que decirte: depilarte o no depilarte es una opci\u00f3n personal, y tienes que hacer con tu cuerpo lo que te d\u00e9 la real gana. Tal cual.<\/span><\/p>\n<p>Y es que la depilaci\u00f3n nunca tiene que ser un estigma. Dec\u00eddete por lo que te haga sentir mejor contigo misma, porque las dos opciones son igual de v\u00e1lidas. Y si decides depilarte, ya sabes que tenemos <a href=\"https:\/\/www.treatwell.es\/inspiracion\/depilate-o-no\/\">much\u00edsimas opciones para que puedas despedirte del vello de la forma m\u00e1s f\u00e1cil <\/a>\ud83d\ude09<\/p>\n<p>Nos encanta la belleza natural y nos encanta que cada una la viva como quiera. Y por eso nos encanta que famosas de la talla de Amaia, Paris Jackson o Lourdes Le\u00f3n luzcan su no-depilaci\u00f3n sin ning\u00fan tipo de problema. \u00a1Claro que no! \u00a1Viva la depilaci\u00f3n y viva la no depilaci\u00f3n!<\/p>\n<div class=\"schema-faq wp-block-yoast-faq-block\">\n<div class=\"schema-faq-section\" id=\"faq-question-1765838981654\">\n<h3 class=\"schema-faq-question\">\u00bfPuedes decidir libremente si depilarte o no?<\/h3>\n<p class=\"schema-faq-answer\">Claro que s\u00ed, depilarte o no depilarte es una decisi\u00f3n completamente personal. Haz siempre lo que te haga sentir mejor y elige lo que prefieras para tu propio bienestar.<\/div>\n<div class=\"schema-faq-section\" id=\"faq-question-1765838981655\">\n<h3 class=\"schema-faq-question\">\u00bfQu\u00e9 famosas han optado por lucir su vello corporal?<\/h3>\n<p class=\"schema-faq-answer\">Figuras como Amaia Romero, Paris Jackson, Lola Kirke y Lourdes Le\u00f3n han mostrado su vello corporal de forma natural. Estas celebridades defienden la belleza aut\u00e9ntica y el respeto por las decisiones individuales.<\/div>\n<div class=\"schema-faq-section\" id=\"faq-question-1765838981656\">\n<h3 class=\"schema-faq-question\">\u00bfPor qu\u00e9 la no depilaci\u00f3n es cada vez m\u00e1s visible?<\/h3>\n<p class=\"schema-faq-answer\">La no depilaci\u00f3n se ha vuelto m\u00e1s visible porque cada vez m\u00e1s personas se muestran c\u00f3modas con su cuerpo tal como es. Ejemplos p\u00fablicos han normalizado esta opci\u00f3n y fomentan que toda persona elija lo que le haga sentir a gusto.<\/div>\n<div class=\"schema-faq-section\" id=\"faq-question-1765838981657\">\n<h3 class=\"schema-faq-question\">\u00bfPuedo elegir la opci\u00f3n que prefiera sin sentirme juzgado?<\/h3>\n<p class=\"schema-faq-answer\">Por supuesto, ambas opciones, depilarse o no, son igual de v\u00e1lidas y merecen respeto. Sentirte bien contigo es lo m\u00e1s importante, as\u00ed que valora \u00fanicamente tu propio criterio.<\/div>\n<div class=\"schema-faq-section\" id=\"faq-question-1765838981658\">\n<h3 class=\"schema-faq-question\">\u00bfHay opciones para quienes prefieren depilarse?<\/h3>\n<p class=\"schema-faq-answer\">Si prefieres depilarte, hay much\u00edsimas opciones disponibles para despedirte del vello de la forma m\u00e1s f\u00e1cil. La variedad de m\u00e9todos permite que encuentres siempre el tratamiento que mejor se adapte a tus necesidades.<\/div>\n<\/p><\/div>\n","protected":false},"excerpt":{"rendered":"<p>Amiga, tenemos algo importante que decirte: depilarte o no depilarte es una opci\u00f3n personal, y tienes que hacer con tu cuerpo lo que te d\u00e9 la real gana. Tal cual. Y es que la depilaci\u00f3n nunca tiene que ser un estigma. Dec\u00eddete por lo que te haga sentir mejor contigo misma, porque las dos opciones [&hellip;]<\/p>\n","protected":false},"author":3319,"featured_media":26147,"comment_status":"closed","ping_status":"closed","sticky":false,"template":"","format":"standard","meta":{"_acf_changed":false,"_yoast_wpseo_title":"Depilaci\u00f3n o no: belleza libre de estigmas | Treatwell","_yoast_wpseo_metadesc":"Decide c\u00f3mo lucir tu cuerpo: depilaci\u00f3n o no, t\u00fa eliges. Descubre historias de famosas que apuestan por la naturalidad y explora opciones de depilaci\u00f3n para ti.","_genesis_hide_title":false,"_genesis_hide_breadcrumbs":false,"_genesis_hide_singular_image":false,"_genesis_hide_footer_widgets":false,"_genesis_custom_body_class":"","_genesis_custom_post_class":"","_genesis_layout":"","saswp_custom_schema_field":"{\"@context\":\"https:\/\/schema.org\",\"@type\":\"FAQPage\",\"mainEntity\":[{\"@type\":\"Question\",\"name\":\"\u00bfPuedes decidir libremente si depilarte o no?\",\"acceptedAnswer\":{\"@type\":\"Answer\",\"text\":\"Claro que s\u00ed, depilarte o no depilarte es una decisi\u00f3n completamente personal. Haz siempre lo que te haga sentir mejor y elige lo que prefieras para tu propio bienestar.\"}},{\"@type\":\"Question\",\"name\":\"\u00bfQu\u00e9 famosas han optado por lucir su vello corporal?\",\"acceptedAnswer\":{\"@type\":\"Answer\",\"text\":\"Figuras como Amaia Romero, Paris Jackson, Lola Kirke y Lourdes Le\u00f3n han mostrado su vello corporal de forma natural. Estas celebridades defienden la belleza aut\u00e9ntica y el respeto por las decisiones individuales.\"}},{\"@type\":\"Question\",\"name\":\"\u00bfPor qu\u00e9 la no depilaci\u00f3n es cada vez m\u00e1s visible?\",\"acceptedAnswer\":{\"@type\":\"Answer\",\"text\":\"La no depilaci\u00f3n se ha vuelto m\u00e1s visible porque cada vez m\u00e1s personas se muestran c\u00f3modas con su cuerpo tal como es. Ejemplos p\u00fablicos han normalizado esta opci\u00f3n y fomentan que toda persona elija lo que le haga sentir a gusto.\"}},{\"@type\":\"Question\",\"name\":\"\u00bfPuedo elegir la opci\u00f3n que prefiera sin sentirme juzgado?\",\"acceptedAnswer\":{\"@type\":\"Answer\",\"text\":\"Por supuesto, ambas opciones, depilarse o no, son igual de v\u00e1lidas y merecen respeto. Sentirte bien contigo es lo m\u00e1s importante, as\u00ed que valora \u00fanicamente tu propio criterio.\"}},{\"@type\":\"Question\",\"name\":\"\u00bfHay opciones para quienes prefieren depilarse?\",\"acceptedAnswer\":{\"@type\":\"Answer\",\"text\":\"Si prefieres depilarte, hay much\u00edsimas opciones disponibles para despedirte del vello de la forma m\u00e1s f\u00e1cil. La variedad de m\u00e9todos permite que encuentres siempre el tratamiento que mejor se adapte a tus necesidades.\"}}]}","footnotes":""},"categories":[4],"tags":[107],"class_list":{"0":"post-26141","1":"post","2":"type-post","3":"status-publish","4":"format-standard","5":"has-post-thumbnail","7":"category-beauty","8":"tag-tt43","9":"entry"},"acf":{"post_credits":"Cr\u00e9ditos de las im\u00e1genes: Instagram de @amaia_ot2017, @parisjackson, @mademe_nyc, @rifana.sabilla,","beauty_blog_post_button_title":"","beauty_blog_post_button":"","landscape_picture":26146,"blocks":[{"block_title":"Amaia Romero","block_content":"<p><strong>La ganadora de esta &uacute;ltima edici&oacute;n de OT siempre se ha mostrado sin tapujos a la hora de lucir su vello corporal. Solo ella puede presentarse a la gala final del programa sin depilar o subir una foto en instagram donde se ve claramente tambi&eacute;n su vello en las axilas. Gracias Amaia, &iexcl;gracias por hacerlo todo tan natural!<\/strong><\/p>\n","video_content":"","block_picture":26142},{"block_title":"Paris Jackson","block_content":"<p><strong>La hija de Michael Jackson siempre ha demostrado que le da completamente igual lo que los dem&aacute;s puedan pensar de ella. &iexcl;Claro que s&iacute;, Paris! Un claro ejemplo de quererse a una misma, y ser fiel a sus principios. Y es que por mucho que la hayan criticado por no depilarse, ella acaba haciendo siempre lo que le apetece. <\/strong><\/p>\n","video_content":"","block_picture":26143},{"block_title":"Lola Kirke","block_content":"<p><strong>La actriz&nbsp;tampoco ha tenido problemas en mostrar sus axilas sin depilar en alguna que otra alfombra roja. Y vamos, que est&aacute; estupendisima. &iquest;Qui&eacute;n dice que una mujer sin depilar no puede brillar?<\/strong><\/p>\n","video_content":"","block_picture":26144},{"block_title":"Lourdes Le\u00f3n","block_content":"<p><strong>La hija de Madonna tambi&eacute;n es otra de las grandes abanderadas de la no depilaci&oacute;n. Y, como Amaia, luce axilas sin depilar sin ning&uacute;n tipo de problema. Y es que amigas, si es su decisi&oacute;n, &iexcl;las apoyamos al 100%!<\/strong><\/p>\n","video_content":"","block_picture":26145}]},"yoast_head":"<!-- This site is optimized with the Yoast SEO plugin v27.5 - https:\/\/yoast.com\/product\/yoast-seo-wordpress\/ -->\n<title>Depilaci\u00f3n o no: belleza libre de estigmas | Treatwell<\/title>\n<meta name=\"description\" content=\"Decide c\u00f3mo lucir tu cuerpo: depilaci\u00f3n o no, t\u00fa eliges. Descubre historias de famosas que apuestan por la naturalidad y explora opciones de depilaci\u00f3n para ti.\" \/>\n<meta name=\"robots\" content=\"index, follow, max-snippet:-1, max-image-preview:large, max-video-preview:-1\" \/>\n<link rel=\"canonical\" href=\"https:\/\/www.treatwell.es/in-the-glow\/estereotipos-famosas-vs-depilacion\/\" \/>\n<meta property=\"og:locale\" content=\"es_ES\" \/>\n<meta property=\"og:type\" content=\"article\" \/>\n<meta property=\"og:title\" content=\"Depilaci\u00f3n o no: belleza libre de estigmas | Treatwell\" \/>\n<meta property=\"og:description\" content=\"Decide c\u00f3mo lucir tu cuerpo: depilaci\u00f3n o no, t\u00fa eliges. Descubre historias de famosas que apuestan por la naturalidad y explora opciones de depilaci\u00f3n para ti.\" \/>\n<meta property=\"og:url\" content=\"https:\/\/www.treatwell.es/in-the-glow\/estereotipos-famosas-vs-depilacion\/\" \/>\n<meta property=\"og:site_name\" content=\"In The Glow\" \/>\n<meta property=\"article:published_time\" content=\"2018-05-30T10:01:13+00:00\" \/>\n<meta property=\"article:modified_time\" content=\"2025-12-15T22:53:02+00:00\" \/>\n<meta property=\"og:image\" content=\"https:\/\/www.treatwell.es/in-the-glow\/wp-content\/uploads\/sites\/10\/2022\/03\/amaia_ot2017.png\" \/>\n\t<meta property=\"og:image:width\" content=\"573\" \/>\n\t<meta property=\"og:image:height\" content=\"593\" \/>\n\t<meta property=\"og:image:type\" content=\"image\/png\" \/>\n<meta name=\"twitter:card\" content=\"summary_large_image\" \/>\n<meta name=\"twitter:label1\" content=\"Escrito por\" \/>\n\t<meta name=\"twitter:data1\" content=\"\" \/>\n\t<meta name=\"twitter:label2\" content=\"Tiempo de lectura\" \/>\n\t<meta name=\"twitter:data2\" content=\"2 minutos\" \/>\n<script type=\"application\/ld+json\" class=\"yoast-schema-graph\">{\"@context\":\"https:\\\/\\\/schema.org\",\"@graph\":[{\"@type\":\"Article\",\"@id\":\"https:\\\/\\\/www.treatwell.es/in-the-glow\\\/estereotipos-famosas-vs-depilacion\\\/#article\",\"isPartOf\":{\"@id\":\"https:\\\/\\\/www.treatwell.es/in-the-glow\\\/estereotipos-famosas-vs-depilacion\\\/\"},\"author\":{\"name\":\"\",\"@id\":\"\"},\"headline\":\"\u00a1Fuera estereotipos! Famosas vs depilaci\u00f3n\",\"datePublished\":\"2018-05-30T10:01:13+00:00\",\"dateModified\":\"2025-12-15T22:53:02+00:00\",\"mainEntityOfPage\":{\"@id\":\"https:\\\/\\\/www.treatwell.es/in-the-glow\\\/estereotipos-famosas-vs-depilacion\\\/\"},\"wordCount\":371,\"publisher\":{\"@id\":\"https:\\\/\\\/www.treatwell.es/in-the-glow\\\/#organization\"},\"image\":{\"@id\":\"https:\\\/\\\/www.treatwell.es/in-the-glow\\\/estereotipos-famosas-vs-depilacion\\\/#primaryimage\"},\"thumbnailUrl\":\"https:\\\/\\\/www.treatwell.es/in-the-glow\\\/wp-content\\\/uploads\\\/sites\\\/10\\\/2022\\\/03\\\/amaia_ot2017.png\",\"keywords\":[\"Hair removal\"],\"articleSection\":[\"Beauty\"],\"inLanguage\":\"es\"},{\"@type\":\"WebPage\",\"@id\":\"https:\\\/\\\/www.treatwell.es/in-the-glow\\\/estereotipos-famosas-vs-depilacion\\\/\",\"url\":\"https:\\\/\\\/www.treatwell.es/in-the-glow\\\/estereotipos-famosas-vs-depilacion\\\/\",\"name\":\"Depilaci\u00f3n o no: belleza libre de estigmas | Treatwell\",\"isPartOf\":{\"@id\":\"https:\\\/\\\/www.treatwell.es/in-the-glow\\\/#website\"},\"primaryImageOfPage\":{\"@id\":\"https:\\\/\\\/www.treatwell.es/in-the-glow\\\/estereotipos-famosas-vs-depilacion\\\/#primaryimage\"},\"image\":{\"@id\":\"https:\\\/\\\/www.treatwell.es/in-the-glow\\\/estereotipos-famosas-vs-depilacion\\\/#primaryimage\"},\"thumbnailUrl\":\"https:\\\/\\\/www.treatwell.es/in-the-glow\\\/wp-content\\\/uploads\\\/sites\\\/10\\\/2022\\\/03\\\/amaia_ot2017.png\",\"datePublished\":\"2018-05-30T10:01:13+00:00\",\"dateModified\":\"2025-12-15T22:53:02+00:00\",\"description\":\"Decide c\u00f3mo lucir tu cuerpo: depilaci\u00f3n o no, t\u00fa eliges. Descubre historias de famosas que apuestan por la naturalidad y explora opciones de depilaci\u00f3n para ti.\",\"breadcrumb\":{\"@id\":\"https:\\\/\\\/www.treatwell.es/in-the-glow\\\/estereotipos-famosas-vs-depilacion\\\/#breadcrumb\"},\"inLanguage\":\"es\",\"potentialAction\":[{\"@type\":\"ReadAction\",\"target\":[\"https:\\\/\\\/www.treatwell.es/in-the-glow\\\/estereotipos-famosas-vs-depilacion\\\/\"]}]},{\"@type\":\"ImageObject\",\"inLanguage\":\"es\",\"@id\":\"https:\\\/\\\/www.treatwell.es/in-the-glow\\\/estereotipos-famosas-vs-depilacion\\\/#primaryimage\",\"url\":\"https:\\\/\\\/www.treatwell.es/in-the-glow\\\/wp-content\\\/uploads\\\/sites\\\/10\\\/2022\\\/03\\\/amaia_ot2017.png\",\"contentUrl\":\"https:\\\/\\\/www.treatwell.es/in-the-glow\\\/wp-content\\\/uploads\\\/sites\\\/10\\\/2022\\\/03\\\/amaia_ot2017.png\",\"width\":573,\"height\":593},{\"@type\":\"BreadcrumbList\",\"@id\":\"https:\\\/\\\/www.treatwell.es/in-the-glow\\\/estereotipos-famosas-vs-depilacion\\\/#breadcrumb\",\"itemListElement\":[{\"@type\":\"ListItem\",\"position\":1,\"name\":\"Home\",\"item\":\"https:\\\/\\\/www.treatwell.es/in-the-glow\\\/\"},{\"@type\":\"ListItem\",\"position\":2,\"name\":\"Beauty\",\"item\":\"https:\\\/\\\/www.treatwell.es/in-the-glow\\\/beauty\\\/\"},{\"@type\":\"ListItem\",\"position\":3,\"name\":\"\u00a1Fuera estereotipos! Famosas vs depilaci\u00f3n\"}]},{\"@type\":\"WebSite\",\"@id\":\"https:\\\/\\\/www.treatwell.es/in-the-glow\\\/#website\",\"url\":\"https:\\\/\\\/www.treatwell.es/in-the-glow\\\/\",\"name\":\"In The Glow\",\"description\":\"Belleza. Pelo. Lifestyle.\",\"publisher\":{\"@id\":\"https:\\\/\\\/www.treatwell.es/in-the-glow\\\/#organization\"},\"potentialAction\":[{\"@type\":\"SearchAction\",\"target\":{\"@type\":\"EntryPoint\",\"urlTemplate\":\"https:\\\/\\\/www.treatwell.es/in-the-glow\\\/?s={search_term_string}\"},\"query-input\":{\"@type\":\"PropertyValueSpecification\",\"valueRequired\":true,\"valueName\":\"search_term_string\"}}],\"inLanguage\":\"es\"},{\"@type\":\"Organization\",\"@id\":\"https:\\\/\\\/www.treatwell.es/in-the-glow\\\/#organization\",\"name\":\"Treatwell\",\"url\":\"https:\\\/\\\/www.treatwell.es/in-the-glow\\\/\",\"logo\":{\"@type\":\"ImageObject\",\"inLanguage\":\"es\",\"@id\":\"https:\\\/\\\/www.treatwell.es/in-the-glow\\\/#\\\/schema\\\/logo\\\/image\\\/\",\"url\":\"https:\\\/\\\/www.treatwell.es/in-the-glow\\\/wp-content\\\/uploads\\\/sites\\\/10\\\/2022\\\/03\\\/logo_treatwell.png\",\"contentUrl\":\"https:\\\/\\\/www.treatwell.es/in-the-glow\\\/wp-content\\\/uploads\\\/sites\\\/10\\\/2022\\\/03\\\/logo_treatwell.png\",\"width\":889,\"height\":164,\"caption\":\"Treatwell\"},\"image\":{\"@id\":\"https:\\\/\\\/www.treatwell.es/in-the-glow\\\/#\\\/schema\\\/logo\\\/image\\\/\"}},{\"@type\":\"Person\",\"@id\":\"\",\"url\":\"https:\\\/\\\/www.treatwell.es/in-the-glow\\\/author\\\/\"}]}<\/script>\n<!-- \/ Yoast SEO plugin. -->","yoast_head_json":{"title":"Depilaci\u00f3n o no: belleza libre de estigmas | Treatwell","description":"Decide c\u00f3mo lucir tu cuerpo: depilaci\u00f3n o no, t\u00fa eliges. Descubre historias de famosas que apuestan por la naturalidad y explora opciones de depilaci\u00f3n para ti.","robots":{"index":"index","follow":"follow","max-snippet":"max-snippet:-1","max-image-preview":"max-image-preview:large","max-video-preview":"max-video-preview:-1"},"canonical":"https:\/\/www.treatwell.es/in-the-glow\/estereotipos-famosas-vs-depilacion\/","og_locale":"es_ES","og_type":"article","og_title":"Depilaci\u00f3n o no: belleza libre de estigmas | Treatwell","og_description":"Decide c\u00f3mo lucir tu cuerpo: depilaci\u00f3n o no, t\u00fa eliges. Descubre historias de famosas que apuestan por la naturalidad y explora opciones de depilaci\u00f3n para ti.","og_url":"https:\/\/www.treatwell.es/in-the-glow\/estereotipos-famosas-vs-depilacion\/","og_site_name":"In The Glow","article_published_time":"2018-05-30T10:01:13+00:00","article_modified_time":"2025-12-15T22:53:02+00:00","og_image":[{"width":573,"height":593,"url":"https:\/\/www.treatwell.es/in-the-glow\/wp-content\/uploads\/sites\/10\/2022\/03\/amaia_ot2017.png","type":"image\/png"}],"twitter_card":"summary_large_image","twitter_misc":{"Escrito por":"","Tiempo de lectura":"2 minutos"},"schema":{"@context":"https:\/\/schema.org","@graph":[{"@type":"Article","@id":"https:\/\/www.treatwell.es/in-the-glow\/estereotipos-famosas-vs-depilacion\/#article","isPartOf":{"@id":"https:\/\/www.treatwell.es/in-the-glow\/estereotipos-famosas-vs-depilacion\/"},"author":{"name":"","@id":""},"headline":"\u00a1Fuera estereotipos! Famosas vs depilaci\u00f3n","datePublished":"2018-05-30T10:01:13+00:00","dateModified":"2025-12-15T22:53:02+00:00","mainEntityOfPage":{"@id":"https:\/\/www.treatwell.es/in-the-glow\/estereotipos-famosas-vs-depilacion\/"},"wordCount":371,"publisher":{"@id":"https:\/\/www.treatwell.es/in-the-glow\/#organization"},"image":{"@id":"https:\/\/www.treatwell.es/in-the-glow\/estereotipos-famosas-vs-depilacion\/#primaryimage"},"thumbnailUrl":"https:\/\/www.treatwell.es/in-the-glow\/wp-content\/uploads\/sites\/10\/2022\/03\/amaia_ot2017.png","keywords":["Hair removal"],"articleSection":["Beauty"],"inLanguage":"es"},{"@type":"WebPage","@id":"https:\/\/www.treatwell.es/in-the-glow\/estereotipos-famosas-vs-depilacion\/","url":"https:\/\/www.treatwell.es/in-the-glow\/estereotipos-famosas-vs-depilacion\/","name":"Depilaci\u00f3n o no: belleza libre de estigmas | Treatwell","isPartOf":{"@id":"https:\/\/www.treatwell.es/in-the-glow\/#website"},"primaryImageOfPage":{"@id":"https:\/\/www.treatwell.es/in-the-glow\/estereotipos-famosas-vs-depilacion\/#primaryimage"},"image":{"@id":"https:\/\/www.treatwell.es/in-the-glow\/estereotipos-famosas-vs-depilacion\/#primaryimage"},"thumbnailUrl":"https:\/\/www.treatwell.es/in-the-glow\/wp-content\/uploads\/sites\/10\/2022\/03\/amaia_ot2017.png","datePublished":"2018-05-30T10:01:13+00:00","dateModified":"2025-12-15T22:53:02+00:00","description":"Decide c\u00f3mo lucir tu cuerpo: depilaci\u00f3n o no, t\u00fa eliges. Descubre historias de famosas que apuestan por la naturalidad y explora opciones de depilaci\u00f3n para ti.","breadcrumb":{"@id":"https:\/\/www.treatwell.es/in-the-glow\/estereotipos-famosas-vs-depilacion\/#breadcrumb"},"inLanguage":"es","potentialAction":[{"@type":"ReadAction","target":["https:\/\/www.treatwell.es/in-the-glow\/estereotipos-famosas-vs-depilacion\/"]}]},{"@type":"ImageObject","inLanguage":"es","@id":"https:\/\/www.treatwell.es/in-the-glow\/estereotipos-famosas-vs-depilacion\/#primaryimage","url":"https:\/\/www.treatwell.es/in-the-glow\/wp-content\/uploads\/sites\/10\/2022\/03\/amaia_ot2017.png","contentUrl":"https:\/\/www.treatwell.es/in-the-glow\/wp-content\/uploads\/sites\/10\/2022\/03\/amaia_ot2017.png","width":573,"height":593},{"@type":"BreadcrumbList","@id":"https:\/\/www.treatwell.es/in-the-glow\/estereotipos-famosas-vs-depilacion\/#breadcrumb","itemListElement":[{"@type":"ListItem","position":1,"name":"Home","item":"https:\/\/www.treatwell.es/in-the-glow\/"},{"@type":"ListItem","position":2,"name":"Beauty","item":"https:\/\/www.treatwell.es/in-the-glow\/beauty\/"},{"@type":"ListItem","position":3,"name":"\u00a1Fuera estereotipos! Famosas vs depilaci\u00f3n"}]},{"@type":"WebSite","@id":"https:\/\/www.treatwell.es/in-the-glow\/#website","url":"https:\/\/www.treatwell.es/in-the-glow\/","name":"In The Glow","description":"Belleza. Pelo. Lifestyle.","publisher":{"@id":"https:\/\/www.treatwell.es/in-the-glow\/#organization"},"potentialAction":[{"@type":"SearchAction","target":{"@type":"EntryPoint","urlTemplate":"https:\/\/www.treatwell.es/in-the-glow\/?s={search_term_string}"},"query-input":{"@type":"PropertyValueSpecification","valueRequired":true,"valueName":"search_term_string"}}],"inLanguage":"es"},{"@type":"Organization","@id":"https:\/\/www.treatwell.es/in-the-glow\/#organization","name":"Treatwell","url":"https:\/\/www.treatwell.es/in-the-glow\/","logo":{"@type":"ImageObject","inLanguage":"es","@id":"https:\/\/www.treatwell.es/in-the-glow\/#\/schema\/logo\/image\/","url":"https:\/\/www.treatwell.es/in-the-glow\/wp-content\/uploads\/sites\/10\/2022\/03\/logo_treatwell.png","contentUrl":"https:\/\/www.treatwell.es/in-the-glow\/wp-content\/uploads\/sites\/10\/2022\/03\/logo_treatwell.png","width":889,"height":164,"caption":"Treatwell"},"image":{"@id":"https:\/\/www.treatwell.es/in-the-glow\/#\/schema\/logo\/image\/"}},{"@type":"Person","@id":"","url":"https:\/\/www.treatwell.es/in-the-glow\/author\/"}]}},"featured_image_src":"https:\/\/www.treatwell.es/in-the-glow\/wp-content\/uploads\/sites\/10\/2022\/03\/amaia_ot2017-573x400.png","featured_image_src_square":"https:\/\/www.treatwell.es/in-the-glow\/wp-content\/uploads\/sites\/10\/2022\/03\/amaia_ot2017.png","author_info":{"display_name":"","author_link":"https:\/\/www.treatwell.es/in-the-glow\/author\/"},"_links":{"self":[{"href":"https:\/\/www.treatwell.es\/in-the-glow\/wp-json\/wp\/v2\/posts\/26141","targetHints":{"allow":["GET"]}}],"collection":[{"href":"https:\/\/www.treatwell.es\/in-the-glow\/wp-json\/wp\/v2\/posts"}],"about":[{"href":"https:\/\/www.treatwell.es\/in-the-glow\/wp-json\/wp\/v2\/types\/post"}],"author":[{"embeddable":true,"href":"https:\/\/www.treatwell.es\/in-the-glow\/wp-json\/wp\/v2\/users\/3319"}],"replies":[{"embeddable":true,"href":"https:\/\/www.treatwell.es\/in-the-glow\/wp-json\/wp\/v2\/comments?post=26141"}],"version-history":[{"count":0,"href":"https:\/\/www.treatwell.es\/in-the-glow\/wp-json\/wp\/v2\/posts\/26141\/revisions"}],"wp:featuredmedia":[{"embeddable":true,"href":"https:\/\/www.treatwell.es\/in-the-glow\/wp-json\/wp\/v2\/media\/26147"}],"wp:attachment":[{"href":"https:\/\/www.treatwell.es\/in-the-glow\/wp-json\/wp\/v2\/media?parent=26141"}],"wp:term":[{"taxonomy":"category","embeddable":true,"href":"https:\/\/www.treatwell.es\/in-the-glow\/wp-json\/wp\/v2\/categories?post=26141"},{"taxonomy":"post_tag","embeddable":true,"href":"https:\/\/www.treatwell.es\/in-the-glow\/wp-json\/wp\/v2\/tags?post=26141"}],"curies":[{"name":"wp","href":"https:\/\/api.w.org\/{rel}","templated":true}]}}