{"id":26547,"date":"2018-06-24T09:00:55","date_gmt":"2018-06-24T07:00:55","guid":{"rendered":"https:\/\/www.treatwell.es\/in-the-glow\/?p=13466"},"modified":"2025-12-15T23:53:15","modified_gmt":"2025-12-15T22:53:15","slug":"razones-para-la-depilacion-facial-con-hilo","status":"publish","type":"post","link":"https:\/\/www.treatwell.es/in-the-glow\/razones-para-la-depilacion-facial-con-hilo\/","title":{"rendered":"3 razones para pasarte a la depilaci\u00f3n facial con hilo"},"content":{"rendered":"<p>Tanto si quieres depilarte las cejas como la parte superior del labio, la <a href=\"https:\/\/www.treatwell.es\/establecimientos\/tratamiento-depilacion-facial-con-hilo\/oferta-tipo-local\/en-es\/\">depilaci\u00f3n con hilo<\/a>, te lo avisamos, se va a convertir en tu mejor aliada. \u00bfPor qu\u00e9? Por muchas razones: no tardar\u00e1s nada en hac\u00e9rtela, no deja rojeces y los resultados duran y duran y duran (eso es, como las pilas duracell).<\/p>\n<p>No nos extra\u00f1a que cada vez m\u00e1s personas se pasen a este <a href=\"https:\/\/www.treatwell.es\/in-the-glow\/cejas-depilacion-con-hilo\/\">m\u00e9todo\u00a0de depilaci\u00f3n<\/a> para despedirse de\u00a0los pelillos. Y es que ventajas, tenemos que admitir, que no le faltan&#8230;<\/p>\n<div class=\"schema-faq wp-block-yoast-faq-block\">\n<div class=\"schema-faq-section\" id=\"faq-question-1765838808001\">\n<h3 class=\"schema-faq-question\">\u00bfCu\u00e1nto tiempo dura la depilaci\u00f3n facial con hilo?<\/h3>\n<p class=\"schema-faq-answer\">La depilaci\u00f3n con hilo consigue resultados que duran entre tres y seis semanas. Al arrancar el pelo desde la ra\u00edz, disfrutar\u00e1s de una piel suave durante mucho m\u00e1s tiempo que con otros m\u00e9todos como la cuchilla.<\/div>\n<div class=\"schema-faq-section\" id=\"faq-question-1765838808002\">\n<h3 class=\"schema-faq-question\">\u00bfCu\u00e1nto tarda una sesi\u00f3n de depilaci\u00f3n de cejas con hilo?<\/h3>\n<p class=\"schema-faq-answer\">La depilaci\u00f3n de cejas con hilo solo tarda 5 minutos. Si vas a depilarte otras zonas faciales, la sesi\u00f3n completa suele durar 15 minutos, perfecta para citas de \u00faltima hora o cualquier imprevisto.<\/div>\n<div class=\"schema-faq-section\" id=\"faq-question-1765838808003\">\n<h3 class=\"schema-faq-question\">\u00bfDeja marcas la depilaci\u00f3n facial con hilo?<\/h3>\n<p class=\"schema-faq-answer\">La depilaci\u00f3n con hilo no deja rojeces ni marcas apreciables despu\u00e9s del tratamiento. Podr\u00e1s continuar con tus planes y sentir la piel impecable y suave al instante.<\/div>\n<div class=\"schema-faq-section\" id=\"faq-question-1765838808004\">\n<h3 class=\"schema-faq-question\">\u00bfLa depilaci\u00f3n con hilo es dolorosa?<\/h3>\n<p class=\"schema-faq-answer\">El dolor es m\u00ednimo y solo dura unos segundos durante la depilaci\u00f3n con hilo. Esta t\u00e9cnica resulta mucho menos molesta frente a otros m\u00e9todos, incluso siendo muy precisa para eliminar todos los pelitos.<\/div>\n<div class=\"schema-faq-section\" id=\"faq-question-1765838808005\">\n<h3 class=\"schema-faq-question\">\u00bfPor qu\u00e9 elegir la depilaci\u00f3n con hilo frente a otros m\u00e9todos?<\/h3>\n<p class=\"schema-faq-answer\">La depilaci\u00f3n con hilo arranca el vello desde la ra\u00edz, no deja rojeces y elimina todos los pelitos de forma implacable. Esto permite mantener la zona facial suave durante semanas y realizar el tratamiento en solo unos minutos.<\/div>\n<\/p><\/div>\n","protected":false},"excerpt":{"rendered":"<p>Tanto si quieres depilarte las cejas como la parte superior del labio, la depilaci\u00f3n con hilo, te lo avisamos, se va a convertir en tu mejor aliada. \u00bfPor qu\u00e9? Por muchas razones: no tardar\u00e1s nada en hac\u00e9rtela, no deja rojeces y los resultados duran y duran y duran (eso es, como las pilas duracell). No [&hellip;]<\/p>\n","protected":false},"author":3319,"featured_media":26552,"comment_status":"closed","ping_status":"closed","sticky":false,"template":"","format":"standard","meta":{"_acf_changed":false,"_yoast_wpseo_title":"Depilaci\u00f3n con hilo: r\u00e1pida, precisa y duradera | Treatwell","_yoast_wpseo_metadesc":"Descubre los beneficios de la depilaci\u00f3n con hilo: elimina todo el vello, dura hasta un mes, no deja marcas y el dolor es m\u00ednimo. Reserva tu sesi\u00f3n facial ideal.","_genesis_hide_title":false,"_genesis_hide_breadcrumbs":false,"_genesis_hide_singular_image":false,"_genesis_hide_footer_widgets":false,"_genesis_custom_body_class":"","_genesis_custom_post_class":"","_genesis_layout":"","saswp_custom_schema_field":"{\"@context\":\"https:\/\/schema.org\",\"@type\":\"FAQPage\",\"mainEntity\":[{\"@type\":\"Question\",\"name\":\"\u00bfCu\u00e1nto tiempo dura la depilaci\u00f3n facial con hilo?\",\"acceptedAnswer\":{\"@type\":\"Answer\",\"text\":\"La depilaci\u00f3n con hilo consigue resultados que duran entre tres y seis semanas. Al arrancar el pelo desde la ra\u00edz, disfrutar\u00e1s de una piel suave durante mucho m\u00e1s tiempo que con otros m\u00e9todos como la cuchilla.\"}},{\"@type\":\"Question\",\"name\":\"\u00bfCu\u00e1nto tarda una sesi\u00f3n de depilaci\u00f3n de cejas con hilo?\",\"acceptedAnswer\":{\"@type\":\"Answer\",\"text\":\"La depilaci\u00f3n de cejas con hilo solo tarda 5 minutos. Si vas a depilarte otras zonas faciales, la sesi\u00f3n completa suele durar 15 minutos, perfecta para citas de \u00faltima hora o cualquier imprevisto.\"}},{\"@type\":\"Question\",\"name\":\"\u00bfDeja marcas la depilaci\u00f3n facial con hilo?\",\"acceptedAnswer\":{\"@type\":\"Answer\",\"text\":\"La depilaci\u00f3n con hilo no deja rojeces ni marcas apreciables despu\u00e9s del tratamiento. Podr\u00e1s continuar con tus planes y sentir la piel impecable y suave al instante.\"}},{\"@type\":\"Question\",\"name\":\"\u00bfLa depilaci\u00f3n con hilo es dolorosa?\",\"acceptedAnswer\":{\"@type\":\"Answer\",\"text\":\"El dolor es m\u00ednimo y solo dura unos segundos durante la depilaci\u00f3n con hilo. Esta t\u00e9cnica resulta mucho menos molesta frente a otros m\u00e9todos, incluso siendo muy precisa para eliminar todos los pelitos.\"}},{\"@type\":\"Question\",\"name\":\"\u00bfPor qu\u00e9 elegir la depilaci\u00f3n con hilo frente a otros m\u00e9todos?\",\"acceptedAnswer\":{\"@type\":\"Answer\",\"text\":\"La depilaci\u00f3n con hilo arranca el vello desde la ra\u00edz, no deja rojeces y elimina todos los pelitos de forma implacable. Esto permite mantener la zona facial suave durante semanas y realizar el tratamiento en solo unos minutos.\"}}]}","footnotes":""},"categories":[4],"tags":[67,72],"class_list":{"0":"post-26547","1":"post","2":"type-post","3":"status-publish","4":"format-standard","5":"has-post-thumbnail","7":"category-beauty","8":"tag-tr719","9":"tag-tr56","10":"entry"},"acf":{"post_credits":"","beauty_blog_post_button_title":"","beauty_blog_post_button":"","landscape_picture":26551,"blocks":[{"block_title":"Depilada en un pisp\u00e1s","block_content":"<p>Si te surge un compromiso inesperado, tipo irte de ca&ntilde;as con los compa&ntilde;eros o una cita de &uacute;ltima hora, la <a href=\"https:\/\/www.treatwell.es\/establecimientos\/tratamiento-depilacion-facial-con-hilo\/oferta-tipo-local\/en-es\/\">depilaci&oacute;n facial con hilo<\/a> es perfecta. Porque solo lleva 15 minutos, o en el caso de las cejas, &iexcl;5 minutillos de nada! &iquest;Y lo mejor? Que no deja marcas. Podr&aacute;s decirle <em>bye, bye<\/em> a esos pelillos en un abrir y cerrar de ojos y... &iexcl;a disfrutar del resto del d&iacute;a!<\/p>\n","video_content":"","block_picture":26548},{"block_title":"Dura en torno a un mes","block_content":"<p>Si te gustan los resultados duraderos, este es tu tratamiento. Porque la <a href=\"https:\/\/www.treatwell.es\/establecimientos\/tratamiento-depilacion-facial-con-hilo\/oferta-tipo-local\/en-es\/\">depilaci&oacute;n con hilo<\/a>&nbsp;arranca el pelo desde la ra&iacute;z y este tardar&aacute; en crecer mucho m&aacute;s que si los quitas con otros m&eacute;todos como por ejemplo la cuchilla. Lo que significa que... &iexcl;tendr&aacute;s la piel suave entre tres y seis semanas!<\/p>\n","video_content":"","block_picture":26549},{"block_title":"No se escapa ni un pelo","block_content":"<p>Con otros m&eacute;todos es probable que se te escape alg&uacute;n que otro pelillo. Pero la depilaci&oacute;n con hilo es... &iexcl;implacable! Los pilla todos. &iquest;Y en cuanto al dolor? M&iacute;nimo. Por no decir que dura solo unos segundos. As&iacute; que ya sabes, an&iacute;mate, <a href=\"https:\/\/www.treatwell.es\/establecimientos\/tratamiento-depilacion-facial-con-hilo\/oferta-tipo-local\/en-es\/\">reserva un cuarto de hora de tu tiempo<\/a> y disfruta un mes entero de una piel suave y sedosa.<\/p>\n","video_content":"","block_picture":26550}]},"yoast_head":"<!-- This site is optimized with the Yoast SEO plugin v27.5 - https:\/\/yoast.com\/product\/yoast-seo-wordpress\/ -->\n<title>Depilaci\u00f3n con hilo: r\u00e1pida, precisa y duradera | Treatwell<\/title>\n<meta name=\"description\" content=\"Descubre los beneficios de la depilaci\u00f3n con hilo: elimina todo el vello, dura hasta un mes, no deja marcas y el dolor es m\u00ednimo. Reserva tu sesi\u00f3n facial ideal.\" \/>\n<meta name=\"robots\" content=\"index, follow, max-snippet:-1, max-image-preview:large, max-video-preview:-1\" \/>\n<link rel=\"canonical\" href=\"https:\/\/www.treatwell.es/in-the-glow\/razones-para-la-depilacion-facial-con-hilo\/\" \/>\n<meta property=\"og:locale\" content=\"es_ES\" \/>\n<meta property=\"og:type\" content=\"article\" \/>\n<meta property=\"og:title\" content=\"Depilaci\u00f3n con hilo: r\u00e1pida, precisa y duradera | Treatwell\" \/>\n<meta property=\"og:description\" content=\"Descubre los beneficios de la depilaci\u00f3n con hilo: elimina todo el vello, dura hasta un mes, no deja marcas y el dolor es m\u00ednimo. Reserva tu sesi\u00f3n facial ideal.\" \/>\n<meta property=\"og:url\" content=\"https:\/\/www.treatwell.es/in-the-glow\/razones-para-la-depilacion-facial-con-hilo\/\" \/>\n<meta property=\"og:site_name\" content=\"In The Glow\" \/>\n<meta property=\"article:published_time\" content=\"2018-06-24T07:00:55+00:00\" \/>\n<meta property=\"article:modified_time\" content=\"2025-12-15T22:53:15+00:00\" \/>\n<meta property=\"og:image\" content=\"https:\/\/www.treatwell.es/in-the-glow\/wp-content\/uploads\/sites\/10\/2022\/03\/Depilacion-Facial-Con-Hilo-Treat.jpg\" \/>\n\t<meta property=\"og:image:width\" content=\"500\" \/>\n\t<meta property=\"og:image:height\" content=\"361\" \/>\n\t<meta property=\"og:image:type\" content=\"image\/jpeg\" \/>\n<meta name=\"twitter:card\" content=\"summary_large_image\" \/>\n<meta name=\"twitter:label1\" content=\"Escrito por\" \/>\n\t<meta name=\"twitter:data1\" content=\"\" \/>\n\t<meta name=\"twitter:label2\" content=\"Tiempo de lectura\" \/>\n\t<meta name=\"twitter:data2\" content=\"2 minutos\" \/>\n<script type=\"application\/ld+json\" class=\"yoast-schema-graph\">{\"@context\":\"https:\\\/\\\/schema.org\",\"@graph\":[{\"@type\":\"Article\",\"@id\":\"https:\\\/\\\/www.treatwell.es/in-the-glow\\\/razones-para-la-depilacion-facial-con-hilo\\\/#article\",\"isPartOf\":{\"@id\":\"https:\\\/\\\/www.treatwell.es/in-the-glow\\\/razones-para-la-depilacion-facial-con-hilo\\\/\"},\"author\":{\"name\":\"\",\"@id\":\"\"},\"headline\":\"3 razones para pasarte a la depilaci\u00f3n facial con hilo\",\"datePublished\":\"2018-06-24T07:00:55+00:00\",\"dateModified\":\"2025-12-15T22:53:15+00:00\",\"mainEntityOfPage\":{\"@id\":\"https:\\\/\\\/www.treatwell.es/in-the-glow\\\/razones-para-la-depilacion-facial-con-hilo\\\/\"},\"wordCount\":334,\"publisher\":{\"@id\":\"https:\\\/\\\/www.treatwell.es/in-the-glow\\\/#organization\"},\"image\":{\"@id\":\"https:\\\/\\\/www.treatwell.es/in-the-glow\\\/razones-para-la-depilacion-facial-con-hilo\\\/#primaryimage\"},\"thumbnailUrl\":\"https:\\\/\\\/www.treatwell.es/in-the-glow\\\/wp-content\\\/uploads\\\/sites\\\/10\\\/2022\\\/03\\\/Depilacion-Facial-Con-Hilo-Treat.jpg\",\"keywords\":[\"Eyebrow Threading\",\"Threading\"],\"articleSection\":[\"Beauty\"],\"inLanguage\":\"es\"},{\"@type\":\"WebPage\",\"@id\":\"https:\\\/\\\/www.treatwell.es/in-the-glow\\\/razones-para-la-depilacion-facial-con-hilo\\\/\",\"url\":\"https:\\\/\\\/www.treatwell.es/in-the-glow\\\/razones-para-la-depilacion-facial-con-hilo\\\/\",\"name\":\"Depilaci\u00f3n con hilo: r\u00e1pida, precisa y duradera | Treatwell\",\"isPartOf\":{\"@id\":\"https:\\\/\\\/www.treatwell.es/in-the-glow\\\/#website\"},\"primaryImageOfPage\":{\"@id\":\"https:\\\/\\\/www.treatwell.es/in-the-glow\\\/razones-para-la-depilacion-facial-con-hilo\\\/#primaryimage\"},\"image\":{\"@id\":\"https:\\\/\\\/www.treatwell.es/in-the-glow\\\/razones-para-la-depilacion-facial-con-hilo\\\/#primaryimage\"},\"thumbnailUrl\":\"https:\\\/\\\/www.treatwell.es/in-the-glow\\\/wp-content\\\/uploads\\\/sites\\\/10\\\/2022\\\/03\\\/Depilacion-Facial-Con-Hilo-Treat.jpg\",\"datePublished\":\"2018-06-24T07:00:55+00:00\",\"dateModified\":\"2025-12-15T22:53:15+00:00\",\"description\":\"Descubre los beneficios de la depilaci\u00f3n con hilo: elimina todo el vello, dura hasta un mes, no deja marcas y el dolor es m\u00ednimo. Reserva tu sesi\u00f3n facial ideal.\",\"breadcrumb\":{\"@id\":\"https:\\\/\\\/www.treatwell.es/in-the-glow\\\/razones-para-la-depilacion-facial-con-hilo\\\/#breadcrumb\"},\"inLanguage\":\"es\",\"potentialAction\":[{\"@type\":\"ReadAction\",\"target\":[\"https:\\\/\\\/www.treatwell.es/in-the-glow\\\/razones-para-la-depilacion-facial-con-hilo\\\/\"]}]},{\"@type\":\"ImageObject\",\"inLanguage\":\"es\",\"@id\":\"https:\\\/\\\/www.treatwell.es/in-the-glow\\\/razones-para-la-depilacion-facial-con-hilo\\\/#primaryimage\",\"url\":\"https:\\\/\\\/www.treatwell.es/in-the-glow\\\/wp-content\\\/uploads\\\/sites\\\/10\\\/2022\\\/03\\\/Depilacion-Facial-Con-Hilo-Treat.jpg\",\"contentUrl\":\"https:\\\/\\\/www.treatwell.es/in-the-glow\\\/wp-content\\\/uploads\\\/sites\\\/10\\\/2022\\\/03\\\/Depilacion-Facial-Con-Hilo-Treat.jpg\",\"width\":500,\"height\":361},{\"@type\":\"BreadcrumbList\",\"@id\":\"https:\\\/\\\/www.treatwell.es/in-the-glow\\\/razones-para-la-depilacion-facial-con-hilo\\\/#breadcrumb\",\"itemListElement\":[{\"@type\":\"ListItem\",\"position\":1,\"name\":\"Home\",\"item\":\"https:\\\/\\\/www.treatwell.es/in-the-glow\\\/\"},{\"@type\":\"ListItem\",\"position\":2,\"name\":\"Beauty\",\"item\":\"https:\\\/\\\/www.treatwell.es/in-the-glow\\\/beauty\\\/\"},{\"@type\":\"ListItem\",\"position\":3,\"name\":\"3 razones para pasarte a la depilaci\u00f3n facial con hilo\"}]},{\"@type\":\"WebSite\",\"@id\":\"https:\\\/\\\/www.treatwell.es/in-the-glow\\\/#website\",\"url\":\"https:\\\/\\\/www.treatwell.es/in-the-glow\\\/\",\"name\":\"In The Glow\",\"description\":\"Belleza. Pelo. Lifestyle.\",\"publisher\":{\"@id\":\"https:\\\/\\\/www.treatwell.es/in-the-glow\\\/#organization\"},\"potentialAction\":[{\"@type\":\"SearchAction\",\"target\":{\"@type\":\"EntryPoint\",\"urlTemplate\":\"https:\\\/\\\/www.treatwell.es/in-the-glow\\\/?s={search_term_string}\"},\"query-input\":{\"@type\":\"PropertyValueSpecification\",\"valueRequired\":true,\"valueName\":\"search_term_string\"}}],\"inLanguage\":\"es\"},{\"@type\":\"Organization\",\"@id\":\"https:\\\/\\\/www.treatwell.es/in-the-glow\\\/#organization\",\"name\":\"Treatwell\",\"url\":\"https:\\\/\\\/www.treatwell.es/in-the-glow\\\/\",\"logo\":{\"@type\":\"ImageObject\",\"inLanguage\":\"es\",\"@id\":\"https:\\\/\\\/www.treatwell.es/in-the-glow\\\/#\\\/schema\\\/logo\\\/image\\\/\",\"url\":\"https:\\\/\\\/www.treatwell.es/in-the-glow\\\/wp-content\\\/uploads\\\/sites\\\/10\\\/2022\\\/03\\\/logo_treatwell.png\",\"contentUrl\":\"https:\\\/\\\/www.treatwell.es/in-the-glow\\\/wp-content\\\/uploads\\\/sites\\\/10\\\/2022\\\/03\\\/logo_treatwell.png\",\"width\":889,\"height\":164,\"caption\":\"Treatwell\"},\"image\":{\"@id\":\"https:\\\/\\\/www.treatwell.es/in-the-glow\\\/#\\\/schema\\\/logo\\\/image\\\/\"}},{\"@type\":\"Person\",\"@id\":\"\",\"url\":\"https:\\\/\\\/www.treatwell.es/in-the-glow\\\/author\\\/\"}]}<\/script>\n<!-- \/ Yoast SEO plugin. -->","yoast_head_json":{"title":"Depilaci\u00f3n con hilo: r\u00e1pida, precisa y duradera | Treatwell","description":"Descubre los beneficios de la depilaci\u00f3n con hilo: elimina todo el vello, dura hasta un mes, no deja marcas y el dolor es m\u00ednimo. Reserva tu sesi\u00f3n facial ideal.","robots":{"index":"index","follow":"follow","max-snippet":"max-snippet:-1","max-image-preview":"max-image-preview:large","max-video-preview":"max-video-preview:-1"},"canonical":"https:\/\/www.treatwell.es/in-the-glow\/razones-para-la-depilacion-facial-con-hilo\/","og_locale":"es_ES","og_type":"article","og_title":"Depilaci\u00f3n con hilo: r\u00e1pida, precisa y duradera | Treatwell","og_description":"Descubre los beneficios de la depilaci\u00f3n con hilo: elimina todo el vello, dura hasta un mes, no deja marcas y el dolor es m\u00ednimo. Reserva tu sesi\u00f3n facial ideal.","og_url":"https:\/\/www.treatwell.es/in-the-glow\/razones-para-la-depilacion-facial-con-hilo\/","og_site_name":"In The Glow","article_published_time":"2018-06-24T07:00:55+00:00","article_modified_time":"2025-12-15T22:53:15+00:00","og_image":[{"width":500,"height":361,"url":"https:\/\/www.treatwell.es/in-the-glow\/wp-content\/uploads\/sites\/10\/2022\/03\/Depilacion-Facial-Con-Hilo-Treat.jpg","type":"image\/jpeg"}],"twitter_card":"summary_large_image","twitter_misc":{"Escrito por":"","Tiempo de lectura":"2 minutos"},"schema":{"@context":"https:\/\/schema.org","@graph":[{"@type":"Article","@id":"https:\/\/www.treatwell.es/in-the-glow\/razones-para-la-depilacion-facial-con-hilo\/#article","isPartOf":{"@id":"https:\/\/www.treatwell.es/in-the-glow\/razones-para-la-depilacion-facial-con-hilo\/"},"author":{"name":"","@id":""},"headline":"3 razones para pasarte a la depilaci\u00f3n facial con hilo","datePublished":"2018-06-24T07:00:55+00:00","dateModified":"2025-12-15T22:53:15+00:00","mainEntityOfPage":{"@id":"https:\/\/www.treatwell.es/in-the-glow\/razones-para-la-depilacion-facial-con-hilo\/"},"wordCount":334,"publisher":{"@id":"https:\/\/www.treatwell.es/in-the-glow\/#organization"},"image":{"@id":"https:\/\/www.treatwell.es/in-the-glow\/razones-para-la-depilacion-facial-con-hilo\/#primaryimage"},"thumbnailUrl":"https:\/\/www.treatwell.es/in-the-glow\/wp-content\/uploads\/sites\/10\/2022\/03\/Depilacion-Facial-Con-Hilo-Treat.jpg","keywords":["Eyebrow Threading","Threading"],"articleSection":["Beauty"],"inLanguage":"es"},{"@type":"WebPage","@id":"https:\/\/www.treatwell.es/in-the-glow\/razones-para-la-depilacion-facial-con-hilo\/","url":"https:\/\/www.treatwell.es/in-the-glow\/razones-para-la-depilacion-facial-con-hilo\/","name":"Depilaci\u00f3n con hilo: r\u00e1pida, precisa y duradera | Treatwell","isPartOf":{"@id":"https:\/\/www.treatwell.es/in-the-glow\/#website"},"primaryImageOfPage":{"@id":"https:\/\/www.treatwell.es/in-the-glow\/razones-para-la-depilacion-facial-con-hilo\/#primaryimage"},"image":{"@id":"https:\/\/www.treatwell.es/in-the-glow\/razones-para-la-depilacion-facial-con-hilo\/#primaryimage"},"thumbnailUrl":"https:\/\/www.treatwell.es/in-the-glow\/wp-content\/uploads\/sites\/10\/2022\/03\/Depilacion-Facial-Con-Hilo-Treat.jpg","datePublished":"2018-06-24T07:00:55+00:00","dateModified":"2025-12-15T22:53:15+00:00","description":"Descubre los beneficios de la depilaci\u00f3n con hilo: elimina todo el vello, dura hasta un mes, no deja marcas y el dolor es m\u00ednimo. Reserva tu sesi\u00f3n facial ideal.","breadcrumb":{"@id":"https:\/\/www.treatwell.es/in-the-glow\/razones-para-la-depilacion-facial-con-hilo\/#breadcrumb"},"inLanguage":"es","potentialAction":[{"@type":"ReadAction","target":["https:\/\/www.treatwell.es/in-the-glow\/razones-para-la-depilacion-facial-con-hilo\/"]}]},{"@type":"ImageObject","inLanguage":"es","@id":"https:\/\/www.treatwell.es/in-the-glow\/razones-para-la-depilacion-facial-con-hilo\/#primaryimage","url":"https:\/\/www.treatwell.es/in-the-glow\/wp-content\/uploads\/sites\/10\/2022\/03\/Depilacion-Facial-Con-Hilo-Treat.jpg","contentUrl":"https:\/\/www.treatwell.es/in-the-glow\/wp-content\/uploads\/sites\/10\/2022\/03\/Depilacion-Facial-Con-Hilo-Treat.jpg","width":500,"height":361},{"@type":"BreadcrumbList","@id":"https:\/\/www.treatwell.es/in-the-glow\/razones-para-la-depilacion-facial-con-hilo\/#breadcrumb","itemListElement":[{"@type":"ListItem","position":1,"name":"Home","item":"https:\/\/www.treatwell.es/in-the-glow\/"},{"@type":"ListItem","position":2,"name":"Beauty","item":"https:\/\/www.treatwell.es/in-the-glow\/beauty\/"},{"@type":"ListItem","position":3,"name":"3 razones para pasarte a la depilaci\u00f3n facial con hilo"}]},{"@type":"WebSite","@id":"https:\/\/www.treatwell.es/in-the-glow\/#website","url":"https:\/\/www.treatwell.es/in-the-glow\/","name":"In The Glow","description":"Belleza. Pelo. Lifestyle.","publisher":{"@id":"https:\/\/www.treatwell.es/in-the-glow\/#organization"},"potentialAction":[{"@type":"SearchAction","target":{"@type":"EntryPoint","urlTemplate":"https:\/\/www.treatwell.es/in-the-glow\/?s={search_term_string}"},"query-input":{"@type":"PropertyValueSpecification","valueRequired":true,"valueName":"search_term_string"}}],"inLanguage":"es"},{"@type":"Organization","@id":"https:\/\/www.treatwell.es/in-the-glow\/#organization","name":"Treatwell","url":"https:\/\/www.treatwell.es/in-the-glow\/","logo":{"@type":"ImageObject","inLanguage":"es","@id":"https:\/\/www.treatwell.es/in-the-glow\/#\/schema\/logo\/image\/","url":"https:\/\/www.treatwell.es/in-the-glow\/wp-content\/uploads\/sites\/10\/2022\/03\/logo_treatwell.png","contentUrl":"https:\/\/www.treatwell.es/in-the-glow\/wp-content\/uploads\/sites\/10\/2022\/03\/logo_treatwell.png","width":889,"height":164,"caption":"Treatwell"},"image":{"@id":"https:\/\/www.treatwell.es/in-the-glow\/#\/schema\/logo\/image\/"}},{"@type":"Person","@id":"","url":"https:\/\/www.treatwell.es/in-the-glow\/author\/"}]}},"featured_image_src":"https:\/\/www.treatwell.es/in-the-glow\/wp-content\/uploads\/sites\/10\/2022\/03\/Depilacion-Facial-Con-Hilo-Treat.jpg","featured_image_src_square":"https:\/\/www.treatwell.es/in-the-glow\/wp-content\/uploads\/sites\/10\/2022\/03\/Depilacion-Facial-Con-Hilo-Treat.jpg","author_info":{"display_name":"","author_link":"https:\/\/www.treatwell.es/in-the-glow\/author\/"},"_links":{"self":[{"href":"https:\/\/www.treatwell.es\/in-the-glow\/wp-json\/wp\/v2\/posts\/26547","targetHints":{"allow":["GET"]}}],"collection":[{"href":"https:\/\/www.treatwell.es\/in-the-glow\/wp-json\/wp\/v2\/posts"}],"about":[{"href":"https:\/\/www.treatwell.es\/in-the-glow\/wp-json\/wp\/v2\/types\/post"}],"author":[{"embeddable":true,"href":"https:\/\/www.treatwell.es\/in-the-glow\/wp-json\/wp\/v2\/users\/3319"}],"replies":[{"embeddable":true,"href":"https:\/\/www.treatwell.es\/in-the-glow\/wp-json\/wp\/v2\/comments?post=26547"}],"version-history":[{"count":0,"href":"https:\/\/www.treatwell.es\/in-the-glow\/wp-json\/wp\/v2\/posts\/26547\/revisions"}],"wp:featuredmedia":[{"embeddable":true,"href":"https:\/\/www.treatwell.es\/in-the-glow\/wp-json\/wp\/v2\/media\/26552"}],"wp:attachment":[{"href":"https:\/\/www.treatwell.es\/in-the-glow\/wp-json\/wp\/v2\/media?parent=26547"}],"wp:term":[{"taxonomy":"category","embeddable":true,"href":"https:\/\/www.treatwell.es\/in-the-glow\/wp-json\/wp\/v2\/categories?post=26547"},{"taxonomy":"post_tag","embeddable":true,"href":"https:\/\/www.treatwell.es\/in-the-glow\/wp-json\/wp\/v2\/tags?post=26547"}],"curies":[{"name":"wp","href":"https:\/\/api.w.org\/{rel}","templated":true}]}}