{"id":26883,"date":"2018-07-11T09:00:04","date_gmt":"2018-07-11T07:00:04","guid":{"rendered":"https:\/\/www.treatwell.es\/in-the-glow\/?p=15746"},"modified":"2025-12-15T23:53:24","modified_gmt":"2025-12-15T22:53:24","slug":"preparativos-beauty-antes-de-irse-de-vacaciones","status":"publish","type":"post","link":"https:\/\/www.treatwell.es/in-the-glow\/preparativos-beauty-antes-de-irse-de-vacaciones\/","title":{"rendered":"Preparativos beauty antes de irse de vacaciones"},"content":{"rendered":"<p>Amiga, si tus vacaciones est\u00e1n a la vuelta de la esquina&#8230; \u00a1Cuidado que no te pille el toro!\u00a0Porque si ten\u00edas pensado hacerte un\u00a0<a href=\"https:\/\/www.treatwell.es\/\">tratamiento beauty<\/a>, tienes que saber que algunos se deben hacer d\u00edas antes de que te vayas de viaje. \u00a1Para conseguir un resultado de 10!<\/p>\n<p>As\u00ed que ya sabes, saca papel y boli, tu <a href=\"https:\/\/www.treatwell.es\/\">agenda beauty<\/a> y apunta estos consejos para que todo salga seg\u00fan lo planeado. \u00a1Vacaciones, all\u00e1 vamos!<\/p>\n<div class=\"schema-faq wp-block-yoast-faq-block\">\n<div class=\"schema-faq-section\" id=\"faq-question-1765838701112\">\n<h3 class=\"schema-faq-question\">\u00bfCu\u00e1ndo debes te\u00f1irte el pelo antes de unas vacaciones al sol?<\/h3>\n<p class=\"schema-faq-answer\">Ti\u00f1e tu pelo un mes antes de empezar tus vacaciones si visitar\u00e1s destinos de playa o climas c\u00e1lidos. El sol puede aclarar y alterar el color del tinte, por lo que es mejor elegir dos tonos m\u00e1s oscuros y dejar que el sol ilumine tu look gradualmente.<\/div>\n<div class=\"schema-faq-section\" id=\"faq-question-1765838701113\">\n<h3 class=\"schema-faq-question\">\u00bfCon cu\u00e1nta antelaci\u00f3n es ideal realizarse una depilaci\u00f3n antes de viajar?<\/h3>\n<p class=\"schema-faq-answer\">Realiza la depilaci\u00f3n una semana antes de salir de viaje para lucir una piel suave y sedosa. Esto permite que la piel se recupere por completo y que est\u00e9 lista para exponerse al sol y la arena sin irritaciones.<\/div>\n<div class=\"schema-faq-section\" id=\"faq-question-1765838701114\">\n<h3 class=\"schema-faq-question\">\u00bfQu\u00e9 d\u00eda es mejor cortar el pelo antes de irse de vacaciones?<\/h3>\n<p class=\"schema-faq-answer\">Hazte el corte de pelo tres d\u00edas antes de tus vacaciones para asegurar un resultado impecable durante todo el viaje. Aprovecha para pedir un tratamiento hidratante y as\u00ed conseguir un pelo suave y resistente a los efectos de la playa o la piscina.<\/div>\n<div class=\"schema-faq-section\" id=\"faq-question-1765838701115\">\n<h3 class=\"schema-faq-question\">\u00bfCu\u00e1ndo hacerte un lifting o extensiones de pesta\u00f1as para que duren en vacaciones?<\/h3>\n<p class=\"schema-faq-answer\">Realiza el lifting de pesta\u00f1as o las extensiones dos d\u00edas antes de viajar para que el efecto dure lo m\u00e1ximo posible. As\u00ed podr\u00e1s disfrutar de una mirada XXL sin preocuparte por el agua o el sol durante tu escapada.<\/div>\n<div class=\"schema-faq-section\" id=\"faq-question-1765838701116\">\n<h3 class=\"schema-faq-question\">\u00bfCu\u00e1l es el mejor momento para una manicura antes de un viaje largo?<\/h3>\n<p class=\"schema-faq-answer\">Hazte la manicura un d\u00eda antes de viajar, especialmente si eliges u\u00f1as de gel. Este tipo de manicura se mantiene intacta durante tu viaje, permiti\u00e9ndote lucir unas manos impecables sin preocuparte por retoques.<\/div>\n<\/p><\/div>\n","protected":false},"excerpt":{"rendered":"<p>Amiga, si tus vacaciones est\u00e1n a la vuelta de la esquina&#8230; \u00a1Cuidado que no te pille el toro!\u00a0Porque si ten\u00edas pensado hacerte un\u00a0tratamiento beauty, tienes que saber que algunos se deben hacer d\u00edas antes de que te vayas de viaje. \u00a1Para conseguir un resultado de 10! As\u00ed que ya sabes, saca papel y boli, tu [&hellip;]<\/p>\n","protected":false},"author":3319,"featured_media":26890,"comment_status":"closed","ping_status":"closed","sticky":false,"template":"","format":"standard","meta":{"_acf_changed":false,"_yoast_wpseo_title":"Agenda beauty: tratamientos antes de vacaciones | Treatwell","_yoast_wpseo_metadesc":"Prepara tu agenda beauty para las vacaciones. Consejos clave: tinte de pelo, depilaci\u00f3n, corte, lifting de pesta\u00f1as y manicura. Luce perfecta en tu viaje.","_genesis_hide_title":false,"_genesis_hide_breadcrumbs":false,"_genesis_hide_singular_image":false,"_genesis_hide_footer_widgets":false,"_genesis_custom_body_class":"","_genesis_custom_post_class":"","_genesis_layout":"","saswp_custom_schema_field":"{\"@context\":\"https:\/\/schema.org\",\"@type\":\"FAQPage\",\"mainEntity\":[{\"@type\":\"Question\",\"name\":\"\u00bfCu\u00e1ndo debes te\u00f1irte el pelo antes de unas vacaciones al sol?\",\"acceptedAnswer\":{\"@type\":\"Answer\",\"text\":\"Ti\u00f1e tu pelo un mes antes de empezar tus vacaciones si visitar\u00e1s destinos de playa o climas c\u00e1lidos. El sol puede aclarar y alterar el color del tinte, por lo que es mejor elegir dos tonos m\u00e1s oscuros y dejar que el sol ilumine tu look gradualmente.\"}},{\"@type\":\"Question\",\"name\":\"\u00bfCon cu\u00e1nta antelaci\u00f3n es ideal realizarse una depilaci\u00f3n antes de viajar?\",\"acceptedAnswer\":{\"@type\":\"Answer\",\"text\":\"Realiza la depilaci\u00f3n una semana antes de salir de viaje para lucir una piel suave y sedosa. Esto permite que la piel se recupere por completo y que est\u00e9 lista para exponerse al sol y la arena sin irritaciones.\"}},{\"@type\":\"Question\",\"name\":\"\u00bfQu\u00e9 d\u00eda es mejor cortar el pelo antes de irse de vacaciones?\",\"acceptedAnswer\":{\"@type\":\"Answer\",\"text\":\"Hazte el corte de pelo tres d\u00edas antes de tus vacaciones para asegurar un resultado impecable durante todo el viaje. Aprovecha para pedir un tratamiento hidratante y as\u00ed conseguir un pelo suave y resistente a los efectos de la playa o la piscina.\"}},{\"@type\":\"Question\",\"name\":\"\u00bfCu\u00e1ndo hacerte un lifting o extensiones de pesta\u00f1as para que duren en vacaciones?\",\"acceptedAnswer\":{\"@type\":\"Answer\",\"text\":\"Realiza el lifting de pesta\u00f1as o las extensiones dos d\u00edas antes de viajar para que el efecto dure lo m\u00e1ximo posible. As\u00ed podr\u00e1s disfrutar de una mirada XXL sin preocuparte por el agua o el sol durante tu escapada.\"}},{\"@type\":\"Question\",\"name\":\"\u00bfCu\u00e1l es el mejor momento para una manicura antes de un viaje largo?\",\"acceptedAnswer\":{\"@type\":\"Answer\",\"text\":\"Hazte la manicura un d\u00eda antes de viajar, especialmente si eliges u\u00f1as de gel. Este tipo de manicura se mantiene intacta durante tu viaje, permiti\u00e9ndote lucir unas manos impecables sin preocuparte por retoques.\"}}]}","footnotes":""},"categories":[4],"tags":[105,29,30,115,20,48,17,7,77],"class_list":{"0":"post-26883","1":"post","2":"type-post","3":"status-publish","4":"format-standard","5":"has-post-thumbnail","7":"category-beauty","8":"tag-tr709","9":"tag-tr48","10":"tag-tr706","11":"tag-tr707","12":"tag-tr540","13":"tag-tr273","14":"tag-tr578","15":"tag-tt36","16":"tag-vt37","17":"entry"},"acf":{"post_credits":"Cr\u00e9ditos de im\u00e1genes: Shutterstock, Instagram: @nathalieniina, @aleagre, @beatricedatmo, @fionaicecream, @niupacific, @shagal_waxing, @the_house_of_lashes.","beauty_blog_post_button_title":"","beauty_blog_post_button":"","landscape_picture":26889,"blocks":[{"block_title":"Tinte de pelo: un mes antes","block_content":"<p>Si ten&iacute;as pensado <a href=\"https:\/\/www.treatwell.es\/establecimientos\/tratamiento-tinte-y-mechas-mujer\/oferta-tipo-local\/en-es\/\">te&ntilde;irte para tus vacaciones de verano<\/a>, mejor hazlo un mes antes. Ya que&nbsp;si vas a la playa o alg&uacute;n otro sitio c&aacute;lido, el sol puede acabar estropeando tu pelo reci&eacute;n te&ntilde;ido. &iquest;Por qu&eacute;? Porque los rayos ultravioleta pueden alterar el color del tinte. Al igual que&nbsp;lo clarea un poco. As&iacute; que si no quieres tener un&nbsp;rubio muy platino, mejor opta por dos tonos por debajo de lo que estabas pensando, &iexcl;y deja que el sol haga el resto!<\/p>\n","video_content":"","block_picture":26884},{"block_title":"Depilaci\u00f3n: una semana antes","block_content":"<p><a href=\"https:\/\/www.treatwell.es\/in-the-glow\/consejos-depilacion-ingles-antes-despues\/\">No es ning&uacute;n secreto<\/a>: una piel&nbsp;reci&eacute;n depilada, el sol y la arena nunca podr&aacute;n ser mejores amigos. Por eso, si estabas pensando en hacerte l<a href=\"https:\/\/www.treatwell.es\/establecimientos\/servicios-grupo-depilacion\/oferta-tipo-local\/en-es\/\">as ingles, las piernas o las &aacute;xilas<\/a> para ponerte el bikini y lucir una piel suave y sedosa, mejor dep&iacute;late una semana antes. As&iacute; dejas que la piel se recupere por completo y est&eacute; lista para ponerse morenita.<\/p>\n","video_content":"","block_picture":26885},{"block_title":"Corte de pelo: tres d\u00edas antes","block_content":"<p>A la hora de hacerte un <a href=\"https:\/\/www.treatwell.es\/establecimientos\/tratamiento-corte-de-pelo\/oferta-tipo-local\/en-es\/\">corte de pelo<\/a>, puedes hac&eacute;rtelo incluso tres d&iacute;as antes de tus vacaciones planeadas. As&iacute; podr&aacute;s lucir una melenaza impecable all&aacute; donde vayas. Pide en la peluquer&iacute;a que te hagan adem&aacute;s un <a href=\"https:\/\/www.treatwell.es\/establecimientos\/servicios-grupo-pelo\/oferta-tipo-local\/en-es\/\">tratamiento hidratante<\/a> y tendr&aacute;s un pelo suave que ni la playa podr&aacute; con &eacute;l. Ya lo ver&aacute;s. Palabrita de Treatwell.<\/p>\n","video_content":"","block_picture":26886},{"block_title":"Lifting de pesta\u00f1as: dos d\u00edas antes","block_content":"<p>&iexcl;Se acabar&oacute;n los ojos de panda al salir de la piscina! Y es que ya sea si decides hacerte las <a href=\"https:\/\/www.treatwell.es\/establecimientos\/tratamiento-extensiones-de-pestanas,lifting-de-pestanas,permanente-de-pestanas\/oferta-tipo-local\/en-es\/\">extensiones de pesta&ntilde;as<\/a> o el <a href=\"https:\/\/www.treatwell.es\/establecimientos\/tratamiento-extensiones-de-pestanas,lifting-de-pestanas,permanente-de-pestanas\/oferta-tipo-local\/en-es\/\">lifting<\/a>, podr&aacute;s lucir una mirada XXL sin miedo a que te la <a href=\"https:\/\/www.treatwell.es\/in-the-glow\/extensiones-de-pestanas-todas-tus-preguntas-contestadas\/\">estropee el agua<\/a>. As&iacute; que si vas a hacerte uno de estos dos tratamientos, lo mejor es hacerlo dos d&iacute;as antes de tus vacaciones. Para que as&iacute; el efecto te dure lo m&aacute;ximo posible, &iexcl;y tus pesta&ntilde;as ser&aacute;n imparables!<\/p>\n","video_content":"","block_picture":26887},{"block_title":"Manicura: un d\u00eda antes","block_content":"<p>Si tienes planeado un viaje largo, las <a href=\"https:\/\/www.treatwell.es\/establecimientos\/tratamiento-extensiones-y-reconstruccion-de-unas\/oferta-tipo-local\/en-es\/\">u&ntilde;as de gel<\/a> se convertir&aacute;n en tu mejor aliado. Y es que vayas a donde vayas, se mantendr&aacute;n intactas durante todo el viaje. &iquest;Y a la hora de hac&eacute;rtelas? Puedes ir incluso un d&iacute;a antes de tus vacaciones. T&uacute; solo tienes que preocuparte de escoger <a href=\"https:\/\/www.treatwell.es\/in-the-glow\/unas-que-destacan-para-el-verano\/\">el dise&ntilde;o que m&aacute;s te guste<\/a> y... &iexcl;a lucir u&ntilde;as!<\/p>\n","video_content":"","block_picture":26888}]},"yoast_head":"<!-- This site is optimized with the Yoast SEO plugin v27.5 - https:\/\/yoast.com\/product\/yoast-seo-wordpress\/ -->\n<title>Agenda beauty: tratamientos antes de vacaciones | Treatwell<\/title>\n<meta name=\"description\" content=\"Prepara tu agenda beauty para las vacaciones. Consejos clave: tinte de pelo, depilaci\u00f3n, corte, lifting de pesta\u00f1as y manicura. Luce perfecta en tu viaje.\" \/>\n<meta name=\"robots\" content=\"index, follow, max-snippet:-1, max-image-preview:large, max-video-preview:-1\" \/>\n<link rel=\"canonical\" href=\"https:\/\/www.treatwell.es/in-the-glow\/preparativos-beauty-antes-de-irse-de-vacaciones\/\" \/>\n<meta property=\"og:locale\" content=\"es_ES\" \/>\n<meta property=\"og:type\" content=\"article\" \/>\n<meta property=\"og:title\" content=\"Agenda beauty: tratamientos antes de vacaciones | Treatwell\" \/>\n<meta property=\"og:description\" content=\"Prepara tu agenda beauty para las vacaciones. Consejos clave: tinte de pelo, depilaci\u00f3n, corte, lifting de pesta\u00f1as y manicura. Luce perfecta en tu viaje.\" \/>\n<meta property=\"og:url\" content=\"https:\/\/www.treatwell.es/in-the-glow\/preparativos-beauty-antes-de-irse-de-vacaciones\/\" \/>\n<meta property=\"og:site_name\" content=\"In The Glow\" \/>\n<meta property=\"article:published_time\" content=\"2018-07-11T07:00:04+00:00\" \/>\n<meta property=\"article:modified_time\" content=\"2025-12-15T22:53:24+00:00\" \/>\n<meta property=\"og:image\" content=\"https:\/\/www.treatwell.es/in-the-glow\/wp-content\/uploads\/sites\/10\/2022\/03\/Preparativos-Beauty-Treat.jpg\" \/>\n\t<meta property=\"og:image:width\" content=\"500\" \/>\n\t<meta property=\"og:image:height\" content=\"501\" \/>\n\t<meta property=\"og:image:type\" content=\"image\/jpeg\" \/>\n<meta name=\"twitter:card\" content=\"summary_large_image\" \/>\n<meta name=\"twitter:label1\" content=\"Escrito por\" \/>\n\t<meta name=\"twitter:data1\" content=\"\" \/>\n\t<meta name=\"twitter:label2\" content=\"Tiempo de lectura\" \/>\n\t<meta name=\"twitter:data2\" content=\"2 minutos\" \/>\n<script type=\"application\/ld+json\" class=\"yoast-schema-graph\">{\"@context\":\"https:\\\/\\\/schema.org\",\"@graph\":[{\"@type\":\"Article\",\"@id\":\"https:\\\/\\\/www.treatwell.es/in-the-glow\\\/preparativos-beauty-antes-de-irse-de-vacaciones\\\/#article\",\"isPartOf\":{\"@id\":\"https:\\\/\\\/www.treatwell.es/in-the-glow\\\/preparativos-beauty-antes-de-irse-de-vacaciones\\\/\"},\"author\":{\"name\":\"\",\"@id\":\"\"},\"headline\":\"Preparativos beauty antes de irse de vacaciones\",\"datePublished\":\"2018-07-11T07:00:04+00:00\",\"dateModified\":\"2025-12-15T22:53:24+00:00\",\"mainEntityOfPage\":{\"@id\":\"https:\\\/\\\/www.treatwell.es/in-the-glow\\\/preparativos-beauty-antes-de-irse-de-vacaciones\\\/\"},\"wordCount\":366,\"publisher\":{\"@id\":\"https:\\\/\\\/www.treatwell.es/in-the-glow\\\/#organization\"},\"image\":{\"@id\":\"https:\\\/\\\/www.treatwell.es/in-the-glow\\\/preparativos-beauty-antes-de-irse-de-vacaciones\\\/#primaryimage\"},\"thumbnailUrl\":\"https:\\\/\\\/www.treatwell.es/in-the-glow\\\/wp-content\\\/uploads\\\/sites\\\/10\\\/2022\\\/03\\\/Preparativos-Beauty-Treat.jpg\",\"keywords\":[\"Eyebrow and Eyelash Tinting\",\"Eyebrow and Eyelash Treatments\",\"Eyelash Extensions\",\"Eyelash Perming\",\"Gel Nails\",\"Hair Colouring and Highlights\",\"Nail Art\",\"Nails\",\"Tanning Salon\"],\"articleSection\":[\"Beauty\"],\"inLanguage\":\"es\"},{\"@type\":\"WebPage\",\"@id\":\"https:\\\/\\\/www.treatwell.es/in-the-glow\\\/preparativos-beauty-antes-de-irse-de-vacaciones\\\/\",\"url\":\"https:\\\/\\\/www.treatwell.es/in-the-glow\\\/preparativos-beauty-antes-de-irse-de-vacaciones\\\/\",\"name\":\"Agenda beauty: tratamientos antes de vacaciones | Treatwell\",\"isPartOf\":{\"@id\":\"https:\\\/\\\/www.treatwell.es/in-the-glow\\\/#website\"},\"primaryImageOfPage\":{\"@id\":\"https:\\\/\\\/www.treatwell.es/in-the-glow\\\/preparativos-beauty-antes-de-irse-de-vacaciones\\\/#primaryimage\"},\"image\":{\"@id\":\"https:\\\/\\\/www.treatwell.es/in-the-glow\\\/preparativos-beauty-antes-de-irse-de-vacaciones\\\/#primaryimage\"},\"thumbnailUrl\":\"https:\\\/\\\/www.treatwell.es/in-the-glow\\\/wp-content\\\/uploads\\\/sites\\\/10\\\/2022\\\/03\\\/Preparativos-Beauty-Treat.jpg\",\"datePublished\":\"2018-07-11T07:00:04+00:00\",\"dateModified\":\"2025-12-15T22:53:24+00:00\",\"description\":\"Prepara tu agenda beauty para las vacaciones. Consejos clave: tinte de pelo, depilaci\u00f3n, corte, lifting de pesta\u00f1as y manicura. Luce perfecta en tu viaje.\",\"breadcrumb\":{\"@id\":\"https:\\\/\\\/www.treatwell.es/in-the-glow\\\/preparativos-beauty-antes-de-irse-de-vacaciones\\\/#breadcrumb\"},\"inLanguage\":\"es\",\"potentialAction\":[{\"@type\":\"ReadAction\",\"target\":[\"https:\\\/\\\/www.treatwell.es/in-the-glow\\\/preparativos-beauty-antes-de-irse-de-vacaciones\\\/\"]}]},{\"@type\":\"ImageObject\",\"inLanguage\":\"es\",\"@id\":\"https:\\\/\\\/www.treatwell.es/in-the-glow\\\/preparativos-beauty-antes-de-irse-de-vacaciones\\\/#primaryimage\",\"url\":\"https:\\\/\\\/www.treatwell.es/in-the-glow\\\/wp-content\\\/uploads\\\/sites\\\/10\\\/2022\\\/03\\\/Preparativos-Beauty-Treat.jpg\",\"contentUrl\":\"https:\\\/\\\/www.treatwell.es/in-the-glow\\\/wp-content\\\/uploads\\\/sites\\\/10\\\/2022\\\/03\\\/Preparativos-Beauty-Treat.jpg\",\"width\":500,\"height\":501},{\"@type\":\"BreadcrumbList\",\"@id\":\"https:\\\/\\\/www.treatwell.es/in-the-glow\\\/preparativos-beauty-antes-de-irse-de-vacaciones\\\/#breadcrumb\",\"itemListElement\":[{\"@type\":\"ListItem\",\"position\":1,\"name\":\"Home\",\"item\":\"https:\\\/\\\/www.treatwell.es/in-the-glow\\\/\"},{\"@type\":\"ListItem\",\"position\":2,\"name\":\"Beauty\",\"item\":\"https:\\\/\\\/www.treatwell.es/in-the-glow\\\/beauty\\\/\"},{\"@type\":\"ListItem\",\"position\":3,\"name\":\"Preparativos beauty antes de irse de vacaciones\"}]},{\"@type\":\"WebSite\",\"@id\":\"https:\\\/\\\/www.treatwell.es/in-the-glow\\\/#website\",\"url\":\"https:\\\/\\\/www.treatwell.es/in-the-glow\\\/\",\"name\":\"In The Glow\",\"description\":\"Belleza. Pelo. Lifestyle.\",\"publisher\":{\"@id\":\"https:\\\/\\\/www.treatwell.es/in-the-glow\\\/#organization\"},\"potentialAction\":[{\"@type\":\"SearchAction\",\"target\":{\"@type\":\"EntryPoint\",\"urlTemplate\":\"https:\\\/\\\/www.treatwell.es/in-the-glow\\\/?s={search_term_string}\"},\"query-input\":{\"@type\":\"PropertyValueSpecification\",\"valueRequired\":true,\"valueName\":\"search_term_string\"}}],\"inLanguage\":\"es\"},{\"@type\":\"Organization\",\"@id\":\"https:\\\/\\\/www.treatwell.es/in-the-glow\\\/#organization\",\"name\":\"Treatwell\",\"url\":\"https:\\\/\\\/www.treatwell.es/in-the-glow\\\/\",\"logo\":{\"@type\":\"ImageObject\",\"inLanguage\":\"es\",\"@id\":\"https:\\\/\\\/www.treatwell.es/in-the-glow\\\/#\\\/schema\\\/logo\\\/image\\\/\",\"url\":\"https:\\\/\\\/www.treatwell.es/in-the-glow\\\/wp-content\\\/uploads\\\/sites\\\/10\\\/2022\\\/03\\\/logo_treatwell.png\",\"contentUrl\":\"https:\\\/\\\/www.treatwell.es/in-the-glow\\\/wp-content\\\/uploads\\\/sites\\\/10\\\/2022\\\/03\\\/logo_treatwell.png\",\"width\":889,\"height\":164,\"caption\":\"Treatwell\"},\"image\":{\"@id\":\"https:\\\/\\\/www.treatwell.es/in-the-glow\\\/#\\\/schema\\\/logo\\\/image\\\/\"}},{\"@type\":\"Person\",\"@id\":\"\",\"url\":\"https:\\\/\\\/www.treatwell.es/in-the-glow\\\/author\\\/\"}]}<\/script>\n<!-- \/ Yoast SEO plugin. -->","yoast_head_json":{"title":"Agenda beauty: tratamientos antes de vacaciones | Treatwell","description":"Prepara tu agenda beauty para las vacaciones. Consejos clave: tinte de pelo, depilaci\u00f3n, corte, lifting de pesta\u00f1as y manicura. Luce perfecta en tu viaje.","robots":{"index":"index","follow":"follow","max-snippet":"max-snippet:-1","max-image-preview":"max-image-preview:large","max-video-preview":"max-video-preview:-1"},"canonical":"https:\/\/www.treatwell.es/in-the-glow\/preparativos-beauty-antes-de-irse-de-vacaciones\/","og_locale":"es_ES","og_type":"article","og_title":"Agenda beauty: tratamientos antes de vacaciones | Treatwell","og_description":"Prepara tu agenda beauty para las vacaciones. Consejos clave: tinte de pelo, depilaci\u00f3n, corte, lifting de pesta\u00f1as y manicura. Luce perfecta en tu viaje.","og_url":"https:\/\/www.treatwell.es/in-the-glow\/preparativos-beauty-antes-de-irse-de-vacaciones\/","og_site_name":"In The Glow","article_published_time":"2018-07-11T07:00:04+00:00","article_modified_time":"2025-12-15T22:53:24+00:00","og_image":[{"width":500,"height":501,"url":"https:\/\/www.treatwell.es/in-the-glow\/wp-content\/uploads\/sites\/10\/2022\/03\/Preparativos-Beauty-Treat.jpg","type":"image\/jpeg"}],"twitter_card":"summary_large_image","twitter_misc":{"Escrito por":"","Tiempo de lectura":"2 minutos"},"schema":{"@context":"https:\/\/schema.org","@graph":[{"@type":"Article","@id":"https:\/\/www.treatwell.es/in-the-glow\/preparativos-beauty-antes-de-irse-de-vacaciones\/#article","isPartOf":{"@id":"https:\/\/www.treatwell.es/in-the-glow\/preparativos-beauty-antes-de-irse-de-vacaciones\/"},"author":{"name":"","@id":""},"headline":"Preparativos beauty antes de irse de vacaciones","datePublished":"2018-07-11T07:00:04+00:00","dateModified":"2025-12-15T22:53:24+00:00","mainEntityOfPage":{"@id":"https:\/\/www.treatwell.es/in-the-glow\/preparativos-beauty-antes-de-irse-de-vacaciones\/"},"wordCount":366,"publisher":{"@id":"https:\/\/www.treatwell.es/in-the-glow\/#organization"},"image":{"@id":"https:\/\/www.treatwell.es/in-the-glow\/preparativos-beauty-antes-de-irse-de-vacaciones\/#primaryimage"},"thumbnailUrl":"https:\/\/www.treatwell.es/in-the-glow\/wp-content\/uploads\/sites\/10\/2022\/03\/Preparativos-Beauty-Treat.jpg","keywords":["Eyebrow and Eyelash Tinting","Eyebrow and Eyelash Treatments","Eyelash Extensions","Eyelash Perming","Gel Nails","Hair Colouring and Highlights","Nail Art","Nails","Tanning Salon"],"articleSection":["Beauty"],"inLanguage":"es"},{"@type":"WebPage","@id":"https:\/\/www.treatwell.es/in-the-glow\/preparativos-beauty-antes-de-irse-de-vacaciones\/","url":"https:\/\/www.treatwell.es/in-the-glow\/preparativos-beauty-antes-de-irse-de-vacaciones\/","name":"Agenda beauty: tratamientos antes de vacaciones | Treatwell","isPartOf":{"@id":"https:\/\/www.treatwell.es/in-the-glow\/#website"},"primaryImageOfPage":{"@id":"https:\/\/www.treatwell.es/in-the-glow\/preparativos-beauty-antes-de-irse-de-vacaciones\/#primaryimage"},"image":{"@id":"https:\/\/www.treatwell.es/in-the-glow\/preparativos-beauty-antes-de-irse-de-vacaciones\/#primaryimage"},"thumbnailUrl":"https:\/\/www.treatwell.es/in-the-glow\/wp-content\/uploads\/sites\/10\/2022\/03\/Preparativos-Beauty-Treat.jpg","datePublished":"2018-07-11T07:00:04+00:00","dateModified":"2025-12-15T22:53:24+00:00","description":"Prepara tu agenda beauty para las vacaciones. Consejos clave: tinte de pelo, depilaci\u00f3n, corte, lifting de pesta\u00f1as y manicura. Luce perfecta en tu viaje.","breadcrumb":{"@id":"https:\/\/www.treatwell.es/in-the-glow\/preparativos-beauty-antes-de-irse-de-vacaciones\/#breadcrumb"},"inLanguage":"es","potentialAction":[{"@type":"ReadAction","target":["https:\/\/www.treatwell.es/in-the-glow\/preparativos-beauty-antes-de-irse-de-vacaciones\/"]}]},{"@type":"ImageObject","inLanguage":"es","@id":"https:\/\/www.treatwell.es/in-the-glow\/preparativos-beauty-antes-de-irse-de-vacaciones\/#primaryimage","url":"https:\/\/www.treatwell.es/in-the-glow\/wp-content\/uploads\/sites\/10\/2022\/03\/Preparativos-Beauty-Treat.jpg","contentUrl":"https:\/\/www.treatwell.es/in-the-glow\/wp-content\/uploads\/sites\/10\/2022\/03\/Preparativos-Beauty-Treat.jpg","width":500,"height":501},{"@type":"BreadcrumbList","@id":"https:\/\/www.treatwell.es/in-the-glow\/preparativos-beauty-antes-de-irse-de-vacaciones\/#breadcrumb","itemListElement":[{"@type":"ListItem","position":1,"name":"Home","item":"https:\/\/www.treatwell.es/in-the-glow\/"},{"@type":"ListItem","position":2,"name":"Beauty","item":"https:\/\/www.treatwell.es/in-the-glow\/beauty\/"},{"@type":"ListItem","position":3,"name":"Preparativos beauty antes de irse de vacaciones"}]},{"@type":"WebSite","@id":"https:\/\/www.treatwell.es/in-the-glow\/#website","url":"https:\/\/www.treatwell.es/in-the-glow\/","name":"In The Glow","description":"Belleza. Pelo. Lifestyle.","publisher":{"@id":"https:\/\/www.treatwell.es/in-the-glow\/#organization"},"potentialAction":[{"@type":"SearchAction","target":{"@type":"EntryPoint","urlTemplate":"https:\/\/www.treatwell.es/in-the-glow\/?s={search_term_string}"},"query-input":{"@type":"PropertyValueSpecification","valueRequired":true,"valueName":"search_term_string"}}],"inLanguage":"es"},{"@type":"Organization","@id":"https:\/\/www.treatwell.es/in-the-glow\/#organization","name":"Treatwell","url":"https:\/\/www.treatwell.es/in-the-glow\/","logo":{"@type":"ImageObject","inLanguage":"es","@id":"https:\/\/www.treatwell.es/in-the-glow\/#\/schema\/logo\/image\/","url":"https:\/\/www.treatwell.es/in-the-glow\/wp-content\/uploads\/sites\/10\/2022\/03\/logo_treatwell.png","contentUrl":"https:\/\/www.treatwell.es/in-the-glow\/wp-content\/uploads\/sites\/10\/2022\/03\/logo_treatwell.png","width":889,"height":164,"caption":"Treatwell"},"image":{"@id":"https:\/\/www.treatwell.es/in-the-glow\/#\/schema\/logo\/image\/"}},{"@type":"Person","@id":"","url":"https:\/\/www.treatwell.es/in-the-glow\/author\/"}]}},"featured_image_src":"https:\/\/www.treatwell.es/in-the-glow\/wp-content\/uploads\/sites\/10\/2022\/03\/Preparativos-Beauty-Treat-500x400.jpg","featured_image_src_square":"https:\/\/www.treatwell.es/in-the-glow\/wp-content\/uploads\/sites\/10\/2022\/03\/Preparativos-Beauty-Treat.jpg","author_info":{"display_name":"","author_link":"https:\/\/www.treatwell.es/in-the-glow\/author\/"},"_links":{"self":[{"href":"https:\/\/www.treatwell.es\/in-the-glow\/wp-json\/wp\/v2\/posts\/26883","targetHints":{"allow":["GET"]}}],"collection":[{"href":"https:\/\/www.treatwell.es\/in-the-glow\/wp-json\/wp\/v2\/posts"}],"about":[{"href":"https:\/\/www.treatwell.es\/in-the-glow\/wp-json\/wp\/v2\/types\/post"}],"author":[{"embeddable":true,"href":"https:\/\/www.treatwell.es\/in-the-glow\/wp-json\/wp\/v2\/users\/3319"}],"replies":[{"embeddable":true,"href":"https:\/\/www.treatwell.es\/in-the-glow\/wp-json\/wp\/v2\/comments?post=26883"}],"version-history":[{"count":0,"href":"https:\/\/www.treatwell.es\/in-the-glow\/wp-json\/wp\/v2\/posts\/26883\/revisions"}],"wp:featuredmedia":[{"embeddable":true,"href":"https:\/\/www.treatwell.es\/in-the-glow\/wp-json\/wp\/v2\/media\/26890"}],"wp:attachment":[{"href":"https:\/\/www.treatwell.es\/in-the-glow\/wp-json\/wp\/v2\/media?parent=26883"}],"wp:term":[{"taxonomy":"category","embeddable":true,"href":"https:\/\/www.treatwell.es\/in-the-glow\/wp-json\/wp\/v2\/categories?post=26883"},{"taxonomy":"post_tag","embeddable":true,"href":"https:\/\/www.treatwell.es\/in-the-glow\/wp-json\/wp\/v2\/tags?post=26883"}],"curies":[{"name":"wp","href":"https:\/\/api.w.org\/{rel}","templated":true}]}}