{"id":27133,"date":"2018-07-25T13:00:36","date_gmt":"2018-07-25T11:00:36","guid":{"rendered":"https:\/\/www.treatwell.es\/in-the-glow\/?p=16291"},"modified":"2025-12-15T23:53:30","modified_gmt":"2025-12-15T22:53:30","slug":"errores-comunes-que-hacemos-con-nuestro-pelo","status":"publish","type":"post","link":"https:\/\/www.treatwell.es/in-the-glow\/errores-comunes-que-hacemos-con-nuestro-pelo\/","title":{"rendered":"Los errores m\u00e1s comunes que cometemos con nuestro pelo"},"content":{"rendered":"<p class=\"p1\">Todos tenemos nuestros peque\u00f1os rituales diarios en cuanto a nuestro pelo se refiere: lavarlo todos los d\u00edas, o d\u00eda s\u00ed d\u00eda no, mascarilla abundante, o poca pero cada d\u00eda, peinarnos despu\u00e9s de la ducha, o antes de ir a dormir&#8230; Y es que vale, lucir pelazo puede no ser tarea f\u00e1cil.<\/p>\n<p class=\"p1\">Pero a veces, sin saberlo, m\u00e1s que cuidarlo para presumir de melena, lo acabamos da\u00f1ando m\u00e1s. Pero tranqui, evitar algunos de estos errores es s\u00faper f\u00e1cil. \u00bfQue no? Sigue leyendo&#8230;<\/p>\n<div class=\"schema-faq wp-block-yoast-faq-block\">\n<div class=\"schema-faq-section\" id=\"faq-question-1765838627200\">\n<h3 class=\"schema-faq-question\">\u00bfCada cu\u00e1nto tiempo es ideal lavar el pelo graso?<\/h3>\n<p class=\"schema-faq-answer\">Lava tu pelo graso cada dos d\u00edas en lugar de todos los d\u00edas. As\u00ed conservas los aceites naturales que le dan brillo y evitas que el pelo se debilite.<\/div>\n<div class=\"schema-faq-section\" id=\"faq-question-1765838627201\">\n<h3 class=\"schema-faq-question\">\u00bfC\u00f3mo debo cepillar el pelo mojado para evitar que se rompa?<\/h3>\n<p class=\"schema-faq-answer\">Cepilla el pelo mojado poco a poco desde las puntas hacia las ra\u00edces. Empieza por las puntas, sigue por la nuca y termina en la ra\u00edz para evitar tirones y roturas.<\/div>\n<div class=\"schema-faq-section\" id=\"faq-question-1765838627202\">\n<h3 class=\"schema-faq-question\">\u00bfCu\u00e1l es la mejor forma de secar el pelo y ganar volumen?<\/h3>\n<p class=\"schema-faq-answer\">Seca el pelo al aire libre siempre que puedas y elimina la humedad con una toalla primero. Si usas secador, evita la temperatura m\u00e1s alta y mant\u00e9n el aparato alejado; al secar con la cabeza hacia abajo conseguir\u00e1s m\u00e1s volumen si tienes el pelo fino.<\/div>\n<div class=\"schema-faq-section\" id=\"faq-question-1765838627203\">\n<h3 class=\"schema-faq-question\">\u00bfPor qu\u00e9 es importante cortar las puntas regularmente?<\/h3>\n<p class=\"schema-faq-answer\">Corta las puntas cada mes o cada dos meses para evitar que se debiliten y se rompan. As\u00ed tu melena crece m\u00e1s fuerte, saludable y las puntas no pierden densidad.<\/div>\n<div class=\"schema-faq-section\" id=\"faq-question-1765838627204\">\n<h3 class=\"schema-faq-question\">\u00bfD\u00f3nde aplicar el acondicionador para evitar que el pelo pierda volumen?<\/h3>\n<p class=\"schema-faq-answer\">Aplica el acondicionador solo en las puntas para que no se pierda volumen en la ra\u00edz. Si lo extiendes por todo el pelo, conseguir\u00e1s un aspecto m\u00e1s lacio y menos cuerpo.<\/div>\n<\/p><\/div>\n","protected":false},"excerpt":{"rendered":"<p>Todos tenemos nuestros peque\u00f1os rituales diarios en cuanto a nuestro pelo se refiere: lavarlo todos los d\u00edas, o d\u00eda s\u00ed d\u00eda no, mascarilla abundante, o poca pero cada d\u00eda, peinarnos despu\u00e9s de la ducha, o antes de ir a dormir&#8230; Y es que vale, lucir pelazo puede no ser tarea f\u00e1cil. Pero a veces, sin [&hellip;]<\/p>\n","protected":false},"author":3319,"featured_media":27140,"comment_status":"closed","ping_status":"closed","sticky":false,"template":"","format":"standard","meta":{"_acf_changed":false,"_yoast_wpseo_title":"Errores al cuidar tu pelo: gu\u00eda esencial | Treatwell","_yoast_wpseo_metadesc":"Descubre los errores m\u00e1s comunes al cuidar tu pelo y c\u00f3mo evitarlos. Aprende rutinas correctas para lucir una melena sana, fuerte y con volumen cada d\u00eda.","_genesis_hide_title":false,"_genesis_hide_breadcrumbs":false,"_genesis_hide_singular_image":false,"_genesis_hide_footer_widgets":false,"_genesis_custom_body_class":"","_genesis_custom_post_class":"","_genesis_layout":"","saswp_custom_schema_field":"{\"@context\":\"https:\/\/schema.org\",\"@type\":\"FAQPage\",\"mainEntity\":[{\"@type\":\"Question\",\"name\":\"\u00bfCada cu\u00e1nto tiempo es ideal lavar el pelo graso?\",\"acceptedAnswer\":{\"@type\":\"Answer\",\"text\":\"Lava tu pelo graso cada dos d\u00edas en lugar de todos los d\u00edas. As\u00ed conservas los aceites naturales que le dan brillo y evitas que el pelo se debilite.\"}},{\"@type\":\"Question\",\"name\":\"\u00bfC\u00f3mo debo cepillar el pelo mojado para evitar que se rompa?\",\"acceptedAnswer\":{\"@type\":\"Answer\",\"text\":\"Cepilla el pelo mojado poco a poco desde las puntas hacia las ra\u00edces. Empieza por las puntas, sigue por la nuca y termina en la ra\u00edz para evitar tirones y roturas.\"}},{\"@type\":\"Question\",\"name\":\"\u00bfCu\u00e1l es la mejor forma de secar el pelo y ganar volumen?\",\"acceptedAnswer\":{\"@type\":\"Answer\",\"text\":\"Seca el pelo al aire libre siempre que puedas y elimina la humedad con una toalla primero. Si usas secador, evita la temperatura m\u00e1s alta y mant\u00e9n el aparato alejado; al secar con la cabeza hacia abajo conseguir\u00e1s m\u00e1s volumen si tienes el pelo fino.\"}},{\"@type\":\"Question\",\"name\":\"\u00bfPor qu\u00e9 es importante cortar las puntas regularmente?\",\"acceptedAnswer\":{\"@type\":\"Answer\",\"text\":\"Corta las puntas cada mes o cada dos meses para evitar que se debiliten y se rompan. As\u00ed tu melena crece m\u00e1s fuerte, saludable y las puntas no pierden densidad.\"}},{\"@type\":\"Question\",\"name\":\"\u00bfD\u00f3nde aplicar el acondicionador para evitar que el pelo pierda volumen?\",\"acceptedAnswer\":{\"@type\":\"Answer\",\"text\":\"Aplica el acondicionador solo en las puntas para que no se pierda volumen en la ra\u00edz. Si lo extiendes por todo el pelo, conseguir\u00e1s un aspecto m\u00e1s lacio y menos cuerpo.\"}}]}","footnotes":""},"categories":[4],"tags":[27,48,78,49],"class_list":{"0":"post-27133","1":"post","2":"type-post","3":"status-publish","4":"format-standard","5":"has-post-thumbnail","7":"category-beauty","8":"tag-tt6","9":"tag-tr273","10":"tag-tr485","11":"tag-tr484","12":"entry"},"acf":{"post_credits":"Cr\u00e9ditos de im\u00e1genes: Shutterstock, Instagram de @iconslutzz, @maricacipriani, @tazelian, @treatwell_uk, @jordanastewartclarke.","beauty_blog_post_button_title":"","beauty_blog_post_button":"","landscape_picture":27139,"blocks":[{"block_title":"Lavarlo d\u00eda s\u00ed, d\u00eda tambi\u00e9n","block_content":"<p>Si tienes el pelo graso seguro que m&aacute;s de una vez has estado tentada de lav&aacute;rtelo todos los d&iacute;as para no tener esa sensaci&oacute;n de&nbsp;<em>pelosucio.<\/em>&nbsp;Pero amiga, esa no es la soluci&oacute;n. Y es que haci&eacute;ndolo vas eliminando los aceites naturales del pelo que le dan el brillo. Lo ideal es lavarlo cada dos d&iacute;as, y si lo ves complicado opta por el champ&uacute; en seco. &iexcl;Y ver&aacute;s como se nota el cambio!<\/p>\n\n<p>Pssst. Y si quieres saber qu&eacute; m&aacute;s errores cometemos al lavarnos el pelo, <a href=\"https:\/\/www.treatwell.es\/in-the-glow\/errores-al-lavarte-el-pelo\/\">puedes encontrarlos todos aqu&iacute;<\/a>.<\/p>\n","video_content":"","block_picture":27134},{"block_title":"Cepillarlo nada m\u00e1s salir de la ducha","block_content":"<p>Otro error m&iacute;tico es el que cometemos al salir de la ducha: cuando nos cepillamos el pelo mojado. &iexcl;Nada de intentar desenredarlo a tirones! As&iacute; solo conseguir&aacute;s romp&eacute;rtelo. El truco est&aacute; en ir poco a poco desde abajo, cepillando las puntas, e ir subiendo por la nuca hasta acabar en las ra&iacute;ces.<\/p>\n","video_content":"","block_picture":27135},{"block_title":"Abusar del secador","block_content":"<p>Lo m&aacute;s recomendable es quitar la humedad del&nbsp;pelo con una toalla y dejar que se seque al aire libre. Pero si necesitas usar el secador, mejor si no te lo acercas mucho al pelo y si no usas la temperatura m&aacute;s alta.&nbsp; &iquest;Consejo? Si te secas el pelo con la cabeza hac&iacute;a abajo conseguir&aacute;s darle m&aacute;s volumen a tu <a href=\"https:\/\/www.treatwell.es\/in-the-glow\/los-mejores-consejos-para-sacarle-partido-al-pelo-fino\/\">pelo si lo tienes fino<\/a>.<\/p>\n","video_content":"","block_picture":27136},{"block_title":"No cortar las puntas","block_content":"<p>Vale, quieres el pelo laaaaargo y lo de cortar no te parece muy buena idea. Pero amiga, debes saber que si te <a href=\"http:\/\/www.treatwell.es\/establecimientos\/tratamiento-corte-de-pelo\/oferta-tipo-local\/en-es\/\">cortas las puntas<\/a> cada cierto tiempo conseguir&aacute;s que no se debiliten y no se rompan, por lo que evitar&aacute;s esa sensaci&oacute;n de que tu pelo parezca m&aacute;s finito por las puntas. Lo ideal es sanearlo cada mes o cada dos, para que te crezca fuerte y sano &iexcl;y a por la melenaza!<\/p>\n","video_content":"","block_picture":27137},{"block_title":"Acondicionador en todo el pelo","block_content":"<p>Otro error muy com&uacute;n es aplicar el acondicionador en todo el pelo. &iexcl;Error! El acondicionador solo debes aplicarlo en las puntas. Y es que si lo aplicas por todo el pelo le acabar&aacute;s quitando volumen en la ra&iacute;z&nbsp;y eso solo provocar&aacute; un efecto m&aacute;s lacio. As&iacute; que ya sabes, solo puntas y m&aacute;s bien poquito.<\/p>\n","video_content":"","block_picture":27138}]},"yoast_head":"<!-- This site is optimized with the Yoast SEO plugin v27.5 - https:\/\/yoast.com\/product\/yoast-seo-wordpress\/ -->\n<title>Errores al cuidar tu pelo: gu\u00eda esencial | Treatwell<\/title>\n<meta name=\"description\" content=\"Descubre los errores m\u00e1s comunes al cuidar tu pelo y c\u00f3mo evitarlos. Aprende rutinas correctas para lucir una melena sana, fuerte y con volumen cada d\u00eda.\" \/>\n<meta name=\"robots\" content=\"index, follow, max-snippet:-1, max-image-preview:large, max-video-preview:-1\" \/>\n<link rel=\"canonical\" href=\"https:\/\/www.treatwell.es/in-the-glow\/errores-comunes-que-hacemos-con-nuestro-pelo\/\" \/>\n<meta property=\"og:locale\" content=\"es_ES\" \/>\n<meta property=\"og:type\" content=\"article\" \/>\n<meta property=\"og:title\" content=\"Errores al cuidar tu pelo: gu\u00eda esencial | Treatwell\" \/>\n<meta property=\"og:description\" content=\"Descubre los errores m\u00e1s comunes al cuidar tu pelo y c\u00f3mo evitarlos. Aprende rutinas correctas para lucir una melena sana, fuerte y con volumen cada d\u00eda.\" \/>\n<meta property=\"og:url\" content=\"https:\/\/www.treatwell.es/in-the-glow\/errores-comunes-que-hacemos-con-nuestro-pelo\/\" \/>\n<meta property=\"og:site_name\" content=\"In The Glow\" \/>\n<meta property=\"article:published_time\" content=\"2018-07-25T11:00:36+00:00\" \/>\n<meta property=\"article:modified_time\" content=\"2025-12-15T22:53:30+00:00\" \/>\n<meta property=\"og:image\" content=\"https:\/\/www.treatwell.es/in-the-glow\/wp-content\/uploads\/sites\/10\/2022\/03\/Pelo-Errores-Treat.jpg\" \/>\n\t<meta property=\"og:image:width\" content=\"500\" \/>\n\t<meta property=\"og:image:height\" content=\"490\" \/>\n\t<meta property=\"og:image:type\" content=\"image\/jpeg\" \/>\n<meta name=\"twitter:card\" content=\"summary_large_image\" \/>\n<meta name=\"twitter:label1\" content=\"Escrito por\" \/>\n\t<meta name=\"twitter:data1\" content=\"\" \/>\n\t<meta name=\"twitter:label2\" content=\"Tiempo de lectura\" \/>\n\t<meta name=\"twitter:data2\" content=\"2 minutos\" \/>\n<script type=\"application\/ld+json\" class=\"yoast-schema-graph\">{\"@context\":\"https:\\\/\\\/schema.org\",\"@graph\":[{\"@type\":\"Article\",\"@id\":\"https:\\\/\\\/www.treatwell.es/in-the-glow\\\/errores-comunes-que-hacemos-con-nuestro-pelo\\\/#article\",\"isPartOf\":{\"@id\":\"https:\\\/\\\/www.treatwell.es/in-the-glow\\\/errores-comunes-que-hacemos-con-nuestro-pelo\\\/\"},\"author\":{\"name\":\"\",\"@id\":\"\"},\"headline\":\"Los errores m\u00e1s comunes que cometemos con nuestro pelo\",\"datePublished\":\"2018-07-25T11:00:36+00:00\",\"dateModified\":\"2025-12-15T22:53:30+00:00\",\"mainEntityOfPage\":{\"@id\":\"https:\\\/\\\/www.treatwell.es/in-the-glow\\\/errores-comunes-que-hacemos-con-nuestro-pelo\\\/\"},\"wordCount\":336,\"publisher\":{\"@id\":\"https:\\\/\\\/www.treatwell.es/in-the-glow\\\/#organization\"},\"image\":{\"@id\":\"https:\\\/\\\/www.treatwell.es/in-the-glow\\\/errores-comunes-que-hacemos-con-nuestro-pelo\\\/#primaryimage\"},\"thumbnailUrl\":\"https:\\\/\\\/www.treatwell.es/in-the-glow\\\/wp-content\\\/uploads\\\/sites\\\/10\\\/2022\\\/03\\\/Pelo-Errores-Treat.jpg\",\"keywords\":[\"Hair\",\"Hair Colouring and Highlights\",\"Hair Conditioning and Scalp Treatments\",\"Hair Consulting\"],\"articleSection\":[\"Beauty\"],\"inLanguage\":\"es\"},{\"@type\":\"WebPage\",\"@id\":\"https:\\\/\\\/www.treatwell.es/in-the-glow\\\/errores-comunes-que-hacemos-con-nuestro-pelo\\\/\",\"url\":\"https:\\\/\\\/www.treatwell.es/in-the-glow\\\/errores-comunes-que-hacemos-con-nuestro-pelo\\\/\",\"name\":\"Errores al cuidar tu pelo: gu\u00eda esencial | Treatwell\",\"isPartOf\":{\"@id\":\"https:\\\/\\\/www.treatwell.es/in-the-glow\\\/#website\"},\"primaryImageOfPage\":{\"@id\":\"https:\\\/\\\/www.treatwell.es/in-the-glow\\\/errores-comunes-que-hacemos-con-nuestro-pelo\\\/#primaryimage\"},\"image\":{\"@id\":\"https:\\\/\\\/www.treatwell.es/in-the-glow\\\/errores-comunes-que-hacemos-con-nuestro-pelo\\\/#primaryimage\"},\"thumbnailUrl\":\"https:\\\/\\\/www.treatwell.es/in-the-glow\\\/wp-content\\\/uploads\\\/sites\\\/10\\\/2022\\\/03\\\/Pelo-Errores-Treat.jpg\",\"datePublished\":\"2018-07-25T11:00:36+00:00\",\"dateModified\":\"2025-12-15T22:53:30+00:00\",\"description\":\"Descubre los errores m\u00e1s comunes al cuidar tu pelo y c\u00f3mo evitarlos. Aprende rutinas correctas para lucir una melena sana, fuerte y con volumen cada d\u00eda.\",\"breadcrumb\":{\"@id\":\"https:\\\/\\\/www.treatwell.es/in-the-glow\\\/errores-comunes-que-hacemos-con-nuestro-pelo\\\/#breadcrumb\"},\"inLanguage\":\"es\",\"potentialAction\":[{\"@type\":\"ReadAction\",\"target\":[\"https:\\\/\\\/www.treatwell.es/in-the-glow\\\/errores-comunes-que-hacemos-con-nuestro-pelo\\\/\"]}]},{\"@type\":\"ImageObject\",\"inLanguage\":\"es\",\"@id\":\"https:\\\/\\\/www.treatwell.es/in-the-glow\\\/errores-comunes-que-hacemos-con-nuestro-pelo\\\/#primaryimage\",\"url\":\"https:\\\/\\\/www.treatwell.es/in-the-glow\\\/wp-content\\\/uploads\\\/sites\\\/10\\\/2022\\\/03\\\/Pelo-Errores-Treat.jpg\",\"contentUrl\":\"https:\\\/\\\/www.treatwell.es/in-the-glow\\\/wp-content\\\/uploads\\\/sites\\\/10\\\/2022\\\/03\\\/Pelo-Errores-Treat.jpg\",\"width\":500,\"height\":490},{\"@type\":\"BreadcrumbList\",\"@id\":\"https:\\\/\\\/www.treatwell.es/in-the-glow\\\/errores-comunes-que-hacemos-con-nuestro-pelo\\\/#breadcrumb\",\"itemListElement\":[{\"@type\":\"ListItem\",\"position\":1,\"name\":\"Home\",\"item\":\"https:\\\/\\\/www.treatwell.es/in-the-glow\\\/\"},{\"@type\":\"ListItem\",\"position\":2,\"name\":\"Beauty\",\"item\":\"https:\\\/\\\/www.treatwell.es/in-the-glow\\\/beauty\\\/\"},{\"@type\":\"ListItem\",\"position\":3,\"name\":\"Los errores m\u00e1s comunes que cometemos con nuestro pelo\"}]},{\"@type\":\"WebSite\",\"@id\":\"https:\\\/\\\/www.treatwell.es/in-the-glow\\\/#website\",\"url\":\"https:\\\/\\\/www.treatwell.es/in-the-glow\\\/\",\"name\":\"In The Glow\",\"description\":\"Belleza. Pelo. Lifestyle.\",\"publisher\":{\"@id\":\"https:\\\/\\\/www.treatwell.es/in-the-glow\\\/#organization\"},\"potentialAction\":[{\"@type\":\"SearchAction\",\"target\":{\"@type\":\"EntryPoint\",\"urlTemplate\":\"https:\\\/\\\/www.treatwell.es/in-the-glow\\\/?s={search_term_string}\"},\"query-input\":{\"@type\":\"PropertyValueSpecification\",\"valueRequired\":true,\"valueName\":\"search_term_string\"}}],\"inLanguage\":\"es\"},{\"@type\":\"Organization\",\"@id\":\"https:\\\/\\\/www.treatwell.es/in-the-glow\\\/#organization\",\"name\":\"Treatwell\",\"url\":\"https:\\\/\\\/www.treatwell.es/in-the-glow\\\/\",\"logo\":{\"@type\":\"ImageObject\",\"inLanguage\":\"es\",\"@id\":\"https:\\\/\\\/www.treatwell.es/in-the-glow\\\/#\\\/schema\\\/logo\\\/image\\\/\",\"url\":\"https:\\\/\\\/www.treatwell.es/in-the-glow\\\/wp-content\\\/uploads\\\/sites\\\/10\\\/2022\\\/03\\\/logo_treatwell.png\",\"contentUrl\":\"https:\\\/\\\/www.treatwell.es/in-the-glow\\\/wp-content\\\/uploads\\\/sites\\\/10\\\/2022\\\/03\\\/logo_treatwell.png\",\"width\":889,\"height\":164,\"caption\":\"Treatwell\"},\"image\":{\"@id\":\"https:\\\/\\\/www.treatwell.es/in-the-glow\\\/#\\\/schema\\\/logo\\\/image\\\/\"}},{\"@type\":\"Person\",\"@id\":\"\",\"url\":\"https:\\\/\\\/www.treatwell.es/in-the-glow\\\/author\\\/\"}]}<\/script>\n<!-- \/ Yoast SEO plugin. -->","yoast_head_json":{"title":"Errores al cuidar tu pelo: gu\u00eda esencial | Treatwell","description":"Descubre los errores m\u00e1s comunes al cuidar tu pelo y c\u00f3mo evitarlos. Aprende rutinas correctas para lucir una melena sana, fuerte y con volumen cada d\u00eda.","robots":{"index":"index","follow":"follow","max-snippet":"max-snippet:-1","max-image-preview":"max-image-preview:large","max-video-preview":"max-video-preview:-1"},"canonical":"https:\/\/www.treatwell.es/in-the-glow\/errores-comunes-que-hacemos-con-nuestro-pelo\/","og_locale":"es_ES","og_type":"article","og_title":"Errores al cuidar tu pelo: gu\u00eda esencial | Treatwell","og_description":"Descubre los errores m\u00e1s comunes al cuidar tu pelo y c\u00f3mo evitarlos. Aprende rutinas correctas para lucir una melena sana, fuerte y con volumen cada d\u00eda.","og_url":"https:\/\/www.treatwell.es/in-the-glow\/errores-comunes-que-hacemos-con-nuestro-pelo\/","og_site_name":"In The Glow","article_published_time":"2018-07-25T11:00:36+00:00","article_modified_time":"2025-12-15T22:53:30+00:00","og_image":[{"width":500,"height":490,"url":"https:\/\/www.treatwell.es/in-the-glow\/wp-content\/uploads\/sites\/10\/2022\/03\/Pelo-Errores-Treat.jpg","type":"image\/jpeg"}],"twitter_card":"summary_large_image","twitter_misc":{"Escrito por":"","Tiempo de lectura":"2 minutos"},"schema":{"@context":"https:\/\/schema.org","@graph":[{"@type":"Article","@id":"https:\/\/www.treatwell.es/in-the-glow\/errores-comunes-que-hacemos-con-nuestro-pelo\/#article","isPartOf":{"@id":"https:\/\/www.treatwell.es/in-the-glow\/errores-comunes-que-hacemos-con-nuestro-pelo\/"},"author":{"name":"","@id":""},"headline":"Los errores m\u00e1s comunes que cometemos con nuestro pelo","datePublished":"2018-07-25T11:00:36+00:00","dateModified":"2025-12-15T22:53:30+00:00","mainEntityOfPage":{"@id":"https:\/\/www.treatwell.es/in-the-glow\/errores-comunes-que-hacemos-con-nuestro-pelo\/"},"wordCount":336,"publisher":{"@id":"https:\/\/www.treatwell.es/in-the-glow\/#organization"},"image":{"@id":"https:\/\/www.treatwell.es/in-the-glow\/errores-comunes-que-hacemos-con-nuestro-pelo\/#primaryimage"},"thumbnailUrl":"https:\/\/www.treatwell.es/in-the-glow\/wp-content\/uploads\/sites\/10\/2022\/03\/Pelo-Errores-Treat.jpg","keywords":["Hair","Hair Colouring and Highlights","Hair Conditioning and Scalp Treatments","Hair Consulting"],"articleSection":["Beauty"],"inLanguage":"es"},{"@type":"WebPage","@id":"https:\/\/www.treatwell.es/in-the-glow\/errores-comunes-que-hacemos-con-nuestro-pelo\/","url":"https:\/\/www.treatwell.es/in-the-glow\/errores-comunes-que-hacemos-con-nuestro-pelo\/","name":"Errores al cuidar tu pelo: gu\u00eda esencial | Treatwell","isPartOf":{"@id":"https:\/\/www.treatwell.es/in-the-glow\/#website"},"primaryImageOfPage":{"@id":"https:\/\/www.treatwell.es/in-the-glow\/errores-comunes-que-hacemos-con-nuestro-pelo\/#primaryimage"},"image":{"@id":"https:\/\/www.treatwell.es/in-the-glow\/errores-comunes-que-hacemos-con-nuestro-pelo\/#primaryimage"},"thumbnailUrl":"https:\/\/www.treatwell.es/in-the-glow\/wp-content\/uploads\/sites\/10\/2022\/03\/Pelo-Errores-Treat.jpg","datePublished":"2018-07-25T11:00:36+00:00","dateModified":"2025-12-15T22:53:30+00:00","description":"Descubre los errores m\u00e1s comunes al cuidar tu pelo y c\u00f3mo evitarlos. Aprende rutinas correctas para lucir una melena sana, fuerte y con volumen cada d\u00eda.","breadcrumb":{"@id":"https:\/\/www.treatwell.es/in-the-glow\/errores-comunes-que-hacemos-con-nuestro-pelo\/#breadcrumb"},"inLanguage":"es","potentialAction":[{"@type":"ReadAction","target":["https:\/\/www.treatwell.es/in-the-glow\/errores-comunes-que-hacemos-con-nuestro-pelo\/"]}]},{"@type":"ImageObject","inLanguage":"es","@id":"https:\/\/www.treatwell.es/in-the-glow\/errores-comunes-que-hacemos-con-nuestro-pelo\/#primaryimage","url":"https:\/\/www.treatwell.es/in-the-glow\/wp-content\/uploads\/sites\/10\/2022\/03\/Pelo-Errores-Treat.jpg","contentUrl":"https:\/\/www.treatwell.es/in-the-glow\/wp-content\/uploads\/sites\/10\/2022\/03\/Pelo-Errores-Treat.jpg","width":500,"height":490},{"@type":"BreadcrumbList","@id":"https:\/\/www.treatwell.es/in-the-glow\/errores-comunes-que-hacemos-con-nuestro-pelo\/#breadcrumb","itemListElement":[{"@type":"ListItem","position":1,"name":"Home","item":"https:\/\/www.treatwell.es/in-the-glow\/"},{"@type":"ListItem","position":2,"name":"Beauty","item":"https:\/\/www.treatwell.es/in-the-glow\/beauty\/"},{"@type":"ListItem","position":3,"name":"Los errores m\u00e1s comunes que cometemos con nuestro pelo"}]},{"@type":"WebSite","@id":"https:\/\/www.treatwell.es/in-the-glow\/#website","url":"https:\/\/www.treatwell.es/in-the-glow\/","name":"In The Glow","description":"Belleza. Pelo. Lifestyle.","publisher":{"@id":"https:\/\/www.treatwell.es/in-the-glow\/#organization"},"potentialAction":[{"@type":"SearchAction","target":{"@type":"EntryPoint","urlTemplate":"https:\/\/www.treatwell.es/in-the-glow\/?s={search_term_string}"},"query-input":{"@type":"PropertyValueSpecification","valueRequired":true,"valueName":"search_term_string"}}],"inLanguage":"es"},{"@type":"Organization","@id":"https:\/\/www.treatwell.es/in-the-glow\/#organization","name":"Treatwell","url":"https:\/\/www.treatwell.es/in-the-glow\/","logo":{"@type":"ImageObject","inLanguage":"es","@id":"https:\/\/www.treatwell.es/in-the-glow\/#\/schema\/logo\/image\/","url":"https:\/\/www.treatwell.es/in-the-glow\/wp-content\/uploads\/sites\/10\/2022\/03\/logo_treatwell.png","contentUrl":"https:\/\/www.treatwell.es/in-the-glow\/wp-content\/uploads\/sites\/10\/2022\/03\/logo_treatwell.png","width":889,"height":164,"caption":"Treatwell"},"image":{"@id":"https:\/\/www.treatwell.es/in-the-glow\/#\/schema\/logo\/image\/"}},{"@type":"Person","@id":"","url":"https:\/\/www.treatwell.es/in-the-glow\/author\/"}]}},"featured_image_src":"https:\/\/www.treatwell.es/in-the-glow\/wp-content\/uploads\/sites\/10\/2022\/03\/Pelo-Errores-Treat-500x400.jpg","featured_image_src_square":"https:\/\/www.treatwell.es/in-the-glow\/wp-content\/uploads\/sites\/10\/2022\/03\/Pelo-Errores-Treat.jpg","author_info":{"display_name":"","author_link":"https:\/\/www.treatwell.es/in-the-glow\/author\/"},"_links":{"self":[{"href":"https:\/\/www.treatwell.es\/in-the-glow\/wp-json\/wp\/v2\/posts\/27133","targetHints":{"allow":["GET"]}}],"collection":[{"href":"https:\/\/www.treatwell.es\/in-the-glow\/wp-json\/wp\/v2\/posts"}],"about":[{"href":"https:\/\/www.treatwell.es\/in-the-glow\/wp-json\/wp\/v2\/types\/post"}],"author":[{"embeddable":true,"href":"https:\/\/www.treatwell.es\/in-the-glow\/wp-json\/wp\/v2\/users\/3319"}],"replies":[{"embeddable":true,"href":"https:\/\/www.treatwell.es\/in-the-glow\/wp-json\/wp\/v2\/comments?post=27133"}],"version-history":[{"count":0,"href":"https:\/\/www.treatwell.es\/in-the-glow\/wp-json\/wp\/v2\/posts\/27133\/revisions"}],"wp:featuredmedia":[{"embeddable":true,"href":"https:\/\/www.treatwell.es\/in-the-glow\/wp-json\/wp\/v2\/media\/27140"}],"wp:attachment":[{"href":"https:\/\/www.treatwell.es\/in-the-glow\/wp-json\/wp\/v2\/media?parent=27133"}],"wp:term":[{"taxonomy":"category","embeddable":true,"href":"https:\/\/www.treatwell.es\/in-the-glow\/wp-json\/wp\/v2\/categories?post=27133"},{"taxonomy":"post_tag","embeddable":true,"href":"https:\/\/www.treatwell.es\/in-the-glow\/wp-json\/wp\/v2\/tags?post=27133"}],"curies":[{"name":"wp","href":"https:\/\/api.w.org\/{rel}","templated":true}]}}