{"id":27141,"date":"2018-07-26T13:00:58","date_gmt":"2018-07-26T11:00:58","guid":{"rendered":"https:\/\/www.treatwell.es\/in-the-glow\/?p=16094"},"modified":"2025-12-15T23:53:30","modified_gmt":"2025-12-15T22:53:30","slug":"beauty-tips-esto-es-lo-que-puedes-y-no-puedes-hacer-en-verano","status":"publish","type":"post","link":"https:\/\/www.treatwell.es/in-the-glow\/beauty-tips-esto-es-lo-que-puedes-y-no-puedes-hacer-en-verano\/","title":{"rendered":"Beauty tips: esto es lo que puedes y no puedes hacer en verano"},"content":{"rendered":"<p>Que si\u00a0no se puede nadar con las <a href=\"https:\/\/www.treatwell.es\/establecimientos\/tratamiento-extensiones-de-pestanas\/oferta-tipo-local\/en-es\/\">extensiones de pesta\u00f1as<\/a>, que si lo de maquillarse en verano no es del todo bueno&#8230; Vale, seguro que hemos escuchado alguna vez estos\u00a0beauty tips y hemos tenido nuestras dudas de si eran verdad o no.<\/p>\n<p>\u00bfPero sabes qu\u00e9? \u00a1Que ya es hora de desmentirlos! Porque muchos de estos consejos son lo que son: simplemente mitos. Y s\u00ed, te puedes ba\u00f1ar con tus extensiones de pesta\u00f1as, te puedes maquillar y, si quieres, \u00a1hasta autobroncear!<\/p>\n<div class=\"schema-faq wp-block-yoast-faq-block\"><\/div>\n","protected":false},"excerpt":{"rendered":"<p>Que si\u00a0no se puede nadar con las extensiones de pesta\u00f1as, que si lo de maquillarse en verano no es del todo bueno&#8230; Vale, seguro que hemos escuchado alguna vez estos\u00a0beauty tips y hemos tenido nuestras dudas de si eran verdad o no. \u00bfPero sabes qu\u00e9? \u00a1Que ya es hora de desmentirlos! Porque muchos de estos [&hellip;]<\/p>\n","protected":false},"author":3319,"featured_media":27151,"comment_status":"closed","ping_status":"closed","sticky":false,"template":"","format":"standard","meta":{"_acf_changed":false,"_yoast_wpseo_title":"Mitos y verdades verano: belleza, sol y rutinas | Treatwell","_yoast_wpseo_metadesc":"\u00bfEs seguro te\u00f1irse antes de vacaciones? Descubre mitos y verdades sobre extensiones de pesta\u00f1as, autobronceador, maquillaje en verano, depilaci\u00f3n y cuidados solares.","_genesis_hide_title":false,"_genesis_hide_breadcrumbs":false,"_genesis_hide_singular_image":false,"_genesis_hide_footer_widgets":false,"_genesis_custom_body_class":"","_genesis_custom_post_class":"","_genesis_layout":"","saswp_custom_schema_field":"","footnotes":""},"categories":[4],"tags":[28,66,105,68,30,115,70,71,118,14],"class_list":{"0":"post-27141","1":"post","2":"type-post","3":"status-publish","4":"format-standard","5":"has-post-thumbnail","7":"category-beauty","8":"tag-tr744","9":"tag-tr415","10":"tag-tr709","11":"tag-tr724","12":"tag-tr706","13":"tag-tr707","14":"tag-tr518","15":"tag-tr745","16":"tag-tr545","17":"tag-tr57","18":"entry"},"acf":{"post_credits":"Cr\u00e9ditos de im\u00e1genes: Shutterstock, Instagram de @collarswimwear, @drrabiamalik, @eugenehardwaxxqueen, @lauren.cos, @madiiskiin, @mizukidrop, @samanthakatelucas, @sarah.wriight.","beauty_blog_post_button_title":"","beauty_blog_post_button":"","landscape_picture":27150,"blocks":[{"block_title":"Te\u00f1irse el pelo antes de irte de vacaciones","block_content":"<p>Puedes irte a la playa sin renunciar a tu nuevo tinte de pelo, pero ten en cuenta que lo ideal es <a href=\"http:\/\/www.treatwell.es\/establecimientos\/tratamiento-tinte-y-mechas-mujer\/oferta-tipo-local\/en-es\/\">hacerlo con un mes de antelaci&oacute;n<\/a>&nbsp;ya que si lo haces tan solo unos d&iacute;as antes el sol puede ser perjudicial para el reci&eacute;n estrenado color de tu pelo. As&iacute; que &iexcl;cuanto antes, mejor! Y no te olvides de protejerlo con un protector solar &iexcl;y a lucir melenaza!<\/p>\n","video_content":"","block_picture":27142},{"block_title":"Ba\u00f1arse en la piscina con el pelo te\u00f1ido","block_content":"<p>Es cierto que el agua de la piscina puede hacer que el <a href=\"http:\/\/www.treatwell.es\/establecimientos\/tratamiento-tinte-y-mechas-mujer\/oferta-tipo-local\/en-es\/\">pelo te&ntilde;ido<\/a> coja un color un poco verdoso. Pero contrariamente a la creencia popular de que la culpa es del cloro, esto pasa por los restos de cobre que hay en el agua. Lo &uacute;nico que tienes que hacer es enjuagarte bien el pelo al salir de la piscina, &iexcl;et voil&agrave;! No habr&aacute; de qu&eacute; preocuparse.<\/p>\n","video_content":"","block_picture":27143},{"block_title":"Autobronceador vs. moreno natural","block_content":"<p>Amiga, autobroncearse y conseguir un moreno natural no tiene por qu&eacute; ser imposible. Puedes usar el autobronceador si no quieres aparecer cual gusiluz el primer d&iacute;a de playa (aunque tampoco pase nada, &iexcl;viva la blancura!), y poco a poco dejar de aplicartelo para ir cogiendo un color m&aacute;s natural. Pero recuerda siempre siempre siempre, &iexcl;usa&nbsp;protecci&oacute;n!<\/p>\n","video_content":"","block_picture":27144},{"block_title":"Aceite corporal con protector solar... \u00bfes suficiente?","block_content":"<p>Si eres impaciente nata y no va contigo eso de esperar a que el colorcito llegue a tu piel, un aceite puede ayudar a ponerte morena antes que las cremas solares cl&aacute;sicas. Pero eso s&iacute;, lo recomendable es que uses uno que tenga al menos una protecci&oacute;n de 30. As&iacute; cuidar&aacute;s tu piel a la ve que te pones morena... &iexcl;m&aacute;s r&aacute;pido!<\/p>\n\n<p>&nbsp;<\/p>\n","video_content":"","block_picture":27145},{"block_title":"\u00bfCrema hidratante o aftersun?","block_content":"<p>Puede parecer que no haya ninguna&nbsp;diferencia entre los dos, &iexcl;pero en realidad la hay! Y es que el after sun, aparte de tener todos los beneficios de una crema hidratante, tiene los ingredientes necesarios para calmar la piel despu&eacute;s de un largo d&iacute;a expuesta al sol (con aloe vera) y ayuda a enfriarla e hidratarla.<\/p>\n","video_content":"","block_picture":27146},{"block_title":"Depilarse antes de tomar el sol","block_content":"<p>&iexcl;No! Nada de <a href=\"https:\/\/www.treatwell.es\/establecimientos\/tratamiento-depilacion-con-cera-mujer\/oferta-tipo-local\/en-es\/\">depilarse<\/a> justo&nbsp;antes de tomar el sol. Eso no permitir&iacute;a que los fol&iacute;culos se cierren y solo conseguir&aacute;s un efecto &#039;topito&#039; por toda la piel. Si quieres depilarte, mejor&nbsp;hacerlo con al menos 48 horas de antelaci&oacute;n, as&iacute; le dar&aacute;s tiempo&nbsp;a tu piel a recuperarse y a estar <em>ready<\/em> para ponerse morenita.<\/p>\n","video_content":"","block_picture":27147},{"block_title":"Maquillarse durante el verano","block_content":"<p>&iexcl;Claro que puedes maquillarte&nbsp;en verano!&nbsp;De hecho, el maquillaje funciona como una peque&ntilde;a barrera para los rayos solares. Aunque aun as&iacute;, deber&iacute;as ponerte protecci&oacute;n solar antes que la base para proteger tu piel.&nbsp;&iexcl;Y a maquillarte como quieras!<\/p>\n","video_content":"","block_picture":27148},{"block_title":"Nadar con extensiones de pesta\u00f1as","block_content":"<p>&iexcl;Mito a la vista! Y es que eso de que no puedes nadar con las <a href=\"https:\/\/www.treatwell.es\/establecimientos\/tratamiento-extensiones-de-pestanas\/oferta-tipo-local\/en-es\/\">extensiones de pesta&ntilde;as<\/a> es una mentira. &iexcl;Claro que puedes! Solo tienes que asegurarte de esperar 48 horas desde que te hagas el tratamiento&nbsp;&iexcl;y a bucear todo lo que quieras!<\/p>\n","video_content":"","block_picture":27149}]},"yoast_head":"<!-- This site is optimized with the Yoast SEO plugin v27.5 - https:\/\/yoast.com\/product\/yoast-seo-wordpress\/ -->\n<title>Mitos y verdades verano: belleza, sol y rutinas | Treatwell<\/title>\n<meta name=\"description\" content=\"\u00bfEs seguro te\u00f1irse antes de vacaciones? Descubre mitos y verdades sobre extensiones de pesta\u00f1as, autobronceador, maquillaje en verano, depilaci\u00f3n y cuidados solares.\" \/>\n<meta name=\"robots\" content=\"index, follow, max-snippet:-1, max-image-preview:large, max-video-preview:-1\" \/>\n<link rel=\"canonical\" href=\"https:\/\/www.treatwell.es/in-the-glow\/beauty-tips-esto-es-lo-que-puedes-y-no-puedes-hacer-en-verano\/\" \/>\n<meta property=\"og:locale\" content=\"es_ES\" \/>\n<meta property=\"og:type\" content=\"article\" \/>\n<meta property=\"og:title\" content=\"Mitos y verdades verano: belleza, sol y rutinas | Treatwell\" \/>\n<meta property=\"og:description\" content=\"\u00bfEs seguro te\u00f1irse antes de vacaciones? Descubre mitos y verdades sobre extensiones de pesta\u00f1as, autobronceador, maquillaje en verano, depilaci\u00f3n y cuidados solares.\" \/>\n<meta property=\"og:url\" content=\"https:\/\/www.treatwell.es/in-the-glow\/beauty-tips-esto-es-lo-que-puedes-y-no-puedes-hacer-en-verano\/\" \/>\n<meta property=\"og:site_name\" content=\"In The Glow\" \/>\n<meta property=\"article:published_time\" content=\"2018-07-26T11:00:58+00:00\" \/>\n<meta property=\"article:modified_time\" content=\"2025-12-15T22:53:30+00:00\" \/>\n<meta property=\"og:image\" content=\"https:\/\/www.treatwell.es/in-the-glow\/wp-content\/uploads\/sites\/10\/2022\/03\/Beauty-tips-Treat.jpg\" \/>\n\t<meta property=\"og:image:width\" content=\"500\" \/>\n\t<meta property=\"og:image:height\" content=\"599\" \/>\n\t<meta property=\"og:image:type\" content=\"image\/jpeg\" \/>\n<meta name=\"twitter:card\" content=\"summary_large_image\" \/>\n<meta name=\"twitter:label1\" content=\"Escrito por\" \/>\n\t<meta name=\"twitter:data1\" content=\"\" \/>\n<script type=\"application\/ld+json\" class=\"yoast-schema-graph\">{\"@context\":\"https:\\\/\\\/schema.org\",\"@graph\":[{\"@type\":\"Article\",\"@id\":\"https:\\\/\\\/www.treatwell.es/in-the-glow\\\/beauty-tips-esto-es-lo-que-puedes-y-no-puedes-hacer-en-verano\\\/#article\",\"isPartOf\":{\"@id\":\"https:\\\/\\\/www.treatwell.es/in-the-glow\\\/beauty-tips-esto-es-lo-que-puedes-y-no-puedes-hacer-en-verano\\\/\"},\"author\":{\"name\":\"\",\"@id\":\"\"},\"headline\":\"Beauty tips: esto es lo que puedes y no puedes hacer en verano\",\"datePublished\":\"2018-07-26T11:00:58+00:00\",\"dateModified\":\"2025-12-15T22:53:30+00:00\",\"mainEntityOfPage\":{\"@id\":\"https:\\\/\\\/www.treatwell.es/in-the-glow\\\/beauty-tips-esto-es-lo-que-puedes-y-no-puedes-hacer-en-verano\\\/\"},\"wordCount\":98,\"publisher\":{\"@id\":\"https:\\\/\\\/www.treatwell.es/in-the-glow\\\/#organization\"},\"image\":{\"@id\":\"https:\\\/\\\/www.treatwell.es/in-the-glow\\\/beauty-tips-esto-es-lo-que-puedes-y-no-puedes-hacer-en-verano\\\/#primaryimage\"},\"thumbnailUrl\":\"https:\\\/\\\/www.treatwell.es/in-the-glow\\\/wp-content\\\/uploads\\\/sites\\\/10\\\/2022\\\/03\\\/Beauty-tips-Treat.jpg\",\"keywords\":[\"Bikini Waxing\",\"Brazilian Waxing\",\"Eyebrow and Eyelash Tinting\",\"Eyebrow Waxing\",\"Eyelash Extensions\",\"Eyelash Perming\",\"Hollywood Waxing\",\"Leg Waxing\",\"Male Waxing\",\"Waxing\"],\"articleSection\":[\"Beauty\"],\"inLanguage\":\"es\"},{\"@type\":\"WebPage\",\"@id\":\"https:\\\/\\\/www.treatwell.es/in-the-glow\\\/beauty-tips-esto-es-lo-que-puedes-y-no-puedes-hacer-en-verano\\\/\",\"url\":\"https:\\\/\\\/www.treatwell.es/in-the-glow\\\/beauty-tips-esto-es-lo-que-puedes-y-no-puedes-hacer-en-verano\\\/\",\"name\":\"Mitos y verdades verano: belleza, sol y rutinas | Treatwell\",\"isPartOf\":{\"@id\":\"https:\\\/\\\/www.treatwell.es/in-the-glow\\\/#website\"},\"primaryImageOfPage\":{\"@id\":\"https:\\\/\\\/www.treatwell.es/in-the-glow\\\/beauty-tips-esto-es-lo-que-puedes-y-no-puedes-hacer-en-verano\\\/#primaryimage\"},\"image\":{\"@id\":\"https:\\\/\\\/www.treatwell.es/in-the-glow\\\/beauty-tips-esto-es-lo-que-puedes-y-no-puedes-hacer-en-verano\\\/#primaryimage\"},\"thumbnailUrl\":\"https:\\\/\\\/www.treatwell.es/in-the-glow\\\/wp-content\\\/uploads\\\/sites\\\/10\\\/2022\\\/03\\\/Beauty-tips-Treat.jpg\",\"datePublished\":\"2018-07-26T11:00:58+00:00\",\"dateModified\":\"2025-12-15T22:53:30+00:00\",\"description\":\"\u00bfEs seguro te\u00f1irse antes de vacaciones? Descubre mitos y verdades sobre extensiones de pesta\u00f1as, autobronceador, maquillaje en verano, depilaci\u00f3n y cuidados solares.\",\"breadcrumb\":{\"@id\":\"https:\\\/\\\/www.treatwell.es/in-the-glow\\\/beauty-tips-esto-es-lo-que-puedes-y-no-puedes-hacer-en-verano\\\/#breadcrumb\"},\"inLanguage\":\"es\",\"potentialAction\":[{\"@type\":\"ReadAction\",\"target\":[\"https:\\\/\\\/www.treatwell.es/in-the-glow\\\/beauty-tips-esto-es-lo-que-puedes-y-no-puedes-hacer-en-verano\\\/\"]}]},{\"@type\":\"ImageObject\",\"inLanguage\":\"es\",\"@id\":\"https:\\\/\\\/www.treatwell.es/in-the-glow\\\/beauty-tips-esto-es-lo-que-puedes-y-no-puedes-hacer-en-verano\\\/#primaryimage\",\"url\":\"https:\\\/\\\/www.treatwell.es/in-the-glow\\\/wp-content\\\/uploads\\\/sites\\\/10\\\/2022\\\/03\\\/Beauty-tips-Treat.jpg\",\"contentUrl\":\"https:\\\/\\\/www.treatwell.es/in-the-glow\\\/wp-content\\\/uploads\\\/sites\\\/10\\\/2022\\\/03\\\/Beauty-tips-Treat.jpg\",\"width\":500,\"height\":599},{\"@type\":\"BreadcrumbList\",\"@id\":\"https:\\\/\\\/www.treatwell.es/in-the-glow\\\/beauty-tips-esto-es-lo-que-puedes-y-no-puedes-hacer-en-verano\\\/#breadcrumb\",\"itemListElement\":[{\"@type\":\"ListItem\",\"position\":1,\"name\":\"Home\",\"item\":\"https:\\\/\\\/www.treatwell.es/in-the-glow\\\/\"},{\"@type\":\"ListItem\",\"position\":2,\"name\":\"Beauty\",\"item\":\"https:\\\/\\\/www.treatwell.es/in-the-glow\\\/beauty\\\/\"},{\"@type\":\"ListItem\",\"position\":3,\"name\":\"Beauty tips: esto es lo que puedes y no puedes hacer en verano\"}]},{\"@type\":\"WebSite\",\"@id\":\"https:\\\/\\\/www.treatwell.es/in-the-glow\\\/#website\",\"url\":\"https:\\\/\\\/www.treatwell.es/in-the-glow\\\/\",\"name\":\"In The Glow\",\"description\":\"Belleza. Pelo. Lifestyle.\",\"publisher\":{\"@id\":\"https:\\\/\\\/www.treatwell.es/in-the-glow\\\/#organization\"},\"potentialAction\":[{\"@type\":\"SearchAction\",\"target\":{\"@type\":\"EntryPoint\",\"urlTemplate\":\"https:\\\/\\\/www.treatwell.es/in-the-glow\\\/?s={search_term_string}\"},\"query-input\":{\"@type\":\"PropertyValueSpecification\",\"valueRequired\":true,\"valueName\":\"search_term_string\"}}],\"inLanguage\":\"es\"},{\"@type\":\"Organization\",\"@id\":\"https:\\\/\\\/www.treatwell.es/in-the-glow\\\/#organization\",\"name\":\"Treatwell\",\"url\":\"https:\\\/\\\/www.treatwell.es/in-the-glow\\\/\",\"logo\":{\"@type\":\"ImageObject\",\"inLanguage\":\"es\",\"@id\":\"https:\\\/\\\/www.treatwell.es/in-the-glow\\\/#\\\/schema\\\/logo\\\/image\\\/\",\"url\":\"https:\\\/\\\/www.treatwell.es/in-the-glow\\\/wp-content\\\/uploads\\\/sites\\\/10\\\/2022\\\/03\\\/logo_treatwell.png\",\"contentUrl\":\"https:\\\/\\\/www.treatwell.es/in-the-glow\\\/wp-content\\\/uploads\\\/sites\\\/10\\\/2022\\\/03\\\/logo_treatwell.png\",\"width\":889,\"height\":164,\"caption\":\"Treatwell\"},\"image\":{\"@id\":\"https:\\\/\\\/www.treatwell.es/in-the-glow\\\/#\\\/schema\\\/logo\\\/image\\\/\"}},{\"@type\":\"Person\",\"@id\":\"\",\"url\":\"https:\\\/\\\/www.treatwell.es/in-the-glow\\\/author\\\/\"}]}<\/script>\n<!-- \/ Yoast SEO plugin. -->","yoast_head_json":{"title":"Mitos y verdades verano: belleza, sol y rutinas | Treatwell","description":"\u00bfEs seguro te\u00f1irse antes de vacaciones? Descubre mitos y verdades sobre extensiones de pesta\u00f1as, autobronceador, maquillaje en verano, depilaci\u00f3n y cuidados solares.","robots":{"index":"index","follow":"follow","max-snippet":"max-snippet:-1","max-image-preview":"max-image-preview:large","max-video-preview":"max-video-preview:-1"},"canonical":"https:\/\/www.treatwell.es/in-the-glow\/beauty-tips-esto-es-lo-que-puedes-y-no-puedes-hacer-en-verano\/","og_locale":"es_ES","og_type":"article","og_title":"Mitos y verdades verano: belleza, sol y rutinas | Treatwell","og_description":"\u00bfEs seguro te\u00f1irse antes de vacaciones? Descubre mitos y verdades sobre extensiones de pesta\u00f1as, autobronceador, maquillaje en verano, depilaci\u00f3n y cuidados solares.","og_url":"https:\/\/www.treatwell.es/in-the-glow\/beauty-tips-esto-es-lo-que-puedes-y-no-puedes-hacer-en-verano\/","og_site_name":"In The Glow","article_published_time":"2018-07-26T11:00:58+00:00","article_modified_time":"2025-12-15T22:53:30+00:00","og_image":[{"width":500,"height":599,"url":"https:\/\/www.treatwell.es/in-the-glow\/wp-content\/uploads\/sites\/10\/2022\/03\/Beauty-tips-Treat.jpg","type":"image\/jpeg"}],"twitter_card":"summary_large_image","twitter_misc":{"Escrito por":""},"schema":{"@context":"https:\/\/schema.org","@graph":[{"@type":"Article","@id":"https:\/\/www.treatwell.es/in-the-glow\/beauty-tips-esto-es-lo-que-puedes-y-no-puedes-hacer-en-verano\/#article","isPartOf":{"@id":"https:\/\/www.treatwell.es/in-the-glow\/beauty-tips-esto-es-lo-que-puedes-y-no-puedes-hacer-en-verano\/"},"author":{"name":"","@id":""},"headline":"Beauty tips: esto es lo que puedes y no puedes hacer en verano","datePublished":"2018-07-26T11:00:58+00:00","dateModified":"2025-12-15T22:53:30+00:00","mainEntityOfPage":{"@id":"https:\/\/www.treatwell.es/in-the-glow\/beauty-tips-esto-es-lo-que-puedes-y-no-puedes-hacer-en-verano\/"},"wordCount":98,"publisher":{"@id":"https:\/\/www.treatwell.es/in-the-glow\/#organization"},"image":{"@id":"https:\/\/www.treatwell.es/in-the-glow\/beauty-tips-esto-es-lo-que-puedes-y-no-puedes-hacer-en-verano\/#primaryimage"},"thumbnailUrl":"https:\/\/www.treatwell.es/in-the-glow\/wp-content\/uploads\/sites\/10\/2022\/03\/Beauty-tips-Treat.jpg","keywords":["Bikini Waxing","Brazilian Waxing","Eyebrow and Eyelash Tinting","Eyebrow Waxing","Eyelash Extensions","Eyelash Perming","Hollywood Waxing","Leg Waxing","Male Waxing","Waxing"],"articleSection":["Beauty"],"inLanguage":"es"},{"@type":"WebPage","@id":"https:\/\/www.treatwell.es/in-the-glow\/beauty-tips-esto-es-lo-que-puedes-y-no-puedes-hacer-en-verano\/","url":"https:\/\/www.treatwell.es/in-the-glow\/beauty-tips-esto-es-lo-que-puedes-y-no-puedes-hacer-en-verano\/","name":"Mitos y verdades verano: belleza, sol y rutinas | Treatwell","isPartOf":{"@id":"https:\/\/www.treatwell.es/in-the-glow\/#website"},"primaryImageOfPage":{"@id":"https:\/\/www.treatwell.es/in-the-glow\/beauty-tips-esto-es-lo-que-puedes-y-no-puedes-hacer-en-verano\/#primaryimage"},"image":{"@id":"https:\/\/www.treatwell.es/in-the-glow\/beauty-tips-esto-es-lo-que-puedes-y-no-puedes-hacer-en-verano\/#primaryimage"},"thumbnailUrl":"https:\/\/www.treatwell.es/in-the-glow\/wp-content\/uploads\/sites\/10\/2022\/03\/Beauty-tips-Treat.jpg","datePublished":"2018-07-26T11:00:58+00:00","dateModified":"2025-12-15T22:53:30+00:00","description":"\u00bfEs seguro te\u00f1irse antes de vacaciones? Descubre mitos y verdades sobre extensiones de pesta\u00f1as, autobronceador, maquillaje en verano, depilaci\u00f3n y cuidados solares.","breadcrumb":{"@id":"https:\/\/www.treatwell.es/in-the-glow\/beauty-tips-esto-es-lo-que-puedes-y-no-puedes-hacer-en-verano\/#breadcrumb"},"inLanguage":"es","potentialAction":[{"@type":"ReadAction","target":["https:\/\/www.treatwell.es/in-the-glow\/beauty-tips-esto-es-lo-que-puedes-y-no-puedes-hacer-en-verano\/"]}]},{"@type":"ImageObject","inLanguage":"es","@id":"https:\/\/www.treatwell.es/in-the-glow\/beauty-tips-esto-es-lo-que-puedes-y-no-puedes-hacer-en-verano\/#primaryimage","url":"https:\/\/www.treatwell.es/in-the-glow\/wp-content\/uploads\/sites\/10\/2022\/03\/Beauty-tips-Treat.jpg","contentUrl":"https:\/\/www.treatwell.es/in-the-glow\/wp-content\/uploads\/sites\/10\/2022\/03\/Beauty-tips-Treat.jpg","width":500,"height":599},{"@type":"BreadcrumbList","@id":"https:\/\/www.treatwell.es/in-the-glow\/beauty-tips-esto-es-lo-que-puedes-y-no-puedes-hacer-en-verano\/#breadcrumb","itemListElement":[{"@type":"ListItem","position":1,"name":"Home","item":"https:\/\/www.treatwell.es/in-the-glow\/"},{"@type":"ListItem","position":2,"name":"Beauty","item":"https:\/\/www.treatwell.es/in-the-glow\/beauty\/"},{"@type":"ListItem","position":3,"name":"Beauty tips: esto es lo que puedes y no puedes hacer en verano"}]},{"@type":"WebSite","@id":"https:\/\/www.treatwell.es/in-the-glow\/#website","url":"https:\/\/www.treatwell.es/in-the-glow\/","name":"In The Glow","description":"Belleza. Pelo. Lifestyle.","publisher":{"@id":"https:\/\/www.treatwell.es/in-the-glow\/#organization"},"potentialAction":[{"@type":"SearchAction","target":{"@type":"EntryPoint","urlTemplate":"https:\/\/www.treatwell.es/in-the-glow\/?s={search_term_string}"},"query-input":{"@type":"PropertyValueSpecification","valueRequired":true,"valueName":"search_term_string"}}],"inLanguage":"es"},{"@type":"Organization","@id":"https:\/\/www.treatwell.es/in-the-glow\/#organization","name":"Treatwell","url":"https:\/\/www.treatwell.es/in-the-glow\/","logo":{"@type":"ImageObject","inLanguage":"es","@id":"https:\/\/www.treatwell.es/in-the-glow\/#\/schema\/logo\/image\/","url":"https:\/\/www.treatwell.es/in-the-glow\/wp-content\/uploads\/sites\/10\/2022\/03\/logo_treatwell.png","contentUrl":"https:\/\/www.treatwell.es/in-the-glow\/wp-content\/uploads\/sites\/10\/2022\/03\/logo_treatwell.png","width":889,"height":164,"caption":"Treatwell"},"image":{"@id":"https:\/\/www.treatwell.es/in-the-glow\/#\/schema\/logo\/image\/"}},{"@type":"Person","@id":"","url":"https:\/\/www.treatwell.es/in-the-glow\/author\/"}]}},"featured_image_src":"https:\/\/www.treatwell.es/in-the-glow\/wp-content\/uploads\/sites\/10\/2022\/03\/Beauty-tips-Treat-500x400.jpg","featured_image_src_square":"https:\/\/www.treatwell.es/in-the-glow\/wp-content\/uploads\/sites\/10\/2022\/03\/Beauty-tips-Treat.jpg","author_info":{"display_name":"","author_link":"https:\/\/www.treatwell.es/in-the-glow\/author\/"},"_links":{"self":[{"href":"https:\/\/www.treatwell.es\/in-the-glow\/wp-json\/wp\/v2\/posts\/27141","targetHints":{"allow":["GET"]}}],"collection":[{"href":"https:\/\/www.treatwell.es\/in-the-glow\/wp-json\/wp\/v2\/posts"}],"about":[{"href":"https:\/\/www.treatwell.es\/in-the-glow\/wp-json\/wp\/v2\/types\/post"}],"author":[{"embeddable":true,"href":"https:\/\/www.treatwell.es\/in-the-glow\/wp-json\/wp\/v2\/users\/3319"}],"replies":[{"embeddable":true,"href":"https:\/\/www.treatwell.es\/in-the-glow\/wp-json\/wp\/v2\/comments?post=27141"}],"version-history":[{"count":0,"href":"https:\/\/www.treatwell.es\/in-the-glow\/wp-json\/wp\/v2\/posts\/27141\/revisions"}],"wp:featuredmedia":[{"embeddable":true,"href":"https:\/\/www.treatwell.es\/in-the-glow\/wp-json\/wp\/v2\/media\/27151"}],"wp:attachment":[{"href":"https:\/\/www.treatwell.es\/in-the-glow\/wp-json\/wp\/v2\/media?parent=27141"}],"wp:term":[{"taxonomy":"category","embeddable":true,"href":"https:\/\/www.treatwell.es\/in-the-glow\/wp-json\/wp\/v2\/categories?post=27141"},{"taxonomy":"post_tag","embeddable":true,"href":"https:\/\/www.treatwell.es\/in-the-glow\/wp-json\/wp\/v2\/tags?post=27141"}],"curies":[{"name":"wp","href":"https:\/\/api.w.org\/{rel}","templated":true}]}}