{"id":27152,"date":"2018-07-30T11:49:36","date_gmt":"2018-07-30T09:49:36","guid":{"rendered":"https:\/\/www.treatwell.es\/in-the-glow\/?p=16377"},"modified":"2025-12-15T23:53:30","modified_gmt":"2025-12-15T22:53:30","slug":"gloss-sera-complemento-perfecto","status":"publish","type":"post","link":"https:\/\/www.treatwell.es/in-the-glow\/gloss-sera-complemento-perfecto\/","title":{"rendered":"El gloss ser\u00e1 tu complemento perfecto"},"content":{"rendered":"<p><span style=\"font-weight: 400\">Tenemos el mejor aliado para convertir tus looks de verano en lo m\u00e1s de lo m\u00e1s: el gloss. Y es que amiga, como <a href=\"https:\/\/www.treatwell.es\/in-the-glow\/asi-te-maquillaras-los-labios-esta-primavera\/\">ya avanzamos<\/a> en su d\u00eda, el gloss ha vuelto con fuerza para quedarse.<\/span><\/p>\n<p><span style=\"font-weight: 400\">Y no hablamos solo de los labios. Amamos el gloss porque tiene infinidad de posibilidades. Para los labiales puedes lucirlos en un <a href=\"https:\/\/www.treatwell.es\/in-the-glow\/llega-naturing-lo-mola-ir-natural\/\">look m\u00e1s natural <\/a>o combinado con colores diferentes, pero amiga, para los ojos tambi\u00e9n es lo m\u00e1s de lo m\u00e1s. La sombra de ojos glossy puede ser tu descubrimiento beauty del verano, y como con los labios,\u00a1las opciones son infinitas! Tanto para el d\u00eda a d\u00eda, para la ofi, o para esas ocasiones especiales. <\/span><\/p>\n<p><span style=\"font-weight: 400\">S\u00famate a la tendencia del makeup glossy y \u00a1que no haya noche veraniega que se te resista! <\/span><\/p>\n<div class=\"schema-faq wp-block-yoast-faq-block\">\n<div class=\"schema-faq-section\" id=\"faq-question-1765838619058\">\n<h3 class=\"schema-faq-question\">\u00bfQu\u00e9 es el gloss y c\u00f3mo puedes usarlo en tu look de verano?<\/h3>\n<p class=\"schema-faq-answer\">El gloss es un producto de maquillaje vers\u00e1til que puedes aplicar en labios u ojos para conseguir un acabado brillante y fresco. \u00dasalo para dar un toque natural o combinarlo con colores diferentes y lograr estilos variados en cualquier ocasi\u00f3n.<\/div>\n<div class=\"schema-faq-section\" id=\"faq-question-1765838619059\">\n<h3 class=\"schema-faq-question\">\u00bfPuedo aplicar el gloss solo en los labios?<\/h3>\n<p class=\"schema-faq-answer\">No tienes que limitar el gloss \u00fanicamente a los labios. La sombra de ojos glossy te permite experimentar en p\u00e1rpados consiguiendo un look moderno y luminoso, ideal tanto para el d\u00eda a d\u00eda como para ocasiones especiales.<\/div>\n<div class=\"schema-faq-section\" id=\"faq-question-1765838619060\">\n<h3 class=\"schema-faq-question\">\u00bfC\u00f3mo conseguir un acabado natural usando gloss en el maquillaje?<\/h3>\n<p class=\"schema-faq-answer\">Para lograr un look natural usa gloss en los labios, aplicando solo una capa ligera sobre tu tono favorito. Si prefieres un resultado m\u00e1s sutil, escoge colores suaves y comb\u00ednalos con maquillaje minimalista para resaltar tu belleza de forma sencilla.<\/div>\n<div class=\"schema-faq-section\" id=\"faq-question-1765838619061\">\n<h3 class=\"schema-faq-question\">\u00bfCu\u00e1les son los beneficios del makeup glossy en verano?<\/h3>\n<p class=\"schema-faq-answer\">El makeup glossy ofrece un efecto brillante y fresco que realza tu rostro y combina f\u00e1cilmente con los looks veraniegos. Adem\u00e1s, proporciona versatilidad y es adecuado tanto para eventos informales como para noches especiales.<\/div>\n<div class=\"schema-faq-section\" id=\"faq-question-1765838619062\">\n<h3 class=\"schema-faq-question\">\u00bfPor qu\u00e9 el gloss es tendencia en verano?<\/h3>\n<p class=\"schema-faq-answer\">El gloss es tendencia porque aporta una luminosidad natural y un acabado jugoso que resaltan en los looks de verano. Es f\u00e1cil de aplicar y permite actualizar tu estilo de manera sencilla y eficaz durante la temporada.<\/div>\n<\/p><\/div>\n","protected":false},"excerpt":{"rendered":"<p>Tenemos el mejor aliado para convertir tus looks de verano en lo m\u00e1s de lo m\u00e1s: el gloss. Y es que amiga, como ya avanzamos en su d\u00eda, el gloss ha vuelto con fuerza para quedarse. Y no hablamos solo de los labios. Amamos el gloss porque tiene infinidad de posibilidades. Para los labiales puedes [&hellip;]<\/p>\n","protected":false},"author":3319,"featured_media":27167,"comment_status":"closed","ping_status":"closed","sticky":false,"template":"","format":"standard","meta":{"_acf_changed":false,"_yoast_wpseo_title":"Gloss: tendencia de maquillaje veraniego para labios y ojos","_yoast_wpseo_metadesc":"Descubre c\u00f3mo el gloss transforma tus looks de verano en lo m\u00e1s actual. Labios naturales, ojos glossy y opciones infinitas para cada ocasi\u00f3n. Suma brillo a tu makeup.","_genesis_hide_title":false,"_genesis_hide_breadcrumbs":false,"_genesis_hide_singular_image":false,"_genesis_hide_footer_widgets":false,"_genesis_custom_body_class":"","_genesis_custom_post_class":"","_genesis_layout":"","saswp_custom_schema_field":"{\"@context\":\"https:\/\/schema.org\",\"@type\":\"FAQPage\",\"mainEntity\":[{\"@type\":\"Question\",\"name\":\"\u00bfQu\u00e9 es el gloss y c\u00f3mo puedes usarlo en tu look de verano?\",\"acceptedAnswer\":{\"@type\":\"Answer\",\"text\":\"El gloss es un producto de maquillaje vers\u00e1til que puedes aplicar en labios u ojos para conseguir un acabado brillante y fresco. \u00dasalo para dar un toque natural o combinarlo con colores diferentes y lograr estilos variados en cualquier ocasi\u00f3n.\"}},{\"@type\":\"Question\",\"name\":\"\u00bfPuedo aplicar el gloss solo en los labios?\",\"acceptedAnswer\":{\"@type\":\"Answer\",\"text\":\"No tienes que limitar el gloss \u00fanicamente a los labios. La sombra de ojos glossy te permite experimentar en p\u00e1rpados consiguiendo un look moderno y luminoso, ideal tanto para el d\u00eda a d\u00eda como para ocasiones especiales.\"}},{\"@type\":\"Question\",\"name\":\"\u00bfC\u00f3mo conseguir un acabado natural usando gloss en el maquillaje?\",\"acceptedAnswer\":{\"@type\":\"Answer\",\"text\":\"Para lograr un look natural usa gloss en los labios, aplicando solo una capa ligera sobre tu tono favorito. Si prefieres un resultado m\u00e1s sutil, escoge colores suaves y comb\u00ednalos con maquillaje minimalista para resaltar tu belleza de forma sencilla.\"}},{\"@type\":\"Question\",\"name\":\"\u00bfCu\u00e1les son los beneficios del makeup glossy en verano?\",\"acceptedAnswer\":{\"@type\":\"Answer\",\"text\":\"El makeup glossy ofrece un efecto brillante y fresco que realza tu rostro y combina f\u00e1cilmente con los looks veraniegos. Adem\u00e1s, proporciona versatilidad y es adecuado tanto para eventos informales como para noches especiales.\"}},{\"@type\":\"Question\",\"name\":\"\u00bfPor qu\u00e9 el gloss es tendencia en verano?\",\"acceptedAnswer\":{\"@type\":\"Answer\",\"text\":\"El gloss es tendencia porque aporta una luminosidad natural y un acabado jugoso que resaltan en los looks de verano. Es f\u00e1cil de aplicar y permite actualizar tu estilo de manera sencilla y eficaz durante la temporada.\"}}]}","footnotes":""},"categories":[2],"tags":[11],"class_list":{"0":"post-27152","1":"post","2":"type-post","3":"status-publish","4":"format-standard","5":"has-post-thumbnail","7":"category-tendencias","8":"tag-tr212","9":"entry"},"acf":{"post_credits":"Cr\u00e9ditos de las im\u00e1genes: Instagram de @3ina, @alis.artistry, @asos_faceandbody, @danessa_myricks, @dyedalmond, @rinleon, @speedmakeup","beauty_blog_post_button_title":"Consigue el look","beauty_blog_post_button":"https:\/\/www.treatwell.es\/establecimientos\/tratamiento-maquillaje\/oferta-tipo-local\/en-es\/","landscape_picture":27166,"blocks":[{"block_title":"","block_content":"","video_content":"","block_picture":27153},{"block_title":"","block_content":"","video_content":"","block_picture":27154},{"block_title":"","block_content":"","video_content":"","block_picture":27155},{"block_title":"","block_content":"","video_content":"","block_picture":27156},{"block_title":"","block_content":"","video_content":"","block_picture":27157},{"block_title":"","block_content":"","video_content":"","block_picture":27158},{"block_title":"","block_content":"","video_content":"","block_picture":27159},{"block_title":"","block_content":"","video_content":"","block_picture":27160},{"block_title":"","block_content":"","video_content":"","block_picture":27161},{"block_title":"","block_content":"","video_content":"","block_picture":27162},{"block_title":"","block_content":"","video_content":"","block_picture":27163},{"block_title":"","block_content":"","video_content":"","block_picture":27164},{"block_title":"","block_content":"","video_content":"","block_picture":27165}]},"yoast_head":"<!-- This site is optimized with the Yoast SEO plugin v27.4 - https:\/\/yoast.com\/product\/yoast-seo-wordpress\/ -->\n<title>Gloss: tendencia de maquillaje veraniego para labios y ojos<\/title>\n<meta name=\"description\" content=\"Descubre c\u00f3mo el gloss transforma tus looks de verano en lo m\u00e1s actual. Labios naturales, ojos glossy y opciones infinitas para cada ocasi\u00f3n. Suma brillo a tu makeup.\" \/>\n<meta name=\"robots\" content=\"index, follow, max-snippet:-1, max-image-preview:large, max-video-preview:-1\" \/>\n<link rel=\"canonical\" href=\"https:\/\/www.treatwell.es/in-the-glow\/gloss-sera-complemento-perfecto\/\" \/>\n<meta property=\"og:locale\" content=\"es_ES\" \/>\n<meta property=\"og:type\" content=\"article\" \/>\n<meta property=\"og:title\" content=\"Gloss: tendencia de maquillaje veraniego para labios y ojos\" \/>\n<meta property=\"og:description\" content=\"Descubre c\u00f3mo el gloss transforma tus looks de verano en lo m\u00e1s actual. Labios naturales, ojos glossy y opciones infinitas para cada ocasi\u00f3n. Suma brillo a tu makeup.\" \/>\n<meta property=\"og:url\" content=\"https:\/\/www.treatwell.es/in-the-glow\/gloss-sera-complemento-perfecto\/\" \/>\n<meta property=\"og:site_name\" content=\"In The Glow\" \/>\n<meta property=\"article:published_time\" content=\"2018-07-30T09:49:36+00:00\" \/>\n<meta property=\"article:modified_time\" content=\"2025-12-15T22:53:30+00:00\" \/>\n<meta property=\"og:image\" content=\"https:\/\/www.treatwell.es/in-the-glow\/wp-content\/uploads\/sites\/10\/2022\/03\/rinleon.png\" \/>\n\t<meta property=\"og:image:width\" content=\"472\" \/>\n\t<meta property=\"og:image:height\" content=\"556\" \/>\n\t<meta property=\"og:image:type\" content=\"image\/png\" \/>\n<meta name=\"twitter:card\" content=\"summary_large_image\" \/>\n<meta name=\"twitter:label1\" content=\"Escrito por\" \/>\n\t<meta name=\"twitter:data1\" content=\"\" \/>\n\t<meta name=\"twitter:label2\" content=\"Tiempo de lectura\" \/>\n\t<meta name=\"twitter:data2\" content=\"2 minutos\" \/>\n<script type=\"application\/ld+json\" class=\"yoast-schema-graph\">{\"@context\":\"https:\\\/\\\/schema.org\",\"@graph\":[{\"@type\":\"Article\",\"@id\":\"https:\\\/\\\/www.treatwell.es/in-the-glow\\\/gloss-sera-complemento-perfecto\\\/#article\",\"isPartOf\":{\"@id\":\"https:\\\/\\\/www.treatwell.es/in-the-glow\\\/gloss-sera-complemento-perfecto\\\/\"},\"author\":{\"name\":\"\",\"@id\":\"\"},\"headline\":\"El gloss ser\u00e1 tu complemento perfecto\",\"datePublished\":\"2018-07-30T09:49:36+00:00\",\"dateModified\":\"2025-12-15T22:53:30+00:00\",\"mainEntityOfPage\":{\"@id\":\"https:\\\/\\\/www.treatwell.es/in-the-glow\\\/gloss-sera-complemento-perfecto\\\/\"},\"wordCount\":395,\"publisher\":{\"@id\":\"https:\\\/\\\/www.treatwell.es/in-the-glow\\\/#organization\"},\"image\":{\"@id\":\"https:\\\/\\\/www.treatwell.es/in-the-glow\\\/gloss-sera-complemento-perfecto\\\/#primaryimage\"},\"thumbnailUrl\":\"https:\\\/\\\/www.treatwell.es/in-the-glow\\\/wp-content\\\/uploads\\\/sites\\\/10\\\/2022\\\/03\\\/rinleon.png\",\"keywords\":[\"Makeup\"],\"articleSection\":[\"Tendencias\"],\"inLanguage\":\"es\"},{\"@type\":\"WebPage\",\"@id\":\"https:\\\/\\\/www.treatwell.es/in-the-glow\\\/gloss-sera-complemento-perfecto\\\/\",\"url\":\"https:\\\/\\\/www.treatwell.es/in-the-glow\\\/gloss-sera-complemento-perfecto\\\/\",\"name\":\"Gloss: tendencia de maquillaje veraniego para labios y ojos\",\"isPartOf\":{\"@id\":\"https:\\\/\\\/www.treatwell.es/in-the-glow\\\/#website\"},\"primaryImageOfPage\":{\"@id\":\"https:\\\/\\\/www.treatwell.es/in-the-glow\\\/gloss-sera-complemento-perfecto\\\/#primaryimage\"},\"image\":{\"@id\":\"https:\\\/\\\/www.treatwell.es/in-the-glow\\\/gloss-sera-complemento-perfecto\\\/#primaryimage\"},\"thumbnailUrl\":\"https:\\\/\\\/www.treatwell.es/in-the-glow\\\/wp-content\\\/uploads\\\/sites\\\/10\\\/2022\\\/03\\\/rinleon.png\",\"datePublished\":\"2018-07-30T09:49:36+00:00\",\"dateModified\":\"2025-12-15T22:53:30+00:00\",\"description\":\"Descubre c\u00f3mo el gloss transforma tus looks de verano en lo m\u00e1s actual. Labios naturales, ojos glossy y opciones infinitas para cada ocasi\u00f3n. Suma brillo a tu makeup.\",\"breadcrumb\":{\"@id\":\"https:\\\/\\\/www.treatwell.es/in-the-glow\\\/gloss-sera-complemento-perfecto\\\/#breadcrumb\"},\"inLanguage\":\"es\",\"potentialAction\":[{\"@type\":\"ReadAction\",\"target\":[\"https:\\\/\\\/www.treatwell.es/in-the-glow\\\/gloss-sera-complemento-perfecto\\\/\"]}]},{\"@type\":\"ImageObject\",\"inLanguage\":\"es\",\"@id\":\"https:\\\/\\\/www.treatwell.es/in-the-glow\\\/gloss-sera-complemento-perfecto\\\/#primaryimage\",\"url\":\"https:\\\/\\\/www.treatwell.es/in-the-glow\\\/wp-content\\\/uploads\\\/sites\\\/10\\\/2022\\\/03\\\/rinleon.png\",\"contentUrl\":\"https:\\\/\\\/www.treatwell.es/in-the-glow\\\/wp-content\\\/uploads\\\/sites\\\/10\\\/2022\\\/03\\\/rinleon.png\",\"width\":472,\"height\":556},{\"@type\":\"BreadcrumbList\",\"@id\":\"https:\\\/\\\/www.treatwell.es/in-the-glow\\\/gloss-sera-complemento-perfecto\\\/#breadcrumb\",\"itemListElement\":[{\"@type\":\"ListItem\",\"position\":1,\"name\":\"Home\",\"item\":\"https:\\\/\\\/www.treatwell.es/in-the-glow\\\/\"},{\"@type\":\"ListItem\",\"position\":2,\"name\":\"Tendencias\",\"item\":\"https:\\\/\\\/www.treatwell.es/in-the-glow\\\/tendencias\\\/\"},{\"@type\":\"ListItem\",\"position\":3,\"name\":\"El gloss ser\u00e1 tu complemento perfecto\"}]},{\"@type\":\"WebSite\",\"@id\":\"https:\\\/\\\/www.treatwell.es/in-the-glow\\\/#website\",\"url\":\"https:\\\/\\\/www.treatwell.es/in-the-glow\\\/\",\"name\":\"In The Glow\",\"description\":\"Belleza. Pelo. Lifestyle.\",\"publisher\":{\"@id\":\"https:\\\/\\\/www.treatwell.es/in-the-glow\\\/#organization\"},\"potentialAction\":[{\"@type\":\"SearchAction\",\"target\":{\"@type\":\"EntryPoint\",\"urlTemplate\":\"https:\\\/\\\/www.treatwell.es/in-the-glow\\\/?s={search_term_string}\"},\"query-input\":{\"@type\":\"PropertyValueSpecification\",\"valueRequired\":true,\"valueName\":\"search_term_string\"}}],\"inLanguage\":\"es\"},{\"@type\":\"Organization\",\"@id\":\"https:\\\/\\\/www.treatwell.es/in-the-glow\\\/#organization\",\"name\":\"Treatwell\",\"url\":\"https:\\\/\\\/www.treatwell.es/in-the-glow\\\/\",\"logo\":{\"@type\":\"ImageObject\",\"inLanguage\":\"es\",\"@id\":\"https:\\\/\\\/www.treatwell.es/in-the-glow\\\/#\\\/schema\\\/logo\\\/image\\\/\",\"url\":\"https:\\\/\\\/www.treatwell.es/in-the-glow\\\/wp-content\\\/uploads\\\/sites\\\/10\\\/2022\\\/03\\\/logo_treatwell.png\",\"contentUrl\":\"https:\\\/\\\/www.treatwell.es/in-the-glow\\\/wp-content\\\/uploads\\\/sites\\\/10\\\/2022\\\/03\\\/logo_treatwell.png\",\"width\":889,\"height\":164,\"caption\":\"Treatwell\"},\"image\":{\"@id\":\"https:\\\/\\\/www.treatwell.es/in-the-glow\\\/#\\\/schema\\\/logo\\\/image\\\/\"}},{\"@type\":\"Person\",\"@id\":\"\",\"url\":\"https:\\\/\\\/www.treatwell.es/in-the-glow\\\/author\\\/\"}]}<\/script>\n<!-- \/ Yoast SEO plugin. -->","yoast_head_json":{"title":"Gloss: tendencia de maquillaje veraniego para labios y ojos","description":"Descubre c\u00f3mo el gloss transforma tus looks de verano en lo m\u00e1s actual. Labios naturales, ojos glossy y opciones infinitas para cada ocasi\u00f3n. Suma brillo a tu makeup.","robots":{"index":"index","follow":"follow","max-snippet":"max-snippet:-1","max-image-preview":"max-image-preview:large","max-video-preview":"max-video-preview:-1"},"canonical":"https:\/\/www.treatwell.es/in-the-glow\/gloss-sera-complemento-perfecto\/","og_locale":"es_ES","og_type":"article","og_title":"Gloss: tendencia de maquillaje veraniego para labios y ojos","og_description":"Descubre c\u00f3mo el gloss transforma tus looks de verano en lo m\u00e1s actual. Labios naturales, ojos glossy y opciones infinitas para cada ocasi\u00f3n. Suma brillo a tu makeup.","og_url":"https:\/\/www.treatwell.es/in-the-glow\/gloss-sera-complemento-perfecto\/","og_site_name":"In The Glow","article_published_time":"2018-07-30T09:49:36+00:00","article_modified_time":"2025-12-15T22:53:30+00:00","og_image":[{"width":472,"height":556,"url":"https:\/\/www.treatwell.es/in-the-glow\/wp-content\/uploads\/sites\/10\/2022\/03\/rinleon.png","type":"image\/png"}],"twitter_card":"summary_large_image","twitter_misc":{"Escrito por":"","Tiempo de lectura":"2 minutos"},"schema":{"@context":"https:\/\/schema.org","@graph":[{"@type":"Article","@id":"https:\/\/www.treatwell.es/in-the-glow\/gloss-sera-complemento-perfecto\/#article","isPartOf":{"@id":"https:\/\/www.treatwell.es/in-the-glow\/gloss-sera-complemento-perfecto\/"},"author":{"name":"","@id":""},"headline":"El gloss ser\u00e1 tu complemento perfecto","datePublished":"2018-07-30T09:49:36+00:00","dateModified":"2025-12-15T22:53:30+00:00","mainEntityOfPage":{"@id":"https:\/\/www.treatwell.es/in-the-glow\/gloss-sera-complemento-perfecto\/"},"wordCount":395,"publisher":{"@id":"https:\/\/www.treatwell.es/in-the-glow\/#organization"},"image":{"@id":"https:\/\/www.treatwell.es/in-the-glow\/gloss-sera-complemento-perfecto\/#primaryimage"},"thumbnailUrl":"https:\/\/www.treatwell.es/in-the-glow\/wp-content\/uploads\/sites\/10\/2022\/03\/rinleon.png","keywords":["Makeup"],"articleSection":["Tendencias"],"inLanguage":"es"},{"@type":"WebPage","@id":"https:\/\/www.treatwell.es/in-the-glow\/gloss-sera-complemento-perfecto\/","url":"https:\/\/www.treatwell.es/in-the-glow\/gloss-sera-complemento-perfecto\/","name":"Gloss: tendencia de maquillaje veraniego para labios y ojos","isPartOf":{"@id":"https:\/\/www.treatwell.es/in-the-glow\/#website"},"primaryImageOfPage":{"@id":"https:\/\/www.treatwell.es/in-the-glow\/gloss-sera-complemento-perfecto\/#primaryimage"},"image":{"@id":"https:\/\/www.treatwell.es/in-the-glow\/gloss-sera-complemento-perfecto\/#primaryimage"},"thumbnailUrl":"https:\/\/www.treatwell.es/in-the-glow\/wp-content\/uploads\/sites\/10\/2022\/03\/rinleon.png","datePublished":"2018-07-30T09:49:36+00:00","dateModified":"2025-12-15T22:53:30+00:00","description":"Descubre c\u00f3mo el gloss transforma tus looks de verano en lo m\u00e1s actual. Labios naturales, ojos glossy y opciones infinitas para cada ocasi\u00f3n. Suma brillo a tu makeup.","breadcrumb":{"@id":"https:\/\/www.treatwell.es/in-the-glow\/gloss-sera-complemento-perfecto\/#breadcrumb"},"inLanguage":"es","potentialAction":[{"@type":"ReadAction","target":["https:\/\/www.treatwell.es/in-the-glow\/gloss-sera-complemento-perfecto\/"]}]},{"@type":"ImageObject","inLanguage":"es","@id":"https:\/\/www.treatwell.es/in-the-glow\/gloss-sera-complemento-perfecto\/#primaryimage","url":"https:\/\/www.treatwell.es/in-the-glow\/wp-content\/uploads\/sites\/10\/2022\/03\/rinleon.png","contentUrl":"https:\/\/www.treatwell.es/in-the-glow\/wp-content\/uploads\/sites\/10\/2022\/03\/rinleon.png","width":472,"height":556},{"@type":"BreadcrumbList","@id":"https:\/\/www.treatwell.es/in-the-glow\/gloss-sera-complemento-perfecto\/#breadcrumb","itemListElement":[{"@type":"ListItem","position":1,"name":"Home","item":"https:\/\/www.treatwell.es/in-the-glow\/"},{"@type":"ListItem","position":2,"name":"Tendencias","item":"https:\/\/www.treatwell.es/in-the-glow\/tendencias\/"},{"@type":"ListItem","position":3,"name":"El gloss ser\u00e1 tu complemento perfecto"}]},{"@type":"WebSite","@id":"https:\/\/www.treatwell.es/in-the-glow\/#website","url":"https:\/\/www.treatwell.es/in-the-glow\/","name":"In The Glow","description":"Belleza. Pelo. Lifestyle.","publisher":{"@id":"https:\/\/www.treatwell.es/in-the-glow\/#organization"},"potentialAction":[{"@type":"SearchAction","target":{"@type":"EntryPoint","urlTemplate":"https:\/\/www.treatwell.es/in-the-glow\/?s={search_term_string}"},"query-input":{"@type":"PropertyValueSpecification","valueRequired":true,"valueName":"search_term_string"}}],"inLanguage":"es"},{"@type":"Organization","@id":"https:\/\/www.treatwell.es/in-the-glow\/#organization","name":"Treatwell","url":"https:\/\/www.treatwell.es/in-the-glow\/","logo":{"@type":"ImageObject","inLanguage":"es","@id":"https:\/\/www.treatwell.es/in-the-glow\/#\/schema\/logo\/image\/","url":"https:\/\/www.treatwell.es/in-the-glow\/wp-content\/uploads\/sites\/10\/2022\/03\/logo_treatwell.png","contentUrl":"https:\/\/www.treatwell.es/in-the-glow\/wp-content\/uploads\/sites\/10\/2022\/03\/logo_treatwell.png","width":889,"height":164,"caption":"Treatwell"},"image":{"@id":"https:\/\/www.treatwell.es/in-the-glow\/#\/schema\/logo\/image\/"}},{"@type":"Person","@id":"","url":"https:\/\/www.treatwell.es/in-the-glow\/author\/"}]}},"featured_image_src":"https:\/\/www.treatwell.es/in-the-glow\/wp-content\/uploads\/sites\/10\/2022\/03\/rinleon-472x400.png","featured_image_src_square":"https:\/\/www.treatwell.es/in-the-glow\/wp-content\/uploads\/sites\/10\/2022\/03\/rinleon.png","author_info":{"display_name":"","author_link":"https:\/\/www.treatwell.es/in-the-glow\/author\/"},"_links":{"self":[{"href":"https:\/\/www.treatwell.es\/in-the-glow\/wp-json\/wp\/v2\/posts\/27152","targetHints":{"allow":["GET"]}}],"collection":[{"href":"https:\/\/www.treatwell.es\/in-the-glow\/wp-json\/wp\/v2\/posts"}],"about":[{"href":"https:\/\/www.treatwell.es\/in-the-glow\/wp-json\/wp\/v2\/types\/post"}],"author":[{"embeddable":true,"href":"https:\/\/www.treatwell.es\/in-the-glow\/wp-json\/wp\/v2\/users\/3319"}],"replies":[{"embeddable":true,"href":"https:\/\/www.treatwell.es\/in-the-glow\/wp-json\/wp\/v2\/comments?post=27152"}],"version-history":[{"count":0,"href":"https:\/\/www.treatwell.es\/in-the-glow\/wp-json\/wp\/v2\/posts\/27152\/revisions"}],"wp:featuredmedia":[{"embeddable":true,"href":"https:\/\/www.treatwell.es\/in-the-glow\/wp-json\/wp\/v2\/media\/27167"}],"wp:attachment":[{"href":"https:\/\/www.treatwell.es\/in-the-glow\/wp-json\/wp\/v2\/media?parent=27152"}],"wp:term":[{"taxonomy":"category","embeddable":true,"href":"https:\/\/www.treatwell.es\/in-the-glow\/wp-json\/wp\/v2\/categories?post=27152"},{"taxonomy":"post_tag","embeddable":true,"href":"https:\/\/www.treatwell.es\/in-the-glow\/wp-json\/wp\/v2\/tags?post=27152"}],"curies":[{"name":"wp","href":"https:\/\/api.w.org\/{rel}","templated":true}]}}