{"id":27181,"date":"2018-08-01T09:00:41","date_gmt":"2018-08-01T07:00:41","guid":{"rendered":"https:\/\/www.treatwell.es\/in-the-glow\/?p=16411"},"modified":"2025-12-15T23:53:31","modified_gmt":"2025-12-15T22:53:31","slug":"5-trucos-para-prevenir-las-puntas-abiertas","status":"publish","type":"post","link":"https:\/\/www.treatwell.es/in-the-glow\/5-trucos-para-prevenir-las-puntas-abiertas\/","title":{"rendered":"5 trucos para prevenir las puntas abiertas"},"content":{"rendered":"<p>El sol, la piscina, la arena, la playita&#8230; Amiga,\u00a0por mucho que nos encante todo esto del verano, nuestro pelo puede acabar pagando sus efectos. Que si el tinte se vuelve m\u00e1s clarito, la melena est\u00e1 m\u00e1s reseca, las puntas abiertas&#8230;<\/p>\n<p>Pero oye, \u00bfte contamos un secreto? Tenemos la soluci\u00f3n para este \u00faltimo. Y es que si quieres lucir una melenaza espectacular durante todo el verano, sana y fuerte hasta las puntas, es tan f\u00e1cil como seguir estos sencillos consejos. Y t\u00fa&#8230; \u00a1A disfrutar de\u00a0las vacaciones!<\/p>\n<p>&nbsp;<\/p>\n<div class=\"schema-faq wp-block-yoast-faq-block\">\n<div class=\"schema-faq-section\" id=\"faq-question-1765838611741\">\n<h3 class=\"schema-faq-question\">\u00bfCon qu\u00e9 frecuencia debes aplicar mascarilla en el pelo en verano?<\/h3>\n<p class=\"schema-faq-answer\">Aplica una mascarilla al menos una vez por semana para mantener el cabello hidratado. Esto ayuda a nutrirlo en profundidad y a protegerlo frente al sol, el cloro y la arena. Para notar mejores resultados deja la mascarilla actuar durante una hora antes de enjuagar.<\/div>\n<div class=\"schema-faq-section\" id=\"faq-question-1765838611742\">\n<h3 class=\"schema-faq-question\">\u00bfCu\u00e1l es la mejor forma de secar el pelo en verano?<\/h3>\n<p class=\"schema-faq-answer\">Deja que el cabello se seque al aire libre para evitar resecarlo a\u00fan m\u00e1s. Si prefieres usar secador o plancha, utiliza protector de calor antes del peinado para minimizar el da\u00f1o causado por las altas temperaturas.<\/div>\n<div class=\"schema-faq-section\" id=\"faq-question-1765838611743\">\n<h3 class=\"schema-faq-question\">\u00bfPor qu\u00e9 no es recomendable lavar el pelo a diario durante el verano?<\/h3>\n<p class=\"schema-faq-answer\">Lavar el cabello en exceso elimina sus aceites naturales y lo deja m\u00e1s seco, favoreciendo la aparici\u00f3n de puntas abiertas. Lava el pelo solo dos veces por semana aunque vayas mucho a la playa o la piscina, as\u00ed conservar\u00e1s la hidrataci\u00f3n natural.<\/div>\n<div class=\"schema-faq-section\" id=\"faq-question-1765838611744\">\n<h3 class=\"schema-faq-question\">\u00bfQu\u00e9 productos ayudan a proteger el cabello te\u00f1ido en verano?<\/h3>\n<p class=\"schema-faq-answer\">Utiliza un protector para el pelo antes de ir a la playa, especialmente si llevas el cabello te\u00f1ido. El aceite de arg\u00e1n es ideal para hidratar las puntas y ayudar a cerrarlas, mientras que el aceite de coco nutre y protege intensamente.<\/div>\n<div class=\"schema-faq-section\" id=\"faq-question-1765838611745\">\n<h3 class=\"schema-faq-question\">\u00bfCu\u00e1ndo es recomendable cortarse las puntas para mantener una melena sana?<\/h3>\n<p class=\"schema-faq-answer\">Corta las puntas cada cierto tiempo para eliminar la parte da\u00f1ada y favorecer el crecimiento fuerte y sano del cabello. Este h\u00e1bito es clave para lucir una melena impecable durante todo el verano.<\/div>\n<\/p><\/div>\n","protected":false},"excerpt":{"rendered":"<p>El sol, la piscina, la arena, la playita&#8230; Amiga,\u00a0por mucho que nos encante todo esto del verano, nuestro pelo puede acabar pagando sus efectos. Que si el tinte se vuelve m\u00e1s clarito, la melena est\u00e1 m\u00e1s reseca, las puntas abiertas&#8230; Pero oye, \u00bfte contamos un secreto? Tenemos la soluci\u00f3n para este \u00faltimo. Y es que [&hellip;]<\/p>\n","protected":false},"author":3319,"featured_media":27188,"comment_status":"closed","ping_status":"closed","sticky":false,"template":"","format":"standard","meta":{"_acf_changed":false,"_yoast_wpseo_title":"Cuida tu melena en verano: consejos para puntas sanas | Treatwell","_yoast_wpseo_metadesc":"Protege tu pelo del sol, cloro y arena con estos consejos pr\u00e1cticos. Aprende a hidratar, evitar puntas abiertas y lucir melena sana en verano. Descubre c\u00f3mo aqu\u00ed.","_genesis_hide_title":false,"_genesis_hide_breadcrumbs":false,"_genesis_hide_singular_image":false,"_genesis_hide_footer_widgets":false,"_genesis_custom_body_class":"","_genesis_custom_post_class":"","_genesis_layout":"","saswp_custom_schema_field":"{\"@context\":\"https:\/\/schema.org\",\"@type\":\"FAQPage\",\"mainEntity\":[{\"@type\":\"Question\",\"name\":\"\u00bfCon qu\u00e9 frecuencia debes aplicar mascarilla en el pelo en verano?\",\"acceptedAnswer\":{\"@type\":\"Answer\",\"text\":\"Aplica una mascarilla al menos una vez por semana para mantener el cabello hidratado. Esto ayuda a nutrirlo en profundidad y a protegerlo frente al sol, el cloro y la arena. Para notar mejores resultados deja la mascarilla actuar durante una hora antes de enjuagar.\"}},{\"@type\":\"Question\",\"name\":\"\u00bfCu\u00e1l es la mejor forma de secar el pelo en verano?\",\"acceptedAnswer\":{\"@type\":\"Answer\",\"text\":\"Deja que el cabello se seque al aire libre para evitar resecarlo a\u00fan m\u00e1s. Si prefieres usar secador o plancha, utiliza protector de calor antes del peinado para minimizar el da\u00f1o causado por las altas temperaturas.\"}},{\"@type\":\"Question\",\"name\":\"\u00bfPor qu\u00e9 no es recomendable lavar el pelo a diario durante el verano?\",\"acceptedAnswer\":{\"@type\":\"Answer\",\"text\":\"Lavar el cabello en exceso elimina sus aceites naturales y lo deja m\u00e1s seco, favoreciendo la aparici\u00f3n de puntas abiertas. Lava el pelo solo dos veces por semana aunque vayas mucho a la playa o la piscina, as\u00ed conservar\u00e1s la hidrataci\u00f3n natural.\"}},{\"@type\":\"Question\",\"name\":\"\u00bfQu\u00e9 productos ayudan a proteger el cabello te\u00f1ido en verano?\",\"acceptedAnswer\":{\"@type\":\"Answer\",\"text\":\"Utiliza un protector para el pelo antes de ir a la playa, especialmente si llevas el cabello te\u00f1ido. El aceite de arg\u00e1n es ideal para hidratar las puntas y ayudar a cerrarlas, mientras que el aceite de coco nutre y protege intensamente.\"}},{\"@type\":\"Question\",\"name\":\"\u00bfCu\u00e1ndo es recomendable cortarse las puntas para mantener una melena sana?\",\"acceptedAnswer\":{\"@type\":\"Answer\",\"text\":\"Corta las puntas cada cierto tiempo para eliminar la parte da\u00f1ada y favorecer el crecimiento fuerte y sano del cabello. Este h\u00e1bito es clave para lucir una melena impecable durante todo el verano.\"}}]}","footnotes":""},"categories":[4],"tags":[27,48,78,49,10],"class_list":{"0":"post-27181","1":"post","2":"type-post","3":"status-publish","4":"format-standard","5":"has-post-thumbnail","7":"category-beauty","8":"tag-tt6","9":"tag-tr273","10":"tag-tr485","11":"tag-tr484","12":"tag-tr166","13":"entry"},"acf":{"post_credits":"Cr\u00e9ditos de im\u00e1genes: Shutterstock, Instagram de @runfitshell, @stillwithyoucph, @thalea.mv, @sohairofficial, @frejawewer.","beauty_blog_post_button_title":"","beauty_blog_post_button":"","landscape_picture":27187,"blocks":[{"block_title":"Primero, saber cu\u00e1l es el problema","block_content":"<p>Hay muchas cosas que hacemos en nuestro d&iacute;a a d&iacute;a que acaban da&ntilde;ando nuestro pelo. Y simplemente&nbsp;con hacerlas con un poco m&aacute;s de cuidado, podemos conseguir que nuestra melenaza aguante sana durante meses.&nbsp;En verano, nuestro pelo ya est&aacute; suficientemente seco como para utilizar el secador o la plancha. Por eso, no te olvides de utilizar un protector de calor a la hora de secar tu pelo o alisarlo. &iquest;Y lo mejor que podr&iacute;as hacer? Dejar que se seque al aire libre. &iexcl;Que en verano tardar&aacute;s un par de minutos!<\/p>\n","video_content":"","block_picture":27182},{"block_title":"Hidrataci\u00f3n semanal","block_content":"<p>En verano, lo ideal es ponerse mascarilla al menos una vez por semana. El aceite de coco, por ejemplo, es perfecto para nutritlo en profundidad a la vez que lo proteje. D&eacute;jalo actuar durante una hora y despu&eacute;s enju&aacute;gate bien el pelo con agua. &iexcl;Notar&aacute;s la diferencia!<\/p>\n","video_content":"","block_picture":27183},{"block_title":"\u00bfLavarlo a menudo? \u00a1Error!","block_content":"<p>Es normal que&nbsp;en verano&nbsp;te laves m&aacute;s el pelo por la&nbsp;arena de la playa o el cloro de la piscina. Pero cuidado con lavarlo en exceso, porque entonces le quitar&aacute;s a tu melena sus aceites naturales y har&aacute;s que est&eacute; m&aacute;s seca. Todo esto solo podr&aacute; significar una cosa: &iexcl;hola puntas abiertas en cuesti&oacute;n de d&iacute;as! Lo ideal para estos casos es no abusar, y lavarse el pelo dos veces por semana.<\/p>\n","video_content":"","block_picture":27184},{"block_title":"Tus mejores aliados","block_content":"<p>No te olvides de que hay much&iacute;simos productos que te ayudar&aacute;n a proteger tu pelo en verano y hacer que se reseque lo menos posible. As&iacute; que cuando vayas a la playa, acu&eacute;rdate tambi&eacute;n de usar un protector para el pelo, sobr todo si lo llevas te&ntilde;ido. Adem&aacute;s, el aceite de arg&aacute;n puede ser una opci&oacute;n genial para hidratar las puntas y ayudar a cerrarlas.<\/p>\n","video_content":"","block_picture":27185},{"block_title":"Y s\u00ed, c\u00f3rtate las puntas","block_content":"<p>Pero pese a todo, el mejor remedio siempre es cortarse las puntas cada cierto tiempo. As&iacute;, lo sanear&aacute;s y eliminar&aacute;s la parte da&ntilde;ada, por lo que conseguir&aacute;s que la melena crezca sana y fuerte. &iexcl;A lucir pelazo all&aacute; donde vayas!<\/p>\n","video_content":"","block_picture":27186}]},"yoast_head":"<!-- This site is optimized with the Yoast SEO plugin v27.5 - https:\/\/yoast.com\/product\/yoast-seo-wordpress\/ -->\n<title>Cuida tu melena en verano: consejos para puntas sanas | Treatwell<\/title>\n<meta name=\"description\" content=\"Protege tu pelo del sol, cloro y arena con estos consejos pr\u00e1cticos. Aprende a hidratar, evitar puntas abiertas y lucir melena sana en verano. Descubre c\u00f3mo aqu\u00ed.\" \/>\n<meta name=\"robots\" content=\"index, follow, max-snippet:-1, max-image-preview:large, max-video-preview:-1\" \/>\n<link rel=\"canonical\" href=\"https:\/\/www.treatwell.es/in-the-glow\/5-trucos-para-prevenir-las-puntas-abiertas\/\" \/>\n<meta property=\"og:locale\" content=\"es_ES\" \/>\n<meta property=\"og:type\" content=\"article\" \/>\n<meta property=\"og:title\" content=\"Cuida tu melena en verano: consejos para puntas sanas | Treatwell\" \/>\n<meta property=\"og:description\" content=\"Protege tu pelo del sol, cloro y arena con estos consejos pr\u00e1cticos. Aprende a hidratar, evitar puntas abiertas y lucir melena sana en verano. Descubre c\u00f3mo aqu\u00ed.\" \/>\n<meta property=\"og:url\" content=\"https:\/\/www.treatwell.es/in-the-glow\/5-trucos-para-prevenir-las-puntas-abiertas\/\" \/>\n<meta property=\"og:site_name\" content=\"In The Glow\" \/>\n<meta property=\"article:published_time\" content=\"2018-08-01T07:00:41+00:00\" \/>\n<meta property=\"article:modified_time\" content=\"2025-12-15T22:53:31+00:00\" \/>\n<meta property=\"og:image\" content=\"https:\/\/www.treatwell.es/in-the-glow\/wp-content\/uploads\/sites\/10\/2022\/03\/Puntas-Abiertas-Treat.jpg\" \/>\n\t<meta property=\"og:image:width\" content=\"500\" \/>\n\t<meta property=\"og:image:height\" content=\"600\" \/>\n\t<meta property=\"og:image:type\" content=\"image\/jpeg\" \/>\n<meta name=\"twitter:card\" content=\"summary_large_image\" \/>\n<meta name=\"twitter:label1\" content=\"Escrito por\" \/>\n\t<meta name=\"twitter:data1\" content=\"\" \/>\n\t<meta name=\"twitter:label2\" content=\"Tiempo de lectura\" \/>\n\t<meta name=\"twitter:data2\" content=\"2 minutos\" \/>\n<script type=\"application\/ld+json\" class=\"yoast-schema-graph\">{\"@context\":\"https:\\\/\\\/schema.org\",\"@graph\":[{\"@type\":\"Article\",\"@id\":\"https:\\\/\\\/www.treatwell.es/in-the-glow\\\/5-trucos-para-prevenir-las-puntas-abiertas\\\/#article\",\"isPartOf\":{\"@id\":\"https:\\\/\\\/www.treatwell.es/in-the-glow\\\/5-trucos-para-prevenir-las-puntas-abiertas\\\/\"},\"author\":{\"name\":\"\",\"@id\":\"\"},\"headline\":\"5 trucos para prevenir las puntas abiertas\",\"datePublished\":\"2018-08-01T07:00:41+00:00\",\"dateModified\":\"2025-12-15T22:53:31+00:00\",\"mainEntityOfPage\":{\"@id\":\"https:\\\/\\\/www.treatwell.es/in-the-glow\\\/5-trucos-para-prevenir-las-puntas-abiertas\\\/\"},\"wordCount\":366,\"publisher\":{\"@id\":\"https:\\\/\\\/www.treatwell.es/in-the-glow\\\/#organization\"},\"image\":{\"@id\":\"https:\\\/\\\/www.treatwell.es/in-the-glow\\\/5-trucos-para-prevenir-las-puntas-abiertas\\\/#primaryimage\"},\"thumbnailUrl\":\"https:\\\/\\\/www.treatwell.es/in-the-glow\\\/wp-content\\\/uploads\\\/sites\\\/10\\\/2022\\\/03\\\/Puntas-Abiertas-Treat.jpg\",\"keywords\":[\"Hair\",\"Hair Colouring and Highlights\",\"Hair Conditioning and Scalp Treatments\",\"Hair Consulting\",\"Haircuts and Hairdressing\"],\"articleSection\":[\"Beauty\"],\"inLanguage\":\"es\"},{\"@type\":\"WebPage\",\"@id\":\"https:\\\/\\\/www.treatwell.es/in-the-glow\\\/5-trucos-para-prevenir-las-puntas-abiertas\\\/\",\"url\":\"https:\\\/\\\/www.treatwell.es/in-the-glow\\\/5-trucos-para-prevenir-las-puntas-abiertas\\\/\",\"name\":\"Cuida tu melena en verano: consejos para puntas sanas | Treatwell\",\"isPartOf\":{\"@id\":\"https:\\\/\\\/www.treatwell.es/in-the-glow\\\/#website\"},\"primaryImageOfPage\":{\"@id\":\"https:\\\/\\\/www.treatwell.es/in-the-glow\\\/5-trucos-para-prevenir-las-puntas-abiertas\\\/#primaryimage\"},\"image\":{\"@id\":\"https:\\\/\\\/www.treatwell.es/in-the-glow\\\/5-trucos-para-prevenir-las-puntas-abiertas\\\/#primaryimage\"},\"thumbnailUrl\":\"https:\\\/\\\/www.treatwell.es/in-the-glow\\\/wp-content\\\/uploads\\\/sites\\\/10\\\/2022\\\/03\\\/Puntas-Abiertas-Treat.jpg\",\"datePublished\":\"2018-08-01T07:00:41+00:00\",\"dateModified\":\"2025-12-15T22:53:31+00:00\",\"description\":\"Protege tu pelo del sol, cloro y arena con estos consejos pr\u00e1cticos. Aprende a hidratar, evitar puntas abiertas y lucir melena sana en verano. Descubre c\u00f3mo aqu\u00ed.\",\"breadcrumb\":{\"@id\":\"https:\\\/\\\/www.treatwell.es/in-the-glow\\\/5-trucos-para-prevenir-las-puntas-abiertas\\\/#breadcrumb\"},\"inLanguage\":\"es\",\"potentialAction\":[{\"@type\":\"ReadAction\",\"target\":[\"https:\\\/\\\/www.treatwell.es/in-the-glow\\\/5-trucos-para-prevenir-las-puntas-abiertas\\\/\"]}]},{\"@type\":\"ImageObject\",\"inLanguage\":\"es\",\"@id\":\"https:\\\/\\\/www.treatwell.es/in-the-glow\\\/5-trucos-para-prevenir-las-puntas-abiertas\\\/#primaryimage\",\"url\":\"https:\\\/\\\/www.treatwell.es/in-the-glow\\\/wp-content\\\/uploads\\\/sites\\\/10\\\/2022\\\/03\\\/Puntas-Abiertas-Treat.jpg\",\"contentUrl\":\"https:\\\/\\\/www.treatwell.es/in-the-glow\\\/wp-content\\\/uploads\\\/sites\\\/10\\\/2022\\\/03\\\/Puntas-Abiertas-Treat.jpg\",\"width\":500,\"height\":600},{\"@type\":\"BreadcrumbList\",\"@id\":\"https:\\\/\\\/www.treatwell.es/in-the-glow\\\/5-trucos-para-prevenir-las-puntas-abiertas\\\/#breadcrumb\",\"itemListElement\":[{\"@type\":\"ListItem\",\"position\":1,\"name\":\"Home\",\"item\":\"https:\\\/\\\/www.treatwell.es/in-the-glow\\\/\"},{\"@type\":\"ListItem\",\"position\":2,\"name\":\"Beauty\",\"item\":\"https:\\\/\\\/www.treatwell.es/in-the-glow\\\/beauty\\\/\"},{\"@type\":\"ListItem\",\"position\":3,\"name\":\"5 trucos para prevenir las puntas abiertas\"}]},{\"@type\":\"WebSite\",\"@id\":\"https:\\\/\\\/www.treatwell.es/in-the-glow\\\/#website\",\"url\":\"https:\\\/\\\/www.treatwell.es/in-the-glow\\\/\",\"name\":\"In The Glow\",\"description\":\"Belleza. Pelo. Lifestyle.\",\"publisher\":{\"@id\":\"https:\\\/\\\/www.treatwell.es/in-the-glow\\\/#organization\"},\"potentialAction\":[{\"@type\":\"SearchAction\",\"target\":{\"@type\":\"EntryPoint\",\"urlTemplate\":\"https:\\\/\\\/www.treatwell.es/in-the-glow\\\/?s={search_term_string}\"},\"query-input\":{\"@type\":\"PropertyValueSpecification\",\"valueRequired\":true,\"valueName\":\"search_term_string\"}}],\"inLanguage\":\"es\"},{\"@type\":\"Organization\",\"@id\":\"https:\\\/\\\/www.treatwell.es/in-the-glow\\\/#organization\",\"name\":\"Treatwell\",\"url\":\"https:\\\/\\\/www.treatwell.es/in-the-glow\\\/\",\"logo\":{\"@type\":\"ImageObject\",\"inLanguage\":\"es\",\"@id\":\"https:\\\/\\\/www.treatwell.es/in-the-glow\\\/#\\\/schema\\\/logo\\\/image\\\/\",\"url\":\"https:\\\/\\\/www.treatwell.es/in-the-glow\\\/wp-content\\\/uploads\\\/sites\\\/10\\\/2022\\\/03\\\/logo_treatwell.png\",\"contentUrl\":\"https:\\\/\\\/www.treatwell.es/in-the-glow\\\/wp-content\\\/uploads\\\/sites\\\/10\\\/2022\\\/03\\\/logo_treatwell.png\",\"width\":889,\"height\":164,\"caption\":\"Treatwell\"},\"image\":{\"@id\":\"https:\\\/\\\/www.treatwell.es/in-the-glow\\\/#\\\/schema\\\/logo\\\/image\\\/\"}},{\"@type\":\"Person\",\"@id\":\"\",\"url\":\"https:\\\/\\\/www.treatwell.es/in-the-glow\\\/author\\\/\"}]}<\/script>\n<!-- \/ Yoast SEO plugin. -->","yoast_head_json":{"title":"Cuida tu melena en verano: consejos para puntas sanas | Treatwell","description":"Protege tu pelo del sol, cloro y arena con estos consejos pr\u00e1cticos. Aprende a hidratar, evitar puntas abiertas y lucir melena sana en verano. Descubre c\u00f3mo aqu\u00ed.","robots":{"index":"index","follow":"follow","max-snippet":"max-snippet:-1","max-image-preview":"max-image-preview:large","max-video-preview":"max-video-preview:-1"},"canonical":"https:\/\/www.treatwell.es/in-the-glow\/5-trucos-para-prevenir-las-puntas-abiertas\/","og_locale":"es_ES","og_type":"article","og_title":"Cuida tu melena en verano: consejos para puntas sanas | Treatwell","og_description":"Protege tu pelo del sol, cloro y arena con estos consejos pr\u00e1cticos. Aprende a hidratar, evitar puntas abiertas y lucir melena sana en verano. Descubre c\u00f3mo aqu\u00ed.","og_url":"https:\/\/www.treatwell.es/in-the-glow\/5-trucos-para-prevenir-las-puntas-abiertas\/","og_site_name":"In The Glow","article_published_time":"2018-08-01T07:00:41+00:00","article_modified_time":"2025-12-15T22:53:31+00:00","og_image":[{"width":500,"height":600,"url":"https:\/\/www.treatwell.es/in-the-glow\/wp-content\/uploads\/sites\/10\/2022\/03\/Puntas-Abiertas-Treat.jpg","type":"image\/jpeg"}],"twitter_card":"summary_large_image","twitter_misc":{"Escrito por":"","Tiempo de lectura":"2 minutos"},"schema":{"@context":"https:\/\/schema.org","@graph":[{"@type":"Article","@id":"https:\/\/www.treatwell.es/in-the-glow\/5-trucos-para-prevenir-las-puntas-abiertas\/#article","isPartOf":{"@id":"https:\/\/www.treatwell.es/in-the-glow\/5-trucos-para-prevenir-las-puntas-abiertas\/"},"author":{"name":"","@id":""},"headline":"5 trucos para prevenir las puntas abiertas","datePublished":"2018-08-01T07:00:41+00:00","dateModified":"2025-12-15T22:53:31+00:00","mainEntityOfPage":{"@id":"https:\/\/www.treatwell.es/in-the-glow\/5-trucos-para-prevenir-las-puntas-abiertas\/"},"wordCount":366,"publisher":{"@id":"https:\/\/www.treatwell.es/in-the-glow\/#organization"},"image":{"@id":"https:\/\/www.treatwell.es/in-the-glow\/5-trucos-para-prevenir-las-puntas-abiertas\/#primaryimage"},"thumbnailUrl":"https:\/\/www.treatwell.es/in-the-glow\/wp-content\/uploads\/sites\/10\/2022\/03\/Puntas-Abiertas-Treat.jpg","keywords":["Hair","Hair Colouring and Highlights","Hair Conditioning and Scalp Treatments","Hair Consulting","Haircuts and Hairdressing"],"articleSection":["Beauty"],"inLanguage":"es"},{"@type":"WebPage","@id":"https:\/\/www.treatwell.es/in-the-glow\/5-trucos-para-prevenir-las-puntas-abiertas\/","url":"https:\/\/www.treatwell.es/in-the-glow\/5-trucos-para-prevenir-las-puntas-abiertas\/","name":"Cuida tu melena en verano: consejos para puntas sanas | Treatwell","isPartOf":{"@id":"https:\/\/www.treatwell.es/in-the-glow\/#website"},"primaryImageOfPage":{"@id":"https:\/\/www.treatwell.es/in-the-glow\/5-trucos-para-prevenir-las-puntas-abiertas\/#primaryimage"},"image":{"@id":"https:\/\/www.treatwell.es/in-the-glow\/5-trucos-para-prevenir-las-puntas-abiertas\/#primaryimage"},"thumbnailUrl":"https:\/\/www.treatwell.es/in-the-glow\/wp-content\/uploads\/sites\/10\/2022\/03\/Puntas-Abiertas-Treat.jpg","datePublished":"2018-08-01T07:00:41+00:00","dateModified":"2025-12-15T22:53:31+00:00","description":"Protege tu pelo del sol, cloro y arena con estos consejos pr\u00e1cticos. Aprende a hidratar, evitar puntas abiertas y lucir melena sana en verano. Descubre c\u00f3mo aqu\u00ed.","breadcrumb":{"@id":"https:\/\/www.treatwell.es/in-the-glow\/5-trucos-para-prevenir-las-puntas-abiertas\/#breadcrumb"},"inLanguage":"es","potentialAction":[{"@type":"ReadAction","target":["https:\/\/www.treatwell.es/in-the-glow\/5-trucos-para-prevenir-las-puntas-abiertas\/"]}]},{"@type":"ImageObject","inLanguage":"es","@id":"https:\/\/www.treatwell.es/in-the-glow\/5-trucos-para-prevenir-las-puntas-abiertas\/#primaryimage","url":"https:\/\/www.treatwell.es/in-the-glow\/wp-content\/uploads\/sites\/10\/2022\/03\/Puntas-Abiertas-Treat.jpg","contentUrl":"https:\/\/www.treatwell.es/in-the-glow\/wp-content\/uploads\/sites\/10\/2022\/03\/Puntas-Abiertas-Treat.jpg","width":500,"height":600},{"@type":"BreadcrumbList","@id":"https:\/\/www.treatwell.es/in-the-glow\/5-trucos-para-prevenir-las-puntas-abiertas\/#breadcrumb","itemListElement":[{"@type":"ListItem","position":1,"name":"Home","item":"https:\/\/www.treatwell.es/in-the-glow\/"},{"@type":"ListItem","position":2,"name":"Beauty","item":"https:\/\/www.treatwell.es/in-the-glow\/beauty\/"},{"@type":"ListItem","position":3,"name":"5 trucos para prevenir las puntas abiertas"}]},{"@type":"WebSite","@id":"https:\/\/www.treatwell.es/in-the-glow\/#website","url":"https:\/\/www.treatwell.es/in-the-glow\/","name":"In The Glow","description":"Belleza. Pelo. Lifestyle.","publisher":{"@id":"https:\/\/www.treatwell.es/in-the-glow\/#organization"},"potentialAction":[{"@type":"SearchAction","target":{"@type":"EntryPoint","urlTemplate":"https:\/\/www.treatwell.es/in-the-glow\/?s={search_term_string}"},"query-input":{"@type":"PropertyValueSpecification","valueRequired":true,"valueName":"search_term_string"}}],"inLanguage":"es"},{"@type":"Organization","@id":"https:\/\/www.treatwell.es/in-the-glow\/#organization","name":"Treatwell","url":"https:\/\/www.treatwell.es/in-the-glow\/","logo":{"@type":"ImageObject","inLanguage":"es","@id":"https:\/\/www.treatwell.es/in-the-glow\/#\/schema\/logo\/image\/","url":"https:\/\/www.treatwell.es/in-the-glow\/wp-content\/uploads\/sites\/10\/2022\/03\/logo_treatwell.png","contentUrl":"https:\/\/www.treatwell.es/in-the-glow\/wp-content\/uploads\/sites\/10\/2022\/03\/logo_treatwell.png","width":889,"height":164,"caption":"Treatwell"},"image":{"@id":"https:\/\/www.treatwell.es/in-the-glow\/#\/schema\/logo\/image\/"}},{"@type":"Person","@id":"","url":"https:\/\/www.treatwell.es/in-the-glow\/author\/"}]}},"featured_image_src":"https:\/\/www.treatwell.es/in-the-glow\/wp-content\/uploads\/sites\/10\/2022\/03\/Puntas-Abiertas-Treat-500x400.jpg","featured_image_src_square":"https:\/\/www.treatwell.es/in-the-glow\/wp-content\/uploads\/sites\/10\/2022\/03\/Puntas-Abiertas-Treat.jpg","author_info":{"display_name":"","author_link":"https:\/\/www.treatwell.es/in-the-glow\/author\/"},"_links":{"self":[{"href":"https:\/\/www.treatwell.es\/in-the-glow\/wp-json\/wp\/v2\/posts\/27181","targetHints":{"allow":["GET"]}}],"collection":[{"href":"https:\/\/www.treatwell.es\/in-the-glow\/wp-json\/wp\/v2\/posts"}],"about":[{"href":"https:\/\/www.treatwell.es\/in-the-glow\/wp-json\/wp\/v2\/types\/post"}],"author":[{"embeddable":true,"href":"https:\/\/www.treatwell.es\/in-the-glow\/wp-json\/wp\/v2\/users\/3319"}],"replies":[{"embeddable":true,"href":"https:\/\/www.treatwell.es\/in-the-glow\/wp-json\/wp\/v2\/comments?post=27181"}],"version-history":[{"count":0,"href":"https:\/\/www.treatwell.es\/in-the-glow\/wp-json\/wp\/v2\/posts\/27181\/revisions"}],"wp:featuredmedia":[{"embeddable":true,"href":"https:\/\/www.treatwell.es\/in-the-glow\/wp-json\/wp\/v2\/media\/27188"}],"wp:attachment":[{"href":"https:\/\/www.treatwell.es\/in-the-glow\/wp-json\/wp\/v2\/media?parent=27181"}],"wp:term":[{"taxonomy":"category","embeddable":true,"href":"https:\/\/www.treatwell.es\/in-the-glow\/wp-json\/wp\/v2\/categories?post=27181"},{"taxonomy":"post_tag","embeddable":true,"href":"https:\/\/www.treatwell.es\/in-the-glow\/wp-json\/wp\/v2\/tags?post=27181"}],"curies":[{"name":"wp","href":"https:\/\/api.w.org\/{rel}","templated":true}]}}