{"id":27479,"date":"2018-08-17T17:55:08","date_gmt":"2018-08-17T15:55:08","guid":{"rendered":"https:\/\/www.treatwell.es\/in-the-glow\/?p=17277"},"modified":"2025-12-15T23:53:36","modified_gmt":"2025-12-15T22:53:36","slug":"la-luz-del-movil-te-dana-la-piel","status":"publish","type":"post","link":"https:\/\/www.treatwell.es/in-the-glow\/la-luz-del-movil-te-dana-la-piel\/","title":{"rendered":"\u00bfSab\u00edas que la luz del m\u00f3vil da\u00f1a tu piel?"},"content":{"rendered":"<p>Mandar un mensaje, leer las noticias, mirar las redes sociales, sacar fotos, incluso para ver nuestra serie favorita. La verdad es que actualmente se\u00a0podr\u00eda decir que utilizamos el m\u00f3vil para todo. Y s\u00ed, no nos vamos a enga\u00f1ar, se agradece poder hacer de todo con un solo dispositivo. Pero, y he aqu\u00ed la mala noticia, pasar tanto tiempo delante del m\u00f3vil puede tener sus consecuencias.<\/p>\n<p>Y no, no solo estamos hablando de lo que sufre la vista (que tambi\u00e9n). Si no de c\u00f3mo la luz del m\u00f3vil puede da\u00f1ar nuestra piel. Pero oye, \u00a1que no cunda el p\u00e1nico! Porque tenemos la soluci\u00f3n.<\/p>\n<div class=\"schema-faq wp-block-yoast-faq-block\">\n<div class=\"schema-faq-section\" id=\"faq-question-1765838552331\">\n<h3 class=\"schema-faq-question\">\u00bfQu\u00e9 es la luz azul artificial y de d\u00f3nde proviene?<\/h3>\n<p class=\"schema-faq-answer\">La luz azul artificial es la que emiten dispositivos como m\u00f3viles, ordenadores y tabletas. Tambi\u00e9n existe luz azul natural, que proviene del sol; sin embargo, la artificial puede tener efectos similares sobre la piel que la exposici\u00f3n sin protecci\u00f3n al sol.<\/div>\n<div class=\"schema-faq-section\" id=\"faq-question-1765838552332\">\n<h3 class=\"schema-faq-question\">\u00bfC\u00f3mo puede afectar la luz azul artificial a tu piel?<\/h3>\n<p class=\"schema-faq-answer\">La exposici\u00f3n prolongada a la luz azul artificial puede hacer que la piel envejezca antes, pierda firmeza y elasticidad y presente manchas. Estos efectos son comparables a los da\u00f1os causados por tomar el sol sin protecci\u00f3n durante varias horas.<\/div>\n<div class=\"schema-faq-section\" id=\"faq-question-1765838552333\">\n<h3 class=\"schema-faq-question\">\u00bfQu\u00e9 medidas puedes tomar para protegerte de la luz azul artificial?<\/h3>\n<p class=\"schema-faq-answer\">Reduce el tiempo de exposici\u00f3n a m\u00f3viles, ordenadores y tabletas. Aplica protecci\u00f3n solar todos los d\u00edas aunque no salgas de casa e incorpora m\u00e1s vitamina C en tu dieta para minimizar el envejecimiento prematuro de la piel.<\/div>\n<div class=\"schema-faq-section\" id=\"faq-question-1765838552334\">\n<h3 class=\"schema-faq-question\">\u00bfPor qu\u00e9 es importante aplicar crema solar aunque est\u00e9s en interiores?<\/h3>\n<p class=\"schema-faq-answer\">Aplica crema solar diariamente para proteger tu piel no solo de la luz solar, sino tambi\u00e9n de la luz azul de dispositivos electr\u00f3nicos. Esta rutina ayuda a evitar el envejecimiento prematuro y la aparici\u00f3n de manchas incluso estando en interiores.<\/div>\n<div class=\"schema-faq-section\" id=\"faq-question-1765838552335\">\n<h3 class=\"schema-faq-question\">\u00bfQu\u00e9 alimentos son recomendables para proteger la piel de la luz azul?<\/h3>\n<p class=\"schema-faq-answer\">Incluye m\u00e1s vitamina C en tu dieta para ayudar a reducir los efectos del envejecimiento prematuro causados por la luz azul artificial. La vitamina C aporta beneficios antioxidantes que refuerzan la salud de la piel ante esta exposici\u00f3n.<\/div>\n<\/p><\/div>\n","protected":false},"excerpt":{"rendered":"<p>Mandar un mensaje, leer las noticias, mirar las redes sociales, sacar fotos, incluso para ver nuestra serie favorita. La verdad es que actualmente se\u00a0podr\u00eda decir que utilizamos el m\u00f3vil para todo. Y s\u00ed, no nos vamos a enga\u00f1ar, se agradece poder hacer de todo con un solo dispositivo. Pero, y he aqu\u00ed la mala noticia, [&hellip;]<\/p>\n","protected":false},"author":3319,"featured_media":27484,"comment_status":"closed","ping_status":"closed","sticky":false,"template":"","format":"standard","meta":{"_acf_changed":false,"_yoast_wpseo_title":"Luz azul m\u00f3vil: da\u00f1os en la piel y c\u00f3mo protegerla | Treatwell","_yoast_wpseo_metadesc":"La luz azul del m\u00f3vil puede da\u00f1ar tu piel: envejecimiento, manchas y p\u00e9rdida de elasticidad. Descubre c\u00f3mo protegerte con h\u00e1bitos, cremas y vitamina C diaria.","_genesis_hide_title":false,"_genesis_hide_breadcrumbs":false,"_genesis_hide_singular_image":false,"_genesis_hide_footer_widgets":false,"_genesis_custom_body_class":"","_genesis_custom_post_class":"","_genesis_layout":"","saswp_custom_schema_field":"{\"@context\":\"https:\/\/schema.org\",\"@type\":\"FAQPage\",\"mainEntity\":[{\"@type\":\"Question\",\"name\":\"\u00bfQu\u00e9 es la luz azul artificial y de d\u00f3nde proviene?\",\"acceptedAnswer\":{\"@type\":\"Answer\",\"text\":\"La luz azul artificial es la que emiten dispositivos como m\u00f3viles, ordenadores y tabletas. Tambi\u00e9n existe luz azul natural, que proviene del sol; sin embargo, la artificial puede tener efectos similares sobre la piel que la exposici\u00f3n sin protecci\u00f3n al sol.\"}},{\"@type\":\"Question\",\"name\":\"\u00bfC\u00f3mo puede afectar la luz azul artificial a tu piel?\",\"acceptedAnswer\":{\"@type\":\"Answer\",\"text\":\"La exposici\u00f3n prolongada a la luz azul artificial puede hacer que la piel envejezca antes, pierda firmeza y elasticidad y presente manchas. Estos efectos son comparables a los da\u00f1os causados por tomar el sol sin protecci\u00f3n durante varias horas.\"}},{\"@type\":\"Question\",\"name\":\"\u00bfQu\u00e9 medidas puedes tomar para protegerte de la luz azul artificial?\",\"acceptedAnswer\":{\"@type\":\"Answer\",\"text\":\"Reduce el tiempo de exposici\u00f3n a m\u00f3viles, ordenadores y tabletas. Aplica protecci\u00f3n solar todos los d\u00edas aunque no salgas de casa e incorpora m\u00e1s vitamina C en tu dieta para minimizar el envejecimiento prematuro de la piel.\"}},{\"@type\":\"Question\",\"name\":\"\u00bfPor qu\u00e9 es importante aplicar crema solar aunque est\u00e9s en interiores?\",\"acceptedAnswer\":{\"@type\":\"Answer\",\"text\":\"Aplica crema solar diariamente para proteger tu piel no solo de la luz solar, sino tambi\u00e9n de la luz azul de dispositivos electr\u00f3nicos. Esta rutina ayuda a evitar el envejecimiento prematuro y la aparici\u00f3n de manchas incluso estando en interiores.\"}},{\"@type\":\"Question\",\"name\":\"\u00bfQu\u00e9 alimentos son recomendables para proteger la piel de la luz azul?\",\"acceptedAnswer\":{\"@type\":\"Answer\",\"text\":\"Incluye m\u00e1s vitamina C en tu dieta para ayudar a reducir los efectos del envejecimiento prematuro causados por la luz azul artificial. La vitamina C aporta beneficios antioxidantes que refuerzan la salud de la piel ante esta exposici\u00f3n.\"}}]}","footnotes":""},"categories":[4],"tags":[105,29,30,115,141,142],"class_list":{"0":"post-27479","1":"post","2":"type-post","3":"status-publish","4":"format-standard","5":"has-post-thumbnail","7":"category-beauty","8":"tag-tr709","9":"tag-tr48","10":"tag-tr706","11":"tag-tr707","12":"tag-vt50","13":"tag-tr142","14":"entry"},"acf":{"post_credits":"Cr\u00e9ditos de im\u00e1genes: Shutterstock, Instagram de @fhlurs, @kusano_haruka.","beauty_blog_post_button_title":"","beauty_blog_post_button":"","landscape_picture":27483,"blocks":[{"block_title":"\u00bfQu\u00e9 es la luz azul artificial?","block_content":"<p>Para que te hagas una idea, la luz azul, tambi&eacute;n conocida como&nbsp;HEV (luz visible de alta energ&iacute;a), es la luz que proviene del sol. Y la luz azul artificial es la que proviene de los m&oacute;viles, ordenadores y tabletas. Recientemente se ha descubierto que esta &uacute;ltima podr&iacute;a tener los mismos efectos que cuando te pones al sol sin protecci&oacute;n. Y es que la luz del m&oacute;vil no solo puede da&ntilde;ar tu vista sino que tambi&eacute;n puede afectar a tu piel.<\/p>\n","video_content":"","block_picture":27480},{"block_title":"Pero... \u00bfqu\u00e9 es lo que hace?","block_content":"<p>Estar mucho tiempo delante del m&oacute;vil al final puede provocar que tu piel envejezca antes de lo normal, que pierda su firmeza y elasticidad y que le salgan tambi&eacute;n manchas. Es decir, lo mismo que si te pusieras a tomar el sol sin protecci&oacute;n durante varias horas. Como hemos dicho, al final la radiaci&oacute;n de la luz azul y la artificial&nbsp;tiene los mismos efectos.<\/p>\n","video_content":"","block_picture":27481},{"block_title":"Y, \u00bfqu\u00e9 hago para evitarlo?","block_content":"<p>Desde que&nbsp;se&nbsp;han descubierto los efectos de esta luz, un mont&oacute;n de marcas cosm&eacute;ticas est&aacute;n trabajando para sacar los productos necesarios para proteger nuestra piel. Pero, hasta el momento, lo que puedes hacer es, lo primero de todo, reducir el tiempo que te expones a estos dispositivos (ya sea el m&oacute;vil, ordenador o tableta), echarte crema solar todos los d&iacute;as, aunque no salgas de casa, e incluir en tu dieta m&aacute;s vitamina C, que te ayudar&aacute; a reducir el envejecimiento prematuro de la piel.<\/p>\n","video_content":"","block_picture":27482}]},"yoast_head":"<!-- This site is optimized with the Yoast SEO plugin v27.5 - https:\/\/yoast.com\/product\/yoast-seo-wordpress\/ -->\n<title>Luz azul m\u00f3vil: da\u00f1os en la piel y c\u00f3mo protegerla | Treatwell<\/title>\n<meta name=\"description\" content=\"La luz azul del m\u00f3vil puede da\u00f1ar tu piel: envejecimiento, manchas y p\u00e9rdida de elasticidad. Descubre c\u00f3mo protegerte con h\u00e1bitos, cremas y vitamina C diaria.\" \/>\n<meta name=\"robots\" content=\"index, follow, max-snippet:-1, max-image-preview:large, max-video-preview:-1\" \/>\n<link rel=\"canonical\" href=\"https:\/\/www.treatwell.es/in-the-glow\/la-luz-del-movil-te-dana-la-piel\/\" \/>\n<meta property=\"og:locale\" content=\"es_ES\" \/>\n<meta property=\"og:type\" content=\"article\" \/>\n<meta property=\"og:title\" content=\"Luz azul m\u00f3vil: da\u00f1os en la piel y c\u00f3mo protegerla | Treatwell\" \/>\n<meta property=\"og:description\" content=\"La luz azul del m\u00f3vil puede da\u00f1ar tu piel: envejecimiento, manchas y p\u00e9rdida de elasticidad. Descubre c\u00f3mo protegerte con h\u00e1bitos, cremas y vitamina C diaria.\" \/>\n<meta property=\"og:url\" content=\"https:\/\/www.treatwell.es/in-the-glow\/la-luz-del-movil-te-dana-la-piel\/\" \/>\n<meta property=\"og:site_name\" content=\"In The Glow\" \/>\n<meta property=\"article:published_time\" content=\"2018-08-17T15:55:08+00:00\" \/>\n<meta property=\"article:modified_time\" content=\"2025-12-15T22:53:36+00:00\" \/>\n<meta property=\"og:image\" content=\"https:\/\/www.treatwell.es/in-the-glow\/wp-content\/uploads\/sites\/10\/2022\/03\/Luz-del-Movil-Treat.jpg\" \/>\n\t<meta property=\"og:image:width\" content=\"500\" \/>\n\t<meta property=\"og:image:height\" content=\"600\" \/>\n\t<meta property=\"og:image:type\" content=\"image\/jpeg\" \/>\n<meta name=\"twitter:card\" content=\"summary_large_image\" \/>\n<meta name=\"twitter:label1\" content=\"Escrito por\" \/>\n\t<meta name=\"twitter:data1\" content=\"\" \/>\n\t<meta name=\"twitter:label2\" content=\"Tiempo de lectura\" \/>\n\t<meta name=\"twitter:data2\" content=\"2 minutos\" \/>\n<script type=\"application\/ld+json\" class=\"yoast-schema-graph\">{\"@context\":\"https:\\\/\\\/schema.org\",\"@graph\":[{\"@type\":\"Article\",\"@id\":\"https:\\\/\\\/www.treatwell.es/in-the-glow\\\/la-luz-del-movil-te-dana-la-piel\\\/#article\",\"isPartOf\":{\"@id\":\"https:\\\/\\\/www.treatwell.es/in-the-glow\\\/la-luz-del-movil-te-dana-la-piel\\\/\"},\"author\":{\"name\":\"\",\"@id\":\"\"},\"headline\":\"\u00bfSab\u00edas que la luz del m\u00f3vil da\u00f1a tu piel?\",\"datePublished\":\"2018-08-17T15:55:08+00:00\",\"dateModified\":\"2025-12-15T22:53:36+00:00\",\"mainEntityOfPage\":{\"@id\":\"https:\\\/\\\/www.treatwell.es/in-the-glow\\\/la-luz-del-movil-te-dana-la-piel\\\/\"},\"wordCount\":394,\"publisher\":{\"@id\":\"https:\\\/\\\/www.treatwell.es/in-the-glow\\\/#organization\"},\"image\":{\"@id\":\"https:\\\/\\\/www.treatwell.es/in-the-glow\\\/la-luz-del-movil-te-dana-la-piel\\\/#primaryimage\"},\"thumbnailUrl\":\"https:\\\/\\\/www.treatwell.es/in-the-glow\\\/wp-content\\\/uploads\\\/sites\\\/10\\\/2022\\\/03\\\/Luz-del-Movil-Treat.jpg\",\"keywords\":[\"Eyebrow and Eyelash Tinting\",\"Eyebrow and Eyelash Treatments\",\"Eyelash Extensions\",\"Eyelash Perming\",\"Skin Clinic\",\"Skin Lightening\"],\"articleSection\":[\"Beauty\"],\"inLanguage\":\"es\"},{\"@type\":\"WebPage\",\"@id\":\"https:\\\/\\\/www.treatwell.es/in-the-glow\\\/la-luz-del-movil-te-dana-la-piel\\\/\",\"url\":\"https:\\\/\\\/www.treatwell.es/in-the-glow\\\/la-luz-del-movil-te-dana-la-piel\\\/\",\"name\":\"Luz azul m\u00f3vil: da\u00f1os en la piel y c\u00f3mo protegerla | Treatwell\",\"isPartOf\":{\"@id\":\"https:\\\/\\\/www.treatwell.es/in-the-glow\\\/#website\"},\"primaryImageOfPage\":{\"@id\":\"https:\\\/\\\/www.treatwell.es/in-the-glow\\\/la-luz-del-movil-te-dana-la-piel\\\/#primaryimage\"},\"image\":{\"@id\":\"https:\\\/\\\/www.treatwell.es/in-the-glow\\\/la-luz-del-movil-te-dana-la-piel\\\/#primaryimage\"},\"thumbnailUrl\":\"https:\\\/\\\/www.treatwell.es/in-the-glow\\\/wp-content\\\/uploads\\\/sites\\\/10\\\/2022\\\/03\\\/Luz-del-Movil-Treat.jpg\",\"datePublished\":\"2018-08-17T15:55:08+00:00\",\"dateModified\":\"2025-12-15T22:53:36+00:00\",\"description\":\"La luz azul del m\u00f3vil puede da\u00f1ar tu piel: envejecimiento, manchas y p\u00e9rdida de elasticidad. Descubre c\u00f3mo protegerte con h\u00e1bitos, cremas y vitamina C diaria.\",\"breadcrumb\":{\"@id\":\"https:\\\/\\\/www.treatwell.es/in-the-glow\\\/la-luz-del-movil-te-dana-la-piel\\\/#breadcrumb\"},\"inLanguage\":\"es\",\"potentialAction\":[{\"@type\":\"ReadAction\",\"target\":[\"https:\\\/\\\/www.treatwell.es/in-the-glow\\\/la-luz-del-movil-te-dana-la-piel\\\/\"]}]},{\"@type\":\"ImageObject\",\"inLanguage\":\"es\",\"@id\":\"https:\\\/\\\/www.treatwell.es/in-the-glow\\\/la-luz-del-movil-te-dana-la-piel\\\/#primaryimage\",\"url\":\"https:\\\/\\\/www.treatwell.es/in-the-glow\\\/wp-content\\\/uploads\\\/sites\\\/10\\\/2022\\\/03\\\/Luz-del-Movil-Treat.jpg\",\"contentUrl\":\"https:\\\/\\\/www.treatwell.es/in-the-glow\\\/wp-content\\\/uploads\\\/sites\\\/10\\\/2022\\\/03\\\/Luz-del-Movil-Treat.jpg\",\"width\":500,\"height\":600},{\"@type\":\"BreadcrumbList\",\"@id\":\"https:\\\/\\\/www.treatwell.es/in-the-glow\\\/la-luz-del-movil-te-dana-la-piel\\\/#breadcrumb\",\"itemListElement\":[{\"@type\":\"ListItem\",\"position\":1,\"name\":\"Home\",\"item\":\"https:\\\/\\\/www.treatwell.es/in-the-glow\\\/\"},{\"@type\":\"ListItem\",\"position\":2,\"name\":\"Beauty\",\"item\":\"https:\\\/\\\/www.treatwell.es/in-the-glow\\\/beauty\\\/\"},{\"@type\":\"ListItem\",\"position\":3,\"name\":\"\u00bfSab\u00edas que la luz del m\u00f3vil da\u00f1a tu piel?\"}]},{\"@type\":\"WebSite\",\"@id\":\"https:\\\/\\\/www.treatwell.es/in-the-glow\\\/#website\",\"url\":\"https:\\\/\\\/www.treatwell.es/in-the-glow\\\/\",\"name\":\"In The Glow\",\"description\":\"Belleza. Pelo. Lifestyle.\",\"publisher\":{\"@id\":\"https:\\\/\\\/www.treatwell.es/in-the-glow\\\/#organization\"},\"potentialAction\":[{\"@type\":\"SearchAction\",\"target\":{\"@type\":\"EntryPoint\",\"urlTemplate\":\"https:\\\/\\\/www.treatwell.es/in-the-glow\\\/?s={search_term_string}\"},\"query-input\":{\"@type\":\"PropertyValueSpecification\",\"valueRequired\":true,\"valueName\":\"search_term_string\"}}],\"inLanguage\":\"es\"},{\"@type\":\"Organization\",\"@id\":\"https:\\\/\\\/www.treatwell.es/in-the-glow\\\/#organization\",\"name\":\"Treatwell\",\"url\":\"https:\\\/\\\/www.treatwell.es/in-the-glow\\\/\",\"logo\":{\"@type\":\"ImageObject\",\"inLanguage\":\"es\",\"@id\":\"https:\\\/\\\/www.treatwell.es/in-the-glow\\\/#\\\/schema\\\/logo\\\/image\\\/\",\"url\":\"https:\\\/\\\/www.treatwell.es/in-the-glow\\\/wp-content\\\/uploads\\\/sites\\\/10\\\/2022\\\/03\\\/logo_treatwell.png\",\"contentUrl\":\"https:\\\/\\\/www.treatwell.es/in-the-glow\\\/wp-content\\\/uploads\\\/sites\\\/10\\\/2022\\\/03\\\/logo_treatwell.png\",\"width\":889,\"height\":164,\"caption\":\"Treatwell\"},\"image\":{\"@id\":\"https:\\\/\\\/www.treatwell.es/in-the-glow\\\/#\\\/schema\\\/logo\\\/image\\\/\"}},{\"@type\":\"Person\",\"@id\":\"\",\"url\":\"https:\\\/\\\/www.treatwell.es/in-the-glow\\\/author\\\/\"}]}<\/script>\n<!-- \/ Yoast SEO plugin. -->","yoast_head_json":{"title":"Luz azul m\u00f3vil: da\u00f1os en la piel y c\u00f3mo protegerla | Treatwell","description":"La luz azul del m\u00f3vil puede da\u00f1ar tu piel: envejecimiento, manchas y p\u00e9rdida de elasticidad. Descubre c\u00f3mo protegerte con h\u00e1bitos, cremas y vitamina C diaria.","robots":{"index":"index","follow":"follow","max-snippet":"max-snippet:-1","max-image-preview":"max-image-preview:large","max-video-preview":"max-video-preview:-1"},"canonical":"https:\/\/www.treatwell.es/in-the-glow\/la-luz-del-movil-te-dana-la-piel\/","og_locale":"es_ES","og_type":"article","og_title":"Luz azul m\u00f3vil: da\u00f1os en la piel y c\u00f3mo protegerla | Treatwell","og_description":"La luz azul del m\u00f3vil puede da\u00f1ar tu piel: envejecimiento, manchas y p\u00e9rdida de elasticidad. Descubre c\u00f3mo protegerte con h\u00e1bitos, cremas y vitamina C diaria.","og_url":"https:\/\/www.treatwell.es/in-the-glow\/la-luz-del-movil-te-dana-la-piel\/","og_site_name":"In The Glow","article_published_time":"2018-08-17T15:55:08+00:00","article_modified_time":"2025-12-15T22:53:36+00:00","og_image":[{"width":500,"height":600,"url":"https:\/\/www.treatwell.es/in-the-glow\/wp-content\/uploads\/sites\/10\/2022\/03\/Luz-del-Movil-Treat.jpg","type":"image\/jpeg"}],"twitter_card":"summary_large_image","twitter_misc":{"Escrito por":"","Tiempo de lectura":"2 minutos"},"schema":{"@context":"https:\/\/schema.org","@graph":[{"@type":"Article","@id":"https:\/\/www.treatwell.es/in-the-glow\/la-luz-del-movil-te-dana-la-piel\/#article","isPartOf":{"@id":"https:\/\/www.treatwell.es/in-the-glow\/la-luz-del-movil-te-dana-la-piel\/"},"author":{"name":"","@id":""},"headline":"\u00bfSab\u00edas que la luz del m\u00f3vil da\u00f1a tu piel?","datePublished":"2018-08-17T15:55:08+00:00","dateModified":"2025-12-15T22:53:36+00:00","mainEntityOfPage":{"@id":"https:\/\/www.treatwell.es/in-the-glow\/la-luz-del-movil-te-dana-la-piel\/"},"wordCount":394,"publisher":{"@id":"https:\/\/www.treatwell.es/in-the-glow\/#organization"},"image":{"@id":"https:\/\/www.treatwell.es/in-the-glow\/la-luz-del-movil-te-dana-la-piel\/#primaryimage"},"thumbnailUrl":"https:\/\/www.treatwell.es/in-the-glow\/wp-content\/uploads\/sites\/10\/2022\/03\/Luz-del-Movil-Treat.jpg","keywords":["Eyebrow and Eyelash Tinting","Eyebrow and Eyelash Treatments","Eyelash Extensions","Eyelash Perming","Skin Clinic","Skin Lightening"],"articleSection":["Beauty"],"inLanguage":"es"},{"@type":"WebPage","@id":"https:\/\/www.treatwell.es/in-the-glow\/la-luz-del-movil-te-dana-la-piel\/","url":"https:\/\/www.treatwell.es/in-the-glow\/la-luz-del-movil-te-dana-la-piel\/","name":"Luz azul m\u00f3vil: da\u00f1os en la piel y c\u00f3mo protegerla | Treatwell","isPartOf":{"@id":"https:\/\/www.treatwell.es/in-the-glow\/#website"},"primaryImageOfPage":{"@id":"https:\/\/www.treatwell.es/in-the-glow\/la-luz-del-movil-te-dana-la-piel\/#primaryimage"},"image":{"@id":"https:\/\/www.treatwell.es/in-the-glow\/la-luz-del-movil-te-dana-la-piel\/#primaryimage"},"thumbnailUrl":"https:\/\/www.treatwell.es/in-the-glow\/wp-content\/uploads\/sites\/10\/2022\/03\/Luz-del-Movil-Treat.jpg","datePublished":"2018-08-17T15:55:08+00:00","dateModified":"2025-12-15T22:53:36+00:00","description":"La luz azul del m\u00f3vil puede da\u00f1ar tu piel: envejecimiento, manchas y p\u00e9rdida de elasticidad. Descubre c\u00f3mo protegerte con h\u00e1bitos, cremas y vitamina C diaria.","breadcrumb":{"@id":"https:\/\/www.treatwell.es/in-the-glow\/la-luz-del-movil-te-dana-la-piel\/#breadcrumb"},"inLanguage":"es","potentialAction":[{"@type":"ReadAction","target":["https:\/\/www.treatwell.es/in-the-glow\/la-luz-del-movil-te-dana-la-piel\/"]}]},{"@type":"ImageObject","inLanguage":"es","@id":"https:\/\/www.treatwell.es/in-the-glow\/la-luz-del-movil-te-dana-la-piel\/#primaryimage","url":"https:\/\/www.treatwell.es/in-the-glow\/wp-content\/uploads\/sites\/10\/2022\/03\/Luz-del-Movil-Treat.jpg","contentUrl":"https:\/\/www.treatwell.es/in-the-glow\/wp-content\/uploads\/sites\/10\/2022\/03\/Luz-del-Movil-Treat.jpg","width":500,"height":600},{"@type":"BreadcrumbList","@id":"https:\/\/www.treatwell.es/in-the-glow\/la-luz-del-movil-te-dana-la-piel\/#breadcrumb","itemListElement":[{"@type":"ListItem","position":1,"name":"Home","item":"https:\/\/www.treatwell.es/in-the-glow\/"},{"@type":"ListItem","position":2,"name":"Beauty","item":"https:\/\/www.treatwell.es/in-the-glow\/beauty\/"},{"@type":"ListItem","position":3,"name":"\u00bfSab\u00edas que la luz del m\u00f3vil da\u00f1a tu piel?"}]},{"@type":"WebSite","@id":"https:\/\/www.treatwell.es/in-the-glow\/#website","url":"https:\/\/www.treatwell.es/in-the-glow\/","name":"In The Glow","description":"Belleza. Pelo. Lifestyle.","publisher":{"@id":"https:\/\/www.treatwell.es/in-the-glow\/#organization"},"potentialAction":[{"@type":"SearchAction","target":{"@type":"EntryPoint","urlTemplate":"https:\/\/www.treatwell.es/in-the-glow\/?s={search_term_string}"},"query-input":{"@type":"PropertyValueSpecification","valueRequired":true,"valueName":"search_term_string"}}],"inLanguage":"es"},{"@type":"Organization","@id":"https:\/\/www.treatwell.es/in-the-glow\/#organization","name":"Treatwell","url":"https:\/\/www.treatwell.es/in-the-glow\/","logo":{"@type":"ImageObject","inLanguage":"es","@id":"https:\/\/www.treatwell.es/in-the-glow\/#\/schema\/logo\/image\/","url":"https:\/\/www.treatwell.es/in-the-glow\/wp-content\/uploads\/sites\/10\/2022\/03\/logo_treatwell.png","contentUrl":"https:\/\/www.treatwell.es/in-the-glow\/wp-content\/uploads\/sites\/10\/2022\/03\/logo_treatwell.png","width":889,"height":164,"caption":"Treatwell"},"image":{"@id":"https:\/\/www.treatwell.es/in-the-glow\/#\/schema\/logo\/image\/"}},{"@type":"Person","@id":"","url":"https:\/\/www.treatwell.es/in-the-glow\/author\/"}]}},"featured_image_src":"https:\/\/www.treatwell.es/in-the-glow\/wp-content\/uploads\/sites\/10\/2022\/03\/Luz-del-Movil-Treat-500x400.jpg","featured_image_src_square":"https:\/\/www.treatwell.es/in-the-glow\/wp-content\/uploads\/sites\/10\/2022\/03\/Luz-del-Movil-Treat.jpg","author_info":{"display_name":"","author_link":"https:\/\/www.treatwell.es/in-the-glow\/author\/"},"_links":{"self":[{"href":"https:\/\/www.treatwell.es\/in-the-glow\/wp-json\/wp\/v2\/posts\/27479","targetHints":{"allow":["GET"]}}],"collection":[{"href":"https:\/\/www.treatwell.es\/in-the-glow\/wp-json\/wp\/v2\/posts"}],"about":[{"href":"https:\/\/www.treatwell.es\/in-the-glow\/wp-json\/wp\/v2\/types\/post"}],"author":[{"embeddable":true,"href":"https:\/\/www.treatwell.es\/in-the-glow\/wp-json\/wp\/v2\/users\/3319"}],"replies":[{"embeddable":true,"href":"https:\/\/www.treatwell.es\/in-the-glow\/wp-json\/wp\/v2\/comments?post=27479"}],"version-history":[{"count":0,"href":"https:\/\/www.treatwell.es\/in-the-glow\/wp-json\/wp\/v2\/posts\/27479\/revisions"}],"wp:featuredmedia":[{"embeddable":true,"href":"https:\/\/www.treatwell.es\/in-the-glow\/wp-json\/wp\/v2\/media\/27484"}],"wp:attachment":[{"href":"https:\/\/www.treatwell.es\/in-the-glow\/wp-json\/wp\/v2\/media?parent=27479"}],"wp:term":[{"taxonomy":"category","embeddable":true,"href":"https:\/\/www.treatwell.es\/in-the-glow\/wp-json\/wp\/v2\/categories?post=27479"},{"taxonomy":"post_tag","embeddable":true,"href":"https:\/\/www.treatwell.es\/in-the-glow\/wp-json\/wp\/v2\/tags?post=27479"}],"curies":[{"name":"wp","href":"https:\/\/api.w.org\/{rel}","templated":true}]}}