{"id":27514,"date":"2018-08-22T09:00:22","date_gmt":"2018-08-22T07:00:22","guid":{"rendered":"https:\/\/www.treatwell.es\/in-the-glow\/?p=17446"},"modified":"2025-12-15T23:53:37","modified_gmt":"2025-12-15T22:53:37","slug":"por-que-cae-el-pelo-como-evitarlo","status":"publish","type":"post","link":"https:\/\/www.treatwell.es/in-the-glow\/por-que-cae-el-pelo-como-evitarlo\/","title":{"rendered":"Por qu\u00e9 se te cae el pelo y c\u00f3mo evitarlo"},"content":{"rendered":"<p>Pelos en el cepillo, en la almohada, en la ducha&#8230; \u00bfA qui\u00e9n no le ha pasado alguna vez? Normal. Que se te caiga el pelo es de lo m\u00e1s humano. De hecho, est\u00e1 demostrado que cada d\u00eda nos caen unos \u00a1120 pelos al d\u00eda! Flipa.<\/p>\n<p>A\u00fan as\u00ed, puede haber situaciones que hagan que esto se acent\u00fae a\u00fan m\u00e1s. Y s\u00ed, aqu\u00ed estamos para contarte cu\u00e1les son. \u00a1Y a lucir melenaza!<\/p>\n<div class=\"schema-faq wp-block-yoast-faq-block\"><\/div>\n","protected":false},"excerpt":{"rendered":"<p>Pelos en el cepillo, en la almohada, en la ducha&#8230; \u00bfA qui\u00e9n no le ha pasado alguna vez? Normal. Que se te caiga el pelo es de lo m\u00e1s humano. De hecho, est\u00e1 demostrado que cada d\u00eda nos caen unos \u00a1120 pelos al d\u00eda! Flipa. A\u00fan as\u00ed, puede haber situaciones que hagan que esto se [&hellip;]<\/p>\n","protected":false},"author":3319,"featured_media":27522,"comment_status":"closed","ping_status":"closed","sticky":false,"template":"","format":"standard","meta":{"_acf_changed":false,"_yoast_wpseo_title":"Ca\u00edda del pelo: causas, consejos y soluciones | Treatwell","_yoast_wpseo_metadesc":"\u00bfNotas ca\u00edda del pelo? Descubre causas principales, impacto del calor, tintes, cambios hormonales y gen\u00e9tica. Consejos para cuidar, evitar da\u00f1os y lucir un pelo sano.","_genesis_hide_title":false,"_genesis_hide_breadcrumbs":false,"_genesis_hide_singular_image":false,"_genesis_hide_footer_widgets":false,"_genesis_custom_body_class":"","_genesis_custom_post_class":"","_genesis_layout":"","saswp_custom_schema_field":"","footnotes":""},"categories":[4],"tags":[27,48,78,49,10],"class_list":{"0":"post-27514","1":"post","2":"type-post","3":"status-publish","4":"format-standard","5":"has-post-thumbnail","7":"category-beauty","8":"tag-tt6","9":"tag-tr273","10":"tag-tr485","11":"tag-tr484","12":"tag-tr166","13":"entry"},"acf":{"post_credits":"Cr\u00e9ditos de im\u00e1genes: Shutterstock, Instagram de @barbienox, @fearnecotton, @hair.by.demetria, @procarehairfoil, @stevieford_, @zoeisabellakravitz.","beauty_blog_post_button_title":"","beauty_blog_post_button":"","landscape_picture":27521,"blocks":[{"block_title":"El calor, ese gran enemigo","block_content":"<p>Admit&aacute;moslo ya. Nos encanta el verano pero el calor es el enemigo n&uacute;mero 1 de nuesto pelo. Y no solo el sol, los secadores y planchas tampoco es que ayuden. Y es que el calor hace que nuestra melena se debilite, se seque y se rompa el pelo (lo que provoca que se te acabe cayendo m&aacute;s de lo normal). &iquest;C&oacute;mo evitarlo? Baja la temperatura del secador y protege tu pelo con productos especiales. Ya ver&aacute;s como as&iacute; tu pelo se estropea menos. Palabrita.<\/p>\n","video_content":"","block_picture":27515},{"block_title":"Un descanso entre tinte y tinte","block_content":"<p>El tinte tambi&eacute;n puede secar el pelo y hacer que se rompa m&aacute;s. Y es que los productos qu&iacute;micos que se utilizan al te&ntilde;ir acaban resecando nuestra melena. Por eso, lo ideal es darse un respiro de, al menos, un mes entre tinte y tinte. Y de vez en cuando, hacerse un <a href=\"https:\/\/www.treatwell.es\/establecimientos\/tratamiento-tratamientos-capilares\/oferta-tipo-local\/en-es\/\">tratamiento de hidrataci&oacute;n<\/a> para devolverle a nuestro pelo el brillo y la suavidad que necesitan.<\/p>\n","video_content":"","block_picture":27516},{"block_title":"Cuidado con el cepillado","block_content":"<p>Nada de prisas. Cepillar el pelo &#039;a lo loco&#039; con tirones solo provocar&aacute; que al final se da&ntilde;e y rompa a&uacute;n m&aacute;s. Por eso es importante hacerlo con cuidado, desde las puntas hacia la ra&iacute;z, y esperar a que se seque un poco despu&eacute;s de salir de la ducha. Lo ideal es cepillarte dos veces al d&iacute;a: por la ma&ntilde;ana y antes de irte a dormir.<\/p>\n","video_content":"","block_picture":27517},{"block_title":"Puede ser el tiempo","block_content":"<p>El tiempo tambi&eacute;n&nbsp;puede influir en la ca&iacute;da del pelo. C&oacute;mo lo lees. En verano el pelo se seca m&aacute;s y es normal que&nbsp;durante estos meses se caiga m&aacute;s. Igual que el cloro de la piscina. As&iacute; que lo mejor es pasar por la pelu antes de las vacaciones para <a href=\"https:\/\/www.treatwell.es\/establecimientos\/tratamiento-corte-de-pelo\/oferta-tipo-local\/en-es\/\">cortarte las puntas<\/a> y lucir un pelo sano durante todo el verano. Y a la vuelta, hazte un <a href=\"https:\/\/www.treatwell.es\/establecimientos\/tratamiento-tratamientos-capilares\/oferta-tipo-local\/en-es\/\">tratamiento capilar<\/a> para hidratar tu pelo de nuevo.<\/p>\n","video_content":"","block_picture":27518},{"block_title":"O despu\u00e9s del embarazo","block_content":"<p>Tambi&eacute;n es normal que se te caiga m&aacute;s el pelo despu&eacute;s del embarazo. Y es que durante los nueve meses que est&aacute;s embarazada, tus niveles de estr&oacute;geno son m&aacute;s altos y tienes m&aacute;s cantidad de pelo y m&aacute;s grueso. Pero oye, &iexcl;no hay nada de qu&eacute; preocuparse! Una vez que das a luz, es normal que vuelvas a tener la melena de antes en cuesti&oacute;n de d&iacute;as.<\/p>\n","video_content":"","block_picture":27519},{"block_title":"Cuesti\u00f3n de gen\u00e9tica","block_content":"<p>Otra de las razones&nbsp;puede ser gen&eacute;tica. Y es que puede que simplemente seas m&aacute;s propenso a que se le caiga el pelo. &iexcl;Pero que no cunda el p&aacute;nico! Porque hay mil y una maneras de hacer que tu <a href=\"https:\/\/www.treatwell.es\/in-the-glow\/5-maneras-pelo-fino-con-mas-cuerpo\/\">pelo fino se vea con m&aacute;s volumen<\/a>. O tambi&eacute;n optar por un <a href=\"https:\/\/www.treatwell.es\/establecimientos\/tratamiento-tratamiento-anti-caida-de-pelo\/oferta-tipo-local\/en-es\/\">tratamiento anti-ca&iacute;da<\/a>. &iexcl;Que no sea porque no hay soluciones! &iquest;Y t&uacute;? &iexcl;T&uacute; solo preoc&uacute;pate de lucir melenaza!<\/p>\n","video_content":"","block_picture":27520}]},"yoast_head":"<!-- This site is optimized with the Yoast SEO plugin v27.5 - https:\/\/yoast.com\/product\/yoast-seo-wordpress\/ -->\n<title>Ca\u00edda del pelo: causas, consejos y soluciones | Treatwell<\/title>\n<meta name=\"description\" content=\"\u00bfNotas ca\u00edda del pelo? Descubre causas principales, impacto del calor, tintes, cambios hormonales y gen\u00e9tica. Consejos para cuidar, evitar da\u00f1os y lucir un pelo sano.\" \/>\n<meta name=\"robots\" content=\"index, follow, max-snippet:-1, max-image-preview:large, max-video-preview:-1\" \/>\n<link rel=\"canonical\" href=\"https:\/\/www.treatwell.es/in-the-glow\/por-que-cae-el-pelo-como-evitarlo\/\" \/>\n<meta property=\"og:locale\" content=\"es_ES\" \/>\n<meta property=\"og:type\" content=\"article\" \/>\n<meta property=\"og:title\" content=\"Ca\u00edda del pelo: causas, consejos y soluciones | Treatwell\" \/>\n<meta property=\"og:description\" content=\"\u00bfNotas ca\u00edda del pelo? Descubre causas principales, impacto del calor, tintes, cambios hormonales y gen\u00e9tica. Consejos para cuidar, evitar da\u00f1os y lucir un pelo sano.\" \/>\n<meta property=\"og:url\" content=\"https:\/\/www.treatwell.es/in-the-glow\/por-que-cae-el-pelo-como-evitarlo\/\" \/>\n<meta property=\"og:site_name\" content=\"In The Glow\" \/>\n<meta property=\"article:published_time\" content=\"2018-08-22T07:00:22+00:00\" \/>\n<meta property=\"article:modified_time\" content=\"2025-12-15T22:53:37+00:00\" \/>\n<meta property=\"og:image\" content=\"https:\/\/www.treatwell.es/in-the-glow\/wp-content\/uploads\/sites\/10\/2022\/03\/@zoeisabellakravitz.jpg\" \/>\n\t<meta property=\"og:image:width\" content=\"500\" \/>\n\t<meta property=\"og:image:height\" content=\"600\" \/>\n\t<meta property=\"og:image:type\" content=\"image\/jpeg\" \/>\n<meta name=\"twitter:card\" content=\"summary_large_image\" \/>\n<meta name=\"twitter:label1\" content=\"Escrito por\" \/>\n\t<meta name=\"twitter:data1\" content=\"\" \/>\n<script type=\"application\/ld+json\" class=\"yoast-schema-graph\">{\"@context\":\"https:\\\/\\\/schema.org\",\"@graph\":[{\"@type\":\"Article\",\"@id\":\"https:\\\/\\\/www.treatwell.es/in-the-glow\\\/por-que-cae-el-pelo-como-evitarlo\\\/#article\",\"isPartOf\":{\"@id\":\"https:\\\/\\\/www.treatwell.es/in-the-glow\\\/por-que-cae-el-pelo-como-evitarlo\\\/\"},\"author\":{\"name\":\"\",\"@id\":\"\"},\"headline\":\"Por qu\u00e9 se te cae el pelo y c\u00f3mo evitarlo\",\"datePublished\":\"2018-08-22T07:00:22+00:00\",\"dateModified\":\"2025-12-15T22:53:37+00:00\",\"mainEntityOfPage\":{\"@id\":\"https:\\\/\\\/www.treatwell.es/in-the-glow\\\/por-que-cae-el-pelo-como-evitarlo\\\/\"},\"wordCount\":89,\"publisher\":{\"@id\":\"https:\\\/\\\/www.treatwell.es/in-the-glow\\\/#organization\"},\"image\":{\"@id\":\"https:\\\/\\\/www.treatwell.es/in-the-glow\\\/por-que-cae-el-pelo-como-evitarlo\\\/#primaryimage\"},\"thumbnailUrl\":\"https:\\\/\\\/www.treatwell.es/in-the-glow\\\/wp-content\\\/uploads\\\/sites\\\/10\\\/2022\\\/03\\\/@zoeisabellakravitz.jpg\",\"keywords\":[\"Hair\",\"Hair Colouring and Highlights\",\"Hair Conditioning and Scalp Treatments\",\"Hair Consulting\",\"Haircuts and Hairdressing\"],\"articleSection\":[\"Beauty\"],\"inLanguage\":\"es\"},{\"@type\":\"WebPage\",\"@id\":\"https:\\\/\\\/www.treatwell.es/in-the-glow\\\/por-que-cae-el-pelo-como-evitarlo\\\/\",\"url\":\"https:\\\/\\\/www.treatwell.es/in-the-glow\\\/por-que-cae-el-pelo-como-evitarlo\\\/\",\"name\":\"Ca\u00edda del pelo: causas, consejos y soluciones | Treatwell\",\"isPartOf\":{\"@id\":\"https:\\\/\\\/www.treatwell.es/in-the-glow\\\/#website\"},\"primaryImageOfPage\":{\"@id\":\"https:\\\/\\\/www.treatwell.es/in-the-glow\\\/por-que-cae-el-pelo-como-evitarlo\\\/#primaryimage\"},\"image\":{\"@id\":\"https:\\\/\\\/www.treatwell.es/in-the-glow\\\/por-que-cae-el-pelo-como-evitarlo\\\/#primaryimage\"},\"thumbnailUrl\":\"https:\\\/\\\/www.treatwell.es/in-the-glow\\\/wp-content\\\/uploads\\\/sites\\\/10\\\/2022\\\/03\\\/@zoeisabellakravitz.jpg\",\"datePublished\":\"2018-08-22T07:00:22+00:00\",\"dateModified\":\"2025-12-15T22:53:37+00:00\",\"description\":\"\u00bfNotas ca\u00edda del pelo? Descubre causas principales, impacto del calor, tintes, cambios hormonales y gen\u00e9tica. Consejos para cuidar, evitar da\u00f1os y lucir un pelo sano.\",\"breadcrumb\":{\"@id\":\"https:\\\/\\\/www.treatwell.es/in-the-glow\\\/por-que-cae-el-pelo-como-evitarlo\\\/#breadcrumb\"},\"inLanguage\":\"es\",\"potentialAction\":[{\"@type\":\"ReadAction\",\"target\":[\"https:\\\/\\\/www.treatwell.es/in-the-glow\\\/por-que-cae-el-pelo-como-evitarlo\\\/\"]}]},{\"@type\":\"ImageObject\",\"inLanguage\":\"es\",\"@id\":\"https:\\\/\\\/www.treatwell.es/in-the-glow\\\/por-que-cae-el-pelo-como-evitarlo\\\/#primaryimage\",\"url\":\"https:\\\/\\\/www.treatwell.es/in-the-glow\\\/wp-content\\\/uploads\\\/sites\\\/10\\\/2022\\\/03\\\/@zoeisabellakravitz.jpg\",\"contentUrl\":\"https:\\\/\\\/www.treatwell.es/in-the-glow\\\/wp-content\\\/uploads\\\/sites\\\/10\\\/2022\\\/03\\\/@zoeisabellakravitz.jpg\",\"width\":500,\"height\":600},{\"@type\":\"BreadcrumbList\",\"@id\":\"https:\\\/\\\/www.treatwell.es/in-the-glow\\\/por-que-cae-el-pelo-como-evitarlo\\\/#breadcrumb\",\"itemListElement\":[{\"@type\":\"ListItem\",\"position\":1,\"name\":\"Home\",\"item\":\"https:\\\/\\\/www.treatwell.es/in-the-glow\\\/\"},{\"@type\":\"ListItem\",\"position\":2,\"name\":\"Beauty\",\"item\":\"https:\\\/\\\/www.treatwell.es/in-the-glow\\\/beauty\\\/\"},{\"@type\":\"ListItem\",\"position\":3,\"name\":\"Por qu\u00e9 se te cae el pelo y c\u00f3mo evitarlo\"}]},{\"@type\":\"WebSite\",\"@id\":\"https:\\\/\\\/www.treatwell.es/in-the-glow\\\/#website\",\"url\":\"https:\\\/\\\/www.treatwell.es/in-the-glow\\\/\",\"name\":\"In The Glow\",\"description\":\"Belleza. Pelo. Lifestyle.\",\"publisher\":{\"@id\":\"https:\\\/\\\/www.treatwell.es/in-the-glow\\\/#organization\"},\"potentialAction\":[{\"@type\":\"SearchAction\",\"target\":{\"@type\":\"EntryPoint\",\"urlTemplate\":\"https:\\\/\\\/www.treatwell.es/in-the-glow\\\/?s={search_term_string}\"},\"query-input\":{\"@type\":\"PropertyValueSpecification\",\"valueRequired\":true,\"valueName\":\"search_term_string\"}}],\"inLanguage\":\"es\"},{\"@type\":\"Organization\",\"@id\":\"https:\\\/\\\/www.treatwell.es/in-the-glow\\\/#organization\",\"name\":\"Treatwell\",\"url\":\"https:\\\/\\\/www.treatwell.es/in-the-glow\\\/\",\"logo\":{\"@type\":\"ImageObject\",\"inLanguage\":\"es\",\"@id\":\"https:\\\/\\\/www.treatwell.es/in-the-glow\\\/#\\\/schema\\\/logo\\\/image\\\/\",\"url\":\"https:\\\/\\\/www.treatwell.es/in-the-glow\\\/wp-content\\\/uploads\\\/sites\\\/10\\\/2022\\\/03\\\/logo_treatwell.png\",\"contentUrl\":\"https:\\\/\\\/www.treatwell.es/in-the-glow\\\/wp-content\\\/uploads\\\/sites\\\/10\\\/2022\\\/03\\\/logo_treatwell.png\",\"width\":889,\"height\":164,\"caption\":\"Treatwell\"},\"image\":{\"@id\":\"https:\\\/\\\/www.treatwell.es/in-the-glow\\\/#\\\/schema\\\/logo\\\/image\\\/\"}},{\"@type\":\"Person\",\"@id\":\"\",\"url\":\"https:\\\/\\\/www.treatwell.es/in-the-glow\\\/author\\\/\"}]}<\/script>\n<!-- \/ Yoast SEO plugin. -->","yoast_head_json":{"title":"Ca\u00edda del pelo: causas, consejos y soluciones | Treatwell","description":"\u00bfNotas ca\u00edda del pelo? Descubre causas principales, impacto del calor, tintes, cambios hormonales y gen\u00e9tica. Consejos para cuidar, evitar da\u00f1os y lucir un pelo sano.","robots":{"index":"index","follow":"follow","max-snippet":"max-snippet:-1","max-image-preview":"max-image-preview:large","max-video-preview":"max-video-preview:-1"},"canonical":"https:\/\/www.treatwell.es/in-the-glow\/por-que-cae-el-pelo-como-evitarlo\/","og_locale":"es_ES","og_type":"article","og_title":"Ca\u00edda del pelo: causas, consejos y soluciones | Treatwell","og_description":"\u00bfNotas ca\u00edda del pelo? Descubre causas principales, impacto del calor, tintes, cambios hormonales y gen\u00e9tica. Consejos para cuidar, evitar da\u00f1os y lucir un pelo sano.","og_url":"https:\/\/www.treatwell.es/in-the-glow\/por-que-cae-el-pelo-como-evitarlo\/","og_site_name":"In The Glow","article_published_time":"2018-08-22T07:00:22+00:00","article_modified_time":"2025-12-15T22:53:37+00:00","og_image":[{"width":500,"height":600,"url":"https:\/\/www.treatwell.es/in-the-glow\/wp-content\/uploads\/sites\/10\/2022\/03\/@zoeisabellakravitz.jpg","type":"image\/jpeg"}],"twitter_card":"summary_large_image","twitter_misc":{"Escrito por":""},"schema":{"@context":"https:\/\/schema.org","@graph":[{"@type":"Article","@id":"https:\/\/www.treatwell.es/in-the-glow\/por-que-cae-el-pelo-como-evitarlo\/#article","isPartOf":{"@id":"https:\/\/www.treatwell.es/in-the-glow\/por-que-cae-el-pelo-como-evitarlo\/"},"author":{"name":"","@id":""},"headline":"Por qu\u00e9 se te cae el pelo y c\u00f3mo evitarlo","datePublished":"2018-08-22T07:00:22+00:00","dateModified":"2025-12-15T22:53:37+00:00","mainEntityOfPage":{"@id":"https:\/\/www.treatwell.es/in-the-glow\/por-que-cae-el-pelo-como-evitarlo\/"},"wordCount":89,"publisher":{"@id":"https:\/\/www.treatwell.es/in-the-glow\/#organization"},"image":{"@id":"https:\/\/www.treatwell.es/in-the-glow\/por-que-cae-el-pelo-como-evitarlo\/#primaryimage"},"thumbnailUrl":"https:\/\/www.treatwell.es/in-the-glow\/wp-content\/uploads\/sites\/10\/2022\/03\/@zoeisabellakravitz.jpg","keywords":["Hair","Hair Colouring and Highlights","Hair Conditioning and Scalp Treatments","Hair Consulting","Haircuts and Hairdressing"],"articleSection":["Beauty"],"inLanguage":"es"},{"@type":"WebPage","@id":"https:\/\/www.treatwell.es/in-the-glow\/por-que-cae-el-pelo-como-evitarlo\/","url":"https:\/\/www.treatwell.es/in-the-glow\/por-que-cae-el-pelo-como-evitarlo\/","name":"Ca\u00edda del pelo: causas, consejos y soluciones | Treatwell","isPartOf":{"@id":"https:\/\/www.treatwell.es/in-the-glow\/#website"},"primaryImageOfPage":{"@id":"https:\/\/www.treatwell.es/in-the-glow\/por-que-cae-el-pelo-como-evitarlo\/#primaryimage"},"image":{"@id":"https:\/\/www.treatwell.es/in-the-glow\/por-que-cae-el-pelo-como-evitarlo\/#primaryimage"},"thumbnailUrl":"https:\/\/www.treatwell.es/in-the-glow\/wp-content\/uploads\/sites\/10\/2022\/03\/@zoeisabellakravitz.jpg","datePublished":"2018-08-22T07:00:22+00:00","dateModified":"2025-12-15T22:53:37+00:00","description":"\u00bfNotas ca\u00edda del pelo? Descubre causas principales, impacto del calor, tintes, cambios hormonales y gen\u00e9tica. Consejos para cuidar, evitar da\u00f1os y lucir un pelo sano.","breadcrumb":{"@id":"https:\/\/www.treatwell.es/in-the-glow\/por-que-cae-el-pelo-como-evitarlo\/#breadcrumb"},"inLanguage":"es","potentialAction":[{"@type":"ReadAction","target":["https:\/\/www.treatwell.es/in-the-glow\/por-que-cae-el-pelo-como-evitarlo\/"]}]},{"@type":"ImageObject","inLanguage":"es","@id":"https:\/\/www.treatwell.es/in-the-glow\/por-que-cae-el-pelo-como-evitarlo\/#primaryimage","url":"https:\/\/www.treatwell.es/in-the-glow\/wp-content\/uploads\/sites\/10\/2022\/03\/@zoeisabellakravitz.jpg","contentUrl":"https:\/\/www.treatwell.es/in-the-glow\/wp-content\/uploads\/sites\/10\/2022\/03\/@zoeisabellakravitz.jpg","width":500,"height":600},{"@type":"BreadcrumbList","@id":"https:\/\/www.treatwell.es/in-the-glow\/por-que-cae-el-pelo-como-evitarlo\/#breadcrumb","itemListElement":[{"@type":"ListItem","position":1,"name":"Home","item":"https:\/\/www.treatwell.es/in-the-glow\/"},{"@type":"ListItem","position":2,"name":"Beauty","item":"https:\/\/www.treatwell.es/in-the-glow\/beauty\/"},{"@type":"ListItem","position":3,"name":"Por qu\u00e9 se te cae el pelo y c\u00f3mo evitarlo"}]},{"@type":"WebSite","@id":"https:\/\/www.treatwell.es/in-the-glow\/#website","url":"https:\/\/www.treatwell.es/in-the-glow\/","name":"In The Glow","description":"Belleza. Pelo. Lifestyle.","publisher":{"@id":"https:\/\/www.treatwell.es/in-the-glow\/#organization"},"potentialAction":[{"@type":"SearchAction","target":{"@type":"EntryPoint","urlTemplate":"https:\/\/www.treatwell.es/in-the-glow\/?s={search_term_string}"},"query-input":{"@type":"PropertyValueSpecification","valueRequired":true,"valueName":"search_term_string"}}],"inLanguage":"es"},{"@type":"Organization","@id":"https:\/\/www.treatwell.es/in-the-glow\/#organization","name":"Treatwell","url":"https:\/\/www.treatwell.es/in-the-glow\/","logo":{"@type":"ImageObject","inLanguage":"es","@id":"https:\/\/www.treatwell.es/in-the-glow\/#\/schema\/logo\/image\/","url":"https:\/\/www.treatwell.es/in-the-glow\/wp-content\/uploads\/sites\/10\/2022\/03\/logo_treatwell.png","contentUrl":"https:\/\/www.treatwell.es/in-the-glow\/wp-content\/uploads\/sites\/10\/2022\/03\/logo_treatwell.png","width":889,"height":164,"caption":"Treatwell"},"image":{"@id":"https:\/\/www.treatwell.es/in-the-glow\/#\/schema\/logo\/image\/"}},{"@type":"Person","@id":"","url":"https:\/\/www.treatwell.es/in-the-glow\/author\/"}]}},"featured_image_src":"https:\/\/www.treatwell.es/in-the-glow\/wp-content\/uploads\/sites\/10\/2022\/03\/@zoeisabellakravitz-500x400.jpg","featured_image_src_square":"https:\/\/www.treatwell.es/in-the-glow\/wp-content\/uploads\/sites\/10\/2022\/03\/@zoeisabellakravitz.jpg","author_info":{"display_name":"","author_link":"https:\/\/www.treatwell.es/in-the-glow\/author\/"},"_links":{"self":[{"href":"https:\/\/www.treatwell.es\/in-the-glow\/wp-json\/wp\/v2\/posts\/27514","targetHints":{"allow":["GET"]}}],"collection":[{"href":"https:\/\/www.treatwell.es\/in-the-glow\/wp-json\/wp\/v2\/posts"}],"about":[{"href":"https:\/\/www.treatwell.es\/in-the-glow\/wp-json\/wp\/v2\/types\/post"}],"author":[{"embeddable":true,"href":"https:\/\/www.treatwell.es\/in-the-glow\/wp-json\/wp\/v2\/users\/3319"}],"replies":[{"embeddable":true,"href":"https:\/\/www.treatwell.es\/in-the-glow\/wp-json\/wp\/v2\/comments?post=27514"}],"version-history":[{"count":0,"href":"https:\/\/www.treatwell.es\/in-the-glow\/wp-json\/wp\/v2\/posts\/27514\/revisions"}],"wp:featuredmedia":[{"embeddable":true,"href":"https:\/\/www.treatwell.es\/in-the-glow\/wp-json\/wp\/v2\/media\/27522"}],"wp:attachment":[{"href":"https:\/\/www.treatwell.es\/in-the-glow\/wp-json\/wp\/v2\/media?parent=27514"}],"wp:term":[{"taxonomy":"category","embeddable":true,"href":"https:\/\/www.treatwell.es\/in-the-glow\/wp-json\/wp\/v2\/categories?post=27514"},{"taxonomy":"post_tag","embeddable":true,"href":"https:\/\/www.treatwell.es\/in-the-glow\/wp-json\/wp\/v2\/tags?post=27514"}],"curies":[{"name":"wp","href":"https:\/\/api.w.org\/{rel}","templated":true}]}}