{"id":27531,"date":"2018-08-24T09:00:29","date_gmt":"2018-08-24T07:00:29","guid":{"rendered":"https:\/\/www.treatwell.es\/in-the-glow\/?p=17493"},"modified":"2025-12-15T23:53:38","modified_gmt":"2025-12-15T22:53:38","slug":"los-colores-de-pelo-que-estan-de-moda","status":"publish","type":"post","link":"https:\/\/www.treatwell.es/in-the-glow\/los-colores-de-pelo-que-estan-de-moda\/","title":{"rendered":"Los colores de pelo que est\u00e1n de moda"},"content":{"rendered":"<p>\u00a1Atenci\u00f3n, atenci\u00f3n! Ya est\u00e1n aqu\u00ed los nuevos colores de pelo que lo van a petar esta temporada.\u00a0Y s\u00ed, hay una gran variedad para que escojas el que m\u00e1s te guste y vayas a la \u00faltima. Desp\u00eddete del <a href=\"https:\/\/www.treatwell.es\/in-the-glow\/di-hola-al-violeta-el-color-del-2018\/\">color violeta<\/a>, el <a href=\"https:\/\/www.treatwell.es\/in-the-glow\/las-mechas-balayage-invertidas\/\">balayage invertido<\/a> o el <a href=\"https:\/\/www.treatwell.es\/in-the-glow\/pelo-arcoiris-tonos-pastel\/\">pelo arco\u00edris<\/a>&#8230;<\/p>\n<p>Ahora lo que se lleva son los colores neones, las mechas a lo rosa caramelo y el rojo fuego. \u00bfPreparada? \u00a1All\u00e1 vamos!<\/p>\n<div class=\"schema-faq wp-block-yoast-faq-block\"><\/div>\n","protected":false},"excerpt":{"rendered":"<p>\u00a1Atenci\u00f3n, atenci\u00f3n! Ya est\u00e1n aqu\u00ed los nuevos colores de pelo que lo van a petar esta temporada.\u00a0Y s\u00ed, hay una gran variedad para que escojas el que m\u00e1s te guste y vayas a la \u00faltima. Desp\u00eddete del color violeta, el balayage invertido o el pelo arco\u00edris&#8230; Ahora lo que se lleva son los colores neones, [&hellip;]<\/p>\n","protected":false},"author":3319,"featured_media":27537,"comment_status":"closed","ping_status":"closed","sticky":false,"template":"","format":"standard","meta":{"_acf_changed":false,"_yoast_wpseo_title":"Colores de pelo tendencia: ne\u00f3n, dorado, rosa, rojo | Treatwell","_yoast_wpseo_metadesc":"Descubre los colores de pelo que arrasan: ne\u00f3n, dorado para rubias, rosa caramelo y rojo fuego. Ideas para cambiar tu look y lucir una melena \u00fanica.","_genesis_hide_title":false,"_genesis_hide_breadcrumbs":false,"_genesis_hide_singular_image":false,"_genesis_hide_footer_widgets":false,"_genesis_custom_body_class":"","_genesis_custom_post_class":"","_genesis_layout":"","saswp_custom_schema_field":"","footnotes":""},"categories":[4],"tags":[27,48,78,10,35],"class_list":{"0":"post-27531","1":"post","2":"type-post","3":"status-publish","4":"format-standard","5":"has-post-thumbnail","7":"category-beauty","8":"tag-tt6","9":"tag-tr273","10":"tag-tr485","11":"tag-tr166","12":"tag-tr727","13":"entry"},"acf":{"post_credits":"Cr\u00e9ditos de im\u00e1genes: Shutterstock, Instagram de @ariannachayleneblean, @balmoan hair, @corynneylon_hair, @thuggadollz.","beauty_blog_post_button_title":"","beauty_blog_post_button":"","landscape_picture":27536,"blocks":[{"block_title":"Para las valientes: colores neones","block_content":"<p>Lo hemos visto en u&ntilde;as y ahora lo &uacute;ltimo es atreverse&nbsp;tambi&eacute;n en el pelo. Los tonos ne&oacute;n est&aacute;n por todas partes. &iquest;La pionera de esta nueva moda?&nbsp;Sin lugar a dudas, Kylie Jenner. Y es que desde que la peque&ntilde;a del&nbsp;clan&nbsp;<em>Kardashian<\/em> luci&oacute; el pelo neon, Instagram se ha inundado&nbsp;de fotos con de este nuevo estilo. Vale, es para las m&aacute;s valientes pero oye, siempre puedes optar por unas <a href=\"https:\/\/www.treatwell.es\/establecimientos\/tratamiento-tinte-y-mechas-mujer\/oferta-tipo-local\/en-es\/\">mechas m&aacute;s disimuladas<\/a>. &iexcl;Para gustos los colores!<\/p>\n","video_content":"","block_picture":27532},{"block_title":"Para las rubias: un ba\u00f1o dorado","block_content":"<p>Despu&eacute;s de la moda del rubio ceniza y el platino, llegan &iexcl;los <a href=\"https:\/\/www.treatwell.es\/establecimientos\/tratamiento-tinte-y-mechas-mujer\/oferta-tipo-local\/en-es\/\">reflejos dorados<\/a>! Perfectos para lucir melenaza a la vuelta de vacaciones. &iexcl;Como si llevar&aacute;s contigo el sol a todas partes!&nbsp;Y que no se diga que no te han sentado bien el verano. &iexcl;A por ello!<\/p>\n","video_content":"","block_picture":27533},{"block_title":"Para las morenas: reflejos rosa caramelo","block_content":"<p>El rosa&nbsp;caramelo ya es una realidad. Y s&iacute;, para las morenas queda fenomenal. Date mechas por todo el pelo o solo a lo californianas y <a href=\"https:\/\/www.treatwell.es\/establecimientos\/tratamiento-tinte-y-mechas-mujer\/oferta-tipo-local\/en-es\/\">dale brillo a tu melena<\/a> con este nuevo color que est&aacute; conquistando las redes sociales.<\/p>\n","video_content":"","block_picture":27534},{"block_title":"Para un cambio de look: rojo fuego","block_content":"<p>&iquest;Cambio de look a la vista? Entonces cuanto m&aacute;s color, mejor. <a href=\"https:\/\/www.treatwell.es\/establecimientos\/tratamiento-tinte-y-mechas-mujer\/oferta-tipo-local\/en-es\/\">Di s&iacute; al rojo fuego<\/a> y llena de personalidad tu melena. Escoge la tonalidad que m&aacute;s te guste, ya sea m&aacute;s anaranjada o ros&aacute;cea, &iexcl;y a brillar all&aacute; donde vayas!<\/p>\n","video_content":"","block_picture":27535}]},"yoast_head":"<!-- This site is optimized with the Yoast SEO plugin v27.5 - https:\/\/yoast.com\/product\/yoast-seo-wordpress\/ -->\n<title>Colores de pelo tendencia: ne\u00f3n, dorado, rosa, rojo | Treatwell<\/title>\n<meta name=\"description\" content=\"Descubre los colores de pelo que arrasan: ne\u00f3n, dorado para rubias, rosa caramelo y rojo fuego. Ideas para cambiar tu look y lucir una melena \u00fanica.\" \/>\n<meta name=\"robots\" content=\"index, follow, max-snippet:-1, max-image-preview:large, max-video-preview:-1\" \/>\n<link rel=\"canonical\" href=\"https:\/\/www.treatwell.es/in-the-glow\/los-colores-de-pelo-que-estan-de-moda\/\" \/>\n<meta property=\"og:locale\" content=\"es_ES\" \/>\n<meta property=\"og:type\" content=\"article\" \/>\n<meta property=\"og:title\" content=\"Colores de pelo tendencia: ne\u00f3n, dorado, rosa, rojo | Treatwell\" \/>\n<meta property=\"og:description\" content=\"Descubre los colores de pelo que arrasan: ne\u00f3n, dorado para rubias, rosa caramelo y rojo fuego. Ideas para cambiar tu look y lucir una melena \u00fanica.\" \/>\n<meta property=\"og:url\" content=\"https:\/\/www.treatwell.es/in-the-glow\/los-colores-de-pelo-que-estan-de-moda\/\" \/>\n<meta property=\"og:site_name\" content=\"In The Glow\" \/>\n<meta property=\"article:published_time\" content=\"2018-08-24T07:00:29+00:00\" \/>\n<meta property=\"article:modified_time\" content=\"2025-12-15T22:53:38+00:00\" \/>\n<meta property=\"og:image\" content=\"https:\/\/www.treatwell.es/in-the-glow\/wp-content\/uploads\/sites\/10\/2022\/03\/@thuggadollz.jpg\" \/>\n\t<meta property=\"og:image:width\" content=\"500\" \/>\n\t<meta property=\"og:image:height\" content=\"599\" \/>\n\t<meta property=\"og:image:type\" content=\"image\/jpeg\" \/>\n<meta name=\"twitter:card\" content=\"summary_large_image\" \/>\n<meta name=\"twitter:label1\" content=\"Escrito por\" \/>\n\t<meta name=\"twitter:data1\" content=\"\" \/>\n<script type=\"application\/ld+json\" class=\"yoast-schema-graph\">{\"@context\":\"https:\\\/\\\/schema.org\",\"@graph\":[{\"@type\":\"Article\",\"@id\":\"https:\\\/\\\/www.treatwell.es/in-the-glow\\\/los-colores-de-pelo-que-estan-de-moda\\\/#article\",\"isPartOf\":{\"@id\":\"https:\\\/\\\/www.treatwell.es/in-the-glow\\\/los-colores-de-pelo-que-estan-de-moda\\\/\"},\"author\":{\"name\":\"\",\"@id\":\"\"},\"headline\":\"Los colores de pelo que est\u00e1n de moda\",\"datePublished\":\"2018-08-24T07:00:29+00:00\",\"dateModified\":\"2025-12-15T22:53:38+00:00\",\"mainEntityOfPage\":{\"@id\":\"https:\\\/\\\/www.treatwell.es/in-the-glow\\\/los-colores-de-pelo-que-estan-de-moda\\\/\"},\"wordCount\":84,\"publisher\":{\"@id\":\"https:\\\/\\\/www.treatwell.es/in-the-glow\\\/#organization\"},\"image\":{\"@id\":\"https:\\\/\\\/www.treatwell.es/in-the-glow\\\/los-colores-de-pelo-que-estan-de-moda\\\/#primaryimage\"},\"thumbnailUrl\":\"https:\\\/\\\/www.treatwell.es/in-the-glow\\\/wp-content\\\/uploads\\\/sites\\\/10\\\/2022\\\/03\\\/@thuggadollz.jpg\",\"keywords\":[\"Hair\",\"Hair Colouring and Highlights\",\"Hair Conditioning and Scalp Treatments\",\"Haircuts and Hairdressing\",\"Pastel Hair\"],\"articleSection\":[\"Beauty\"],\"inLanguage\":\"es\"},{\"@type\":\"WebPage\",\"@id\":\"https:\\\/\\\/www.treatwell.es/in-the-glow\\\/los-colores-de-pelo-que-estan-de-moda\\\/\",\"url\":\"https:\\\/\\\/www.treatwell.es/in-the-glow\\\/los-colores-de-pelo-que-estan-de-moda\\\/\",\"name\":\"Colores de pelo tendencia: ne\u00f3n, dorado, rosa, rojo | Treatwell\",\"isPartOf\":{\"@id\":\"https:\\\/\\\/www.treatwell.es/in-the-glow\\\/#website\"},\"primaryImageOfPage\":{\"@id\":\"https:\\\/\\\/www.treatwell.es/in-the-glow\\\/los-colores-de-pelo-que-estan-de-moda\\\/#primaryimage\"},\"image\":{\"@id\":\"https:\\\/\\\/www.treatwell.es/in-the-glow\\\/los-colores-de-pelo-que-estan-de-moda\\\/#primaryimage\"},\"thumbnailUrl\":\"https:\\\/\\\/www.treatwell.es/in-the-glow\\\/wp-content\\\/uploads\\\/sites\\\/10\\\/2022\\\/03\\\/@thuggadollz.jpg\",\"datePublished\":\"2018-08-24T07:00:29+00:00\",\"dateModified\":\"2025-12-15T22:53:38+00:00\",\"description\":\"Descubre los colores de pelo que arrasan: ne\u00f3n, dorado para rubias, rosa caramelo y rojo fuego. Ideas para cambiar tu look y lucir una melena \u00fanica.\",\"breadcrumb\":{\"@id\":\"https:\\\/\\\/www.treatwell.es/in-the-glow\\\/los-colores-de-pelo-que-estan-de-moda\\\/#breadcrumb\"},\"inLanguage\":\"es\",\"potentialAction\":[{\"@type\":\"ReadAction\",\"target\":[\"https:\\\/\\\/www.treatwell.es/in-the-glow\\\/los-colores-de-pelo-que-estan-de-moda\\\/\"]}]},{\"@type\":\"ImageObject\",\"inLanguage\":\"es\",\"@id\":\"https:\\\/\\\/www.treatwell.es/in-the-glow\\\/los-colores-de-pelo-que-estan-de-moda\\\/#primaryimage\",\"url\":\"https:\\\/\\\/www.treatwell.es/in-the-glow\\\/wp-content\\\/uploads\\\/sites\\\/10\\\/2022\\\/03\\\/@thuggadollz.jpg\",\"contentUrl\":\"https:\\\/\\\/www.treatwell.es/in-the-glow\\\/wp-content\\\/uploads\\\/sites\\\/10\\\/2022\\\/03\\\/@thuggadollz.jpg\",\"width\":500,\"height\":599},{\"@type\":\"BreadcrumbList\",\"@id\":\"https:\\\/\\\/www.treatwell.es/in-the-glow\\\/los-colores-de-pelo-que-estan-de-moda\\\/#breadcrumb\",\"itemListElement\":[{\"@type\":\"ListItem\",\"position\":1,\"name\":\"Home\",\"item\":\"https:\\\/\\\/www.treatwell.es/in-the-glow\\\/\"},{\"@type\":\"ListItem\",\"position\":2,\"name\":\"Beauty\",\"item\":\"https:\\\/\\\/www.treatwell.es/in-the-glow\\\/beauty\\\/\"},{\"@type\":\"ListItem\",\"position\":3,\"name\":\"Los colores de pelo que est\u00e1n de moda\"}]},{\"@type\":\"WebSite\",\"@id\":\"https:\\\/\\\/www.treatwell.es/in-the-glow\\\/#website\",\"url\":\"https:\\\/\\\/www.treatwell.es/in-the-glow\\\/\",\"name\":\"In The Glow\",\"description\":\"Belleza. Pelo. Lifestyle.\",\"publisher\":{\"@id\":\"https:\\\/\\\/www.treatwell.es/in-the-glow\\\/#organization\"},\"potentialAction\":[{\"@type\":\"SearchAction\",\"target\":{\"@type\":\"EntryPoint\",\"urlTemplate\":\"https:\\\/\\\/www.treatwell.es/in-the-glow\\\/?s={search_term_string}\"},\"query-input\":{\"@type\":\"PropertyValueSpecification\",\"valueRequired\":true,\"valueName\":\"search_term_string\"}}],\"inLanguage\":\"es\"},{\"@type\":\"Organization\",\"@id\":\"https:\\\/\\\/www.treatwell.es/in-the-glow\\\/#organization\",\"name\":\"Treatwell\",\"url\":\"https:\\\/\\\/www.treatwell.es/in-the-glow\\\/\",\"logo\":{\"@type\":\"ImageObject\",\"inLanguage\":\"es\",\"@id\":\"https:\\\/\\\/www.treatwell.es/in-the-glow\\\/#\\\/schema\\\/logo\\\/image\\\/\",\"url\":\"https:\\\/\\\/www.treatwell.es/in-the-glow\\\/wp-content\\\/uploads\\\/sites\\\/10\\\/2022\\\/03\\\/logo_treatwell.png\",\"contentUrl\":\"https:\\\/\\\/www.treatwell.es/in-the-glow\\\/wp-content\\\/uploads\\\/sites\\\/10\\\/2022\\\/03\\\/logo_treatwell.png\",\"width\":889,\"height\":164,\"caption\":\"Treatwell\"},\"image\":{\"@id\":\"https:\\\/\\\/www.treatwell.es/in-the-glow\\\/#\\\/schema\\\/logo\\\/image\\\/\"}},{\"@type\":\"Person\",\"@id\":\"\",\"url\":\"https:\\\/\\\/www.treatwell.es/in-the-glow\\\/author\\\/\"}]}<\/script>\n<!-- \/ Yoast SEO plugin. -->","yoast_head_json":{"title":"Colores de pelo tendencia: ne\u00f3n, dorado, rosa, rojo | Treatwell","description":"Descubre los colores de pelo que arrasan: ne\u00f3n, dorado para rubias, rosa caramelo y rojo fuego. Ideas para cambiar tu look y lucir una melena \u00fanica.","robots":{"index":"index","follow":"follow","max-snippet":"max-snippet:-1","max-image-preview":"max-image-preview:large","max-video-preview":"max-video-preview:-1"},"canonical":"https:\/\/www.treatwell.es/in-the-glow\/los-colores-de-pelo-que-estan-de-moda\/","og_locale":"es_ES","og_type":"article","og_title":"Colores de pelo tendencia: ne\u00f3n, dorado, rosa, rojo | Treatwell","og_description":"Descubre los colores de pelo que arrasan: ne\u00f3n, dorado para rubias, rosa caramelo y rojo fuego. Ideas para cambiar tu look y lucir una melena \u00fanica.","og_url":"https:\/\/www.treatwell.es/in-the-glow\/los-colores-de-pelo-que-estan-de-moda\/","og_site_name":"In The Glow","article_published_time":"2018-08-24T07:00:29+00:00","article_modified_time":"2025-12-15T22:53:38+00:00","og_image":[{"width":500,"height":599,"url":"https:\/\/www.treatwell.es/in-the-glow\/wp-content\/uploads\/sites\/10\/2022\/03\/@thuggadollz.jpg","type":"image\/jpeg"}],"twitter_card":"summary_large_image","twitter_misc":{"Escrito por":""},"schema":{"@context":"https:\/\/schema.org","@graph":[{"@type":"Article","@id":"https:\/\/www.treatwell.es/in-the-glow\/los-colores-de-pelo-que-estan-de-moda\/#article","isPartOf":{"@id":"https:\/\/www.treatwell.es/in-the-glow\/los-colores-de-pelo-que-estan-de-moda\/"},"author":{"name":"","@id":""},"headline":"Los colores de pelo que est\u00e1n de moda","datePublished":"2018-08-24T07:00:29+00:00","dateModified":"2025-12-15T22:53:38+00:00","mainEntityOfPage":{"@id":"https:\/\/www.treatwell.es/in-the-glow\/los-colores-de-pelo-que-estan-de-moda\/"},"wordCount":84,"publisher":{"@id":"https:\/\/www.treatwell.es/in-the-glow\/#organization"},"image":{"@id":"https:\/\/www.treatwell.es/in-the-glow\/los-colores-de-pelo-que-estan-de-moda\/#primaryimage"},"thumbnailUrl":"https:\/\/www.treatwell.es/in-the-glow\/wp-content\/uploads\/sites\/10\/2022\/03\/@thuggadollz.jpg","keywords":["Hair","Hair Colouring and Highlights","Hair Conditioning and Scalp Treatments","Haircuts and Hairdressing","Pastel Hair"],"articleSection":["Beauty"],"inLanguage":"es"},{"@type":"WebPage","@id":"https:\/\/www.treatwell.es/in-the-glow\/los-colores-de-pelo-que-estan-de-moda\/","url":"https:\/\/www.treatwell.es/in-the-glow\/los-colores-de-pelo-que-estan-de-moda\/","name":"Colores de pelo tendencia: ne\u00f3n, dorado, rosa, rojo | Treatwell","isPartOf":{"@id":"https:\/\/www.treatwell.es/in-the-glow\/#website"},"primaryImageOfPage":{"@id":"https:\/\/www.treatwell.es/in-the-glow\/los-colores-de-pelo-que-estan-de-moda\/#primaryimage"},"image":{"@id":"https:\/\/www.treatwell.es/in-the-glow\/los-colores-de-pelo-que-estan-de-moda\/#primaryimage"},"thumbnailUrl":"https:\/\/www.treatwell.es/in-the-glow\/wp-content\/uploads\/sites\/10\/2022\/03\/@thuggadollz.jpg","datePublished":"2018-08-24T07:00:29+00:00","dateModified":"2025-12-15T22:53:38+00:00","description":"Descubre los colores de pelo que arrasan: ne\u00f3n, dorado para rubias, rosa caramelo y rojo fuego. Ideas para cambiar tu look y lucir una melena \u00fanica.","breadcrumb":{"@id":"https:\/\/www.treatwell.es/in-the-glow\/los-colores-de-pelo-que-estan-de-moda\/#breadcrumb"},"inLanguage":"es","potentialAction":[{"@type":"ReadAction","target":["https:\/\/www.treatwell.es/in-the-glow\/los-colores-de-pelo-que-estan-de-moda\/"]}]},{"@type":"ImageObject","inLanguage":"es","@id":"https:\/\/www.treatwell.es/in-the-glow\/los-colores-de-pelo-que-estan-de-moda\/#primaryimage","url":"https:\/\/www.treatwell.es/in-the-glow\/wp-content\/uploads\/sites\/10\/2022\/03\/@thuggadollz.jpg","contentUrl":"https:\/\/www.treatwell.es/in-the-glow\/wp-content\/uploads\/sites\/10\/2022\/03\/@thuggadollz.jpg","width":500,"height":599},{"@type":"BreadcrumbList","@id":"https:\/\/www.treatwell.es/in-the-glow\/los-colores-de-pelo-que-estan-de-moda\/#breadcrumb","itemListElement":[{"@type":"ListItem","position":1,"name":"Home","item":"https:\/\/www.treatwell.es/in-the-glow\/"},{"@type":"ListItem","position":2,"name":"Beauty","item":"https:\/\/www.treatwell.es/in-the-glow\/beauty\/"},{"@type":"ListItem","position":3,"name":"Los colores de pelo que est\u00e1n de moda"}]},{"@type":"WebSite","@id":"https:\/\/www.treatwell.es/in-the-glow\/#website","url":"https:\/\/www.treatwell.es/in-the-glow\/","name":"In The Glow","description":"Belleza. Pelo. Lifestyle.","publisher":{"@id":"https:\/\/www.treatwell.es/in-the-glow\/#organization"},"potentialAction":[{"@type":"SearchAction","target":{"@type":"EntryPoint","urlTemplate":"https:\/\/www.treatwell.es/in-the-glow\/?s={search_term_string}"},"query-input":{"@type":"PropertyValueSpecification","valueRequired":true,"valueName":"search_term_string"}}],"inLanguage":"es"},{"@type":"Organization","@id":"https:\/\/www.treatwell.es/in-the-glow\/#organization","name":"Treatwell","url":"https:\/\/www.treatwell.es/in-the-glow\/","logo":{"@type":"ImageObject","inLanguage":"es","@id":"https:\/\/www.treatwell.es/in-the-glow\/#\/schema\/logo\/image\/","url":"https:\/\/www.treatwell.es/in-the-glow\/wp-content\/uploads\/sites\/10\/2022\/03\/logo_treatwell.png","contentUrl":"https:\/\/www.treatwell.es/in-the-glow\/wp-content\/uploads\/sites\/10\/2022\/03\/logo_treatwell.png","width":889,"height":164,"caption":"Treatwell"},"image":{"@id":"https:\/\/www.treatwell.es/in-the-glow\/#\/schema\/logo\/image\/"}},{"@type":"Person","@id":"","url":"https:\/\/www.treatwell.es/in-the-glow\/author\/"}]}},"featured_image_src":"https:\/\/www.treatwell.es/in-the-glow\/wp-content\/uploads\/sites\/10\/2022\/03\/@thuggadollz-500x400.jpg","featured_image_src_square":"https:\/\/www.treatwell.es/in-the-glow\/wp-content\/uploads\/sites\/10\/2022\/03\/@thuggadollz.jpg","author_info":{"display_name":"","author_link":"https:\/\/www.treatwell.es/in-the-glow\/author\/"},"_links":{"self":[{"href":"https:\/\/www.treatwell.es\/in-the-glow\/wp-json\/wp\/v2\/posts\/27531","targetHints":{"allow":["GET"]}}],"collection":[{"href":"https:\/\/www.treatwell.es\/in-the-glow\/wp-json\/wp\/v2\/posts"}],"about":[{"href":"https:\/\/www.treatwell.es\/in-the-glow\/wp-json\/wp\/v2\/types\/post"}],"author":[{"embeddable":true,"href":"https:\/\/www.treatwell.es\/in-the-glow\/wp-json\/wp\/v2\/users\/3319"}],"replies":[{"embeddable":true,"href":"https:\/\/www.treatwell.es\/in-the-glow\/wp-json\/wp\/v2\/comments?post=27531"}],"version-history":[{"count":0,"href":"https:\/\/www.treatwell.es\/in-the-glow\/wp-json\/wp\/v2\/posts\/27531\/revisions"}],"wp:featuredmedia":[{"embeddable":true,"href":"https:\/\/www.treatwell.es\/in-the-glow\/wp-json\/wp\/v2\/media\/27537"}],"wp:attachment":[{"href":"https:\/\/www.treatwell.es\/in-the-glow\/wp-json\/wp\/v2\/media?parent=27531"}],"wp:term":[{"taxonomy":"category","embeddable":true,"href":"https:\/\/www.treatwell.es\/in-the-glow\/wp-json\/wp\/v2\/categories?post=27531"},{"taxonomy":"post_tag","embeddable":true,"href":"https:\/\/www.treatwell.es\/in-the-glow\/wp-json\/wp\/v2\/tags?post=27531"}],"curies":[{"name":"wp","href":"https:\/\/api.w.org\/{rel}","templated":true}]}}