{"id":27592,"date":"2018-08-31T09:00:52","date_gmt":"2018-08-31T07:00:52","guid":{"rendered":"https:\/\/www.treatwell.es\/in-the-glow\/?p=17634"},"modified":"2025-12-15T23:53:39","modified_gmt":"2025-12-15T22:53:39","slug":"glass-hair-la-moda-del-pelo-ultraliso","status":"publish","type":"post","link":"https:\/\/www.treatwell.es/in-the-glow\/glass-hair-la-moda-del-pelo-ultraliso\/","title":{"rendered":"El Glass Hair o la moda del pelo ultraliso"},"content":{"rendered":"<p><span style=\"font-weight: 400\">\u00bfTienes el pelo tan fino y liso que las ondas te duran segundos? \u00a1Tenemos tu peinado perfecto, amiga! Olv\u00eddate de todo porque ahora lo que se lleva es el pelo ultraliso<\/span><span style=\"font-weight: 400\">. La moda del Glass Hair ha llegado de la mano de celebrities de la talla de Bella Hadid. Y oye que si ellas lo dicen, \u00a1larga vida al pelo liso!<\/span><\/p>\n<p><span style=\"font-weight: 400\">Adem\u00e1s, este estilo nos flipa porque si no eres de las que puede lucir por gracia divina ese liso tabla\u2026 \u00a1Saca la plancha y arreglado! Un look perfecto para llevar en tu d\u00eda a d\u00eda o para cambiar de peinado de vez en cuando.\u00a0<\/span><\/p>\n<div class=\"schema-faq wp-block-yoast-faq-block\">\n<div class=\"schema-faq-section\" id=\"faq-question-1765838504548\">\n<h3 class=\"schema-faq-question\">\u00bfQu\u00e9 es el Glass Hair y por qu\u00e9 est\u00e1 de moda?<\/h3>\n<p class=\"schema-faq-answer\">El Glass Hair es un estilo de cabello ultraliso y brillante que destaca por su acabado impecable. Este look se ha puesto de moda gracias a celebridades y es ideal para quienes quieren conseguir un efecto liso perfecto y pulido.<\/div>\n<div class=\"schema-faq-section\" id=\"faq-question-1765838504549\">\n<h3 class=\"schema-faq-question\">\u00bfC\u00f3mo conseguir un peinado ultraliso si tengo el pelo fino y liso?<\/h3>\n<p class=\"schema-faq-answer\">Utiliza una plancha para alisar el cabello y consigue un acabado liso tabla aunque tu pelo sea fino. Este truco permite lucir un estilo ultraliso a cualquier persona que lo desee, sin importar la textura natural.<\/div>\n<div class=\"schema-faq-section\" id=\"faq-question-1765838504550\">\n<h3 class=\"schema-faq-question\">\u00bfEn qu\u00e9 ocasiones puedo lucir el Glass Hair?<\/h3>\n<p class=\"schema-faq-answer\">El Glass Hair es perfecto tanto para el d\u00eda a d\u00eda como para cambiar de peinado en momentos especiales. Este estilo vers\u00e1til se adapta a diferentes eventos y permite renovar tu imagen de forma sencilla cuando quieras un cambio sutil o elegante.<\/div>\n<div class=\"schema-faq-section\" id=\"faq-question-1765838504551\">\n<h3 class=\"schema-faq-question\">\u00bfEs necesario tener el cabello liso natural para lucir Glass Hair?<\/h3>\n<p class=\"schema-faq-answer\">No es necesario tener el cabello liso natural, ya que basta con utilizar una plancha para lograr el efecto Glass Hair. Cualquier persona puede lucir este peinado, independientemente del tipo o textura de su cabello.<\/div>\n<\/p><\/div>\n","protected":false},"excerpt":{"rendered":"<p>\u00bfTienes el pelo tan fino y liso que las ondas te duran segundos? \u00a1Tenemos tu peinado perfecto, amiga! Olv\u00eddate de todo porque ahora lo que se lleva es el pelo ultraliso. La moda del Glass Hair ha llegado de la mano de celebrities de la talla de Bella Hadid. Y oye que si ellas lo [&hellip;]<\/p>\n","protected":false},"author":3319,"featured_media":27607,"comment_status":"closed","ping_status":"closed","sticky":false,"template":"","format":"standard","meta":{"_acf_changed":false,"_yoast_wpseo_title":"Glass Hair: el look ultraliso tendencia | Treatwell","_yoast_wpseo_metadesc":"Glass Hair es el peinado tendencia para cabello liso perfecto. Descubre c\u00f3mo lograr un acabado brillante y pulido f\u00e1cilmente con plancha y consejos pro en Treatwell.","_genesis_hide_title":false,"_genesis_hide_breadcrumbs":false,"_genesis_hide_singular_image":false,"_genesis_hide_footer_widgets":false,"_genesis_custom_body_class":"","_genesis_custom_post_class":"","_genesis_layout":"","saswp_custom_schema_field":"{\"@context\":\"https:\/\/schema.org\",\"@type\":\"FAQPage\",\"mainEntity\":[{\"@type\":\"Question\",\"name\":\"\u00bfQu\u00e9 es el Glass Hair y por qu\u00e9 est\u00e1 de moda?\",\"acceptedAnswer\":{\"@type\":\"Answer\",\"text\":\"El Glass Hair es un estilo de cabello ultraliso y brillante que destaca por su acabado impecable. Este look se ha puesto de moda gracias a celebridades y es ideal para quienes quieren conseguir un efecto liso perfecto y pulido.\"}},{\"@type\":\"Question\",\"name\":\"\u00bfC\u00f3mo conseguir un peinado ultraliso si tengo el pelo fino y liso?\",\"acceptedAnswer\":{\"@type\":\"Answer\",\"text\":\"Utiliza una plancha para alisar el cabello y consigue un acabado liso tabla aunque tu pelo sea fino. Este truco permite lucir un estilo ultraliso a cualquier persona que lo desee, sin importar la textura natural.\"}},{\"@type\":\"Question\",\"name\":\"\u00bfEn qu\u00e9 ocasiones puedo lucir el Glass Hair?\",\"acceptedAnswer\":{\"@type\":\"Answer\",\"text\":\"El Glass Hair es perfecto tanto para el d\u00eda a d\u00eda como para cambiar de peinado en momentos especiales. Este estilo vers\u00e1til se adapta a diferentes eventos y permite renovar tu imagen de forma sencilla cuando quieras un cambio sutil o elegante.\"}},{\"@type\":\"Question\",\"name\":\"\u00bfEs necesario tener el cabello liso natural para lucir Glass Hair?\",\"acceptedAnswer\":{\"@type\":\"Answer\",\"text\":\"No es necesario tener el cabello liso natural, ya que basta con utilizar una plancha para lograr el efecto Glass Hair. Cualquier persona puede lucir este peinado, independientemente del tipo o textura de su cabello.\"}}]}","footnotes":""},"categories":[2],"tags":[143,27,10],"class_list":{"0":"post-27592","1":"post","2":"type-post","3":"status-publish","4":"format-standard","5":"has-post-thumbnail","7":"category-tendencias","8":"tag-tr465","9":"tag-tt6","10":"tag-tr166","11":"entry"},"acf":{"post_credits":"Cr\u00e9ditos de las im\u00e1genes: Instagram de @chadwoodhair, @dualipa, @bellahadid, @caroladearmas, @cashlawlesshair, @haileybaldwin, @lucyhale, @maximrevista, @oliviaculpo, @emmaroberts","beauty_blog_post_button_title":"Consigue el look","beauty_blog_post_button":"https:\/\/www.treatwell.es\/establecimientos\/tratamiento-lavado-y-peinado\/oferta-tipo-local\/en-es\/","landscape_picture":27606,"blocks":[{"block_title":"","block_content":"","video_content":"","block_picture":27593},{"block_title":"","block_content":"","video_content":"","block_picture":27594},{"block_title":"","block_content":"","video_content":"","block_picture":27595},{"block_title":"","block_content":"","video_content":"","block_picture":27596},{"block_title":"","block_content":"","video_content":"","block_picture":27597},{"block_title":"","block_content":"","video_content":"","block_picture":27598},{"block_title":"","block_content":"","video_content":"","block_picture":27599},{"block_title":"","block_content":"","video_content":"","block_picture":27600},{"block_title":"","block_content":"","video_content":"","block_picture":27601},{"block_title":"","block_content":"","video_content":"","block_picture":27602},{"block_title":"","block_content":"","video_content":"","block_picture":27603},{"block_title":"","block_content":"","video_content":"","block_picture":27604},{"block_title":"","block_content":"","video_content":"","block_picture":27605}]},"yoast_head":"<!-- This site is optimized with the Yoast SEO plugin v27.5 - https:\/\/yoast.com\/product\/yoast-seo-wordpress\/ -->\n<title>Glass Hair: el look ultraliso tendencia | Treatwell<\/title>\n<meta name=\"description\" content=\"Glass Hair es el peinado tendencia para cabello liso perfecto. Descubre c\u00f3mo lograr un acabado brillante y pulido f\u00e1cilmente con plancha y consejos pro en Treatwell.\" \/>\n<meta name=\"robots\" content=\"index, follow, max-snippet:-1, max-image-preview:large, max-video-preview:-1\" \/>\n<link rel=\"canonical\" href=\"https:\/\/www.treatwell.es/in-the-glow\/glass-hair-la-moda-del-pelo-ultraliso\/\" \/>\n<meta property=\"og:locale\" content=\"es_ES\" \/>\n<meta property=\"og:type\" content=\"article\" \/>\n<meta property=\"og:title\" content=\"Glass Hair: el look ultraliso tendencia | Treatwell\" \/>\n<meta property=\"og:description\" content=\"Glass Hair es el peinado tendencia para cabello liso perfecto. Descubre c\u00f3mo lograr un acabado brillante y pulido f\u00e1cilmente con plancha y consejos pro en Treatwell.\" \/>\n<meta property=\"og:url\" content=\"https:\/\/www.treatwell.es/in-the-glow\/glass-hair-la-moda-del-pelo-ultraliso\/\" \/>\n<meta property=\"og:site_name\" content=\"In The Glow\" \/>\n<meta property=\"article:published_time\" content=\"2018-08-31T07:00:52+00:00\" \/>\n<meta property=\"article:modified_time\" content=\"2025-12-15T22:53:39+00:00\" \/>\n<meta property=\"og:image\" content=\"https:\/\/www.treatwell.es/in-the-glow\/wp-content\/uploads\/sites\/10\/2022\/03\/bellahadid.png\" \/>\n\t<meta property=\"og:image:width\" content=\"467\" \/>\n\t<meta property=\"og:image:height\" content=\"538\" \/>\n\t<meta property=\"og:image:type\" content=\"image\/png\" \/>\n<meta name=\"twitter:card\" content=\"summary_large_image\" \/>\n<meta name=\"twitter:label1\" content=\"Escrito por\" \/>\n\t<meta name=\"twitter:data1\" content=\"\" \/>\n\t<meta name=\"twitter:label2\" content=\"Tiempo de lectura\" \/>\n\t<meta name=\"twitter:data2\" content=\"2 minutos\" \/>\n<script type=\"application\/ld+json\" class=\"yoast-schema-graph\">{\"@context\":\"https:\\\/\\\/schema.org\",\"@graph\":[{\"@type\":\"Article\",\"@id\":\"https:\\\/\\\/www.treatwell.es/in-the-glow\\\/glass-hair-la-moda-del-pelo-ultraliso\\\/#article\",\"isPartOf\":{\"@id\":\"https:\\\/\\\/www.treatwell.es/in-the-glow\\\/glass-hair-la-moda-del-pelo-ultraliso\\\/\"},\"author\":{\"name\":\"\",\"@id\":\"\"},\"headline\":\"El Glass Hair o la moda del pelo ultraliso\",\"datePublished\":\"2018-08-31T07:00:52+00:00\",\"dateModified\":\"2025-12-15T22:53:39+00:00\",\"mainEntityOfPage\":{\"@id\":\"https:\\\/\\\/www.treatwell.es/in-the-glow\\\/glass-hair-la-moda-del-pelo-ultraliso\\\/\"},\"wordCount\":317,\"publisher\":{\"@id\":\"https:\\\/\\\/www.treatwell.es/in-the-glow\\\/#organization\"},\"image\":{\"@id\":\"https:\\\/\\\/www.treatwell.es/in-the-glow\\\/glass-hair-la-moda-del-pelo-ultraliso\\\/#primaryimage\"},\"thumbnailUrl\":\"https:\\\/\\\/www.treatwell.es/in-the-glow\\\/wp-content\\\/uploads\\\/sites\\\/10\\\/2022\\\/03\\\/bellahadid.png\",\"keywords\":[\"Blow Dry\",\"Hair\",\"Haircuts and Hairdressing\"],\"articleSection\":[\"Tendencias\"],\"inLanguage\":\"es\"},{\"@type\":\"WebPage\",\"@id\":\"https:\\\/\\\/www.treatwell.es/in-the-glow\\\/glass-hair-la-moda-del-pelo-ultraliso\\\/\",\"url\":\"https:\\\/\\\/www.treatwell.es/in-the-glow\\\/glass-hair-la-moda-del-pelo-ultraliso\\\/\",\"name\":\"Glass Hair: el look ultraliso tendencia | Treatwell\",\"isPartOf\":{\"@id\":\"https:\\\/\\\/www.treatwell.es/in-the-glow\\\/#website\"},\"primaryImageOfPage\":{\"@id\":\"https:\\\/\\\/www.treatwell.es/in-the-glow\\\/glass-hair-la-moda-del-pelo-ultraliso\\\/#primaryimage\"},\"image\":{\"@id\":\"https:\\\/\\\/www.treatwell.es/in-the-glow\\\/glass-hair-la-moda-del-pelo-ultraliso\\\/#primaryimage\"},\"thumbnailUrl\":\"https:\\\/\\\/www.treatwell.es/in-the-glow\\\/wp-content\\\/uploads\\\/sites\\\/10\\\/2022\\\/03\\\/bellahadid.png\",\"datePublished\":\"2018-08-31T07:00:52+00:00\",\"dateModified\":\"2025-12-15T22:53:39+00:00\",\"description\":\"Glass Hair es el peinado tendencia para cabello liso perfecto. Descubre c\u00f3mo lograr un acabado brillante y pulido f\u00e1cilmente con plancha y consejos pro en Treatwell.\",\"breadcrumb\":{\"@id\":\"https:\\\/\\\/www.treatwell.es/in-the-glow\\\/glass-hair-la-moda-del-pelo-ultraliso\\\/#breadcrumb\"},\"inLanguage\":\"es\",\"potentialAction\":[{\"@type\":\"ReadAction\",\"target\":[\"https:\\\/\\\/www.treatwell.es/in-the-glow\\\/glass-hair-la-moda-del-pelo-ultraliso\\\/\"]}]},{\"@type\":\"ImageObject\",\"inLanguage\":\"es\",\"@id\":\"https:\\\/\\\/www.treatwell.es/in-the-glow\\\/glass-hair-la-moda-del-pelo-ultraliso\\\/#primaryimage\",\"url\":\"https:\\\/\\\/www.treatwell.es/in-the-glow\\\/wp-content\\\/uploads\\\/sites\\\/10\\\/2022\\\/03\\\/bellahadid.png\",\"contentUrl\":\"https:\\\/\\\/www.treatwell.es/in-the-glow\\\/wp-content\\\/uploads\\\/sites\\\/10\\\/2022\\\/03\\\/bellahadid.png\",\"width\":467,\"height\":538},{\"@type\":\"BreadcrumbList\",\"@id\":\"https:\\\/\\\/www.treatwell.es/in-the-glow\\\/glass-hair-la-moda-del-pelo-ultraliso\\\/#breadcrumb\",\"itemListElement\":[{\"@type\":\"ListItem\",\"position\":1,\"name\":\"Home\",\"item\":\"https:\\\/\\\/www.treatwell.es/in-the-glow\\\/\"},{\"@type\":\"ListItem\",\"position\":2,\"name\":\"Tendencias\",\"item\":\"https:\\\/\\\/www.treatwell.es/in-the-glow\\\/tendencias\\\/\"},{\"@type\":\"ListItem\",\"position\":3,\"name\":\"El Glass Hair o la moda del pelo ultraliso\"}]},{\"@type\":\"WebSite\",\"@id\":\"https:\\\/\\\/www.treatwell.es/in-the-glow\\\/#website\",\"url\":\"https:\\\/\\\/www.treatwell.es/in-the-glow\\\/\",\"name\":\"In The Glow\",\"description\":\"Belleza. Pelo. Lifestyle.\",\"publisher\":{\"@id\":\"https:\\\/\\\/www.treatwell.es/in-the-glow\\\/#organization\"},\"potentialAction\":[{\"@type\":\"SearchAction\",\"target\":{\"@type\":\"EntryPoint\",\"urlTemplate\":\"https:\\\/\\\/www.treatwell.es/in-the-glow\\\/?s={search_term_string}\"},\"query-input\":{\"@type\":\"PropertyValueSpecification\",\"valueRequired\":true,\"valueName\":\"search_term_string\"}}],\"inLanguage\":\"es\"},{\"@type\":\"Organization\",\"@id\":\"https:\\\/\\\/www.treatwell.es/in-the-glow\\\/#organization\",\"name\":\"Treatwell\",\"url\":\"https:\\\/\\\/www.treatwell.es/in-the-glow\\\/\",\"logo\":{\"@type\":\"ImageObject\",\"inLanguage\":\"es\",\"@id\":\"https:\\\/\\\/www.treatwell.es/in-the-glow\\\/#\\\/schema\\\/logo\\\/image\\\/\",\"url\":\"https:\\\/\\\/www.treatwell.es/in-the-glow\\\/wp-content\\\/uploads\\\/sites\\\/10\\\/2022\\\/03\\\/logo_treatwell.png\",\"contentUrl\":\"https:\\\/\\\/www.treatwell.es/in-the-glow\\\/wp-content\\\/uploads\\\/sites\\\/10\\\/2022\\\/03\\\/logo_treatwell.png\",\"width\":889,\"height\":164,\"caption\":\"Treatwell\"},\"image\":{\"@id\":\"https:\\\/\\\/www.treatwell.es/in-the-glow\\\/#\\\/schema\\\/logo\\\/image\\\/\"}},{\"@type\":\"Person\",\"@id\":\"\",\"url\":\"https:\\\/\\\/www.treatwell.es/in-the-glow\\\/author\\\/\"}]}<\/script>\n<!-- \/ Yoast SEO plugin. -->","yoast_head_json":{"title":"Glass Hair: el look ultraliso tendencia | Treatwell","description":"Glass Hair es el peinado tendencia para cabello liso perfecto. Descubre c\u00f3mo lograr un acabado brillante y pulido f\u00e1cilmente con plancha y consejos pro en Treatwell.","robots":{"index":"index","follow":"follow","max-snippet":"max-snippet:-1","max-image-preview":"max-image-preview:large","max-video-preview":"max-video-preview:-1"},"canonical":"https:\/\/www.treatwell.es/in-the-glow\/glass-hair-la-moda-del-pelo-ultraliso\/","og_locale":"es_ES","og_type":"article","og_title":"Glass Hair: el look ultraliso tendencia | Treatwell","og_description":"Glass Hair es el peinado tendencia para cabello liso perfecto. Descubre c\u00f3mo lograr un acabado brillante y pulido f\u00e1cilmente con plancha y consejos pro en Treatwell.","og_url":"https:\/\/www.treatwell.es/in-the-glow\/glass-hair-la-moda-del-pelo-ultraliso\/","og_site_name":"In The Glow","article_published_time":"2018-08-31T07:00:52+00:00","article_modified_time":"2025-12-15T22:53:39+00:00","og_image":[{"width":467,"height":538,"url":"https:\/\/www.treatwell.es/in-the-glow\/wp-content\/uploads\/sites\/10\/2022\/03\/bellahadid.png","type":"image\/png"}],"twitter_card":"summary_large_image","twitter_misc":{"Escrito por":"","Tiempo de lectura":"2 minutos"},"schema":{"@context":"https:\/\/schema.org","@graph":[{"@type":"Article","@id":"https:\/\/www.treatwell.es/in-the-glow\/glass-hair-la-moda-del-pelo-ultraliso\/#article","isPartOf":{"@id":"https:\/\/www.treatwell.es/in-the-glow\/glass-hair-la-moda-del-pelo-ultraliso\/"},"author":{"name":"","@id":""},"headline":"El Glass Hair o la moda del pelo ultraliso","datePublished":"2018-08-31T07:00:52+00:00","dateModified":"2025-12-15T22:53:39+00:00","mainEntityOfPage":{"@id":"https:\/\/www.treatwell.es/in-the-glow\/glass-hair-la-moda-del-pelo-ultraliso\/"},"wordCount":317,"publisher":{"@id":"https:\/\/www.treatwell.es/in-the-glow\/#organization"},"image":{"@id":"https:\/\/www.treatwell.es/in-the-glow\/glass-hair-la-moda-del-pelo-ultraliso\/#primaryimage"},"thumbnailUrl":"https:\/\/www.treatwell.es/in-the-glow\/wp-content\/uploads\/sites\/10\/2022\/03\/bellahadid.png","keywords":["Blow Dry","Hair","Haircuts and Hairdressing"],"articleSection":["Tendencias"],"inLanguage":"es"},{"@type":"WebPage","@id":"https:\/\/www.treatwell.es/in-the-glow\/glass-hair-la-moda-del-pelo-ultraliso\/","url":"https:\/\/www.treatwell.es/in-the-glow\/glass-hair-la-moda-del-pelo-ultraliso\/","name":"Glass Hair: el look ultraliso tendencia | Treatwell","isPartOf":{"@id":"https:\/\/www.treatwell.es/in-the-glow\/#website"},"primaryImageOfPage":{"@id":"https:\/\/www.treatwell.es/in-the-glow\/glass-hair-la-moda-del-pelo-ultraliso\/#primaryimage"},"image":{"@id":"https:\/\/www.treatwell.es/in-the-glow\/glass-hair-la-moda-del-pelo-ultraliso\/#primaryimage"},"thumbnailUrl":"https:\/\/www.treatwell.es/in-the-glow\/wp-content\/uploads\/sites\/10\/2022\/03\/bellahadid.png","datePublished":"2018-08-31T07:00:52+00:00","dateModified":"2025-12-15T22:53:39+00:00","description":"Glass Hair es el peinado tendencia para cabello liso perfecto. Descubre c\u00f3mo lograr un acabado brillante y pulido f\u00e1cilmente con plancha y consejos pro en Treatwell.","breadcrumb":{"@id":"https:\/\/www.treatwell.es/in-the-glow\/glass-hair-la-moda-del-pelo-ultraliso\/#breadcrumb"},"inLanguage":"es","potentialAction":[{"@type":"ReadAction","target":["https:\/\/www.treatwell.es/in-the-glow\/glass-hair-la-moda-del-pelo-ultraliso\/"]}]},{"@type":"ImageObject","inLanguage":"es","@id":"https:\/\/www.treatwell.es/in-the-glow\/glass-hair-la-moda-del-pelo-ultraliso\/#primaryimage","url":"https:\/\/www.treatwell.es/in-the-glow\/wp-content\/uploads\/sites\/10\/2022\/03\/bellahadid.png","contentUrl":"https:\/\/www.treatwell.es/in-the-glow\/wp-content\/uploads\/sites\/10\/2022\/03\/bellahadid.png","width":467,"height":538},{"@type":"BreadcrumbList","@id":"https:\/\/www.treatwell.es/in-the-glow\/glass-hair-la-moda-del-pelo-ultraliso\/#breadcrumb","itemListElement":[{"@type":"ListItem","position":1,"name":"Home","item":"https:\/\/www.treatwell.es/in-the-glow\/"},{"@type":"ListItem","position":2,"name":"Tendencias","item":"https:\/\/www.treatwell.es/in-the-glow\/tendencias\/"},{"@type":"ListItem","position":3,"name":"El Glass Hair o la moda del pelo ultraliso"}]},{"@type":"WebSite","@id":"https:\/\/www.treatwell.es/in-the-glow\/#website","url":"https:\/\/www.treatwell.es/in-the-glow\/","name":"In The Glow","description":"Belleza. Pelo. Lifestyle.","publisher":{"@id":"https:\/\/www.treatwell.es/in-the-glow\/#organization"},"potentialAction":[{"@type":"SearchAction","target":{"@type":"EntryPoint","urlTemplate":"https:\/\/www.treatwell.es/in-the-glow\/?s={search_term_string}"},"query-input":{"@type":"PropertyValueSpecification","valueRequired":true,"valueName":"search_term_string"}}],"inLanguage":"es"},{"@type":"Organization","@id":"https:\/\/www.treatwell.es/in-the-glow\/#organization","name":"Treatwell","url":"https:\/\/www.treatwell.es/in-the-glow\/","logo":{"@type":"ImageObject","inLanguage":"es","@id":"https:\/\/www.treatwell.es/in-the-glow\/#\/schema\/logo\/image\/","url":"https:\/\/www.treatwell.es/in-the-glow\/wp-content\/uploads\/sites\/10\/2022\/03\/logo_treatwell.png","contentUrl":"https:\/\/www.treatwell.es/in-the-glow\/wp-content\/uploads\/sites\/10\/2022\/03\/logo_treatwell.png","width":889,"height":164,"caption":"Treatwell"},"image":{"@id":"https:\/\/www.treatwell.es/in-the-glow\/#\/schema\/logo\/image\/"}},{"@type":"Person","@id":"","url":"https:\/\/www.treatwell.es/in-the-glow\/author\/"}]}},"featured_image_src":"https:\/\/www.treatwell.es/in-the-glow\/wp-content\/uploads\/sites\/10\/2022\/03\/bellahadid-467x400.png","featured_image_src_square":"https:\/\/www.treatwell.es/in-the-glow\/wp-content\/uploads\/sites\/10\/2022\/03\/bellahadid.png","author_info":{"display_name":"","author_link":"https:\/\/www.treatwell.es/in-the-glow\/author\/"},"_links":{"self":[{"href":"https:\/\/www.treatwell.es\/in-the-glow\/wp-json\/wp\/v2\/posts\/27592","targetHints":{"allow":["GET"]}}],"collection":[{"href":"https:\/\/www.treatwell.es\/in-the-glow\/wp-json\/wp\/v2\/posts"}],"about":[{"href":"https:\/\/www.treatwell.es\/in-the-glow\/wp-json\/wp\/v2\/types\/post"}],"author":[{"embeddable":true,"href":"https:\/\/www.treatwell.es\/in-the-glow\/wp-json\/wp\/v2\/users\/3319"}],"replies":[{"embeddable":true,"href":"https:\/\/www.treatwell.es\/in-the-glow\/wp-json\/wp\/v2\/comments?post=27592"}],"version-history":[{"count":0,"href":"https:\/\/www.treatwell.es\/in-the-glow\/wp-json\/wp\/v2\/posts\/27592\/revisions"}],"wp:featuredmedia":[{"embeddable":true,"href":"https:\/\/www.treatwell.es\/in-the-glow\/wp-json\/wp\/v2\/media\/27607"}],"wp:attachment":[{"href":"https:\/\/www.treatwell.es\/in-the-glow\/wp-json\/wp\/v2\/media?parent=27592"}],"wp:term":[{"taxonomy":"category","embeddable":true,"href":"https:\/\/www.treatwell.es\/in-the-glow\/wp-json\/wp\/v2\/categories?post=27592"},{"taxonomy":"post_tag","embeddable":true,"href":"https:\/\/www.treatwell.es\/in-the-glow\/wp-json\/wp\/v2\/tags?post=27592"}],"curies":[{"name":"wp","href":"https:\/\/api.w.org\/{rel}","templated":true}]}}