{"id":27842,"date":"2018-09-25T09:00:22","date_gmt":"2018-09-25T07:00:22","guid":{"rendered":"https:\/\/www.treatwell.es\/in-the-glow\/?p=18460"},"modified":"2025-12-15T23:53:45","modified_gmt":"2025-12-15T22:53:45","slug":"repasamos-los-cambios-look-blanca-suarez","status":"publish","type":"post","link":"https:\/\/www.treatwell.es/in-the-glow\/repasamos-los-cambios-look-blanca-suarez\/","title":{"rendered":"Repasamos los cambios de look de Blanca Su\u00e1rez"},"content":{"rendered":"<p><span style=\"font-weight: 400\">Blanca Su\u00e1rez. Esa mujer que ha lucido casi todas, todas, las tendencias de belleza de los \u00faltimos a\u00f1os. Y es que no solo sigue las modas, es que las crea. Luce un d\u00eda unas espectaculares <a href=\"https:\/\/www.treatwell.es\/in-the-glow\/extensiones-de-pelo\/\">extensiones de pelo<\/a>\u00a0y al d\u00eda siguiente toda la prensa habla de eso. Vamos, que es toda una creadora de tendencias. Y l<\/span>o cierto es que la amamos vaya como vaya; siendo sinceras, es que \u00a1todo le queda bien!<\/p>\n<p><span style=\"font-weight: 400\">La hemos visto rubia, morena, pelirroja, con flequillo, sin, con corte bob, con <a href=\"https:\/\/www.treatwell.es\/in-the-glow\/wob-peinado-perfecto-pelo-fino\/\">corte wob<\/a>, a lo <a href=\"https:\/\/www.treatwell.es\/in-the-glow\/glass-hair-la-moda-del-pelo-ultraliso\/\">glass hair<\/a>\u2026 Vamos que lo \u00fanico que le queda ya es atreverse con el pixie.\u00a0<\/span><\/p>\n<p><span style=\"font-weight: 400\">Hemos recopilado algunos de sus mejores looks recientes. <\/span><\/p>\n<p><span style=\"font-weight: 400\">\u00bfCon cu\u00e1l te quedas?<\/span><\/p>\n<div class=\"schema-faq wp-block-yoast-faq-block\">\n<div class=\"schema-faq-section\" id=\"faq-question-1765838440226\">\n<h3 class=\"schema-faq-question\">\u00bfCu\u00e1les son los looks de cabello m\u00e1s ic\u00f3nicos de Blanca Su\u00e1rez?<\/h3>\n<p class=\"schema-faq-answer\">Blanca Su\u00e1rez ha lucido todos los estilos tendencia: rubio, moreno, pelirrojo, con flequillo, sin flequillo, corte bob, wob y glass hair. Se caracteriza por atreverse con cambios constantes y marcar tendencia con cada transformaci\u00f3n.<\/div>\n<div class=\"schema-faq-section\" id=\"faq-question-1765838440227\">\n<h3 class=\"schema-faq-question\">\u00bfQu\u00e9 son las extensiones de pelo y por qu\u00e9 causan tendencia?<\/h3>\n<p class=\"schema-faq-answer\">Las extensiones de pelo son sistemas para a\u00f1adir longitud o volumen y dotar el cabello de un aspecto renovado al instante. Cuando una celebridad como Blanca Su\u00e1rez las lleva, las extensiones se convierten r\u00e1pidamente en tendencia destacada de belleza.<\/div>\n<div class=\"schema-faq-section\" id=\"faq-question-1765838440228\">\n<h3 class=\"schema-faq-question\">\u00bfC\u00f3mo conseguir un corte wob similar al de Blanca Su\u00e1rez?<\/h3>\n<p class=\"schema-faq-answer\">Reserva tu cita para un corte wob, ideal para cabello fino y con textura ligera. Este corte aporta movimiento y modernidad al look, inspirado en los estilos m\u00e1s actuales que luce Blanca Su\u00e1rez.<\/div>\n<div class=\"schema-faq-section\" id=\"faq-question-1765838440229\">\n<h3 class=\"schema-faq-question\">\u00bfQu\u00e9 es el vidrio ultraliso conocido como glass hair?<\/h3>\n<p class=\"schema-faq-answer\">El glass hair es un acabado ultraliso, brillante y pulido en todo el cabello. Permite mostrar un aspecto impecable y sofisticado, reflejando luz como si fuera vidrio; este look resalta tu melena con un toque vanguardista.<\/div>\n<div class=\"schema-faq-section\" id=\"faq-question-1765838440230\">\n<h3 class=\"schema-faq-question\">\u00bfSe ha atrevido Blanca Su\u00e1rez con el corte pixie?<\/h3>\n<p class=\"schema-faq-answer\">Blanca Su\u00e1rez a\u00fan no ha lucido un corte pixie en sus cambios de imagen. Aunque ha probado casi todos los estilos, el pixie es el \u00fanico look llamativo que todav\u00eda espera explorar.<\/div>\n<\/p><\/div>\n","protected":false},"excerpt":{"rendered":"<p>Blanca Su\u00e1rez. Esa mujer que ha lucido casi todas, todas, las tendencias de belleza de los \u00faltimos a\u00f1os. Y es que no solo sigue las modas, es que las crea. Luce un d\u00eda unas espectaculares extensiones de pelo\u00a0y al d\u00eda siguiente toda la prensa habla de eso. Vamos, que es toda una creadora de tendencias. [&hellip;]<\/p>\n","protected":false},"author":3319,"featured_media":27867,"comment_status":"closed","ping_status":"closed","sticky":false,"template":"","format":"standard","meta":{"_acf_changed":false,"_yoast_wpseo_title":"Blanca Su\u00e1rez: looks y tendencias de pelo favoritos | Treatwell","_yoast_wpseo_metadesc":"Descubre los mejores looks y peinados de Blanca Su\u00e1rez. Inspiraci\u00f3n en cortes, colores y tendencias que arrasan. Elige tu estilo favorito y renueva tu imagen.","_genesis_hide_title":false,"_genesis_hide_breadcrumbs":false,"_genesis_hide_singular_image":false,"_genesis_hide_footer_widgets":false,"_genesis_custom_body_class":"","_genesis_custom_post_class":"","_genesis_layout":"","saswp_custom_schema_field":"{\"@context\":\"https:\/\/schema.org\",\"@type\":\"FAQPage\",\"mainEntity\":[{\"@type\":\"Question\",\"name\":\"\u00bfCu\u00e1les son los looks de cabello m\u00e1s ic\u00f3nicos de Blanca Su\u00e1rez?\",\"acceptedAnswer\":{\"@type\":\"Answer\",\"text\":\"Blanca Su\u00e1rez ha lucido todos los estilos tendencia: rubio, moreno, pelirrojo, con flequillo, sin flequillo, corte bob, wob y glass hair. Se caracteriza por atreverse con cambios constantes y marcar tendencia con cada transformaci\u00f3n.\"}},{\"@type\":\"Question\",\"name\":\"\u00bfQu\u00e9 son las extensiones de pelo y por qu\u00e9 causan tendencia?\",\"acceptedAnswer\":{\"@type\":\"Answer\",\"text\":\"Las extensiones de pelo son sistemas para a\u00f1adir longitud o volumen y dotar el cabello de un aspecto renovado al instante. Cuando una celebridad como Blanca Su\u00e1rez las lleva, las extensiones se convierten r\u00e1pidamente en tendencia destacada de belleza.\"}},{\"@type\":\"Question\",\"name\":\"\u00bfC\u00f3mo conseguir un corte wob similar al de Blanca Su\u00e1rez?\",\"acceptedAnswer\":{\"@type\":\"Answer\",\"text\":\"Reserva tu cita para un corte wob, ideal para cabello fino y con textura ligera. Este corte aporta movimiento y modernidad al look, inspirado en los estilos m\u00e1s actuales que luce Blanca Su\u00e1rez.\"}},{\"@type\":\"Question\",\"name\":\"\u00bfQu\u00e9 es el vidrio ultraliso conocido como glass hair?\",\"acceptedAnswer\":{\"@type\":\"Answer\",\"text\":\"El glass hair es un acabado ultraliso, brillante y pulido en todo el cabello. Permite mostrar un aspecto impecable y sofisticado, reflejando luz como si fuera vidrio; este look resalta tu melena con un toque vanguardista.\"}},{\"@type\":\"Question\",\"name\":\"\u00bfSe ha atrevido Blanca Su\u00e1rez con el corte pixie?\",\"acceptedAnswer\":{\"@type\":\"Answer\",\"text\":\"Blanca Su\u00e1rez a\u00fan no ha lucido un corte pixie en sus cambios de imagen. Aunque ha probado casi todos los estilos, el pixie es el \u00fanico look llamativo que todav\u00eda espera explorar.\"}}]}","footnotes":""},"categories":[2],"tags":[27,10],"class_list":{"0":"post-27842","1":"post","2":"type-post","3":"status-publish","4":"format-standard","5":"has-post-thumbnail","7":"category-tendencias","8":"tag-tt6","9":"tag-tr166","10":"entry"},"acf":{"post_credits":"Cr\u00e9ditos de las im\u00e1genes: Instagram de @blanca_suarez","beauty_blog_post_button_title":"","beauty_blog_post_button":"","landscape_picture":27866,"blocks":[{"block_title":"","block_content":"","video_content":"","block_picture":27843},{"block_title":"","block_content":"","video_content":"","block_picture":27844},{"block_title":"","block_content":"","video_content":"","block_picture":27845},{"block_title":"","block_content":"","video_content":"","block_picture":27846},{"block_title":"","block_content":"","video_content":"","block_picture":27847},{"block_title":"","block_content":"","video_content":"","block_picture":27848},{"block_title":"","block_content":"","video_content":"","block_picture":27849},{"block_title":"","block_content":"","video_content":"","block_picture":27850},{"block_title":"","block_content":"","video_content":"","block_picture":27851},{"block_title":"","block_content":"","video_content":"","block_picture":27852},{"block_title":"","block_content":"","video_content":"","block_picture":27853},{"block_title":"","block_content":"","video_content":"","block_picture":27854},{"block_title":"","block_content":"","video_content":"","block_picture":27855},{"block_title":"","block_content":"","video_content":"","block_picture":27856},{"block_title":"","block_content":"","video_content":"","block_picture":27857},{"block_title":"","block_content":"","video_content":"","block_picture":27858},{"block_title":"","block_content":"","video_content":"","block_picture":27859},{"block_title":"","block_content":"","video_content":"","block_picture":27860},{"block_title":"","block_content":"","video_content":"","block_picture":27861},{"block_title":"","block_content":"","video_content":"","block_picture":27862},{"block_title":"","block_content":"","video_content":"","block_picture":27863},{"block_title":"","block_content":"","video_content":"","block_picture":27864},{"block_title":"","block_content":"","video_content":"","block_picture":27865}]},"yoast_head":"<!-- This site is optimized with the Yoast SEO plugin v27.5 - https:\/\/yoast.com\/product\/yoast-seo-wordpress\/ -->\n<title>Blanca Su\u00e1rez: looks y tendencias de pelo favoritos | Treatwell<\/title>\n<meta name=\"description\" content=\"Descubre los mejores looks y peinados de Blanca Su\u00e1rez. Inspiraci\u00f3n en cortes, colores y tendencias que arrasan. Elige tu estilo favorito y renueva tu imagen.\" \/>\n<meta name=\"robots\" content=\"index, follow, max-snippet:-1, max-image-preview:large, max-video-preview:-1\" \/>\n<link rel=\"canonical\" href=\"https:\/\/www.treatwell.es/in-the-glow\/repasamos-los-cambios-look-blanca-suarez\/\" \/>\n<meta property=\"og:locale\" content=\"es_ES\" \/>\n<meta property=\"og:type\" content=\"article\" \/>\n<meta property=\"og:title\" content=\"Blanca Su\u00e1rez: looks y tendencias de pelo favoritos | Treatwell\" \/>\n<meta property=\"og:description\" content=\"Descubre los mejores looks y peinados de Blanca Su\u00e1rez. Inspiraci\u00f3n en cortes, colores y tendencias que arrasan. Elige tu estilo favorito y renueva tu imagen.\" \/>\n<meta property=\"og:url\" content=\"https:\/\/www.treatwell.es/in-the-glow\/repasamos-los-cambios-look-blanca-suarez\/\" \/>\n<meta property=\"og:site_name\" content=\"In The Glow\" \/>\n<meta property=\"article:published_time\" content=\"2018-09-25T07:00:22+00:00\" \/>\n<meta property=\"article:modified_time\" content=\"2025-12-15T22:53:45+00:00\" \/>\n<meta property=\"og:image\" content=\"https:\/\/www.treatwell.es/in-the-glow\/wp-content\/uploads\/sites\/10\/2022\/03\/Screen-Shot-2018-09-21-at-11.37.44.png\" \/>\n\t<meta property=\"og:image:width\" content=\"447\" \/>\n\t<meta property=\"og:image:height\" content=\"453\" \/>\n\t<meta property=\"og:image:type\" content=\"image\/png\" \/>\n<meta name=\"twitter:card\" content=\"summary_large_image\" \/>\n<meta name=\"twitter:label1\" content=\"Escrito por\" \/>\n\t<meta name=\"twitter:data1\" content=\"\" \/>\n\t<meta name=\"twitter:label2\" content=\"Tiempo de lectura\" \/>\n\t<meta name=\"twitter:data2\" content=\"2 minutos\" \/>\n<script type=\"application\/ld+json\" class=\"yoast-schema-graph\">{\"@context\":\"https:\\\/\\\/schema.org\",\"@graph\":[{\"@type\":\"Article\",\"@id\":\"https:\\\/\\\/www.treatwell.es/in-the-glow\\\/repasamos-los-cambios-look-blanca-suarez\\\/#article\",\"isPartOf\":{\"@id\":\"https:\\\/\\\/www.treatwell.es/in-the-glow\\\/repasamos-los-cambios-look-blanca-suarez\\\/\"},\"author\":{\"name\":\"\",\"@id\":\"\"},\"headline\":\"Repasamos los cambios de look de Blanca Su\u00e1rez\",\"datePublished\":\"2018-09-25T07:00:22+00:00\",\"dateModified\":\"2025-12-15T22:53:45+00:00\",\"mainEntityOfPage\":{\"@id\":\"https:\\\/\\\/www.treatwell.es/in-the-glow\\\/repasamos-los-cambios-look-blanca-suarez\\\/\"},\"wordCount\":373,\"publisher\":{\"@id\":\"https:\\\/\\\/www.treatwell.es/in-the-glow\\\/#organization\"},\"image\":{\"@id\":\"https:\\\/\\\/www.treatwell.es/in-the-glow\\\/repasamos-los-cambios-look-blanca-suarez\\\/#primaryimage\"},\"thumbnailUrl\":\"https:\\\/\\\/www.treatwell.es/in-the-glow\\\/wp-content\\\/uploads\\\/sites\\\/10\\\/2022\\\/03\\\/Screen-Shot-2018-09-21-at-11.37.44.png\",\"keywords\":[\"Hair\",\"Haircuts and Hairdressing\"],\"articleSection\":[\"Tendencias\"],\"inLanguage\":\"es\"},{\"@type\":\"WebPage\",\"@id\":\"https:\\\/\\\/www.treatwell.es/in-the-glow\\\/repasamos-los-cambios-look-blanca-suarez\\\/\",\"url\":\"https:\\\/\\\/www.treatwell.es/in-the-glow\\\/repasamos-los-cambios-look-blanca-suarez\\\/\",\"name\":\"Blanca Su\u00e1rez: looks y tendencias de pelo favoritos | Treatwell\",\"isPartOf\":{\"@id\":\"https:\\\/\\\/www.treatwell.es/in-the-glow\\\/#website\"},\"primaryImageOfPage\":{\"@id\":\"https:\\\/\\\/www.treatwell.es/in-the-glow\\\/repasamos-los-cambios-look-blanca-suarez\\\/#primaryimage\"},\"image\":{\"@id\":\"https:\\\/\\\/www.treatwell.es/in-the-glow\\\/repasamos-los-cambios-look-blanca-suarez\\\/#primaryimage\"},\"thumbnailUrl\":\"https:\\\/\\\/www.treatwell.es/in-the-glow\\\/wp-content\\\/uploads\\\/sites\\\/10\\\/2022\\\/03\\\/Screen-Shot-2018-09-21-at-11.37.44.png\",\"datePublished\":\"2018-09-25T07:00:22+00:00\",\"dateModified\":\"2025-12-15T22:53:45+00:00\",\"description\":\"Descubre los mejores looks y peinados de Blanca Su\u00e1rez. Inspiraci\u00f3n en cortes, colores y tendencias que arrasan. Elige tu estilo favorito y renueva tu imagen.\",\"breadcrumb\":{\"@id\":\"https:\\\/\\\/www.treatwell.es/in-the-glow\\\/repasamos-los-cambios-look-blanca-suarez\\\/#breadcrumb\"},\"inLanguage\":\"es\",\"potentialAction\":[{\"@type\":\"ReadAction\",\"target\":[\"https:\\\/\\\/www.treatwell.es/in-the-glow\\\/repasamos-los-cambios-look-blanca-suarez\\\/\"]}]},{\"@type\":\"ImageObject\",\"inLanguage\":\"es\",\"@id\":\"https:\\\/\\\/www.treatwell.es/in-the-glow\\\/repasamos-los-cambios-look-blanca-suarez\\\/#primaryimage\",\"url\":\"https:\\\/\\\/www.treatwell.es/in-the-glow\\\/wp-content\\\/uploads\\\/sites\\\/10\\\/2022\\\/03\\\/Screen-Shot-2018-09-21-at-11.37.44.png\",\"contentUrl\":\"https:\\\/\\\/www.treatwell.es/in-the-glow\\\/wp-content\\\/uploads\\\/sites\\\/10\\\/2022\\\/03\\\/Screen-Shot-2018-09-21-at-11.37.44.png\",\"width\":447,\"height\":453},{\"@type\":\"BreadcrumbList\",\"@id\":\"https:\\\/\\\/www.treatwell.es/in-the-glow\\\/repasamos-los-cambios-look-blanca-suarez\\\/#breadcrumb\",\"itemListElement\":[{\"@type\":\"ListItem\",\"position\":1,\"name\":\"Home\",\"item\":\"https:\\\/\\\/www.treatwell.es/in-the-glow\\\/\"},{\"@type\":\"ListItem\",\"position\":2,\"name\":\"Tendencias\",\"item\":\"https:\\\/\\\/www.treatwell.es/in-the-glow\\\/tendencias\\\/\"},{\"@type\":\"ListItem\",\"position\":3,\"name\":\"Repasamos los cambios de look de Blanca Su\u00e1rez\"}]},{\"@type\":\"WebSite\",\"@id\":\"https:\\\/\\\/www.treatwell.es/in-the-glow\\\/#website\",\"url\":\"https:\\\/\\\/www.treatwell.es/in-the-glow\\\/\",\"name\":\"In The Glow\",\"description\":\"Belleza. Pelo. Lifestyle.\",\"publisher\":{\"@id\":\"https:\\\/\\\/www.treatwell.es/in-the-glow\\\/#organization\"},\"potentialAction\":[{\"@type\":\"SearchAction\",\"target\":{\"@type\":\"EntryPoint\",\"urlTemplate\":\"https:\\\/\\\/www.treatwell.es/in-the-glow\\\/?s={search_term_string}\"},\"query-input\":{\"@type\":\"PropertyValueSpecification\",\"valueRequired\":true,\"valueName\":\"search_term_string\"}}],\"inLanguage\":\"es\"},{\"@type\":\"Organization\",\"@id\":\"https:\\\/\\\/www.treatwell.es/in-the-glow\\\/#organization\",\"name\":\"Treatwell\",\"url\":\"https:\\\/\\\/www.treatwell.es/in-the-glow\\\/\",\"logo\":{\"@type\":\"ImageObject\",\"inLanguage\":\"es\",\"@id\":\"https:\\\/\\\/www.treatwell.es/in-the-glow\\\/#\\\/schema\\\/logo\\\/image\\\/\",\"url\":\"https:\\\/\\\/www.treatwell.es/in-the-glow\\\/wp-content\\\/uploads\\\/sites\\\/10\\\/2022\\\/03\\\/logo_treatwell.png\",\"contentUrl\":\"https:\\\/\\\/www.treatwell.es/in-the-glow\\\/wp-content\\\/uploads\\\/sites\\\/10\\\/2022\\\/03\\\/logo_treatwell.png\",\"width\":889,\"height\":164,\"caption\":\"Treatwell\"},\"image\":{\"@id\":\"https:\\\/\\\/www.treatwell.es/in-the-glow\\\/#\\\/schema\\\/logo\\\/image\\\/\"}},{\"@type\":\"Person\",\"@id\":\"\",\"url\":\"https:\\\/\\\/www.treatwell.es/in-the-glow\\\/author\\\/\"}]}<\/script>\n<!-- \/ Yoast SEO plugin. -->","yoast_head_json":{"title":"Blanca Su\u00e1rez: looks y tendencias de pelo favoritos | Treatwell","description":"Descubre los mejores looks y peinados de Blanca Su\u00e1rez. Inspiraci\u00f3n en cortes, colores y tendencias que arrasan. Elige tu estilo favorito y renueva tu imagen.","robots":{"index":"index","follow":"follow","max-snippet":"max-snippet:-1","max-image-preview":"max-image-preview:large","max-video-preview":"max-video-preview:-1"},"canonical":"https:\/\/www.treatwell.es/in-the-glow\/repasamos-los-cambios-look-blanca-suarez\/","og_locale":"es_ES","og_type":"article","og_title":"Blanca Su\u00e1rez: looks y tendencias de pelo favoritos | Treatwell","og_description":"Descubre los mejores looks y peinados de Blanca Su\u00e1rez. Inspiraci\u00f3n en cortes, colores y tendencias que arrasan. Elige tu estilo favorito y renueva tu imagen.","og_url":"https:\/\/www.treatwell.es/in-the-glow\/repasamos-los-cambios-look-blanca-suarez\/","og_site_name":"In The Glow","article_published_time":"2018-09-25T07:00:22+00:00","article_modified_time":"2025-12-15T22:53:45+00:00","og_image":[{"width":447,"height":453,"url":"https:\/\/www.treatwell.es/in-the-glow\/wp-content\/uploads\/sites\/10\/2022\/03\/Screen-Shot-2018-09-21-at-11.37.44.png","type":"image\/png"}],"twitter_card":"summary_large_image","twitter_misc":{"Escrito por":"","Tiempo de lectura":"2 minutos"},"schema":{"@context":"https:\/\/schema.org","@graph":[{"@type":"Article","@id":"https:\/\/www.treatwell.es/in-the-glow\/repasamos-los-cambios-look-blanca-suarez\/#article","isPartOf":{"@id":"https:\/\/www.treatwell.es/in-the-glow\/repasamos-los-cambios-look-blanca-suarez\/"},"author":{"name":"","@id":""},"headline":"Repasamos los cambios de look de Blanca Su\u00e1rez","datePublished":"2018-09-25T07:00:22+00:00","dateModified":"2025-12-15T22:53:45+00:00","mainEntityOfPage":{"@id":"https:\/\/www.treatwell.es/in-the-glow\/repasamos-los-cambios-look-blanca-suarez\/"},"wordCount":373,"publisher":{"@id":"https:\/\/www.treatwell.es/in-the-glow\/#organization"},"image":{"@id":"https:\/\/www.treatwell.es/in-the-glow\/repasamos-los-cambios-look-blanca-suarez\/#primaryimage"},"thumbnailUrl":"https:\/\/www.treatwell.es/in-the-glow\/wp-content\/uploads\/sites\/10\/2022\/03\/Screen-Shot-2018-09-21-at-11.37.44.png","keywords":["Hair","Haircuts and Hairdressing"],"articleSection":["Tendencias"],"inLanguage":"es"},{"@type":"WebPage","@id":"https:\/\/www.treatwell.es/in-the-glow\/repasamos-los-cambios-look-blanca-suarez\/","url":"https:\/\/www.treatwell.es/in-the-glow\/repasamos-los-cambios-look-blanca-suarez\/","name":"Blanca Su\u00e1rez: looks y tendencias de pelo favoritos | Treatwell","isPartOf":{"@id":"https:\/\/www.treatwell.es/in-the-glow\/#website"},"primaryImageOfPage":{"@id":"https:\/\/www.treatwell.es/in-the-glow\/repasamos-los-cambios-look-blanca-suarez\/#primaryimage"},"image":{"@id":"https:\/\/www.treatwell.es/in-the-glow\/repasamos-los-cambios-look-blanca-suarez\/#primaryimage"},"thumbnailUrl":"https:\/\/www.treatwell.es/in-the-glow\/wp-content\/uploads\/sites\/10\/2022\/03\/Screen-Shot-2018-09-21-at-11.37.44.png","datePublished":"2018-09-25T07:00:22+00:00","dateModified":"2025-12-15T22:53:45+00:00","description":"Descubre los mejores looks y peinados de Blanca Su\u00e1rez. Inspiraci\u00f3n en cortes, colores y tendencias que arrasan. Elige tu estilo favorito y renueva tu imagen.","breadcrumb":{"@id":"https:\/\/www.treatwell.es/in-the-glow\/repasamos-los-cambios-look-blanca-suarez\/#breadcrumb"},"inLanguage":"es","potentialAction":[{"@type":"ReadAction","target":["https:\/\/www.treatwell.es/in-the-glow\/repasamos-los-cambios-look-blanca-suarez\/"]}]},{"@type":"ImageObject","inLanguage":"es","@id":"https:\/\/www.treatwell.es/in-the-glow\/repasamos-los-cambios-look-blanca-suarez\/#primaryimage","url":"https:\/\/www.treatwell.es/in-the-glow\/wp-content\/uploads\/sites\/10\/2022\/03\/Screen-Shot-2018-09-21-at-11.37.44.png","contentUrl":"https:\/\/www.treatwell.es/in-the-glow\/wp-content\/uploads\/sites\/10\/2022\/03\/Screen-Shot-2018-09-21-at-11.37.44.png","width":447,"height":453},{"@type":"BreadcrumbList","@id":"https:\/\/www.treatwell.es/in-the-glow\/repasamos-los-cambios-look-blanca-suarez\/#breadcrumb","itemListElement":[{"@type":"ListItem","position":1,"name":"Home","item":"https:\/\/www.treatwell.es/in-the-glow\/"},{"@type":"ListItem","position":2,"name":"Tendencias","item":"https:\/\/www.treatwell.es/in-the-glow\/tendencias\/"},{"@type":"ListItem","position":3,"name":"Repasamos los cambios de look de Blanca Su\u00e1rez"}]},{"@type":"WebSite","@id":"https:\/\/www.treatwell.es/in-the-glow\/#website","url":"https:\/\/www.treatwell.es/in-the-glow\/","name":"In The Glow","description":"Belleza. Pelo. Lifestyle.","publisher":{"@id":"https:\/\/www.treatwell.es/in-the-glow\/#organization"},"potentialAction":[{"@type":"SearchAction","target":{"@type":"EntryPoint","urlTemplate":"https:\/\/www.treatwell.es/in-the-glow\/?s={search_term_string}"},"query-input":{"@type":"PropertyValueSpecification","valueRequired":true,"valueName":"search_term_string"}}],"inLanguage":"es"},{"@type":"Organization","@id":"https:\/\/www.treatwell.es/in-the-glow\/#organization","name":"Treatwell","url":"https:\/\/www.treatwell.es/in-the-glow\/","logo":{"@type":"ImageObject","inLanguage":"es","@id":"https:\/\/www.treatwell.es/in-the-glow\/#\/schema\/logo\/image\/","url":"https:\/\/www.treatwell.es/in-the-glow\/wp-content\/uploads\/sites\/10\/2022\/03\/logo_treatwell.png","contentUrl":"https:\/\/www.treatwell.es/in-the-glow\/wp-content\/uploads\/sites\/10\/2022\/03\/logo_treatwell.png","width":889,"height":164,"caption":"Treatwell"},"image":{"@id":"https:\/\/www.treatwell.es/in-the-glow\/#\/schema\/logo\/image\/"}},{"@type":"Person","@id":"","url":"https:\/\/www.treatwell.es/in-the-glow\/author\/"}]}},"featured_image_src":"https:\/\/www.treatwell.es/in-the-glow\/wp-content\/uploads\/sites\/10\/2022\/03\/Screen-Shot-2018-09-21-at-11.37.44-447x400.png","featured_image_src_square":"https:\/\/www.treatwell.es/in-the-glow\/wp-content\/uploads\/sites\/10\/2022\/03\/Screen-Shot-2018-09-21-at-11.37.44.png","author_info":{"display_name":"","author_link":"https:\/\/www.treatwell.es/in-the-glow\/author\/"},"_links":{"self":[{"href":"https:\/\/www.treatwell.es\/in-the-glow\/wp-json\/wp\/v2\/posts\/27842","targetHints":{"allow":["GET"]}}],"collection":[{"href":"https:\/\/www.treatwell.es\/in-the-glow\/wp-json\/wp\/v2\/posts"}],"about":[{"href":"https:\/\/www.treatwell.es\/in-the-glow\/wp-json\/wp\/v2\/types\/post"}],"author":[{"embeddable":true,"href":"https:\/\/www.treatwell.es\/in-the-glow\/wp-json\/wp\/v2\/users\/3319"}],"replies":[{"embeddable":true,"href":"https:\/\/www.treatwell.es\/in-the-glow\/wp-json\/wp\/v2\/comments?post=27842"}],"version-history":[{"count":0,"href":"https:\/\/www.treatwell.es\/in-the-glow\/wp-json\/wp\/v2\/posts\/27842\/revisions"}],"wp:featuredmedia":[{"embeddable":true,"href":"https:\/\/www.treatwell.es\/in-the-glow\/wp-json\/wp\/v2\/media\/27867"}],"wp:attachment":[{"href":"https:\/\/www.treatwell.es\/in-the-glow\/wp-json\/wp\/v2\/media?parent=27842"}],"wp:term":[{"taxonomy":"category","embeddable":true,"href":"https:\/\/www.treatwell.es\/in-the-glow\/wp-json\/wp\/v2\/categories?post=27842"},{"taxonomy":"post_tag","embeddable":true,"href":"https:\/\/www.treatwell.es\/in-the-glow\/wp-json\/wp\/v2\/tags?post=27842"}],"curies":[{"name":"wp","href":"https:\/\/api.w.org\/{rel}","templated":true}]}}