{"id":27990,"date":"2018-10-12T09:00:35","date_gmt":"2018-10-12T07:00:35","guid":{"rendered":"https:\/\/www.treatwell.es\/in-the-glow\/?p=19105"},"modified":"2025-12-15T23:53:47","modified_gmt":"2025-12-15T22:53:47","slug":"todo-vuelve-tendencias-beauty-que-volveras-llevar","status":"publish","type":"post","link":"https:\/\/www.treatwell.es/in-the-glow\/todo-vuelve-tendencias-beauty-que-volveras-llevar\/","title":{"rendered":"Todo vuelve: tendencias beauty que volver\u00e1s a llevar"},"content":{"rendered":"<p><span style=\"font-weight: 400\">A no ser que vivas en la luna de Valencia, te habr\u00e1s percatado que desde hace un tiempo los 90 y los 00 son tendencia no, lo siguiente. Solo hace falta salir a la calle y ver c\u00f3mo los pantalones mom fit, los campana, los crop top, el ch\u00e1ndal y las plataformas est\u00e1n por todas partes.<\/span><\/p>\n<p><span style=\"font-weight: 400\">\u00bfY qui\u00e9n no recuerda esa \u00e9poca en la que la Spice Girls eran nuestra inspiraci\u00f3n de estilo? Vale, no hace falta tampoco que salgas a la calle a lo videoclip de Wannabe, pero hay algunas tendencias que puedes recuperar \u00a1e ir a la \u00faltima!<\/span><\/p>\n<p><span style=\"font-weight: 400\">Porque no solo la moda ha vuelto a esas \u00e9pocas\u2026 <a href=\"https:\/\/www.treatwell.es\/\">\u00a1El mundo beauty tambi\u00e9n!<\/a> Hay un mont\u00f3n de tendencias que est\u00e1n llegando poco a poco y ya no son cosa del pasado. Son una realidad. Seguro que ya est\u00e1s al tanto de muchas, pero te traemos una selecci\u00f3n de las que m\u00e1s se llevan. \u00a1Y a por el look noventero total!<\/span><\/p>\n<div class=\"schema-faq wp-block-yoast-faq-block\">\n<div class=\"schema-faq-section\" id=\"faq-question-1765838403821\">\n<h3 class=\"schema-faq-question\">\u00bfQu\u00e9 es el crimped hair y c\u00f3mo puedes lograrlo?<\/h3>\n<p class=\"schema-faq-answer\">El crimped hair es un peinado con mechones en zigzag que recuerda a los a\u00f1os 90. Consigue este efecto usando una plancha especial que deja formas en el cabello; si tienes una antigua, recup\u00e9rala para lograr un look nost\u00e1lgico y a la moda.<\/div>\n<div class=\"schema-faq-section\" id=\"faq-question-1765838403822\">\n<h3 class=\"schema-faq-question\">\u00bfPara qui\u00e9n es recomendable el corte a capas?<\/h3>\n<p class=\"schema-faq-answer\">El corte a capas es ideal si tienes el cabello fino y quieres ganar volumen. Este estilo te permite lucir pelo con m\u00e1s cuerpo cada d\u00eda, siguiendo la tendencia actual de peinados con textura y movimiento.<\/div>\n<div class=\"schema-faq-section\" id=\"faq-question-1765838403823\">\n<h3 class=\"schema-faq-question\">\u00bfC\u00f3mo hacer unos macaron buns f\u00e1cilmente en casa?<\/h3>\n<p class=\"schema-faq-answer\">Realiza macaron buns formando dos peque\u00f1os mo\u00f1os altos encima de la cabeza. Es un peinado sencillo y r\u00e1pido, perfecto para transportarte a la moda de tu infancia y llevar un look muy actual al mismo tiempo.<\/div>\n<div class=\"schema-faq-section\" id=\"faq-question-1765838403824\">\n<h3 class=\"schema-faq-question\">\u00bfPor qu\u00e9 el coletero vuelve a estar tan de moda?<\/h3>\n<p class=\"schema-faq-answer\">El coletero se ha transformado en un complemento imprescindible y vers\u00e1til. Existen much\u00edsimos estilos y colores, por lo que puedes encontrar uno que encaje contigo y dar un toque retro y \u00fanico a cualquier peinado.<\/div>\n<div class=\"schema-faq-section\" id=\"faq-question-1765838403825\">\n<h3 class=\"schema-faq-question\">\u00bfQu\u00e9 soluci\u00f3n hay si quieres conseguir rizos y volumen permanente?<\/h3>\n<p class=\"schema-faq-answer\">La permanente rizada es la mejor opci\u00f3n si buscas rizos definidos y voluminosos. Este tratamiento es perfecto si no tienes rizos naturales y quieres lucir una melena rizada que siga las tendencias m\u00e1s actuales.<\/div>\n<\/p><\/div>\n","protected":false},"excerpt":{"rendered":"<p>A no ser que vivas en la luna de Valencia, te habr\u00e1s percatado que desde hace un tiempo los 90 y los 00 son tendencia no, lo siguiente. Solo hace falta salir a la calle y ver c\u00f3mo los pantalones mom fit, los campana, los crop top, el ch\u00e1ndal y las plataformas est\u00e1n por todas [&hellip;]<\/p>\n","protected":false},"author":3319,"featured_media":27997,"comment_status":"closed","ping_status":"closed","sticky":false,"template":"","format":"standard","meta":{"_acf_changed":false,"_yoast_wpseo_title":"Tendencias cabello 90s y 00s: gu\u00eda estilos clave | Treatwell","_yoast_wpseo_metadesc":"Descubre las tendencias capilares que dominaron los 90 y 00. Crimped hair, corte a capas, permanente rizada, macaron buns y coleteros: revive estilos ic\u00f3nicos.","_genesis_hide_title":false,"_genesis_hide_breadcrumbs":false,"_genesis_hide_singular_image":false,"_genesis_hide_footer_widgets":false,"_genesis_custom_body_class":"","_genesis_custom_post_class":"","_genesis_layout":"","saswp_custom_schema_field":"{\"@context\":\"https:\/\/schema.org\",\"@type\":\"FAQPage\",\"mainEntity\":[{\"@type\":\"Question\",\"name\":\"\u00bfQu\u00e9 es el crimped hair y c\u00f3mo puedes lograrlo?\",\"acceptedAnswer\":{\"@type\":\"Answer\",\"text\":\"El crimped hair es un peinado con mechones en zigzag que recuerda a los a\u00f1os 90. Consigue este efecto usando una plancha especial que deja formas en el cabello; si tienes una antigua, recup\u00e9rala para lograr un look nost\u00e1lgico y a la moda.\"}},{\"@type\":\"Question\",\"name\":\"\u00bfPara qui\u00e9n es recomendable el corte a capas?\",\"acceptedAnswer\":{\"@type\":\"Answer\",\"text\":\"El corte a capas es ideal si tienes el cabello fino y quieres ganar volumen. Este estilo te permite lucir pelo con m\u00e1s cuerpo cada d\u00eda, siguiendo la tendencia actual de peinados con textura y movimiento.\"}},{\"@type\":\"Question\",\"name\":\"\u00bfC\u00f3mo hacer unos macaron buns f\u00e1cilmente en casa?\",\"acceptedAnswer\":{\"@type\":\"Answer\",\"text\":\"Realiza macaron buns formando dos peque\u00f1os mo\u00f1os altos encima de la cabeza. Es un peinado sencillo y r\u00e1pido, perfecto para transportarte a la moda de tu infancia y llevar un look muy actual al mismo tiempo.\"}},{\"@type\":\"Question\",\"name\":\"\u00bfPor qu\u00e9 el coletero vuelve a estar tan de moda?\",\"acceptedAnswer\":{\"@type\":\"Answer\",\"text\":\"El coletero se ha transformado en un complemento imprescindible y vers\u00e1til. Existen much\u00edsimos estilos y colores, por lo que puedes encontrar uno que encaje contigo y dar un toque retro y \u00fanico a cualquier peinado.\"}},{\"@type\":\"Question\",\"name\":\"\u00bfQu\u00e9 soluci\u00f3n hay si quieres conseguir rizos y volumen permanente?\",\"acceptedAnswer\":{\"@type\":\"Answer\",\"text\":\"La permanente rizada es la mejor opci\u00f3n si buscas rizos definidos y voluminosos. Este tratamiento es perfecto si no tienes rizos naturales y quieres lucir una melena rizada que siga las tendencias m\u00e1s actuales.\"}}]}","footnotes":""},"categories":[4],"tags":[27],"class_list":{"0":"post-27990","1":"post","2":"type-post","3":"status-publish","4":"format-standard","5":"has-post-thumbnail","7":"category-beauty","8":"tag-tt6","9":"entry"},"acf":{"post_credits":"Cr\u00e9ditos de las im\u00e1genes: Instagram de @Arianagranda, @gigihadid, @fashioninflux, @shophavenohlee, @caroladearmas","beauty_blog_post_button_title":"","beauty_blog_post_button":"","landscape_picture":27996,"blocks":[{"block_title":"Crimped Hair (aka pelo frito)","block_content":"<p>&iquest;Qui&eacute;n no hab&iacute;a lucido esos <a href=\"https:\/\/www.treatwell.es\/in-the-glow\/vuelve-el-crimped-hair-el-pelo-de-los-90\/\">mechones en zigzag<\/a> alguna vez? En esa &eacute;poca lo ten&iacute;amos claro: las planchas que molaban eran las que hac&iacute;an efectos en el pelo. As&iacute; que si eres de las que a&uacute;n tiene guardado hasta su primer walkman, est&aacute;s de suerte. Desentierra tu plancha reliquia, porque &iexcl;lo vuelve a petar!<\/p>\n","video_content":"","block_picture":27991},{"block_title":"Corte a capas","block_content":"<p>Sin duda, una de las grandes modas en pelo de este a&ntilde;o. Un corte ideal sobre todo si tienes el pelo fino y buscas darle algo de volumen. Porque amiga, con un buen <a href=\"https:\/\/www.treatwell.es\/in-the-glow\/pelo-con-capas\/\">corte capeado<\/a>, a parte de ir a la &uacute;ltima- <a href=\"https:\/\/www.treatwell.es\/establecimientos\/tratamiento-corte-de-pelo\/oferta-tipo-local\/en-es\/\">lucir&aacute;s pelazo con volumen<\/a> todos los d&iacute;as.<\/p>\n","video_content":"","block_picture":27992},{"block_title":"Macaron buns","block_content":"<p>Que no te distraiga que ahora tengan un nombre m&aacute;s sofisticado&hellip; Los mo&ntilde;itos de toda la vida volvieron ya hace unos meses&hellip; &iexcl;y a&uacute;n siguen pet&aacute;ndolo! <a href=\"https:\/\/www.treatwell.es\/in-the-glow\/macaron-buns\/\">Un peinado f&aacute;cil y r&aacute;pido<\/a>, con el que te transportar&aacute;s a tu infancia y adolescencia; y con el que encima ir&aacute;s a la &uacute;ltima. &iquest;Te animas?<\/p>\n","video_content":"","block_picture":27993},{"block_title":"Coletero","block_content":"<p>Y qu&eacute; decir del <a href=\"https:\/\/www.treatwell.es\/in-the-glow\/los-coleteros-vuelven\/\">coletero<\/a>&hellip; &iexcl;Si ya parece que nunca se hubiera ido! Para muchas, se ha convertido en nuestro complemento sin-el-que-no-podemos-vivir. Y es que adem&aacute;s, hay de tantos estilos diferentes y hay algunos tan preciosos&hellip; Nos encanta. Somos unas #coleterolovers, &iquest;y t&uacute;?<\/p>\n","video_content":"","block_picture":27994},{"block_title":"Permanente rizada","block_content":"<p>Con el corte a capas ha vuelto el volumen, pero si con eso no tienes suficiente tambi&eacute;n han vuelto &iexcl;los rizos! &iexcl;Viva! Ya era hora de que las melenazas rizadas se llevaran otra vez con orgullo m&aacute;ximo y que quienes tienen la suerte de tener unos rizos naturales sean la envidia de muchas. As&iacute; que si no tienes esa suerte, ya sabes, la <a href=\"https:\/\/www.treatwell.es\/in-the-glow\/la-permanente-rizada-ha-vuelto\/\">permanente rizada<\/a> es para ti.<\/p>\n","video_content":"","block_picture":27995}]},"yoast_head":"<!-- This site is optimized with the Yoast SEO plugin v27.5 - https:\/\/yoast.com\/product\/yoast-seo-wordpress\/ -->\n<title>Tendencias cabello 90s y 00s: gu\u00eda estilos clave | Treatwell<\/title>\n<meta name=\"description\" content=\"Descubre las tendencias capilares que dominaron los 90 y 00. Crimped hair, corte a capas, permanente rizada, macaron buns y coleteros: revive estilos ic\u00f3nicos.\" \/>\n<meta name=\"robots\" content=\"index, follow, max-snippet:-1, max-image-preview:large, max-video-preview:-1\" \/>\n<link rel=\"canonical\" href=\"https:\/\/www.treatwell.es/in-the-glow\/todo-vuelve-tendencias-beauty-que-volveras-llevar\/\" \/>\n<meta property=\"og:locale\" content=\"es_ES\" \/>\n<meta property=\"og:type\" content=\"article\" \/>\n<meta property=\"og:title\" content=\"Tendencias cabello 90s y 00s: gu\u00eda estilos clave | Treatwell\" \/>\n<meta property=\"og:description\" content=\"Descubre las tendencias capilares que dominaron los 90 y 00. Crimped hair, corte a capas, permanente rizada, macaron buns y coleteros: revive estilos ic\u00f3nicos.\" \/>\n<meta property=\"og:url\" content=\"https:\/\/www.treatwell.es/in-the-glow\/todo-vuelve-tendencias-beauty-que-volveras-llevar\/\" \/>\n<meta property=\"og:site_name\" content=\"In The Glow\" \/>\n<meta property=\"article:published_time\" content=\"2018-10-12T07:00:35+00:00\" \/>\n<meta property=\"article:modified_time\" content=\"2025-12-15T22:53:47+00:00\" \/>\n<meta property=\"og:image\" content=\"https:\/\/www.treatwell.es/in-the-glow\/wp-content\/uploads\/sites\/10\/2022\/03\/Screen-Shot-2018-10-10-at-15.03.10.png\" \/>\n\t<meta property=\"og:image:width\" content=\"407\" \/>\n\t<meta property=\"og:image:height\" content=\"581\" \/>\n\t<meta property=\"og:image:type\" content=\"image\/png\" \/>\n<meta name=\"twitter:card\" content=\"summary_large_image\" \/>\n<meta name=\"twitter:label1\" content=\"Escrito por\" \/>\n\t<meta name=\"twitter:data1\" content=\"\" \/>\n\t<meta name=\"twitter:label2\" content=\"Tiempo de lectura\" \/>\n\t<meta name=\"twitter:data2\" content=\"2 minutos\" \/>\n<script type=\"application\/ld+json\" class=\"yoast-schema-graph\">{\"@context\":\"https:\\\/\\\/schema.org\",\"@graph\":[{\"@type\":\"Article\",\"@id\":\"https:\\\/\\\/www.treatwell.es/in-the-glow\\\/todo-vuelve-tendencias-beauty-que-volveras-llevar\\\/#article\",\"isPartOf\":{\"@id\":\"https:\\\/\\\/www.treatwell.es/in-the-glow\\\/todo-vuelve-tendencias-beauty-que-volveras-llevar\\\/\"},\"author\":{\"name\":\"\",\"@id\":\"\"},\"headline\":\"Todo vuelve: tendencias beauty que volver\u00e1s a llevar\",\"datePublished\":\"2018-10-12T07:00:35+00:00\",\"dateModified\":\"2025-12-15T22:53:47+00:00\",\"mainEntityOfPage\":{\"@id\":\"https:\\\/\\\/www.treatwell.es/in-the-glow\\\/todo-vuelve-tendencias-beauty-que-volveras-llevar\\\/\"},\"wordCount\":425,\"publisher\":{\"@id\":\"https:\\\/\\\/www.treatwell.es/in-the-glow\\\/#organization\"},\"image\":{\"@id\":\"https:\\\/\\\/www.treatwell.es/in-the-glow\\\/todo-vuelve-tendencias-beauty-que-volveras-llevar\\\/#primaryimage\"},\"thumbnailUrl\":\"https:\\\/\\\/www.treatwell.es/in-the-glow\\\/wp-content\\\/uploads\\\/sites\\\/10\\\/2022\\\/03\\\/Screen-Shot-2018-10-10-at-15.03.10.png\",\"keywords\":[\"Hair\"],\"articleSection\":[\"Beauty\"],\"inLanguage\":\"es\"},{\"@type\":\"WebPage\",\"@id\":\"https:\\\/\\\/www.treatwell.es/in-the-glow\\\/todo-vuelve-tendencias-beauty-que-volveras-llevar\\\/\",\"url\":\"https:\\\/\\\/www.treatwell.es/in-the-glow\\\/todo-vuelve-tendencias-beauty-que-volveras-llevar\\\/\",\"name\":\"Tendencias cabello 90s y 00s: gu\u00eda estilos clave | Treatwell\",\"isPartOf\":{\"@id\":\"https:\\\/\\\/www.treatwell.es/in-the-glow\\\/#website\"},\"primaryImageOfPage\":{\"@id\":\"https:\\\/\\\/www.treatwell.es/in-the-glow\\\/todo-vuelve-tendencias-beauty-que-volveras-llevar\\\/#primaryimage\"},\"image\":{\"@id\":\"https:\\\/\\\/www.treatwell.es/in-the-glow\\\/todo-vuelve-tendencias-beauty-que-volveras-llevar\\\/#primaryimage\"},\"thumbnailUrl\":\"https:\\\/\\\/www.treatwell.es/in-the-glow\\\/wp-content\\\/uploads\\\/sites\\\/10\\\/2022\\\/03\\\/Screen-Shot-2018-10-10-at-15.03.10.png\",\"datePublished\":\"2018-10-12T07:00:35+00:00\",\"dateModified\":\"2025-12-15T22:53:47+00:00\",\"description\":\"Descubre las tendencias capilares que dominaron los 90 y 00. Crimped hair, corte a capas, permanente rizada, macaron buns y coleteros: revive estilos ic\u00f3nicos.\",\"breadcrumb\":{\"@id\":\"https:\\\/\\\/www.treatwell.es/in-the-glow\\\/todo-vuelve-tendencias-beauty-que-volveras-llevar\\\/#breadcrumb\"},\"inLanguage\":\"es\",\"potentialAction\":[{\"@type\":\"ReadAction\",\"target\":[\"https:\\\/\\\/www.treatwell.es/in-the-glow\\\/todo-vuelve-tendencias-beauty-que-volveras-llevar\\\/\"]}]},{\"@type\":\"ImageObject\",\"inLanguage\":\"es\",\"@id\":\"https:\\\/\\\/www.treatwell.es/in-the-glow\\\/todo-vuelve-tendencias-beauty-que-volveras-llevar\\\/#primaryimage\",\"url\":\"https:\\\/\\\/www.treatwell.es/in-the-glow\\\/wp-content\\\/uploads\\\/sites\\\/10\\\/2022\\\/03\\\/Screen-Shot-2018-10-10-at-15.03.10.png\",\"contentUrl\":\"https:\\\/\\\/www.treatwell.es/in-the-glow\\\/wp-content\\\/uploads\\\/sites\\\/10\\\/2022\\\/03\\\/Screen-Shot-2018-10-10-at-15.03.10.png\",\"width\":407,\"height\":581},{\"@type\":\"BreadcrumbList\",\"@id\":\"https:\\\/\\\/www.treatwell.es/in-the-glow\\\/todo-vuelve-tendencias-beauty-que-volveras-llevar\\\/#breadcrumb\",\"itemListElement\":[{\"@type\":\"ListItem\",\"position\":1,\"name\":\"Home\",\"item\":\"https:\\\/\\\/www.treatwell.es/in-the-glow\\\/\"},{\"@type\":\"ListItem\",\"position\":2,\"name\":\"Beauty\",\"item\":\"https:\\\/\\\/www.treatwell.es/in-the-glow\\\/beauty\\\/\"},{\"@type\":\"ListItem\",\"position\":3,\"name\":\"Todo vuelve: tendencias beauty que volver\u00e1s a llevar\"}]},{\"@type\":\"WebSite\",\"@id\":\"https:\\\/\\\/www.treatwell.es/in-the-glow\\\/#website\",\"url\":\"https:\\\/\\\/www.treatwell.es/in-the-glow\\\/\",\"name\":\"In The Glow\",\"description\":\"Belleza. Pelo. Lifestyle.\",\"publisher\":{\"@id\":\"https:\\\/\\\/www.treatwell.es/in-the-glow\\\/#organization\"},\"potentialAction\":[{\"@type\":\"SearchAction\",\"target\":{\"@type\":\"EntryPoint\",\"urlTemplate\":\"https:\\\/\\\/www.treatwell.es/in-the-glow\\\/?s={search_term_string}\"},\"query-input\":{\"@type\":\"PropertyValueSpecification\",\"valueRequired\":true,\"valueName\":\"search_term_string\"}}],\"inLanguage\":\"es\"},{\"@type\":\"Organization\",\"@id\":\"https:\\\/\\\/www.treatwell.es/in-the-glow\\\/#organization\",\"name\":\"Treatwell\",\"url\":\"https:\\\/\\\/www.treatwell.es/in-the-glow\\\/\",\"logo\":{\"@type\":\"ImageObject\",\"inLanguage\":\"es\",\"@id\":\"https:\\\/\\\/www.treatwell.es/in-the-glow\\\/#\\\/schema\\\/logo\\\/image\\\/\",\"url\":\"https:\\\/\\\/www.treatwell.es/in-the-glow\\\/wp-content\\\/uploads\\\/sites\\\/10\\\/2022\\\/03\\\/logo_treatwell.png\",\"contentUrl\":\"https:\\\/\\\/www.treatwell.es/in-the-glow\\\/wp-content\\\/uploads\\\/sites\\\/10\\\/2022\\\/03\\\/logo_treatwell.png\",\"width\":889,\"height\":164,\"caption\":\"Treatwell\"},\"image\":{\"@id\":\"https:\\\/\\\/www.treatwell.es/in-the-glow\\\/#\\\/schema\\\/logo\\\/image\\\/\"}},{\"@type\":\"Person\",\"@id\":\"\",\"url\":\"https:\\\/\\\/www.treatwell.es/in-the-glow\\\/author\\\/\"}]}<\/script>\n<!-- \/ Yoast SEO plugin. -->","yoast_head_json":{"title":"Tendencias cabello 90s y 00s: gu\u00eda estilos clave | Treatwell","description":"Descubre las tendencias capilares que dominaron los 90 y 00. Crimped hair, corte a capas, permanente rizada, macaron buns y coleteros: revive estilos ic\u00f3nicos.","robots":{"index":"index","follow":"follow","max-snippet":"max-snippet:-1","max-image-preview":"max-image-preview:large","max-video-preview":"max-video-preview:-1"},"canonical":"https:\/\/www.treatwell.es/in-the-glow\/todo-vuelve-tendencias-beauty-que-volveras-llevar\/","og_locale":"es_ES","og_type":"article","og_title":"Tendencias cabello 90s y 00s: gu\u00eda estilos clave | Treatwell","og_description":"Descubre las tendencias capilares que dominaron los 90 y 00. Crimped hair, corte a capas, permanente rizada, macaron buns y coleteros: revive estilos ic\u00f3nicos.","og_url":"https:\/\/www.treatwell.es/in-the-glow\/todo-vuelve-tendencias-beauty-que-volveras-llevar\/","og_site_name":"In The Glow","article_published_time":"2018-10-12T07:00:35+00:00","article_modified_time":"2025-12-15T22:53:47+00:00","og_image":[{"width":407,"height":581,"url":"https:\/\/www.treatwell.es/in-the-glow\/wp-content\/uploads\/sites\/10\/2022\/03\/Screen-Shot-2018-10-10-at-15.03.10.png","type":"image\/png"}],"twitter_card":"summary_large_image","twitter_misc":{"Escrito por":"","Tiempo de lectura":"2 minutos"},"schema":{"@context":"https:\/\/schema.org","@graph":[{"@type":"Article","@id":"https:\/\/www.treatwell.es/in-the-glow\/todo-vuelve-tendencias-beauty-que-volveras-llevar\/#article","isPartOf":{"@id":"https:\/\/www.treatwell.es/in-the-glow\/todo-vuelve-tendencias-beauty-que-volveras-llevar\/"},"author":{"name":"","@id":""},"headline":"Todo vuelve: tendencias beauty que volver\u00e1s a llevar","datePublished":"2018-10-12T07:00:35+00:00","dateModified":"2025-12-15T22:53:47+00:00","mainEntityOfPage":{"@id":"https:\/\/www.treatwell.es/in-the-glow\/todo-vuelve-tendencias-beauty-que-volveras-llevar\/"},"wordCount":425,"publisher":{"@id":"https:\/\/www.treatwell.es/in-the-glow\/#organization"},"image":{"@id":"https:\/\/www.treatwell.es/in-the-glow\/todo-vuelve-tendencias-beauty-que-volveras-llevar\/#primaryimage"},"thumbnailUrl":"https:\/\/www.treatwell.es/in-the-glow\/wp-content\/uploads\/sites\/10\/2022\/03\/Screen-Shot-2018-10-10-at-15.03.10.png","keywords":["Hair"],"articleSection":["Beauty"],"inLanguage":"es"},{"@type":"WebPage","@id":"https:\/\/www.treatwell.es/in-the-glow\/todo-vuelve-tendencias-beauty-que-volveras-llevar\/","url":"https:\/\/www.treatwell.es/in-the-glow\/todo-vuelve-tendencias-beauty-que-volveras-llevar\/","name":"Tendencias cabello 90s y 00s: gu\u00eda estilos clave | Treatwell","isPartOf":{"@id":"https:\/\/www.treatwell.es/in-the-glow\/#website"},"primaryImageOfPage":{"@id":"https:\/\/www.treatwell.es/in-the-glow\/todo-vuelve-tendencias-beauty-que-volveras-llevar\/#primaryimage"},"image":{"@id":"https:\/\/www.treatwell.es/in-the-glow\/todo-vuelve-tendencias-beauty-que-volveras-llevar\/#primaryimage"},"thumbnailUrl":"https:\/\/www.treatwell.es/in-the-glow\/wp-content\/uploads\/sites\/10\/2022\/03\/Screen-Shot-2018-10-10-at-15.03.10.png","datePublished":"2018-10-12T07:00:35+00:00","dateModified":"2025-12-15T22:53:47+00:00","description":"Descubre las tendencias capilares que dominaron los 90 y 00. Crimped hair, corte a capas, permanente rizada, macaron buns y coleteros: revive estilos ic\u00f3nicos.","breadcrumb":{"@id":"https:\/\/www.treatwell.es/in-the-glow\/todo-vuelve-tendencias-beauty-que-volveras-llevar\/#breadcrumb"},"inLanguage":"es","potentialAction":[{"@type":"ReadAction","target":["https:\/\/www.treatwell.es/in-the-glow\/todo-vuelve-tendencias-beauty-que-volveras-llevar\/"]}]},{"@type":"ImageObject","inLanguage":"es","@id":"https:\/\/www.treatwell.es/in-the-glow\/todo-vuelve-tendencias-beauty-que-volveras-llevar\/#primaryimage","url":"https:\/\/www.treatwell.es/in-the-glow\/wp-content\/uploads\/sites\/10\/2022\/03\/Screen-Shot-2018-10-10-at-15.03.10.png","contentUrl":"https:\/\/www.treatwell.es/in-the-glow\/wp-content\/uploads\/sites\/10\/2022\/03\/Screen-Shot-2018-10-10-at-15.03.10.png","width":407,"height":581},{"@type":"BreadcrumbList","@id":"https:\/\/www.treatwell.es/in-the-glow\/todo-vuelve-tendencias-beauty-que-volveras-llevar\/#breadcrumb","itemListElement":[{"@type":"ListItem","position":1,"name":"Home","item":"https:\/\/www.treatwell.es/in-the-glow\/"},{"@type":"ListItem","position":2,"name":"Beauty","item":"https:\/\/www.treatwell.es/in-the-glow\/beauty\/"},{"@type":"ListItem","position":3,"name":"Todo vuelve: tendencias beauty que volver\u00e1s a llevar"}]},{"@type":"WebSite","@id":"https:\/\/www.treatwell.es/in-the-glow\/#website","url":"https:\/\/www.treatwell.es/in-the-glow\/","name":"In The Glow","description":"Belleza. Pelo. Lifestyle.","publisher":{"@id":"https:\/\/www.treatwell.es/in-the-glow\/#organization"},"potentialAction":[{"@type":"SearchAction","target":{"@type":"EntryPoint","urlTemplate":"https:\/\/www.treatwell.es/in-the-glow\/?s={search_term_string}"},"query-input":{"@type":"PropertyValueSpecification","valueRequired":true,"valueName":"search_term_string"}}],"inLanguage":"es"},{"@type":"Organization","@id":"https:\/\/www.treatwell.es/in-the-glow\/#organization","name":"Treatwell","url":"https:\/\/www.treatwell.es/in-the-glow\/","logo":{"@type":"ImageObject","inLanguage":"es","@id":"https:\/\/www.treatwell.es/in-the-glow\/#\/schema\/logo\/image\/","url":"https:\/\/www.treatwell.es/in-the-glow\/wp-content\/uploads\/sites\/10\/2022\/03\/logo_treatwell.png","contentUrl":"https:\/\/www.treatwell.es/in-the-glow\/wp-content\/uploads\/sites\/10\/2022\/03\/logo_treatwell.png","width":889,"height":164,"caption":"Treatwell"},"image":{"@id":"https:\/\/www.treatwell.es/in-the-glow\/#\/schema\/logo\/image\/"}},{"@type":"Person","@id":"","url":"https:\/\/www.treatwell.es/in-the-glow\/author\/"}]}},"featured_image_src":"https:\/\/www.treatwell.es/in-the-glow\/wp-content\/uploads\/sites\/10\/2022\/03\/Screen-Shot-2018-10-10-at-15.03.10-407x400.png","featured_image_src_square":"https:\/\/www.treatwell.es/in-the-glow\/wp-content\/uploads\/sites\/10\/2022\/03\/Screen-Shot-2018-10-10-at-15.03.10.png","author_info":{"display_name":"","author_link":"https:\/\/www.treatwell.es/in-the-glow\/author\/"},"_links":{"self":[{"href":"https:\/\/www.treatwell.es\/in-the-glow\/wp-json\/wp\/v2\/posts\/27990","targetHints":{"allow":["GET"]}}],"collection":[{"href":"https:\/\/www.treatwell.es\/in-the-glow\/wp-json\/wp\/v2\/posts"}],"about":[{"href":"https:\/\/www.treatwell.es\/in-the-glow\/wp-json\/wp\/v2\/types\/post"}],"author":[{"embeddable":true,"href":"https:\/\/www.treatwell.es\/in-the-glow\/wp-json\/wp\/v2\/users\/3319"}],"replies":[{"embeddable":true,"href":"https:\/\/www.treatwell.es\/in-the-glow\/wp-json\/wp\/v2\/comments?post=27990"}],"version-history":[{"count":0,"href":"https:\/\/www.treatwell.es\/in-the-glow\/wp-json\/wp\/v2\/posts\/27990\/revisions"}],"wp:featuredmedia":[{"embeddable":true,"href":"https:\/\/www.treatwell.es\/in-the-glow\/wp-json\/wp\/v2\/media\/27997"}],"wp:attachment":[{"href":"https:\/\/www.treatwell.es\/in-the-glow\/wp-json\/wp\/v2\/media?parent=27990"}],"wp:term":[{"taxonomy":"category","embeddable":true,"href":"https:\/\/www.treatwell.es\/in-the-glow\/wp-json\/wp\/v2\/categories?post=27990"},{"taxonomy":"post_tag","embeddable":true,"href":"https:\/\/www.treatwell.es\/in-the-glow\/wp-json\/wp\/v2\/tags?post=27990"}],"curies":[{"name":"wp","href":"https:\/\/api.w.org\/{rel}","templated":true}]}}