{"id":28165,"date":"2018-11-13T09:44:31","date_gmt":"2018-11-13T08:44:31","guid":{"rendered":"https:\/\/www.treatwell.es\/in-the-glow\/?p=19715"},"modified":"2025-12-15T23:53:51","modified_gmt":"2025-12-15T22:53:51","slug":"depilacion-laser-8-cosas-no-sabias","status":"publish","type":"post","link":"https:\/\/www.treatwell.es/in-the-glow\/depilacion-laser-8-cosas-no-sabias\/","title":{"rendered":"Depilaci\u00f3n L\u00e1ser: 8 cosas que no sab\u00edas"},"content":{"rendered":"<p><span style=\"font-weight: 400\">\u00bfPensando en despedirte del vello para siempre? La <a href=\"https:\/\/www.treatwell.es\/establecimientos\/tratamiento-depilacion-laser\/oferta-tipo-local\/en-es\/\">depilaci\u00f3n l\u00e1ser <\/a>es el tratamiento que buscas. Es normal que puedas tener un mont\u00f3n de dudas antes de decidirte\u2026 \u00bfDuele? \u00bfDura para siempre? \u00bfCu\u00e1ndo es mejor que me lo haga? \u00bfSi soy de piel morena, me sirve?<\/span><\/p>\n<p><span style=\"font-weight: 400\">\u00a1Que no cunda el p\u00e1nico! Valentina Dettori, propietaria del sal\u00f3n <a href=\"https:\/\/www.treatwell.es\/establecimiento\/shock-beauty\/\">Shock Beauty <\/a>de Barcelona, y Laura Espinosa, directora del centro <a href=\"https:\/\/www.treatwell.es\/establecimiento\/integral-aesthetic-madrid\/\">Integral Aesthetic <\/a>de Madrid, nos ayudan a solucionarte todas, todas, todas tus dudas. \u00a1Vamos all\u00e1!<\/span><\/p>\n<div class=\"schema-faq wp-block-yoast-faq-block\"><\/div>\n","protected":false},"excerpt":{"rendered":"<p>\u00bfPensando en despedirte del vello para siempre? La depilaci\u00f3n l\u00e1ser es el tratamiento que buscas. Es normal que puedas tener un mont\u00f3n de dudas antes de decidirte\u2026 \u00bfDuele? \u00bfDura para siempre? \u00bfCu\u00e1ndo es mejor que me lo haga? \u00bfSi soy de piel morena, me sirve? \u00a1Que no cunda el p\u00e1nico! Valentina Dettori, propietaria del sal\u00f3n [&hellip;]<\/p>\n","protected":false},"author":3319,"featured_media":28175,"comment_status":"closed","ping_status":"closed","sticky":false,"template":"","format":"standard","meta":{"_acf_changed":false,"_yoast_wpseo_title":"Depilaci\u00f3n l\u00e1ser: dudas, beneficios y consejos | Treatwell","_yoast_wpseo_metadesc":"Descubre todo sobre depilaci\u00f3n l\u00e1ser: c\u00f3mo funciona, si es para tu tipo de piel, preparaci\u00f3n, dolores y cuidados. Resuelve tus dudas y elige tu mejor momento.","_genesis_hide_title":false,"_genesis_hide_breadcrumbs":false,"_genesis_hide_singular_image":false,"_genesis_hide_footer_widgets":false,"_genesis_custom_body_class":"","_genesis_custom_post_class":"","_genesis_layout":"","saswp_custom_schema_field":"","footnotes":""},"categories":[4],"tags":[107,16],"class_list":{"0":"post-28165","1":"post","2":"type-post","3":"status-publish","4":"format-standard","5":"has-post-thumbnail","7":"category-beauty","8":"tag-tt43","9":"tag-tr52","10":"entry"},"acf":{"post_credits":"","beauty_blog_post_button_title":"","beauty_blog_post_button":"","landscape_picture":28174,"blocks":[{"block_title":"No todos los tratamientos l\u00e1ser son iguales","block_content":"<p>&ldquo;<em>Actualmente, casi todo lo que encontramos en el mercado es l&aacute;ser, pero no todos funcionan igual<\/em>&rdquo;, explica Laura. &ldquo;T<em>odo depende de la longitud de la onda. Las primeras trabajaban a 720nm, lo que era perfecto para pieles claras, pero no para las oscuras. En cambio el l&aacute;ser de diodo que trabaja a 820 permite ajustarse a todo tipo de pieles<\/em>&rdquo; concluye.<\/p>\n","video_content":"","block_picture":28166},{"block_title":"Sirve igual si eres de piel clara que morena","block_content":"<p>Valentina nos dice que todo depende del tipo de m&aacute;quina. Pero hoy en d&iacute;a lo de que las pieles morenas no pueden hacerse el l&aacute;ser, ya es casi un mito. &ldquo;<em>Hay much&iacute;simas m&aacute;quinas, como la nuestra, que s&iacute; que permiten hacerlo sin problemas<\/em>&rdquo;, explica Dettori.<\/p>\n","video_content":"","block_picture":28167},{"block_title":"\u00bfEs para toda la vida? S\u00ed, pero con peros...","block_content":"<p>&ldquo;<em>La efectividad del l&aacute;ser es una de las preocupaciones m&aacute;s comunes. Pero si se hace con el l&aacute;ser perfecto para tu tipo de piel, s&iacute;, lo es<\/em>&rdquo; comenta Espinosa. &ldquo;<em>Lo que hay que tener en cuenta es luego hay cosas que no podemos controlar. Por ejemplo si hay alg&uacute;n cambio hormonal posterior en el cuerpo, ah&iacute; ya es el cuerpo que decide<\/em>&rdquo;, apunta Dettori.<\/p>\n\n<p>&nbsp;<\/p>\n","video_content":"","block_picture":28168},{"block_title":"En oto\u00f1o es el mejor momento para empezar...","block_content":"<p>&iexcl;Est&aacute;s a tiempo! &ldquo;<em>Sin duda en oto&ntilde;o es el mejor momento para empezar con el l&aacute;ser. Estamos menos expuestos al sol y podremos llegar al verano con menos vello<\/em>&rdquo;, explica Espinosa. &ldquo;<em>Aunque hoy en d&iacute;a se puede empezar cuando se quiera, eso de que en verano no se puede, es ya un mito. Con la m&aacute;quina adecuada, se puede sin problemas<\/em>&rdquo;, concluye.<\/p>\n","video_content":"","block_picture":28169},{"block_title":"Puedes hacerte el l\u00e1ser en la parte del cuerpo que quieras","block_content":"<p>&iexcl;S&iacute;, en la parte que quieras! Este tratamiento puede realizarse en la zona del cuerpo que quieras. As&iacute; que si quieres despedirte del vello, sea de la parte del cuerpo que sea (axilas, piernas, zona &iacute;ntima&hellip;) el l&aacute;ser puede ser lo que buscabas.<\/p>\n","video_content":"","block_picture":28170},{"block_title":"Pero si est\u00e1s embarazada, mejor esperar","block_content":"<p>Tanto Laura como Valentina coinciden en que si est&aacute;s embarazada o en fase de lactancia, lo mejor es esperar. <em>&ldquo;Los cambios hormonales pueden provocar fotosensibilidad y corremos el riesgo que se oscurezcan las zonas, as&iacute; que mejor esperar<\/em>&rdquo;, afirma Laura. &iexcl;M&aacute;s vale prevenir, que curar, amiga!<\/p>\n","video_content":"","block_picture":28171},{"block_title":"\u00bfDuele? Depende de cada persona","block_content":"<p>Cada vez se innova m&aacute;s en esta tecnolog&iacute;a y los equipos suelen venir ya preparados para intentar que duela lo menos posible. &ldquo;<em>Pero obviamente, es algo que depende much&iacute;simo de la sensibilidad de cada persona y de la zona en que se realice<\/em>&rdquo;, apunta Laura.<\/p>\n","video_content":"","block_picture":28172},{"block_title":"\u00bfQu\u00e9 hay que hacer antes y despu\u00e9s del tratamiento?","block_content":"<p>Antes de la cita es importante rasurar la zona e hidratar la piel, evitar tomar el sol o rayos UVA (m&iacute;nimo 3 d&iacute;as antes) y, en caso de tomar antibi&oacute;ticos, cortisona o corticoides, se debe esperar 15 d&iacute;as desde la &uacute;ltima toma. Despu&eacute;s de la cita se debe aplicar aloe vera durante los 3 d&iacute;as posteriores, evitar tomar el sol durante esos d&iacute;as, y no realizar deporte o ir a la piscina las 24-48h posteriores a la sesi&oacute;n.<\/p>\n","video_content":"","block_picture":28173}]},"yoast_head":"<!-- This site is optimized with the Yoast SEO plugin v27.5 - https:\/\/yoast.com\/product\/yoast-seo-wordpress\/ -->\n<title>Depilaci\u00f3n l\u00e1ser: dudas, beneficios y consejos | Treatwell<\/title>\n<meta name=\"description\" content=\"Descubre todo sobre depilaci\u00f3n l\u00e1ser: c\u00f3mo funciona, si es para tu tipo de piel, preparaci\u00f3n, dolores y cuidados. Resuelve tus dudas y elige tu mejor momento.\" \/>\n<meta name=\"robots\" content=\"index, follow, max-snippet:-1, max-image-preview:large, max-video-preview:-1\" \/>\n<link rel=\"canonical\" href=\"https:\/\/www.treatwell.es/in-the-glow\/depilacion-laser-8-cosas-no-sabias\/\" \/>\n<meta property=\"og:locale\" content=\"es_ES\" \/>\n<meta property=\"og:type\" content=\"article\" \/>\n<meta property=\"og:title\" content=\"Depilaci\u00f3n l\u00e1ser: dudas, beneficios y consejos | Treatwell\" \/>\n<meta property=\"og:description\" content=\"Descubre todo sobre depilaci\u00f3n l\u00e1ser: c\u00f3mo funciona, si es para tu tipo de piel, preparaci\u00f3n, dolores y cuidados. Resuelve tus dudas y elige tu mejor momento.\" \/>\n<meta property=\"og:url\" content=\"https:\/\/www.treatwell.es/in-the-glow\/depilacion-laser-8-cosas-no-sabias\/\" \/>\n<meta property=\"og:site_name\" content=\"In The Glow\" \/>\n<meta property=\"article:published_time\" content=\"2018-11-13T08:44:31+00:00\" \/>\n<meta property=\"article:modified_time\" content=\"2025-12-15T22:53:51+00:00\" \/>\n<meta property=\"og:image\" content=\"https:\/\/www.treatwell.es/in-the-glow\/wp-content\/uploads\/sites\/10\/2022\/03\/chris-barbalis-610231-unsplash-copy-2.jpg\" \/>\n\t<meta property=\"og:image:width\" content=\"500\" \/>\n\t<meta property=\"og:image:height\" content=\"503\" \/>\n\t<meta property=\"og:image:type\" content=\"image\/jpeg\" \/>\n<meta name=\"twitter:card\" content=\"summary_large_image\" \/>\n<meta name=\"twitter:label1\" content=\"Escrito por\" \/>\n\t<meta name=\"twitter:data1\" content=\"\" \/>\n<script type=\"application\/ld+json\" class=\"yoast-schema-graph\">{\"@context\":\"https:\\\/\\\/schema.org\",\"@graph\":[{\"@type\":\"Article\",\"@id\":\"https:\\\/\\\/www.treatwell.es/in-the-glow\\\/depilacion-laser-8-cosas-no-sabias\\\/#article\",\"isPartOf\":{\"@id\":\"https:\\\/\\\/www.treatwell.es/in-the-glow\\\/depilacion-laser-8-cosas-no-sabias\\\/\"},\"author\":{\"name\":\"\",\"@id\":\"\"},\"headline\":\"Depilaci\u00f3n L\u00e1ser: 8 cosas que no sab\u00edas\",\"datePublished\":\"2018-11-13T08:44:31+00:00\",\"dateModified\":\"2025-12-15T22:53:51+00:00\",\"mainEntityOfPage\":{\"@id\":\"https:\\\/\\\/www.treatwell.es/in-the-glow\\\/depilacion-laser-8-cosas-no-sabias\\\/\"},\"wordCount\":95,\"publisher\":{\"@id\":\"https:\\\/\\\/www.treatwell.es/in-the-glow\\\/#organization\"},\"image\":{\"@id\":\"https:\\\/\\\/www.treatwell.es/in-the-glow\\\/depilacion-laser-8-cosas-no-sabias\\\/#primaryimage\"},\"thumbnailUrl\":\"https:\\\/\\\/www.treatwell.es/in-the-glow\\\/wp-content\\\/uploads\\\/sites\\\/10\\\/2022\\\/03\\\/chris-barbalis-610231-unsplash-copy-2.jpg\",\"keywords\":[\"Hair removal\",\"Laser Hair Removal\"],\"articleSection\":[\"Beauty\"],\"inLanguage\":\"es\"},{\"@type\":\"WebPage\",\"@id\":\"https:\\\/\\\/www.treatwell.es/in-the-glow\\\/depilacion-laser-8-cosas-no-sabias\\\/\",\"url\":\"https:\\\/\\\/www.treatwell.es/in-the-glow\\\/depilacion-laser-8-cosas-no-sabias\\\/\",\"name\":\"Depilaci\u00f3n l\u00e1ser: dudas, beneficios y consejos | Treatwell\",\"isPartOf\":{\"@id\":\"https:\\\/\\\/www.treatwell.es/in-the-glow\\\/#website\"},\"primaryImageOfPage\":{\"@id\":\"https:\\\/\\\/www.treatwell.es/in-the-glow\\\/depilacion-laser-8-cosas-no-sabias\\\/#primaryimage\"},\"image\":{\"@id\":\"https:\\\/\\\/www.treatwell.es/in-the-glow\\\/depilacion-laser-8-cosas-no-sabias\\\/#primaryimage\"},\"thumbnailUrl\":\"https:\\\/\\\/www.treatwell.es/in-the-glow\\\/wp-content\\\/uploads\\\/sites\\\/10\\\/2022\\\/03\\\/chris-barbalis-610231-unsplash-copy-2.jpg\",\"datePublished\":\"2018-11-13T08:44:31+00:00\",\"dateModified\":\"2025-12-15T22:53:51+00:00\",\"description\":\"Descubre todo sobre depilaci\u00f3n l\u00e1ser: c\u00f3mo funciona, si es para tu tipo de piel, preparaci\u00f3n, dolores y cuidados. Resuelve tus dudas y elige tu mejor momento.\",\"breadcrumb\":{\"@id\":\"https:\\\/\\\/www.treatwell.es/in-the-glow\\\/depilacion-laser-8-cosas-no-sabias\\\/#breadcrumb\"},\"inLanguage\":\"es\",\"potentialAction\":[{\"@type\":\"ReadAction\",\"target\":[\"https:\\\/\\\/www.treatwell.es/in-the-glow\\\/depilacion-laser-8-cosas-no-sabias\\\/\"]}]},{\"@type\":\"ImageObject\",\"inLanguage\":\"es\",\"@id\":\"https:\\\/\\\/www.treatwell.es/in-the-glow\\\/depilacion-laser-8-cosas-no-sabias\\\/#primaryimage\",\"url\":\"https:\\\/\\\/www.treatwell.es/in-the-glow\\\/wp-content\\\/uploads\\\/sites\\\/10\\\/2022\\\/03\\\/chris-barbalis-610231-unsplash-copy-2.jpg\",\"contentUrl\":\"https:\\\/\\\/www.treatwell.es/in-the-glow\\\/wp-content\\\/uploads\\\/sites\\\/10\\\/2022\\\/03\\\/chris-barbalis-610231-unsplash-copy-2.jpg\",\"width\":500,\"height\":503},{\"@type\":\"BreadcrumbList\",\"@id\":\"https:\\\/\\\/www.treatwell.es/in-the-glow\\\/depilacion-laser-8-cosas-no-sabias\\\/#breadcrumb\",\"itemListElement\":[{\"@type\":\"ListItem\",\"position\":1,\"name\":\"Home\",\"item\":\"https:\\\/\\\/www.treatwell.es/in-the-glow\\\/\"},{\"@type\":\"ListItem\",\"position\":2,\"name\":\"Beauty\",\"item\":\"https:\\\/\\\/www.treatwell.es/in-the-glow\\\/beauty\\\/\"},{\"@type\":\"ListItem\",\"position\":3,\"name\":\"Depilaci\u00f3n L\u00e1ser: 8 cosas que no sab\u00edas\"}]},{\"@type\":\"WebSite\",\"@id\":\"https:\\\/\\\/www.treatwell.es/in-the-glow\\\/#website\",\"url\":\"https:\\\/\\\/www.treatwell.es/in-the-glow\\\/\",\"name\":\"In The Glow\",\"description\":\"Belleza. Pelo. Lifestyle.\",\"publisher\":{\"@id\":\"https:\\\/\\\/www.treatwell.es/in-the-glow\\\/#organization\"},\"potentialAction\":[{\"@type\":\"SearchAction\",\"target\":{\"@type\":\"EntryPoint\",\"urlTemplate\":\"https:\\\/\\\/www.treatwell.es/in-the-glow\\\/?s={search_term_string}\"},\"query-input\":{\"@type\":\"PropertyValueSpecification\",\"valueRequired\":true,\"valueName\":\"search_term_string\"}}],\"inLanguage\":\"es\"},{\"@type\":\"Organization\",\"@id\":\"https:\\\/\\\/www.treatwell.es/in-the-glow\\\/#organization\",\"name\":\"Treatwell\",\"url\":\"https:\\\/\\\/www.treatwell.es/in-the-glow\\\/\",\"logo\":{\"@type\":\"ImageObject\",\"inLanguage\":\"es\",\"@id\":\"https:\\\/\\\/www.treatwell.es/in-the-glow\\\/#\\\/schema\\\/logo\\\/image\\\/\",\"url\":\"https:\\\/\\\/www.treatwell.es/in-the-glow\\\/wp-content\\\/uploads\\\/sites\\\/10\\\/2022\\\/03\\\/logo_treatwell.png\",\"contentUrl\":\"https:\\\/\\\/www.treatwell.es/in-the-glow\\\/wp-content\\\/uploads\\\/sites\\\/10\\\/2022\\\/03\\\/logo_treatwell.png\",\"width\":889,\"height\":164,\"caption\":\"Treatwell\"},\"image\":{\"@id\":\"https:\\\/\\\/www.treatwell.es/in-the-glow\\\/#\\\/schema\\\/logo\\\/image\\\/\"}},{\"@type\":\"Person\",\"@id\":\"\",\"url\":\"https:\\\/\\\/www.treatwell.es/in-the-glow\\\/author\\\/\"}]}<\/script>\n<!-- \/ Yoast SEO plugin. -->","yoast_head_json":{"title":"Depilaci\u00f3n l\u00e1ser: dudas, beneficios y consejos | Treatwell","description":"Descubre todo sobre depilaci\u00f3n l\u00e1ser: c\u00f3mo funciona, si es para tu tipo de piel, preparaci\u00f3n, dolores y cuidados. Resuelve tus dudas y elige tu mejor momento.","robots":{"index":"index","follow":"follow","max-snippet":"max-snippet:-1","max-image-preview":"max-image-preview:large","max-video-preview":"max-video-preview:-1"},"canonical":"https:\/\/www.treatwell.es/in-the-glow\/depilacion-laser-8-cosas-no-sabias\/","og_locale":"es_ES","og_type":"article","og_title":"Depilaci\u00f3n l\u00e1ser: dudas, beneficios y consejos | Treatwell","og_description":"Descubre todo sobre depilaci\u00f3n l\u00e1ser: c\u00f3mo funciona, si es para tu tipo de piel, preparaci\u00f3n, dolores y cuidados. Resuelve tus dudas y elige tu mejor momento.","og_url":"https:\/\/www.treatwell.es/in-the-glow\/depilacion-laser-8-cosas-no-sabias\/","og_site_name":"In The Glow","article_published_time":"2018-11-13T08:44:31+00:00","article_modified_time":"2025-12-15T22:53:51+00:00","og_image":[{"width":500,"height":503,"url":"https:\/\/www.treatwell.es/in-the-glow\/wp-content\/uploads\/sites\/10\/2022\/03\/chris-barbalis-610231-unsplash-copy-2.jpg","type":"image\/jpeg"}],"twitter_card":"summary_large_image","twitter_misc":{"Escrito por":""},"schema":{"@context":"https:\/\/schema.org","@graph":[{"@type":"Article","@id":"https:\/\/www.treatwell.es/in-the-glow\/depilacion-laser-8-cosas-no-sabias\/#article","isPartOf":{"@id":"https:\/\/www.treatwell.es/in-the-glow\/depilacion-laser-8-cosas-no-sabias\/"},"author":{"name":"","@id":""},"headline":"Depilaci\u00f3n L\u00e1ser: 8 cosas que no sab\u00edas","datePublished":"2018-11-13T08:44:31+00:00","dateModified":"2025-12-15T22:53:51+00:00","mainEntityOfPage":{"@id":"https:\/\/www.treatwell.es/in-the-glow\/depilacion-laser-8-cosas-no-sabias\/"},"wordCount":95,"publisher":{"@id":"https:\/\/www.treatwell.es/in-the-glow\/#organization"},"image":{"@id":"https:\/\/www.treatwell.es/in-the-glow\/depilacion-laser-8-cosas-no-sabias\/#primaryimage"},"thumbnailUrl":"https:\/\/www.treatwell.es/in-the-glow\/wp-content\/uploads\/sites\/10\/2022\/03\/chris-barbalis-610231-unsplash-copy-2.jpg","keywords":["Hair removal","Laser Hair Removal"],"articleSection":["Beauty"],"inLanguage":"es"},{"@type":"WebPage","@id":"https:\/\/www.treatwell.es/in-the-glow\/depilacion-laser-8-cosas-no-sabias\/","url":"https:\/\/www.treatwell.es/in-the-glow\/depilacion-laser-8-cosas-no-sabias\/","name":"Depilaci\u00f3n l\u00e1ser: dudas, beneficios y consejos | Treatwell","isPartOf":{"@id":"https:\/\/www.treatwell.es/in-the-glow\/#website"},"primaryImageOfPage":{"@id":"https:\/\/www.treatwell.es/in-the-glow\/depilacion-laser-8-cosas-no-sabias\/#primaryimage"},"image":{"@id":"https:\/\/www.treatwell.es/in-the-glow\/depilacion-laser-8-cosas-no-sabias\/#primaryimage"},"thumbnailUrl":"https:\/\/www.treatwell.es/in-the-glow\/wp-content\/uploads\/sites\/10\/2022\/03\/chris-barbalis-610231-unsplash-copy-2.jpg","datePublished":"2018-11-13T08:44:31+00:00","dateModified":"2025-12-15T22:53:51+00:00","description":"Descubre todo sobre depilaci\u00f3n l\u00e1ser: c\u00f3mo funciona, si es para tu tipo de piel, preparaci\u00f3n, dolores y cuidados. Resuelve tus dudas y elige tu mejor momento.","breadcrumb":{"@id":"https:\/\/www.treatwell.es/in-the-glow\/depilacion-laser-8-cosas-no-sabias\/#breadcrumb"},"inLanguage":"es","potentialAction":[{"@type":"ReadAction","target":["https:\/\/www.treatwell.es/in-the-glow\/depilacion-laser-8-cosas-no-sabias\/"]}]},{"@type":"ImageObject","inLanguage":"es","@id":"https:\/\/www.treatwell.es/in-the-glow\/depilacion-laser-8-cosas-no-sabias\/#primaryimage","url":"https:\/\/www.treatwell.es/in-the-glow\/wp-content\/uploads\/sites\/10\/2022\/03\/chris-barbalis-610231-unsplash-copy-2.jpg","contentUrl":"https:\/\/www.treatwell.es/in-the-glow\/wp-content\/uploads\/sites\/10\/2022\/03\/chris-barbalis-610231-unsplash-copy-2.jpg","width":500,"height":503},{"@type":"BreadcrumbList","@id":"https:\/\/www.treatwell.es/in-the-glow\/depilacion-laser-8-cosas-no-sabias\/#breadcrumb","itemListElement":[{"@type":"ListItem","position":1,"name":"Home","item":"https:\/\/www.treatwell.es/in-the-glow\/"},{"@type":"ListItem","position":2,"name":"Beauty","item":"https:\/\/www.treatwell.es/in-the-glow\/beauty\/"},{"@type":"ListItem","position":3,"name":"Depilaci\u00f3n L\u00e1ser: 8 cosas que no sab\u00edas"}]},{"@type":"WebSite","@id":"https:\/\/www.treatwell.es/in-the-glow\/#website","url":"https:\/\/www.treatwell.es/in-the-glow\/","name":"In The Glow","description":"Belleza. Pelo. Lifestyle.","publisher":{"@id":"https:\/\/www.treatwell.es/in-the-glow\/#organization"},"potentialAction":[{"@type":"SearchAction","target":{"@type":"EntryPoint","urlTemplate":"https:\/\/www.treatwell.es/in-the-glow\/?s={search_term_string}"},"query-input":{"@type":"PropertyValueSpecification","valueRequired":true,"valueName":"search_term_string"}}],"inLanguage":"es"},{"@type":"Organization","@id":"https:\/\/www.treatwell.es/in-the-glow\/#organization","name":"Treatwell","url":"https:\/\/www.treatwell.es/in-the-glow\/","logo":{"@type":"ImageObject","inLanguage":"es","@id":"https:\/\/www.treatwell.es/in-the-glow\/#\/schema\/logo\/image\/","url":"https:\/\/www.treatwell.es/in-the-glow\/wp-content\/uploads\/sites\/10\/2022\/03\/logo_treatwell.png","contentUrl":"https:\/\/www.treatwell.es/in-the-glow\/wp-content\/uploads\/sites\/10\/2022\/03\/logo_treatwell.png","width":889,"height":164,"caption":"Treatwell"},"image":{"@id":"https:\/\/www.treatwell.es/in-the-glow\/#\/schema\/logo\/image\/"}},{"@type":"Person","@id":"","url":"https:\/\/www.treatwell.es/in-the-glow\/author\/"}]}},"featured_image_src":"https:\/\/www.treatwell.es/in-the-glow\/wp-content\/uploads\/sites\/10\/2022\/03\/chris-barbalis-610231-unsplash-copy-2-500x400.jpg","featured_image_src_square":"https:\/\/www.treatwell.es/in-the-glow\/wp-content\/uploads\/sites\/10\/2022\/03\/chris-barbalis-610231-unsplash-copy-2.jpg","author_info":{"display_name":"","author_link":"https:\/\/www.treatwell.es/in-the-glow\/author\/"},"_links":{"self":[{"href":"https:\/\/www.treatwell.es\/in-the-glow\/wp-json\/wp\/v2\/posts\/28165","targetHints":{"allow":["GET"]}}],"collection":[{"href":"https:\/\/www.treatwell.es\/in-the-glow\/wp-json\/wp\/v2\/posts"}],"about":[{"href":"https:\/\/www.treatwell.es\/in-the-glow\/wp-json\/wp\/v2\/types\/post"}],"author":[{"embeddable":true,"href":"https:\/\/www.treatwell.es\/in-the-glow\/wp-json\/wp\/v2\/users\/3319"}],"replies":[{"embeddable":true,"href":"https:\/\/www.treatwell.es\/in-the-glow\/wp-json\/wp\/v2\/comments?post=28165"}],"version-history":[{"count":0,"href":"https:\/\/www.treatwell.es\/in-the-glow\/wp-json\/wp\/v2\/posts\/28165\/revisions"}],"wp:featuredmedia":[{"embeddable":true,"href":"https:\/\/www.treatwell.es\/in-the-glow\/wp-json\/wp\/v2\/media\/28175"}],"wp:attachment":[{"href":"https:\/\/www.treatwell.es\/in-the-glow\/wp-json\/wp\/v2\/media?parent=28165"}],"wp:term":[{"taxonomy":"category","embeddable":true,"href":"https:\/\/www.treatwell.es\/in-the-glow\/wp-json\/wp\/v2\/categories?post=28165"},{"taxonomy":"post_tag","embeddable":true,"href":"https:\/\/www.treatwell.es\/in-the-glow\/wp-json\/wp\/v2\/tags?post=28165"}],"curies":[{"name":"wp","href":"https:\/\/api.w.org\/{rel}","templated":true}]}}