{"id":28379,"date":"2018-12-21T09:00:13","date_gmt":"2018-12-21T08:00:13","guid":{"rendered":"https:\/\/www.treatwell.es\/in-the-glow\/?p=20414"},"modified":"2025-12-15T23:53:58","modified_gmt":"2025-12-15T22:53:58","slug":"cambios-de-look-2018","status":"publish","type":"post","link":"https:\/\/www.treatwell.es/in-the-glow\/cambios-de-look-2018\/","title":{"rendered":"Los cambios de look m\u00e1s sorprendentes de 2018"},"content":{"rendered":"<p><span style=\"font-weight: 400\">\u00a1Que levante la mano quien ha cambiado de look recientemente! No sabemos si t\u00fa lo has hecho, pero te podemos dar los nombres de unas cuantas celebrities que levantar\u00edan la mano r\u00e1pidamente (incluso algunas m\u00e1s de una vez).<\/span><\/p>\n<p><span style=\"font-weight: 400\">Y es que si en los \u00faltimos tiempos ya flip\u00e1bamos por el paso de Laura Escanes al <a href=\"https:\/\/www.treatwell.es\/in-the-glow\/como-llevar-el-corte-pixie\/\">Pixie<\/a>, eso solo era un preludio de lo que nos esperaba. En una \u00e9poca en la que mucha m\u00e1s gente se ha pasado al corto (y al cort\u00edssimo), en la que hemos visto cambios locos de color (\u00a1hola pelo rosa!), y cortes de melenas tan emblem\u00e1ticas como el pelazo de Aitana de OT.<\/span><\/p>\n<p><span style=\"font-weight: 400\">\u00bfTe los has perdido? Hemos seleccionado los mejores. \u00a1Vamos all\u00e1!<\/span><\/p>\n<div class=\"schema-faq wp-block-yoast-faq-block\"><\/div>\n","protected":false},"excerpt":{"rendered":"<p>\u00a1Que levante la mano quien ha cambiado de look recientemente! No sabemos si t\u00fa lo has hecho, pero te podemos dar los nombres de unas cuantas celebrities que levantar\u00edan la mano r\u00e1pidamente (incluso algunas m\u00e1s de una vez). Y es que si en los \u00faltimos tiempos ya flip\u00e1bamos por el paso de Laura Escanes al [&hellip;]<\/p>\n","protected":false},"author":3319,"featured_media":28387,"comment_status":"closed","ping_status":"closed","sticky":false,"template":"","format":"standard","meta":{"_acf_changed":false,"_yoast_wpseo_title":"Cambios de look de celebrities: cortes y tendencias | Treatwell","_yoast_wpseo_metadesc":"Descubre los cambios de look m\u00e1s sorprendentes de celebrities como Aitana, Aura Garrido y Macarena Garc\u00eda. Insp\u00edrate en cortes, colores y tendencias actuales.","_genesis_hide_title":false,"_genesis_hide_breadcrumbs":false,"_genesis_hide_singular_image":false,"_genesis_hide_footer_widgets":false,"_genesis_custom_body_class":"","_genesis_custom_post_class":"","_genesis_layout":"","saswp_custom_schema_field":"","footnotes":""},"categories":[4],"tags":[],"class_list":{"0":"post-28379","1":"post","2":"type-post","3":"status-publish","4":"format-standard","5":"has-post-thumbnail","7":"category-beauty","8":"entry"},"acf":{"post_credits":"Cr\u00e9ditos de las im\u00e1genes: Shutterstock e Instagram de @aitanax, @aura_garrido, @lapolvorrosa, @lauraescanes, @macarenagarciaoficial, @blanca_suarez","beauty_blog_post_button_title":"","beauty_blog_post_button":"","landscape_picture":28386,"blocks":[{"block_title":"Aitana","block_content":"<p>Nos ha sorprendido porque pens&aacute;bamos que era de las de &lsquo;no sin mi melenaza&rsquo;. Pero se ve que es solo de las de &lsquo;<a href=\"https:\/\/www.treatwell.es\/in-the-glow\/los-mejores-peinados-para-sacarle-partido-a-tu-flequillo\/\">no sin mi flequillo<\/a>&rsquo;. Nos encanta que haya arriesgado y se haya atrevido con la media melena. &iexcl;Nos encanta! Un <a href=\"https:\/\/www.treatwell.es\/in-the-glow\/corte-bob-wob-lob-sob\/\">LOB<\/a> que ni pintado.<\/p>\n","video_content":"","block_picture":28380},{"block_title":"Aura Garrido","block_content":"<p>Vale, es que cuando alguien hace un <a href=\"https:\/\/www.treatwell.es\/in-the-glow\/oye-que-lo-que-se-lleva-es-el-pelo-corto\/\">cambio radical y se pasa al pixie<\/a>, flipamos y mucho. Con Aura ha pasado lo mismo. Su s&uacute;per corte nos pill&oacute; desprevenidos, pero con esa carita, &iquest;qu&eacute; le queda mal?<\/p>\n","video_content":"","block_picture":28381},{"block_title":"Macarena Garc\u00eda","block_content":"<p><a href=\"https:\/\/www.treatwell.es\/in-the-glow\/macarena-garcia-pelo-rosa\/\">Pasar del negro carb&oacute;n al rosa chicle,<\/a> no es un cambio de look. Es un cambiazo de look. La moda del pelo rosa lleg&oacute; a Macarena que - no sabemos a&uacute;n si fue por exigencias del gui&oacute;n - ha lucido este color de pelo durante unos meses. &iquest;Te atrever&iacute;as con &eacute;l?<\/p>\n","video_content":"","block_picture":28382},{"block_title":"Ana Polvorosa","block_content":"<p>Otro cambio loco a lo Aura Garrido. De repente, pim pam pum, pelo corto al canto. Que alguien se atreva a negar que <a href=\"https:\/\/www.treatwell.es\/in-the-glow\/como-llevar-el-corte-pixie\/\">el pixie est&aacute; de moda<\/a>&hellip; &iexcl;Ha sido el corte del a&ntilde;o! &iquest;Os gusta Ana con este nuevo look? Impresiona y le aporta un extra de personalidad que nos flipa.<\/p>\n","video_content":"","block_picture":28383},{"block_title":"Laura Escanes","block_content":"<p>S&iacute;, pens&aacute;bamos que despu&eacute;s de su paso al pixie nada podr&iacute;a sorprendernos ya. Pero s&iacute;. Su paso al pelo a&uacute;n m&aacute;s corto (casi rapado al m&aacute;ximo) nos demuestra que Laura es de las que arriesga y de las que le da igual el qu&eacute; dir&aacute;n. Y es que qu&eacute; digan lo que quieran, &iexcl;que ole ella y su pelazo (s&iacute; un pelo corto tambi&eacute;n es un pelazo)!<\/p>\n","video_content":"","block_picture":28384},{"block_title":"Blanca Su\u00e1rez","block_content":"<p>&iquest;Por d&oacute;nde empezar? Si es que esta chica <a href=\"https:\/\/www.treatwell.es\/in-the-glow\/repasamos-los-cambios-look-blanca-suarez\/\">cambia m&aacute;s de pelo<\/a> que de zapatos. Pero s&iacute;, va siempre ideal. Cualquier tendencia que se precie ha pasado por su pelazo. Y es que ya solo le falta pasarse al corto. &iquest;Se atrever&aacute; en 2019?<\/p>\n","video_content":"","block_picture":28385}]},"yoast_head":"<!-- This site is optimized with the Yoast SEO plugin v27.5 - https:\/\/yoast.com\/product\/yoast-seo-wordpress\/ -->\n<title>Cambios de look de celebrities: cortes y tendencias | Treatwell<\/title>\n<meta name=\"description\" content=\"Descubre los cambios de look m\u00e1s sorprendentes de celebrities como Aitana, Aura Garrido y Macarena Garc\u00eda. Insp\u00edrate en cortes, colores y tendencias actuales.\" \/>\n<meta name=\"robots\" content=\"index, follow, max-snippet:-1, max-image-preview:large, max-video-preview:-1\" \/>\n<link rel=\"canonical\" href=\"https:\/\/www.treatwell.es/in-the-glow\/cambios-de-look-2018\/\" \/>\n<meta property=\"og:locale\" content=\"es_ES\" \/>\n<meta property=\"og:type\" content=\"article\" \/>\n<meta property=\"og:title\" content=\"Cambios de look de celebrities: cortes y tendencias | Treatwell\" \/>\n<meta property=\"og:description\" content=\"Descubre los cambios de look m\u00e1s sorprendentes de celebrities como Aitana, Aura Garrido y Macarena Garc\u00eda. Insp\u00edrate en cortes, colores y tendencias actuales.\" \/>\n<meta property=\"og:url\" content=\"https:\/\/www.treatwell.es/in-the-glow\/cambios-de-look-2018\/\" \/>\n<meta property=\"og:site_name\" content=\"In The Glow\" \/>\n<meta property=\"article:published_time\" content=\"2018-12-21T08:00:13+00:00\" \/>\n<meta property=\"article:modified_time\" content=\"2025-12-15T22:53:58+00:00\" \/>\n<meta property=\"og:image\" content=\"https:\/\/www.treatwell.es/in-the-glow\/wp-content\/uploads\/sites\/10\/2022\/03\/lapolvorrosa.png\" \/>\n\t<meta property=\"og:image:width\" content=\"447\" \/>\n\t<meta property=\"og:image:height\" content=\"491\" \/>\n\t<meta property=\"og:image:type\" content=\"image\/png\" \/>\n<meta name=\"twitter:card\" content=\"summary_large_image\" \/>\n<meta name=\"twitter:label1\" content=\"Escrito por\" \/>\n\t<meta name=\"twitter:data1\" content=\"\" \/>\n\t<meta name=\"twitter:label2\" content=\"Tiempo de lectura\" \/>\n\t<meta name=\"twitter:data2\" content=\"1 minuto\" \/>\n<script type=\"application\/ld+json\" class=\"yoast-schema-graph\">{\"@context\":\"https:\\\/\\\/schema.org\",\"@graph\":[{\"@type\":\"Article\",\"@id\":\"https:\\\/\\\/www.treatwell.es/in-the-glow\\\/cambios-de-look-2018\\\/#article\",\"isPartOf\":{\"@id\":\"https:\\\/\\\/www.treatwell.es/in-the-glow\\\/cambios-de-look-2018\\\/\"},\"author\":{\"name\":\"\",\"@id\":\"\"},\"headline\":\"Los cambios de look m\u00e1s sorprendentes de 2018\",\"datePublished\":\"2018-12-21T08:00:13+00:00\",\"dateModified\":\"2025-12-15T22:53:58+00:00\",\"mainEntityOfPage\":{\"@id\":\"https:\\\/\\\/www.treatwell.es/in-the-glow\\\/cambios-de-look-2018\\\/\"},\"wordCount\":133,\"publisher\":{\"@id\":\"https:\\\/\\\/www.treatwell.es/in-the-glow\\\/#organization\"},\"image\":{\"@id\":\"https:\\\/\\\/www.treatwell.es/in-the-glow\\\/cambios-de-look-2018\\\/#primaryimage\"},\"thumbnailUrl\":\"https:\\\/\\\/www.treatwell.es/in-the-glow\\\/wp-content\\\/uploads\\\/sites\\\/10\\\/2022\\\/03\\\/lapolvorrosa.png\",\"articleSection\":[\"Beauty\"],\"inLanguage\":\"es\"},{\"@type\":\"WebPage\",\"@id\":\"https:\\\/\\\/www.treatwell.es/in-the-glow\\\/cambios-de-look-2018\\\/\",\"url\":\"https:\\\/\\\/www.treatwell.es/in-the-glow\\\/cambios-de-look-2018\\\/\",\"name\":\"Cambios de look de celebrities: cortes y tendencias | Treatwell\",\"isPartOf\":{\"@id\":\"https:\\\/\\\/www.treatwell.es/in-the-glow\\\/#website\"},\"primaryImageOfPage\":{\"@id\":\"https:\\\/\\\/www.treatwell.es/in-the-glow\\\/cambios-de-look-2018\\\/#primaryimage\"},\"image\":{\"@id\":\"https:\\\/\\\/www.treatwell.es/in-the-glow\\\/cambios-de-look-2018\\\/#primaryimage\"},\"thumbnailUrl\":\"https:\\\/\\\/www.treatwell.es/in-the-glow\\\/wp-content\\\/uploads\\\/sites\\\/10\\\/2022\\\/03\\\/lapolvorrosa.png\",\"datePublished\":\"2018-12-21T08:00:13+00:00\",\"dateModified\":\"2025-12-15T22:53:58+00:00\",\"description\":\"Descubre los cambios de look m\u00e1s sorprendentes de celebrities como Aitana, Aura Garrido y Macarena Garc\u00eda. Insp\u00edrate en cortes, colores y tendencias actuales.\",\"breadcrumb\":{\"@id\":\"https:\\\/\\\/www.treatwell.es/in-the-glow\\\/cambios-de-look-2018\\\/#breadcrumb\"},\"inLanguage\":\"es\",\"potentialAction\":[{\"@type\":\"ReadAction\",\"target\":[\"https:\\\/\\\/www.treatwell.es/in-the-glow\\\/cambios-de-look-2018\\\/\"]}]},{\"@type\":\"ImageObject\",\"inLanguage\":\"es\",\"@id\":\"https:\\\/\\\/www.treatwell.es/in-the-glow\\\/cambios-de-look-2018\\\/#primaryimage\",\"url\":\"https:\\\/\\\/www.treatwell.es/in-the-glow\\\/wp-content\\\/uploads\\\/sites\\\/10\\\/2022\\\/03\\\/lapolvorrosa.png\",\"contentUrl\":\"https:\\\/\\\/www.treatwell.es/in-the-glow\\\/wp-content\\\/uploads\\\/sites\\\/10\\\/2022\\\/03\\\/lapolvorrosa.png\",\"width\":447,\"height\":491},{\"@type\":\"BreadcrumbList\",\"@id\":\"https:\\\/\\\/www.treatwell.es/in-the-glow\\\/cambios-de-look-2018\\\/#breadcrumb\",\"itemListElement\":[{\"@type\":\"ListItem\",\"position\":1,\"name\":\"Home\",\"item\":\"https:\\\/\\\/www.treatwell.es/in-the-glow\\\/\"},{\"@type\":\"ListItem\",\"position\":2,\"name\":\"Beauty\",\"item\":\"https:\\\/\\\/www.treatwell.es/in-the-glow\\\/beauty\\\/\"},{\"@type\":\"ListItem\",\"position\":3,\"name\":\"Los cambios de look m\u00e1s sorprendentes de 2018\"}]},{\"@type\":\"WebSite\",\"@id\":\"https:\\\/\\\/www.treatwell.es/in-the-glow\\\/#website\",\"url\":\"https:\\\/\\\/www.treatwell.es/in-the-glow\\\/\",\"name\":\"In The Glow\",\"description\":\"Belleza. Pelo. Lifestyle.\",\"publisher\":{\"@id\":\"https:\\\/\\\/www.treatwell.es/in-the-glow\\\/#organization\"},\"potentialAction\":[{\"@type\":\"SearchAction\",\"target\":{\"@type\":\"EntryPoint\",\"urlTemplate\":\"https:\\\/\\\/www.treatwell.es/in-the-glow\\\/?s={search_term_string}\"},\"query-input\":{\"@type\":\"PropertyValueSpecification\",\"valueRequired\":true,\"valueName\":\"search_term_string\"}}],\"inLanguage\":\"es\"},{\"@type\":\"Organization\",\"@id\":\"https:\\\/\\\/www.treatwell.es/in-the-glow\\\/#organization\",\"name\":\"Treatwell\",\"url\":\"https:\\\/\\\/www.treatwell.es/in-the-glow\\\/\",\"logo\":{\"@type\":\"ImageObject\",\"inLanguage\":\"es\",\"@id\":\"https:\\\/\\\/www.treatwell.es/in-the-glow\\\/#\\\/schema\\\/logo\\\/image\\\/\",\"url\":\"https:\\\/\\\/www.treatwell.es/in-the-glow\\\/wp-content\\\/uploads\\\/sites\\\/10\\\/2022\\\/03\\\/logo_treatwell.png\",\"contentUrl\":\"https:\\\/\\\/www.treatwell.es/in-the-glow\\\/wp-content\\\/uploads\\\/sites\\\/10\\\/2022\\\/03\\\/logo_treatwell.png\",\"width\":889,\"height\":164,\"caption\":\"Treatwell\"},\"image\":{\"@id\":\"https:\\\/\\\/www.treatwell.es/in-the-glow\\\/#\\\/schema\\\/logo\\\/image\\\/\"}},{\"@type\":\"Person\",\"@id\":\"\",\"url\":\"https:\\\/\\\/www.treatwell.es/in-the-glow\\\/author\\\/\"}]}<\/script>\n<!-- \/ Yoast SEO plugin. -->","yoast_head_json":{"title":"Cambios de look de celebrities: cortes y tendencias | Treatwell","description":"Descubre los cambios de look m\u00e1s sorprendentes de celebrities como Aitana, Aura Garrido y Macarena Garc\u00eda. Insp\u00edrate en cortes, colores y tendencias actuales.","robots":{"index":"index","follow":"follow","max-snippet":"max-snippet:-1","max-image-preview":"max-image-preview:large","max-video-preview":"max-video-preview:-1"},"canonical":"https:\/\/www.treatwell.es/in-the-glow\/cambios-de-look-2018\/","og_locale":"es_ES","og_type":"article","og_title":"Cambios de look de celebrities: cortes y tendencias | Treatwell","og_description":"Descubre los cambios de look m\u00e1s sorprendentes de celebrities como Aitana, Aura Garrido y Macarena Garc\u00eda. Insp\u00edrate en cortes, colores y tendencias actuales.","og_url":"https:\/\/www.treatwell.es/in-the-glow\/cambios-de-look-2018\/","og_site_name":"In The Glow","article_published_time":"2018-12-21T08:00:13+00:00","article_modified_time":"2025-12-15T22:53:58+00:00","og_image":[{"width":447,"height":491,"url":"https:\/\/www.treatwell.es/in-the-glow\/wp-content\/uploads\/sites\/10\/2022\/03\/lapolvorrosa.png","type":"image\/png"}],"twitter_card":"summary_large_image","twitter_misc":{"Escrito por":"","Tiempo de lectura":"1 minuto"},"schema":{"@context":"https:\/\/schema.org","@graph":[{"@type":"Article","@id":"https:\/\/www.treatwell.es/in-the-glow\/cambios-de-look-2018\/#article","isPartOf":{"@id":"https:\/\/www.treatwell.es/in-the-glow\/cambios-de-look-2018\/"},"author":{"name":"","@id":""},"headline":"Los cambios de look m\u00e1s sorprendentes de 2018","datePublished":"2018-12-21T08:00:13+00:00","dateModified":"2025-12-15T22:53:58+00:00","mainEntityOfPage":{"@id":"https:\/\/www.treatwell.es/in-the-glow\/cambios-de-look-2018\/"},"wordCount":133,"publisher":{"@id":"https:\/\/www.treatwell.es/in-the-glow\/#organization"},"image":{"@id":"https:\/\/www.treatwell.es/in-the-glow\/cambios-de-look-2018\/#primaryimage"},"thumbnailUrl":"https:\/\/www.treatwell.es/in-the-glow\/wp-content\/uploads\/sites\/10\/2022\/03\/lapolvorrosa.png","articleSection":["Beauty"],"inLanguage":"es"},{"@type":"WebPage","@id":"https:\/\/www.treatwell.es/in-the-glow\/cambios-de-look-2018\/","url":"https:\/\/www.treatwell.es/in-the-glow\/cambios-de-look-2018\/","name":"Cambios de look de celebrities: cortes y tendencias | Treatwell","isPartOf":{"@id":"https:\/\/www.treatwell.es/in-the-glow\/#website"},"primaryImageOfPage":{"@id":"https:\/\/www.treatwell.es/in-the-glow\/cambios-de-look-2018\/#primaryimage"},"image":{"@id":"https:\/\/www.treatwell.es/in-the-glow\/cambios-de-look-2018\/#primaryimage"},"thumbnailUrl":"https:\/\/www.treatwell.es/in-the-glow\/wp-content\/uploads\/sites\/10\/2022\/03\/lapolvorrosa.png","datePublished":"2018-12-21T08:00:13+00:00","dateModified":"2025-12-15T22:53:58+00:00","description":"Descubre los cambios de look m\u00e1s sorprendentes de celebrities como Aitana, Aura Garrido y Macarena Garc\u00eda. Insp\u00edrate en cortes, colores y tendencias actuales.","breadcrumb":{"@id":"https:\/\/www.treatwell.es/in-the-glow\/cambios-de-look-2018\/#breadcrumb"},"inLanguage":"es","potentialAction":[{"@type":"ReadAction","target":["https:\/\/www.treatwell.es/in-the-glow\/cambios-de-look-2018\/"]}]},{"@type":"ImageObject","inLanguage":"es","@id":"https:\/\/www.treatwell.es/in-the-glow\/cambios-de-look-2018\/#primaryimage","url":"https:\/\/www.treatwell.es/in-the-glow\/wp-content\/uploads\/sites\/10\/2022\/03\/lapolvorrosa.png","contentUrl":"https:\/\/www.treatwell.es/in-the-glow\/wp-content\/uploads\/sites\/10\/2022\/03\/lapolvorrosa.png","width":447,"height":491},{"@type":"BreadcrumbList","@id":"https:\/\/www.treatwell.es/in-the-glow\/cambios-de-look-2018\/#breadcrumb","itemListElement":[{"@type":"ListItem","position":1,"name":"Home","item":"https:\/\/www.treatwell.es/in-the-glow\/"},{"@type":"ListItem","position":2,"name":"Beauty","item":"https:\/\/www.treatwell.es/in-the-glow\/beauty\/"},{"@type":"ListItem","position":3,"name":"Los cambios de look m\u00e1s sorprendentes de 2018"}]},{"@type":"WebSite","@id":"https:\/\/www.treatwell.es/in-the-glow\/#website","url":"https:\/\/www.treatwell.es/in-the-glow\/","name":"In The Glow","description":"Belleza. Pelo. Lifestyle.","publisher":{"@id":"https:\/\/www.treatwell.es/in-the-glow\/#organization"},"potentialAction":[{"@type":"SearchAction","target":{"@type":"EntryPoint","urlTemplate":"https:\/\/www.treatwell.es/in-the-glow\/?s={search_term_string}"},"query-input":{"@type":"PropertyValueSpecification","valueRequired":true,"valueName":"search_term_string"}}],"inLanguage":"es"},{"@type":"Organization","@id":"https:\/\/www.treatwell.es/in-the-glow\/#organization","name":"Treatwell","url":"https:\/\/www.treatwell.es/in-the-glow\/","logo":{"@type":"ImageObject","inLanguage":"es","@id":"https:\/\/www.treatwell.es/in-the-glow\/#\/schema\/logo\/image\/","url":"https:\/\/www.treatwell.es/in-the-glow\/wp-content\/uploads\/sites\/10\/2022\/03\/logo_treatwell.png","contentUrl":"https:\/\/www.treatwell.es/in-the-glow\/wp-content\/uploads\/sites\/10\/2022\/03\/logo_treatwell.png","width":889,"height":164,"caption":"Treatwell"},"image":{"@id":"https:\/\/www.treatwell.es/in-the-glow\/#\/schema\/logo\/image\/"}},{"@type":"Person","@id":"","url":"https:\/\/www.treatwell.es/in-the-glow\/author\/"}]}},"featured_image_src":"https:\/\/www.treatwell.es/in-the-glow\/wp-content\/uploads\/sites\/10\/2022\/03\/lapolvorrosa-447x400.png","featured_image_src_square":"https:\/\/www.treatwell.es/in-the-glow\/wp-content\/uploads\/sites\/10\/2022\/03\/lapolvorrosa.png","author_info":{"display_name":"","author_link":"https:\/\/www.treatwell.es/in-the-glow\/author\/"},"_links":{"self":[{"href":"https:\/\/www.treatwell.es\/in-the-glow\/wp-json\/wp\/v2\/posts\/28379","targetHints":{"allow":["GET"]}}],"collection":[{"href":"https:\/\/www.treatwell.es\/in-the-glow\/wp-json\/wp\/v2\/posts"}],"about":[{"href":"https:\/\/www.treatwell.es\/in-the-glow\/wp-json\/wp\/v2\/types\/post"}],"author":[{"embeddable":true,"href":"https:\/\/www.treatwell.es\/in-the-glow\/wp-json\/wp\/v2\/users\/3319"}],"replies":[{"embeddable":true,"href":"https:\/\/www.treatwell.es\/in-the-glow\/wp-json\/wp\/v2\/comments?post=28379"}],"version-history":[{"count":0,"href":"https:\/\/www.treatwell.es\/in-the-glow\/wp-json\/wp\/v2\/posts\/28379\/revisions"}],"wp:featuredmedia":[{"embeddable":true,"href":"https:\/\/www.treatwell.es\/in-the-glow\/wp-json\/wp\/v2\/media\/28387"}],"wp:attachment":[{"href":"https:\/\/www.treatwell.es\/in-the-glow\/wp-json\/wp\/v2\/media?parent=28379"}],"wp:term":[{"taxonomy":"category","embeddable":true,"href":"https:\/\/www.treatwell.es\/in-the-glow\/wp-json\/wp\/v2\/categories?post=28379"},{"taxonomy":"post_tag","embeddable":true,"href":"https:\/\/www.treatwell.es\/in-the-glow\/wp-json\/wp\/v2\/tags?post=28379"}],"curies":[{"name":"wp","href":"https:\/\/api.w.org\/{rel}","templated":true}]}}