{"id":28396,"date":"2018-12-27T12:55:21","date_gmt":"2018-12-27T11:55:21","guid":{"rendered":"https:\/\/www.treatwell.es\/in-the-glow\/?p=20465"},"modified":"2025-12-15T23:53:58","modified_gmt":"2025-12-15T22:53:58","slug":"top-posts-2018","status":"publish","type":"post","link":"https:\/\/www.treatwell.es/in-the-glow\/top-posts-2018\/","title":{"rendered":"Y los 10 posts top de 2018 son\u2026"},"content":{"rendered":"<p><span style=\"font-weight: 400\">\u00daltimamente ha habido un sinf\u00edn de tendencias, tratamientos y cambios de look\u2026 Y nosotros hemos querido hablaros de (casi) todo lo que pasaba en el panorama beauty. Los <a href=\"https:\/\/www.treatwell.es\/in-the-glow\/los-colores-de-pelo-que-estan-de-moda\/\">colores de moda<\/a>, los <a href=\"https:\/\/www.treatwell.es\/in-the-glow\/cambios-de-look-2018\/\">nuevos cortes de las celebrities<\/a>, los <a href=\"https:\/\/www.treatwell.es\/in-the-glow\/tratamientos-de-moda-2018\/\">tratamientos top<\/a> o los mejores tips para sacar el m\u00e1ximo partido a tu pelazo.<\/span><\/p>\n<p><span style=\"font-weight: 400\">Y de todos, de todos los m\u00e1s de 400 temas de los que os hemos hablado, estos son los que lo han petado m\u00e1s. Aqu\u00ed est\u00e1n los 10 posts m\u00e1s le\u00eddos recientemente. Si a\u00fan no los has visto\u2026 \u00a1Ahora es el momento! \u00a1Pasen y lean, amigos!<\/span><\/p>\n<div class=\"schema-faq wp-block-yoast-faq-block\">\n<div class=\"schema-faq-section\" id=\"faq-question-1765838276983\">\n<h3 class=\"schema-faq-question\">\u00bfQu\u00e9 diferencia hay entre lifting, extensiones y permanente de pesta\u00f1as?<\/h3>\n<p class=\"schema-faq-answer\">El lifting de pesta\u00f1as consigue curvar y levantar tus propias pesta\u00f1as, las extensiones a\u00f1aden volumen usando fibras sint\u00e9ticas y la permanente riza las pesta\u00f1as para mantener una curvatura m\u00e1s prolongada. Cada tratamiento logra efectos distintos; elige el que prefieras seg\u00fan el resultado deseado y la duraci\u00f3n.<\/div>\n<div class=\"schema-faq-section\" id=\"faq-question-1765838276984\">\n<h3 class=\"schema-faq-question\">\u00bfC\u00f3mo luce el tratamiento de lifting de pesta\u00f1as antes y despu\u00e9s?<\/h3>\n<p class=\"schema-faq-answer\">El lifting de pesta\u00f1as muestra una gran diferencia entre el antes y el despu\u00e9s, ya que realza la mirada levantando visiblemente cada pesta\u00f1a desde la ra\u00edz. Permite un aspecto m\u00e1s abierto y natural, ideal si buscas destacar la expresi\u00f3n de los ojos sin a\u00f1adir productos o fibras extra.<\/div>\n<div class=\"schema-faq-section\" id=\"faq-question-1765838276985\">\n<h3 class=\"schema-faq-question\">\u00bfQu\u00e9 son y c\u00f3mo quedan las mechas babylight?<\/h3>\n<p class=\"schema-faq-answer\">Las mechas babylight son una t\u00e9cnica de coloraci\u00f3n que aporta un acabado muy natural y un extra de brillo. La diferencia principal es que su resultado es m\u00e1s delicado, perfecto para quienes buscan iluminar el cabello sin cambios dr\u00e1sticos ni contraste excesivo.<\/div>\n<div class=\"schema-faq-section\" id=\"faq-question-1765838276986\">\n<h3 class=\"schema-faq-question\">\u00bfPor qu\u00e9 las cejas de colores se han puesto de moda?<\/h3>\n<p class=\"schema-faq-answer\">Las cejas de colores han destacado como tendencia por su capacidad de transformar cualquier look y darle un estilo arriesgado. Personalidades como Rosal\u00eda han popularizado este toque atrevido, que triunfa en eventos y redes sociales por su originalidad y frescura.<\/div>\n<div class=\"schema-faq-section\" id=\"faq-question-1765838276987\">\n<h3 class=\"schema-faq-question\">\u00bfC\u00f3mo conseguir el look de pelo rosa como Macarena Garc\u00eda?<\/h3>\n<p class=\"schema-faq-answer\">Para conseguir un pelo rosa similar al de Macarena Garc\u00eda, necesitas aplicar una coloraci\u00f3n llamativa sobre el cabello, preferiblemente de base oscura a clara para que resalte. Es un cambio atrevido que aporta un toque juvenil y a la \u00faltima a cualquier estilo.<\/div>\n<\/p><\/div>\n","protected":false},"excerpt":{"rendered":"<p>\u00daltimamente ha habido un sinf\u00edn de tendencias, tratamientos y cambios de look\u2026 Y nosotros hemos querido hablaros de (casi) todo lo que pasaba en el panorama beauty. Los colores de moda, los nuevos cortes de las celebrities, los tratamientos top o los mejores tips para sacar el m\u00e1ximo partido a tu pelazo. Y de todos, [&hellip;]<\/p>\n","protected":false},"author":3319,"featured_media":28408,"comment_status":"closed","ping_status":"closed","sticky":false,"template":"","format":"standard","meta":{"_acf_changed":false,"_yoast_wpseo_title":"Tendencias beauty: los posts m\u00e1s le\u00eddos de moda y looks | Treatwell","_yoast_wpseo_metadesc":"Descubre los 10 posts beauty m\u00e1s le\u00eddos: tendencias en pelo, manicura, cejas y peinados. Insp\u00edrate con celebrities, colores, tratamientos y consejos imprescindibles.","_genesis_hide_title":false,"_genesis_hide_breadcrumbs":false,"_genesis_hide_singular_image":false,"_genesis_hide_footer_widgets":false,"_genesis_custom_body_class":"","_genesis_custom_post_class":"","_genesis_layout":"","saswp_custom_schema_field":"{\"@context\":\"https:\/\/schema.org\",\"@type\":\"FAQPage\",\"mainEntity\":[{\"@type\":\"Question\",\"name\":\"\u00bfQu\u00e9 diferencia hay entre lifting, extensiones y permanente de pesta\u00f1as?\",\"acceptedAnswer\":{\"@type\":\"Answer\",\"text\":\"El lifting de pesta\u00f1as consigue curvar y levantar tus propias pesta\u00f1as, las extensiones a\u00f1aden volumen usando fibras sint\u00e9ticas y la permanente riza las pesta\u00f1as para mantener una curvatura m\u00e1s prolongada. Cada tratamiento logra efectos distintos; elige el que prefieras seg\u00fan el resultado deseado y la duraci\u00f3n.\"}},{\"@type\":\"Question\",\"name\":\"\u00bfC\u00f3mo luce el tratamiento de lifting de pesta\u00f1as antes y despu\u00e9s?\",\"acceptedAnswer\":{\"@type\":\"Answer\",\"text\":\"El lifting de pesta\u00f1as muestra una gran diferencia entre el antes y el despu\u00e9s, ya que realza la mirada levantando visiblemente cada pesta\u00f1a desde la ra\u00edz. Permite un aspecto m\u00e1s abierto y natural, ideal si buscas destacar la expresi\u00f3n de los ojos sin a\u00f1adir productos o fibras extra.\"}},{\"@type\":\"Question\",\"name\":\"\u00bfQu\u00e9 son y c\u00f3mo quedan las mechas babylight?\",\"acceptedAnswer\":{\"@type\":\"Answer\",\"text\":\"Las mechas babylight son una t\u00e9cnica de coloraci\u00f3n que aporta un acabado muy natural y un extra de brillo. La diferencia principal es que su resultado es m\u00e1s delicado, perfecto para quienes buscan iluminar el cabello sin cambios dr\u00e1sticos ni contraste excesivo.\"}},{\"@type\":\"Question\",\"name\":\"\u00bfPor qu\u00e9 las cejas de colores se han puesto de moda?\",\"acceptedAnswer\":{\"@type\":\"Answer\",\"text\":\"Las cejas de colores han destacado como tendencia por su capacidad de transformar cualquier look y darle un estilo arriesgado. Personalidades como Rosal\u00eda han popularizado este toque atrevido, que triunfa en eventos y redes sociales por su originalidad y frescura.\"}},{\"@type\":\"Question\",\"name\":\"\u00bfC\u00f3mo conseguir el look de pelo rosa como Macarena Garc\u00eda?\",\"acceptedAnswer\":{\"@type\":\"Answer\",\"text\":\"Para conseguir un pelo rosa similar al de Macarena Garc\u00eda, necesitas aplicar una coloraci\u00f3n llamativa sobre el cabello, preferiblemente de base oscura a clara para que resalte. Es un cambio atrevido que aporta un toque juvenil y a la \u00faltima a cualquier estilo.\"}}]}","footnotes":""},"categories":[4],"tags":[105,29,30,27,11,7],"class_list":{"0":"post-28396","1":"post","2":"type-post","3":"status-publish","4":"format-standard","5":"has-post-thumbnail","7":"category-beauty","8":"tag-tr709","9":"tag-tr48","10":"tag-tr706","11":"tag-tt6","12":"tag-tr212","13":"tag-tt36","14":"entry"},"acf":{"post_credits":"Cr\u00e9ditos de las im\u00e1genes: Wayne Tippetts\/Shutterstock e Instagram de @alannaarrington, @balmoan, @britishvogue, @dk_lovelashes, @blancasuarezar, @lauraescanes, @macarenagarciaoficial, @rosalia.vt, @styledbycasey","beauty_blog_post_button_title":"","beauty_blog_post_button":"","landscape_picture":28407,"blocks":[{"block_title":"Meghan Markle y su manicura negra","block_content":"<p>Sin duda este a&ntilde;o ha sido el a&ntilde;o de Meghan. Y es que cada paso que ha dado la Duquesa de Sussex ha sido retransmitido por los medios. &iquest;Su &uacute;ltima notica? Su manicura negra que se salt&oacute; todos los protocolos. Te lo contamos todo <a href=\"https:\/\/www.treatwell.es\/in-the-glow\/la-manicura-de-meghan-markle\/\">aqu&iacute;.<\/a><\/p>\n","video_content":"","block_picture":28397},{"block_title":"Los cambios de look de las celebs","block_content":"<p>Ay, lo que nos gusta un buen gossip. Las celebrities nos (y os) encantan y que este post sea el segundo m&aacute;s le&iacute;do del a&ntilde;o, lo demuestra. Este pasado oto&ntilde;o fue el mes en que m&aacute;s famosas decidieron pasar por la pelu para cambiar su look.&nbsp;&iquest;<a href=\"https:\/\/www.treatwell.es\/in-the-glow\/otono-cambio-de-look\/\">Te enteraste de todos<\/a>?<\/p>\n","video_content":"","block_picture":28398},{"block_title":"El pelo rosa de Macarena Garc\u00eda","block_content":"<p>Y es que cuando alguien como Macarena Garc&iacute;a va y se pasa al rosa&hellip; &iexcl;Da mucho de qu&eacute; hablar! La actriz decidi&oacute; despedirse del negro carb&oacute;n de su melena y se pas&oacute; al que para muchos ha sido el color de moda en pelo de este a&ntilde;o. Un cambio s&uacute;per atrevido que llam&oacute; mucho la atenci&oacute;n. &iquest;<a href=\"https:\/\/www.treatwell.es\/in-the-glow\/macarena-garcia-pelo-rosa\/\">Te lo perdiste<\/a>?<\/p>\n","video_content":"","block_picture":28399},{"block_title":"Blanca Su\u00e1rez y su lookazo de cumple","block_content":"<p>Si hay una celebrity en nuestro pa&iacute;s que sea una verdadera creadora de tendencias, esta es Blanca Su&aacute;rez. Este a&ntilde;o ha cumplido 30 y lo celebr&oacute; con un fiestote y con un look que no dejaron a nadie indiferente. Mucho brilli y aires setenteros en este look digno de una estrella como ella. &iexcl;<a href=\"https:\/\/www.treatwell.es\/in-the-glow\/hablemos-del-lookazo-de-blanca-suarez-en-su-fiesta-de-cumple\/\">Nos encanta<\/a>!<\/p>\n","video_content":"","block_picture":28400},{"block_title":"\u00bfLifting, extensiones o permanente de pesta\u00f1as?","block_content":"<p>Y a no ser que vivas en la luna de Valencia, te habr&aacute;s enterado que este a&ntilde;o ha sido el a&ntilde;o en que los ojos han sido los nuevos labios. Y en el que los tratamientos de pesta&ntilde;as han estado m&aacute;s de moda que nunca. En este post os contamos la diferencia entre el lifting, las extensiones y la permanente. &iquest;<a href=\"https:\/\/www.treatwell.es\/in-the-glow\/permanente-lifting-extensiones-pestanas\/\">A&uacute;n no las sabes<\/a>?<\/p>\n","video_content":"","block_picture":28401},{"block_title":"Vale, pero \u00bfc\u00f3mo queda el lifting de pesta\u00f1as?","block_content":"<p>Una imagen vale m&aacute;s que mil palabras, que dicen. Y por eso mismo decidimos ense&ntilde;arte paso a paso en qu&eacute; consiste el tratamiento del lifting de pesta&ntilde;as, para que pudieras ver el antes y despu&eacute;s y decidirte con seguridad. <a href=\"https:\/\/www.treatwell.es\/in-the-glow\/lifting-pestanas-antes-despues\/\">Desc&uacute;brelo aqu&iacute;.<\/a><\/p>\n","video_content":"","block_picture":28402},{"block_title":"Las cejas rosas de Rosal\u00eda","block_content":"<p>Y llegaron los MTV awards y lleg&oacute; Rosal&iacute;a con sus cejas &iexcl;rosas! Y, como era de esperar, las redes sociales no dejaron de hablar de su look. Un look muy atrevido pero que &iexcl;nos flip&oacute;! D&iacute; que s&iacute; Rosal&iacute;a, &iexcl;ole t&uacute; y c&oacute;mo arriesgas! Y es que <a href=\"https:\/\/www.treatwell.es\/in-the-glow\/rosalia-cejas-rosas\/\">las cejas de colores son tendencia.<\/a><\/p>\n","video_content":"","block_picture":28403},{"block_title":"Las mechas babylight","block_content":"<p>Que si californianas, que si balayage&hellip; Y ahora babylight. Cualquiera se hace un l&iacute;o. Por eso<a href=\"https:\/\/www.treatwell.es\/in-the-glow\/mechas-babylight-brilo-pelo\/\"> te contamos en qu&eacute; consist&iacute;an estas nuevas mechas<\/a> que le aportar&aacute;n un extra de brillo a tu pelo. Su resultado es un efecto m&aacute;s natural y delicado que seguro que te encantar&aacute;.<\/p>\n","video_content":"","block_picture":28404},{"block_title":"Por una piel per-fec-ta","block_content":"<p>Y es que hay cosas s&uacute;per simples de hacer que pueden lograr que tu piel se estropee lo menos posible. Y en <a href=\"http:\/\/www.treatwell.es\/in-the-glow\/cosas-estropean-piel-como-evitarlas\/\">este post<\/a> te las contamos. &iquest;Quieres saber cu&aacute;les? Vamos, te lo ponemos facil&iacute;simo para que luzcas una piel 10.<\/p>\n","video_content":"","block_picture":28405},{"block_title":"Peinados para lucir el pelazo rizado","block_content":"<p>Este a&ntilde;o tambi&eacute;n ha sido el a&ntilde;o de los rizos y las ondas. Y por eso no es de extra&ntilde;ar que las permanentes rizadas hayan vuelto con fuerza. Pero una vez tienes tu melenaza rizada&hellip; &iquest;Entonces qu&eacute;? <a href=\"https:\/\/www.treatwell.es\/in-the-glow\/peinados-para-pelo-rizado\/\">Aqu&iacute; tienes algunos peinados perfectos para sacarle todo el partido.<\/a><\/p>\n","video_content":"","block_picture":28406}]},"yoast_head":"<!-- This site is optimized with the Yoast SEO plugin v27.5 - https:\/\/yoast.com\/product\/yoast-seo-wordpress\/ -->\n<title>Tendencias beauty: los posts m\u00e1s le\u00eddos de moda y looks | Treatwell<\/title>\n<meta name=\"description\" content=\"Descubre los 10 posts beauty m\u00e1s le\u00eddos: tendencias en pelo, manicura, cejas y peinados. Insp\u00edrate con celebrities, colores, tratamientos y consejos imprescindibles.\" \/>\n<meta name=\"robots\" content=\"index, follow, max-snippet:-1, max-image-preview:large, max-video-preview:-1\" \/>\n<link rel=\"canonical\" href=\"https:\/\/www.treatwell.es/in-the-glow\/top-posts-2018\/\" \/>\n<meta property=\"og:locale\" content=\"es_ES\" \/>\n<meta property=\"og:type\" content=\"article\" \/>\n<meta property=\"og:title\" content=\"Tendencias beauty: los posts m\u00e1s le\u00eddos de moda y looks | Treatwell\" \/>\n<meta property=\"og:description\" content=\"Descubre los 10 posts beauty m\u00e1s le\u00eddos: tendencias en pelo, manicura, cejas y peinados. Insp\u00edrate con celebrities, colores, tratamientos y consejos imprescindibles.\" \/>\n<meta property=\"og:url\" content=\"https:\/\/www.treatwell.es/in-the-glow\/top-posts-2018\/\" \/>\n<meta property=\"og:site_name\" content=\"In The Glow\" \/>\n<meta property=\"article:published_time\" content=\"2018-12-27T11:55:21+00:00\" \/>\n<meta property=\"article:modified_time\" content=\"2025-12-15T22:53:58+00:00\" \/>\n<meta property=\"og:image\" content=\"https:\/\/www.treatwell.es/in-the-glow\/wp-content\/uploads\/sites\/10\/2022\/03\/@alannaarrington.png\" \/>\n\t<meta property=\"og:image:width\" content=\"441\" \/>\n\t<meta property=\"og:image:height\" content=\"532\" \/>\n\t<meta property=\"og:image:type\" content=\"image\/png\" \/>\n<meta name=\"twitter:card\" content=\"summary_large_image\" \/>\n<meta name=\"twitter:label1\" content=\"Escrito por\" \/>\n\t<meta name=\"twitter:data1\" content=\"\" \/>\n\t<meta name=\"twitter:label2\" content=\"Tiempo de lectura\" \/>\n\t<meta name=\"twitter:data2\" content=\"2 minutos\" \/>\n<script type=\"application\/ld+json\" class=\"yoast-schema-graph\">{\"@context\":\"https:\\\/\\\/schema.org\",\"@graph\":[{\"@type\":\"Article\",\"@id\":\"https:\\\/\\\/www.treatwell.es/in-the-glow\\\/top-posts-2018\\\/#article\",\"isPartOf\":{\"@id\":\"https:\\\/\\\/www.treatwell.es/in-the-glow\\\/top-posts-2018\\\/\"},\"author\":{\"name\":\"\",\"@id\":\"\"},\"headline\":\"Y los 10 posts top de 2018 son\u2026\",\"datePublished\":\"2018-12-27T11:55:21+00:00\",\"dateModified\":\"2025-12-15T22:53:58+00:00\",\"mainEntityOfPage\":{\"@id\":\"https:\\\/\\\/www.treatwell.es/in-the-glow\\\/top-posts-2018\\\/\"},\"wordCount\":408,\"publisher\":{\"@id\":\"https:\\\/\\\/www.treatwell.es/in-the-glow\\\/#organization\"},\"image\":{\"@id\":\"https:\\\/\\\/www.treatwell.es/in-the-glow\\\/top-posts-2018\\\/#primaryimage\"},\"thumbnailUrl\":\"https:\\\/\\\/www.treatwell.es/in-the-glow\\\/wp-content\\\/uploads\\\/sites\\\/10\\\/2022\\\/03\\\/@alannaarrington.png\",\"keywords\":[\"Eyebrow and Eyelash Tinting\",\"Eyebrow and Eyelash Treatments\",\"Eyelash Extensions\",\"Hair\",\"Makeup\",\"Nails\"],\"articleSection\":[\"Beauty\"],\"inLanguage\":\"es\"},{\"@type\":\"WebPage\",\"@id\":\"https:\\\/\\\/www.treatwell.es/in-the-glow\\\/top-posts-2018\\\/\",\"url\":\"https:\\\/\\\/www.treatwell.es/in-the-glow\\\/top-posts-2018\\\/\",\"name\":\"Tendencias beauty: los posts m\u00e1s le\u00eddos de moda y looks | Treatwell\",\"isPartOf\":{\"@id\":\"https:\\\/\\\/www.treatwell.es/in-the-glow\\\/#website\"},\"primaryImageOfPage\":{\"@id\":\"https:\\\/\\\/www.treatwell.es/in-the-glow\\\/top-posts-2018\\\/#primaryimage\"},\"image\":{\"@id\":\"https:\\\/\\\/www.treatwell.es/in-the-glow\\\/top-posts-2018\\\/#primaryimage\"},\"thumbnailUrl\":\"https:\\\/\\\/www.treatwell.es/in-the-glow\\\/wp-content\\\/uploads\\\/sites\\\/10\\\/2022\\\/03\\\/@alannaarrington.png\",\"datePublished\":\"2018-12-27T11:55:21+00:00\",\"dateModified\":\"2025-12-15T22:53:58+00:00\",\"description\":\"Descubre los 10 posts beauty m\u00e1s le\u00eddos: tendencias en pelo, manicura, cejas y peinados. Insp\u00edrate con celebrities, colores, tratamientos y consejos imprescindibles.\",\"breadcrumb\":{\"@id\":\"https:\\\/\\\/www.treatwell.es/in-the-glow\\\/top-posts-2018\\\/#breadcrumb\"},\"inLanguage\":\"es\",\"potentialAction\":[{\"@type\":\"ReadAction\",\"target\":[\"https:\\\/\\\/www.treatwell.es/in-the-glow\\\/top-posts-2018\\\/\"]}]},{\"@type\":\"ImageObject\",\"inLanguage\":\"es\",\"@id\":\"https:\\\/\\\/www.treatwell.es/in-the-glow\\\/top-posts-2018\\\/#primaryimage\",\"url\":\"https:\\\/\\\/www.treatwell.es/in-the-glow\\\/wp-content\\\/uploads\\\/sites\\\/10\\\/2022\\\/03\\\/@alannaarrington.png\",\"contentUrl\":\"https:\\\/\\\/www.treatwell.es/in-the-glow\\\/wp-content\\\/uploads\\\/sites\\\/10\\\/2022\\\/03\\\/@alannaarrington.png\",\"width\":441,\"height\":532},{\"@type\":\"BreadcrumbList\",\"@id\":\"https:\\\/\\\/www.treatwell.es/in-the-glow\\\/top-posts-2018\\\/#breadcrumb\",\"itemListElement\":[{\"@type\":\"ListItem\",\"position\":1,\"name\":\"Home\",\"item\":\"https:\\\/\\\/www.treatwell.es/in-the-glow\\\/\"},{\"@type\":\"ListItem\",\"position\":2,\"name\":\"Beauty\",\"item\":\"https:\\\/\\\/www.treatwell.es/in-the-glow\\\/beauty\\\/\"},{\"@type\":\"ListItem\",\"position\":3,\"name\":\"Y los 10 posts top de 2018 son\u2026\"}]},{\"@type\":\"WebSite\",\"@id\":\"https:\\\/\\\/www.treatwell.es/in-the-glow\\\/#website\",\"url\":\"https:\\\/\\\/www.treatwell.es/in-the-glow\\\/\",\"name\":\"In The Glow\",\"description\":\"Belleza. Pelo. Lifestyle.\",\"publisher\":{\"@id\":\"https:\\\/\\\/www.treatwell.es/in-the-glow\\\/#organization\"},\"potentialAction\":[{\"@type\":\"SearchAction\",\"target\":{\"@type\":\"EntryPoint\",\"urlTemplate\":\"https:\\\/\\\/www.treatwell.es/in-the-glow\\\/?s={search_term_string}\"},\"query-input\":{\"@type\":\"PropertyValueSpecification\",\"valueRequired\":true,\"valueName\":\"search_term_string\"}}],\"inLanguage\":\"es\"},{\"@type\":\"Organization\",\"@id\":\"https:\\\/\\\/www.treatwell.es/in-the-glow\\\/#organization\",\"name\":\"Treatwell\",\"url\":\"https:\\\/\\\/www.treatwell.es/in-the-glow\\\/\",\"logo\":{\"@type\":\"ImageObject\",\"inLanguage\":\"es\",\"@id\":\"https:\\\/\\\/www.treatwell.es/in-the-glow\\\/#\\\/schema\\\/logo\\\/image\\\/\",\"url\":\"https:\\\/\\\/www.treatwell.es/in-the-glow\\\/wp-content\\\/uploads\\\/sites\\\/10\\\/2022\\\/03\\\/logo_treatwell.png\",\"contentUrl\":\"https:\\\/\\\/www.treatwell.es/in-the-glow\\\/wp-content\\\/uploads\\\/sites\\\/10\\\/2022\\\/03\\\/logo_treatwell.png\",\"width\":889,\"height\":164,\"caption\":\"Treatwell\"},\"image\":{\"@id\":\"https:\\\/\\\/www.treatwell.es/in-the-glow\\\/#\\\/schema\\\/logo\\\/image\\\/\"}},{\"@type\":\"Person\",\"@id\":\"\",\"url\":\"https:\\\/\\\/www.treatwell.es/in-the-glow\\\/author\\\/\"}]}<\/script>\n<!-- \/ Yoast SEO plugin. -->","yoast_head_json":{"title":"Tendencias beauty: los posts m\u00e1s le\u00eddos de moda y looks | Treatwell","description":"Descubre los 10 posts beauty m\u00e1s le\u00eddos: tendencias en pelo, manicura, cejas y peinados. Insp\u00edrate con celebrities, colores, tratamientos y consejos imprescindibles.","robots":{"index":"index","follow":"follow","max-snippet":"max-snippet:-1","max-image-preview":"max-image-preview:large","max-video-preview":"max-video-preview:-1"},"canonical":"https:\/\/www.treatwell.es/in-the-glow\/top-posts-2018\/","og_locale":"es_ES","og_type":"article","og_title":"Tendencias beauty: los posts m\u00e1s le\u00eddos de moda y looks | Treatwell","og_description":"Descubre los 10 posts beauty m\u00e1s le\u00eddos: tendencias en pelo, manicura, cejas y peinados. Insp\u00edrate con celebrities, colores, tratamientos y consejos imprescindibles.","og_url":"https:\/\/www.treatwell.es/in-the-glow\/top-posts-2018\/","og_site_name":"In The Glow","article_published_time":"2018-12-27T11:55:21+00:00","article_modified_time":"2025-12-15T22:53:58+00:00","og_image":[{"width":441,"height":532,"url":"https:\/\/www.treatwell.es/in-the-glow\/wp-content\/uploads\/sites\/10\/2022\/03\/@alannaarrington.png","type":"image\/png"}],"twitter_card":"summary_large_image","twitter_misc":{"Escrito por":"","Tiempo de lectura":"2 minutos"},"schema":{"@context":"https:\/\/schema.org","@graph":[{"@type":"Article","@id":"https:\/\/www.treatwell.es/in-the-glow\/top-posts-2018\/#article","isPartOf":{"@id":"https:\/\/www.treatwell.es/in-the-glow\/top-posts-2018\/"},"author":{"name":"","@id":""},"headline":"Y los 10 posts top de 2018 son\u2026","datePublished":"2018-12-27T11:55:21+00:00","dateModified":"2025-12-15T22:53:58+00:00","mainEntityOfPage":{"@id":"https:\/\/www.treatwell.es/in-the-glow\/top-posts-2018\/"},"wordCount":408,"publisher":{"@id":"https:\/\/www.treatwell.es/in-the-glow\/#organization"},"image":{"@id":"https:\/\/www.treatwell.es/in-the-glow\/top-posts-2018\/#primaryimage"},"thumbnailUrl":"https:\/\/www.treatwell.es/in-the-glow\/wp-content\/uploads\/sites\/10\/2022\/03\/@alannaarrington.png","keywords":["Eyebrow and Eyelash Tinting","Eyebrow and Eyelash Treatments","Eyelash Extensions","Hair","Makeup","Nails"],"articleSection":["Beauty"],"inLanguage":"es"},{"@type":"WebPage","@id":"https:\/\/www.treatwell.es/in-the-glow\/top-posts-2018\/","url":"https:\/\/www.treatwell.es/in-the-glow\/top-posts-2018\/","name":"Tendencias beauty: los posts m\u00e1s le\u00eddos de moda y looks | Treatwell","isPartOf":{"@id":"https:\/\/www.treatwell.es/in-the-glow\/#website"},"primaryImageOfPage":{"@id":"https:\/\/www.treatwell.es/in-the-glow\/top-posts-2018\/#primaryimage"},"image":{"@id":"https:\/\/www.treatwell.es/in-the-glow\/top-posts-2018\/#primaryimage"},"thumbnailUrl":"https:\/\/www.treatwell.es/in-the-glow\/wp-content\/uploads\/sites\/10\/2022\/03\/@alannaarrington.png","datePublished":"2018-12-27T11:55:21+00:00","dateModified":"2025-12-15T22:53:58+00:00","description":"Descubre los 10 posts beauty m\u00e1s le\u00eddos: tendencias en pelo, manicura, cejas y peinados. Insp\u00edrate con celebrities, colores, tratamientos y consejos imprescindibles.","breadcrumb":{"@id":"https:\/\/www.treatwell.es/in-the-glow\/top-posts-2018\/#breadcrumb"},"inLanguage":"es","potentialAction":[{"@type":"ReadAction","target":["https:\/\/www.treatwell.es/in-the-glow\/top-posts-2018\/"]}]},{"@type":"ImageObject","inLanguage":"es","@id":"https:\/\/www.treatwell.es/in-the-glow\/top-posts-2018\/#primaryimage","url":"https:\/\/www.treatwell.es/in-the-glow\/wp-content\/uploads\/sites\/10\/2022\/03\/@alannaarrington.png","contentUrl":"https:\/\/www.treatwell.es/in-the-glow\/wp-content\/uploads\/sites\/10\/2022\/03\/@alannaarrington.png","width":441,"height":532},{"@type":"BreadcrumbList","@id":"https:\/\/www.treatwell.es/in-the-glow\/top-posts-2018\/#breadcrumb","itemListElement":[{"@type":"ListItem","position":1,"name":"Home","item":"https:\/\/www.treatwell.es/in-the-glow\/"},{"@type":"ListItem","position":2,"name":"Beauty","item":"https:\/\/www.treatwell.es/in-the-glow\/beauty\/"},{"@type":"ListItem","position":3,"name":"Y los 10 posts top de 2018 son\u2026"}]},{"@type":"WebSite","@id":"https:\/\/www.treatwell.es/in-the-glow\/#website","url":"https:\/\/www.treatwell.es/in-the-glow\/","name":"In The Glow","description":"Belleza. Pelo. Lifestyle.","publisher":{"@id":"https:\/\/www.treatwell.es/in-the-glow\/#organization"},"potentialAction":[{"@type":"SearchAction","target":{"@type":"EntryPoint","urlTemplate":"https:\/\/www.treatwell.es/in-the-glow\/?s={search_term_string}"},"query-input":{"@type":"PropertyValueSpecification","valueRequired":true,"valueName":"search_term_string"}}],"inLanguage":"es"},{"@type":"Organization","@id":"https:\/\/www.treatwell.es/in-the-glow\/#organization","name":"Treatwell","url":"https:\/\/www.treatwell.es/in-the-glow\/","logo":{"@type":"ImageObject","inLanguage":"es","@id":"https:\/\/www.treatwell.es/in-the-glow\/#\/schema\/logo\/image\/","url":"https:\/\/www.treatwell.es/in-the-glow\/wp-content\/uploads\/sites\/10\/2022\/03\/logo_treatwell.png","contentUrl":"https:\/\/www.treatwell.es/in-the-glow\/wp-content\/uploads\/sites\/10\/2022\/03\/logo_treatwell.png","width":889,"height":164,"caption":"Treatwell"},"image":{"@id":"https:\/\/www.treatwell.es/in-the-glow\/#\/schema\/logo\/image\/"}},{"@type":"Person","@id":"","url":"https:\/\/www.treatwell.es/in-the-glow\/author\/"}]}},"featured_image_src":"https:\/\/www.treatwell.es/in-the-glow\/wp-content\/uploads\/sites\/10\/2022\/03\/@alannaarrington-441x400.png","featured_image_src_square":"https:\/\/www.treatwell.es/in-the-glow\/wp-content\/uploads\/sites\/10\/2022\/03\/@alannaarrington.png","author_info":{"display_name":"","author_link":"https:\/\/www.treatwell.es/in-the-glow\/author\/"},"_links":{"self":[{"href":"https:\/\/www.treatwell.es\/in-the-glow\/wp-json\/wp\/v2\/posts\/28396","targetHints":{"allow":["GET"]}}],"collection":[{"href":"https:\/\/www.treatwell.es\/in-the-glow\/wp-json\/wp\/v2\/posts"}],"about":[{"href":"https:\/\/www.treatwell.es\/in-the-glow\/wp-json\/wp\/v2\/types\/post"}],"author":[{"embeddable":true,"href":"https:\/\/www.treatwell.es\/in-the-glow\/wp-json\/wp\/v2\/users\/3319"}],"replies":[{"embeddable":true,"href":"https:\/\/www.treatwell.es\/in-the-glow\/wp-json\/wp\/v2\/comments?post=28396"}],"version-history":[{"count":0,"href":"https:\/\/www.treatwell.es\/in-the-glow\/wp-json\/wp\/v2\/posts\/28396\/revisions"}],"wp:featuredmedia":[{"embeddable":true,"href":"https:\/\/www.treatwell.es\/in-the-glow\/wp-json\/wp\/v2\/media\/28408"}],"wp:attachment":[{"href":"https:\/\/www.treatwell.es\/in-the-glow\/wp-json\/wp\/v2\/media?parent=28396"}],"wp:term":[{"taxonomy":"category","embeddable":true,"href":"https:\/\/www.treatwell.es\/in-the-glow\/wp-json\/wp\/v2\/categories?post=28396"},{"taxonomy":"post_tag","embeddable":true,"href":"https:\/\/www.treatwell.es\/in-the-glow\/wp-json\/wp\/v2\/tags?post=28396"}],"curies":[{"name":"wp","href":"https:\/\/api.w.org\/{rel}","templated":true}]}}