{"id":28613,"date":"2019-01-22T09:00:40","date_gmt":"2019-01-22T08:00:40","guid":{"rendered":"https:\/\/www.treatwell.es\/in-the-glow\/?p=21011"},"modified":"2025-12-15T23:54:04","modified_gmt":"2025-12-15T22:54:04","slug":"el-flequillo-triunfa-en-los-premios-feroz","status":"publish","type":"post","link":"https:\/\/www.treatwell.es/in-the-glow\/el-flequillo-triunfa-en-los-premios-feroz\/","title":{"rendered":"El flequillo triunfa en los premios Feroz"},"content":{"rendered":"<p style=\"text-align: left\"><span style=\"font-weight: 400\">\u00a1Larga vida a los flequillos! Este ha sido el himno <em>beauty<\/em> de la sexta edici\u00f3n de los premios Feroz. <\/span><span style=\"font-weight: 400\">Y es que, <\/span><a href=\"https:\/\/www.treatwell.es\/in-the-glow\/trend-alert-flequillo-ha-vuelto\/\"><span style=\"font-weight: 400\">desde que el flequillo volvi\u00f3<\/span><\/a><span style=\"font-weight: 400\"> hace ya un tiempo, son much\u00edsimas las <em>celebrities<\/em> que se han ido sumando a la moda. \u00a1Y no nos extra\u00f1a! Hay <a href=\"https:\/\/www.treatwell.es\/in-the-glow\/los-mejores-peinados-para-sacarle-partido-a-tu-flequillo\/\">infinitas maneras de llevarlo<\/a>: abierto, ladeado, despuntado&#8230; Aptos para distintos estilos y facciones.\u00a0<\/span><\/p>\n<p style=\"text-align: left\"><span style=\"font-weight: 400\">As\u00ed que si te est\u00e1s planteando ser la reina del flequillo, aqu\u00ed tienes algunos looks que lo petaron en la alfombra roja.\u00a0<\/span><\/p>\n<div class=\"schema-faq wp-block-yoast-faq-block\">\n<div class=\"schema-faq-section\" id=\"faq-question-1765838209128\">\n<h3 class=\"schema-faq-question\">\u00bfQu\u00e9 tipo de flequillo da m\u00e1s volumen si tienes el pelo fino?<\/h3>\n<p class=\"schema-faq-answer\">El flequillo desfilado es ideal para aportar m\u00e1s volumen al pelo fino y alargar el rostro. Combinado con un corte por encima de la clav\u00edcula realza la forma y a\u00f1ade movimiento al cabello de aspecto liso y poco abundante.<\/div>\n<div class=\"schema-faq-section\" id=\"faq-question-1765838209129\">\n<h3 class=\"schema-faq-question\">\u00bfC\u00f3mo conseguir un look retro f\u00e1cil de peinar con flequillo?<\/h3>\n<p class=\"schema-faq-answer\">Apuesta por un corte pixie con flequillo desenfadado para un toque retro y muy f\u00e1cil de mantener. Este tipo de corte es vers\u00e1til, permite peinar el flequillo de diferentes formas y aporta frescura a tu estilo diario.<\/div>\n<div class=\"schema-faq-section\" id=\"faq-question-1765838209130\">\n<h3 class=\"schema-faq-question\">\u00bfCu\u00e1les son las ventajas de llevar capas en el cabello con flequillo?<\/h3>\n<p class=\"schema-faq-answer\">Las capas dan volumen, movimiento y personalidad al cabello, incluso si llevas flequillo. Puedes llevar tu flequillo tanto abierto como cerrado, seg\u00fan tu estilo o preferencia del d\u00eda, consiguiendo un acabado lleno de vitalidad.<\/div>\n<div class=\"schema-faq-section\" id=\"faq-question-1765838209131\">\n<h3 class=\"schema-faq-question\">\u00bfQu\u00e9 flequillo es mejor si prefieres recogidos desenfadados?<\/h3>\n<p class=\"schema-faq-answer\">Un flequillo ladeado es perfecto para lucir con recogidos f\u00e1ciles y sencillos. Este tipo de flequillo destaca el rostro y aporta un aire natural, siendo el punto central del estilismo en peinados informales.<\/div>\n<div class=\"schema-faq-section\" id=\"faq-question-1765838209132\">\n<h3 class=\"schema-faq-question\">\u00bfC\u00f3mo conseguir peinado con volumen y flequillo si tienes el pelo rizado?<\/h3>\n<p class=\"schema-faq-answer\">Combina el flequillo desfilado y capeado con un corte bob para realzar el volumen en el cabello rizado. Esta opci\u00f3n proporciona dinamismo y destaca los rizos, logrando un peinado protagonista en cualquier ocasi\u00f3n.<\/div>\n<\/p><\/div>\n","protected":false},"excerpt":{"rendered":"<p>\u00a1Larga vida a los flequillos! Este ha sido el himno beauty de la sexta edici\u00f3n de los premios Feroz. Y es que, desde que el flequillo volvi\u00f3 hace ya un tiempo, son much\u00edsimas las celebrities que se han ido sumando a la moda. \u00a1Y no nos extra\u00f1a! Hay infinitas maneras de llevarlo: abierto, ladeado, despuntado&#8230; [&hellip;]<\/p>\n","protected":false},"author":3319,"featured_media":28620,"comment_status":"closed","ping_status":"closed","sticky":false,"template":"","format":"standard","meta":{"_acf_changed":false,"_yoast_wpseo_title":"Flequillo tendencia: peinados de alfombra roja | Treatwell","_yoast_wpseo_metadesc":"Insp\u00edrate con los mejores peinados con flequillo de las celebrities en la alfombra roja. Descubre estilos, consejos y c\u00f3mo adaptar el flequillo a tu tipo de rostro.","_genesis_hide_title":false,"_genesis_hide_breadcrumbs":false,"_genesis_hide_singular_image":false,"_genesis_hide_footer_widgets":false,"_genesis_custom_body_class":"","_genesis_custom_post_class":"","_genesis_layout":"","saswp_custom_schema_field":"{\"@context\":\"https:\/\/schema.org\",\"@type\":\"FAQPage\",\"mainEntity\":[{\"@type\":\"Question\",\"name\":\"\u00bfQu\u00e9 tipo de flequillo da m\u00e1s volumen si tienes el pelo fino?\",\"acceptedAnswer\":{\"@type\":\"Answer\",\"text\":\"El flequillo desfilado es ideal para aportar m\u00e1s volumen al pelo fino y alargar el rostro. Combinado con un corte por encima de la clav\u00edcula realza la forma y a\u00f1ade movimiento al cabello de aspecto liso y poco abundante.\"}},{\"@type\":\"Question\",\"name\":\"\u00bfC\u00f3mo conseguir un look retro f\u00e1cil de peinar con flequillo?\",\"acceptedAnswer\":{\"@type\":\"Answer\",\"text\":\"Apuesta por un corte pixie con flequillo desenfadado para un toque retro y muy f\u00e1cil de mantener. Este tipo de corte es vers\u00e1til, permite peinar el flequillo de diferentes formas y aporta frescura a tu estilo diario.\"}},{\"@type\":\"Question\",\"name\":\"\u00bfCu\u00e1les son las ventajas de llevar capas en el cabello con flequillo?\",\"acceptedAnswer\":{\"@type\":\"Answer\",\"text\":\"Las capas dan volumen, movimiento y personalidad al cabello, incluso si llevas flequillo. Puedes llevar tu flequillo tanto abierto como cerrado, seg\u00fan tu estilo o preferencia del d\u00eda, consiguiendo un acabado lleno de vitalidad.\"}},{\"@type\":\"Question\",\"name\":\"\u00bfQu\u00e9 flequillo es mejor si prefieres recogidos desenfadados?\",\"acceptedAnswer\":{\"@type\":\"Answer\",\"text\":\"Un flequillo ladeado es perfecto para lucir con recogidos f\u00e1ciles y sencillos. Este tipo de flequillo destaca el rostro y aporta un aire natural, siendo el punto central del estilismo en peinados informales.\"}},{\"@type\":\"Question\",\"name\":\"\u00bfC\u00f3mo conseguir peinado con volumen y flequillo si tienes el pelo rizado?\",\"acceptedAnswer\":{\"@type\":\"Answer\",\"text\":\"Combina el flequillo desfilado y capeado con un corte bob para realzar el volumen en el cabello rizado. Esta opci\u00f3n proporciona dinamismo y destaca los rizos, logrando un peinado protagonista en cualquier ocasi\u00f3n.\"}}]}","footnotes":""},"categories":[4],"tags":[27,10],"class_list":{"0":"post-28613","1":"post","2":"type-post","3":"status-publish","4":"format-standard","5":"has-post-thumbnail","7":"category-beauty","8":"tag-tt6","9":"tag-tr166","10":"entry"},"acf":{"post_credits":"Cr\u00e9ditos de im\u00e1genes: Shutterstock e Instagram de @dannapaola y @natalia_natalita","beauty_blog_post_button_title":"","beauty_blog_post_button":"","landscape_picture":28619,"blocks":[{"block_title":"Ingrid Garcia-Jonsson","block_content":"<p>El flequillo desfilado de la maestra de ceremonias ha sido uno de los looks m&aacute;s comentados. Y es que le queda estupendo con su corte por encima de la clav&iacute;cula.&nbsp;Si tienes la cara alargada, el pelo fino y quieres m&aacute;s volumen... &iexcl;Este es tu super flequillo!<\/p>\n","video_content":"","block_picture":28614},{"block_title":"Greta Fernandez","block_content":"<p>&iexcl;Que vivan los flequillos f&aacute;ciles de peinar! El corte de pelo tipo <em>pixie<\/em> de la actriz catalana ha causado sensaci&oacute;n. El protagonista ha sido su flequillo desenfadado, con ese toque retro que tanto nos gusta.<\/p>\n","video_content":"","block_picture":28615},{"block_title":"Bel\u00e9n Cuesta","block_content":"<p>&iexcl;Larga vida a las capas! Dan volumen, movimiento y personalidad; &iexcl;qu&eacute; m&aacute;s quieres! Y oye, que puedes llevarlo abierto o cerrado, &iexcl;como prefieras! Palabra de Paquita Salas.<\/p>\n","video_content":"","block_picture":28616},{"block_title":"Danna Paola","block_content":"<p>Si tu relaci&oacute;n con el flequillo siempre ha sido m&aacute;s de odio que de amor, el peinado de la actriz de &Eacute;lite te va a encantar. Con un recogido sencillo y desenfadado, el flequillo ladeado fue el protagonista del lookazo. &iexcl;Brav&iacute;sima!<\/p>\n","video_content":"","block_picture":28617},{"block_title":"Paz Vega","block_content":"<p><em>&iexcl;Boom!<\/em> La actriz sevillana luci&oacute; un flequillo desfilado y capeado que nos ha dejado embobad&iacute;simas. Junto con el combo de pelo rizado y corte bob, Paz Vega se llev&oacute; el premio al mejor peinado con volumen de la alfombra roja.<\/p>\n","video_content":"","block_picture":28618}]},"yoast_head":"<!-- This site is optimized with the Yoast SEO plugin v27.5 - https:\/\/yoast.com\/product\/yoast-seo-wordpress\/ -->\n<title>Flequillo tendencia: peinados de alfombra roja | Treatwell<\/title>\n<meta name=\"description\" content=\"Insp\u00edrate con los mejores peinados con flequillo de las celebrities en la alfombra roja. Descubre estilos, consejos y c\u00f3mo adaptar el flequillo a tu tipo de rostro.\" \/>\n<meta name=\"robots\" content=\"index, follow, max-snippet:-1, max-image-preview:large, max-video-preview:-1\" \/>\n<link rel=\"canonical\" href=\"https:\/\/www.treatwell.es/in-the-glow\/el-flequillo-triunfa-en-los-premios-feroz\/\" \/>\n<meta property=\"og:locale\" content=\"es_ES\" \/>\n<meta property=\"og:type\" content=\"article\" \/>\n<meta property=\"og:title\" content=\"Flequillo tendencia: peinados de alfombra roja | Treatwell\" \/>\n<meta property=\"og:description\" content=\"Insp\u00edrate con los mejores peinados con flequillo de las celebrities en la alfombra roja. Descubre estilos, consejos y c\u00f3mo adaptar el flequillo a tu tipo de rostro.\" \/>\n<meta property=\"og:url\" content=\"https:\/\/www.treatwell.es/in-the-glow\/el-flequillo-triunfa-en-los-premios-feroz\/\" \/>\n<meta property=\"og:site_name\" content=\"In The Glow\" \/>\n<meta property=\"article:published_time\" content=\"2019-01-22T08:00:40+00:00\" \/>\n<meta property=\"article:modified_time\" content=\"2025-12-15T22:54:04+00:00\" \/>\n<meta property=\"og:image\" content=\"https:\/\/www.treatwell.es/in-the-glow\/wp-content\/uploads\/sites\/10\/2022\/03\/natalia_natalita.png\" \/>\n\t<meta property=\"og:image:width\" content=\"376\" \/>\n\t<meta property=\"og:image:height\" content=\"367\" \/>\n\t<meta property=\"og:image:type\" content=\"image\/png\" \/>\n<meta name=\"twitter:card\" content=\"summary_large_image\" \/>\n<meta name=\"twitter:label1\" content=\"Escrito por\" \/>\n\t<meta name=\"twitter:data1\" content=\"\" \/>\n\t<meta name=\"twitter:label2\" content=\"Tiempo de lectura\" \/>\n\t<meta name=\"twitter:data2\" content=\"2 minutos\" \/>\n<script type=\"application\/ld+json\" class=\"yoast-schema-graph\">{\"@context\":\"https:\\\/\\\/schema.org\",\"@graph\":[{\"@type\":\"Article\",\"@id\":\"https:\\\/\\\/www.treatwell.es/in-the-glow\\\/el-flequillo-triunfa-en-los-premios-feroz\\\/#article\",\"isPartOf\":{\"@id\":\"https:\\\/\\\/www.treatwell.es/in-the-glow\\\/el-flequillo-triunfa-en-los-premios-feroz\\\/\"},\"author\":{\"name\":\"\",\"@id\":\"\"},\"headline\":\"El flequillo triunfa en los premios Feroz\",\"datePublished\":\"2019-01-22T08:00:40+00:00\",\"dateModified\":\"2025-12-15T22:54:04+00:00\",\"mainEntityOfPage\":{\"@id\":\"https:\\\/\\\/www.treatwell.es/in-the-glow\\\/el-flequillo-triunfa-en-los-premios-feroz\\\/\"},\"wordCount\":339,\"publisher\":{\"@id\":\"https:\\\/\\\/www.treatwell.es/in-the-glow\\\/#organization\"},\"image\":{\"@id\":\"https:\\\/\\\/www.treatwell.es/in-the-glow\\\/el-flequillo-triunfa-en-los-premios-feroz\\\/#primaryimage\"},\"thumbnailUrl\":\"https:\\\/\\\/www.treatwell.es/in-the-glow\\\/wp-content\\\/uploads\\\/sites\\\/10\\\/2022\\\/03\\\/natalia_natalita.png\",\"keywords\":[\"Hair\",\"Haircuts and Hairdressing\"],\"articleSection\":[\"Beauty\"],\"inLanguage\":\"es\"},{\"@type\":\"WebPage\",\"@id\":\"https:\\\/\\\/www.treatwell.es/in-the-glow\\\/el-flequillo-triunfa-en-los-premios-feroz\\\/\",\"url\":\"https:\\\/\\\/www.treatwell.es/in-the-glow\\\/el-flequillo-triunfa-en-los-premios-feroz\\\/\",\"name\":\"Flequillo tendencia: peinados de alfombra roja | Treatwell\",\"isPartOf\":{\"@id\":\"https:\\\/\\\/www.treatwell.es/in-the-glow\\\/#website\"},\"primaryImageOfPage\":{\"@id\":\"https:\\\/\\\/www.treatwell.es/in-the-glow\\\/el-flequillo-triunfa-en-los-premios-feroz\\\/#primaryimage\"},\"image\":{\"@id\":\"https:\\\/\\\/www.treatwell.es/in-the-glow\\\/el-flequillo-triunfa-en-los-premios-feroz\\\/#primaryimage\"},\"thumbnailUrl\":\"https:\\\/\\\/www.treatwell.es/in-the-glow\\\/wp-content\\\/uploads\\\/sites\\\/10\\\/2022\\\/03\\\/natalia_natalita.png\",\"datePublished\":\"2019-01-22T08:00:40+00:00\",\"dateModified\":\"2025-12-15T22:54:04+00:00\",\"description\":\"Insp\u00edrate con los mejores peinados con flequillo de las celebrities en la alfombra roja. Descubre estilos, consejos y c\u00f3mo adaptar el flequillo a tu tipo de rostro.\",\"breadcrumb\":{\"@id\":\"https:\\\/\\\/www.treatwell.es/in-the-glow\\\/el-flequillo-triunfa-en-los-premios-feroz\\\/#breadcrumb\"},\"inLanguage\":\"es\",\"potentialAction\":[{\"@type\":\"ReadAction\",\"target\":[\"https:\\\/\\\/www.treatwell.es/in-the-glow\\\/el-flequillo-triunfa-en-los-premios-feroz\\\/\"]}]},{\"@type\":\"ImageObject\",\"inLanguage\":\"es\",\"@id\":\"https:\\\/\\\/www.treatwell.es/in-the-glow\\\/el-flequillo-triunfa-en-los-premios-feroz\\\/#primaryimage\",\"url\":\"https:\\\/\\\/www.treatwell.es/in-the-glow\\\/wp-content\\\/uploads\\\/sites\\\/10\\\/2022\\\/03\\\/natalia_natalita.png\",\"contentUrl\":\"https:\\\/\\\/www.treatwell.es/in-the-glow\\\/wp-content\\\/uploads\\\/sites\\\/10\\\/2022\\\/03\\\/natalia_natalita.png\",\"width\":376,\"height\":367},{\"@type\":\"BreadcrumbList\",\"@id\":\"https:\\\/\\\/www.treatwell.es/in-the-glow\\\/el-flequillo-triunfa-en-los-premios-feroz\\\/#breadcrumb\",\"itemListElement\":[{\"@type\":\"ListItem\",\"position\":1,\"name\":\"Home\",\"item\":\"https:\\\/\\\/www.treatwell.es/in-the-glow\\\/\"},{\"@type\":\"ListItem\",\"position\":2,\"name\":\"Beauty\",\"item\":\"https:\\\/\\\/www.treatwell.es/in-the-glow\\\/beauty\\\/\"},{\"@type\":\"ListItem\",\"position\":3,\"name\":\"El flequillo triunfa en los premios Feroz\"}]},{\"@type\":\"WebSite\",\"@id\":\"https:\\\/\\\/www.treatwell.es/in-the-glow\\\/#website\",\"url\":\"https:\\\/\\\/www.treatwell.es/in-the-glow\\\/\",\"name\":\"In The Glow\",\"description\":\"Belleza. Pelo. Lifestyle.\",\"publisher\":{\"@id\":\"https:\\\/\\\/www.treatwell.es/in-the-glow\\\/#organization\"},\"potentialAction\":[{\"@type\":\"SearchAction\",\"target\":{\"@type\":\"EntryPoint\",\"urlTemplate\":\"https:\\\/\\\/www.treatwell.es/in-the-glow\\\/?s={search_term_string}\"},\"query-input\":{\"@type\":\"PropertyValueSpecification\",\"valueRequired\":true,\"valueName\":\"search_term_string\"}}],\"inLanguage\":\"es\"},{\"@type\":\"Organization\",\"@id\":\"https:\\\/\\\/www.treatwell.es/in-the-glow\\\/#organization\",\"name\":\"Treatwell\",\"url\":\"https:\\\/\\\/www.treatwell.es/in-the-glow\\\/\",\"logo\":{\"@type\":\"ImageObject\",\"inLanguage\":\"es\",\"@id\":\"https:\\\/\\\/www.treatwell.es/in-the-glow\\\/#\\\/schema\\\/logo\\\/image\\\/\",\"url\":\"https:\\\/\\\/www.treatwell.es/in-the-glow\\\/wp-content\\\/uploads\\\/sites\\\/10\\\/2022\\\/03\\\/logo_treatwell.png\",\"contentUrl\":\"https:\\\/\\\/www.treatwell.es/in-the-glow\\\/wp-content\\\/uploads\\\/sites\\\/10\\\/2022\\\/03\\\/logo_treatwell.png\",\"width\":889,\"height\":164,\"caption\":\"Treatwell\"},\"image\":{\"@id\":\"https:\\\/\\\/www.treatwell.es/in-the-glow\\\/#\\\/schema\\\/logo\\\/image\\\/\"}},{\"@type\":\"Person\",\"@id\":\"\",\"url\":\"https:\\\/\\\/www.treatwell.es/in-the-glow\\\/author\\\/\"}]}<\/script>\n<!-- \/ Yoast SEO plugin. -->","yoast_head_json":{"title":"Flequillo tendencia: peinados de alfombra roja | Treatwell","description":"Insp\u00edrate con los mejores peinados con flequillo de las celebrities en la alfombra roja. Descubre estilos, consejos y c\u00f3mo adaptar el flequillo a tu tipo de rostro.","robots":{"index":"index","follow":"follow","max-snippet":"max-snippet:-1","max-image-preview":"max-image-preview:large","max-video-preview":"max-video-preview:-1"},"canonical":"https:\/\/www.treatwell.es/in-the-glow\/el-flequillo-triunfa-en-los-premios-feroz\/","og_locale":"es_ES","og_type":"article","og_title":"Flequillo tendencia: peinados de alfombra roja | Treatwell","og_description":"Insp\u00edrate con los mejores peinados con flequillo de las celebrities en la alfombra roja. Descubre estilos, consejos y c\u00f3mo adaptar el flequillo a tu tipo de rostro.","og_url":"https:\/\/www.treatwell.es/in-the-glow\/el-flequillo-triunfa-en-los-premios-feroz\/","og_site_name":"In The Glow","article_published_time":"2019-01-22T08:00:40+00:00","article_modified_time":"2025-12-15T22:54:04+00:00","og_image":[{"width":376,"height":367,"url":"https:\/\/www.treatwell.es/in-the-glow\/wp-content\/uploads\/sites\/10\/2022\/03\/natalia_natalita.png","type":"image\/png"}],"twitter_card":"summary_large_image","twitter_misc":{"Escrito por":"","Tiempo de lectura":"2 minutos"},"schema":{"@context":"https:\/\/schema.org","@graph":[{"@type":"Article","@id":"https:\/\/www.treatwell.es/in-the-glow\/el-flequillo-triunfa-en-los-premios-feroz\/#article","isPartOf":{"@id":"https:\/\/www.treatwell.es/in-the-glow\/el-flequillo-triunfa-en-los-premios-feroz\/"},"author":{"name":"","@id":""},"headline":"El flequillo triunfa en los premios Feroz","datePublished":"2019-01-22T08:00:40+00:00","dateModified":"2025-12-15T22:54:04+00:00","mainEntityOfPage":{"@id":"https:\/\/www.treatwell.es/in-the-glow\/el-flequillo-triunfa-en-los-premios-feroz\/"},"wordCount":339,"publisher":{"@id":"https:\/\/www.treatwell.es/in-the-glow\/#organization"},"image":{"@id":"https:\/\/www.treatwell.es/in-the-glow\/el-flequillo-triunfa-en-los-premios-feroz\/#primaryimage"},"thumbnailUrl":"https:\/\/www.treatwell.es/in-the-glow\/wp-content\/uploads\/sites\/10\/2022\/03\/natalia_natalita.png","keywords":["Hair","Haircuts and Hairdressing"],"articleSection":["Beauty"],"inLanguage":"es"},{"@type":"WebPage","@id":"https:\/\/www.treatwell.es/in-the-glow\/el-flequillo-triunfa-en-los-premios-feroz\/","url":"https:\/\/www.treatwell.es/in-the-glow\/el-flequillo-triunfa-en-los-premios-feroz\/","name":"Flequillo tendencia: peinados de alfombra roja | Treatwell","isPartOf":{"@id":"https:\/\/www.treatwell.es/in-the-glow\/#website"},"primaryImageOfPage":{"@id":"https:\/\/www.treatwell.es/in-the-glow\/el-flequillo-triunfa-en-los-premios-feroz\/#primaryimage"},"image":{"@id":"https:\/\/www.treatwell.es/in-the-glow\/el-flequillo-triunfa-en-los-premios-feroz\/#primaryimage"},"thumbnailUrl":"https:\/\/www.treatwell.es/in-the-glow\/wp-content\/uploads\/sites\/10\/2022\/03\/natalia_natalita.png","datePublished":"2019-01-22T08:00:40+00:00","dateModified":"2025-12-15T22:54:04+00:00","description":"Insp\u00edrate con los mejores peinados con flequillo de las celebrities en la alfombra roja. Descubre estilos, consejos y c\u00f3mo adaptar el flequillo a tu tipo de rostro.","breadcrumb":{"@id":"https:\/\/www.treatwell.es/in-the-glow\/el-flequillo-triunfa-en-los-premios-feroz\/#breadcrumb"},"inLanguage":"es","potentialAction":[{"@type":"ReadAction","target":["https:\/\/www.treatwell.es/in-the-glow\/el-flequillo-triunfa-en-los-premios-feroz\/"]}]},{"@type":"ImageObject","inLanguage":"es","@id":"https:\/\/www.treatwell.es/in-the-glow\/el-flequillo-triunfa-en-los-premios-feroz\/#primaryimage","url":"https:\/\/www.treatwell.es/in-the-glow\/wp-content\/uploads\/sites\/10\/2022\/03\/natalia_natalita.png","contentUrl":"https:\/\/www.treatwell.es/in-the-glow\/wp-content\/uploads\/sites\/10\/2022\/03\/natalia_natalita.png","width":376,"height":367},{"@type":"BreadcrumbList","@id":"https:\/\/www.treatwell.es/in-the-glow\/el-flequillo-triunfa-en-los-premios-feroz\/#breadcrumb","itemListElement":[{"@type":"ListItem","position":1,"name":"Home","item":"https:\/\/www.treatwell.es/in-the-glow\/"},{"@type":"ListItem","position":2,"name":"Beauty","item":"https:\/\/www.treatwell.es/in-the-glow\/beauty\/"},{"@type":"ListItem","position":3,"name":"El flequillo triunfa en los premios Feroz"}]},{"@type":"WebSite","@id":"https:\/\/www.treatwell.es/in-the-glow\/#website","url":"https:\/\/www.treatwell.es/in-the-glow\/","name":"In The Glow","description":"Belleza. Pelo. Lifestyle.","publisher":{"@id":"https:\/\/www.treatwell.es/in-the-glow\/#organization"},"potentialAction":[{"@type":"SearchAction","target":{"@type":"EntryPoint","urlTemplate":"https:\/\/www.treatwell.es/in-the-glow\/?s={search_term_string}"},"query-input":{"@type":"PropertyValueSpecification","valueRequired":true,"valueName":"search_term_string"}}],"inLanguage":"es"},{"@type":"Organization","@id":"https:\/\/www.treatwell.es/in-the-glow\/#organization","name":"Treatwell","url":"https:\/\/www.treatwell.es/in-the-glow\/","logo":{"@type":"ImageObject","inLanguage":"es","@id":"https:\/\/www.treatwell.es/in-the-glow\/#\/schema\/logo\/image\/","url":"https:\/\/www.treatwell.es/in-the-glow\/wp-content\/uploads\/sites\/10\/2022\/03\/logo_treatwell.png","contentUrl":"https:\/\/www.treatwell.es/in-the-glow\/wp-content\/uploads\/sites\/10\/2022\/03\/logo_treatwell.png","width":889,"height":164,"caption":"Treatwell"},"image":{"@id":"https:\/\/www.treatwell.es/in-the-glow\/#\/schema\/logo\/image\/"}},{"@type":"Person","@id":"","url":"https:\/\/www.treatwell.es/in-the-glow\/author\/"}]}},"featured_image_src":"https:\/\/www.treatwell.es/in-the-glow\/wp-content\/uploads\/sites\/10\/2022\/03\/natalia_natalita.png","featured_image_src_square":"https:\/\/www.treatwell.es/in-the-glow\/wp-content\/uploads\/sites\/10\/2022\/03\/natalia_natalita.png","author_info":{"display_name":"","author_link":"https:\/\/www.treatwell.es/in-the-glow\/author\/"},"_links":{"self":[{"href":"https:\/\/www.treatwell.es\/in-the-glow\/wp-json\/wp\/v2\/posts\/28613","targetHints":{"allow":["GET"]}}],"collection":[{"href":"https:\/\/www.treatwell.es\/in-the-glow\/wp-json\/wp\/v2\/posts"}],"about":[{"href":"https:\/\/www.treatwell.es\/in-the-glow\/wp-json\/wp\/v2\/types\/post"}],"author":[{"embeddable":true,"href":"https:\/\/www.treatwell.es\/in-the-glow\/wp-json\/wp\/v2\/users\/3319"}],"replies":[{"embeddable":true,"href":"https:\/\/www.treatwell.es\/in-the-glow\/wp-json\/wp\/v2\/comments?post=28613"}],"version-history":[{"count":0,"href":"https:\/\/www.treatwell.es\/in-the-glow\/wp-json\/wp\/v2\/posts\/28613\/revisions"}],"wp:featuredmedia":[{"embeddable":true,"href":"https:\/\/www.treatwell.es\/in-the-glow\/wp-json\/wp\/v2\/media\/28620"}],"wp:attachment":[{"href":"https:\/\/www.treatwell.es\/in-the-glow\/wp-json\/wp\/v2\/media?parent=28613"}],"wp:term":[{"taxonomy":"category","embeddable":true,"href":"https:\/\/www.treatwell.es\/in-the-glow\/wp-json\/wp\/v2\/categories?post=28613"},{"taxonomy":"post_tag","embeddable":true,"href":"https:\/\/www.treatwell.es\/in-the-glow\/wp-json\/wp\/v2\/tags?post=28613"}],"curies":[{"name":"wp","href":"https:\/\/api.w.org\/{rel}","templated":true}]}}