{"id":28695,"date":"2019-02-01T08:00:30","date_gmt":"2019-02-01T07:00:30","guid":{"rendered":"https:\/\/www.treatwell.es\/in-the-glow\/?p=21338"},"modified":"2025-12-15T23:54:05","modified_gmt":"2025-12-15T22:54:05","slug":"errores-al-lavarte-el-pelo","status":"publish","type":"post","link":"https:\/\/www.treatwell.es/in-the-glow\/errores-al-lavarte-el-pelo\/","title":{"rendered":"5 errores que cometes al lavarte el pelo"},"content":{"rendered":"<p>Seguro que\u00a0alguna\u00a0vez te lo has preguntado: <em>\u00bfme estar\u00e9 lavando bien el pelo?<\/em>\u00a0Pssst. Si ten\u00edas tus dudas, \u00a1est\u00e1s en el lugar adecuado! Y es que siempre viene bien recordar cu\u00e1les son los errores m\u00e1s comunes que cometemos al lavarnos el pelo.<\/p>\n<p>Como no usar los productos adecuados, lavarlo todos los d\u00edas, utilizar el acondicionador por todo el pelo&#8230; O incluso cuando nos lo peinamos en la ducha. Si quieres saber algunos trucos para cuidar tu pelo al 100%, saca papel y boli, \u00a1y apunta!<\/p>\n<div class=\"schema-faq wp-block-yoast-faq-block\">\n<div class=\"schema-faq-section\" id=\"faq-question-1765838194520\">\n<h3 class=\"schema-faq-question\">\u00bfEs bueno lavar el pelo todos los d\u00edas?<\/h3>\n<p class=\"schema-faq-answer\">Lavar el pelo todos los d\u00edas puede eliminar la capa protectora natural del cuero cabelludo. Es mejor espaciar los lavados y dejar al menos un d\u00eda de descanso para mantener el equilibrio y evitar que el cabello se reseque o engrase m\u00e1s.<\/div>\n<div class=\"schema-faq-section\" id=\"faq-question-1765838194521\">\n<h3 class=\"schema-faq-question\">\u00bfQu\u00e9 productos debo usar seg\u00fan mi tipo de pelo?<\/h3>\n<p class=\"schema-faq-answer\">Usa productos espec\u00edficos para tu tipo de pelo para conseguir los mejores resultados. Si tienes el pelo seco, elige champ\u00fa y mascarilla hidratantes; si es graso, selecciona champ\u00fas sin aceites y aplica el acondicionador solo en las puntas.<\/div>\n<div class=\"schema-faq-section\" id=\"faq-question-1765838194522\">\n<h3 class=\"schema-faq-question\">\u00bfPara qu\u00e9 sirve realmente el acondicionador?<\/h3>\n<p class=\"schema-faq-answer\">El acondicionador es vital para mantener el pelo hidratado y evitar que se rompa f\u00e1cilmente. Aunque tengas el pelo graso, no te lo saltes; ayuda a mantener las puntas en buen estado durante m\u00e1s tiempo.<\/div>\n<div class=\"schema-faq-section\" id=\"faq-question-1765838194523\">\n<h3 class=\"schema-faq-question\">\u00bfEs recomendable aclarar el pelo con agua caliente?<\/h3>\n<p class=\"schema-faq-answer\">Evita el agua caliente al aclarar el pelo y opta por agua templada. El agua templada ayuda a cerrar los poros y previene la ca\u00edda excesiva; de esta forma, el cabello se mantiene m\u00e1s fuerte.<\/div>\n<div class=\"schema-faq-section\" id=\"faq-question-1765838194524\">\n<h3 class=\"schema-faq-question\">\u00bfC\u00f3mo debo secar y peinar el pelo despu\u00e9s de lavarlo?<\/h3>\n<p class=\"schema-faq-answer\">Deja que la humedad se evapore con una toalla sin friccionar en\u00e9rgicamente y peina desde las puntas hasta la ra\u00edz suavemente. As\u00ed conseguir\u00e1s un cabello sano, fuerte y listo para lucir impecable.<\/div>\n<\/p><\/div>\n","protected":false},"excerpt":{"rendered":"<p>Seguro que\u00a0alguna\u00a0vez te lo has preguntado: \u00bfme estar\u00e9 lavando bien el pelo?\u00a0Pssst. Si ten\u00edas tus dudas, \u00a1est\u00e1s en el lugar adecuado! Y es que siempre viene bien recordar cu\u00e1les son los errores m\u00e1s comunes que cometemos al lavarnos el pelo. Como no usar los productos adecuados, lavarlo todos los d\u00edas, utilizar el acondicionador por todo [&hellip;]<\/p>\n","protected":false},"author":3319,"featured_media":28702,"comment_status":"closed","ping_status":"closed","sticky":false,"template":"","format":"standard","meta":{"_acf_changed":false,"_yoast_wpseo_title":"Lavado de pelo: errores comunes y consejos | Treatwell","_yoast_wpseo_metadesc":"Descubre los errores m\u00e1s habituales al lavar el pelo y aprende a cuidar cada tipo. Productos, t\u00e9cnicas, temperatura y trucos para un cabello sano y brillante siempre.","_genesis_hide_title":false,"_genesis_hide_breadcrumbs":false,"_genesis_hide_singular_image":false,"_genesis_hide_footer_widgets":false,"_genesis_custom_body_class":"","_genesis_custom_post_class":"","_genesis_layout":"","saswp_custom_schema_field":"{\"@context\":\"https:\/\/schema.org\",\"@type\":\"FAQPage\",\"mainEntity\":[{\"@type\":\"Question\",\"name\":\"\u00bfEs bueno lavar el pelo todos los d\u00edas?\",\"acceptedAnswer\":{\"@type\":\"Answer\",\"text\":\"Lavar el pelo todos los d\u00edas puede eliminar la capa protectora natural del cuero cabelludo. Es mejor espaciar los lavados y dejar al menos un d\u00eda de descanso para mantener el equilibrio y evitar que el cabello se reseque o engrase m\u00e1s.\"}},{\"@type\":\"Question\",\"name\":\"\u00bfQu\u00e9 productos debo usar seg\u00fan mi tipo de pelo?\",\"acceptedAnswer\":{\"@type\":\"Answer\",\"text\":\"Usa productos espec\u00edficos para tu tipo de pelo para conseguir los mejores resultados. Si tienes el pelo seco, elige champ\u00fa y mascarilla hidratantes; si es graso, selecciona champ\u00fas sin aceites y aplica el acondicionador solo en las puntas.\"}},{\"@type\":\"Question\",\"name\":\"\u00bfPara qu\u00e9 sirve realmente el acondicionador?\",\"acceptedAnswer\":{\"@type\":\"Answer\",\"text\":\"El acondicionador es vital para mantener el pelo hidratado y evitar que se rompa f\u00e1cilmente. Aunque tengas el pelo graso, no te lo saltes; ayuda a mantener las puntas en buen estado durante m\u00e1s tiempo.\"}},{\"@type\":\"Question\",\"name\":\"\u00bfEs recomendable aclarar el pelo con agua caliente?\",\"acceptedAnswer\":{\"@type\":\"Answer\",\"text\":\"Evita el agua caliente al aclarar el pelo y opta por agua templada. El agua templada ayuda a cerrar los poros y previene la ca\u00edda excesiva; de esta forma, el cabello se mantiene m\u00e1s fuerte.\"}},{\"@type\":\"Question\",\"name\":\"\u00bfC\u00f3mo debo secar y peinar el pelo despu\u00e9s de lavarlo?\",\"acceptedAnswer\":{\"@type\":\"Answer\",\"text\":\"Deja que la humedad se evapore con una toalla sin friccionar en\u00e9rgicamente y peina desde las puntas hasta la ra\u00edz suavemente. As\u00ed conseguir\u00e1s un cabello sano, fuerte y listo para lucir impecable.\"}}]}","footnotes":""},"categories":[4],"tags":[27,48,78,49],"class_list":{"0":"post-28695","1":"post","2":"type-post","3":"status-publish","4":"format-standard","5":"has-post-thumbnail","7":"category-beauty","8":"tag-tt6","9":"tag-tr273","10":"tag-tr485","11":"tag-tr484","12":"entry"},"acf":{"post_credits":"Cr\u00e9ditos de im\u00e1genes: Shutterstock, Instagram de @allofarchitecture, @bathrooms_of_insta, @lorealhair, @tresemme.","beauty_blog_post_button_title":"","beauty_blog_post_button":"","landscape_picture":28701,"blocks":[{"block_title":"Lavarlo todos los d\u00edas","block_content":"<p>Como siempre&nbsp;decimos, todo depende del pelo que tengas. Y de lo que sientas que te est&aacute; pidiendo el pelo. Pero es verdad que aunque tengas el pelo graso (y sientas la necesidad de lav&aacute;rtelo todos los d&iacute;as), es mejor hacerlo un d&iacute;a s&iacute;, un d&iacute;a no. &iquest;Por qu&eacute;? Porque el cuero cabelludo crea&nbsp;una capa protectora y si lo lavas&nbsp;todos los d&iacute;as, al final&nbsp;eliminas esta capa. Y puede pasar que el remedio sea peor que la enfermedad. Por eso, intenta dejar al menos un d&iacute;a para que tu pelo descanse.<\/p>\n","video_content":"","block_picture":28696},{"block_title":"En cuanto a los productos...","block_content":"<p>Utiliza&nbsp;productos&nbsp;espec&iacute;ficos para tu tipo de pelo. Si tienes el pelo muy seco, intenta utilizar un champ&uacute; y mascarilla que le den esa dosis extra de hidrataci&oacute;n que necesita. Incluso puedes hacerte un <a href=\"https:\/\/www.treatwell.es\/establecimientos\/tratamiento-tratamientos-capilares\/oferta-tipo-local\/en-es\/\">tratamiento hidratante o reparador<\/a> para que tu pelo vuelva a brillar otra vez en un abrir y cerrar de ojos. Y si tienes el pelo muy graso, utiliza champ&uacute;s que no tengan tantos aceites y ponte solo el acondicionador en las puntas.<\/p>\n","video_content":"","block_picture":28697},{"block_title":"Saltarse el acondicionador","block_content":"<p>Pero, <a href=\"https:\/\/www.treatwell.es\/in-the-glow\/olvidate-del-pelo-graso-para-siempre\/\">tengas el pelo&nbsp;graso<\/a> o no, saltarse el acondicionador es uno de los errores m&aacute;s comunes. Porque, por mucho que pensemos que puede dejarnos el pelo m&aacute;s graso, el acondicionador es vital para evitar que el pelo se rompa a la m&iacute;nima. As&iacute; lo mantienes hidratado y sano y las puntas las tendr&aacute;s perfectas durante mucho m&aacute;s tiempo. Cr&eacute;enos. Palabrita de Treatwell.<\/p>\n","video_content":"","block_picture":28698},{"block_title":"Abusar del agua caliente","block_content":"<p>&iquest;Agua caliente? Enemigo en la ducha. Bueno est&aacute; bien, para una ducha normal, oye&nbsp;bien agustito que se est&aacute;. Pero a la hora de aclarar tu pelo, mejor con agua templada para cerrar los poros. As&iacute; no estar&aacute;n debilitados ni se te caer&aacute; m&aacute;s pelo de lo normal.<\/p>\n","video_content":"","block_picture":28699},{"block_title":"A la hora de secarlo...","block_content":"<p>Y a la hora de secarlo, espera un poco a que se le vaya la humedad para peinarlo. &iquest;Nuestro consejo? Enr&oacute;llalo en una toalla hasta que se vaya secando poco a poco. Nada de alborotarlo con la toalla para que se seque m&aacute;s r&aacute;pido. Y despu&eacute;s, pe&iacute;nalo poco a poco desde las puntas hasta la ra&iacute;z, evitando tirones. <em>Et voil&agrave;<\/em>! Tu pelo estar&aacute; sano y fuerte <em>ready<\/em> para lucir melenaza.<\/p>\n\n<p>Descubre otros errores que <a href=\"https:\/\/www.treatwell.es\/in-the-glow\/errores-comunes-que-hacemos-con-nuestro-pelo\/\">cometemos con nuestro pelo aqu&iacute;<\/a>.<\/p>\n\n<p>&iquest;Y quieres saber c&oacute;mo hay que cuidar cada tipo de pelo? <a href=\"https:\/\/www.treatwell.es\/in-the-glow\/dime-que-tipo-de-pelo-tienes-y-te-dire-como-cuidarlo\/\">Dime c&oacute;mo lo tienes y te dir&eacute; c&oacute;mo hacerlo<\/a>.<\/p>\n","video_content":"","block_picture":28700}]},"yoast_head":"<!-- This site is optimized with the Yoast SEO plugin v27.5 - https:\/\/yoast.com\/product\/yoast-seo-wordpress\/ -->\n<title>Lavado de pelo: errores comunes y consejos | Treatwell<\/title>\n<meta name=\"description\" content=\"Descubre los errores m\u00e1s habituales al lavar el pelo y aprende a cuidar cada tipo. Productos, t\u00e9cnicas, temperatura y trucos para un cabello sano y brillante siempre.\" \/>\n<meta name=\"robots\" content=\"index, follow, max-snippet:-1, max-image-preview:large, max-video-preview:-1\" \/>\n<link rel=\"canonical\" href=\"https:\/\/www.treatwell.es/in-the-glow\/errores-al-lavarte-el-pelo\/\" \/>\n<meta property=\"og:locale\" content=\"es_ES\" \/>\n<meta property=\"og:type\" content=\"article\" \/>\n<meta property=\"og:title\" content=\"Lavado de pelo: errores comunes y consejos | Treatwell\" \/>\n<meta property=\"og:description\" content=\"Descubre los errores m\u00e1s habituales al lavar el pelo y aprende a cuidar cada tipo. Productos, t\u00e9cnicas, temperatura y trucos para un cabello sano y brillante siempre.\" \/>\n<meta property=\"og:url\" content=\"https:\/\/www.treatwell.es/in-the-glow\/errores-al-lavarte-el-pelo\/\" \/>\n<meta property=\"og:site_name\" content=\"In The Glow\" \/>\n<meta property=\"article:published_time\" content=\"2019-02-01T07:00:30+00:00\" \/>\n<meta property=\"article:modified_time\" content=\"2025-12-15T22:54:05+00:00\" \/>\n<meta property=\"og:image\" content=\"https:\/\/www.treatwell.es/in-the-glow\/wp-content\/uploads\/sites\/10\/2022\/03\/Lavarte-El-Pelo-Treat.gif\" \/>\n\t<meta property=\"og:image:width\" content=\"500\" \/>\n\t<meta property=\"og:image:height\" content=\"589\" \/>\n\t<meta property=\"og:image:type\" content=\"image\/gif\" \/>\n<meta name=\"twitter:card\" content=\"summary_large_image\" \/>\n<meta name=\"twitter:label1\" content=\"Escrito por\" \/>\n\t<meta name=\"twitter:data1\" content=\"\" \/>\n\t<meta name=\"twitter:label2\" content=\"Tiempo de lectura\" \/>\n\t<meta name=\"twitter:data2\" content=\"2 minutos\" \/>\n<script type=\"application\/ld+json\" class=\"yoast-schema-graph\">{\"@context\":\"https:\\\/\\\/schema.org\",\"@graph\":[{\"@type\":\"Article\",\"@id\":\"https:\\\/\\\/www.treatwell.es/in-the-glow\\\/errores-al-lavarte-el-pelo\\\/#article\",\"isPartOf\":{\"@id\":\"https:\\\/\\\/www.treatwell.es/in-the-glow\\\/errores-al-lavarte-el-pelo\\\/\"},\"author\":{\"name\":\"\",\"@id\":\"\"},\"headline\":\"5 errores que cometes al lavarte el pelo\",\"datePublished\":\"2019-02-01T07:00:30+00:00\",\"dateModified\":\"2025-12-15T22:54:05+00:00\",\"mainEntityOfPage\":{\"@id\":\"https:\\\/\\\/www.treatwell.es/in-the-glow\\\/errores-al-lavarte-el-pelo\\\/\"},\"wordCount\":336,\"publisher\":{\"@id\":\"https:\\\/\\\/www.treatwell.es/in-the-glow\\\/#organization\"},\"image\":{\"@id\":\"https:\\\/\\\/www.treatwell.es/in-the-glow\\\/errores-al-lavarte-el-pelo\\\/#primaryimage\"},\"thumbnailUrl\":\"https:\\\/\\\/www.treatwell.es/in-the-glow\\\/wp-content\\\/uploads\\\/sites\\\/10\\\/2022\\\/03\\\/Lavarte-El-Pelo-Treat.gif\",\"keywords\":[\"Hair\",\"Hair Colouring and Highlights\",\"Hair Conditioning and Scalp Treatments\",\"Hair Consulting\"],\"articleSection\":[\"Beauty\"],\"inLanguage\":\"es\"},{\"@type\":\"WebPage\",\"@id\":\"https:\\\/\\\/www.treatwell.es/in-the-glow\\\/errores-al-lavarte-el-pelo\\\/\",\"url\":\"https:\\\/\\\/www.treatwell.es/in-the-glow\\\/errores-al-lavarte-el-pelo\\\/\",\"name\":\"Lavado de pelo: errores comunes y consejos | Treatwell\",\"isPartOf\":{\"@id\":\"https:\\\/\\\/www.treatwell.es/in-the-glow\\\/#website\"},\"primaryImageOfPage\":{\"@id\":\"https:\\\/\\\/www.treatwell.es/in-the-glow\\\/errores-al-lavarte-el-pelo\\\/#primaryimage\"},\"image\":{\"@id\":\"https:\\\/\\\/www.treatwell.es/in-the-glow\\\/errores-al-lavarte-el-pelo\\\/#primaryimage\"},\"thumbnailUrl\":\"https:\\\/\\\/www.treatwell.es/in-the-glow\\\/wp-content\\\/uploads\\\/sites\\\/10\\\/2022\\\/03\\\/Lavarte-El-Pelo-Treat.gif\",\"datePublished\":\"2019-02-01T07:00:30+00:00\",\"dateModified\":\"2025-12-15T22:54:05+00:00\",\"description\":\"Descubre los errores m\u00e1s habituales al lavar el pelo y aprende a cuidar cada tipo. Productos, t\u00e9cnicas, temperatura y trucos para un cabello sano y brillante siempre.\",\"breadcrumb\":{\"@id\":\"https:\\\/\\\/www.treatwell.es/in-the-glow\\\/errores-al-lavarte-el-pelo\\\/#breadcrumb\"},\"inLanguage\":\"es\",\"potentialAction\":[{\"@type\":\"ReadAction\",\"target\":[\"https:\\\/\\\/www.treatwell.es/in-the-glow\\\/errores-al-lavarte-el-pelo\\\/\"]}]},{\"@type\":\"ImageObject\",\"inLanguage\":\"es\",\"@id\":\"https:\\\/\\\/www.treatwell.es/in-the-glow\\\/errores-al-lavarte-el-pelo\\\/#primaryimage\",\"url\":\"https:\\\/\\\/www.treatwell.es/in-the-glow\\\/wp-content\\\/uploads\\\/sites\\\/10\\\/2022\\\/03\\\/Lavarte-El-Pelo-Treat.gif\",\"contentUrl\":\"https:\\\/\\\/www.treatwell.es/in-the-glow\\\/wp-content\\\/uploads\\\/sites\\\/10\\\/2022\\\/03\\\/Lavarte-El-Pelo-Treat.gif\",\"width\":500,\"height\":589},{\"@type\":\"BreadcrumbList\",\"@id\":\"https:\\\/\\\/www.treatwell.es/in-the-glow\\\/errores-al-lavarte-el-pelo\\\/#breadcrumb\",\"itemListElement\":[{\"@type\":\"ListItem\",\"position\":1,\"name\":\"Home\",\"item\":\"https:\\\/\\\/www.treatwell.es/in-the-glow\\\/\"},{\"@type\":\"ListItem\",\"position\":2,\"name\":\"Beauty\",\"item\":\"https:\\\/\\\/www.treatwell.es/in-the-glow\\\/beauty\\\/\"},{\"@type\":\"ListItem\",\"position\":3,\"name\":\"5 errores que cometes al lavarte el pelo\"}]},{\"@type\":\"WebSite\",\"@id\":\"https:\\\/\\\/www.treatwell.es/in-the-glow\\\/#website\",\"url\":\"https:\\\/\\\/www.treatwell.es/in-the-glow\\\/\",\"name\":\"In The Glow\",\"description\":\"Belleza. Pelo. Lifestyle.\",\"publisher\":{\"@id\":\"https:\\\/\\\/www.treatwell.es/in-the-glow\\\/#organization\"},\"potentialAction\":[{\"@type\":\"SearchAction\",\"target\":{\"@type\":\"EntryPoint\",\"urlTemplate\":\"https:\\\/\\\/www.treatwell.es/in-the-glow\\\/?s={search_term_string}\"},\"query-input\":{\"@type\":\"PropertyValueSpecification\",\"valueRequired\":true,\"valueName\":\"search_term_string\"}}],\"inLanguage\":\"es\"},{\"@type\":\"Organization\",\"@id\":\"https:\\\/\\\/www.treatwell.es/in-the-glow\\\/#organization\",\"name\":\"Treatwell\",\"url\":\"https:\\\/\\\/www.treatwell.es/in-the-glow\\\/\",\"logo\":{\"@type\":\"ImageObject\",\"inLanguage\":\"es\",\"@id\":\"https:\\\/\\\/www.treatwell.es/in-the-glow\\\/#\\\/schema\\\/logo\\\/image\\\/\",\"url\":\"https:\\\/\\\/www.treatwell.es/in-the-glow\\\/wp-content\\\/uploads\\\/sites\\\/10\\\/2022\\\/03\\\/logo_treatwell.png\",\"contentUrl\":\"https:\\\/\\\/www.treatwell.es/in-the-glow\\\/wp-content\\\/uploads\\\/sites\\\/10\\\/2022\\\/03\\\/logo_treatwell.png\",\"width\":889,\"height\":164,\"caption\":\"Treatwell\"},\"image\":{\"@id\":\"https:\\\/\\\/www.treatwell.es/in-the-glow\\\/#\\\/schema\\\/logo\\\/image\\\/\"}},{\"@type\":\"Person\",\"@id\":\"\",\"url\":\"https:\\\/\\\/www.treatwell.es/in-the-glow\\\/author\\\/\"}]}<\/script>\n<!-- \/ Yoast SEO plugin. -->","yoast_head_json":{"title":"Lavado de pelo: errores comunes y consejos | Treatwell","description":"Descubre los errores m\u00e1s habituales al lavar el pelo y aprende a cuidar cada tipo. Productos, t\u00e9cnicas, temperatura y trucos para un cabello sano y brillante siempre.","robots":{"index":"index","follow":"follow","max-snippet":"max-snippet:-1","max-image-preview":"max-image-preview:large","max-video-preview":"max-video-preview:-1"},"canonical":"https:\/\/www.treatwell.es/in-the-glow\/errores-al-lavarte-el-pelo\/","og_locale":"es_ES","og_type":"article","og_title":"Lavado de pelo: errores comunes y consejos | Treatwell","og_description":"Descubre los errores m\u00e1s habituales al lavar el pelo y aprende a cuidar cada tipo. Productos, t\u00e9cnicas, temperatura y trucos para un cabello sano y brillante siempre.","og_url":"https:\/\/www.treatwell.es/in-the-glow\/errores-al-lavarte-el-pelo\/","og_site_name":"In The Glow","article_published_time":"2019-02-01T07:00:30+00:00","article_modified_time":"2025-12-15T22:54:05+00:00","og_image":[{"width":500,"height":589,"url":"https:\/\/www.treatwell.es/in-the-glow\/wp-content\/uploads\/sites\/10\/2022\/03\/Lavarte-El-Pelo-Treat.gif","type":"image\/gif"}],"twitter_card":"summary_large_image","twitter_misc":{"Escrito por":"","Tiempo de lectura":"2 minutos"},"schema":{"@context":"https:\/\/schema.org","@graph":[{"@type":"Article","@id":"https:\/\/www.treatwell.es/in-the-glow\/errores-al-lavarte-el-pelo\/#article","isPartOf":{"@id":"https:\/\/www.treatwell.es/in-the-glow\/errores-al-lavarte-el-pelo\/"},"author":{"name":"","@id":""},"headline":"5 errores que cometes al lavarte el pelo","datePublished":"2019-02-01T07:00:30+00:00","dateModified":"2025-12-15T22:54:05+00:00","mainEntityOfPage":{"@id":"https:\/\/www.treatwell.es/in-the-glow\/errores-al-lavarte-el-pelo\/"},"wordCount":336,"publisher":{"@id":"https:\/\/www.treatwell.es/in-the-glow\/#organization"},"image":{"@id":"https:\/\/www.treatwell.es/in-the-glow\/errores-al-lavarte-el-pelo\/#primaryimage"},"thumbnailUrl":"https:\/\/www.treatwell.es/in-the-glow\/wp-content\/uploads\/sites\/10\/2022\/03\/Lavarte-El-Pelo-Treat.gif","keywords":["Hair","Hair Colouring and Highlights","Hair Conditioning and Scalp Treatments","Hair Consulting"],"articleSection":["Beauty"],"inLanguage":"es"},{"@type":"WebPage","@id":"https:\/\/www.treatwell.es/in-the-glow\/errores-al-lavarte-el-pelo\/","url":"https:\/\/www.treatwell.es/in-the-glow\/errores-al-lavarte-el-pelo\/","name":"Lavado de pelo: errores comunes y consejos | Treatwell","isPartOf":{"@id":"https:\/\/www.treatwell.es/in-the-glow\/#website"},"primaryImageOfPage":{"@id":"https:\/\/www.treatwell.es/in-the-glow\/errores-al-lavarte-el-pelo\/#primaryimage"},"image":{"@id":"https:\/\/www.treatwell.es/in-the-glow\/errores-al-lavarte-el-pelo\/#primaryimage"},"thumbnailUrl":"https:\/\/www.treatwell.es/in-the-glow\/wp-content\/uploads\/sites\/10\/2022\/03\/Lavarte-El-Pelo-Treat.gif","datePublished":"2019-02-01T07:00:30+00:00","dateModified":"2025-12-15T22:54:05+00:00","description":"Descubre los errores m\u00e1s habituales al lavar el pelo y aprende a cuidar cada tipo. Productos, t\u00e9cnicas, temperatura y trucos para un cabello sano y brillante siempre.","breadcrumb":{"@id":"https:\/\/www.treatwell.es/in-the-glow\/errores-al-lavarte-el-pelo\/#breadcrumb"},"inLanguage":"es","potentialAction":[{"@type":"ReadAction","target":["https:\/\/www.treatwell.es/in-the-glow\/errores-al-lavarte-el-pelo\/"]}]},{"@type":"ImageObject","inLanguage":"es","@id":"https:\/\/www.treatwell.es/in-the-glow\/errores-al-lavarte-el-pelo\/#primaryimage","url":"https:\/\/www.treatwell.es/in-the-glow\/wp-content\/uploads\/sites\/10\/2022\/03\/Lavarte-El-Pelo-Treat.gif","contentUrl":"https:\/\/www.treatwell.es/in-the-glow\/wp-content\/uploads\/sites\/10\/2022\/03\/Lavarte-El-Pelo-Treat.gif","width":500,"height":589},{"@type":"BreadcrumbList","@id":"https:\/\/www.treatwell.es/in-the-glow\/errores-al-lavarte-el-pelo\/#breadcrumb","itemListElement":[{"@type":"ListItem","position":1,"name":"Home","item":"https:\/\/www.treatwell.es/in-the-glow\/"},{"@type":"ListItem","position":2,"name":"Beauty","item":"https:\/\/www.treatwell.es/in-the-glow\/beauty\/"},{"@type":"ListItem","position":3,"name":"5 errores que cometes al lavarte el pelo"}]},{"@type":"WebSite","@id":"https:\/\/www.treatwell.es/in-the-glow\/#website","url":"https:\/\/www.treatwell.es/in-the-glow\/","name":"In The Glow","description":"Belleza. Pelo. Lifestyle.","publisher":{"@id":"https:\/\/www.treatwell.es/in-the-glow\/#organization"},"potentialAction":[{"@type":"SearchAction","target":{"@type":"EntryPoint","urlTemplate":"https:\/\/www.treatwell.es/in-the-glow\/?s={search_term_string}"},"query-input":{"@type":"PropertyValueSpecification","valueRequired":true,"valueName":"search_term_string"}}],"inLanguage":"es"},{"@type":"Organization","@id":"https:\/\/www.treatwell.es/in-the-glow\/#organization","name":"Treatwell","url":"https:\/\/www.treatwell.es/in-the-glow\/","logo":{"@type":"ImageObject","inLanguage":"es","@id":"https:\/\/www.treatwell.es/in-the-glow\/#\/schema\/logo\/image\/","url":"https:\/\/www.treatwell.es/in-the-glow\/wp-content\/uploads\/sites\/10\/2022\/03\/logo_treatwell.png","contentUrl":"https:\/\/www.treatwell.es/in-the-glow\/wp-content\/uploads\/sites\/10\/2022\/03\/logo_treatwell.png","width":889,"height":164,"caption":"Treatwell"},"image":{"@id":"https:\/\/www.treatwell.es/in-the-glow\/#\/schema\/logo\/image\/"}},{"@type":"Person","@id":"","url":"https:\/\/www.treatwell.es/in-the-glow\/author\/"}]}},"featured_image_src":"https:\/\/www.treatwell.es/in-the-glow\/wp-content\/uploads\/sites\/10\/2022\/03\/Lavarte-El-Pelo-Treat-500x400.gif","featured_image_src_square":"https:\/\/www.treatwell.es/in-the-glow\/wp-content\/uploads\/sites\/10\/2022\/03\/Lavarte-El-Pelo-Treat.gif","author_info":{"display_name":"","author_link":"https:\/\/www.treatwell.es/in-the-glow\/author\/"},"_links":{"self":[{"href":"https:\/\/www.treatwell.es\/in-the-glow\/wp-json\/wp\/v2\/posts\/28695","targetHints":{"allow":["GET"]}}],"collection":[{"href":"https:\/\/www.treatwell.es\/in-the-glow\/wp-json\/wp\/v2\/posts"}],"about":[{"href":"https:\/\/www.treatwell.es\/in-the-glow\/wp-json\/wp\/v2\/types\/post"}],"author":[{"embeddable":true,"href":"https:\/\/www.treatwell.es\/in-the-glow\/wp-json\/wp\/v2\/users\/3319"}],"replies":[{"embeddable":true,"href":"https:\/\/www.treatwell.es\/in-the-glow\/wp-json\/wp\/v2\/comments?post=28695"}],"version-history":[{"count":0,"href":"https:\/\/www.treatwell.es\/in-the-glow\/wp-json\/wp\/v2\/posts\/28695\/revisions"}],"wp:featuredmedia":[{"embeddable":true,"href":"https:\/\/www.treatwell.es\/in-the-glow\/wp-json\/wp\/v2\/media\/28702"}],"wp:attachment":[{"href":"https:\/\/www.treatwell.es\/in-the-glow\/wp-json\/wp\/v2\/media?parent=28695"}],"wp:term":[{"taxonomy":"category","embeddable":true,"href":"https:\/\/www.treatwell.es\/in-the-glow\/wp-json\/wp\/v2\/categories?post=28695"},{"taxonomy":"post_tag","embeddable":true,"href":"https:\/\/www.treatwell.es\/in-the-glow\/wp-json\/wp\/v2\/tags?post=28695"}],"curies":[{"name":"wp","href":"https:\/\/api.w.org\/{rel}","templated":true}]}}