{"id":28771,"date":"2019-02-13T09:00:25","date_gmt":"2019-02-13T08:00:25","guid":{"rendered":"https:\/\/www.treatwell.es\/in-the-glow\/?p=21604"},"modified":"2025-12-15T23:54:07","modified_gmt":"2025-12-15T22:54:07","slug":"dime-que-plan-tienes-y-te-dire-que-tratamiento-necesitas","status":"publish","type":"post","link":"https:\/\/www.treatwell.es/in-the-glow\/dime-que-plan-tienes-y-te-dire-que-tratamiento-necesitas\/","title":{"rendered":"Dime qu\u00e9 plan tienes y te dir\u00e9 qu\u00e9 tratamiento necesitas"},"content":{"rendered":"<p><span style=\"font-weight: 400\">Viernes de Netflix con tu gato. Plan de pizza con tu madre. Masaje en pareja, sin pareja. Cervezas con tu peluquero. <a href=\"https:\/\/www.treatwell.es\/inspiracion\/valentines\/?utm_source=hp&amp;utm_medium=page&amp;utm_campaign=valentine19&amp;utm_term=valentine19es&amp;utm_content=hp2_valentines\/\/?mkt_params=GC~valentine19_LC~valentine19es_PM~hp-2_CM~valentine19es\">Hagas lo que hagas, tengas el plan que tengas, y con quien lo tengas, nosotros estaremos ah\u00ed para ti<\/a>. Palabra de Treatwell.<\/span><\/p>\n<p><span style=\"font-weight: 400\">Porque s\u00ed, febrero es el mes del amor. Pero \u00bfsabes qu\u00e9? Hay muuuchos tipos de amor. No te creas eso de que San Valent\u00edn es solo para planes rom\u00e1nticos en pareja, porque el amor se celebra \u00a1de muchas formas! As\u00ed que tengas el plan que tengas, tenemos lo que necesitas para mimarte y hacerte sentir (a\u00fan) mejor. \u00a1Vamos all\u00e1!<\/span><\/p>\n<div class=\"schema-faq wp-block-yoast-faq-block\"><\/div>\n","protected":false},"excerpt":{"rendered":"<p>Viernes de Netflix con tu gato. Plan de pizza con tu madre. Masaje en pareja, sin pareja. Cervezas con tu peluquero. Hagas lo que hagas, tengas el plan que tengas, y con quien lo tengas, nosotros estaremos ah\u00ed para ti. Palabra de Treatwell. Porque s\u00ed, febrero es el mes del amor. Pero \u00bfsabes qu\u00e9? Hay [&hellip;]<\/p>\n","protected":false},"author":3319,"featured_media":28777,"comment_status":"closed","ping_status":"closed","sticky":false,"template":"","format":"standard","meta":{"_acf_changed":false,"_yoast_wpseo_title":"Planes para San Valent\u00edn: ideas para todos los amores | Treatwell","_yoast_wpseo_metadesc":"Descubre planes para San Valent\u00edn m\u00e1s all\u00e1 de lo rom\u00e1ntico: autocuidado, relax, faciales, spa y momentos con quienes elijas. Insp\u00edrate y celebra a tu manera.","_genesis_hide_title":false,"_genesis_hide_breadcrumbs":false,"_genesis_hide_singular_image":false,"_genesis_hide_footer_widgets":false,"_genesis_custom_body_class":"","_genesis_custom_post_class":"","_genesis_layout":"","saswp_custom_schema_field":"","footnotes":""},"categories":[4],"tags":[130,19,12,6,7,33],"class_list":{"0":"post-28771","1":"post","2":"type-post","3":"status-publish","4":"format-standard","5":"has-post-thumbnail","7":"category-beauty","8":"tag-vt5","9":"tag-tt4","10":"tag-tr81","11":"tag-tt37","12":"tag-tt36","13":"tag-tr595","14":"entry"},"acf":{"post_credits":"Cr\u00e9ditos de las im\u00e1genes: Shutterstock e Instagram de @kamilabondos, @eatinbcn, @collagevintage, @_anitamatamoros","beauty_blog_post_button_title":"","beauty_blog_post_button":"","landscape_picture":28776,"blocks":[{"block_title":"Viernes de Netflix","block_content":"<p>Porque a veces todo lo que apetece es sof&aacute;, mantita y peli. &iquest;Y qu&eacute; mejor plan? &iexcl;Lo que nos gusta! Tanto solo como acompa&ntilde;ado, es el momento ideal para desconectar, descansar y disfrutar de un poco de relax. &iquest;Quieres a&uacute;n m&aacute;s? <a href=\"https:\/\/www.treatwell.es\/in-the-glow\/por-que-necesitas-un-masaje-relajante-ahora-mismo\/\">Un masaje relajante<\/a> antes del planazo, y ver&aacute;s c&oacute;mo tu nivel de desconexi&oacute;n sube 1.000 puntos. Aunque ya no podemos garantizar que aguantes toda la peli. &iexcl;Pero merece la pena!<\/p>\n","video_content":"","block_picture":28772},{"block_title":"Noche de desenfreno\u2026","block_content":"<p>Porque no todo va a ser relax. Si tu plan incluye unas copas con amigos y una de bailoteo, apuesta por una <a href=\"https:\/\/www.treatwell.es\/establecimientos\/tratamiento-manicura-semipermanente\/oferta-tipo-local\/en-es\/\">manicura semipermanente<\/a> o tratamientos como el<a href=\"https:\/\/www.treatwell.es\/in-the-glow\/lifting-de-pestanas-todas-tus-preguntas-contestadas\/\"> lifting de pesta&ntilde;as<\/a> o el <a href=\"https:\/\/www.treatwell.es\/in-the-glow\/que-es-el-microblading-de-cejas-y-como-queda\/\">microblading<\/a>. &iexcl;Y que duren toda la noche! Adem&aacute;s, pueden ser el plan perfecto precena para empezar la noche con tus amigas. &iexcl;Vamos que nos vamos!<\/p>\n","video_content":"","block_picture":28773},{"block_title":"Plan de pizza con tu madre","block_content":"<p>&iquest;Un rat&iacute;n para ponerte al d&iacute;a con tu madre? Te proponemos algo para acompa&ntilde;ar tu plan de cena: un momento beauty. Probad por ejemplo a <a href=\"https:\/\/www.treatwell.es\/in-the-glow\/sonrie-faciales-estar-radiante\/\">disfrutar de un momento juntas mientras os hac&eacute;is&nbsp;un facial <\/a>que os har&aacute; salir del sal&oacute;n como nuevas. &iquest;Te animas a probarlo?<\/p>\n","video_content":"","block_picture":28774},{"block_title":"Plan diferente en pareja","block_content":"<p>Y oye, que tampoco nos olvidamos de quienes quieren pasar un rato en pareja. &iexcl;Que viva el romanticismo! Y est&aacute;is de enhorabuena porque tenemos el plan pefrecto para disfrutar de una velada diferente: una cita en el spa. &iquest;No sabes por cu&aacute;l decantarte? Aqu&iacute; tienes los<a href=\"https:\/\/www.treatwell.es\/in-the-glow\/6-spas-barcelona-madrid\/\"> 6 spas m&aacute;s top de Madrid y Barcelona<\/a> que te dejar&aacute;n con la boca abierta. &iexcl;A disfrutar!<\/p>\n","video_content":"","block_picture":28775}]},"yoast_head":"<!-- This site is optimized with the Yoast SEO plugin v27.5 - https:\/\/yoast.com\/product\/yoast-seo-wordpress\/ -->\n<title>Planes para San Valent\u00edn: ideas para todos los amores | Treatwell<\/title>\n<meta name=\"description\" content=\"Descubre planes para San Valent\u00edn m\u00e1s all\u00e1 de lo rom\u00e1ntico: autocuidado, relax, faciales, spa y momentos con quienes elijas. Insp\u00edrate y celebra a tu manera.\" \/>\n<meta name=\"robots\" content=\"index, follow, max-snippet:-1, max-image-preview:large, max-video-preview:-1\" \/>\n<link rel=\"canonical\" href=\"https:\/\/www.treatwell.es/in-the-glow\/dime-que-plan-tienes-y-te-dire-que-tratamiento-necesitas\/\" \/>\n<meta property=\"og:locale\" content=\"es_ES\" \/>\n<meta property=\"og:type\" content=\"article\" \/>\n<meta property=\"og:title\" content=\"Planes para San Valent\u00edn: ideas para todos los amores | Treatwell\" \/>\n<meta property=\"og:description\" content=\"Descubre planes para San Valent\u00edn m\u00e1s all\u00e1 de lo rom\u00e1ntico: autocuidado, relax, faciales, spa y momentos con quienes elijas. Insp\u00edrate y celebra a tu manera.\" \/>\n<meta property=\"og:url\" content=\"https:\/\/www.treatwell.es/in-the-glow\/dime-que-plan-tienes-y-te-dire-que-tratamiento-necesitas\/\" \/>\n<meta property=\"og:site_name\" content=\"In The Glow\" \/>\n<meta property=\"article:published_time\" content=\"2019-02-13T08:00:25+00:00\" \/>\n<meta property=\"article:modified_time\" content=\"2025-12-15T22:54:07+00:00\" \/>\n<meta property=\"og:image\" content=\"https:\/\/www.treatwell.es/in-the-glow\/wp-content\/uploads\/sites\/10\/2022\/03\/shutterstock_9049818b-1.jpg\" \/>\n\t<meta property=\"og:image:width\" content=\"500\" \/>\n\t<meta property=\"og:image:height\" content=\"506\" \/>\n\t<meta property=\"og:image:type\" content=\"image\/jpeg\" \/>\n<meta name=\"twitter:card\" content=\"summary_large_image\" \/>\n<meta name=\"twitter:label1\" content=\"Escrito por\" \/>\n\t<meta name=\"twitter:data1\" content=\"\" \/>\n\t<meta name=\"twitter:label2\" content=\"Tiempo de lectura\" \/>\n\t<meta name=\"twitter:data2\" content=\"1 minuto\" \/>\n<script type=\"application\/ld+json\" class=\"yoast-schema-graph\">{\"@context\":\"https:\\\/\\\/schema.org\",\"@graph\":[{\"@type\":\"Article\",\"@id\":\"https:\\\/\\\/www.treatwell.es/in-the-glow\\\/dime-que-plan-tienes-y-te-dire-que-tratamiento-necesitas\\\/#article\",\"isPartOf\":{\"@id\":\"https:\\\/\\\/www.treatwell.es/in-the-glow\\\/dime-que-plan-tienes-y-te-dire-que-tratamiento-necesitas\\\/\"},\"author\":{\"name\":\"\",\"@id\":\"\"},\"headline\":\"Dime qu\u00e9 plan tienes y te dir\u00e9 qu\u00e9 tratamiento necesitas\",\"datePublished\":\"2019-02-13T08:00:25+00:00\",\"dateModified\":\"2025-12-15T22:54:07+00:00\",\"mainEntityOfPage\":{\"@id\":\"https:\\\/\\\/www.treatwell.es/in-the-glow\\\/dime-que-plan-tienes-y-te-dire-que-tratamiento-necesitas\\\/\"},\"wordCount\":115,\"publisher\":{\"@id\":\"https:\\\/\\\/www.treatwell.es/in-the-glow\\\/#organization\"},\"image\":{\"@id\":\"https:\\\/\\\/www.treatwell.es/in-the-glow\\\/dime-que-plan-tienes-y-te-dire-que-tratamiento-necesitas\\\/#primaryimage\"},\"thumbnailUrl\":\"https:\\\/\\\/www.treatwell.es/in-the-glow\\\/wp-content\\\/uploads\\\/sites\\\/10\\\/2022\\\/03\\\/shutterstock_9049818b-1.jpg\",\"keywords\":[\"Day Spa\",\"Face\",\"Manicure\",\"Massage\",\"Nails\",\"Two Week Manicure\"],\"articleSection\":[\"Beauty\"],\"inLanguage\":\"es\"},{\"@type\":\"WebPage\",\"@id\":\"https:\\\/\\\/www.treatwell.es/in-the-glow\\\/dime-que-plan-tienes-y-te-dire-que-tratamiento-necesitas\\\/\",\"url\":\"https:\\\/\\\/www.treatwell.es/in-the-glow\\\/dime-que-plan-tienes-y-te-dire-que-tratamiento-necesitas\\\/\",\"name\":\"Planes para San Valent\u00edn: ideas para todos los amores | Treatwell\",\"isPartOf\":{\"@id\":\"https:\\\/\\\/www.treatwell.es/in-the-glow\\\/#website\"},\"primaryImageOfPage\":{\"@id\":\"https:\\\/\\\/www.treatwell.es/in-the-glow\\\/dime-que-plan-tienes-y-te-dire-que-tratamiento-necesitas\\\/#primaryimage\"},\"image\":{\"@id\":\"https:\\\/\\\/www.treatwell.es/in-the-glow\\\/dime-que-plan-tienes-y-te-dire-que-tratamiento-necesitas\\\/#primaryimage\"},\"thumbnailUrl\":\"https:\\\/\\\/www.treatwell.es/in-the-glow\\\/wp-content\\\/uploads\\\/sites\\\/10\\\/2022\\\/03\\\/shutterstock_9049818b-1.jpg\",\"datePublished\":\"2019-02-13T08:00:25+00:00\",\"dateModified\":\"2025-12-15T22:54:07+00:00\",\"description\":\"Descubre planes para San Valent\u00edn m\u00e1s all\u00e1 de lo rom\u00e1ntico: autocuidado, relax, faciales, spa y momentos con quienes elijas. Insp\u00edrate y celebra a tu manera.\",\"breadcrumb\":{\"@id\":\"https:\\\/\\\/www.treatwell.es/in-the-glow\\\/dime-que-plan-tienes-y-te-dire-que-tratamiento-necesitas\\\/#breadcrumb\"},\"inLanguage\":\"es\",\"potentialAction\":[{\"@type\":\"ReadAction\",\"target\":[\"https:\\\/\\\/www.treatwell.es/in-the-glow\\\/dime-que-plan-tienes-y-te-dire-que-tratamiento-necesitas\\\/\"]}]},{\"@type\":\"ImageObject\",\"inLanguage\":\"es\",\"@id\":\"https:\\\/\\\/www.treatwell.es/in-the-glow\\\/dime-que-plan-tienes-y-te-dire-que-tratamiento-necesitas\\\/#primaryimage\",\"url\":\"https:\\\/\\\/www.treatwell.es/in-the-glow\\\/wp-content\\\/uploads\\\/sites\\\/10\\\/2022\\\/03\\\/shutterstock_9049818b-1.jpg\",\"contentUrl\":\"https:\\\/\\\/www.treatwell.es/in-the-glow\\\/wp-content\\\/uploads\\\/sites\\\/10\\\/2022\\\/03\\\/shutterstock_9049818b-1.jpg\",\"width\":500,\"height\":506},{\"@type\":\"BreadcrumbList\",\"@id\":\"https:\\\/\\\/www.treatwell.es/in-the-glow\\\/dime-que-plan-tienes-y-te-dire-que-tratamiento-necesitas\\\/#breadcrumb\",\"itemListElement\":[{\"@type\":\"ListItem\",\"position\":1,\"name\":\"Home\",\"item\":\"https:\\\/\\\/www.treatwell.es/in-the-glow\\\/\"},{\"@type\":\"ListItem\",\"position\":2,\"name\":\"Beauty\",\"item\":\"https:\\\/\\\/www.treatwell.es/in-the-glow\\\/beauty\\\/\"},{\"@type\":\"ListItem\",\"position\":3,\"name\":\"Dime qu\u00e9 plan tienes y te dir\u00e9 qu\u00e9 tratamiento necesitas\"}]},{\"@type\":\"WebSite\",\"@id\":\"https:\\\/\\\/www.treatwell.es/in-the-glow\\\/#website\",\"url\":\"https:\\\/\\\/www.treatwell.es/in-the-glow\\\/\",\"name\":\"In The Glow\",\"description\":\"Belleza. Pelo. Lifestyle.\",\"publisher\":{\"@id\":\"https:\\\/\\\/www.treatwell.es/in-the-glow\\\/#organization\"},\"potentialAction\":[{\"@type\":\"SearchAction\",\"target\":{\"@type\":\"EntryPoint\",\"urlTemplate\":\"https:\\\/\\\/www.treatwell.es/in-the-glow\\\/?s={search_term_string}\"},\"query-input\":{\"@type\":\"PropertyValueSpecification\",\"valueRequired\":true,\"valueName\":\"search_term_string\"}}],\"inLanguage\":\"es\"},{\"@type\":\"Organization\",\"@id\":\"https:\\\/\\\/www.treatwell.es/in-the-glow\\\/#organization\",\"name\":\"Treatwell\",\"url\":\"https:\\\/\\\/www.treatwell.es/in-the-glow\\\/\",\"logo\":{\"@type\":\"ImageObject\",\"inLanguage\":\"es\",\"@id\":\"https:\\\/\\\/www.treatwell.es/in-the-glow\\\/#\\\/schema\\\/logo\\\/image\\\/\",\"url\":\"https:\\\/\\\/www.treatwell.es/in-the-glow\\\/wp-content\\\/uploads\\\/sites\\\/10\\\/2022\\\/03\\\/logo_treatwell.png\",\"contentUrl\":\"https:\\\/\\\/www.treatwell.es/in-the-glow\\\/wp-content\\\/uploads\\\/sites\\\/10\\\/2022\\\/03\\\/logo_treatwell.png\",\"width\":889,\"height\":164,\"caption\":\"Treatwell\"},\"image\":{\"@id\":\"https:\\\/\\\/www.treatwell.es/in-the-glow\\\/#\\\/schema\\\/logo\\\/image\\\/\"}},{\"@type\":\"Person\",\"@id\":\"\",\"url\":\"https:\\\/\\\/www.treatwell.es/in-the-glow\\\/author\\\/\"}]}<\/script>\n<!-- \/ Yoast SEO plugin. -->","yoast_head_json":{"title":"Planes para San Valent\u00edn: ideas para todos los amores | Treatwell","description":"Descubre planes para San Valent\u00edn m\u00e1s all\u00e1 de lo rom\u00e1ntico: autocuidado, relax, faciales, spa y momentos con quienes elijas. Insp\u00edrate y celebra a tu manera.","robots":{"index":"index","follow":"follow","max-snippet":"max-snippet:-1","max-image-preview":"max-image-preview:large","max-video-preview":"max-video-preview:-1"},"canonical":"https:\/\/www.treatwell.es/in-the-glow\/dime-que-plan-tienes-y-te-dire-que-tratamiento-necesitas\/","og_locale":"es_ES","og_type":"article","og_title":"Planes para San Valent\u00edn: ideas para todos los amores | Treatwell","og_description":"Descubre planes para San Valent\u00edn m\u00e1s all\u00e1 de lo rom\u00e1ntico: autocuidado, relax, faciales, spa y momentos con quienes elijas. Insp\u00edrate y celebra a tu manera.","og_url":"https:\/\/www.treatwell.es/in-the-glow\/dime-que-plan-tienes-y-te-dire-que-tratamiento-necesitas\/","og_site_name":"In The Glow","article_published_time":"2019-02-13T08:00:25+00:00","article_modified_time":"2025-12-15T22:54:07+00:00","og_image":[{"width":500,"height":506,"url":"https:\/\/www.treatwell.es/in-the-glow\/wp-content\/uploads\/sites\/10\/2022\/03\/shutterstock_9049818b-1.jpg","type":"image\/jpeg"}],"twitter_card":"summary_large_image","twitter_misc":{"Escrito por":"","Tiempo de lectura":"1 minuto"},"schema":{"@context":"https:\/\/schema.org","@graph":[{"@type":"Article","@id":"https:\/\/www.treatwell.es/in-the-glow\/dime-que-plan-tienes-y-te-dire-que-tratamiento-necesitas\/#article","isPartOf":{"@id":"https:\/\/www.treatwell.es/in-the-glow\/dime-que-plan-tienes-y-te-dire-que-tratamiento-necesitas\/"},"author":{"name":"","@id":""},"headline":"Dime qu\u00e9 plan tienes y te dir\u00e9 qu\u00e9 tratamiento necesitas","datePublished":"2019-02-13T08:00:25+00:00","dateModified":"2025-12-15T22:54:07+00:00","mainEntityOfPage":{"@id":"https:\/\/www.treatwell.es/in-the-glow\/dime-que-plan-tienes-y-te-dire-que-tratamiento-necesitas\/"},"wordCount":115,"publisher":{"@id":"https:\/\/www.treatwell.es/in-the-glow\/#organization"},"image":{"@id":"https:\/\/www.treatwell.es/in-the-glow\/dime-que-plan-tienes-y-te-dire-que-tratamiento-necesitas\/#primaryimage"},"thumbnailUrl":"https:\/\/www.treatwell.es/in-the-glow\/wp-content\/uploads\/sites\/10\/2022\/03\/shutterstock_9049818b-1.jpg","keywords":["Day Spa","Face","Manicure","Massage","Nails","Two Week Manicure"],"articleSection":["Beauty"],"inLanguage":"es"},{"@type":"WebPage","@id":"https:\/\/www.treatwell.es/in-the-glow\/dime-que-plan-tienes-y-te-dire-que-tratamiento-necesitas\/","url":"https:\/\/www.treatwell.es/in-the-glow\/dime-que-plan-tienes-y-te-dire-que-tratamiento-necesitas\/","name":"Planes para San Valent\u00edn: ideas para todos los amores | Treatwell","isPartOf":{"@id":"https:\/\/www.treatwell.es/in-the-glow\/#website"},"primaryImageOfPage":{"@id":"https:\/\/www.treatwell.es/in-the-glow\/dime-que-plan-tienes-y-te-dire-que-tratamiento-necesitas\/#primaryimage"},"image":{"@id":"https:\/\/www.treatwell.es/in-the-glow\/dime-que-plan-tienes-y-te-dire-que-tratamiento-necesitas\/#primaryimage"},"thumbnailUrl":"https:\/\/www.treatwell.es/in-the-glow\/wp-content\/uploads\/sites\/10\/2022\/03\/shutterstock_9049818b-1.jpg","datePublished":"2019-02-13T08:00:25+00:00","dateModified":"2025-12-15T22:54:07+00:00","description":"Descubre planes para San Valent\u00edn m\u00e1s all\u00e1 de lo rom\u00e1ntico: autocuidado, relax, faciales, spa y momentos con quienes elijas. Insp\u00edrate y celebra a tu manera.","breadcrumb":{"@id":"https:\/\/www.treatwell.es/in-the-glow\/dime-que-plan-tienes-y-te-dire-que-tratamiento-necesitas\/#breadcrumb"},"inLanguage":"es","potentialAction":[{"@type":"ReadAction","target":["https:\/\/www.treatwell.es/in-the-glow\/dime-que-plan-tienes-y-te-dire-que-tratamiento-necesitas\/"]}]},{"@type":"ImageObject","inLanguage":"es","@id":"https:\/\/www.treatwell.es/in-the-glow\/dime-que-plan-tienes-y-te-dire-que-tratamiento-necesitas\/#primaryimage","url":"https:\/\/www.treatwell.es/in-the-glow\/wp-content\/uploads\/sites\/10\/2022\/03\/shutterstock_9049818b-1.jpg","contentUrl":"https:\/\/www.treatwell.es/in-the-glow\/wp-content\/uploads\/sites\/10\/2022\/03\/shutterstock_9049818b-1.jpg","width":500,"height":506},{"@type":"BreadcrumbList","@id":"https:\/\/www.treatwell.es/in-the-glow\/dime-que-plan-tienes-y-te-dire-que-tratamiento-necesitas\/#breadcrumb","itemListElement":[{"@type":"ListItem","position":1,"name":"Home","item":"https:\/\/www.treatwell.es/in-the-glow\/"},{"@type":"ListItem","position":2,"name":"Beauty","item":"https:\/\/www.treatwell.es/in-the-glow\/beauty\/"},{"@type":"ListItem","position":3,"name":"Dime qu\u00e9 plan tienes y te dir\u00e9 qu\u00e9 tratamiento necesitas"}]},{"@type":"WebSite","@id":"https:\/\/www.treatwell.es/in-the-glow\/#website","url":"https:\/\/www.treatwell.es/in-the-glow\/","name":"In The Glow","description":"Belleza. Pelo. Lifestyle.","publisher":{"@id":"https:\/\/www.treatwell.es/in-the-glow\/#organization"},"potentialAction":[{"@type":"SearchAction","target":{"@type":"EntryPoint","urlTemplate":"https:\/\/www.treatwell.es/in-the-glow\/?s={search_term_string}"},"query-input":{"@type":"PropertyValueSpecification","valueRequired":true,"valueName":"search_term_string"}}],"inLanguage":"es"},{"@type":"Organization","@id":"https:\/\/www.treatwell.es/in-the-glow\/#organization","name":"Treatwell","url":"https:\/\/www.treatwell.es/in-the-glow\/","logo":{"@type":"ImageObject","inLanguage":"es","@id":"https:\/\/www.treatwell.es/in-the-glow\/#\/schema\/logo\/image\/","url":"https:\/\/www.treatwell.es/in-the-glow\/wp-content\/uploads\/sites\/10\/2022\/03\/logo_treatwell.png","contentUrl":"https:\/\/www.treatwell.es/in-the-glow\/wp-content\/uploads\/sites\/10\/2022\/03\/logo_treatwell.png","width":889,"height":164,"caption":"Treatwell"},"image":{"@id":"https:\/\/www.treatwell.es/in-the-glow\/#\/schema\/logo\/image\/"}},{"@type":"Person","@id":"","url":"https:\/\/www.treatwell.es/in-the-glow\/author\/"}]}},"featured_image_src":"https:\/\/www.treatwell.es/in-the-glow\/wp-content\/uploads\/sites\/10\/2022\/03\/shutterstock_9049818b-1-500x400.jpg","featured_image_src_square":"https:\/\/www.treatwell.es/in-the-glow\/wp-content\/uploads\/sites\/10\/2022\/03\/shutterstock_9049818b-1.jpg","author_info":{"display_name":"","author_link":"https:\/\/www.treatwell.es/in-the-glow\/author\/"},"_links":{"self":[{"href":"https:\/\/www.treatwell.es\/in-the-glow\/wp-json\/wp\/v2\/posts\/28771","targetHints":{"allow":["GET"]}}],"collection":[{"href":"https:\/\/www.treatwell.es\/in-the-glow\/wp-json\/wp\/v2\/posts"}],"about":[{"href":"https:\/\/www.treatwell.es\/in-the-glow\/wp-json\/wp\/v2\/types\/post"}],"author":[{"embeddable":true,"href":"https:\/\/www.treatwell.es\/in-the-glow\/wp-json\/wp\/v2\/users\/3319"}],"replies":[{"embeddable":true,"href":"https:\/\/www.treatwell.es\/in-the-glow\/wp-json\/wp\/v2\/comments?post=28771"}],"version-history":[{"count":0,"href":"https:\/\/www.treatwell.es\/in-the-glow\/wp-json\/wp\/v2\/posts\/28771\/revisions"}],"wp:featuredmedia":[{"embeddable":true,"href":"https:\/\/www.treatwell.es\/in-the-glow\/wp-json\/wp\/v2\/media\/28777"}],"wp:attachment":[{"href":"https:\/\/www.treatwell.es\/in-the-glow\/wp-json\/wp\/v2\/media?parent=28771"}],"wp:term":[{"taxonomy":"category","embeddable":true,"href":"https:\/\/www.treatwell.es\/in-the-glow\/wp-json\/wp\/v2\/categories?post=28771"},{"taxonomy":"post_tag","embeddable":true,"href":"https:\/\/www.treatwell.es\/in-the-glow\/wp-json\/wp\/v2\/tags?post=28771"}],"curies":[{"name":"wp","href":"https:\/\/api.w.org\/{rel}","templated":true}]}}