{"id":28794,"date":"2019-02-15T09:00:28","date_gmt":"2019-02-15T08:00:28","guid":{"rendered":"https:\/\/www.treatwell.es\/in-the-glow\/?p=21675"},"modified":"2025-12-15T23:54:07","modified_gmt":"2025-12-15T22:54:07","slug":"5-mitos-de-la-depilacion","status":"publish","type":"post","link":"https:\/\/www.treatwell.es/in-the-glow\/5-mitos-de-la-depilacion\/","title":{"rendered":"5 mitos de la depilaci\u00f3n"},"content":{"rendered":"<p><span style=\"font-weight: 400\">Mito por aqu\u00ed, mito por all\u00e1. El mundo beauty est\u00e1 lleno de leyendas urbanas que no siempre son ciertas. Que si <\/span><a href=\"https:\/\/www.treatwell.es\/in-the-glow\/mitos-falsos-sobre-las-unas-acrilicas\/\"><span style=\"font-weight: 400\">las u\u00f1as acr\u00edlicas da\u00f1an a las naturales<\/span><\/a><span style=\"font-weight: 400\">, que si <\/span><a href=\"https:\/\/www.treatwell.es\/in-the-glow\/mitos-belleza\/\"><span style=\"font-weight: 400\">no se puede tomar el sol si llevas autobronceador<\/span><\/a><span style=\"font-weight: 400\">, que si <\/span><a href=\"https:\/\/www.treatwell.es\/in-the-glow\/es-hora-de-desmentir-estos-mitos-de-belleza\/\"><span style=\"font-weight: 400\">depilarse con cuchilla hace que el pelo salga m\u00e1s grueso<\/span><\/a><span style=\"font-weight: 400\">, que si tal, que si cual\u2026<\/span><\/p>\n<p>Y s\u00ed. Los grandes mitos de toda la vida giran sobre todo alrededor de la depilaci\u00f3n. As\u00ed que<span style=\"font-weight: 400\"> nos hemos puesto manos a la obra y hemos encontrado estas 5 falsas leyendas sobre el tema. Nosotras no mentimos, \u00a1Palabrita! <\/span><\/p>\n<div class=\"schema-faq wp-block-yoast-faq-block\"><\/div>\n","protected":false},"excerpt":{"rendered":"<p>Mito por aqu\u00ed, mito por all\u00e1. El mundo beauty est\u00e1 lleno de leyendas urbanas que no siempre son ciertas. Que si las u\u00f1as acr\u00edlicas da\u00f1an a las naturales, que si no se puede tomar el sol si llevas autobronceador, que si depilarse con cuchilla hace que el pelo salga m\u00e1s grueso, que si tal, que [&hellip;]<\/p>\n","protected":false},"author":3319,"featured_media":28801,"comment_status":"closed","ping_status":"closed","sticky":false,"template":"","format":"standard","meta":{"_acf_changed":false,"_yoast_wpseo_title":"Mitos depilaci\u00f3n: verdades sobre l\u00e1ser, cera y vello | Treatwell","_yoast_wpseo_metadesc":"Descubre los principales mitos sobre depilaci\u00f3n: l\u00e1ser, cera y varices. Aprende qu\u00e9 es cierto y falso, consejos para cuidar tu piel y disfrutar mejores resultados.","_genesis_hide_title":false,"_genesis_hide_breadcrumbs":false,"_genesis_hide_singular_image":false,"_genesis_hide_footer_widgets":false,"_genesis_custom_body_class":"","_genesis_custom_post_class":"","_genesis_layout":"","saswp_custom_schema_field":"","footnotes":""},"categories":[4],"tags":[107,16,14],"class_list":{"0":"post-28794","1":"post","2":"type-post","3":"status-publish","4":"format-standard","5":"has-post-thumbnail","7":"category-beauty","8":"tag-tt43","9":"tag-tr52","10":"tag-tr57","11":"entry"},"acf":{"post_credits":"Cr\u00e9ditos de las im\u00e1genes: Shutterstock, Treatwell e Instagram de: @sun_alsorises","beauty_blog_post_button_title":"","beauty_blog_post_button":"","landscape_picture":28800,"blocks":[{"block_title":"La depilaci\u00f3n l\u00e1ser da\u00f1a la piel","block_content":"<p>Y la respuesta es.. &iexcl;NO! Est&aacute; claro que la depilaci&oacute;n l&aacute;ser es un poquito m&aacute;s delicada que la de cera, es por eso que siempre debes ponerte en manos de un especialista. A&uacute;n as&iacute;,&nbsp;en ning&uacute;n momento perjudica a tu piel, es m&aacute;s, <a href=\"https:\/\/www.treatwell.es\/in-the-glow\/ventajas-depilacion-laser\/\">&iexcl;tiene muchas ventajas!<\/a>&nbsp;&nbsp;Simplemente ataca el fol&iacute;culo piloso; lo que significa que elimina la papila donde se encuentran las c&eacute;lulas que forman parte del pelo.<\/p>\n","video_content":"","block_picture":28795},{"block_title":"El vello finito o rubio no se puede eliminar con la depilaci\u00f3n l\u00e1ser","block_content":"<p>Mec, &iexcl;error! El &uacute;nico vello que no se puede eliminar es el blanco, por su falta de melanina. Pero tanto los pelitos oscuros como los rubios pueden eliminarse con l&aacute;ser; <a href=\"https:\/\/www.treatwell.es\/in-the-glow\/tipos-depilacion-masculina-populares\/\">tanto en la depilaci&oacute;n masculina<\/a> como en la femenina.<\/p>\n","video_content":"","block_picture":28796},{"block_title":"La cera se lleva el moreno","block_content":"<p>&iexcl;Claro que no! El moreno no se puede depilar. Es verdad que parece que la cera se lleve un poco de color, pero en realidad la depilaci&oacute;n mejora el moreno. Barre la capa superior de la piel escamosa que oculta el s&uacute;per brillo que deja el bronceado.<\/p>\n\n<p>Con lo que s&iacute; que hay que tener cuidadito es con el sol, ya que la depilaci&oacute;n hace que sus efectos sean m&aacute;s fuertes. As&iacute; que, <a href=\"https:\/\/www.treatwell.es\/in-the-glow\/mitos-belleza\/\">&iexcl;que la protecci&oacute;n solar sea tu mejor aliado!<\/a><\/p>\n","video_content":"","block_picture":28797},{"block_title":"Depilarse con cera ayuda a la aparici\u00f3n de varices","block_content":"<p>&iexcl;Mito a la vista! Las varices dependen de tu gen&eacute;tica y sedentarismo, la depilaci&oacute;n no tiene absolutamente nada que ver. As&iacute; que, ya sea con cera o l&aacute;ser, &iexcl;la depilaci&oacute;n free de varices te est&aacute; esperando! (Si quieres).<\/p>\n","video_content":"","block_picture":28798},{"block_title":"El mejor momento para depilarse es cuando la luna est\u00e1 creciente","block_content":"<p>Bailar bajo la luna est&aacute; bien, pero tenerla como referencia a la hora de depilarse, &iexcl;no! El ciclo lunar no tiene nada que ver con el crecimiento del pelo; si te depilas cuando la luna est&aacute; creciente, el vello tardar&aacute; igual en crecer que si lo hicieras cuando est&aacute; menguante. Palabra.<\/p>\n","video_content":"","block_picture":28799}]},"yoast_head":"<!-- This site is optimized with the Yoast SEO plugin v27.5 - https:\/\/yoast.com\/product\/yoast-seo-wordpress\/ -->\n<title>Mitos depilaci\u00f3n: verdades sobre l\u00e1ser, cera y vello | Treatwell<\/title>\n<meta name=\"description\" content=\"Descubre los principales mitos sobre depilaci\u00f3n: l\u00e1ser, cera y varices. Aprende qu\u00e9 es cierto y falso, consejos para cuidar tu piel y disfrutar mejores resultados.\" \/>\n<meta name=\"robots\" content=\"index, follow, max-snippet:-1, max-image-preview:large, max-video-preview:-1\" \/>\n<link rel=\"canonical\" href=\"https:\/\/www.treatwell.es/in-the-glow\/5-mitos-de-la-depilacion\/\" \/>\n<meta property=\"og:locale\" content=\"es_ES\" \/>\n<meta property=\"og:type\" content=\"article\" \/>\n<meta property=\"og:title\" content=\"Mitos depilaci\u00f3n: verdades sobre l\u00e1ser, cera y vello | Treatwell\" \/>\n<meta property=\"og:description\" content=\"Descubre los principales mitos sobre depilaci\u00f3n: l\u00e1ser, cera y varices. Aprende qu\u00e9 es cierto y falso, consejos para cuidar tu piel y disfrutar mejores resultados.\" \/>\n<meta property=\"og:url\" content=\"https:\/\/www.treatwell.es/in-the-glow\/5-mitos-de-la-depilacion\/\" \/>\n<meta property=\"og:site_name\" content=\"In The Glow\" \/>\n<meta property=\"article:published_time\" content=\"2019-02-15T08:00:28+00:00\" \/>\n<meta property=\"article:modified_time\" content=\"2025-12-15T22:54:07+00:00\" \/>\n<meta property=\"og:image\" content=\"https:\/\/www.treatwell.es/in-the-glow\/wp-content\/uploads\/sites\/10\/2022\/03\/beachesandcream_51428603_410302699540064_8042200464052907834_n.jpg\" \/>\n\t<meta property=\"og:image:width\" content=\"502\" \/>\n\t<meta property=\"og:image:height\" content=\"628\" \/>\n\t<meta property=\"og:image:type\" content=\"image\/jpeg\" \/>\n<meta name=\"twitter:card\" content=\"summary_large_image\" \/>\n<meta name=\"twitter:label1\" content=\"Escrito por\" \/>\n\t<meta name=\"twitter:data1\" content=\"\" \/>\n\t<meta name=\"twitter:label2\" content=\"Tiempo de lectura\" \/>\n\t<meta name=\"twitter:data2\" content=\"1 minuto\" \/>\n<script type=\"application\/ld+json\" class=\"yoast-schema-graph\">{\"@context\":\"https:\\\/\\\/schema.org\",\"@graph\":[{\"@type\":\"Article\",\"@id\":\"https:\\\/\\\/www.treatwell.es/in-the-glow\\\/5-mitos-de-la-depilacion\\\/#article\",\"isPartOf\":{\"@id\":\"https:\\\/\\\/www.treatwell.es/in-the-glow\\\/5-mitos-de-la-depilacion\\\/\"},\"author\":{\"name\":\"\",\"@id\":\"\"},\"headline\":\"5 mitos de la depilaci\u00f3n\",\"datePublished\":\"2019-02-15T08:00:28+00:00\",\"dateModified\":\"2025-12-15T22:54:07+00:00\",\"mainEntityOfPage\":{\"@id\":\"https:\\\/\\\/www.treatwell.es/in-the-glow\\\/5-mitos-de-la-depilacion\\\/\"},\"wordCount\":105,\"publisher\":{\"@id\":\"https:\\\/\\\/www.treatwell.es/in-the-glow\\\/#organization\"},\"image\":{\"@id\":\"https:\\\/\\\/www.treatwell.es/in-the-glow\\\/5-mitos-de-la-depilacion\\\/#primaryimage\"},\"thumbnailUrl\":\"https:\\\/\\\/www.treatwell.es/in-the-glow\\\/wp-content\\\/uploads\\\/sites\\\/10\\\/2022\\\/03\\\/beachesandcream_51428603_410302699540064_8042200464052907834_n.jpg\",\"keywords\":[\"Hair removal\",\"Laser Hair Removal\",\"Waxing\"],\"articleSection\":[\"Beauty\"],\"inLanguage\":\"es\"},{\"@type\":\"WebPage\",\"@id\":\"https:\\\/\\\/www.treatwell.es/in-the-glow\\\/5-mitos-de-la-depilacion\\\/\",\"url\":\"https:\\\/\\\/www.treatwell.es/in-the-glow\\\/5-mitos-de-la-depilacion\\\/\",\"name\":\"Mitos depilaci\u00f3n: verdades sobre l\u00e1ser, cera y vello | Treatwell\",\"isPartOf\":{\"@id\":\"https:\\\/\\\/www.treatwell.es/in-the-glow\\\/#website\"},\"primaryImageOfPage\":{\"@id\":\"https:\\\/\\\/www.treatwell.es/in-the-glow\\\/5-mitos-de-la-depilacion\\\/#primaryimage\"},\"image\":{\"@id\":\"https:\\\/\\\/www.treatwell.es/in-the-glow\\\/5-mitos-de-la-depilacion\\\/#primaryimage\"},\"thumbnailUrl\":\"https:\\\/\\\/www.treatwell.es/in-the-glow\\\/wp-content\\\/uploads\\\/sites\\\/10\\\/2022\\\/03\\\/beachesandcream_51428603_410302699540064_8042200464052907834_n.jpg\",\"datePublished\":\"2019-02-15T08:00:28+00:00\",\"dateModified\":\"2025-12-15T22:54:07+00:00\",\"description\":\"Descubre los principales mitos sobre depilaci\u00f3n: l\u00e1ser, cera y varices. Aprende qu\u00e9 es cierto y falso, consejos para cuidar tu piel y disfrutar mejores resultados.\",\"breadcrumb\":{\"@id\":\"https:\\\/\\\/www.treatwell.es/in-the-glow\\\/5-mitos-de-la-depilacion\\\/#breadcrumb\"},\"inLanguage\":\"es\",\"potentialAction\":[{\"@type\":\"ReadAction\",\"target\":[\"https:\\\/\\\/www.treatwell.es/in-the-glow\\\/5-mitos-de-la-depilacion\\\/\"]}]},{\"@type\":\"ImageObject\",\"inLanguage\":\"es\",\"@id\":\"https:\\\/\\\/www.treatwell.es/in-the-glow\\\/5-mitos-de-la-depilacion\\\/#primaryimage\",\"url\":\"https:\\\/\\\/www.treatwell.es/in-the-glow\\\/wp-content\\\/uploads\\\/sites\\\/10\\\/2022\\\/03\\\/beachesandcream_51428603_410302699540064_8042200464052907834_n.jpg\",\"contentUrl\":\"https:\\\/\\\/www.treatwell.es/in-the-glow\\\/wp-content\\\/uploads\\\/sites\\\/10\\\/2022\\\/03\\\/beachesandcream_51428603_410302699540064_8042200464052907834_n.jpg\",\"width\":502,\"height\":628},{\"@type\":\"BreadcrumbList\",\"@id\":\"https:\\\/\\\/www.treatwell.es/in-the-glow\\\/5-mitos-de-la-depilacion\\\/#breadcrumb\",\"itemListElement\":[{\"@type\":\"ListItem\",\"position\":1,\"name\":\"Home\",\"item\":\"https:\\\/\\\/www.treatwell.es/in-the-glow\\\/\"},{\"@type\":\"ListItem\",\"position\":2,\"name\":\"Beauty\",\"item\":\"https:\\\/\\\/www.treatwell.es/in-the-glow\\\/beauty\\\/\"},{\"@type\":\"ListItem\",\"position\":3,\"name\":\"5 mitos de la depilaci\u00f3n\"}]},{\"@type\":\"WebSite\",\"@id\":\"https:\\\/\\\/www.treatwell.es/in-the-glow\\\/#website\",\"url\":\"https:\\\/\\\/www.treatwell.es/in-the-glow\\\/\",\"name\":\"In The Glow\",\"description\":\"Belleza. Pelo. Lifestyle.\",\"publisher\":{\"@id\":\"https:\\\/\\\/www.treatwell.es/in-the-glow\\\/#organization\"},\"potentialAction\":[{\"@type\":\"SearchAction\",\"target\":{\"@type\":\"EntryPoint\",\"urlTemplate\":\"https:\\\/\\\/www.treatwell.es/in-the-glow\\\/?s={search_term_string}\"},\"query-input\":{\"@type\":\"PropertyValueSpecification\",\"valueRequired\":true,\"valueName\":\"search_term_string\"}}],\"inLanguage\":\"es\"},{\"@type\":\"Organization\",\"@id\":\"https:\\\/\\\/www.treatwell.es/in-the-glow\\\/#organization\",\"name\":\"Treatwell\",\"url\":\"https:\\\/\\\/www.treatwell.es/in-the-glow\\\/\",\"logo\":{\"@type\":\"ImageObject\",\"inLanguage\":\"es\",\"@id\":\"https:\\\/\\\/www.treatwell.es/in-the-glow\\\/#\\\/schema\\\/logo\\\/image\\\/\",\"url\":\"https:\\\/\\\/www.treatwell.es/in-the-glow\\\/wp-content\\\/uploads\\\/sites\\\/10\\\/2022\\\/03\\\/logo_treatwell.png\",\"contentUrl\":\"https:\\\/\\\/www.treatwell.es/in-the-glow\\\/wp-content\\\/uploads\\\/sites\\\/10\\\/2022\\\/03\\\/logo_treatwell.png\",\"width\":889,\"height\":164,\"caption\":\"Treatwell\"},\"image\":{\"@id\":\"https:\\\/\\\/www.treatwell.es/in-the-glow\\\/#\\\/schema\\\/logo\\\/image\\\/\"}},{\"@type\":\"Person\",\"@id\":\"\",\"url\":\"https:\\\/\\\/www.treatwell.es/in-the-glow\\\/author\\\/\"}]}<\/script>\n<!-- \/ Yoast SEO plugin. -->","yoast_head_json":{"title":"Mitos depilaci\u00f3n: verdades sobre l\u00e1ser, cera y vello | Treatwell","description":"Descubre los principales mitos sobre depilaci\u00f3n: l\u00e1ser, cera y varices. Aprende qu\u00e9 es cierto y falso, consejos para cuidar tu piel y disfrutar mejores resultados.","robots":{"index":"index","follow":"follow","max-snippet":"max-snippet:-1","max-image-preview":"max-image-preview:large","max-video-preview":"max-video-preview:-1"},"canonical":"https:\/\/www.treatwell.es/in-the-glow\/5-mitos-de-la-depilacion\/","og_locale":"es_ES","og_type":"article","og_title":"Mitos depilaci\u00f3n: verdades sobre l\u00e1ser, cera y vello | Treatwell","og_description":"Descubre los principales mitos sobre depilaci\u00f3n: l\u00e1ser, cera y varices. Aprende qu\u00e9 es cierto y falso, consejos para cuidar tu piel y disfrutar mejores resultados.","og_url":"https:\/\/www.treatwell.es/in-the-glow\/5-mitos-de-la-depilacion\/","og_site_name":"In The Glow","article_published_time":"2019-02-15T08:00:28+00:00","article_modified_time":"2025-12-15T22:54:07+00:00","og_image":[{"width":502,"height":628,"url":"https:\/\/www.treatwell.es/in-the-glow\/wp-content\/uploads\/sites\/10\/2022\/03\/beachesandcream_51428603_410302699540064_8042200464052907834_n.jpg","type":"image\/jpeg"}],"twitter_card":"summary_large_image","twitter_misc":{"Escrito por":"","Tiempo de lectura":"1 minuto"},"schema":{"@context":"https:\/\/schema.org","@graph":[{"@type":"Article","@id":"https:\/\/www.treatwell.es/in-the-glow\/5-mitos-de-la-depilacion\/#article","isPartOf":{"@id":"https:\/\/www.treatwell.es/in-the-glow\/5-mitos-de-la-depilacion\/"},"author":{"name":"","@id":""},"headline":"5 mitos de la depilaci\u00f3n","datePublished":"2019-02-15T08:00:28+00:00","dateModified":"2025-12-15T22:54:07+00:00","mainEntityOfPage":{"@id":"https:\/\/www.treatwell.es/in-the-glow\/5-mitos-de-la-depilacion\/"},"wordCount":105,"publisher":{"@id":"https:\/\/www.treatwell.es/in-the-glow\/#organization"},"image":{"@id":"https:\/\/www.treatwell.es/in-the-glow\/5-mitos-de-la-depilacion\/#primaryimage"},"thumbnailUrl":"https:\/\/www.treatwell.es/in-the-glow\/wp-content\/uploads\/sites\/10\/2022\/03\/beachesandcream_51428603_410302699540064_8042200464052907834_n.jpg","keywords":["Hair removal","Laser Hair Removal","Waxing"],"articleSection":["Beauty"],"inLanguage":"es"},{"@type":"WebPage","@id":"https:\/\/www.treatwell.es/in-the-glow\/5-mitos-de-la-depilacion\/","url":"https:\/\/www.treatwell.es/in-the-glow\/5-mitos-de-la-depilacion\/","name":"Mitos depilaci\u00f3n: verdades sobre l\u00e1ser, cera y vello | Treatwell","isPartOf":{"@id":"https:\/\/www.treatwell.es/in-the-glow\/#website"},"primaryImageOfPage":{"@id":"https:\/\/www.treatwell.es/in-the-glow\/5-mitos-de-la-depilacion\/#primaryimage"},"image":{"@id":"https:\/\/www.treatwell.es/in-the-glow\/5-mitos-de-la-depilacion\/#primaryimage"},"thumbnailUrl":"https:\/\/www.treatwell.es/in-the-glow\/wp-content\/uploads\/sites\/10\/2022\/03\/beachesandcream_51428603_410302699540064_8042200464052907834_n.jpg","datePublished":"2019-02-15T08:00:28+00:00","dateModified":"2025-12-15T22:54:07+00:00","description":"Descubre los principales mitos sobre depilaci\u00f3n: l\u00e1ser, cera y varices. Aprende qu\u00e9 es cierto y falso, consejos para cuidar tu piel y disfrutar mejores resultados.","breadcrumb":{"@id":"https:\/\/www.treatwell.es/in-the-glow\/5-mitos-de-la-depilacion\/#breadcrumb"},"inLanguage":"es","potentialAction":[{"@type":"ReadAction","target":["https:\/\/www.treatwell.es/in-the-glow\/5-mitos-de-la-depilacion\/"]}]},{"@type":"ImageObject","inLanguage":"es","@id":"https:\/\/www.treatwell.es/in-the-glow\/5-mitos-de-la-depilacion\/#primaryimage","url":"https:\/\/www.treatwell.es/in-the-glow\/wp-content\/uploads\/sites\/10\/2022\/03\/beachesandcream_51428603_410302699540064_8042200464052907834_n.jpg","contentUrl":"https:\/\/www.treatwell.es/in-the-glow\/wp-content\/uploads\/sites\/10\/2022\/03\/beachesandcream_51428603_410302699540064_8042200464052907834_n.jpg","width":502,"height":628},{"@type":"BreadcrumbList","@id":"https:\/\/www.treatwell.es/in-the-glow\/5-mitos-de-la-depilacion\/#breadcrumb","itemListElement":[{"@type":"ListItem","position":1,"name":"Home","item":"https:\/\/www.treatwell.es/in-the-glow\/"},{"@type":"ListItem","position":2,"name":"Beauty","item":"https:\/\/www.treatwell.es/in-the-glow\/beauty\/"},{"@type":"ListItem","position":3,"name":"5 mitos de la depilaci\u00f3n"}]},{"@type":"WebSite","@id":"https:\/\/www.treatwell.es/in-the-glow\/#website","url":"https:\/\/www.treatwell.es/in-the-glow\/","name":"In The Glow","description":"Belleza. Pelo. Lifestyle.","publisher":{"@id":"https:\/\/www.treatwell.es/in-the-glow\/#organization"},"potentialAction":[{"@type":"SearchAction","target":{"@type":"EntryPoint","urlTemplate":"https:\/\/www.treatwell.es/in-the-glow\/?s={search_term_string}"},"query-input":{"@type":"PropertyValueSpecification","valueRequired":true,"valueName":"search_term_string"}}],"inLanguage":"es"},{"@type":"Organization","@id":"https:\/\/www.treatwell.es/in-the-glow\/#organization","name":"Treatwell","url":"https:\/\/www.treatwell.es/in-the-glow\/","logo":{"@type":"ImageObject","inLanguage":"es","@id":"https:\/\/www.treatwell.es/in-the-glow\/#\/schema\/logo\/image\/","url":"https:\/\/www.treatwell.es/in-the-glow\/wp-content\/uploads\/sites\/10\/2022\/03\/logo_treatwell.png","contentUrl":"https:\/\/www.treatwell.es/in-the-glow\/wp-content\/uploads\/sites\/10\/2022\/03\/logo_treatwell.png","width":889,"height":164,"caption":"Treatwell"},"image":{"@id":"https:\/\/www.treatwell.es/in-the-glow\/#\/schema\/logo\/image\/"}},{"@type":"Person","@id":"","url":"https:\/\/www.treatwell.es/in-the-glow\/author\/"}]}},"featured_image_src":"https:\/\/www.treatwell.es/in-the-glow\/wp-content\/uploads\/sites\/10\/2022\/03\/beachesandcream_51428603_410302699540064_8042200464052907834_n-502x400.jpg","featured_image_src_square":"https:\/\/www.treatwell.es/in-the-glow\/wp-content\/uploads\/sites\/10\/2022\/03\/beachesandcream_51428603_410302699540064_8042200464052907834_n-502x600.jpg","author_info":{"display_name":"","author_link":"https:\/\/www.treatwell.es/in-the-glow\/author\/"},"_links":{"self":[{"href":"https:\/\/www.treatwell.es\/in-the-glow\/wp-json\/wp\/v2\/posts\/28794","targetHints":{"allow":["GET"]}}],"collection":[{"href":"https:\/\/www.treatwell.es\/in-the-glow\/wp-json\/wp\/v2\/posts"}],"about":[{"href":"https:\/\/www.treatwell.es\/in-the-glow\/wp-json\/wp\/v2\/types\/post"}],"author":[{"embeddable":true,"href":"https:\/\/www.treatwell.es\/in-the-glow\/wp-json\/wp\/v2\/users\/3319"}],"replies":[{"embeddable":true,"href":"https:\/\/www.treatwell.es\/in-the-glow\/wp-json\/wp\/v2\/comments?post=28794"}],"version-history":[{"count":0,"href":"https:\/\/www.treatwell.es\/in-the-glow\/wp-json\/wp\/v2\/posts\/28794\/revisions"}],"wp:featuredmedia":[{"embeddable":true,"href":"https:\/\/www.treatwell.es\/in-the-glow\/wp-json\/wp\/v2\/media\/28801"}],"wp:attachment":[{"href":"https:\/\/www.treatwell.es\/in-the-glow\/wp-json\/wp\/v2\/media?parent=28794"}],"wp:term":[{"taxonomy":"category","embeddable":true,"href":"https:\/\/www.treatwell.es\/in-the-glow\/wp-json\/wp\/v2\/categories?post=28794"},{"taxonomy":"post_tag","embeddable":true,"href":"https:\/\/www.treatwell.es\/in-the-glow\/wp-json\/wp\/v2\/tags?post=28794"}],"curies":[{"name":"wp","href":"https:\/\/api.w.org\/{rel}","templated":true}]}}