{"id":29165,"date":"2019-04-04T17:03:25","date_gmt":"2019-04-04T15:03:25","guid":{"rendered":"https:\/\/www.treatwell.es\/in-the-glow\/?p=22801"},"modified":"2025-12-15T23:54:15","modified_gmt":"2025-12-15T22:54:15","slug":"el-nail-art-que-tus-unas-quieren-llevar-esta-primavera","status":"publish","type":"post","link":"https:\/\/www.treatwell.es/in-the-glow\/el-nail-art-que-tus-unas-quieren-llevar-esta-primavera\/","title":{"rendered":"El nail art que tus u\u00f1as quieren llevar esta primavera"},"content":{"rendered":"<p><span style=\"font-weight: 400\">Si la primavera la sangre altera, \u00a1que nos pille con las u\u00f1as hechas! S\u00ed, nos encanta esta \u00e9poca del a\u00f1o (por si no se nota), y m\u00e1s despu\u00e9s de ver las tendencias de nail art que lo est\u00e1n petando. <\/span><\/p>\n<p><span style=\"font-weight: 400\">\u00bfQue por qu\u00e9 estamos tan emocionadas? Pues, como buenas fans del brilli brilli que somos, necesitamos escribirlo en may\u00fascula: \u00a1LAS U\u00d1AS METALIZADAS est\u00e1n casi m\u00e1s de moda esta primavera que <a href=\"https:\/\/www.treatwell.es\/in-the-glow\/maria-pedraza-peinado-ideal\/\">Mar\u00eda Pedraza<\/a>! Hip hip hurra, el brillo lleg\u00f3 para quedarse. <\/span><\/p>\n<p><span style=\"font-weight: 400\">Y eso no es todo. \u00bfOs acord\u00e1is de las <em><a href=\"https:\/\/www.treatwell.es\/in-the-glow\/orbit-nails-tus-unas-quieren-esta-nueva-manicura-y-lo-sabes\/\">orbit nails<\/a><\/em>? Pues siguen pet\u00e1ndolo en la \u00f3rbita terrestre (s\u00ed, nos encantan los juegos de palabras). <\/span><span style=\"font-weight: 400\">Aunque, si eres de las que &#8220;les gusta innovar pero no mucho&#8221;, tus u\u00f1as perfectas para esta primavera son las de efecto mezclado, ya sea con dos colores o con un toque difuminado \u00a1imposible no lucirlas al caloret! <\/span><\/p>\n<p><span style=\"font-weight: 400\">Adem\u00e1s, para darle ese toquecito final, aunque casi todos los colores se pueden combinar de maravilla con estas tendencias, te recomendamos lanzarte a la piscina con el <\/span><a href=\"https:\/\/www.treatwell.es\/in-the-glow\/living-coral-pantone-2019\/\"><span style=\"font-weight: 400\">living coral<\/span><\/a><span style=\"font-weight: 400\">, que es el color de tendencia, o con el <\/span><a href=\"https:\/\/www.treatwell.es\/in-the-glow\/color-verde-unas-primavera\/\"><span style=\"font-weight: 400\">verde, que te quiero verde!<\/span><\/a><span style=\"font-weight: 400\"> \u00a0\u00a0\u00a0\u00a0<\/span><\/p>\n<p><span style=\"font-weight: 400\">Y recuerda que, vayas donde vayas, \u00a1<a href=\"https:\/\/www.treatwell.es\/in-the-glow\/todo-sobre-las-unas-de-gel\/\">las u\u00f1as de gel no fallan<\/a>! As\u00ed que, si quieres, siempre puedes recurrir a estos distintos tipos de nail art con las <a href=\"https:\/\/www.treatwell.es\/in-the-glow\/rosalia-su-amor-unas-xxl\/\">u\u00f1as favoritas de Rosal\u00eda<\/a> de base; sensaci\u00f3n vas a causar seguro, <\/span><i><span style=\"font-weight: 400\">tra tra<\/span><\/i><span style=\"font-weight: 400\">. <\/span><\/p>\n<div class=\"schema-faq wp-block-yoast-faq-block\">\n<div class=\"schema-faq-section\" id=\"faq-question-1765838068480\">\n<h3 class=\"schema-faq-question\">\u00bfCu\u00e1les son las tendencias de nail art m\u00e1s populares para primavera?<\/h3>\n<p class=\"schema-faq-answer\">Las u\u00f1as metalizadas y las orbit nails destacan como las tendencias m\u00e1s buscadas esta primavera. Si prefieres un estilo m\u00e1s discreto, apuesta por el efecto mezclado usando dos colores o un toque difuminado para un look moderno y llamativo.<\/div>\n<div class=\"schema-faq-section\" id=\"faq-question-1765838068481\">\n<h3 class=\"schema-faq-question\">\u00bfQu\u00e9 colores de esmalte combinan mejor con las tendencias actuales?<\/h3>\n<p class=\"schema-faq-answer\">El living coral y el verde son los colores estrella que mejor combinan con las tendencias de nail art esta temporada. Ambos tonos aportan frescura y aseguran que tus u\u00f1as luzcan impecables durante toda la primavera.<\/div>\n<div class=\"schema-faq-section\" id=\"faq-question-1765838068482\">\n<h3 class=\"schema-faq-question\">\u00bfC\u00f3mo conseguir un acabado duradero con las tendencias de u\u00f1as?<\/h3>\n<p class=\"schema-faq-answer\">Las u\u00f1as de gel son la mejor base para lograr un acabado impecable y una mayor duraci\u00f3n en cualquier dise\u00f1o de nail art. Reserva tu cita para asegurar que el estilo se mantenga perfecto y facilite lucir las tendencias que prefieras.<\/div>\n<div class=\"schema-faq-section\" id=\"faq-question-1765838068483\">\n<h3 class=\"schema-faq-question\">\u00bfQu\u00e9 opciones existen si quiero innovar pero mantener un estilo sencillo?<\/h3>\n<p class=\"schema-faq-answer\">Elige el efecto mezclado combinando dos colores o dando un toque difuminado a tus u\u00f1as para lograr innovaci\u00f3n sin perder discreci\u00f3n. Esta opci\u00f3n es ideal para quienes buscan una actualizaci\u00f3n sutil, perfecta para los d\u00edas de calor.<\/div>\n<div class=\"schema-faq-section\" id=\"faq-question-1765838068484\">\n<h3 class=\"schema-faq-question\">\u00bfEs posible lucir las u\u00f1as favoritas de influencers con estos estilos?<\/h3>\n<p class=\"schema-faq-answer\">S\u00ed, puedes adaptar cualquier tendencia a las u\u00f1as favoritas de Rosal\u00eda utilizando la base de gel para conseguir un look llamativo y \u00fanico. Insp\u00edrate en sus dise\u00f1os XXL para causar sensaci\u00f3n y destacar con estilo propio.<\/div>\n<\/p><\/div>\n","protected":false},"excerpt":{"rendered":"<p>Si la primavera la sangre altera, \u00a1que nos pille con las u\u00f1as hechas! S\u00ed, nos encanta esta \u00e9poca del a\u00f1o (por si no se nota), y m\u00e1s despu\u00e9s de ver las tendencias de nail art que lo est\u00e1n petando. \u00bfQue por qu\u00e9 estamos tan emocionadas? Pues, como buenas fans del brilli brilli que somos, necesitamos [&hellip;]<\/p>\n","protected":false},"author":3319,"featured_media":29185,"comment_status":"closed","ping_status":"closed","sticky":false,"template":"","format":"standard","meta":{"_acf_changed":false,"_yoast_wpseo_title":"Tendencias u\u00f1as primavera: brillos y colores top | Treatwell","_yoast_wpseo_metadesc":"Descubre las tendencias en u\u00f1as para primavera: metalizadas, orbit nails y mezclas de colores. Atr\u00e9vete con el living coral o verde y luce manicura perfecta.","_genesis_hide_title":false,"_genesis_hide_breadcrumbs":false,"_genesis_hide_singular_image":false,"_genesis_hide_footer_widgets":false,"_genesis_custom_body_class":"","_genesis_custom_post_class":"","_genesis_layout":"","saswp_custom_schema_field":"{\"@context\":\"https:\/\/schema.org\",\"@type\":\"FAQPage\",\"mainEntity\":[{\"@type\":\"Question\",\"name\":\"\u00bfCu\u00e1les son las tendencias de nail art m\u00e1s populares para primavera?\",\"acceptedAnswer\":{\"@type\":\"Answer\",\"text\":\"Las u\u00f1as metalizadas y las orbit nails destacan como las tendencias m\u00e1s buscadas esta primavera. Si prefieres un estilo m\u00e1s discreto, apuesta por el efecto mezclado usando dos colores o un toque difuminado para un look moderno y llamativo.\"}},{\"@type\":\"Question\",\"name\":\"\u00bfQu\u00e9 colores de esmalte combinan mejor con las tendencias actuales?\",\"acceptedAnswer\":{\"@type\":\"Answer\",\"text\":\"El living coral y el verde son los colores estrella que mejor combinan con las tendencias de nail art esta temporada. Ambos tonos aportan frescura y aseguran que tus u\u00f1as luzcan impecables durante toda la primavera.\"}},{\"@type\":\"Question\",\"name\":\"\u00bfC\u00f3mo conseguir un acabado duradero con las tendencias de u\u00f1as?\",\"acceptedAnswer\":{\"@type\":\"Answer\",\"text\":\"Las u\u00f1as de gel son la mejor base para lograr un acabado impecable y una mayor duraci\u00f3n en cualquier dise\u00f1o de nail art. Reserva tu cita para asegurar que el estilo se mantenga perfecto y facilite lucir las tendencias que prefieras.\"}},{\"@type\":\"Question\",\"name\":\"\u00bfQu\u00e9 opciones existen si quiero innovar pero mantener un estilo sencillo?\",\"acceptedAnswer\":{\"@type\":\"Answer\",\"text\":\"Elige el efecto mezclado combinando dos colores o dando un toque difuminado a tus u\u00f1as para lograr innovaci\u00f3n sin perder discreci\u00f3n. Esta opci\u00f3n es ideal para quienes buscan una actualizaci\u00f3n sutil, perfecta para los d\u00edas de calor.\"}},{\"@type\":\"Question\",\"name\":\"\u00bfEs posible lucir las u\u00f1as favoritas de influencers con estos estilos?\",\"acceptedAnswer\":{\"@type\":\"Answer\",\"text\":\"S\u00ed, puedes adaptar cualquier tendencia a las u\u00f1as favoritas de Rosal\u00eda utilizando la base de gel para conseguir un look llamativo y \u00fanico. Insp\u00edrate en sus dise\u00f1os XXL para causar sensaci\u00f3n y destacar con estilo propio.\"}}]}","footnotes":""},"categories":[2],"tags":[],"class_list":{"0":"post-29165","1":"post","2":"type-post","3":"status-publish","4":"format-standard","5":"has-post-thumbnail","7":"category-tendencias","8":"entry"},"acf":{"post_credits":"Cr\u00e9ditos de las im\u00e1genes: Instagram de: @layna_lima_, @justimaginenails, @carlaviladicarpio, @nailsmade, @nail_unistella, @silvinapaludi, @deimmu, @sohotrigtnail, @nailcosmos","beauty_blog_post_button_title":"\u00a1A POR TUS NUEVAS U\u00d1AS!","beauty_blog_post_button":"https:\/\/www.treatwell.es\/establecimientos\/servicios-grupo-unas\/oferta-tipo-local\/en-es\/","landscape_picture":29184,"blocks":[{"block_title":"","block_content":"","video_content":"","block_picture":29166},{"block_title":"","block_content":"","video_content":"","block_picture":29167},{"block_title":"","block_content":"","video_content":"","block_picture":29168},{"block_title":"","block_content":"","video_content":"","block_picture":29169},{"block_title":"","block_content":"","video_content":"","block_picture":29170},{"block_title":"","block_content":"","video_content":"","block_picture":29171},{"block_title":"","block_content":"","video_content":"","block_picture":29172},{"block_title":"","block_content":"","video_content":"","block_picture":29173},{"block_title":"","block_content":"","video_content":"","block_picture":29174},{"block_title":"","block_content":"","video_content":"","block_picture":29175},{"block_title":"","block_content":"","video_content":"","block_picture":29176},{"block_title":"","block_content":"","video_content":"","block_picture":29177},{"block_title":"","block_content":"","video_content":"","block_picture":29178},{"block_title":"","block_content":"","video_content":"","block_picture":29179},{"block_title":"","block_content":"","video_content":"","block_picture":29180},{"block_title":"","block_content":"","video_content":"","block_picture":29181},{"block_title":"","block_content":"","video_content":"","block_picture":29182},{"block_title":"","block_content":"","video_content":"","block_picture":29183}]},"yoast_head":"<!-- This site is optimized with the Yoast SEO plugin v27.4 - https:\/\/yoast.com\/product\/yoast-seo-wordpress\/ -->\n<title>Tendencias u\u00f1as primavera: brillos y colores top | Treatwell<\/title>\n<meta name=\"description\" content=\"Descubre las tendencias en u\u00f1as para primavera: metalizadas, orbit nails y mezclas de colores. Atr\u00e9vete con el living coral o verde y luce manicura perfecta.\" \/>\n<meta name=\"robots\" content=\"index, follow, max-snippet:-1, max-image-preview:large, max-video-preview:-1\" \/>\n<link rel=\"canonical\" href=\"https:\/\/www.treatwell.es/in-the-glow\/el-nail-art-que-tus-unas-quieren-llevar-esta-primavera\/\" \/>\n<meta property=\"og:locale\" content=\"es_ES\" \/>\n<meta property=\"og:type\" content=\"article\" \/>\n<meta property=\"og:title\" content=\"Tendencias u\u00f1as primavera: brillos y colores top | Treatwell\" \/>\n<meta property=\"og:description\" content=\"Descubre las tendencias en u\u00f1as para primavera: metalizadas, orbit nails y mezclas de colores. Atr\u00e9vete con el living coral o verde y luce manicura perfecta.\" \/>\n<meta property=\"og:url\" content=\"https:\/\/www.treatwell.es/in-the-glow\/el-nail-art-que-tus-unas-quieren-llevar-esta-primavera\/\" \/>\n<meta property=\"og:site_name\" content=\"In The Glow\" \/>\n<meta property=\"article:published_time\" content=\"2019-04-04T15:03:25+00:00\" \/>\n<meta property=\"article:modified_time\" content=\"2025-12-15T22:54:15+00:00\" \/>\n<meta property=\"og:image\" content=\"https:\/\/www.treatwell.es/in-the-glow\/wp-content\/uploads\/sites\/10\/2022\/03\/carlaviladicarpio_52856443_415656382502416_3459324691060531899_n.jpg\" \/>\n\t<meta property=\"og:image:width\" content=\"504\" \/>\n\t<meta property=\"og:image:height\" content=\"628\" \/>\n\t<meta property=\"og:image:type\" content=\"image\/jpeg\" \/>\n<meta name=\"twitter:card\" content=\"summary_large_image\" \/>\n<meta name=\"twitter:label1\" content=\"Escrito por\" \/>\n\t<meta name=\"twitter:data1\" content=\"\" \/>\n\t<meta name=\"twitter:label2\" content=\"Tiempo de lectura\" \/>\n\t<meta name=\"twitter:data2\" content=\"3 minutos\" \/>\n<script type=\"application\/ld+json\" class=\"yoast-schema-graph\">{\"@context\":\"https:\\\/\\\/schema.org\",\"@graph\":[{\"@type\":\"Article\",\"@id\":\"https:\\\/\\\/www.treatwell.es/in-the-glow\\\/el-nail-art-que-tus-unas-quieren-llevar-esta-primavera\\\/#article\",\"isPartOf\":{\"@id\":\"https:\\\/\\\/www.treatwell.es/in-the-glow\\\/el-nail-art-que-tus-unas-quieren-llevar-esta-primavera\\\/\"},\"author\":{\"name\":\"\",\"@id\":\"\"},\"headline\":\"El nail art que tus u\u00f1as quieren llevar esta primavera\",\"datePublished\":\"2019-04-04T15:03:25+00:00\",\"dateModified\":\"2025-12-15T22:54:15+00:00\",\"mainEntityOfPage\":{\"@id\":\"https:\\\/\\\/www.treatwell.es/in-the-glow\\\/el-nail-art-que-tus-unas-quieren-llevar-esta-primavera\\\/\"},\"wordCount\":520,\"publisher\":{\"@id\":\"https:\\\/\\\/www.treatwell.es/in-the-glow\\\/#organization\"},\"image\":{\"@id\":\"https:\\\/\\\/www.treatwell.es/in-the-glow\\\/el-nail-art-que-tus-unas-quieren-llevar-esta-primavera\\\/#primaryimage\"},\"thumbnailUrl\":\"https:\\\/\\\/www.treatwell.es/in-the-glow\\\/wp-content\\\/uploads\\\/sites\\\/10\\\/2022\\\/03\\\/carlaviladicarpio_52856443_415656382502416_3459324691060531899_n.jpg\",\"articleSection\":[\"Tendencias\"],\"inLanguage\":\"es\"},{\"@type\":\"WebPage\",\"@id\":\"https:\\\/\\\/www.treatwell.es/in-the-glow\\\/el-nail-art-que-tus-unas-quieren-llevar-esta-primavera\\\/\",\"url\":\"https:\\\/\\\/www.treatwell.es/in-the-glow\\\/el-nail-art-que-tus-unas-quieren-llevar-esta-primavera\\\/\",\"name\":\"Tendencias u\u00f1as primavera: brillos y colores top | Treatwell\",\"isPartOf\":{\"@id\":\"https:\\\/\\\/www.treatwell.es/in-the-glow\\\/#website\"},\"primaryImageOfPage\":{\"@id\":\"https:\\\/\\\/www.treatwell.es/in-the-glow\\\/el-nail-art-que-tus-unas-quieren-llevar-esta-primavera\\\/#primaryimage\"},\"image\":{\"@id\":\"https:\\\/\\\/www.treatwell.es/in-the-glow\\\/el-nail-art-que-tus-unas-quieren-llevar-esta-primavera\\\/#primaryimage\"},\"thumbnailUrl\":\"https:\\\/\\\/www.treatwell.es/in-the-glow\\\/wp-content\\\/uploads\\\/sites\\\/10\\\/2022\\\/03\\\/carlaviladicarpio_52856443_415656382502416_3459324691060531899_n.jpg\",\"datePublished\":\"2019-04-04T15:03:25+00:00\",\"dateModified\":\"2025-12-15T22:54:15+00:00\",\"description\":\"Descubre las tendencias en u\u00f1as para primavera: metalizadas, orbit nails y mezclas de colores. Atr\u00e9vete con el living coral o verde y luce manicura perfecta.\",\"breadcrumb\":{\"@id\":\"https:\\\/\\\/www.treatwell.es/in-the-glow\\\/el-nail-art-que-tus-unas-quieren-llevar-esta-primavera\\\/#breadcrumb\"},\"inLanguage\":\"es\",\"potentialAction\":[{\"@type\":\"ReadAction\",\"target\":[\"https:\\\/\\\/www.treatwell.es/in-the-glow\\\/el-nail-art-que-tus-unas-quieren-llevar-esta-primavera\\\/\"]}]},{\"@type\":\"ImageObject\",\"inLanguage\":\"es\",\"@id\":\"https:\\\/\\\/www.treatwell.es/in-the-glow\\\/el-nail-art-que-tus-unas-quieren-llevar-esta-primavera\\\/#primaryimage\",\"url\":\"https:\\\/\\\/www.treatwell.es/in-the-glow\\\/wp-content\\\/uploads\\\/sites\\\/10\\\/2022\\\/03\\\/carlaviladicarpio_52856443_415656382502416_3459324691060531899_n.jpg\",\"contentUrl\":\"https:\\\/\\\/www.treatwell.es/in-the-glow\\\/wp-content\\\/uploads\\\/sites\\\/10\\\/2022\\\/03\\\/carlaviladicarpio_52856443_415656382502416_3459324691060531899_n.jpg\",\"width\":504,\"height\":628},{\"@type\":\"BreadcrumbList\",\"@id\":\"https:\\\/\\\/www.treatwell.es/in-the-glow\\\/el-nail-art-que-tus-unas-quieren-llevar-esta-primavera\\\/#breadcrumb\",\"itemListElement\":[{\"@type\":\"ListItem\",\"position\":1,\"name\":\"Home\",\"item\":\"https:\\\/\\\/www.treatwell.es/in-the-glow\\\/\"},{\"@type\":\"ListItem\",\"position\":2,\"name\":\"Tendencias\",\"item\":\"https:\\\/\\\/www.treatwell.es/in-the-glow\\\/tendencias\\\/\"},{\"@type\":\"ListItem\",\"position\":3,\"name\":\"El nail art que tus u\u00f1as quieren llevar esta primavera\"}]},{\"@type\":\"WebSite\",\"@id\":\"https:\\\/\\\/www.treatwell.es/in-the-glow\\\/#website\",\"url\":\"https:\\\/\\\/www.treatwell.es/in-the-glow\\\/\",\"name\":\"In The Glow\",\"description\":\"Belleza. Pelo. Lifestyle.\",\"publisher\":{\"@id\":\"https:\\\/\\\/www.treatwell.es/in-the-glow\\\/#organization\"},\"potentialAction\":[{\"@type\":\"SearchAction\",\"target\":{\"@type\":\"EntryPoint\",\"urlTemplate\":\"https:\\\/\\\/www.treatwell.es/in-the-glow\\\/?s={search_term_string}\"},\"query-input\":{\"@type\":\"PropertyValueSpecification\",\"valueRequired\":true,\"valueName\":\"search_term_string\"}}],\"inLanguage\":\"es\"},{\"@type\":\"Organization\",\"@id\":\"https:\\\/\\\/www.treatwell.es/in-the-glow\\\/#organization\",\"name\":\"Treatwell\",\"url\":\"https:\\\/\\\/www.treatwell.es/in-the-glow\\\/\",\"logo\":{\"@type\":\"ImageObject\",\"inLanguage\":\"es\",\"@id\":\"https:\\\/\\\/www.treatwell.es/in-the-glow\\\/#\\\/schema\\\/logo\\\/image\\\/\",\"url\":\"https:\\\/\\\/www.treatwell.es/in-the-glow\\\/wp-content\\\/uploads\\\/sites\\\/10\\\/2022\\\/03\\\/logo_treatwell.png\",\"contentUrl\":\"https:\\\/\\\/www.treatwell.es/in-the-glow\\\/wp-content\\\/uploads\\\/sites\\\/10\\\/2022\\\/03\\\/logo_treatwell.png\",\"width\":889,\"height\":164,\"caption\":\"Treatwell\"},\"image\":{\"@id\":\"https:\\\/\\\/www.treatwell.es/in-the-glow\\\/#\\\/schema\\\/logo\\\/image\\\/\"}},{\"@type\":\"Person\",\"@id\":\"\",\"url\":\"https:\\\/\\\/www.treatwell.es/in-the-glow\\\/author\\\/\"}]}<\/script>\n<!-- \/ Yoast SEO plugin. -->","yoast_head_json":{"title":"Tendencias u\u00f1as primavera: brillos y colores top | Treatwell","description":"Descubre las tendencias en u\u00f1as para primavera: metalizadas, orbit nails y mezclas de colores. Atr\u00e9vete con el living coral o verde y luce manicura perfecta.","robots":{"index":"index","follow":"follow","max-snippet":"max-snippet:-1","max-image-preview":"max-image-preview:large","max-video-preview":"max-video-preview:-1"},"canonical":"https:\/\/www.treatwell.es/in-the-glow\/el-nail-art-que-tus-unas-quieren-llevar-esta-primavera\/","og_locale":"es_ES","og_type":"article","og_title":"Tendencias u\u00f1as primavera: brillos y colores top | Treatwell","og_description":"Descubre las tendencias en u\u00f1as para primavera: metalizadas, orbit nails y mezclas de colores. Atr\u00e9vete con el living coral o verde y luce manicura perfecta.","og_url":"https:\/\/www.treatwell.es/in-the-glow\/el-nail-art-que-tus-unas-quieren-llevar-esta-primavera\/","og_site_name":"In The Glow","article_published_time":"2019-04-04T15:03:25+00:00","article_modified_time":"2025-12-15T22:54:15+00:00","og_image":[{"width":504,"height":628,"url":"https:\/\/www.treatwell.es/in-the-glow\/wp-content\/uploads\/sites\/10\/2022\/03\/carlaviladicarpio_52856443_415656382502416_3459324691060531899_n.jpg","type":"image\/jpeg"}],"twitter_card":"summary_large_image","twitter_misc":{"Escrito por":"","Tiempo de lectura":"3 minutos"},"schema":{"@context":"https:\/\/schema.org","@graph":[{"@type":"Article","@id":"https:\/\/www.treatwell.es/in-the-glow\/el-nail-art-que-tus-unas-quieren-llevar-esta-primavera\/#article","isPartOf":{"@id":"https:\/\/www.treatwell.es/in-the-glow\/el-nail-art-que-tus-unas-quieren-llevar-esta-primavera\/"},"author":{"name":"","@id":""},"headline":"El nail art que tus u\u00f1as quieren llevar esta primavera","datePublished":"2019-04-04T15:03:25+00:00","dateModified":"2025-12-15T22:54:15+00:00","mainEntityOfPage":{"@id":"https:\/\/www.treatwell.es/in-the-glow\/el-nail-art-que-tus-unas-quieren-llevar-esta-primavera\/"},"wordCount":520,"publisher":{"@id":"https:\/\/www.treatwell.es/in-the-glow\/#organization"},"image":{"@id":"https:\/\/www.treatwell.es/in-the-glow\/el-nail-art-que-tus-unas-quieren-llevar-esta-primavera\/#primaryimage"},"thumbnailUrl":"https:\/\/www.treatwell.es/in-the-glow\/wp-content\/uploads\/sites\/10\/2022\/03\/carlaviladicarpio_52856443_415656382502416_3459324691060531899_n.jpg","articleSection":["Tendencias"],"inLanguage":"es"},{"@type":"WebPage","@id":"https:\/\/www.treatwell.es/in-the-glow\/el-nail-art-que-tus-unas-quieren-llevar-esta-primavera\/","url":"https:\/\/www.treatwell.es/in-the-glow\/el-nail-art-que-tus-unas-quieren-llevar-esta-primavera\/","name":"Tendencias u\u00f1as primavera: brillos y colores top | Treatwell","isPartOf":{"@id":"https:\/\/www.treatwell.es/in-the-glow\/#website"},"primaryImageOfPage":{"@id":"https:\/\/www.treatwell.es/in-the-glow\/el-nail-art-que-tus-unas-quieren-llevar-esta-primavera\/#primaryimage"},"image":{"@id":"https:\/\/www.treatwell.es/in-the-glow\/el-nail-art-que-tus-unas-quieren-llevar-esta-primavera\/#primaryimage"},"thumbnailUrl":"https:\/\/www.treatwell.es/in-the-glow\/wp-content\/uploads\/sites\/10\/2022\/03\/carlaviladicarpio_52856443_415656382502416_3459324691060531899_n.jpg","datePublished":"2019-04-04T15:03:25+00:00","dateModified":"2025-12-15T22:54:15+00:00","description":"Descubre las tendencias en u\u00f1as para primavera: metalizadas, orbit nails y mezclas de colores. Atr\u00e9vete con el living coral o verde y luce manicura perfecta.","breadcrumb":{"@id":"https:\/\/www.treatwell.es/in-the-glow\/el-nail-art-que-tus-unas-quieren-llevar-esta-primavera\/#breadcrumb"},"inLanguage":"es","potentialAction":[{"@type":"ReadAction","target":["https:\/\/www.treatwell.es/in-the-glow\/el-nail-art-que-tus-unas-quieren-llevar-esta-primavera\/"]}]},{"@type":"ImageObject","inLanguage":"es","@id":"https:\/\/www.treatwell.es/in-the-glow\/el-nail-art-que-tus-unas-quieren-llevar-esta-primavera\/#primaryimage","url":"https:\/\/www.treatwell.es/in-the-glow\/wp-content\/uploads\/sites\/10\/2022\/03\/carlaviladicarpio_52856443_415656382502416_3459324691060531899_n.jpg","contentUrl":"https:\/\/www.treatwell.es/in-the-glow\/wp-content\/uploads\/sites\/10\/2022\/03\/carlaviladicarpio_52856443_415656382502416_3459324691060531899_n.jpg","width":504,"height":628},{"@type":"BreadcrumbList","@id":"https:\/\/www.treatwell.es/in-the-glow\/el-nail-art-que-tus-unas-quieren-llevar-esta-primavera\/#breadcrumb","itemListElement":[{"@type":"ListItem","position":1,"name":"Home","item":"https:\/\/www.treatwell.es/in-the-glow\/"},{"@type":"ListItem","position":2,"name":"Tendencias","item":"https:\/\/www.treatwell.es/in-the-glow\/tendencias\/"},{"@type":"ListItem","position":3,"name":"El nail art que tus u\u00f1as quieren llevar esta primavera"}]},{"@type":"WebSite","@id":"https:\/\/www.treatwell.es/in-the-glow\/#website","url":"https:\/\/www.treatwell.es/in-the-glow\/","name":"In The Glow","description":"Belleza. Pelo. Lifestyle.","publisher":{"@id":"https:\/\/www.treatwell.es/in-the-glow\/#organization"},"potentialAction":[{"@type":"SearchAction","target":{"@type":"EntryPoint","urlTemplate":"https:\/\/www.treatwell.es/in-the-glow\/?s={search_term_string}"},"query-input":{"@type":"PropertyValueSpecification","valueRequired":true,"valueName":"search_term_string"}}],"inLanguage":"es"},{"@type":"Organization","@id":"https:\/\/www.treatwell.es/in-the-glow\/#organization","name":"Treatwell","url":"https:\/\/www.treatwell.es/in-the-glow\/","logo":{"@type":"ImageObject","inLanguage":"es","@id":"https:\/\/www.treatwell.es/in-the-glow\/#\/schema\/logo\/image\/","url":"https:\/\/www.treatwell.es/in-the-glow\/wp-content\/uploads\/sites\/10\/2022\/03\/logo_treatwell.png","contentUrl":"https:\/\/www.treatwell.es/in-the-glow\/wp-content\/uploads\/sites\/10\/2022\/03\/logo_treatwell.png","width":889,"height":164,"caption":"Treatwell"},"image":{"@id":"https:\/\/www.treatwell.es/in-the-glow\/#\/schema\/logo\/image\/"}},{"@type":"Person","@id":"","url":"https:\/\/www.treatwell.es/in-the-glow\/author\/"}]}},"featured_image_src":"https:\/\/www.treatwell.es/in-the-glow\/wp-content\/uploads\/sites\/10\/2022\/03\/carlaviladicarpio_52856443_415656382502416_3459324691060531899_n-504x400.jpg","featured_image_src_square":"https:\/\/www.treatwell.es/in-the-glow\/wp-content\/uploads\/sites\/10\/2022\/03\/carlaviladicarpio_52856443_415656382502416_3459324691060531899_n-504x600.jpg","author_info":{"display_name":"","author_link":"https:\/\/www.treatwell.es/in-the-glow\/author\/"},"_links":{"self":[{"href":"https:\/\/www.treatwell.es\/in-the-glow\/wp-json\/wp\/v2\/posts\/29165","targetHints":{"allow":["GET"]}}],"collection":[{"href":"https:\/\/www.treatwell.es\/in-the-glow\/wp-json\/wp\/v2\/posts"}],"about":[{"href":"https:\/\/www.treatwell.es\/in-the-glow\/wp-json\/wp\/v2\/types\/post"}],"author":[{"embeddable":true,"href":"https:\/\/www.treatwell.es\/in-the-glow\/wp-json\/wp\/v2\/users\/3319"}],"replies":[{"embeddable":true,"href":"https:\/\/www.treatwell.es\/in-the-glow\/wp-json\/wp\/v2\/comments?post=29165"}],"version-history":[{"count":0,"href":"https:\/\/www.treatwell.es\/in-the-glow\/wp-json\/wp\/v2\/posts\/29165\/revisions"}],"wp:featuredmedia":[{"embeddable":true,"href":"https:\/\/www.treatwell.es\/in-the-glow\/wp-json\/wp\/v2\/media\/29185"}],"wp:attachment":[{"href":"https:\/\/www.treatwell.es\/in-the-glow\/wp-json\/wp\/v2\/media?parent=29165"}],"wp:term":[{"taxonomy":"category","embeddable":true,"href":"https:\/\/www.treatwell.es\/in-the-glow\/wp-json\/wp\/v2\/categories?post=29165"},{"taxonomy":"post_tag","embeddable":true,"href":"https:\/\/www.treatwell.es\/in-the-glow\/wp-json\/wp\/v2\/tags?post=29165"}],"curies":[{"name":"wp","href":"https:\/\/api.w.org\/{rel}","templated":true}]}}