{"id":29317,"date":"2019-04-29T14:04:12","date_gmt":"2019-04-29T12:04:12","guid":{"rendered":"https:\/\/www.treatwell.es\/in-the-glow\/?p=23201"},"modified":"2025-12-16T12:36:09","modified_gmt":"2025-12-16T11:36:09","slug":"5-peinados-para-caras-alargadas","status":"publish","type":"post","link":"https:\/\/www.treatwell.es/in-the-glow\/5-peinados-para-caras-alargadas\/","title":{"rendered":"5 peinados para caras alargadas"},"content":{"rendered":"<p><span style=\"font-weight: 400\">D\u00ednos qu\u00e9 forma de cara tienes y te diremos qu\u00e9 peinado te puede favorecer. Y es que, <\/span><a href=\"https:\/\/www.treatwell.es\/in-the-glow\/que-corte-de-pelo-va-mejor-contigo\/\"><span style=\"font-weight: 400\">para cada rostro hay un corte de pelo<\/span><\/a><span style=\"font-weight: 400\">, amiga. Por ejemplo, el efecto de un <\/span><a href=\"https:\/\/www.treatwell.es\/in-the-glow\/5-peinados-para-caras-redondas\/\"><span style=\"font-weight: 400\">peinado en una cara redonda<\/span><\/a><span style=\"font-weight: 400\"> no es el mismo que una cara alargada, pero eh (redoble de tambores) \u00a1hay lookazos para todas! <\/span><\/p>\n<p><span style=\"font-weight: 400\">\u201cPero, \u00bfy si no me gusta el nuevo look?\u201d S\u00ed, sabemos que todo lo relacionado con el pelo da un poquito de miedo\u2026 \u00a1pero la vida es pa\u2019 valientes! Adem\u00e1s, \u00a1el pelo crece! <\/span><\/p>\n<p><span style=\"font-weight: 400\">Y como quien no arriesga no gana, te dejamos 5 peinados perfectos para caras m\u00e1s alargaditas. <\/span><\/p>\n<div class=\"schema-faq wp-block-yoast-faq-block\"><\/div>\n","protected":false},"excerpt":{"rendered":"<p>D\u00ednos qu\u00e9 forma de cara tienes y te diremos qu\u00e9 peinado te puede favorecer. Y es que, para cada rostro hay un corte de pelo, amiga. Por ejemplo, el efecto de un peinado en una cara redonda no es el mismo que una cara alargada, pero eh (redoble de tambores) \u00a1hay lookazos para todas! \u201cPero, [&hellip;]<\/p>\n","protected":false},"author":3319,"featured_media":29324,"comment_status":"closed","ping_status":"closed","sticky":false,"template":"","format":"standard","meta":{"_acf_changed":false,"_yoast_wpseo_title":"Peinados para caras alargadas: 5 looks que favorecen | Treatwell","_yoast_wpseo_metadesc":"Descubre los mejores peinados para caras alargadas: pixie, flequillo, corte bob, rizos y m\u00e1s. Consejos para elegir el look que m\u00e1s te favorece seg\u00fan tu rostro.","_genesis_hide_title":false,"_genesis_hide_breadcrumbs":false,"_genesis_hide_singular_image":false,"_genesis_hide_footer_widgets":false,"_genesis_custom_body_class":"","_genesis_custom_post_class":"","_genesis_layout":"","saswp_custom_schema_field":"","footnotes":""},"categories":[4],"tags":[8,27],"class_list":{"0":"post-29317","1":"post","2":"type-post","3":"status-publish","4":"format-standard","5":"has-post-thumbnail","7":"category-beauty","8":"tag-vt10","9":"tag-tt6","10":"entry"},"acf":{"post_credits":"Shutterstock e Instagram de @jourdandunn, @pazvegaofficial, @bellahadid, @anja_rubik, @saracarbonero","beauty_blog_post_button_title":"","beauty_blog_post_button":"","landscape_picture":29323,"blocks":[{"block_title":"Pixie, pixie, pixie","block_content":"<p>La verdad es que este peinado es un todoterreno, y no lo decimos solamente porque seamos super hiper mega fans de este look (que tambi&eacute;n). Sea con el flequillo que sea, el pixie es un corte que favorece por naturaleza, pero si tienes la cara alargada, un flequillo tupido le da el toquecillo ese de: &iexcl;wow! Y es que, ayuda a acordar las facciones m&aacute;s alargaditas.<\/p>\n","video_content":"","block_picture":29318},{"block_title":"La raya... \u00a1intermedia!","block_content":"<p>Ni en medio ni en un lao, &iexcl;amiga! Si llevas el pelo larguito, lo ideal es dejar la raya a una zona intermedia. &iexcl;Le da un toque casual que nos encanta! Y si lo combinas con capas&hellip; &iexcl;melenaza!<\/p>\n","video_content":"","block_picture":29319},{"block_title":"Flequillo por aqu\u00ed, flequillo por all\u00e1","block_content":"<p>Definitivamente, el flequillo ideal para las caras alargadas es el tupido, sino, que se lo digan a Bella Hadid. Y es que, al anular por completo la visibilidad de la frente, el rasgo se redondea. &iexcl;Nos encanta!<\/p>\n","video_content":"","block_picture":29320},{"block_title":"Querido Bob...","block_content":"<p>&iquest;C&oacute;mo vamos a olvidarnos de nuestro querido corte bob? Si tiene un sitio en nuestro coraz&oacute;n, tambi&eacute;n tiene un sitio en este top 5. Y es que, un long bob con un toque as&iacute; ondulado (wavy si eres modernilla), es un peinado 10 para alargar las facciones.&nbsp;<\/p>\n","video_content":"","block_picture":29321},{"block_title":"El poder del rizo","block_content":"<p>Si tienes la cara alargada y el pelo largo y rizado, lo tienes todo todito. Los rizos aportan volumen al rostro, y m&aacute;s en los laterales. Adem&aacute;s, cuanto m&aacute;s acentuados y exuberantes, mejor. Rizos, &iexcl;venid a mi!&nbsp;<\/p>\n","video_content":"","block_picture":29322}]},"yoast_head":"<!-- This site is optimized with the Yoast SEO plugin v27.5 - https:\/\/yoast.com\/product\/yoast-seo-wordpress\/ -->\n<title>Peinados para caras alargadas: 5 looks que favorecen | Treatwell<\/title>\n<meta name=\"description\" content=\"Descubre los mejores peinados para caras alargadas: pixie, flequillo, corte bob, rizos y m\u00e1s. Consejos para elegir el look que m\u00e1s te favorece seg\u00fan tu rostro.\" \/>\n<meta name=\"robots\" content=\"index, follow, max-snippet:-1, max-image-preview:large, max-video-preview:-1\" \/>\n<link rel=\"canonical\" href=\"https:\/\/www.treatwell.es/in-the-glow\/5-peinados-para-caras-alargadas\/\" \/>\n<meta property=\"og:locale\" content=\"es_ES\" \/>\n<meta property=\"og:type\" content=\"article\" \/>\n<meta property=\"og:title\" content=\"Peinados para caras alargadas: 5 looks que favorecen | Treatwell\" \/>\n<meta property=\"og:description\" content=\"Descubre los mejores peinados para caras alargadas: pixie, flequillo, corte bob, rizos y m\u00e1s. Consejos para elegir el look que m\u00e1s te favorece seg\u00fan tu rostro.\" \/>\n<meta property=\"og:url\" content=\"https:\/\/www.treatwell.es/in-the-glow\/5-peinados-para-caras-alargadas\/\" \/>\n<meta property=\"og:site_name\" content=\"In The Glow\" \/>\n<meta property=\"article:published_time\" content=\"2019-04-29T12:04:12+00:00\" \/>\n<meta property=\"article:modified_time\" content=\"2025-12-16T11:36:09+00:00\" \/>\n<meta property=\"og:image\" content=\"https:\/\/www.treatwell.es/in-the-glow\/wp-content\/uploads\/sites\/10\/2022\/03\/bellahadid_31326335_2038664799729261_1267852437151023104_n.jpg\" \/>\n\t<meta property=\"og:image:width\" content=\"629\" \/>\n\t<meta property=\"og:image:height\" content=\"628\" \/>\n\t<meta property=\"og:image:type\" content=\"image\/jpeg\" \/>\n<meta name=\"twitter:card\" content=\"summary_large_image\" \/>\n<meta name=\"twitter:label1\" content=\"Escrito por\" \/>\n\t<meta name=\"twitter:data1\" content=\"\" \/>\n\t<meta name=\"twitter:label2\" content=\"Tiempo de lectura\" \/>\n\t<meta name=\"twitter:data2\" content=\"1 minuto\" \/>\n<script type=\"application\/ld+json\" class=\"yoast-schema-graph\">{\"@context\":\"https:\\\/\\\/schema.org\",\"@graph\":[{\"@type\":\"Article\",\"@id\":\"https:\\\/\\\/www.treatwell.es/in-the-glow\\\/5-peinados-para-caras-alargadas\\\/#article\",\"isPartOf\":{\"@id\":\"https:\\\/\\\/www.treatwell.es/in-the-glow\\\/5-peinados-para-caras-alargadas\\\/\"},\"author\":{\"name\":\"\",\"@id\":\"\"},\"headline\":\"5 peinados para caras alargadas\",\"datePublished\":\"2019-04-29T12:04:12+00:00\",\"dateModified\":\"2025-12-16T11:36:09+00:00\",\"mainEntityOfPage\":{\"@id\":\"https:\\\/\\\/www.treatwell.es/in-the-glow\\\/5-peinados-para-caras-alargadas\\\/\"},\"wordCount\":109,\"publisher\":{\"@id\":\"https:\\\/\\\/www.treatwell.es/in-the-glow\\\/#organization\"},\"image\":{\"@id\":\"https:\\\/\\\/www.treatwell.es/in-the-glow\\\/5-peinados-para-caras-alargadas\\\/#primaryimage\"},\"thumbnailUrl\":\"https:\\\/\\\/www.treatwell.es/in-the-glow\\\/wp-content\\\/uploads\\\/sites\\\/10\\\/2022\\\/03\\\/bellahadid_31326335_2038664799729261_1267852437151023104_n.jpg\",\"keywords\":[\"Beauty Salon\",\"Hair\"],\"articleSection\":[\"Beauty\"],\"inLanguage\":\"es\"},{\"@type\":\"WebPage\",\"@id\":\"https:\\\/\\\/www.treatwell.es/in-the-glow\\\/5-peinados-para-caras-alargadas\\\/\",\"url\":\"https:\\\/\\\/www.treatwell.es/in-the-glow\\\/5-peinados-para-caras-alargadas\\\/\",\"name\":\"Peinados para caras alargadas: 5 looks que favorecen | Treatwell\",\"isPartOf\":{\"@id\":\"https:\\\/\\\/www.treatwell.es/in-the-glow\\\/#website\"},\"primaryImageOfPage\":{\"@id\":\"https:\\\/\\\/www.treatwell.es/in-the-glow\\\/5-peinados-para-caras-alargadas\\\/#primaryimage\"},\"image\":{\"@id\":\"https:\\\/\\\/www.treatwell.es/in-the-glow\\\/5-peinados-para-caras-alargadas\\\/#primaryimage\"},\"thumbnailUrl\":\"https:\\\/\\\/www.treatwell.es/in-the-glow\\\/wp-content\\\/uploads\\\/sites\\\/10\\\/2022\\\/03\\\/bellahadid_31326335_2038664799729261_1267852437151023104_n.jpg\",\"datePublished\":\"2019-04-29T12:04:12+00:00\",\"dateModified\":\"2025-12-16T11:36:09+00:00\",\"description\":\"Descubre los mejores peinados para caras alargadas: pixie, flequillo, corte bob, rizos y m\u00e1s. Consejos para elegir el look que m\u00e1s te favorece seg\u00fan tu rostro.\",\"breadcrumb\":{\"@id\":\"https:\\\/\\\/www.treatwell.es/in-the-glow\\\/5-peinados-para-caras-alargadas\\\/#breadcrumb\"},\"inLanguage\":\"es\",\"potentialAction\":[{\"@type\":\"ReadAction\",\"target\":[\"https:\\\/\\\/www.treatwell.es/in-the-glow\\\/5-peinados-para-caras-alargadas\\\/\"]}]},{\"@type\":\"ImageObject\",\"inLanguage\":\"es\",\"@id\":\"https:\\\/\\\/www.treatwell.es/in-the-glow\\\/5-peinados-para-caras-alargadas\\\/#primaryimage\",\"url\":\"https:\\\/\\\/www.treatwell.es/in-the-glow\\\/wp-content\\\/uploads\\\/sites\\\/10\\\/2022\\\/03\\\/bellahadid_31326335_2038664799729261_1267852437151023104_n.jpg\",\"contentUrl\":\"https:\\\/\\\/www.treatwell.es/in-the-glow\\\/wp-content\\\/uploads\\\/sites\\\/10\\\/2022\\\/03\\\/bellahadid_31326335_2038664799729261_1267852437151023104_n.jpg\",\"width\":629,\"height\":628},{\"@type\":\"BreadcrumbList\",\"@id\":\"https:\\\/\\\/www.treatwell.es/in-the-glow\\\/5-peinados-para-caras-alargadas\\\/#breadcrumb\",\"itemListElement\":[{\"@type\":\"ListItem\",\"position\":1,\"name\":\"Home\",\"item\":\"https:\\\/\\\/www.treatwell.es/in-the-glow\\\/\"},{\"@type\":\"ListItem\",\"position\":2,\"name\":\"Beauty\",\"item\":\"https:\\\/\\\/www.treatwell.es/in-the-glow\\\/beauty\\\/\"},{\"@type\":\"ListItem\",\"position\":3,\"name\":\"5 peinados para caras alargadas\"}]},{\"@type\":\"WebSite\",\"@id\":\"https:\\\/\\\/www.treatwell.es/in-the-glow\\\/#website\",\"url\":\"https:\\\/\\\/www.treatwell.es/in-the-glow\\\/\",\"name\":\"In The Glow\",\"description\":\"Belleza. Pelo. Lifestyle.\",\"publisher\":{\"@id\":\"https:\\\/\\\/www.treatwell.es/in-the-glow\\\/#organization\"},\"potentialAction\":[{\"@type\":\"SearchAction\",\"target\":{\"@type\":\"EntryPoint\",\"urlTemplate\":\"https:\\\/\\\/www.treatwell.es/in-the-glow\\\/?s={search_term_string}\"},\"query-input\":{\"@type\":\"PropertyValueSpecification\",\"valueRequired\":true,\"valueName\":\"search_term_string\"}}],\"inLanguage\":\"es\"},{\"@type\":\"Organization\",\"@id\":\"https:\\\/\\\/www.treatwell.es/in-the-glow\\\/#organization\",\"name\":\"Treatwell\",\"url\":\"https:\\\/\\\/www.treatwell.es/in-the-glow\\\/\",\"logo\":{\"@type\":\"ImageObject\",\"inLanguage\":\"es\",\"@id\":\"https:\\\/\\\/www.treatwell.es/in-the-glow\\\/#\\\/schema\\\/logo\\\/image\\\/\",\"url\":\"https:\\\/\\\/www.treatwell.es/in-the-glow\\\/wp-content\\\/uploads\\\/sites\\\/10\\\/2022\\\/03\\\/logo_treatwell.png\",\"contentUrl\":\"https:\\\/\\\/www.treatwell.es/in-the-glow\\\/wp-content\\\/uploads\\\/sites\\\/10\\\/2022\\\/03\\\/logo_treatwell.png\",\"width\":889,\"height\":164,\"caption\":\"Treatwell\"},\"image\":{\"@id\":\"https:\\\/\\\/www.treatwell.es/in-the-glow\\\/#\\\/schema\\\/logo\\\/image\\\/\"}},{\"@type\":\"Person\",\"@id\":\"\",\"url\":\"https:\\\/\\\/www.treatwell.es/in-the-glow\\\/author\\\/\"}]}<\/script>\n<!-- \/ Yoast SEO plugin. -->","yoast_head_json":{"title":"Peinados para caras alargadas: 5 looks que favorecen | Treatwell","description":"Descubre los mejores peinados para caras alargadas: pixie, flequillo, corte bob, rizos y m\u00e1s. Consejos para elegir el look que m\u00e1s te favorece seg\u00fan tu rostro.","robots":{"index":"index","follow":"follow","max-snippet":"max-snippet:-1","max-image-preview":"max-image-preview:large","max-video-preview":"max-video-preview:-1"},"canonical":"https:\/\/www.treatwell.es/in-the-glow\/5-peinados-para-caras-alargadas\/","og_locale":"es_ES","og_type":"article","og_title":"Peinados para caras alargadas: 5 looks que favorecen | Treatwell","og_description":"Descubre los mejores peinados para caras alargadas: pixie, flequillo, corte bob, rizos y m\u00e1s. Consejos para elegir el look que m\u00e1s te favorece seg\u00fan tu rostro.","og_url":"https:\/\/www.treatwell.es/in-the-glow\/5-peinados-para-caras-alargadas\/","og_site_name":"In The Glow","article_published_time":"2019-04-29T12:04:12+00:00","article_modified_time":"2025-12-16T11:36:09+00:00","og_image":[{"width":629,"height":628,"url":"https:\/\/www.treatwell.es/in-the-glow\/wp-content\/uploads\/sites\/10\/2022\/03\/bellahadid_31326335_2038664799729261_1267852437151023104_n.jpg","type":"image\/jpeg"}],"twitter_card":"summary_large_image","twitter_misc":{"Escrito por":"","Tiempo de lectura":"1 minuto"},"schema":{"@context":"https:\/\/schema.org","@graph":[{"@type":"Article","@id":"https:\/\/www.treatwell.es/in-the-glow\/5-peinados-para-caras-alargadas\/#article","isPartOf":{"@id":"https:\/\/www.treatwell.es/in-the-glow\/5-peinados-para-caras-alargadas\/"},"author":{"name":"","@id":""},"headline":"5 peinados para caras alargadas","datePublished":"2019-04-29T12:04:12+00:00","dateModified":"2025-12-16T11:36:09+00:00","mainEntityOfPage":{"@id":"https:\/\/www.treatwell.es/in-the-glow\/5-peinados-para-caras-alargadas\/"},"wordCount":109,"publisher":{"@id":"https:\/\/www.treatwell.es/in-the-glow\/#organization"},"image":{"@id":"https:\/\/www.treatwell.es/in-the-glow\/5-peinados-para-caras-alargadas\/#primaryimage"},"thumbnailUrl":"https:\/\/www.treatwell.es/in-the-glow\/wp-content\/uploads\/sites\/10\/2022\/03\/bellahadid_31326335_2038664799729261_1267852437151023104_n.jpg","keywords":["Beauty Salon","Hair"],"articleSection":["Beauty"],"inLanguage":"es"},{"@type":"WebPage","@id":"https:\/\/www.treatwell.es/in-the-glow\/5-peinados-para-caras-alargadas\/","url":"https:\/\/www.treatwell.es/in-the-glow\/5-peinados-para-caras-alargadas\/","name":"Peinados para caras alargadas: 5 looks que favorecen | Treatwell","isPartOf":{"@id":"https:\/\/www.treatwell.es/in-the-glow\/#website"},"primaryImageOfPage":{"@id":"https:\/\/www.treatwell.es/in-the-glow\/5-peinados-para-caras-alargadas\/#primaryimage"},"image":{"@id":"https:\/\/www.treatwell.es/in-the-glow\/5-peinados-para-caras-alargadas\/#primaryimage"},"thumbnailUrl":"https:\/\/www.treatwell.es/in-the-glow\/wp-content\/uploads\/sites\/10\/2022\/03\/bellahadid_31326335_2038664799729261_1267852437151023104_n.jpg","datePublished":"2019-04-29T12:04:12+00:00","dateModified":"2025-12-16T11:36:09+00:00","description":"Descubre los mejores peinados para caras alargadas: pixie, flequillo, corte bob, rizos y m\u00e1s. Consejos para elegir el look que m\u00e1s te favorece seg\u00fan tu rostro.","breadcrumb":{"@id":"https:\/\/www.treatwell.es/in-the-glow\/5-peinados-para-caras-alargadas\/#breadcrumb"},"inLanguage":"es","potentialAction":[{"@type":"ReadAction","target":["https:\/\/www.treatwell.es/in-the-glow\/5-peinados-para-caras-alargadas\/"]}]},{"@type":"ImageObject","inLanguage":"es","@id":"https:\/\/www.treatwell.es/in-the-glow\/5-peinados-para-caras-alargadas\/#primaryimage","url":"https:\/\/www.treatwell.es/in-the-glow\/wp-content\/uploads\/sites\/10\/2022\/03\/bellahadid_31326335_2038664799729261_1267852437151023104_n.jpg","contentUrl":"https:\/\/www.treatwell.es/in-the-glow\/wp-content\/uploads\/sites\/10\/2022\/03\/bellahadid_31326335_2038664799729261_1267852437151023104_n.jpg","width":629,"height":628},{"@type":"BreadcrumbList","@id":"https:\/\/www.treatwell.es/in-the-glow\/5-peinados-para-caras-alargadas\/#breadcrumb","itemListElement":[{"@type":"ListItem","position":1,"name":"Home","item":"https:\/\/www.treatwell.es/in-the-glow\/"},{"@type":"ListItem","position":2,"name":"Beauty","item":"https:\/\/www.treatwell.es/in-the-glow\/beauty\/"},{"@type":"ListItem","position":3,"name":"5 peinados para caras alargadas"}]},{"@type":"WebSite","@id":"https:\/\/www.treatwell.es/in-the-glow\/#website","url":"https:\/\/www.treatwell.es/in-the-glow\/","name":"In The Glow","description":"Belleza. Pelo. Lifestyle.","publisher":{"@id":"https:\/\/www.treatwell.es/in-the-glow\/#organization"},"potentialAction":[{"@type":"SearchAction","target":{"@type":"EntryPoint","urlTemplate":"https:\/\/www.treatwell.es/in-the-glow\/?s={search_term_string}"},"query-input":{"@type":"PropertyValueSpecification","valueRequired":true,"valueName":"search_term_string"}}],"inLanguage":"es"},{"@type":"Organization","@id":"https:\/\/www.treatwell.es/in-the-glow\/#organization","name":"Treatwell","url":"https:\/\/www.treatwell.es/in-the-glow\/","logo":{"@type":"ImageObject","inLanguage":"es","@id":"https:\/\/www.treatwell.es/in-the-glow\/#\/schema\/logo\/image\/","url":"https:\/\/www.treatwell.es/in-the-glow\/wp-content\/uploads\/sites\/10\/2022\/03\/logo_treatwell.png","contentUrl":"https:\/\/www.treatwell.es/in-the-glow\/wp-content\/uploads\/sites\/10\/2022\/03\/logo_treatwell.png","width":889,"height":164,"caption":"Treatwell"},"image":{"@id":"https:\/\/www.treatwell.es/in-the-glow\/#\/schema\/logo\/image\/"}},{"@type":"Person","@id":"","url":"https:\/\/www.treatwell.es/in-the-glow\/author\/"}]}},"featured_image_src":"https:\/\/www.treatwell.es/in-the-glow\/wp-content\/uploads\/sites\/10\/2022\/03\/bellahadid_31326335_2038664799729261_1267852437151023104_n-600x400.jpg","featured_image_src_square":"https:\/\/www.treatwell.es/in-the-glow\/wp-content\/uploads\/sites\/10\/2022\/03\/bellahadid_31326335_2038664799729261_1267852437151023104_n-600x600.jpg","author_info":{"display_name":"","author_link":"https:\/\/www.treatwell.es/in-the-glow\/author\/"},"_links":{"self":[{"href":"https:\/\/www.treatwell.es\/in-the-glow\/wp-json\/wp\/v2\/posts\/29317","targetHints":{"allow":["GET"]}}],"collection":[{"href":"https:\/\/www.treatwell.es\/in-the-glow\/wp-json\/wp\/v2\/posts"}],"about":[{"href":"https:\/\/www.treatwell.es\/in-the-glow\/wp-json\/wp\/v2\/types\/post"}],"author":[{"embeddable":true,"href":"https:\/\/www.treatwell.es\/in-the-glow\/wp-json\/wp\/v2\/users\/3319"}],"replies":[{"embeddable":true,"href":"https:\/\/www.treatwell.es\/in-the-glow\/wp-json\/wp\/v2\/comments?post=29317"}],"version-history":[{"count":0,"href":"https:\/\/www.treatwell.es\/in-the-glow\/wp-json\/wp\/v2\/posts\/29317\/revisions"}],"wp:featuredmedia":[{"embeddable":true,"href":"https:\/\/www.treatwell.es\/in-the-glow\/wp-json\/wp\/v2\/media\/29324"}],"wp:attachment":[{"href":"https:\/\/www.treatwell.es\/in-the-glow\/wp-json\/wp\/v2\/media?parent=29317"}],"wp:term":[{"taxonomy":"category","embeddable":true,"href":"https:\/\/www.treatwell.es\/in-the-glow\/wp-json\/wp\/v2\/categories?post=29317"},{"taxonomy":"post_tag","embeddable":true,"href":"https:\/\/www.treatwell.es\/in-the-glow\/wp-json\/wp\/v2\/tags?post=29317"}],"curies":[{"name":"wp","href":"https:\/\/api.w.org\/{rel}","templated":true}]}}