{"id":29478,"date":"2019-05-28T09:00:50","date_gmt":"2019-05-28T07:00:50","guid":{"rendered":"https:\/\/www.treatwell.es\/in-the-glow\/?p=23686"},"modified":"2025-12-15T23:54:21","modified_gmt":"2025-12-15T22:54:21","slug":"peinado-maria-pombo-boda","status":"publish","type":"post","link":"https:\/\/www.treatwell.es/in-the-glow\/peinado-maria-pombo-boda\/","title":{"rendered":"\u00bfQu\u00e9 peinado llevar\u00e1 Mar\u00eda Pombo en su boda?"},"content":{"rendered":"<p>\u00a1Ya no queda nada para una de las bodas m\u00e1s esperadas! Despu\u00e9s de cuatro a\u00f1os de relaci\u00f3n, Mar\u00eda Pombo y Pablo Castellano por fin se dar\u00e1n el s\u00ed quiero pr\u00f3ximamente en Cantabria. \u00a1Que vivan los novios!<\/p>\n<p>Y, como no pod\u00eda ser menos, al gran evento acudir\u00e1n un mont\u00f3n de influencers como\u00a0Mar\u00eda F.Rub\u00edes,\u00a0Marta Lozano\u00a0o\u00a0Dulceida. Pero, dejando a un lado todos los detalles que ya sabemos, la gran pregunta es&#8230; \u00bf<a href=\"https:\/\/www.treatwell.es\/in-the-glow\/peinado-de-novia-a-tu-estilo\/\">Qu\u00e9 peinado llevar\u00e1 Mar\u00eda Pombo el d\u00eda de su boda<\/a>?<\/p>\n<p>Sabemos que la influencer es una gran fan de las ondas de agua pero, \u00bfquerr\u00e1 algo distinto cuando vista de blanco? Estas son nuestras apuestas:<\/p>\n<div class=\"schema-faq wp-block-yoast-faq-block\">\n<div class=\"schema-faq-section\" id=\"faq-question-1765837990145\">\n<h3 class=\"schema-faq-question\">\u00bfCu\u00e1les son los peinados m\u00e1s populares para novias como Mar\u00eda Pombo?<\/h3>\n<p class=\"schema-faq-answer\">Los peinados m\u00e1s populares incluyen el recogido alto con volumen, el mo\u00f1o alto &#8216;top knot&#8217;, el pelo liso al natural, el semirrecogido con ondas y las ondas de agua. Cada opci\u00f3n aporta un estilo diferente y permite personalizar el look para una ocasi\u00f3n especial como una boda.<\/div>\n<div class=\"schema-faq-section\" id=\"faq-question-1765837990146\">\n<h3 class=\"schema-faq-question\">\u00bfC\u00f3mo conseguir un recogido alto con estilo y volumen?<\/h3>\n<p class=\"schema-faq-answer\">Consigue un recogido alto con estilo dando primero volumen al cabello antes de recogerlo. A\u00f1ade algunas ondas sueltas para mayor movimiento y elige unos pendientes XXL para complementar el peinado.<\/div>\n<div class=\"schema-faq-section\" id=\"faq-question-1765837990147\">\n<h3 class=\"schema-faq-question\">\u00bfQu\u00e9 ventajas tiene llevar el pelo liso natural como novia?<\/h3>\n<p class=\"schema-faq-answer\">Llevar el pelo liso natural aporta un aspecto elegante y minimalista, ideal si quieres destacar una melena impecable. Es perfecto para quienes buscan un estilo sencillo y a la vez sofisticado en el d\u00eda de su boda.<\/div>\n<div class=\"schema-faq-section\" id=\"faq-question-1765837990148\">\n<h3 class=\"schema-faq-question\">\u00bfEn qu\u00e9 consiste el mo\u00f1o alto &#8216;Top Knot&#8217; para bodas?<\/h3>\n<p class=\"schema-faq-answer\">El mo\u00f1o alto &#8216;Top Knot&#8217; es un recogido que aporta sofisticaci\u00f3n y permite resaltar accesorios como pendientes grandes. Puedes soltar algunos mechones a los lados para crear un toque m\u00e1s desenfadado sin perder elegancia.<\/div>\n<div class=\"schema-faq-section\" id=\"faq-question-1765837990149\">\n<h3 class=\"schema-faq-question\">\u00bfPor qu\u00e9 son tan populares las ondas de agua en los peinados de novia?<\/h3>\n<p class=\"schema-faq-answer\">Las ondas de agua son populares por su acabado especial, sencillo y muy favorecedor, ideal para novias que buscan un toque distintivo. Adem\u00e1s, aportan movimiento y brillo al cabello, creando un look impecable para un d\u00eda tan importante.<\/div>\n<\/p><\/div>\n","protected":false},"excerpt":{"rendered":"<p>\u00a1Ya no queda nada para una de las bodas m\u00e1s esperadas! Despu\u00e9s de cuatro a\u00f1os de relaci\u00f3n, Mar\u00eda Pombo y Pablo Castellano por fin se dar\u00e1n el s\u00ed quiero pr\u00f3ximamente en Cantabria. \u00a1Que vivan los novios! Y, como no pod\u00eda ser menos, al gran evento acudir\u00e1n un mont\u00f3n de influencers como\u00a0Mar\u00eda F.Rub\u00edes,\u00a0Marta Lozano\u00a0o\u00a0Dulceida. Pero, dejando [&hellip;]<\/p>\n","protected":false},"author":3319,"featured_media":29485,"comment_status":"closed","ping_status":"closed","sticky":false,"template":"","format":"standard","meta":{"_acf_changed":false,"_yoast_wpseo_title":"Peinados de novia de Mar\u00eda Pombo: tendencias boda | Treatwell","_yoast_wpseo_metadesc":"Descubre los posibles peinados que Mar\u00eda Pombo podr\u00eda lucir en su boda. Recogidos, ondas y estilos naturales: inspiraci\u00f3n para novias que buscan el look ideal.","_genesis_hide_title":false,"_genesis_hide_breadcrumbs":false,"_genesis_hide_singular_image":false,"_genesis_hide_footer_widgets":false,"_genesis_custom_body_class":"","_genesis_custom_post_class":"","_genesis_layout":"","saswp_custom_schema_field":"{\"@context\":\"https:\/\/schema.org\",\"@type\":\"FAQPage\",\"mainEntity\":[{\"@type\":\"Question\",\"name\":\"\u00bfCu\u00e1les son los peinados m\u00e1s populares para novias como Mar\u00eda Pombo?\",\"acceptedAnswer\":{\"@type\":\"Answer\",\"text\":\"Los peinados m\u00e1s populares incluyen el recogido alto con volumen, el mo\u00f1o alto 'top knot', el pelo liso al natural, el semirrecogido con ondas y las ondas de agua. Cada opci\u00f3n aporta un estilo diferente y permite personalizar el look para una ocasi\u00f3n especial como una boda.\"}},{\"@type\":\"Question\",\"name\":\"\u00bfC\u00f3mo conseguir un recogido alto con estilo y volumen?\",\"acceptedAnswer\":{\"@type\":\"Answer\",\"text\":\"Consigue un recogido alto con estilo dando primero volumen al cabello antes de recogerlo. A\u00f1ade algunas ondas sueltas para mayor movimiento y elige unos pendientes XXL para complementar el peinado.\"}},{\"@type\":\"Question\",\"name\":\"\u00bfQu\u00e9 ventajas tiene llevar el pelo liso natural como novia?\",\"acceptedAnswer\":{\"@type\":\"Answer\",\"text\":\"Llevar el pelo liso natural aporta un aspecto elegante y minimalista, ideal si quieres destacar una melena impecable. Es perfecto para quienes buscan un estilo sencillo y a la vez sofisticado en el d\u00eda de su boda.\"}},{\"@type\":\"Question\",\"name\":\"\u00bfEn qu\u00e9 consiste el mo\u00f1o alto 'Top Knot' para bodas?\",\"acceptedAnswer\":{\"@type\":\"Answer\",\"text\":\"El mo\u00f1o alto 'Top Knot' es un recogido que aporta sofisticaci\u00f3n y permite resaltar accesorios como pendientes grandes. Puedes soltar algunos mechones a los lados para crear un toque m\u00e1s desenfadado sin perder elegancia.\"}},{\"@type\":\"Question\",\"name\":\"\u00bfPor qu\u00e9 son tan populares las ondas de agua en los peinados de novia?\",\"acceptedAnswer\":{\"@type\":\"Answer\",\"text\":\"Las ondas de agua son populares por su acabado especial, sencillo y muy favorecedor, ideal para novias que buscan un toque distintivo. Adem\u00e1s, aportan movimiento y brillo al cabello, creando un look impecable para un d\u00eda tan importante.\"}}]}","footnotes":""},"categories":[4],"tags":[27,48,78,49,46],"class_list":{"0":"post-29478","1":"post","2":"type-post","3":"status-publish","4":"format-standard","5":"has-post-thumbnail","7":"category-beauty","8":"tag-tt6","9":"tag-tr273","10":"tag-tr485","11":"tag-tr484","12":"tag-tr336","13":"entry"},"acf":{"post_credits":"Cr\u00e9ditos de las im\u00e1genes: Shutterstock e Instagram de @mariapombo.","beauty_blog_post_button_title":"","beauty_blog_post_button":"","landscape_picture":29484,"blocks":[{"block_title":"Recogido alto con estilo","block_content":"<p>Muchas veces ha optado por <a href=\"https:\/\/www.treatwell.es\/in-the-glow\/coleta-alta-el-peinado-todoterreno\/\">este peinado para ocasiones especiales<\/a>, como cuando fue a la boda de&nbsp;Mar&iacute;a F.Rub&iacute;es. Y es que este peinado a Mar&iacute;a le queda como anillo al dedo. &iquest;Su truco? Darle un poco de volumen al pelo antes de recogerlo. As&iacute; le queda con m&aacute;s movimiento y como plus, a&ntilde;ade alguna que otra onda a la coleta suelta. &iquest;Resultado? Un recogido con mucho estilo y que da juego si quieres a&ntilde;adir unos pendientes XXL.&nbsp;<\/p>\n","video_content":"","block_picture":29479},{"block_title":"Pelo liso al natural","block_content":"<p>Pocas veces se le ha visto a Mar&iacute;a con el pelo como lo tiene, liso lis&iacute;simo. De hecho, hace poco que empez&oacute;&nbsp;a dej&aacute;rselo as&iacute; m&aacute;s a menudo. Y&nbsp;oye, tenemos que decir que tambi&eacute;n le queda estupendamente. Pero ya se sabe, de toda la vida las que tienen el pelo liso lo quieren rizado, y las que lo tienen rizado lo quieren liso. Aunque, a lo mejor para el d&iacute;a de su boda opta por ir al natural y <a href=\"https:\/\/www.treatwell.es\/in-the-glow\/como-tener-un-pelo-liso-y-brillante\/\">lucir una melenaza suelta y lisa<\/a>. Si es as&iacute;, &iexcl;tambi&eacute;n ser&iacute;a un acierto seguro!<\/p>\n","video_content":"","block_picture":29480},{"block_title":"Mo\u00f1o alto 'Top Knot'","block_content":"<p>Otro de los peinados que tambi&eacute;n le quedan a Mar&iacute;a como un guante es el mo&ntilde;o alto,&nbsp;<a href=\"https:\/\/www.treatwell.es\/in-the-glow\/maria-pedraza-peinado-ideal\/\">conocido como &#039;top knot&#039;<\/a>. Un&nbsp;gran&nbsp;aliado&nbsp;si tuviese en mente llevar unos pendientes XXL. Y para darle un toque m&aacute;s desenfadado, puede&nbsp;dejarse&nbsp;sueltos unos mechones por los lados, <em>et voil&agrave;<\/em>! Un look de novia de 10.<\/p>\n","video_content":"","block_picture":29481},{"block_title":"Semirrecogido con ondas","block_content":"<p>Muchas son las novias que apuestan por este peinado. Semirrecogido con trenzas y horquillas blancas o florecitas y suelto por debajo con ondas o con el pelo liso. &iquest;Por qu&eacute;? Porque es original, detallado para una ocasi&oacute;n tan especial y&nbsp;a la vez algo m&aacute;s natural que un recogido elaborado. No nos extra&ntilde;ar&iacute;a que Mar&iacute;a Pombo escogiese este estilo para el d&iacute;a de su boda. &iquest;Qu&eacute; opinas?<\/p>\n","video_content":"","block_picture":29482},{"block_title":"Su se\u00f1a de identidad","block_content":"<p>O... Podr&iacute;a escoger un estilo con el que se siente c&oacute;moda, y este ser&iacute;a nada m&aacute;s y nada menos que las ondas de agua. Toda una se&ntilde;a de identidad de Mar&iacute;a. Y es que ya en su&nbsp;fiesta de pedida apost&oacute; por este peinado. Es sencillo, a la vez especial, le queda espectacular y tiene un don para hac&eacute;rselas. Le salen im-po-lu-tas. As&iacute; que no ser&iacute;a ninguna sorpresa si decidiese&nbsp;ir con ellas para dar&nbsp;el &#039;s&iacute; quiero&#039; a Pablo. &iquest;Qui&eacute;n m&aacute;s apuesta por este peinado?<\/p>\n","video_content":"","block_picture":29483}]},"yoast_head":"<!-- This site is optimized with the Yoast SEO plugin v27.5 - https:\/\/yoast.com\/product\/yoast-seo-wordpress\/ -->\n<title>Peinados de novia de Mar\u00eda Pombo: tendencias boda | Treatwell<\/title>\n<meta name=\"description\" content=\"Descubre los posibles peinados que Mar\u00eda Pombo podr\u00eda lucir en su boda. Recogidos, ondas y estilos naturales: inspiraci\u00f3n para novias que buscan el look ideal.\" \/>\n<meta name=\"robots\" content=\"index, follow, max-snippet:-1, max-image-preview:large, max-video-preview:-1\" \/>\n<link rel=\"canonical\" href=\"https:\/\/www.treatwell.es/in-the-glow\/peinado-maria-pombo-boda\/\" \/>\n<meta property=\"og:locale\" content=\"es_ES\" \/>\n<meta property=\"og:type\" content=\"article\" \/>\n<meta property=\"og:title\" content=\"Peinados de novia de Mar\u00eda Pombo: tendencias boda | Treatwell\" \/>\n<meta property=\"og:description\" content=\"Descubre los posibles peinados que Mar\u00eda Pombo podr\u00eda lucir en su boda. Recogidos, ondas y estilos naturales: inspiraci\u00f3n para novias que buscan el look ideal.\" \/>\n<meta property=\"og:url\" content=\"https:\/\/www.treatwell.es/in-the-glow\/peinado-maria-pombo-boda\/\" \/>\n<meta property=\"og:site_name\" content=\"In The Glow\" \/>\n<meta property=\"article:published_time\" content=\"2019-05-28T07:00:50+00:00\" \/>\n<meta property=\"article:modified_time\" content=\"2025-12-15T22:54:21+00:00\" \/>\n<meta property=\"og:image\" content=\"https:\/\/www.treatwell.es/in-the-glow\/wp-content\/uploads\/sites\/10\/2022\/03\/mariapombo_28429333_1593834060701649_1751269951416565760_n.jpg\" \/>\n\t<meta property=\"og:image:width\" content=\"502\" \/>\n\t<meta property=\"og:image:height\" content=\"628\" \/>\n\t<meta property=\"og:image:type\" content=\"image\/jpeg\" \/>\n<meta name=\"twitter:card\" content=\"summary_large_image\" \/>\n<meta name=\"twitter:label1\" content=\"Escrito por\" \/>\n\t<meta name=\"twitter:data1\" content=\"\" \/>\n\t<meta name=\"twitter:label2\" content=\"Tiempo de lectura\" \/>\n\t<meta name=\"twitter:data2\" content=\"2 minutos\" \/>\n<script type=\"application\/ld+json\" class=\"yoast-schema-graph\">{\"@context\":\"https:\\\/\\\/schema.org\",\"@graph\":[{\"@type\":\"Article\",\"@id\":\"https:\\\/\\\/www.treatwell.es/in-the-glow\\\/peinado-maria-pombo-boda\\\/#article\",\"isPartOf\":{\"@id\":\"https:\\\/\\\/www.treatwell.es/in-the-glow\\\/peinado-maria-pombo-boda\\\/\"},\"author\":{\"name\":\"\",\"@id\":\"\"},\"headline\":\"\u00bfQu\u00e9 peinado llevar\u00e1 Mar\u00eda Pombo en su boda?\",\"datePublished\":\"2019-05-28T07:00:50+00:00\",\"dateModified\":\"2025-12-15T22:54:21+00:00\",\"mainEntityOfPage\":{\"@id\":\"https:\\\/\\\/www.treatwell.es/in-the-glow\\\/peinado-maria-pombo-boda\\\/\"},\"wordCount\":387,\"publisher\":{\"@id\":\"https:\\\/\\\/www.treatwell.es/in-the-glow\\\/#organization\"},\"image\":{\"@id\":\"https:\\\/\\\/www.treatwell.es/in-the-glow\\\/peinado-maria-pombo-boda\\\/#primaryimage\"},\"thumbnailUrl\":\"https:\\\/\\\/www.treatwell.es/in-the-glow\\\/wp-content\\\/uploads\\\/sites\\\/10\\\/2022\\\/03\\\/mariapombo_28429333_1593834060701649_1751269951416565760_n.jpg\",\"keywords\":[\"Hair\",\"Hair Colouring and Highlights\",\"Hair Conditioning and Scalp Treatments\",\"Hair Consulting\",\"Hair Extensions\"],\"articleSection\":[\"Beauty\"],\"inLanguage\":\"es\"},{\"@type\":\"WebPage\",\"@id\":\"https:\\\/\\\/www.treatwell.es/in-the-glow\\\/peinado-maria-pombo-boda\\\/\",\"url\":\"https:\\\/\\\/www.treatwell.es/in-the-glow\\\/peinado-maria-pombo-boda\\\/\",\"name\":\"Peinados de novia de Mar\u00eda Pombo: tendencias boda | Treatwell\",\"isPartOf\":{\"@id\":\"https:\\\/\\\/www.treatwell.es/in-the-glow\\\/#website\"},\"primaryImageOfPage\":{\"@id\":\"https:\\\/\\\/www.treatwell.es/in-the-glow\\\/peinado-maria-pombo-boda\\\/#primaryimage\"},\"image\":{\"@id\":\"https:\\\/\\\/www.treatwell.es/in-the-glow\\\/peinado-maria-pombo-boda\\\/#primaryimage\"},\"thumbnailUrl\":\"https:\\\/\\\/www.treatwell.es/in-the-glow\\\/wp-content\\\/uploads\\\/sites\\\/10\\\/2022\\\/03\\\/mariapombo_28429333_1593834060701649_1751269951416565760_n.jpg\",\"datePublished\":\"2019-05-28T07:00:50+00:00\",\"dateModified\":\"2025-12-15T22:54:21+00:00\",\"description\":\"Descubre los posibles peinados que Mar\u00eda Pombo podr\u00eda lucir en su boda. Recogidos, ondas y estilos naturales: inspiraci\u00f3n para novias que buscan el look ideal.\",\"breadcrumb\":{\"@id\":\"https:\\\/\\\/www.treatwell.es/in-the-glow\\\/peinado-maria-pombo-boda\\\/#breadcrumb\"},\"inLanguage\":\"es\",\"potentialAction\":[{\"@type\":\"ReadAction\",\"target\":[\"https:\\\/\\\/www.treatwell.es/in-the-glow\\\/peinado-maria-pombo-boda\\\/\"]}]},{\"@type\":\"ImageObject\",\"inLanguage\":\"es\",\"@id\":\"https:\\\/\\\/www.treatwell.es/in-the-glow\\\/peinado-maria-pombo-boda\\\/#primaryimage\",\"url\":\"https:\\\/\\\/www.treatwell.es/in-the-glow\\\/wp-content\\\/uploads\\\/sites\\\/10\\\/2022\\\/03\\\/mariapombo_28429333_1593834060701649_1751269951416565760_n.jpg\",\"contentUrl\":\"https:\\\/\\\/www.treatwell.es/in-the-glow\\\/wp-content\\\/uploads\\\/sites\\\/10\\\/2022\\\/03\\\/mariapombo_28429333_1593834060701649_1751269951416565760_n.jpg\",\"width\":502,\"height\":628},{\"@type\":\"BreadcrumbList\",\"@id\":\"https:\\\/\\\/www.treatwell.es/in-the-glow\\\/peinado-maria-pombo-boda\\\/#breadcrumb\",\"itemListElement\":[{\"@type\":\"ListItem\",\"position\":1,\"name\":\"Home\",\"item\":\"https:\\\/\\\/www.treatwell.es/in-the-glow\\\/\"},{\"@type\":\"ListItem\",\"position\":2,\"name\":\"Beauty\",\"item\":\"https:\\\/\\\/www.treatwell.es/in-the-glow\\\/beauty\\\/\"},{\"@type\":\"ListItem\",\"position\":3,\"name\":\"\u00bfQu\u00e9 peinado llevar\u00e1 Mar\u00eda Pombo en su boda?\"}]},{\"@type\":\"WebSite\",\"@id\":\"https:\\\/\\\/www.treatwell.es/in-the-glow\\\/#website\",\"url\":\"https:\\\/\\\/www.treatwell.es/in-the-glow\\\/\",\"name\":\"In The Glow\",\"description\":\"Belleza. Pelo. Lifestyle.\",\"publisher\":{\"@id\":\"https:\\\/\\\/www.treatwell.es/in-the-glow\\\/#organization\"},\"potentialAction\":[{\"@type\":\"SearchAction\",\"target\":{\"@type\":\"EntryPoint\",\"urlTemplate\":\"https:\\\/\\\/www.treatwell.es/in-the-glow\\\/?s={search_term_string}\"},\"query-input\":{\"@type\":\"PropertyValueSpecification\",\"valueRequired\":true,\"valueName\":\"search_term_string\"}}],\"inLanguage\":\"es\"},{\"@type\":\"Organization\",\"@id\":\"https:\\\/\\\/www.treatwell.es/in-the-glow\\\/#organization\",\"name\":\"Treatwell\",\"url\":\"https:\\\/\\\/www.treatwell.es/in-the-glow\\\/\",\"logo\":{\"@type\":\"ImageObject\",\"inLanguage\":\"es\",\"@id\":\"https:\\\/\\\/www.treatwell.es/in-the-glow\\\/#\\\/schema\\\/logo\\\/image\\\/\",\"url\":\"https:\\\/\\\/www.treatwell.es/in-the-glow\\\/wp-content\\\/uploads\\\/sites\\\/10\\\/2022\\\/03\\\/logo_treatwell.png\",\"contentUrl\":\"https:\\\/\\\/www.treatwell.es/in-the-glow\\\/wp-content\\\/uploads\\\/sites\\\/10\\\/2022\\\/03\\\/logo_treatwell.png\",\"width\":889,\"height\":164,\"caption\":\"Treatwell\"},\"image\":{\"@id\":\"https:\\\/\\\/www.treatwell.es/in-the-glow\\\/#\\\/schema\\\/logo\\\/image\\\/\"}},{\"@type\":\"Person\",\"@id\":\"\",\"url\":\"https:\\\/\\\/www.treatwell.es/in-the-glow\\\/author\\\/\"}]}<\/script>\n<!-- \/ Yoast SEO plugin. -->","yoast_head_json":{"title":"Peinados de novia de Mar\u00eda Pombo: tendencias boda | Treatwell","description":"Descubre los posibles peinados que Mar\u00eda Pombo podr\u00eda lucir en su boda. Recogidos, ondas y estilos naturales: inspiraci\u00f3n para novias que buscan el look ideal.","robots":{"index":"index","follow":"follow","max-snippet":"max-snippet:-1","max-image-preview":"max-image-preview:large","max-video-preview":"max-video-preview:-1"},"canonical":"https:\/\/www.treatwell.es/in-the-glow\/peinado-maria-pombo-boda\/","og_locale":"es_ES","og_type":"article","og_title":"Peinados de novia de Mar\u00eda Pombo: tendencias boda | Treatwell","og_description":"Descubre los posibles peinados que Mar\u00eda Pombo podr\u00eda lucir en su boda. Recogidos, ondas y estilos naturales: inspiraci\u00f3n para novias que buscan el look ideal.","og_url":"https:\/\/www.treatwell.es/in-the-glow\/peinado-maria-pombo-boda\/","og_site_name":"In The Glow","article_published_time":"2019-05-28T07:00:50+00:00","article_modified_time":"2025-12-15T22:54:21+00:00","og_image":[{"width":502,"height":628,"url":"https:\/\/www.treatwell.es/in-the-glow\/wp-content\/uploads\/sites\/10\/2022\/03\/mariapombo_28429333_1593834060701649_1751269951416565760_n.jpg","type":"image\/jpeg"}],"twitter_card":"summary_large_image","twitter_misc":{"Escrito por":"","Tiempo de lectura":"2 minutos"},"schema":{"@context":"https:\/\/schema.org","@graph":[{"@type":"Article","@id":"https:\/\/www.treatwell.es/in-the-glow\/peinado-maria-pombo-boda\/#article","isPartOf":{"@id":"https:\/\/www.treatwell.es/in-the-glow\/peinado-maria-pombo-boda\/"},"author":{"name":"","@id":""},"headline":"\u00bfQu\u00e9 peinado llevar\u00e1 Mar\u00eda Pombo en su boda?","datePublished":"2019-05-28T07:00:50+00:00","dateModified":"2025-12-15T22:54:21+00:00","mainEntityOfPage":{"@id":"https:\/\/www.treatwell.es/in-the-glow\/peinado-maria-pombo-boda\/"},"wordCount":387,"publisher":{"@id":"https:\/\/www.treatwell.es/in-the-glow\/#organization"},"image":{"@id":"https:\/\/www.treatwell.es/in-the-glow\/peinado-maria-pombo-boda\/#primaryimage"},"thumbnailUrl":"https:\/\/www.treatwell.es/in-the-glow\/wp-content\/uploads\/sites\/10\/2022\/03\/mariapombo_28429333_1593834060701649_1751269951416565760_n.jpg","keywords":["Hair","Hair Colouring and Highlights","Hair Conditioning and Scalp Treatments","Hair Consulting","Hair Extensions"],"articleSection":["Beauty"],"inLanguage":"es"},{"@type":"WebPage","@id":"https:\/\/www.treatwell.es/in-the-glow\/peinado-maria-pombo-boda\/","url":"https:\/\/www.treatwell.es/in-the-glow\/peinado-maria-pombo-boda\/","name":"Peinados de novia de Mar\u00eda Pombo: tendencias boda | Treatwell","isPartOf":{"@id":"https:\/\/www.treatwell.es/in-the-glow\/#website"},"primaryImageOfPage":{"@id":"https:\/\/www.treatwell.es/in-the-glow\/peinado-maria-pombo-boda\/#primaryimage"},"image":{"@id":"https:\/\/www.treatwell.es/in-the-glow\/peinado-maria-pombo-boda\/#primaryimage"},"thumbnailUrl":"https:\/\/www.treatwell.es/in-the-glow\/wp-content\/uploads\/sites\/10\/2022\/03\/mariapombo_28429333_1593834060701649_1751269951416565760_n.jpg","datePublished":"2019-05-28T07:00:50+00:00","dateModified":"2025-12-15T22:54:21+00:00","description":"Descubre los posibles peinados que Mar\u00eda Pombo podr\u00eda lucir en su boda. Recogidos, ondas y estilos naturales: inspiraci\u00f3n para novias que buscan el look ideal.","breadcrumb":{"@id":"https:\/\/www.treatwell.es/in-the-glow\/peinado-maria-pombo-boda\/#breadcrumb"},"inLanguage":"es","potentialAction":[{"@type":"ReadAction","target":["https:\/\/www.treatwell.es/in-the-glow\/peinado-maria-pombo-boda\/"]}]},{"@type":"ImageObject","inLanguage":"es","@id":"https:\/\/www.treatwell.es/in-the-glow\/peinado-maria-pombo-boda\/#primaryimage","url":"https:\/\/www.treatwell.es/in-the-glow\/wp-content\/uploads\/sites\/10\/2022\/03\/mariapombo_28429333_1593834060701649_1751269951416565760_n.jpg","contentUrl":"https:\/\/www.treatwell.es/in-the-glow\/wp-content\/uploads\/sites\/10\/2022\/03\/mariapombo_28429333_1593834060701649_1751269951416565760_n.jpg","width":502,"height":628},{"@type":"BreadcrumbList","@id":"https:\/\/www.treatwell.es/in-the-glow\/peinado-maria-pombo-boda\/#breadcrumb","itemListElement":[{"@type":"ListItem","position":1,"name":"Home","item":"https:\/\/www.treatwell.es/in-the-glow\/"},{"@type":"ListItem","position":2,"name":"Beauty","item":"https:\/\/www.treatwell.es/in-the-glow\/beauty\/"},{"@type":"ListItem","position":3,"name":"\u00bfQu\u00e9 peinado llevar\u00e1 Mar\u00eda Pombo en su boda?"}]},{"@type":"WebSite","@id":"https:\/\/www.treatwell.es/in-the-glow\/#website","url":"https:\/\/www.treatwell.es/in-the-glow\/","name":"In The Glow","description":"Belleza. Pelo. Lifestyle.","publisher":{"@id":"https:\/\/www.treatwell.es/in-the-glow\/#organization"},"potentialAction":[{"@type":"SearchAction","target":{"@type":"EntryPoint","urlTemplate":"https:\/\/www.treatwell.es/in-the-glow\/?s={search_term_string}"},"query-input":{"@type":"PropertyValueSpecification","valueRequired":true,"valueName":"search_term_string"}}],"inLanguage":"es"},{"@type":"Organization","@id":"https:\/\/www.treatwell.es/in-the-glow\/#organization","name":"Treatwell","url":"https:\/\/www.treatwell.es/in-the-glow\/","logo":{"@type":"ImageObject","inLanguage":"es","@id":"https:\/\/www.treatwell.es/in-the-glow\/#\/schema\/logo\/image\/","url":"https:\/\/www.treatwell.es/in-the-glow\/wp-content\/uploads\/sites\/10\/2022\/03\/logo_treatwell.png","contentUrl":"https:\/\/www.treatwell.es/in-the-glow\/wp-content\/uploads\/sites\/10\/2022\/03\/logo_treatwell.png","width":889,"height":164,"caption":"Treatwell"},"image":{"@id":"https:\/\/www.treatwell.es/in-the-glow\/#\/schema\/logo\/image\/"}},{"@type":"Person","@id":"","url":"https:\/\/www.treatwell.es/in-the-glow\/author\/"}]}},"featured_image_src":"https:\/\/www.treatwell.es/in-the-glow\/wp-content\/uploads\/sites\/10\/2022\/03\/mariapombo_28429333_1593834060701649_1751269951416565760_n-502x400.jpg","featured_image_src_square":"https:\/\/www.treatwell.es/in-the-glow\/wp-content\/uploads\/sites\/10\/2022\/03\/mariapombo_28429333_1593834060701649_1751269951416565760_n-502x600.jpg","author_info":{"display_name":"","author_link":"https:\/\/www.treatwell.es/in-the-glow\/author\/"},"_links":{"self":[{"href":"https:\/\/www.treatwell.es\/in-the-glow\/wp-json\/wp\/v2\/posts\/29478","targetHints":{"allow":["GET"]}}],"collection":[{"href":"https:\/\/www.treatwell.es\/in-the-glow\/wp-json\/wp\/v2\/posts"}],"about":[{"href":"https:\/\/www.treatwell.es\/in-the-glow\/wp-json\/wp\/v2\/types\/post"}],"author":[{"embeddable":true,"href":"https:\/\/www.treatwell.es\/in-the-glow\/wp-json\/wp\/v2\/users\/3319"}],"replies":[{"embeddable":true,"href":"https:\/\/www.treatwell.es\/in-the-glow\/wp-json\/wp\/v2\/comments?post=29478"}],"version-history":[{"count":0,"href":"https:\/\/www.treatwell.es\/in-the-glow\/wp-json\/wp\/v2\/posts\/29478\/revisions"}],"wp:featuredmedia":[{"embeddable":true,"href":"https:\/\/www.treatwell.es\/in-the-glow\/wp-json\/wp\/v2\/media\/29485"}],"wp:attachment":[{"href":"https:\/\/www.treatwell.es\/in-the-glow\/wp-json\/wp\/v2\/media?parent=29478"}],"wp:term":[{"taxonomy":"category","embeddable":true,"href":"https:\/\/www.treatwell.es\/in-the-glow\/wp-json\/wp\/v2\/categories?post=29478"},{"taxonomy":"post_tag","embeddable":true,"href":"https:\/\/www.treatwell.es\/in-the-glow\/wp-json\/wp\/v2\/tags?post=29478"}],"curies":[{"name":"wp","href":"https:\/\/api.w.org\/{rel}","templated":true}]}}