{"id":29486,"date":"2019-05-30T09:00:53","date_gmt":"2019-05-30T07:00:53","guid":{"rendered":"https:\/\/www.treatwell.es\/in-the-glow\/?p=23710"},"modified":"2025-12-15T23:54:21","modified_gmt":"2025-12-15T22:54:21","slug":"cambio-radical-blanca-suarez","status":"publish","type":"post","link":"https:\/\/www.treatwell.es/in-the-glow\/cambio-radical-blanca-suarez\/","title":{"rendered":"El cambio de look radical de Blanca Su\u00e1rez (otra vez)"},"content":{"rendered":"<p>Blanca Su\u00e1rez lo ha vuelto a hacer. Y es que a la actriz le encanta cambiar de look casi cada d\u00eda. No es ninguna sorpresa que haya aparecido en la nueva campa\u00f1a de Samsung Smart Girls con un nuevo peinado. Aunque hay que decir que esta vez lo ha hecho a lo grande. S\u00ed, s\u00ed, como lo oyes. Con unas <a href=\"https:\/\/www.treatwell.es\/establecimientos\/tratamiento-extensiones-de-pelo\/oferta-tipo-local\/en-es\/\">extensiones de pelo XXL<\/a>.<\/p>\n<p>Vamos, que hasta ella estaba obsesionaba con su nueva melenaza, como dejaba ver en sus stories de Instagram. \u00a1Y no nos extra\u00f1a por qu\u00e9! \u00bfT\u00fa tambi\u00e9n quieres conseguir un look as\u00ed en menos de lo que canta un gallo? \u00a1Sabemos cu\u00e1l es su truco!<\/p>\n<div class=\"schema-faq wp-block-yoast-faq-block\">\n<div class=\"schema-faq-section\" id=\"faq-question-1765837986154\">\n<h3 class=\"schema-faq-question\">\u00bfC\u00f3mo conseguir una melena XXL como Blanca Su\u00e1rez?<\/h3>\n<p class=\"schema-faq-answer\">Puedes conseguir una melena XXL usando extensiones de pelo de longitud extra larga. Escoge el tipo de extensiones que m\u00e1s se adapte a tu estilo y preferencias para lograr un look impresionante y actual.<\/div>\n<div class=\"schema-faq-section\" id=\"faq-question-1765837986155\">\n<h3 class=\"schema-faq-question\">\u00bfQu\u00e9 tipo de extensiones de pelo puedes elegir?<\/h3>\n<p class=\"schema-faq-answer\">Existen opciones como las extensiones de grapas, de keratina y de clip. Las de clip permiten quitarlas f\u00e1cil al d\u00eda siguiente, mientras que las de grapas o keratina duran m\u00e1s tiempo para lucir un cabello largo en verano o cuando prefieras extender el look.<\/div>\n<div class=\"schema-faq-section\" id=\"faq-question-1765837986156\">\n<h3 class=\"schema-faq-question\">\u00bfC\u00f3mo lucir el peinado de Blanca Su\u00e1rez con extensiones?<\/h3>\n<p class=\"schema-faq-answer\">Luce tus extensiones con un peinado hacia atr\u00e1s y deja la melena suelta sobre la espalda para resaltar el largo XXL. Es un estilo f\u00e1cil de llevar, impecable y favorecedor para cualquier ocasi\u00f3n especial o para tu d\u00eda a d\u00eda si buscas un cambio radical.<\/div>\n<div class=\"schema-faq-section\" id=\"faq-question-1765837986157\">\n<h3 class=\"schema-faq-question\">\u00bfQu\u00e9 eyeliner est\u00e1 de moda seg\u00fan el look de Blanca Su\u00e1rez?<\/h3>\n<p class=\"schema-faq-answer\">El eyeliner gr\u00e1fico con triple l\u00ednea de colores es la \u00faltima tendencia, destacando combinaciones como rosa, blanco y azul. Este tipo de delineado hace que tu mirada sea \u00fanica y a la moda, ideal para complementar un peinado llamativo.<\/div>\n<div class=\"schema-faq-section\" id=\"faq-question-1765837986158\">\n<h3 class=\"schema-faq-question\">\u00bfCu\u00e1ndo elegir extensiones de clip frente a otras opciones?<\/h3>\n<p class=\"schema-faq-answer\">Escoge extensiones de clip si quieres un cambio por solo un d\u00eda y prefieres retirarlas f\u00e1cilmente. Para mantener un look largo durante m\u00e1s tiempo, elige de grapas o de keratina, sobre todo si buscas un cabello largo para la temporada de verano.<\/div>\n<\/p><\/div>\n","protected":false},"excerpt":{"rendered":"<p>Blanca Su\u00e1rez lo ha vuelto a hacer. Y es que a la actriz le encanta cambiar de look casi cada d\u00eda. No es ninguna sorpresa que haya aparecido en la nueva campa\u00f1a de Samsung Smart Girls con un nuevo peinado. Aunque hay que decir que esta vez lo ha hecho a lo grande. S\u00ed, s\u00ed, [&hellip;]<\/p>\n","protected":false},"author":3319,"featured_media":29491,"comment_status":"closed","ping_status":"closed","sticky":false,"template":"","format":"standard","meta":{"_acf_changed":false,"_yoast_wpseo_title":"Extensiones de pelo XXL: el truco de Blanca Su\u00e1rez | Treatwell","_yoast_wpseo_metadesc":"Consigue la melena XXL de Blanca Su\u00e1rez con extensiones de pelo. Descubre tipos, consejos y c\u00f3mo lograr un look espectacular en poco tiempo. Insp\u00edrate con Treatwell.","_genesis_hide_title":false,"_genesis_hide_breadcrumbs":false,"_genesis_hide_singular_image":false,"_genesis_hide_footer_widgets":false,"_genesis_custom_body_class":"","_genesis_custom_post_class":"","_genesis_layout":"","saswp_custom_schema_field":"{\"@context\":\"https:\/\/schema.org\",\"@type\":\"FAQPage\",\"mainEntity\":[{\"@type\":\"Question\",\"name\":\"\u00bfC\u00f3mo conseguir una melena XXL como Blanca Su\u00e1rez?\",\"acceptedAnswer\":{\"@type\":\"Answer\",\"text\":\"Puedes conseguir una melena XXL usando extensiones de pelo de longitud extra larga. Escoge el tipo de extensiones que m\u00e1s se adapte a tu estilo y preferencias para lograr un look impresionante y actual.\"}},{\"@type\":\"Question\",\"name\":\"\u00bfQu\u00e9 tipo de extensiones de pelo puedes elegir?\",\"acceptedAnswer\":{\"@type\":\"Answer\",\"text\":\"Existen opciones como las extensiones de grapas, de keratina y de clip. Las de clip permiten quitarlas f\u00e1cil al d\u00eda siguiente, mientras que las de grapas o keratina duran m\u00e1s tiempo para lucir un cabello largo en verano o cuando prefieras extender el look.\"}},{\"@type\":\"Question\",\"name\":\"\u00bfC\u00f3mo lucir el peinado de Blanca Su\u00e1rez con extensiones?\",\"acceptedAnswer\":{\"@type\":\"Answer\",\"text\":\"Luce tus extensiones con un peinado hacia atr\u00e1s y deja la melena suelta sobre la espalda para resaltar el largo XXL. Es un estilo f\u00e1cil de llevar, impecable y favorecedor para cualquier ocasi\u00f3n especial o para tu d\u00eda a d\u00eda si buscas un cambio radical.\"}},{\"@type\":\"Question\",\"name\":\"\u00bfQu\u00e9 eyeliner est\u00e1 de moda seg\u00fan el look de Blanca Su\u00e1rez?\",\"acceptedAnswer\":{\"@type\":\"Answer\",\"text\":\"El eyeliner gr\u00e1fico con triple l\u00ednea de colores es la \u00faltima tendencia, destacando combinaciones como rosa, blanco y azul. Este tipo de delineado hace que tu mirada sea \u00fanica y a la moda, ideal para complementar un peinado llamativo.\"}},{\"@type\":\"Question\",\"name\":\"\u00bfCu\u00e1ndo elegir extensiones de clip frente a otras opciones?\",\"acceptedAnswer\":{\"@type\":\"Answer\",\"text\":\"Escoge extensiones de clip si quieres un cambio por solo un d\u00eda y prefieres retirarlas f\u00e1cilmente. Para mantener un look largo durante m\u00e1s tiempo, elige de grapas o de keratina, sobre todo si buscas un cabello largo para la temporada de verano.\"}}]}","footnotes":""},"categories":[4],"tags":[27,48,78,49,46],"class_list":{"0":"post-29486","1":"post","2":"type-post","3":"status-publish","4":"format-standard","5":"has-post-thumbnail","7":"category-beauty","8":"tag-tt6","9":"tag-tr273","10":"tag-tr485","11":"tag-tr484","12":"tag-tr336","13":"entry"},"acf":{"post_credits":"Cr\u00e9ditos de las im\u00e1genes: Shutterstock, Instagram de @blancaxxsuarez, siempreblancasuarez, @suarezblancacf.","beauty_blog_post_button_title":"","beauty_blog_post_button":"","landscape_picture":29490,"blocks":[{"block_title":"Las extensiones de Blanca","block_content":"<p>Blanca lo que hizo fue optar por una longitud extra larga. Porque oye, ya que te vas a poner extensiones de pelo,&nbsp;que sea a lo grande, &iquest;no? &iexcl;Todo un acierto, sin lugar a dudas! Y para lucirlas decidi&oacute; hacerlo con un peinado hacia atr&aacute;s, dejando su melenaza suelta por la espalda. Si ya lo dec&iacute;amos, esta chica va mon&iacute;sima siempre...<\/p>\n","video_content":"","block_picture":29487},{"block_title":"Su eyeliner, su mejor aliado","block_content":"<p>Aunque tambi&eacute;n tenemos que hablar de su maquillaje. Porque el pelo no fue lo &uacute;nico que llam&oacute; la atenci&oacute;n. Y es que la manera en la que Blanca llev&oacute;&nbsp;el eyeliner tambi&eacute;n fue de lo m&aacute;s original. Triple l&iacute;nea de color rosa, blanca y azul. Para darle un toque &uacute;nico a su mirada. Porque oye, ahora mismo <a href=\"https:\/\/www.treatwell.es\/in-the-glow\/eyeliner-grafico\/\">no hay nada m&aacute;s de moda que el eyeliner gr&aacute;fico<\/a>.<\/p>\n","video_content":"","block_picture":29488},{"block_title":"\u00bfC\u00f3mo copiarle el look?","block_content":"<p>Las extensiones de pelo son m&aacute;s f&aacute;ciles de poner de lo que te imaginas. Hay varias opciones: las de grapas, de keratina o clip. Y dependediendo&nbsp;de lo que busques puedes escoger unas u otras. Como por ejemplo Blanca, que se ha puesto las de clip para quit&aacute;rselas al d&iacute;a siguiente. Pero si te apetece lucir un pelazo kil&oacute;metrico este verano, entonces te recomendamos de grapas o keratina. Qu&eacute; dices, &iquest;te animas?<\/p>\n","video_content":"","block_picture":29489}]},"yoast_head":"<!-- This site is optimized with the Yoast SEO plugin v27.5 - https:\/\/yoast.com\/product\/yoast-seo-wordpress\/ -->\n<title>Extensiones de pelo XXL: el truco de Blanca Su\u00e1rez | Treatwell<\/title>\n<meta name=\"description\" content=\"Consigue la melena XXL de Blanca Su\u00e1rez con extensiones de pelo. Descubre tipos, consejos y c\u00f3mo lograr un look espectacular en poco tiempo. Insp\u00edrate con Treatwell.\" \/>\n<meta name=\"robots\" content=\"index, follow, max-snippet:-1, max-image-preview:large, max-video-preview:-1\" \/>\n<link rel=\"canonical\" href=\"https:\/\/www.treatwell.es/in-the-glow\/cambio-radical-blanca-suarez\/\" \/>\n<meta property=\"og:locale\" content=\"es_ES\" \/>\n<meta property=\"og:type\" content=\"article\" \/>\n<meta property=\"og:title\" content=\"Extensiones de pelo XXL: el truco de Blanca Su\u00e1rez | Treatwell\" \/>\n<meta property=\"og:description\" content=\"Consigue la melena XXL de Blanca Su\u00e1rez con extensiones de pelo. Descubre tipos, consejos y c\u00f3mo lograr un look espectacular en poco tiempo. Insp\u00edrate con Treatwell.\" \/>\n<meta property=\"og:url\" content=\"https:\/\/www.treatwell.es/in-the-glow\/cambio-radical-blanca-suarez\/\" \/>\n<meta property=\"og:site_name\" content=\"In The Glow\" \/>\n<meta property=\"article:published_time\" content=\"2019-05-30T07:00:53+00:00\" \/>\n<meta property=\"article:modified_time\" content=\"2025-12-15T22:54:21+00:00\" \/>\n<meta property=\"og:image\" content=\"https:\/\/www.treatwell.es/in-the-glow\/wp-content\/uploads\/sites\/10\/2022\/03\/Blanca-Suarez-Treat.png\" \/>\n\t<meta property=\"og:image:width\" content=\"500\" \/>\n\t<meta property=\"og:image:height\" content=\"628\" \/>\n\t<meta property=\"og:image:type\" content=\"image\/png\" \/>\n<meta name=\"twitter:card\" content=\"summary_large_image\" \/>\n<meta name=\"twitter:label1\" content=\"Escrito por\" \/>\n\t<meta name=\"twitter:data1\" content=\"\" \/>\n\t<meta name=\"twitter:label2\" content=\"Tiempo de lectura\" \/>\n\t<meta name=\"twitter:data2\" content=\"2 minutos\" \/>\n<script type=\"application\/ld+json\" class=\"yoast-schema-graph\">{\"@context\":\"https:\\\/\\\/schema.org\",\"@graph\":[{\"@type\":\"Article\",\"@id\":\"https:\\\/\\\/www.treatwell.es/in-the-glow\\\/cambio-radical-blanca-suarez\\\/#article\",\"isPartOf\":{\"@id\":\"https:\\\/\\\/www.treatwell.es/in-the-glow\\\/cambio-radical-blanca-suarez\\\/\"},\"author\":{\"name\":\"\",\"@id\":\"\"},\"headline\":\"El cambio de look radical de Blanca Su\u00e1rez (otra vez)\",\"datePublished\":\"2019-05-30T07:00:53+00:00\",\"dateModified\":\"2025-12-15T22:54:21+00:00\",\"mainEntityOfPage\":{\"@id\":\"https:\\\/\\\/www.treatwell.es/in-the-glow\\\/cambio-radical-blanca-suarez\\\/\"},\"wordCount\":395,\"publisher\":{\"@id\":\"https:\\\/\\\/www.treatwell.es/in-the-glow\\\/#organization\"},\"image\":{\"@id\":\"https:\\\/\\\/www.treatwell.es/in-the-glow\\\/cambio-radical-blanca-suarez\\\/#primaryimage\"},\"thumbnailUrl\":\"https:\\\/\\\/www.treatwell.es/in-the-glow\\\/wp-content\\\/uploads\\\/sites\\\/10\\\/2022\\\/03\\\/Blanca-Suarez-Treat.png\",\"keywords\":[\"Hair\",\"Hair Colouring and Highlights\",\"Hair Conditioning and Scalp Treatments\",\"Hair Consulting\",\"Hair Extensions\"],\"articleSection\":[\"Beauty\"],\"inLanguage\":\"es\"},{\"@type\":\"WebPage\",\"@id\":\"https:\\\/\\\/www.treatwell.es/in-the-glow\\\/cambio-radical-blanca-suarez\\\/\",\"url\":\"https:\\\/\\\/www.treatwell.es/in-the-glow\\\/cambio-radical-blanca-suarez\\\/\",\"name\":\"Extensiones de pelo XXL: el truco de Blanca Su\u00e1rez | Treatwell\",\"isPartOf\":{\"@id\":\"https:\\\/\\\/www.treatwell.es/in-the-glow\\\/#website\"},\"primaryImageOfPage\":{\"@id\":\"https:\\\/\\\/www.treatwell.es/in-the-glow\\\/cambio-radical-blanca-suarez\\\/#primaryimage\"},\"image\":{\"@id\":\"https:\\\/\\\/www.treatwell.es/in-the-glow\\\/cambio-radical-blanca-suarez\\\/#primaryimage\"},\"thumbnailUrl\":\"https:\\\/\\\/www.treatwell.es/in-the-glow\\\/wp-content\\\/uploads\\\/sites\\\/10\\\/2022\\\/03\\\/Blanca-Suarez-Treat.png\",\"datePublished\":\"2019-05-30T07:00:53+00:00\",\"dateModified\":\"2025-12-15T22:54:21+00:00\",\"description\":\"Consigue la melena XXL de Blanca Su\u00e1rez con extensiones de pelo. Descubre tipos, consejos y c\u00f3mo lograr un look espectacular en poco tiempo. Insp\u00edrate con Treatwell.\",\"breadcrumb\":{\"@id\":\"https:\\\/\\\/www.treatwell.es/in-the-glow\\\/cambio-radical-blanca-suarez\\\/#breadcrumb\"},\"inLanguage\":\"es\",\"potentialAction\":[{\"@type\":\"ReadAction\",\"target\":[\"https:\\\/\\\/www.treatwell.es/in-the-glow\\\/cambio-radical-blanca-suarez\\\/\"]}]},{\"@type\":\"ImageObject\",\"inLanguage\":\"es\",\"@id\":\"https:\\\/\\\/www.treatwell.es/in-the-glow\\\/cambio-radical-blanca-suarez\\\/#primaryimage\",\"url\":\"https:\\\/\\\/www.treatwell.es/in-the-glow\\\/wp-content\\\/uploads\\\/sites\\\/10\\\/2022\\\/03\\\/Blanca-Suarez-Treat.png\",\"contentUrl\":\"https:\\\/\\\/www.treatwell.es/in-the-glow\\\/wp-content\\\/uploads\\\/sites\\\/10\\\/2022\\\/03\\\/Blanca-Suarez-Treat.png\",\"width\":500,\"height\":628},{\"@type\":\"BreadcrumbList\",\"@id\":\"https:\\\/\\\/www.treatwell.es/in-the-glow\\\/cambio-radical-blanca-suarez\\\/#breadcrumb\",\"itemListElement\":[{\"@type\":\"ListItem\",\"position\":1,\"name\":\"Home\",\"item\":\"https:\\\/\\\/www.treatwell.es/in-the-glow\\\/\"},{\"@type\":\"ListItem\",\"position\":2,\"name\":\"Beauty\",\"item\":\"https:\\\/\\\/www.treatwell.es/in-the-glow\\\/beauty\\\/\"},{\"@type\":\"ListItem\",\"position\":3,\"name\":\"El cambio de look radical de Blanca Su\u00e1rez (otra vez)\"}]},{\"@type\":\"WebSite\",\"@id\":\"https:\\\/\\\/www.treatwell.es/in-the-glow\\\/#website\",\"url\":\"https:\\\/\\\/www.treatwell.es/in-the-glow\\\/\",\"name\":\"In The Glow\",\"description\":\"Belleza. Pelo. Lifestyle.\",\"publisher\":{\"@id\":\"https:\\\/\\\/www.treatwell.es/in-the-glow\\\/#organization\"},\"potentialAction\":[{\"@type\":\"SearchAction\",\"target\":{\"@type\":\"EntryPoint\",\"urlTemplate\":\"https:\\\/\\\/www.treatwell.es/in-the-glow\\\/?s={search_term_string}\"},\"query-input\":{\"@type\":\"PropertyValueSpecification\",\"valueRequired\":true,\"valueName\":\"search_term_string\"}}],\"inLanguage\":\"es\"},{\"@type\":\"Organization\",\"@id\":\"https:\\\/\\\/www.treatwell.es/in-the-glow\\\/#organization\",\"name\":\"Treatwell\",\"url\":\"https:\\\/\\\/www.treatwell.es/in-the-glow\\\/\",\"logo\":{\"@type\":\"ImageObject\",\"inLanguage\":\"es\",\"@id\":\"https:\\\/\\\/www.treatwell.es/in-the-glow\\\/#\\\/schema\\\/logo\\\/image\\\/\",\"url\":\"https:\\\/\\\/www.treatwell.es/in-the-glow\\\/wp-content\\\/uploads\\\/sites\\\/10\\\/2022\\\/03\\\/logo_treatwell.png\",\"contentUrl\":\"https:\\\/\\\/www.treatwell.es/in-the-glow\\\/wp-content\\\/uploads\\\/sites\\\/10\\\/2022\\\/03\\\/logo_treatwell.png\",\"width\":889,\"height\":164,\"caption\":\"Treatwell\"},\"image\":{\"@id\":\"https:\\\/\\\/www.treatwell.es/in-the-glow\\\/#\\\/schema\\\/logo\\\/image\\\/\"}},{\"@type\":\"Person\",\"@id\":\"\",\"url\":\"https:\\\/\\\/www.treatwell.es/in-the-glow\\\/author\\\/\"}]}<\/script>\n<!-- \/ Yoast SEO plugin. -->","yoast_head_json":{"title":"Extensiones de pelo XXL: el truco de Blanca Su\u00e1rez | Treatwell","description":"Consigue la melena XXL de Blanca Su\u00e1rez con extensiones de pelo. Descubre tipos, consejos y c\u00f3mo lograr un look espectacular en poco tiempo. Insp\u00edrate con Treatwell.","robots":{"index":"index","follow":"follow","max-snippet":"max-snippet:-1","max-image-preview":"max-image-preview:large","max-video-preview":"max-video-preview:-1"},"canonical":"https:\/\/www.treatwell.es/in-the-glow\/cambio-radical-blanca-suarez\/","og_locale":"es_ES","og_type":"article","og_title":"Extensiones de pelo XXL: el truco de Blanca Su\u00e1rez | Treatwell","og_description":"Consigue la melena XXL de Blanca Su\u00e1rez con extensiones de pelo. Descubre tipos, consejos y c\u00f3mo lograr un look espectacular en poco tiempo. Insp\u00edrate con Treatwell.","og_url":"https:\/\/www.treatwell.es/in-the-glow\/cambio-radical-blanca-suarez\/","og_site_name":"In The Glow","article_published_time":"2019-05-30T07:00:53+00:00","article_modified_time":"2025-12-15T22:54:21+00:00","og_image":[{"width":500,"height":628,"url":"https:\/\/www.treatwell.es/in-the-glow\/wp-content\/uploads\/sites\/10\/2022\/03\/Blanca-Suarez-Treat.png","type":"image\/png"}],"twitter_card":"summary_large_image","twitter_misc":{"Escrito por":"","Tiempo de lectura":"2 minutos"},"schema":{"@context":"https:\/\/schema.org","@graph":[{"@type":"Article","@id":"https:\/\/www.treatwell.es/in-the-glow\/cambio-radical-blanca-suarez\/#article","isPartOf":{"@id":"https:\/\/www.treatwell.es/in-the-glow\/cambio-radical-blanca-suarez\/"},"author":{"name":"","@id":""},"headline":"El cambio de look radical de Blanca Su\u00e1rez (otra vez)","datePublished":"2019-05-30T07:00:53+00:00","dateModified":"2025-12-15T22:54:21+00:00","mainEntityOfPage":{"@id":"https:\/\/www.treatwell.es/in-the-glow\/cambio-radical-blanca-suarez\/"},"wordCount":395,"publisher":{"@id":"https:\/\/www.treatwell.es/in-the-glow\/#organization"},"image":{"@id":"https:\/\/www.treatwell.es/in-the-glow\/cambio-radical-blanca-suarez\/#primaryimage"},"thumbnailUrl":"https:\/\/www.treatwell.es/in-the-glow\/wp-content\/uploads\/sites\/10\/2022\/03\/Blanca-Suarez-Treat.png","keywords":["Hair","Hair Colouring and Highlights","Hair Conditioning and Scalp Treatments","Hair Consulting","Hair Extensions"],"articleSection":["Beauty"],"inLanguage":"es"},{"@type":"WebPage","@id":"https:\/\/www.treatwell.es/in-the-glow\/cambio-radical-blanca-suarez\/","url":"https:\/\/www.treatwell.es/in-the-glow\/cambio-radical-blanca-suarez\/","name":"Extensiones de pelo XXL: el truco de Blanca Su\u00e1rez | Treatwell","isPartOf":{"@id":"https:\/\/www.treatwell.es/in-the-glow\/#website"},"primaryImageOfPage":{"@id":"https:\/\/www.treatwell.es/in-the-glow\/cambio-radical-blanca-suarez\/#primaryimage"},"image":{"@id":"https:\/\/www.treatwell.es/in-the-glow\/cambio-radical-blanca-suarez\/#primaryimage"},"thumbnailUrl":"https:\/\/www.treatwell.es/in-the-glow\/wp-content\/uploads\/sites\/10\/2022\/03\/Blanca-Suarez-Treat.png","datePublished":"2019-05-30T07:00:53+00:00","dateModified":"2025-12-15T22:54:21+00:00","description":"Consigue la melena XXL de Blanca Su\u00e1rez con extensiones de pelo. Descubre tipos, consejos y c\u00f3mo lograr un look espectacular en poco tiempo. Insp\u00edrate con Treatwell.","breadcrumb":{"@id":"https:\/\/www.treatwell.es/in-the-glow\/cambio-radical-blanca-suarez\/#breadcrumb"},"inLanguage":"es","potentialAction":[{"@type":"ReadAction","target":["https:\/\/www.treatwell.es/in-the-glow\/cambio-radical-blanca-suarez\/"]}]},{"@type":"ImageObject","inLanguage":"es","@id":"https:\/\/www.treatwell.es/in-the-glow\/cambio-radical-blanca-suarez\/#primaryimage","url":"https:\/\/www.treatwell.es/in-the-glow\/wp-content\/uploads\/sites\/10\/2022\/03\/Blanca-Suarez-Treat.png","contentUrl":"https:\/\/www.treatwell.es/in-the-glow\/wp-content\/uploads\/sites\/10\/2022\/03\/Blanca-Suarez-Treat.png","width":500,"height":628},{"@type":"BreadcrumbList","@id":"https:\/\/www.treatwell.es/in-the-glow\/cambio-radical-blanca-suarez\/#breadcrumb","itemListElement":[{"@type":"ListItem","position":1,"name":"Home","item":"https:\/\/www.treatwell.es/in-the-glow\/"},{"@type":"ListItem","position":2,"name":"Beauty","item":"https:\/\/www.treatwell.es/in-the-glow\/beauty\/"},{"@type":"ListItem","position":3,"name":"El cambio de look radical de Blanca Su\u00e1rez (otra vez)"}]},{"@type":"WebSite","@id":"https:\/\/www.treatwell.es/in-the-glow\/#website","url":"https:\/\/www.treatwell.es/in-the-glow\/","name":"In The Glow","description":"Belleza. Pelo. Lifestyle.","publisher":{"@id":"https:\/\/www.treatwell.es/in-the-glow\/#organization"},"potentialAction":[{"@type":"SearchAction","target":{"@type":"EntryPoint","urlTemplate":"https:\/\/www.treatwell.es/in-the-glow\/?s={search_term_string}"},"query-input":{"@type":"PropertyValueSpecification","valueRequired":true,"valueName":"search_term_string"}}],"inLanguage":"es"},{"@type":"Organization","@id":"https:\/\/www.treatwell.es/in-the-glow\/#organization","name":"Treatwell","url":"https:\/\/www.treatwell.es/in-the-glow\/","logo":{"@type":"ImageObject","inLanguage":"es","@id":"https:\/\/www.treatwell.es/in-the-glow\/#\/schema\/logo\/image\/","url":"https:\/\/www.treatwell.es/in-the-glow\/wp-content\/uploads\/sites\/10\/2022\/03\/logo_treatwell.png","contentUrl":"https:\/\/www.treatwell.es/in-the-glow\/wp-content\/uploads\/sites\/10\/2022\/03\/logo_treatwell.png","width":889,"height":164,"caption":"Treatwell"},"image":{"@id":"https:\/\/www.treatwell.es/in-the-glow\/#\/schema\/logo\/image\/"}},{"@type":"Person","@id":"","url":"https:\/\/www.treatwell.es/in-the-glow\/author\/"}]}},"featured_image_src":"https:\/\/www.treatwell.es/in-the-glow\/wp-content\/uploads\/sites\/10\/2022\/03\/Blanca-Suarez-Treat-500x400.png","featured_image_src_square":"https:\/\/www.treatwell.es/in-the-glow\/wp-content\/uploads\/sites\/10\/2022\/03\/Blanca-Suarez-Treat-500x600.png","author_info":{"display_name":"","author_link":"https:\/\/www.treatwell.es/in-the-glow\/author\/"},"_links":{"self":[{"href":"https:\/\/www.treatwell.es\/in-the-glow\/wp-json\/wp\/v2\/posts\/29486","targetHints":{"allow":["GET"]}}],"collection":[{"href":"https:\/\/www.treatwell.es\/in-the-glow\/wp-json\/wp\/v2\/posts"}],"about":[{"href":"https:\/\/www.treatwell.es\/in-the-glow\/wp-json\/wp\/v2\/types\/post"}],"author":[{"embeddable":true,"href":"https:\/\/www.treatwell.es\/in-the-glow\/wp-json\/wp\/v2\/users\/3319"}],"replies":[{"embeddable":true,"href":"https:\/\/www.treatwell.es\/in-the-glow\/wp-json\/wp\/v2\/comments?post=29486"}],"version-history":[{"count":0,"href":"https:\/\/www.treatwell.es\/in-the-glow\/wp-json\/wp\/v2\/posts\/29486\/revisions"}],"wp:featuredmedia":[{"embeddable":true,"href":"https:\/\/www.treatwell.es\/in-the-glow\/wp-json\/wp\/v2\/media\/29491"}],"wp:attachment":[{"href":"https:\/\/www.treatwell.es\/in-the-glow\/wp-json\/wp\/v2\/media?parent=29486"}],"wp:term":[{"taxonomy":"category","embeddable":true,"href":"https:\/\/www.treatwell.es\/in-the-glow\/wp-json\/wp\/v2\/categories?post=29486"},{"taxonomy":"post_tag","embeddable":true,"href":"https:\/\/www.treatwell.es\/in-the-glow\/wp-json\/wp\/v2\/tags?post=29486"}],"curies":[{"name":"wp","href":"https:\/\/api.w.org\/{rel}","templated":true}]}}