{"id":29527,"date":"2019-06-07T09:00:49","date_gmt":"2019-06-07T07:00:49","guid":{"rendered":"https:\/\/www.treatwell.es\/in-the-glow\/?p=23817"},"modified":"2025-12-15T23:54:22","modified_gmt":"2025-12-15T22:54:22","slug":"spoiler-look-aitana-verano","status":"publish","type":"post","link":"https:\/\/www.treatwell.es/in-the-glow\/spoiler-look-aitana-verano\/","title":{"rendered":"Spoiler: este es el look de Aitana que vas a querer para verano"},"content":{"rendered":"<p>La espera ha llegado a su fin. \u00a1Viva! Por fin Aitana ha presentado su\u00a0primer \u00e1lbum llamado nada m\u00e1s y nada menos que &#8216;Spoiler&#8217;. Y s\u00ed amigos, es una pasada. Pero el spoiler del que queremos hablar nosotros es diferente. S\u00ed, s\u00ed, que todav\u00eda hay m\u00e1s oye.\u00a0Y es que hemos analizado el look de Aitana y tenemos que confesar que ya sabemos cu\u00e1les son sus truquillos para estar siempre perfecta.<\/p>\n<p>De la cabeza a los pies, te contamos qu\u00e9 es lo que le hace esta chica para ir mon\u00edsima siempre (como dicen en &#8216;Aqu\u00ed no hay quien viva&#8217;). Y as\u00ed, si quieres, \u00a1t\u00fa tambi\u00e9n puedes copiarle el look!<\/p>\n<div class=\"schema-faq wp-block-yoast-faq-block\"><\/div>\n","protected":false},"excerpt":{"rendered":"<p>La espera ha llegado a su fin. \u00a1Viva! Por fin Aitana ha presentado su\u00a0primer \u00e1lbum llamado nada m\u00e1s y nada menos que &#8216;Spoiler&#8217;. Y s\u00ed amigos, es una pasada. Pero el spoiler del que queremos hablar nosotros es diferente. S\u00ed, s\u00ed, que todav\u00eda hay m\u00e1s oye.\u00a0Y es que hemos analizado el look de Aitana y [&hellip;]<\/p>\n","protected":false},"author":3319,"featured_media":29533,"comment_status":"closed","ping_status":"closed","sticky":false,"template":"","format":"standard","meta":{"_acf_changed":false,"_yoast_wpseo_title":"Look de Aitana: flequillo, eyeliner y mechas californianas","_yoast_wpseo_metadesc":"Descubre los secretos del look de Aitana: c\u00f3mo lograr su flequillo ic\u00f3nico, eyeliner perfecto, mechas californianas y lifting de pesta\u00f1as. L\u00facete f\u00e1cil y a la moda.","_genesis_hide_title":false,"_genesis_hide_breadcrumbs":false,"_genesis_hide_singular_image":false,"_genesis_hide_footer_widgets":false,"_genesis_custom_body_class":"","_genesis_custom_post_class":"","_genesis_layout":"","saswp_custom_schema_field":"","footnotes":""},"categories":[4],"tags":[105,29,30,27,104],"class_list":{"0":"post-29527","1":"post","2":"type-post","3":"status-publish","4":"format-standard","5":"has-post-thumbnail","7":"category-beauty","8":"tag-tr709","9":"tag-tr48","10":"tag-tr706","11":"tag-tt6","12":"tag-vt53","13":"entry"},"acf":{"post_credits":"Cr\u00e9ditos de las im\u00e1genes: Shutterstock, Instagram de @aitanalaprincesadeot, @queen_aitana.","beauty_blog_post_button_title":"","beauty_blog_post_button":"","landscape_picture":29532,"blocks":[{"block_title":"El flequillo perfecto","block_content":"<p>Sin lugar a dudas, el flequillo es la se&ntilde;a de identidad de Aitana. &iquest;Y c&oacute;mo lo hace para que le quede siempre tan bien? &iexcl;F&aacute;cil! Lo importante es tener el pelo&nbsp;suave, ligero y brillante. Nada que no pueda solucionar una <a href=\"https:\/\/www.treatwell.es\/establecimientos\/servicios-grupo-pelo\/oferta-tipo-local\/en-es\/\">buena dosis de hidrataci&oacute;n extra<\/a>. Y para el corte, lo mejor es <a href=\"https:\/\/www.treatwell.es\/establecimientos\/tratamiento-corte-de-pelo\/oferta-tipo-local\/en-es\/\">consultar con tu peluquero<\/a> para ver cu&aacute;l es la forma que le queda mejor a tu cara. El flequillo de Aitana por ejemplo es largo, recto y un poquito desfilado por los lados.<\/p>\n","video_content":"","block_picture":29528},{"block_title":"Eyeliner delineado","block_content":"<p>El eyeliner es otro de los favoritos de Aitana a la hora de maquillarse. Y es que ella sabe c&oacute;mo sacarle partido a su mirada con una l&iacute;nea de ojos delineada. Normalmente no suele salir del negro, pero oye si t&uacute; quieres innovar para el verano, &iexcl;ahora tambi&eacute;n se lleva <a href=\"https:\/\/www.treatwell.es\/in-the-glow\/eyeliner-grafico\/\">el eyeliner de colores<\/a>!<\/p>\n","video_content":"","block_picture":29529},{"block_title":"Mechas californianas","block_content":"<p>Como la canci&oacute;n dice: <em>Vaya, vaya, aqu&iacute; no hay playa<\/em> - sin mechas californianas. Porque si hay un <em>must<\/em> para el verano, estos son los reflejos rubitos ba&ntilde;ados al sol. Y Aitana lo sabe muy bien. &iquest;C&oacute;mo hac&eacute;rselos? Puedes pedir en tu peluquer&iacute;a las <a href=\"https:\/\/www.treatwell.es\/establecimientos\/tratamiento-tinte-y-mechas-mujer\/oferta-tipo-local\/en-es\/\">mechas balayage o&nbsp;californianas<\/a> y para un look totalmente natural, escoge dos tonos m&aacute;s claritos a tu melena.<\/p>\n","video_content":"","block_picture":29530},{"block_title":"Lifting de pesta\u00f1as","block_content":"<p>Y con el eyeliner no pod&iacute;an faltar unas pesta&ntilde;as XXL como mejor aliado. &iquest;Cu&aacute;l es el truco de Aitana? Un <a href=\"https:\/\/www.treatwell.es\/establecimientos\/tratamiento-lifting-de-pestanas\/oferta-tipo-local\/en-es\/\">lifting de pesta&ntilde;as<\/a>. As&iacute; consigues un efecto natural, alargando las pesta&ntilde;as, &iexcl;que te dura seis semanas! Se acab&oacute; lo de ponerse m&aacute;scara de pesta&ntilde;as cada ma&ntilde;ana. Luce una mirada es-pec-ta-cu-lar en un pis pas. &iexcl;Y listo!<\/p>\n","video_content":"","block_picture":29531}]},"yoast_head":"<!-- This site is optimized with the Yoast SEO plugin v27.5 - https:\/\/yoast.com\/product\/yoast-seo-wordpress\/ -->\n<title>Look de Aitana: flequillo, eyeliner y mechas californianas<\/title>\n<meta name=\"description\" content=\"Descubre los secretos del look de Aitana: c\u00f3mo lograr su flequillo ic\u00f3nico, eyeliner perfecto, mechas californianas y lifting de pesta\u00f1as. L\u00facete f\u00e1cil y a la moda.\" \/>\n<meta name=\"robots\" content=\"index, follow, max-snippet:-1, max-image-preview:large, max-video-preview:-1\" \/>\n<link rel=\"canonical\" href=\"https:\/\/www.treatwell.es/in-the-glow\/spoiler-look-aitana-verano\/\" \/>\n<meta property=\"og:locale\" content=\"es_ES\" \/>\n<meta property=\"og:type\" content=\"article\" \/>\n<meta property=\"og:title\" content=\"Look de Aitana: flequillo, eyeliner y mechas californianas\" \/>\n<meta property=\"og:description\" content=\"Descubre los secretos del look de Aitana: c\u00f3mo lograr su flequillo ic\u00f3nico, eyeliner perfecto, mechas californianas y lifting de pesta\u00f1as. L\u00facete f\u00e1cil y a la moda.\" \/>\n<meta property=\"og:url\" content=\"https:\/\/www.treatwell.es/in-the-glow\/spoiler-look-aitana-verano\/\" \/>\n<meta property=\"og:site_name\" content=\"In The Glow\" \/>\n<meta property=\"article:published_time\" content=\"2019-06-07T07:00:49+00:00\" \/>\n<meta property=\"article:modified_time\" content=\"2025-12-15T22:54:22+00:00\" \/>\n<meta property=\"og:image\" content=\"https:\/\/www.treatwell.es/in-the-glow\/wp-content\/uploads\/sites\/10\/2022\/03\/Spoiler-Aitana-Look-Treat.png\" \/>\n\t<meta property=\"og:image:width\" content=\"500\" \/>\n\t<meta property=\"og:image:height\" content=\"628\" \/>\n\t<meta property=\"og:image:type\" content=\"image\/png\" \/>\n<meta name=\"twitter:card\" content=\"summary_large_image\" \/>\n<meta name=\"twitter:label1\" content=\"Escrito por\" \/>\n\t<meta name=\"twitter:data1\" content=\"\" \/>\n\t<meta name=\"twitter:label2\" content=\"Tiempo de lectura\" \/>\n\t<meta name=\"twitter:data2\" content=\"1 minuto\" \/>\n<script type=\"application\/ld+json\" class=\"yoast-schema-graph\">{\"@context\":\"https:\\\/\\\/schema.org\",\"@graph\":[{\"@type\":\"Article\",\"@id\":\"https:\\\/\\\/www.treatwell.es/in-the-glow\\\/spoiler-look-aitana-verano\\\/#article\",\"isPartOf\":{\"@id\":\"https:\\\/\\\/www.treatwell.es/in-the-glow\\\/spoiler-look-aitana-verano\\\/\"},\"author\":{\"name\":\"\",\"@id\":\"\"},\"headline\":\"Spoiler: este es el look de Aitana que vas a querer para verano\",\"datePublished\":\"2019-06-07T07:00:49+00:00\",\"dateModified\":\"2025-12-15T22:54:22+00:00\",\"mainEntityOfPage\":{\"@id\":\"https:\\\/\\\/www.treatwell.es/in-the-glow\\\/spoiler-look-aitana-verano\\\/\"},\"wordCount\":128,\"publisher\":{\"@id\":\"https:\\\/\\\/www.treatwell.es/in-the-glow\\\/#organization\"},\"image\":{\"@id\":\"https:\\\/\\\/www.treatwell.es/in-the-glow\\\/spoiler-look-aitana-verano\\\/#primaryimage\"},\"thumbnailUrl\":\"https:\\\/\\\/www.treatwell.es/in-the-glow\\\/wp-content\\\/uploads\\\/sites\\\/10\\\/2022\\\/03\\\/Spoiler-Aitana-Look-Treat.png\",\"keywords\":[\"Eyebrow and Eyelash Tinting\",\"Eyebrow and Eyelash Treatments\",\"Eyelash Extensions\",\"Hair\",\"Makeup Studio\"],\"articleSection\":[\"Beauty\"],\"inLanguage\":\"es\"},{\"@type\":\"WebPage\",\"@id\":\"https:\\\/\\\/www.treatwell.es/in-the-glow\\\/spoiler-look-aitana-verano\\\/\",\"url\":\"https:\\\/\\\/www.treatwell.es/in-the-glow\\\/spoiler-look-aitana-verano\\\/\",\"name\":\"Look de Aitana: flequillo, eyeliner y mechas californianas\",\"isPartOf\":{\"@id\":\"https:\\\/\\\/www.treatwell.es/in-the-glow\\\/#website\"},\"primaryImageOfPage\":{\"@id\":\"https:\\\/\\\/www.treatwell.es/in-the-glow\\\/spoiler-look-aitana-verano\\\/#primaryimage\"},\"image\":{\"@id\":\"https:\\\/\\\/www.treatwell.es/in-the-glow\\\/spoiler-look-aitana-verano\\\/#primaryimage\"},\"thumbnailUrl\":\"https:\\\/\\\/www.treatwell.es/in-the-glow\\\/wp-content\\\/uploads\\\/sites\\\/10\\\/2022\\\/03\\\/Spoiler-Aitana-Look-Treat.png\",\"datePublished\":\"2019-06-07T07:00:49+00:00\",\"dateModified\":\"2025-12-15T22:54:22+00:00\",\"description\":\"Descubre los secretos del look de Aitana: c\u00f3mo lograr su flequillo ic\u00f3nico, eyeliner perfecto, mechas californianas y lifting de pesta\u00f1as. L\u00facete f\u00e1cil y a la moda.\",\"breadcrumb\":{\"@id\":\"https:\\\/\\\/www.treatwell.es/in-the-glow\\\/spoiler-look-aitana-verano\\\/#breadcrumb\"},\"inLanguage\":\"es\",\"potentialAction\":[{\"@type\":\"ReadAction\",\"target\":[\"https:\\\/\\\/www.treatwell.es/in-the-glow\\\/spoiler-look-aitana-verano\\\/\"]}]},{\"@type\":\"ImageObject\",\"inLanguage\":\"es\",\"@id\":\"https:\\\/\\\/www.treatwell.es/in-the-glow\\\/spoiler-look-aitana-verano\\\/#primaryimage\",\"url\":\"https:\\\/\\\/www.treatwell.es/in-the-glow\\\/wp-content\\\/uploads\\\/sites\\\/10\\\/2022\\\/03\\\/Spoiler-Aitana-Look-Treat.png\",\"contentUrl\":\"https:\\\/\\\/www.treatwell.es/in-the-glow\\\/wp-content\\\/uploads\\\/sites\\\/10\\\/2022\\\/03\\\/Spoiler-Aitana-Look-Treat.png\",\"width\":500,\"height\":628},{\"@type\":\"BreadcrumbList\",\"@id\":\"https:\\\/\\\/www.treatwell.es/in-the-glow\\\/spoiler-look-aitana-verano\\\/#breadcrumb\",\"itemListElement\":[{\"@type\":\"ListItem\",\"position\":1,\"name\":\"Home\",\"item\":\"https:\\\/\\\/www.treatwell.es/in-the-glow\\\/\"},{\"@type\":\"ListItem\",\"position\":2,\"name\":\"Beauty\",\"item\":\"https:\\\/\\\/www.treatwell.es/in-the-glow\\\/beauty\\\/\"},{\"@type\":\"ListItem\",\"position\":3,\"name\":\"Spoiler: este es el look de Aitana que vas a querer para verano\"}]},{\"@type\":\"WebSite\",\"@id\":\"https:\\\/\\\/www.treatwell.es/in-the-glow\\\/#website\",\"url\":\"https:\\\/\\\/www.treatwell.es/in-the-glow\\\/\",\"name\":\"In The Glow\",\"description\":\"Belleza. Pelo. Lifestyle.\",\"publisher\":{\"@id\":\"https:\\\/\\\/www.treatwell.es/in-the-glow\\\/#organization\"},\"potentialAction\":[{\"@type\":\"SearchAction\",\"target\":{\"@type\":\"EntryPoint\",\"urlTemplate\":\"https:\\\/\\\/www.treatwell.es/in-the-glow\\\/?s={search_term_string}\"},\"query-input\":{\"@type\":\"PropertyValueSpecification\",\"valueRequired\":true,\"valueName\":\"search_term_string\"}}],\"inLanguage\":\"es\"},{\"@type\":\"Organization\",\"@id\":\"https:\\\/\\\/www.treatwell.es/in-the-glow\\\/#organization\",\"name\":\"Treatwell\",\"url\":\"https:\\\/\\\/www.treatwell.es/in-the-glow\\\/\",\"logo\":{\"@type\":\"ImageObject\",\"inLanguage\":\"es\",\"@id\":\"https:\\\/\\\/www.treatwell.es/in-the-glow\\\/#\\\/schema\\\/logo\\\/image\\\/\",\"url\":\"https:\\\/\\\/www.treatwell.es/in-the-glow\\\/wp-content\\\/uploads\\\/sites\\\/10\\\/2022\\\/03\\\/logo_treatwell.png\",\"contentUrl\":\"https:\\\/\\\/www.treatwell.es/in-the-glow\\\/wp-content\\\/uploads\\\/sites\\\/10\\\/2022\\\/03\\\/logo_treatwell.png\",\"width\":889,\"height\":164,\"caption\":\"Treatwell\"},\"image\":{\"@id\":\"https:\\\/\\\/www.treatwell.es/in-the-glow\\\/#\\\/schema\\\/logo\\\/image\\\/\"}},{\"@type\":\"Person\",\"@id\":\"\",\"url\":\"https:\\\/\\\/www.treatwell.es/in-the-glow\\\/author\\\/\"}]}<\/script>\n<!-- \/ Yoast SEO plugin. -->","yoast_head_json":{"title":"Look de Aitana: flequillo, eyeliner y mechas californianas","description":"Descubre los secretos del look de Aitana: c\u00f3mo lograr su flequillo ic\u00f3nico, eyeliner perfecto, mechas californianas y lifting de pesta\u00f1as. L\u00facete f\u00e1cil y a la moda.","robots":{"index":"index","follow":"follow","max-snippet":"max-snippet:-1","max-image-preview":"max-image-preview:large","max-video-preview":"max-video-preview:-1"},"canonical":"https:\/\/www.treatwell.es/in-the-glow\/spoiler-look-aitana-verano\/","og_locale":"es_ES","og_type":"article","og_title":"Look de Aitana: flequillo, eyeliner y mechas californianas","og_description":"Descubre los secretos del look de Aitana: c\u00f3mo lograr su flequillo ic\u00f3nico, eyeliner perfecto, mechas californianas y lifting de pesta\u00f1as. L\u00facete f\u00e1cil y a la moda.","og_url":"https:\/\/www.treatwell.es/in-the-glow\/spoiler-look-aitana-verano\/","og_site_name":"In The Glow","article_published_time":"2019-06-07T07:00:49+00:00","article_modified_time":"2025-12-15T22:54:22+00:00","og_image":[{"width":500,"height":628,"url":"https:\/\/www.treatwell.es/in-the-glow\/wp-content\/uploads\/sites\/10\/2022\/03\/Spoiler-Aitana-Look-Treat.png","type":"image\/png"}],"twitter_card":"summary_large_image","twitter_misc":{"Escrito por":"","Tiempo de lectura":"1 minuto"},"schema":{"@context":"https:\/\/schema.org","@graph":[{"@type":"Article","@id":"https:\/\/www.treatwell.es/in-the-glow\/spoiler-look-aitana-verano\/#article","isPartOf":{"@id":"https:\/\/www.treatwell.es/in-the-glow\/spoiler-look-aitana-verano\/"},"author":{"name":"","@id":""},"headline":"Spoiler: este es el look de Aitana que vas a querer para verano","datePublished":"2019-06-07T07:00:49+00:00","dateModified":"2025-12-15T22:54:22+00:00","mainEntityOfPage":{"@id":"https:\/\/www.treatwell.es/in-the-glow\/spoiler-look-aitana-verano\/"},"wordCount":128,"publisher":{"@id":"https:\/\/www.treatwell.es/in-the-glow\/#organization"},"image":{"@id":"https:\/\/www.treatwell.es/in-the-glow\/spoiler-look-aitana-verano\/#primaryimage"},"thumbnailUrl":"https:\/\/www.treatwell.es/in-the-glow\/wp-content\/uploads\/sites\/10\/2022\/03\/Spoiler-Aitana-Look-Treat.png","keywords":["Eyebrow and Eyelash Tinting","Eyebrow and Eyelash Treatments","Eyelash Extensions","Hair","Makeup Studio"],"articleSection":["Beauty"],"inLanguage":"es"},{"@type":"WebPage","@id":"https:\/\/www.treatwell.es/in-the-glow\/spoiler-look-aitana-verano\/","url":"https:\/\/www.treatwell.es/in-the-glow\/spoiler-look-aitana-verano\/","name":"Look de Aitana: flequillo, eyeliner y mechas californianas","isPartOf":{"@id":"https:\/\/www.treatwell.es/in-the-glow\/#website"},"primaryImageOfPage":{"@id":"https:\/\/www.treatwell.es/in-the-glow\/spoiler-look-aitana-verano\/#primaryimage"},"image":{"@id":"https:\/\/www.treatwell.es/in-the-glow\/spoiler-look-aitana-verano\/#primaryimage"},"thumbnailUrl":"https:\/\/www.treatwell.es/in-the-glow\/wp-content\/uploads\/sites\/10\/2022\/03\/Spoiler-Aitana-Look-Treat.png","datePublished":"2019-06-07T07:00:49+00:00","dateModified":"2025-12-15T22:54:22+00:00","description":"Descubre los secretos del look de Aitana: c\u00f3mo lograr su flequillo ic\u00f3nico, eyeliner perfecto, mechas californianas y lifting de pesta\u00f1as. L\u00facete f\u00e1cil y a la moda.","breadcrumb":{"@id":"https:\/\/www.treatwell.es/in-the-glow\/spoiler-look-aitana-verano\/#breadcrumb"},"inLanguage":"es","potentialAction":[{"@type":"ReadAction","target":["https:\/\/www.treatwell.es/in-the-glow\/spoiler-look-aitana-verano\/"]}]},{"@type":"ImageObject","inLanguage":"es","@id":"https:\/\/www.treatwell.es/in-the-glow\/spoiler-look-aitana-verano\/#primaryimage","url":"https:\/\/www.treatwell.es/in-the-glow\/wp-content\/uploads\/sites\/10\/2022\/03\/Spoiler-Aitana-Look-Treat.png","contentUrl":"https:\/\/www.treatwell.es/in-the-glow\/wp-content\/uploads\/sites\/10\/2022\/03\/Spoiler-Aitana-Look-Treat.png","width":500,"height":628},{"@type":"BreadcrumbList","@id":"https:\/\/www.treatwell.es/in-the-glow\/spoiler-look-aitana-verano\/#breadcrumb","itemListElement":[{"@type":"ListItem","position":1,"name":"Home","item":"https:\/\/www.treatwell.es/in-the-glow\/"},{"@type":"ListItem","position":2,"name":"Beauty","item":"https:\/\/www.treatwell.es/in-the-glow\/beauty\/"},{"@type":"ListItem","position":3,"name":"Spoiler: este es el look de Aitana que vas a querer para verano"}]},{"@type":"WebSite","@id":"https:\/\/www.treatwell.es/in-the-glow\/#website","url":"https:\/\/www.treatwell.es/in-the-glow\/","name":"In The Glow","description":"Belleza. Pelo. Lifestyle.","publisher":{"@id":"https:\/\/www.treatwell.es/in-the-glow\/#organization"},"potentialAction":[{"@type":"SearchAction","target":{"@type":"EntryPoint","urlTemplate":"https:\/\/www.treatwell.es/in-the-glow\/?s={search_term_string}"},"query-input":{"@type":"PropertyValueSpecification","valueRequired":true,"valueName":"search_term_string"}}],"inLanguage":"es"},{"@type":"Organization","@id":"https:\/\/www.treatwell.es/in-the-glow\/#organization","name":"Treatwell","url":"https:\/\/www.treatwell.es/in-the-glow\/","logo":{"@type":"ImageObject","inLanguage":"es","@id":"https:\/\/www.treatwell.es/in-the-glow\/#\/schema\/logo\/image\/","url":"https:\/\/www.treatwell.es/in-the-glow\/wp-content\/uploads\/sites\/10\/2022\/03\/logo_treatwell.png","contentUrl":"https:\/\/www.treatwell.es/in-the-glow\/wp-content\/uploads\/sites\/10\/2022\/03\/logo_treatwell.png","width":889,"height":164,"caption":"Treatwell"},"image":{"@id":"https:\/\/www.treatwell.es/in-the-glow\/#\/schema\/logo\/image\/"}},{"@type":"Person","@id":"","url":"https:\/\/www.treatwell.es/in-the-glow\/author\/"}]}},"featured_image_src":"https:\/\/www.treatwell.es/in-the-glow\/wp-content\/uploads\/sites\/10\/2022\/03\/Spoiler-Aitana-Look-Treat-500x400.png","featured_image_src_square":"https:\/\/www.treatwell.es/in-the-glow\/wp-content\/uploads\/sites\/10\/2022\/03\/Spoiler-Aitana-Look-Treat-500x600.png","author_info":{"display_name":"","author_link":"https:\/\/www.treatwell.es/in-the-glow\/author\/"},"_links":{"self":[{"href":"https:\/\/www.treatwell.es\/in-the-glow\/wp-json\/wp\/v2\/posts\/29527","targetHints":{"allow":["GET"]}}],"collection":[{"href":"https:\/\/www.treatwell.es\/in-the-glow\/wp-json\/wp\/v2\/posts"}],"about":[{"href":"https:\/\/www.treatwell.es\/in-the-glow\/wp-json\/wp\/v2\/types\/post"}],"author":[{"embeddable":true,"href":"https:\/\/www.treatwell.es\/in-the-glow\/wp-json\/wp\/v2\/users\/3319"}],"replies":[{"embeddable":true,"href":"https:\/\/www.treatwell.es\/in-the-glow\/wp-json\/wp\/v2\/comments?post=29527"}],"version-history":[{"count":0,"href":"https:\/\/www.treatwell.es\/in-the-glow\/wp-json\/wp\/v2\/posts\/29527\/revisions"}],"wp:featuredmedia":[{"embeddable":true,"href":"https:\/\/www.treatwell.es\/in-the-glow\/wp-json\/wp\/v2\/media\/29533"}],"wp:attachment":[{"href":"https:\/\/www.treatwell.es\/in-the-glow\/wp-json\/wp\/v2\/media?parent=29527"}],"wp:term":[{"taxonomy":"category","embeddable":true,"href":"https:\/\/www.treatwell.es\/in-the-glow\/wp-json\/wp\/v2\/categories?post=29527"},{"taxonomy":"post_tag","embeddable":true,"href":"https:\/\/www.treatwell.es\/in-the-glow\/wp-json\/wp\/v2\/tags?post=29527"}],"curies":[{"name":"wp","href":"https:\/\/api.w.org\/{rel}","templated":true}]}}