{"id":29749,"date":"2019-08-02T09:00:15","date_gmt":"2019-08-02T07:00:15","guid":{"rendered":"https:\/\/www.treatwell.es\/in-the-glow\/?p=24412"},"modified":"2025-12-16T12:35:56","modified_gmt":"2025-12-16T11:35:56","slug":"pelo-hidratarlo-con-este-tratamiento","status":"publish","type":"post","link":"https:\/\/www.treatwell.es/in-the-glow\/pelo-hidratarlo-con-este-tratamiento\/","title":{"rendered":"C\u00f3mo me ha quedado el pelo despu\u00e9s de hidratarlo con este tratamiento"},"content":{"rendered":"<p>La verdad es que siempre he tenido el pelo muy seco. Haga lo que haga, parece que he estado 24 horas seguidas en la playa, con el pelo encrespado, apagado y sin ning\u00fan tipo de movimiento.<\/p>\n<p>Por eso decid\u00ed ir a <a href=\"https:\/\/www.treatwell.es\/establecimiento\/lv-lorena-varona\/\">LV Lorena Varona<\/a> y ponerme en las mejores manos para mimar mi melena. Y despu\u00e9s de ver qu\u00e9 era exactamente lo que necesitaba mi pelo, me aconsejaron un tratamiento hidratante de\u00a0<em>Screen\/Nubea\u00a0Madrid<\/em>. Un tratamiento con aceite de arg\u00e1n que me ha dejado la melenaza como nueva. \u00bfQuieres saber en qu\u00e9 consiste? No te preocupes, \u00a1que te lo cuento todo, todito!<\/p>\n<div class=\"schema-faq wp-block-yoast-faq-block\">\n<div class=\"schema-faq-section\" id=\"faq-question-1765884375735\">\n<h3 class=\"schema-faq-question\">\u00bfEn cu\u00e1nto tiempo puedes realizar el tratamiento hidratante de aceite de arg\u00e1n?<\/h3>\n<p class=\"schema-faq-answer\">Puedes realizar el tratamiento hidratante de aceite de arg\u00e1n en solo 15 minutos. Esta duraci\u00f3n te permite hacerlo en cualquier momento del d\u00eda, incluso si tienes poco tiempo disponible.<\/div>\n<div class=\"schema-faq-section\" id=\"faq-question-1765884375736\">\n<h3 class=\"schema-faq-question\">\u00bfCu\u00e1nto duran los resultados del tratamiento hidratante para el cabello seco?<\/h3>\n<p class=\"schema-faq-answer\">Los resultados de este tratamiento suelen durar al menos un mes. Durante este periodo, tu cabello se mantiene suave, con brillo y sin encrespamiento desde la primera aplicaci\u00f3n.<\/div>\n<div class=\"schema-faq-section\" id=\"faq-question-1765884375737\">\n<h3 class=\"schema-faq-question\">\u00bfQu\u00e9 beneficios aporta el aceite de arg\u00e1n a tu cabello?<\/h3>\n<p class=\"schema-faq-answer\">El aceite de arg\u00e1n aporta brillo, elasticidad y suavidad al cabello sin dejar sensaci\u00f3n grasa ni pesada. Tu melena luce m\u00e1s fuerte y sedosa de inmediato tras el tratamiento.<\/div>\n<div class=\"schema-faq-section\" id=\"faq-question-1765884375738\">\n<h3 class=\"schema-faq-question\">\u00bfC\u00f3mo se aplica el tratamiento hidratante en el sal\u00f3n?<\/h3>\n<p class=\"schema-faq-answer\">El tratamiento consiste en aplicar unas gotas de aceite de arg\u00e1n concentrado sobre el cabello, peinarlo y activar el producto con calor mediante el secador. As\u00ed el cabello absorbe todos los nutrientes y antioxidantes necesarios para un aspecto impecable.<\/div>\n<div class=\"schema-faq-section\" id=\"faq-question-1765884375739\">\n<h3 class=\"schema-faq-question\">\u00bfCon qu\u00e9 frecuencia debes repetir el tratamiento para mantener los resultados?<\/h3>\n<p class=\"schema-faq-answer\">Realiza el tratamiento una vez al mes o cada tres semanas, seg\u00fan las necesidades de tu cabello. Entre sesiones, utiliza champ\u00fa de aceite de arg\u00e1n Screen\/Nubea Madrid para prolongar sus efectos.<\/div>\n<div class=\"schema-faq-section\" id=\"faq-question-1765884375740\">\n<h3 class=\"schema-faq-question\">\u00bfSe pueden ver los resultados del tratamiento hidratante de inmediato?<\/h3>\n<p class=\"schema-faq-answer\">S\u00ed, los resultados del tratamiento son inmediatos tras el secado y peinado en el sal\u00f3n. Tu cabello obtiene una luminosidad inigualable y una suavidad similar a la seda nada m\u00e1s terminar.<\/div>\n<\/p><\/div>\n","protected":false},"excerpt":{"rendered":"<p>La verdad es que siempre he tenido el pelo muy seco. Haga lo que haga, parece que he estado 24 horas seguidas en la playa, con el pelo encrespado, apagado y sin ning\u00fan tipo de movimiento. Por eso decid\u00ed ir a LV Lorena Varona y ponerme en las mejores manos para mimar mi melena. Y [&hellip;]<\/p>\n","protected":false},"author":3319,"featured_media":29755,"comment_status":"closed","ping_status":"closed","sticky":false,"template":"","format":"standard","meta":{"_acf_changed":false,"_yoast_wpseo_title":"Tratamiento hidratante aceite arg\u00e1n para pelo seco | Treatwell","_yoast_wpseo_metadesc":"Descubre el tratamiento hidratante con aceite de arg\u00e1n en LV Lorena Varona. Brillo, suavidad y anti-encrespamiento inmediato. Resultados visibles al instante y melena sedosa durante semanas.","_genesis_hide_title":false,"_genesis_hide_breadcrumbs":false,"_genesis_hide_singular_image":false,"_genesis_hide_footer_widgets":false,"_genesis_custom_body_class":"","_genesis_custom_post_class":"","_genesis_layout":"","saswp_custom_schema_field":"{\"@context\":\"https:\/\/schema.org\",\"@type\":\"FAQPage\",\"mainEntity\":[{\"@type\":\"Question\",\"name\":\"\u00bfEn cu\u00e1nto tiempo puedes realizar el tratamiento hidratante de aceite de arg\u00e1n?\",\"acceptedAnswer\":{\"@type\":\"Answer\",\"text\":\"Puedes realizar el tratamiento hidratante de aceite de arg\u00e1n en solo 15 minutos. Esta duraci\u00f3n te permite hacerlo en cualquier momento del d\u00eda, incluso si tienes poco tiempo disponible.\"}},{\"@type\":\"Question\",\"name\":\"\u00bfCu\u00e1nto duran los resultados del tratamiento hidratante para el cabello seco?\",\"acceptedAnswer\":{\"@type\":\"Answer\",\"text\":\"Los resultados de este tratamiento suelen durar al menos un mes. Durante este periodo, tu cabello se mantiene suave, con brillo y sin encrespamiento desde la primera aplicaci\u00f3n.\"}},{\"@type\":\"Question\",\"name\":\"\u00bfQu\u00e9 beneficios aporta el aceite de arg\u00e1n a tu cabello?\",\"acceptedAnswer\":{\"@type\":\"Answer\",\"text\":\"El aceite de arg\u00e1n aporta brillo, elasticidad y suavidad al cabello sin dejar sensaci\u00f3n grasa ni pesada. Tu melena luce m\u00e1s fuerte y sedosa de inmediato tras el tratamiento.\"}},{\"@type\":\"Question\",\"name\":\"\u00bfC\u00f3mo se aplica el tratamiento hidratante en el sal\u00f3n?\",\"acceptedAnswer\":{\"@type\":\"Answer\",\"text\":\"El tratamiento consiste en aplicar unas gotas de aceite de arg\u00e1n concentrado sobre el cabello, peinarlo y activar el producto con calor mediante el secador. As\u00ed el cabello absorbe todos los nutrientes y antioxidantes necesarios para un aspecto impecable.\"}},{\"@type\":\"Question\",\"name\":\"\u00bfCon qu\u00e9 frecuencia debes repetir el tratamiento para mantener los resultados?\",\"acceptedAnswer\":{\"@type\":\"Answer\",\"text\":\"Realiza el tratamiento una vez al mes o cada tres semanas, seg\u00fan las necesidades de tu cabello. Entre sesiones, utiliza champ\u00fa de aceite de arg\u00e1n Screen\/Nubea Madrid para prolongar sus efectos.\"}},{\"@type\":\"Question\",\"name\":\"\u00bfSe pueden ver los resultados del tratamiento hidratante de inmediato?\",\"acceptedAnswer\":{\"@type\":\"Answer\",\"text\":\"S\u00ed, los resultados del tratamiento son inmediatos tras el secado y peinado en el sal\u00f3n. Tu cabello obtiene una luminosidad inigualable y una suavidad similar a la seda nada m\u00e1s terminar.\"}}]}","footnotes":""},"categories":[4],"tags":[27,48,78,49,46,10],"class_list":{"0":"post-29749","1":"post","2":"type-post","3":"status-publish","4":"format-standard","5":"has-post-thumbnail","7":"category-beauty","8":"tag-tt6","9":"tag-tr273","10":"tag-tr485","11":"tag-tr484","12":"tag-tr336","13":"tag-tr166","14":"entry"},"acf":{"post_credits":"Cr\u00e9ditos de las im\u00e1genes: Treatwell, Sal\u00f3n en Madrid: LV Lorena Varona.","beauty_blog_post_button_title":"","beauty_blog_post_button":"","landscape_picture":29754,"blocks":[{"block_title":"\u00bfEn qu\u00e9 consiste este tratamiento?","block_content":"<p>Primero te preguntar&aacute;s, <em>&iquest;qu&eacute; es el aceite de arg&aacute;n?<\/em>&nbsp;Es un aceite puro que se elabora manualmente con la semilla del &aacute;rbol de arg&aacute;n, recogida en Marruecos. Con ella se hace este aceite que se utilizan en varios tratamientos, como este de&nbsp;<em>Screen\/Nubea&nbsp;Madrid<\/em>&nbsp;en <a href=\"https:\/\/www.treatwell.es\/establecimiento\/lv-lorena-varona\/\">LV Lorena Varona<\/a>. La diferencia con el resto de tratamientos es que este aceite le aporta brillo, elasticidad y suavidad a tu pelo sin dejar sensaci&oacute;n de pesadez o el pelo graso.<\/p>\n\n<p>Vamos, que tu melena&nbsp;inmediatamente despu&eacute;s del&nbsp;tratamiento se ver&aacute; m&aacute;s suave y fuerte y te puedes ir olvidando del pelo seco porque lo tendr&aacute;s as&iacute; de sedoso... &iexcl;Durante al menos un mes!<\/p>\n","video_content":"","block_picture":29750},{"block_title":"\u00bfY c\u00f3mo se hace el tratamiento?","block_content":"<p>El tratamiento dura solo 15 minutos as&iacute; que puedes hac&eacute;rtelo a cualquier hora del d&iacute;a. Y da igual si tu pelo es liso, rizado, est&aacute; te&ntilde;ido o encrespado. En este caso much&iacute;simo mejor, porque te quitar&aacute; todo ese encrespamiento en un visto y no visto.<\/p>\n\n<p>Basicamente con el tratramiento lo que se hace es que se te pone unas gotitas de aceite de arg&aacute;n concentrado en tu pelo y as&iacute; le aportas a tu melena todos los nutrientes y antioxidantes&nbsp;que necesitas.&nbsp;<\/p>\n\n<p>Despu&eacute;s del lavado te lo peinar&aacute;n con el secador ya que con el calor se activa el tratamiento, <em>et voil&agrave;<\/em>! Vas a alucinar con la melena de 10 que se te va a quedar.<\/p>\n","video_content":"","block_picture":29751},{"block_title":"\u00bfQu\u00e9 hay que hacer despu\u00e9s del tratamiento?","block_content":"<p>Lo recomendable es hacerse este tratamiento una vez al mes, o cada tres semanas dependiendo de tu pelo. Y lo que aconsejan&nbsp;en <a href=\"https:\/\/www.treatwell.es\/establecimiento\/lv-lorena-varona\/\">LV Lorena Varona<\/a>&nbsp;es que entre medias utilices el champ&uacute; de aceite de arg&aacute;n de&nbsp;<em>Screen\/Nubea&nbsp;Madrid.<\/em><\/p>\n\n<p>Para que te hagas una idea yo llevo ya dos semanas desde que me hice el tratamiento, y no sabes el gusto que da salir de la ducha ir a peinarse el pelo y que no est&eacute; enredado o&nbsp;encrespado por todas partes. Y seguir con ese brillo como el primer d&iacute;a despu&eacute;s de hacerme el tratamiento.<\/p>\n\n<p>Es como si todos los d&iacute;as te levantar&aacute;s y pareciera que acabas de salir de la peluquer&iacute;a. <em>&iexcl;Para melena la m&iacute;a!<\/em><\/p>\n","video_content":"","block_picture":29752},{"block_title":"\u00bfEntonces los resultados se ven al instante?","block_content":"<p>&iexcl;Eso es! Seg&uacute;n te hagas el tratamiento y te lo sequen y peinen en la peluquer&iacute;a podr&aacute;s ver que&nbsp;tu pelo tiene una luminosidad inigualable. Y cuando te lo vayas a tocar... &iexcl;Como la seda, vamos!<\/p>\n\n<p>Los resultados son inmediatos, perfecto si te quer&iacute;as hacer el tratamiento antes de irte de vacaciones. Y si te lo quieres hacer para mimarlo despu&eacute;s de haber estado varios d&iacute;as en la playa, &iexcl;<a href=\"https:\/\/www.treatwell.es\/establecimiento\/lv-lorena-varona\/#serviceDetails=TR2321252\">este tratamiento es justo lo que necesitas<\/a>!<\/p>\n","video_content":"","block_picture":29753}]},"yoast_head":"<!-- This site is optimized with the Yoast SEO plugin v27.5 - https:\/\/yoast.com\/product\/yoast-seo-wordpress\/ -->\n<title>Tratamiento hidratante aceite arg\u00e1n para pelo seco | Treatwell<\/title>\n<meta name=\"description\" content=\"Descubre el tratamiento hidratante con aceite de arg\u00e1n en LV Lorena Varona. Brillo, suavidad y anti-encrespamiento inmediato. Resultados visibles al instante y melena sedosa durante semanas.\" \/>\n<meta name=\"robots\" content=\"index, follow, max-snippet:-1, max-image-preview:large, max-video-preview:-1\" \/>\n<link rel=\"canonical\" href=\"https:\/\/www.treatwell.es/in-the-glow\/pelo-hidratarlo-con-este-tratamiento\/\" \/>\n<meta property=\"og:locale\" content=\"es_ES\" \/>\n<meta property=\"og:type\" content=\"article\" \/>\n<meta property=\"og:title\" content=\"Tratamiento hidratante aceite arg\u00e1n para pelo seco | Treatwell\" \/>\n<meta property=\"og:description\" content=\"Descubre el tratamiento hidratante con aceite de arg\u00e1n en LV Lorena Varona. Brillo, suavidad y anti-encrespamiento inmediato. Resultados visibles al instante y melena sedosa durante semanas.\" \/>\n<meta property=\"og:url\" content=\"https:\/\/www.treatwell.es/in-the-glow\/pelo-hidratarlo-con-este-tratamiento\/\" \/>\n<meta property=\"og:site_name\" content=\"In The Glow\" \/>\n<meta property=\"article:published_time\" content=\"2019-08-02T07:00:15+00:00\" \/>\n<meta property=\"article:modified_time\" content=\"2025-12-16T11:35:56+00:00\" \/>\n<meta property=\"og:image\" content=\"https:\/\/www.treatwell.es/in-the-glow\/wp-content\/uploads\/sites\/10\/2022\/03\/Pelo-Hidratarlo-Tratamiento-Treat.png\" \/>\n\t<meta property=\"og:image:width\" content=\"500\" \/>\n\t<meta property=\"og:image:height\" content=\"628\" \/>\n\t<meta property=\"og:image:type\" content=\"image\/png\" \/>\n<meta name=\"twitter:card\" content=\"summary_large_image\" \/>\n<meta name=\"twitter:label1\" content=\"Escrito por\" \/>\n\t<meta name=\"twitter:data1\" content=\"\" \/>\n\t<meta name=\"twitter:label2\" content=\"Tiempo de lectura\" \/>\n\t<meta name=\"twitter:data2\" content=\"2 minutos\" \/>\n<script type=\"application\/ld+json\" class=\"yoast-schema-graph\">{\"@context\":\"https:\\\/\\\/schema.org\",\"@graph\":[{\"@type\":\"Article\",\"@id\":\"https:\\\/\\\/www.treatwell.es/in-the-glow\\\/pelo-hidratarlo-con-este-tratamiento\\\/#article\",\"isPartOf\":{\"@id\":\"https:\\\/\\\/www.treatwell.es/in-the-glow\\\/pelo-hidratarlo-con-este-tratamiento\\\/\"},\"author\":{\"name\":\"\",\"@id\":\"\"},\"headline\":\"C\u00f3mo me ha quedado el pelo despu\u00e9s de hidratarlo con este tratamiento\",\"datePublished\":\"2019-08-02T07:00:15+00:00\",\"dateModified\":\"2025-12-16T11:35:56+00:00\",\"mainEntityOfPage\":{\"@id\":\"https:\\\/\\\/www.treatwell.es/in-the-glow\\\/pelo-hidratarlo-con-este-tratamiento\\\/\"},\"wordCount\":387,\"publisher\":{\"@id\":\"https:\\\/\\\/www.treatwell.es/in-the-glow\\\/#organization\"},\"image\":{\"@id\":\"https:\\\/\\\/www.treatwell.es/in-the-glow\\\/pelo-hidratarlo-con-este-tratamiento\\\/#primaryimage\"},\"thumbnailUrl\":\"https:\\\/\\\/www.treatwell.es/in-the-glow\\\/wp-content\\\/uploads\\\/sites\\\/10\\\/2022\\\/03\\\/Pelo-Hidratarlo-Tratamiento-Treat.png\",\"keywords\":[\"Hair\",\"Hair Colouring and Highlights\",\"Hair Conditioning and Scalp Treatments\",\"Hair Consulting\",\"Hair Extensions\",\"Haircuts and Hairdressing\"],\"articleSection\":[\"Beauty\"],\"inLanguage\":\"es\"},{\"@type\":\"WebPage\",\"@id\":\"https:\\\/\\\/www.treatwell.es/in-the-glow\\\/pelo-hidratarlo-con-este-tratamiento\\\/\",\"url\":\"https:\\\/\\\/www.treatwell.es/in-the-glow\\\/pelo-hidratarlo-con-este-tratamiento\\\/\",\"name\":\"Tratamiento hidratante aceite arg\u00e1n para pelo seco | Treatwell\",\"isPartOf\":{\"@id\":\"https:\\\/\\\/www.treatwell.es/in-the-glow\\\/#website\"},\"primaryImageOfPage\":{\"@id\":\"https:\\\/\\\/www.treatwell.es/in-the-glow\\\/pelo-hidratarlo-con-este-tratamiento\\\/#primaryimage\"},\"image\":{\"@id\":\"https:\\\/\\\/www.treatwell.es/in-the-glow\\\/pelo-hidratarlo-con-este-tratamiento\\\/#primaryimage\"},\"thumbnailUrl\":\"https:\\\/\\\/www.treatwell.es/in-the-glow\\\/wp-content\\\/uploads\\\/sites\\\/10\\\/2022\\\/03\\\/Pelo-Hidratarlo-Tratamiento-Treat.png\",\"datePublished\":\"2019-08-02T07:00:15+00:00\",\"dateModified\":\"2025-12-16T11:35:56+00:00\",\"description\":\"Descubre el tratamiento hidratante con aceite de arg\u00e1n en LV Lorena Varona. Brillo, suavidad y anti-encrespamiento inmediato. Resultados visibles al instante y melena sedosa durante semanas.\",\"breadcrumb\":{\"@id\":\"https:\\\/\\\/www.treatwell.es/in-the-glow\\\/pelo-hidratarlo-con-este-tratamiento\\\/#breadcrumb\"},\"inLanguage\":\"es\",\"potentialAction\":[{\"@type\":\"ReadAction\",\"target\":[\"https:\\\/\\\/www.treatwell.es/in-the-glow\\\/pelo-hidratarlo-con-este-tratamiento\\\/\"]}]},{\"@type\":\"ImageObject\",\"inLanguage\":\"es\",\"@id\":\"https:\\\/\\\/www.treatwell.es/in-the-glow\\\/pelo-hidratarlo-con-este-tratamiento\\\/#primaryimage\",\"url\":\"https:\\\/\\\/www.treatwell.es/in-the-glow\\\/wp-content\\\/uploads\\\/sites\\\/10\\\/2022\\\/03\\\/Pelo-Hidratarlo-Tratamiento-Treat.png\",\"contentUrl\":\"https:\\\/\\\/www.treatwell.es/in-the-glow\\\/wp-content\\\/uploads\\\/sites\\\/10\\\/2022\\\/03\\\/Pelo-Hidratarlo-Tratamiento-Treat.png\",\"width\":500,\"height\":628},{\"@type\":\"BreadcrumbList\",\"@id\":\"https:\\\/\\\/www.treatwell.es/in-the-glow\\\/pelo-hidratarlo-con-este-tratamiento\\\/#breadcrumb\",\"itemListElement\":[{\"@type\":\"ListItem\",\"position\":1,\"name\":\"Home\",\"item\":\"https:\\\/\\\/www.treatwell.es/in-the-glow\\\/\"},{\"@type\":\"ListItem\",\"position\":2,\"name\":\"Beauty\",\"item\":\"https:\\\/\\\/www.treatwell.es/in-the-glow\\\/beauty\\\/\"},{\"@type\":\"ListItem\",\"position\":3,\"name\":\"C\u00f3mo me ha quedado el pelo despu\u00e9s de hidratarlo con este tratamiento\"}]},{\"@type\":\"WebSite\",\"@id\":\"https:\\\/\\\/www.treatwell.es/in-the-glow\\\/#website\",\"url\":\"https:\\\/\\\/www.treatwell.es/in-the-glow\\\/\",\"name\":\"In The Glow\",\"description\":\"Belleza. Pelo. Lifestyle.\",\"publisher\":{\"@id\":\"https:\\\/\\\/www.treatwell.es/in-the-glow\\\/#organization\"},\"potentialAction\":[{\"@type\":\"SearchAction\",\"target\":{\"@type\":\"EntryPoint\",\"urlTemplate\":\"https:\\\/\\\/www.treatwell.es/in-the-glow\\\/?s={search_term_string}\"},\"query-input\":{\"@type\":\"PropertyValueSpecification\",\"valueRequired\":true,\"valueName\":\"search_term_string\"}}],\"inLanguage\":\"es\"},{\"@type\":\"Organization\",\"@id\":\"https:\\\/\\\/www.treatwell.es/in-the-glow\\\/#organization\",\"name\":\"Treatwell\",\"url\":\"https:\\\/\\\/www.treatwell.es/in-the-glow\\\/\",\"logo\":{\"@type\":\"ImageObject\",\"inLanguage\":\"es\",\"@id\":\"https:\\\/\\\/www.treatwell.es/in-the-glow\\\/#\\\/schema\\\/logo\\\/image\\\/\",\"url\":\"https:\\\/\\\/www.treatwell.es/in-the-glow\\\/wp-content\\\/uploads\\\/sites\\\/10\\\/2022\\\/03\\\/logo_treatwell.png\",\"contentUrl\":\"https:\\\/\\\/www.treatwell.es/in-the-glow\\\/wp-content\\\/uploads\\\/sites\\\/10\\\/2022\\\/03\\\/logo_treatwell.png\",\"width\":889,\"height\":164,\"caption\":\"Treatwell\"},\"image\":{\"@id\":\"https:\\\/\\\/www.treatwell.es/in-the-glow\\\/#\\\/schema\\\/logo\\\/image\\\/\"}},{\"@type\":\"Person\",\"@id\":\"\",\"url\":\"https:\\\/\\\/www.treatwell.es/in-the-glow\\\/author\\\/\"}]}<\/script>\n<!-- \/ Yoast SEO plugin. -->","yoast_head_json":{"title":"Tratamiento hidratante aceite arg\u00e1n para pelo seco | Treatwell","description":"Descubre el tratamiento hidratante con aceite de arg\u00e1n en LV Lorena Varona. Brillo, suavidad y anti-encrespamiento inmediato. Resultados visibles al instante y melena sedosa durante semanas.","robots":{"index":"index","follow":"follow","max-snippet":"max-snippet:-1","max-image-preview":"max-image-preview:large","max-video-preview":"max-video-preview:-1"},"canonical":"https:\/\/www.treatwell.es/in-the-glow\/pelo-hidratarlo-con-este-tratamiento\/","og_locale":"es_ES","og_type":"article","og_title":"Tratamiento hidratante aceite arg\u00e1n para pelo seco | Treatwell","og_description":"Descubre el tratamiento hidratante con aceite de arg\u00e1n en LV Lorena Varona. Brillo, suavidad y anti-encrespamiento inmediato. Resultados visibles al instante y melena sedosa durante semanas.","og_url":"https:\/\/www.treatwell.es/in-the-glow\/pelo-hidratarlo-con-este-tratamiento\/","og_site_name":"In The Glow","article_published_time":"2019-08-02T07:00:15+00:00","article_modified_time":"2025-12-16T11:35:56+00:00","og_image":[{"width":500,"height":628,"url":"https:\/\/www.treatwell.es/in-the-glow\/wp-content\/uploads\/sites\/10\/2022\/03\/Pelo-Hidratarlo-Tratamiento-Treat.png","type":"image\/png"}],"twitter_card":"summary_large_image","twitter_misc":{"Escrito por":"","Tiempo de lectura":"2 minutos"},"schema":{"@context":"https:\/\/schema.org","@graph":[{"@type":"Article","@id":"https:\/\/www.treatwell.es/in-the-glow\/pelo-hidratarlo-con-este-tratamiento\/#article","isPartOf":{"@id":"https:\/\/www.treatwell.es/in-the-glow\/pelo-hidratarlo-con-este-tratamiento\/"},"author":{"name":"","@id":""},"headline":"C\u00f3mo me ha quedado el pelo despu\u00e9s de hidratarlo con este tratamiento","datePublished":"2019-08-02T07:00:15+00:00","dateModified":"2025-12-16T11:35:56+00:00","mainEntityOfPage":{"@id":"https:\/\/www.treatwell.es/in-the-glow\/pelo-hidratarlo-con-este-tratamiento\/"},"wordCount":387,"publisher":{"@id":"https:\/\/www.treatwell.es/in-the-glow\/#organization"},"image":{"@id":"https:\/\/www.treatwell.es/in-the-glow\/pelo-hidratarlo-con-este-tratamiento\/#primaryimage"},"thumbnailUrl":"https:\/\/www.treatwell.es/in-the-glow\/wp-content\/uploads\/sites\/10\/2022\/03\/Pelo-Hidratarlo-Tratamiento-Treat.png","keywords":["Hair","Hair Colouring and Highlights","Hair Conditioning and Scalp Treatments","Hair Consulting","Hair Extensions","Haircuts and Hairdressing"],"articleSection":["Beauty"],"inLanguage":"es"},{"@type":"WebPage","@id":"https:\/\/www.treatwell.es/in-the-glow\/pelo-hidratarlo-con-este-tratamiento\/","url":"https:\/\/www.treatwell.es/in-the-glow\/pelo-hidratarlo-con-este-tratamiento\/","name":"Tratamiento hidratante aceite arg\u00e1n para pelo seco | Treatwell","isPartOf":{"@id":"https:\/\/www.treatwell.es/in-the-glow\/#website"},"primaryImageOfPage":{"@id":"https:\/\/www.treatwell.es/in-the-glow\/pelo-hidratarlo-con-este-tratamiento\/#primaryimage"},"image":{"@id":"https:\/\/www.treatwell.es/in-the-glow\/pelo-hidratarlo-con-este-tratamiento\/#primaryimage"},"thumbnailUrl":"https:\/\/www.treatwell.es/in-the-glow\/wp-content\/uploads\/sites\/10\/2022\/03\/Pelo-Hidratarlo-Tratamiento-Treat.png","datePublished":"2019-08-02T07:00:15+00:00","dateModified":"2025-12-16T11:35:56+00:00","description":"Descubre el tratamiento hidratante con aceite de arg\u00e1n en LV Lorena Varona. Brillo, suavidad y anti-encrespamiento inmediato. Resultados visibles al instante y melena sedosa durante semanas.","breadcrumb":{"@id":"https:\/\/www.treatwell.es/in-the-glow\/pelo-hidratarlo-con-este-tratamiento\/#breadcrumb"},"inLanguage":"es","potentialAction":[{"@type":"ReadAction","target":["https:\/\/www.treatwell.es/in-the-glow\/pelo-hidratarlo-con-este-tratamiento\/"]}]},{"@type":"ImageObject","inLanguage":"es","@id":"https:\/\/www.treatwell.es/in-the-glow\/pelo-hidratarlo-con-este-tratamiento\/#primaryimage","url":"https:\/\/www.treatwell.es/in-the-glow\/wp-content\/uploads\/sites\/10\/2022\/03\/Pelo-Hidratarlo-Tratamiento-Treat.png","contentUrl":"https:\/\/www.treatwell.es/in-the-glow\/wp-content\/uploads\/sites\/10\/2022\/03\/Pelo-Hidratarlo-Tratamiento-Treat.png","width":500,"height":628},{"@type":"BreadcrumbList","@id":"https:\/\/www.treatwell.es/in-the-glow\/pelo-hidratarlo-con-este-tratamiento\/#breadcrumb","itemListElement":[{"@type":"ListItem","position":1,"name":"Home","item":"https:\/\/www.treatwell.es/in-the-glow\/"},{"@type":"ListItem","position":2,"name":"Beauty","item":"https:\/\/www.treatwell.es/in-the-glow\/beauty\/"},{"@type":"ListItem","position":3,"name":"C\u00f3mo me ha quedado el pelo despu\u00e9s de hidratarlo con este tratamiento"}]},{"@type":"WebSite","@id":"https:\/\/www.treatwell.es/in-the-glow\/#website","url":"https:\/\/www.treatwell.es/in-the-glow\/","name":"In The Glow","description":"Belleza. Pelo. Lifestyle.","publisher":{"@id":"https:\/\/www.treatwell.es/in-the-glow\/#organization"},"potentialAction":[{"@type":"SearchAction","target":{"@type":"EntryPoint","urlTemplate":"https:\/\/www.treatwell.es/in-the-glow\/?s={search_term_string}"},"query-input":{"@type":"PropertyValueSpecification","valueRequired":true,"valueName":"search_term_string"}}],"inLanguage":"es"},{"@type":"Organization","@id":"https:\/\/www.treatwell.es/in-the-glow\/#organization","name":"Treatwell","url":"https:\/\/www.treatwell.es/in-the-glow\/","logo":{"@type":"ImageObject","inLanguage":"es","@id":"https:\/\/www.treatwell.es/in-the-glow\/#\/schema\/logo\/image\/","url":"https:\/\/www.treatwell.es/in-the-glow\/wp-content\/uploads\/sites\/10\/2022\/03\/logo_treatwell.png","contentUrl":"https:\/\/www.treatwell.es/in-the-glow\/wp-content\/uploads\/sites\/10\/2022\/03\/logo_treatwell.png","width":889,"height":164,"caption":"Treatwell"},"image":{"@id":"https:\/\/www.treatwell.es/in-the-glow\/#\/schema\/logo\/image\/"}},{"@type":"Person","@id":"","url":"https:\/\/www.treatwell.es/in-the-glow\/author\/"}]}},"featured_image_src":"https:\/\/www.treatwell.es/in-the-glow\/wp-content\/uploads\/sites\/10\/2022\/03\/Pelo-Hidratarlo-Tratamiento-Treat-500x400.png","featured_image_src_square":"https:\/\/www.treatwell.es/in-the-glow\/wp-content\/uploads\/sites\/10\/2022\/03\/Pelo-Hidratarlo-Tratamiento-Treat-500x600.png","author_info":{"display_name":"","author_link":"https:\/\/www.treatwell.es/in-the-glow\/author\/"},"_links":{"self":[{"href":"https:\/\/www.treatwell.es\/in-the-glow\/wp-json\/wp\/v2\/posts\/29749","targetHints":{"allow":["GET"]}}],"collection":[{"href":"https:\/\/www.treatwell.es\/in-the-glow\/wp-json\/wp\/v2\/posts"}],"about":[{"href":"https:\/\/www.treatwell.es\/in-the-glow\/wp-json\/wp\/v2\/types\/post"}],"author":[{"embeddable":true,"href":"https:\/\/www.treatwell.es\/in-the-glow\/wp-json\/wp\/v2\/users\/3319"}],"replies":[{"embeddable":true,"href":"https:\/\/www.treatwell.es\/in-the-glow\/wp-json\/wp\/v2\/comments?post=29749"}],"version-history":[{"count":0,"href":"https:\/\/www.treatwell.es\/in-the-glow\/wp-json\/wp\/v2\/posts\/29749\/revisions"}],"wp:featuredmedia":[{"embeddable":true,"href":"https:\/\/www.treatwell.es\/in-the-glow\/wp-json\/wp\/v2\/media\/29755"}],"wp:attachment":[{"href":"https:\/\/www.treatwell.es\/in-the-glow\/wp-json\/wp\/v2\/media?parent=29749"}],"wp:term":[{"taxonomy":"category","embeddable":true,"href":"https:\/\/www.treatwell.es\/in-the-glow\/wp-json\/wp\/v2\/categories?post=29749"},{"taxonomy":"post_tag","embeddable":true,"href":"https:\/\/www.treatwell.es\/in-the-glow\/wp-json\/wp\/v2\/tags?post=29749"}],"curies":[{"name":"wp","href":"https:\/\/api.w.org\/{rel}","templated":true}]}}