{"id":29957,"date":"2019-10-03T17:28:03","date_gmt":"2019-10-03T15:28:03","guid":{"rendered":"https:\/\/www.treatwell.es\/in-the-glow\/?p=24903"},"modified":"2025-12-15T23:54:31","modified_gmt":"2025-12-15T22:54:31","slug":"cosas-combatir-cambio-climatico","status":"publish","type":"post","link":"https:\/\/www.treatwell.es/in-the-glow\/cosas-combatir-cambio-climatico\/","title":{"rendered":"5 cosas que puedes hacer en tu d\u00eda a d\u00eda para combatir el cambio clim\u00e1tico"},"content":{"rendered":"<p>Cada peque\u00f1o gesto cuenta. Y en un mundo en el que los j\u00f3venes nos alzamos en contra del cambio clim\u00e1tico, \u00bfsab\u00edas que solo con cambiar algunas cosas de tu d\u00eda a d\u00eda ya ayudas a combatir este problema?<\/p>\n<p>S\u00ed, s\u00ed, como lo lees. Porque solo cambiando productos que utilizamos, como los cosm\u00e9ticos, el cepillo de dientes o el jab\u00f3n, ayudas a que se produzca menos pl\u00e1stico &#8211; que para que te hagas una idea, como ha informado <a href=\"https:\/\/www.nationalgeographic.com.es\/naturaleza\/grandes-reportajes\/ahogados-mar-plastico_12712\">National Geographic<\/a>, &#8220;cada a\u00f1o acaban en el\u00a0oc\u00e9ano\u00a0unos ocho millones de toneladas de\u00a0pl\u00e1stico<em>&#8220;.<\/em><\/p>\n<p>As\u00ed que si quieres acabar con esto y quieres cuidar nuestro planeta, lee los siguientes puntos que ya ver\u00e1s como te lleva nada ponerlos en pr\u00e1ctica, \u00a1y as\u00ed aportar\u00e1s tu granito de arena!<\/p>\n<p>(Incluso te contamos algunos tips <a href=\"https:\/\/www.treatwell.es\/in-the-glow\/5-formas-facilisimas-de-pasarte-a-la-belleza-vegana\/\">aqu\u00ed para pasarte a la belleza vegana<\/a>).<\/p>\n<div class=\"schema-faq wp-block-yoast-faq-block\"><\/div>\n","protected":false},"excerpt":{"rendered":"<p>Cada peque\u00f1o gesto cuenta. Y en un mundo en el que los j\u00f3venes nos alzamos en contra del cambio clim\u00e1tico, \u00bfsab\u00edas que solo con cambiar algunas cosas de tu d\u00eda a d\u00eda ya ayudas a combatir este problema? S\u00ed, s\u00ed, como lo lees. Porque solo cambiando productos que utilizamos, como los cosm\u00e9ticos, el cepillo de [&hellip;]<\/p>\n","protected":false},"author":3319,"featured_media":29964,"comment_status":"closed","ping_status":"closed","sticky":false,"template":"","format":"standard","meta":{"_acf_changed":false,"_yoast_wpseo_title":"Reduce tu huella pl\u00e1stica: 5 pasos belleza sostenible | Treatwell","_yoast_wpseo_metadesc":"Adopta una rutina de belleza ecol\u00f3gica: menos pl\u00e1stico, m\u00e1s productos naturales, sin desperdicio y con segundas vidas. Descubre c\u00f3mo cuidar el planeta f\u00e1cilmente.","_genesis_hide_title":false,"_genesis_hide_breadcrumbs":false,"_genesis_hide_singular_image":false,"_genesis_hide_footer_widgets":false,"_genesis_custom_body_class":"","_genesis_custom_post_class":"","_genesis_layout":"","saswp_custom_schema_field":"","footnotes":""},"categories":[4],"tags":[8,105,29,30,27,116],"class_list":{"0":"post-29957","1":"post","2":"type-post","3":"status-publish","4":"format-standard","5":"has-post-thumbnail","7":"category-beauty","8":"tag-vt10","9":"tag-tr709","10":"tag-tr48","11":"tag-tr706","12":"tag-tt6","13":"tag-tr708","14":"entry"},"acf":{"post_credits":"Cr\u00e9ditos de las im\u00e1genes: Shutterstock, Instagram de @packagefreeshop, @lifewithoutplastic, @bioessence_.","beauty_blog_post_button_title":"","beauty_blog_post_button":"","landscape_picture":29963,"blocks":[{"block_title":"Reduce el uso de pl\u00e1stico - \u00a1Que se puede!","block_content":"<p>Hoy en d&iacute;a podr&iacute;amos decir que casi todo lo que hay en nuestro ba&ntilde;o tiene pl&aacute;stico: el bot&eacute; de champ&uacute;, las maquinillas desechables, los bastoncillos de los o&iacute;dos, el cepillo de dientes... &iexcl;Pero que no cunda el p&aacute;nico! Porque todo tiene una alternativa. Cambia los geles de tu ba&ntilde;o por jabones s&oacute;lidos. La maquinilla por una que solo tengas que cambiar el cabezal. Los bastoncillos amigo, desp&iacute;dete porque la Uni&oacute;n Europea los ha prohibido a partir del&nbsp;2021. Y en cuanto al cepillo de dientes, tienes cepillos de bamb&uacute; para dejar de comprar los de pl&aacute;stico.<\/p>\n","video_content":"","block_picture":29958},{"block_title":"Escoge productos ecol\u00f3gicos","block_content":"<p>Para tu higiene y tu rutina <em>beauty<\/em>&nbsp;del d&iacute;a a d&iacute;a, intenta a toda costa utilizar productos que tengan ingredientes naturales. Es decir, que si en su etiqueta pone que contienen&nbsp;silicona, parafina o parabeno, &iexcl;mejor evita comprarlos! Son peque&ntilde;os cambios que cr&eacute;enos, marcan la diferencia. Y si puedes optar por aquellos que est&aacute;n en embalajes reciclados o reciclables, &iexcl;mucho mejor!<\/p>\n","video_content":"","block_picture":29959},{"block_title":"Intenta no desperdiciar nada","block_content":"<p>Como con la comida, tambi&eacute;n es&nbsp;ideal no desperdiciar los cosm&eacute;ticos. Ten siempre en cuenta cu&aacute;l es su fecha de caducidad para utilizarlos antes de que expiren y si no has terminado uno, mejor espera a comprar su sustituto cuando sea necesario. Que a veces por tener un nuevo cosm&eacute;tico a mano, tiramos a la basura el viejo &iexcl;y no estaba acabado!<\/p>\n","video_content":"","block_picture":29960},{"block_title":"B\u00fascales una segunda vida","block_content":"<p>Si has comprado algo que no te gusta, mejor intenta buscarles un nuevo due&ntilde;o antes de tirarlos a la basura. Como un peine, una base de maquillaje que al final no encaja con tu tono de piel, un cosm&eacute;tico que te has comprado solo para una ocasi&oacute;n especial y ya no utilizas... Ya sabes la regla: <em>Reducir, Reutilizar y Reciclar<\/em>.<\/p>\n","video_content":"","block_picture":29961},{"block_title":"Si vas a salones, que sean veganos","block_content":"<p>Y a la hora de hacerte la manicura o depilarte, tambi&eacute;n hay un mont&oacute;n de salones veganos<a href=\"https:\/\/www.treatwell.es\/in-the-glow\/mejores-salones-veganos-de-madrid\/\"> en Madrid<\/a> y <a href=\"https:\/\/www.treatwell.es\/in-the-glow\/los-mejores-salones-veganos-de-barcelona\/\">en Barcelona<\/a> donde ninguno de sus productos son de origen animal. Vamos que si quieres, &iexcl;opciones tienes!<\/p>\n\n<p>As&iacute; que si estabas pensando empezar poco a poco, puede que estos 5 pasos te ayuden a dar el salto.<\/p>\n","video_content":"","block_picture":29962}]},"yoast_head":"<!-- This site is optimized with the Yoast SEO plugin v27.5 - https:\/\/yoast.com\/product\/yoast-seo-wordpress\/ -->\n<title>Reduce tu huella pl\u00e1stica: 5 pasos belleza sostenible | Treatwell<\/title>\n<meta name=\"description\" content=\"Adopta una rutina de belleza ecol\u00f3gica: menos pl\u00e1stico, m\u00e1s productos naturales, sin desperdicio y con segundas vidas. Descubre c\u00f3mo cuidar el planeta f\u00e1cilmente.\" \/>\n<meta name=\"robots\" content=\"index, follow, max-snippet:-1, max-image-preview:large, max-video-preview:-1\" \/>\n<link rel=\"canonical\" href=\"https:\/\/www.treatwell.es/in-the-glow\/cosas-combatir-cambio-climatico\/\" \/>\n<meta property=\"og:locale\" content=\"es_ES\" \/>\n<meta property=\"og:type\" content=\"article\" \/>\n<meta property=\"og:title\" content=\"Reduce tu huella pl\u00e1stica: 5 pasos belleza sostenible | Treatwell\" \/>\n<meta property=\"og:description\" content=\"Adopta una rutina de belleza ecol\u00f3gica: menos pl\u00e1stico, m\u00e1s productos naturales, sin desperdicio y con segundas vidas. Descubre c\u00f3mo cuidar el planeta f\u00e1cilmente.\" \/>\n<meta property=\"og:url\" content=\"https:\/\/www.treatwell.es/in-the-glow\/cosas-combatir-cambio-climatico\/\" \/>\n<meta property=\"og:site_name\" content=\"In The Glow\" \/>\n<meta property=\"article:published_time\" content=\"2019-10-03T15:28:03+00:00\" \/>\n<meta property=\"article:modified_time\" content=\"2025-12-15T22:54:31+00:00\" \/>\n<meta property=\"og:image\" content=\"https:\/\/www.treatwell.es/in-the-glow\/wp-content\/uploads\/sites\/10\/2022\/03\/Cambio-Clima\u0301tico-Treat.jpg\" \/>\n\t<meta property=\"og:image:width\" content=\"500\" \/>\n\t<meta property=\"og:image:height\" content=\"600\" \/>\n\t<meta property=\"og:image:type\" content=\"image\/jpeg\" \/>\n<meta name=\"twitter:card\" content=\"summary_large_image\" \/>\n<meta name=\"twitter:label1\" content=\"Escrito por\" \/>\n\t<meta name=\"twitter:data1\" content=\"\" \/>\n\t<meta name=\"twitter:label2\" content=\"Tiempo de lectura\" \/>\n\t<meta name=\"twitter:data2\" content=\"1 minuto\" \/>\n<script type=\"application\/ld+json\" class=\"yoast-schema-graph\">{\"@context\":\"https:\\\/\\\/schema.org\",\"@graph\":[{\"@type\":\"Article\",\"@id\":\"https:\\\/\\\/www.treatwell.es/in-the-glow\\\/cosas-combatir-cambio-climatico\\\/#article\",\"isPartOf\":{\"@id\":\"https:\\\/\\\/www.treatwell.es/in-the-glow\\\/cosas-combatir-cambio-climatico\\\/\"},\"author\":{\"name\":\"\",\"@id\":\"\"},\"headline\":\"5 cosas que puedes hacer en tu d\u00eda a d\u00eda para combatir el cambio clim\u00e1tico\",\"datePublished\":\"2019-10-03T15:28:03+00:00\",\"dateModified\":\"2025-12-15T22:54:31+00:00\",\"mainEntityOfPage\":{\"@id\":\"https:\\\/\\\/www.treatwell.es/in-the-glow\\\/cosas-combatir-cambio-climatico\\\/\"},\"wordCount\":168,\"publisher\":{\"@id\":\"https:\\\/\\\/www.treatwell.es/in-the-glow\\\/#organization\"},\"image\":{\"@id\":\"https:\\\/\\\/www.treatwell.es/in-the-glow\\\/cosas-combatir-cambio-climatico\\\/#primaryimage\"},\"thumbnailUrl\":\"https:\\\/\\\/www.treatwell.es/in-the-glow\\\/wp-content\\\/uploads\\\/sites\\\/10\\\/2022\\\/03\\\/Cambio-Clima\u0301tico-Treat.jpg\",\"keywords\":[\"Beauty Salon\",\"Eyebrow and Eyelash Tinting\",\"Eyebrow and Eyelash Treatments\",\"Eyelash Extensions\",\"Hair\",\"LVL Lashes\"],\"articleSection\":[\"Beauty\"],\"inLanguage\":\"es\"},{\"@type\":\"WebPage\",\"@id\":\"https:\\\/\\\/www.treatwell.es/in-the-glow\\\/cosas-combatir-cambio-climatico\\\/\",\"url\":\"https:\\\/\\\/www.treatwell.es/in-the-glow\\\/cosas-combatir-cambio-climatico\\\/\",\"name\":\"Reduce tu huella pl\u00e1stica: 5 pasos belleza sostenible | Treatwell\",\"isPartOf\":{\"@id\":\"https:\\\/\\\/www.treatwell.es/in-the-glow\\\/#website\"},\"primaryImageOfPage\":{\"@id\":\"https:\\\/\\\/www.treatwell.es/in-the-glow\\\/cosas-combatir-cambio-climatico\\\/#primaryimage\"},\"image\":{\"@id\":\"https:\\\/\\\/www.treatwell.es/in-the-glow\\\/cosas-combatir-cambio-climatico\\\/#primaryimage\"},\"thumbnailUrl\":\"https:\\\/\\\/www.treatwell.es/in-the-glow\\\/wp-content\\\/uploads\\\/sites\\\/10\\\/2022\\\/03\\\/Cambio-Clima\u0301tico-Treat.jpg\",\"datePublished\":\"2019-10-03T15:28:03+00:00\",\"dateModified\":\"2025-12-15T22:54:31+00:00\",\"description\":\"Adopta una rutina de belleza ecol\u00f3gica: menos pl\u00e1stico, m\u00e1s productos naturales, sin desperdicio y con segundas vidas. Descubre c\u00f3mo cuidar el planeta f\u00e1cilmente.\",\"breadcrumb\":{\"@id\":\"https:\\\/\\\/www.treatwell.es/in-the-glow\\\/cosas-combatir-cambio-climatico\\\/#breadcrumb\"},\"inLanguage\":\"es\",\"potentialAction\":[{\"@type\":\"ReadAction\",\"target\":[\"https:\\\/\\\/www.treatwell.es/in-the-glow\\\/cosas-combatir-cambio-climatico\\\/\"]}]},{\"@type\":\"ImageObject\",\"inLanguage\":\"es\",\"@id\":\"https:\\\/\\\/www.treatwell.es/in-the-glow\\\/cosas-combatir-cambio-climatico\\\/#primaryimage\",\"url\":\"https:\\\/\\\/www.treatwell.es/in-the-glow\\\/wp-content\\\/uploads\\\/sites\\\/10\\\/2022\\\/03\\\/Cambio-Clima\u0301tico-Treat.jpg\",\"contentUrl\":\"https:\\\/\\\/www.treatwell.es/in-the-glow\\\/wp-content\\\/uploads\\\/sites\\\/10\\\/2022\\\/03\\\/Cambio-Clima\u0301tico-Treat.jpg\",\"width\":500,\"height\":600},{\"@type\":\"BreadcrumbList\",\"@id\":\"https:\\\/\\\/www.treatwell.es/in-the-glow\\\/cosas-combatir-cambio-climatico\\\/#breadcrumb\",\"itemListElement\":[{\"@type\":\"ListItem\",\"position\":1,\"name\":\"Home\",\"item\":\"https:\\\/\\\/www.treatwell.es/in-the-glow\\\/\"},{\"@type\":\"ListItem\",\"position\":2,\"name\":\"Beauty\",\"item\":\"https:\\\/\\\/www.treatwell.es/in-the-glow\\\/beauty\\\/\"},{\"@type\":\"ListItem\",\"position\":3,\"name\":\"5 cosas que puedes hacer en tu d\u00eda a d\u00eda para combatir el cambio clim\u00e1tico\"}]},{\"@type\":\"WebSite\",\"@id\":\"https:\\\/\\\/www.treatwell.es/in-the-glow\\\/#website\",\"url\":\"https:\\\/\\\/www.treatwell.es/in-the-glow\\\/\",\"name\":\"In The Glow\",\"description\":\"Belleza. Pelo. Lifestyle.\",\"publisher\":{\"@id\":\"https:\\\/\\\/www.treatwell.es/in-the-glow\\\/#organization\"},\"potentialAction\":[{\"@type\":\"SearchAction\",\"target\":{\"@type\":\"EntryPoint\",\"urlTemplate\":\"https:\\\/\\\/www.treatwell.es/in-the-glow\\\/?s={search_term_string}\"},\"query-input\":{\"@type\":\"PropertyValueSpecification\",\"valueRequired\":true,\"valueName\":\"search_term_string\"}}],\"inLanguage\":\"es\"},{\"@type\":\"Organization\",\"@id\":\"https:\\\/\\\/www.treatwell.es/in-the-glow\\\/#organization\",\"name\":\"Treatwell\",\"url\":\"https:\\\/\\\/www.treatwell.es/in-the-glow\\\/\",\"logo\":{\"@type\":\"ImageObject\",\"inLanguage\":\"es\",\"@id\":\"https:\\\/\\\/www.treatwell.es/in-the-glow\\\/#\\\/schema\\\/logo\\\/image\\\/\",\"url\":\"https:\\\/\\\/www.treatwell.es/in-the-glow\\\/wp-content\\\/uploads\\\/sites\\\/10\\\/2022\\\/03\\\/logo_treatwell.png\",\"contentUrl\":\"https:\\\/\\\/www.treatwell.es/in-the-glow\\\/wp-content\\\/uploads\\\/sites\\\/10\\\/2022\\\/03\\\/logo_treatwell.png\",\"width\":889,\"height\":164,\"caption\":\"Treatwell\"},\"image\":{\"@id\":\"https:\\\/\\\/www.treatwell.es/in-the-glow\\\/#\\\/schema\\\/logo\\\/image\\\/\"}},{\"@type\":\"Person\",\"@id\":\"\",\"url\":\"https:\\\/\\\/www.treatwell.es/in-the-glow\\\/author\\\/\"}]}<\/script>\n<!-- \/ Yoast SEO plugin. -->","yoast_head_json":{"title":"Reduce tu huella pl\u00e1stica: 5 pasos belleza sostenible | Treatwell","description":"Adopta una rutina de belleza ecol\u00f3gica: menos pl\u00e1stico, m\u00e1s productos naturales, sin desperdicio y con segundas vidas. Descubre c\u00f3mo cuidar el planeta f\u00e1cilmente.","robots":{"index":"index","follow":"follow","max-snippet":"max-snippet:-1","max-image-preview":"max-image-preview:large","max-video-preview":"max-video-preview:-1"},"canonical":"https:\/\/www.treatwell.es/in-the-glow\/cosas-combatir-cambio-climatico\/","og_locale":"es_ES","og_type":"article","og_title":"Reduce tu huella pl\u00e1stica: 5 pasos belleza sostenible | Treatwell","og_description":"Adopta una rutina de belleza ecol\u00f3gica: menos pl\u00e1stico, m\u00e1s productos naturales, sin desperdicio y con segundas vidas. Descubre c\u00f3mo cuidar el planeta f\u00e1cilmente.","og_url":"https:\/\/www.treatwell.es/in-the-glow\/cosas-combatir-cambio-climatico\/","og_site_name":"In The Glow","article_published_time":"2019-10-03T15:28:03+00:00","article_modified_time":"2025-12-15T22:54:31+00:00","og_image":[{"width":500,"height":600,"url":"https:\/\/www.treatwell.es/in-the-glow\/wp-content\/uploads\/sites\/10\/2022\/03\/Cambio-Clima\u0301tico-Treat.jpg","type":"image\/jpeg"}],"twitter_card":"summary_large_image","twitter_misc":{"Escrito por":"","Tiempo de lectura":"1 minuto"},"schema":{"@context":"https:\/\/schema.org","@graph":[{"@type":"Article","@id":"https:\/\/www.treatwell.es/in-the-glow\/cosas-combatir-cambio-climatico\/#article","isPartOf":{"@id":"https:\/\/www.treatwell.es/in-the-glow\/cosas-combatir-cambio-climatico\/"},"author":{"name":"","@id":""},"headline":"5 cosas que puedes hacer en tu d\u00eda a d\u00eda para combatir el cambio clim\u00e1tico","datePublished":"2019-10-03T15:28:03+00:00","dateModified":"2025-12-15T22:54:31+00:00","mainEntityOfPage":{"@id":"https:\/\/www.treatwell.es/in-the-glow\/cosas-combatir-cambio-climatico\/"},"wordCount":168,"publisher":{"@id":"https:\/\/www.treatwell.es/in-the-glow\/#organization"},"image":{"@id":"https:\/\/www.treatwell.es/in-the-glow\/cosas-combatir-cambio-climatico\/#primaryimage"},"thumbnailUrl":"https:\/\/www.treatwell.es/in-the-glow\/wp-content\/uploads\/sites\/10\/2022\/03\/Cambio-Clima\u0301tico-Treat.jpg","keywords":["Beauty Salon","Eyebrow and Eyelash Tinting","Eyebrow and Eyelash Treatments","Eyelash Extensions","Hair","LVL Lashes"],"articleSection":["Beauty"],"inLanguage":"es"},{"@type":"WebPage","@id":"https:\/\/www.treatwell.es/in-the-glow\/cosas-combatir-cambio-climatico\/","url":"https:\/\/www.treatwell.es/in-the-glow\/cosas-combatir-cambio-climatico\/","name":"Reduce tu huella pl\u00e1stica: 5 pasos belleza sostenible | Treatwell","isPartOf":{"@id":"https:\/\/www.treatwell.es/in-the-glow\/#website"},"primaryImageOfPage":{"@id":"https:\/\/www.treatwell.es/in-the-glow\/cosas-combatir-cambio-climatico\/#primaryimage"},"image":{"@id":"https:\/\/www.treatwell.es/in-the-glow\/cosas-combatir-cambio-climatico\/#primaryimage"},"thumbnailUrl":"https:\/\/www.treatwell.es/in-the-glow\/wp-content\/uploads\/sites\/10\/2022\/03\/Cambio-Clima\u0301tico-Treat.jpg","datePublished":"2019-10-03T15:28:03+00:00","dateModified":"2025-12-15T22:54:31+00:00","description":"Adopta una rutina de belleza ecol\u00f3gica: menos pl\u00e1stico, m\u00e1s productos naturales, sin desperdicio y con segundas vidas. Descubre c\u00f3mo cuidar el planeta f\u00e1cilmente.","breadcrumb":{"@id":"https:\/\/www.treatwell.es/in-the-glow\/cosas-combatir-cambio-climatico\/#breadcrumb"},"inLanguage":"es","potentialAction":[{"@type":"ReadAction","target":["https:\/\/www.treatwell.es/in-the-glow\/cosas-combatir-cambio-climatico\/"]}]},{"@type":"ImageObject","inLanguage":"es","@id":"https:\/\/www.treatwell.es/in-the-glow\/cosas-combatir-cambio-climatico\/#primaryimage","url":"https:\/\/www.treatwell.es/in-the-glow\/wp-content\/uploads\/sites\/10\/2022\/03\/Cambio-Clima\u0301tico-Treat.jpg","contentUrl":"https:\/\/www.treatwell.es/in-the-glow\/wp-content\/uploads\/sites\/10\/2022\/03\/Cambio-Clima\u0301tico-Treat.jpg","width":500,"height":600},{"@type":"BreadcrumbList","@id":"https:\/\/www.treatwell.es/in-the-glow\/cosas-combatir-cambio-climatico\/#breadcrumb","itemListElement":[{"@type":"ListItem","position":1,"name":"Home","item":"https:\/\/www.treatwell.es/in-the-glow\/"},{"@type":"ListItem","position":2,"name":"Beauty","item":"https:\/\/www.treatwell.es/in-the-glow\/beauty\/"},{"@type":"ListItem","position":3,"name":"5 cosas que puedes hacer en tu d\u00eda a d\u00eda para combatir el cambio clim\u00e1tico"}]},{"@type":"WebSite","@id":"https:\/\/www.treatwell.es/in-the-glow\/#website","url":"https:\/\/www.treatwell.es/in-the-glow\/","name":"In The Glow","description":"Belleza. Pelo. Lifestyle.","publisher":{"@id":"https:\/\/www.treatwell.es/in-the-glow\/#organization"},"potentialAction":[{"@type":"SearchAction","target":{"@type":"EntryPoint","urlTemplate":"https:\/\/www.treatwell.es/in-the-glow\/?s={search_term_string}"},"query-input":{"@type":"PropertyValueSpecification","valueRequired":true,"valueName":"search_term_string"}}],"inLanguage":"es"},{"@type":"Organization","@id":"https:\/\/www.treatwell.es/in-the-glow\/#organization","name":"Treatwell","url":"https:\/\/www.treatwell.es/in-the-glow\/","logo":{"@type":"ImageObject","inLanguage":"es","@id":"https:\/\/www.treatwell.es/in-the-glow\/#\/schema\/logo\/image\/","url":"https:\/\/www.treatwell.es/in-the-glow\/wp-content\/uploads\/sites\/10\/2022\/03\/logo_treatwell.png","contentUrl":"https:\/\/www.treatwell.es/in-the-glow\/wp-content\/uploads\/sites\/10\/2022\/03\/logo_treatwell.png","width":889,"height":164,"caption":"Treatwell"},"image":{"@id":"https:\/\/www.treatwell.es/in-the-glow\/#\/schema\/logo\/image\/"}},{"@type":"Person","@id":"","url":"https:\/\/www.treatwell.es/in-the-glow\/author\/"}]}},"featured_image_src":"https:\/\/www.treatwell.es/in-the-glow\/wp-content\/uploads\/sites\/10\/2022\/03\/Cambio-Clima\u0301tico-Treat-500x400.jpg","featured_image_src_square":"https:\/\/www.treatwell.es/in-the-glow\/wp-content\/uploads\/sites\/10\/2022\/03\/Cambio-Clima\u0301tico-Treat.jpg","author_info":{"display_name":"","author_link":"https:\/\/www.treatwell.es/in-the-glow\/author\/"},"_links":{"self":[{"href":"https:\/\/www.treatwell.es\/in-the-glow\/wp-json\/wp\/v2\/posts\/29957","targetHints":{"allow":["GET"]}}],"collection":[{"href":"https:\/\/www.treatwell.es\/in-the-glow\/wp-json\/wp\/v2\/posts"}],"about":[{"href":"https:\/\/www.treatwell.es\/in-the-glow\/wp-json\/wp\/v2\/types\/post"}],"author":[{"embeddable":true,"href":"https:\/\/www.treatwell.es\/in-the-glow\/wp-json\/wp\/v2\/users\/3319"}],"replies":[{"embeddable":true,"href":"https:\/\/www.treatwell.es\/in-the-glow\/wp-json\/wp\/v2\/comments?post=29957"}],"version-history":[{"count":0,"href":"https:\/\/www.treatwell.es\/in-the-glow\/wp-json\/wp\/v2\/posts\/29957\/revisions"}],"wp:featuredmedia":[{"embeddable":true,"href":"https:\/\/www.treatwell.es\/in-the-glow\/wp-json\/wp\/v2\/media\/29964"}],"wp:attachment":[{"href":"https:\/\/www.treatwell.es\/in-the-glow\/wp-json\/wp\/v2\/media?parent=29957"}],"wp:term":[{"taxonomy":"category","embeddable":true,"href":"https:\/\/www.treatwell.es\/in-the-glow\/wp-json\/wp\/v2\/categories?post=29957"},{"taxonomy":"post_tag","embeddable":true,"href":"https:\/\/www.treatwell.es\/in-the-glow\/wp-json\/wp\/v2\/tags?post=29957"}],"curies":[{"name":"wp","href":"https:\/\/api.w.org\/{rel}","templated":true}]}}