{"id":30428,"date":"2020-05-27T16:20:27","date_gmt":"2020-05-27T14:20:27","guid":{"rendered":"https:\/\/www.treatwell.es\/in-the-glow\/?p=25989"},"modified":"2025-12-15T23:54:44","modified_gmt":"2025-12-15T22:54:44","slug":"tu-primera-cita-post-confinamiento","status":"publish","type":"post","link":"https:\/\/www.treatwell.es/in-the-glow\/tu-primera-cita-post-confinamiento\/","title":{"rendered":"Lo que debes pedirle a tu peluquero en tu primera cita post-confinamiento"},"content":{"rendered":"<p><span style=\"font-weight: 400\">Este confinamiento ha puesto a prueba nuestra paciencia, nuestra creatividad, nuestros nervios, y c\u00f3mo no, nuestro cabello tambi\u00e9n ha sufrido un poco al alejarse de las expertas manos de nuestro peluquero, y de estar recogido todo el d\u00eda. A medida que pasaban las semanas, hemos visto c\u00f3mo se volv\u00eda m\u00e1s <strong>seco, quebradizo y fr\u00e1gil<\/strong>. Tambi\u00e9n se nos ha ca\u00eddo un poco m\u00e1s de lo normal y ahora que finalmente se nos permite salir de nuevo, se ha vuelto m\u00e1s rebelde y dif\u00edcil de peinar.\u00a0<\/span><\/p>\n<p><span style=\"font-weight: 400\">Si te ha pasado lo mismo, esto es lo que deber\u00edas de pedirle a tu peluquero en tu pr\u00f3xima visita para hacer brillar tu melena&#8230; \u00a1Glow!<\/span><\/p>\n<p>Si este<span style=\"font-weight: 400\">\u00a0confinamiento tu cabello se ha vuelto m\u00e1s <strong>seco, quebradizo y fr\u00e1gil<\/strong>, o se te ha ca\u00eddo un poco m\u00e1s de lo normal. Esto es lo que deber\u00edas de pedirle a tu peluquero.<\/span><\/p>\n<div class=\"schema-faq wp-block-yoast-faq-block\">\n<div class=\"schema-faq-section\" id=\"faq-question-1765837699325\">\n<h3 class=\"schema-faq-question\">\u00bfQu\u00e9 puedo pedir si mi cabello est\u00e1 m\u00e1s seco o encrespado?<\/h3>\n<p class=\"schema-faq-answer\">Un corte de puntas es ideal para recuperar el cuerpo y la suavidad del cabello seco o encrespado. Si prefieres un cambio menor, pide solo un corte sencillo para empezar a ver mejora sin una transformaci\u00f3n radical.<\/div>\n<div class=\"schema-faq-section\" id=\"faq-question-1765837699326\">\n<h3 class=\"schema-faq-question\">\u00bfC\u00f3mo frenar la ca\u00edda del cabello tras periodos de estr\u00e9s?<\/h3>\n<p class=\"schema-faq-answer\">Solicita en la peluquer\u00eda un producto de cuidado capilar reestructurante para estimular el crecimiento y reforzar la fibra capilar. Este tipo de producto ayuda a frenar la ca\u00edda provocada por el estr\u00e9s y los cambios de estaci\u00f3n.<\/div>\n<div class=\"schema-faq-section\" id=\"faq-question-1765837699327\">\n<h3 class=\"schema-faq-question\">\u00bfQu\u00e9 tratamiento da brillo y volumen si tu melena est\u00e1 aburrida?<\/h3>\n<p class=\"schema-faq-answer\">Reserva unas mechas balayage uno o dos tonos m\u00e1s claros que tu color natural para conseguir un cabello con m\u00e1s brillo, textura y volumen visual. Este servicio resalta la melena y realza el rostro de forma sutil y moderna.<\/div>\n<div class=\"schema-faq-section\" id=\"faq-question-1765837699328\">\n<h3 class=\"schema-faq-question\">\u00bfC\u00f3mo lograr un aspecto natural al cubrir canas?<\/h3>\n<p class=\"schema-faq-answer\">Opta por la coloraci\u00f3n profesional del cabello para obtener un resultado matizado y natural, lejos de los colores uniformes de los tintes caseros. Este m\u00e9todo permite que tus canas se integren de forma impecable con tu color habitual.<\/div>\n<div class=\"schema-faq-section\" id=\"faq-question-1765837699329\">\n<h3 class=\"schema-faq-question\">\u00bfQu\u00e9 hacer si notas que tu cabello tiene poco volumen?<\/h3>\n<p class=\"schema-faq-answer\">Usa un secador profesional y realiza ondas surferas para dar dinamismo y cuerpo a tu melena en ocasiones especiales. Esta t\u00e9cnica aporta volumen instant\u00e1neo y mejora la apariencia general del cabello sin complicaciones.<\/div>\n<div class=\"schema-faq-section\" id=\"faq-question-1765837699330\">\n<h3 class=\"schema-faq-question\">\u00bfC\u00f3mo reservar tratamientos de belleza de forma r\u00e1pida y sencilla?<\/h3>\n<p class=\"schema-faq-answer\">Reserva tus tratamientos de belleza online en Treatwell y accede a tus salones favoritos de manera simple y r\u00e1pida. Solo necesitas buscar el centro m\u00e1s cercano y elegir el servicio que prefieras desde cualquier dispositivo.<\/div>\n<\/p><\/div>\n","protected":false},"excerpt":{"rendered":"<p>Este confinamiento ha puesto a prueba nuestra paciencia, nuestra creatividad, nuestros nervios, y c\u00f3mo no, nuestro cabello tambi\u00e9n ha sufrido un poco al alejarse de las expertas manos de nuestro peluquero, y de estar recogido todo el d\u00eda. A medida que pasaban las semanas, hemos visto c\u00f3mo se volv\u00eda m\u00e1s seco, quebradizo y fr\u00e1gil. Tambi\u00e9n [&hellip;]<\/p>\n","protected":false},"author":3366,"featured_media":30436,"comment_status":"closed","ping_status":"closed","sticky":false,"template":"","format":"standard","meta":{"_acf_changed":false,"_yoast_wpseo_title":"Recupera tu cabello: gu\u00eda para una melena sana | Treatwell","_yoast_wpseo_metadesc":"Cabello seco, fr\u00e1gil o con ca\u00edda tras el confinamiento. Descubre cortes, coloraciones, productos y trucos para revitalizar tu melena en tu pr\u00f3xima visita al sal\u00f3n.","_genesis_hide_title":false,"_genesis_hide_breadcrumbs":false,"_genesis_hide_singular_image":false,"_genesis_hide_footer_widgets":false,"_genesis_custom_body_class":"","_genesis_custom_post_class":"","_genesis_layout":"","saswp_custom_schema_field":"{\"@context\":\"https:\/\/schema.org\",\"@type\":\"FAQPage\",\"mainEntity\":[{\"@type\":\"Question\",\"name\":\"\u00bfQu\u00e9 puedo pedir si mi cabello est\u00e1 m\u00e1s seco o encrespado?\",\"acceptedAnswer\":{\"@type\":\"Answer\",\"text\":\"Un corte de puntas es ideal para recuperar el cuerpo y la suavidad del cabello seco o encrespado. Si prefieres un cambio menor, pide solo un corte sencillo para empezar a ver mejora sin una transformaci\u00f3n radical.\"}},{\"@type\":\"Question\",\"name\":\"\u00bfC\u00f3mo frenar la ca\u00edda del cabello tras periodos de estr\u00e9s?\",\"acceptedAnswer\":{\"@type\":\"Answer\",\"text\":\"Solicita en la peluquer\u00eda un producto de cuidado capilar reestructurante para estimular el crecimiento y reforzar la fibra capilar. Este tipo de producto ayuda a frenar la ca\u00edda provocada por el estr\u00e9s y los cambios de estaci\u00f3n.\"}},{\"@type\":\"Question\",\"name\":\"\u00bfQu\u00e9 tratamiento da brillo y volumen si tu melena est\u00e1 aburrida?\",\"acceptedAnswer\":{\"@type\":\"Answer\",\"text\":\"Reserva unas mechas balayage uno o dos tonos m\u00e1s claros que tu color natural para conseguir un cabello con m\u00e1s brillo, textura y volumen visual. Este servicio resalta la melena y realza el rostro de forma sutil y moderna.\"}},{\"@type\":\"Question\",\"name\":\"\u00bfC\u00f3mo lograr un aspecto natural al cubrir canas?\",\"acceptedAnswer\":{\"@type\":\"Answer\",\"text\":\"Opta por la coloraci\u00f3n profesional del cabello para obtener un resultado matizado y natural, lejos de los colores uniformes de los tintes caseros. Este m\u00e9todo permite que tus canas se integren de forma impecable con tu color habitual.\"}},{\"@type\":\"Question\",\"name\":\"\u00bfQu\u00e9 hacer si notas que tu cabello tiene poco volumen?\",\"acceptedAnswer\":{\"@type\":\"Answer\",\"text\":\"Usa un secador profesional y realiza ondas surferas para dar dinamismo y cuerpo a tu melena en ocasiones especiales. Esta t\u00e9cnica aporta volumen instant\u00e1neo y mejora la apariencia general del cabello sin complicaciones.\"}},{\"@type\":\"Question\",\"name\":\"\u00bfC\u00f3mo reservar tratamientos de belleza de forma r\u00e1pida y sencilla?\",\"acceptedAnswer\":{\"@type\":\"Answer\",\"text\":\"Reserva tus tratamientos de belleza online en Treatwell y accede a tus salones favoritos de manera simple y r\u00e1pida. Solo necesitas buscar el centro m\u00e1s cercano y elegir el servicio que prefieras desde cualquier dispositivo.\"}}]}","footnotes":""},"categories":[4],"tags":[143,162,27,48,78,49,79,47],"class_list":{"0":"post-30428","1":"post","2":"type-post","3":"status-publish","4":"format-standard","5":"has-post-thumbnail","7":"category-beauty","8":"tag-tr465","9":"tag-tr726","10":"tag-tt6","11":"tag-tr273","12":"tag-tr485","13":"tag-tr484","14":"tag-tr732","15":"tag-tr721","16":"entry"},"acf":{"post_credits":"Cr\u00e9ditos de las im\u00e1genes: Shutterstock, @wellahair, @natalieannehair, @dragans.coiffure, @bestofbalayage, @yasminechanel","beauty_blog_post_button_title":"","beauty_blog_post_button":"","landscape_picture":30435,"blocks":[{"block_title":"Seco y quebradizo","block_content":"<p><strong>Si sientes el cabello m&aacute;s seco al tacto, si lo notas m&aacute;s encrespado de lo habitual, un buen corte de pelo es lo que necesitas para recuperar el cuerpo, la textura, la salud y la suavidad. &iquest;A&uacute;n no est&aacute;s listo para una transformaci&oacute;n tan radical? No te preocupes: un simple corte de puntas te ir&aacute; bien para empezar magia.<\/strong><\/p>\n","video_content":"","block_picture":30429},{"block_title":"Ca\u00edda del cabello","block_content":"<p><strong>Aunque pasamos mucho m&aacute;s tiempo en casa de lo normal, no ha sido exactamente unos d&iacute;as de chill y relax. Estos d&iacute;as de encierro han hecho incrementar el estr&eacute;s que, junto con el cambio de estaci&oacute;n, se ha manifestado en una mayor p&eacute;rdida de cabello. En la peluquer&iacute;a, opta por un producto de cuidado capilar reestructurante que d&eacute; un buen impulso a tu cabello, estimula el crecimiento y frene la ca&iacute;da, a la vez que lo fortalece en profundidad.<\/strong><\/p>\n","video_content":"","block_picture":30430},{"block_title":"Aburrido y soso","block_content":"<p><strong>&iexcl;El <a href=\"https:\/\/www.treatwell.es\/in-the-glow\/mechas-balayage-nunca-pasan-de-moda\/\">Balayage<\/a> es tu aliado para celebrar el fin del encierro y dar la bienvenida al verano con estilo! Sea cual sea tu color natural, unas balayage de uno o dos tonos m&aacute;s claros te iluminar&aacute; sutilmente el rostro y le dar&aacute; brillo a tu melena dando una ilusi&oacute;n &oacute;ptica de textura y volumen. Una f&oacute;rmula ganadora garantizada.<\/strong><\/p>\n","video_content":"","block_picture":30431},{"block_title":"Canas","block_content":"<p><strong>Lo dejamos crecer tranquilamente durante el encierro, y tambi&eacute;n ha sido una oportunidad para aceptar el aspecto natural de nuestro cabello. Para estas alturas de la desconfinaci&oacute;n, &iexcl;ya apreciamos nuestras canas tanto como nuestro color natural! Pero si quieres cubrirlas, la coloraci&oacute;n profesional del cabello dar&aacute; un aspecto matizado lejos de los colores uniformes que puedes hacerte tu mismo en casa. <\/strong><\/p>\n","video_content":"","block_picture":30432},{"block_title":"Canas","block_content":"<p><strong>Lo dejamos crecer tranquilamente durante el encierro, y tambi&eacute;n ha sido una oportunidad para aceptar el aspecto natural de nuestro cabello. Para estas alturas de la desconfinaci&oacute;n, &iexcl;ya apreciamos nuestras canas tanto como nuestro color natural! Pero si quieres cubrirlas, la coloraci&oacute;n profesional del cabello dar&aacute; un aspecto matizado lejos de los colores uniformes que puedes hacerte tu mismo en casa. <\/strong><\/p>\n","video_content":"","block_picture":30433},{"block_title":"Cabello sin volumen","block_content":"<p><strong>&iquest;Falta de volumen? &iquest;Te apetece subir un poco el &aacute;nimo de tu pelo para celebrar el desconfinamiento? Los vermuts est&aacute;n recuperando gradualmente su popularidad y es bueno reunirse con amigos, colegas y familiares, respetando las medidas de distanciamiento social. Para una noche especial, o s&oacute;lo para ti, con un secador profesional y haci&eacute;ndote unas ondas surferas, magnificar&aacute;s tu melena y le dar&aacute;s dinamismo. Psst! Tenemos <a href=\"https:\/\/www.treatwell.es\/in-the-glow\/5-maneras-pelo-fino-con-mas-cuerpo\/\">algunos consejos m&aacute;s <\/a>para aportar volumen a tu melenaza.<\/strong><\/p>\n\n<p>&nbsp;<\/p>\n\n<p><strong>Con <a href=\"https:\/\/www.treatwell.es\/\">Treatwell<\/a>, puedes reservar tus tratamientos de belleza online y en tus salones favoritos. Simple, r&aacute;pido y en poco tiempo. Descubre los salones que est&aacute;n m&aacute;s cerca de ti.<\/strong><\/p>\n","video_content":"","block_picture":30434}]},"yoast_head":"<!-- This site is optimized with the Yoast SEO plugin v27.4 - https:\/\/yoast.com\/product\/yoast-seo-wordpress\/ -->\n<title>Recupera tu cabello: gu\u00eda para una melena sana | Treatwell<\/title>\n<meta name=\"description\" content=\"Cabello seco, fr\u00e1gil o con ca\u00edda tras el confinamiento. Descubre cortes, coloraciones, productos y trucos para revitalizar tu melena en tu pr\u00f3xima visita al sal\u00f3n.\" \/>\n<meta name=\"robots\" content=\"index, follow, max-snippet:-1, max-image-preview:large, max-video-preview:-1\" \/>\n<link rel=\"canonical\" href=\"https:\/\/www.treatwell.es/in-the-glow\/tu-primera-cita-post-confinamiento\/\" \/>\n<meta property=\"og:locale\" content=\"es_ES\" \/>\n<meta property=\"og:type\" content=\"article\" \/>\n<meta property=\"og:title\" content=\"Recupera tu cabello: gu\u00eda para una melena sana | Treatwell\" \/>\n<meta property=\"og:description\" content=\"Cabello seco, fr\u00e1gil o con ca\u00edda tras el confinamiento. Descubre cortes, coloraciones, productos y trucos para revitalizar tu melena en tu pr\u00f3xima visita al sal\u00f3n.\" \/>\n<meta property=\"og:url\" content=\"https:\/\/www.treatwell.es/in-the-glow\/tu-primera-cita-post-confinamiento\/\" \/>\n<meta property=\"og:site_name\" content=\"In The Glow\" \/>\n<meta property=\"article:published_time\" content=\"2020-05-27T14:20:27+00:00\" \/>\n<meta property=\"article:modified_time\" content=\"2025-12-15T22:54:44+00:00\" \/>\n<meta property=\"og:image\" content=\"https:\/\/www.treatwell.es/in-the-glow\/wp-content\/uploads\/sites\/10\/2022\/03\/INTRO-2_BLOG.png\" \/>\n\t<meta property=\"og:image:width\" content=\"483\" \/>\n\t<meta property=\"og:image:height\" content=\"628\" \/>\n\t<meta property=\"og:image:type\" content=\"image\/png\" \/>\n<meta name=\"author\" content=\"Beth Ryan\" \/>\n<meta name=\"twitter:card\" content=\"summary_large_image\" \/>\n<meta name=\"twitter:label1\" content=\"Escrito por\" \/>\n\t<meta name=\"twitter:data1\" content=\"Beth Ryan\" \/>\n\t<meta name=\"twitter:label2\" content=\"Tiempo de lectura\" \/>\n\t<meta name=\"twitter:data2\" content=\"2 minutos\" \/>\n<script type=\"application\/ld+json\" class=\"yoast-schema-graph\">{\"@context\":\"https:\\\/\\\/schema.org\",\"@graph\":[{\"@type\":\"Article\",\"@id\":\"https:\\\/\\\/www.treatwell.es/in-the-glow\\\/tu-primera-cita-post-confinamiento\\\/#article\",\"isPartOf\":{\"@id\":\"https:\\\/\\\/www.treatwell.es/in-the-glow\\\/tu-primera-cita-post-confinamiento\\\/\"},\"author\":{\"name\":\"Beth Ryan\",\"@id\":\"https:\\\/\\\/www.treatwell.es/in-the-glow\\\/#\\\/schema\\\/person\\\/45be8f7781947e6c6d31f4b658271bf6\"},\"headline\":\"Lo que debes pedirle a tu peluquero en tu primera cita post-confinamiento\",\"datePublished\":\"2020-05-27T14:20:27+00:00\",\"dateModified\":\"2025-12-15T22:54:44+00:00\",\"mainEntityOfPage\":{\"@id\":\"https:\\\/\\\/www.treatwell.es/in-the-glow\\\/tu-primera-cita-post-confinamiento\\\/\"},\"wordCount\":474,\"publisher\":{\"@id\":\"https:\\\/\\\/www.treatwell.es/in-the-glow\\\/#organization\"},\"image\":{\"@id\":\"https:\\\/\\\/www.treatwell.es/in-the-glow\\\/tu-primera-cita-post-confinamiento\\\/#primaryimage\"},\"thumbnailUrl\":\"https:\\\/\\\/www.treatwell.es/in-the-glow\\\/wp-content\\\/uploads\\\/sites\\\/10\\\/2022\\\/03\\\/INTRO-2_BLOG.png\",\"keywords\":[\"Blow Dry\",\"Granny Hair\",\"Hair\",\"Hair Colouring and Highlights\",\"Hair Conditioning and Scalp Treatments\",\"Hair Consulting\",\"Hair Salon Extras\",\"Hair Up\"],\"articleSection\":[\"Beauty\"],\"inLanguage\":\"es\"},{\"@type\":\"WebPage\",\"@id\":\"https:\\\/\\\/www.treatwell.es/in-the-glow\\\/tu-primera-cita-post-confinamiento\\\/\",\"url\":\"https:\\\/\\\/www.treatwell.es/in-the-glow\\\/tu-primera-cita-post-confinamiento\\\/\",\"name\":\"Recupera tu cabello: gu\u00eda para una melena sana | Treatwell\",\"isPartOf\":{\"@id\":\"https:\\\/\\\/www.treatwell.es/in-the-glow\\\/#website\"},\"primaryImageOfPage\":{\"@id\":\"https:\\\/\\\/www.treatwell.es/in-the-glow\\\/tu-primera-cita-post-confinamiento\\\/#primaryimage\"},\"image\":{\"@id\":\"https:\\\/\\\/www.treatwell.es/in-the-glow\\\/tu-primera-cita-post-confinamiento\\\/#primaryimage\"},\"thumbnailUrl\":\"https:\\\/\\\/www.treatwell.es/in-the-glow\\\/wp-content\\\/uploads\\\/sites\\\/10\\\/2022\\\/03\\\/INTRO-2_BLOG.png\",\"datePublished\":\"2020-05-27T14:20:27+00:00\",\"dateModified\":\"2025-12-15T22:54:44+00:00\",\"description\":\"Cabello seco, fr\u00e1gil o con ca\u00edda tras el confinamiento. Descubre cortes, coloraciones, productos y trucos para revitalizar tu melena en tu pr\u00f3xima visita al sal\u00f3n.\",\"breadcrumb\":{\"@id\":\"https:\\\/\\\/www.treatwell.es/in-the-glow\\\/tu-primera-cita-post-confinamiento\\\/#breadcrumb\"},\"inLanguage\":\"es\",\"potentialAction\":[{\"@type\":\"ReadAction\",\"target\":[\"https:\\\/\\\/www.treatwell.es/in-the-glow\\\/tu-primera-cita-post-confinamiento\\\/\"]}]},{\"@type\":\"ImageObject\",\"inLanguage\":\"es\",\"@id\":\"https:\\\/\\\/www.treatwell.es/in-the-glow\\\/tu-primera-cita-post-confinamiento\\\/#primaryimage\",\"url\":\"https:\\\/\\\/www.treatwell.es/in-the-glow\\\/wp-content\\\/uploads\\\/sites\\\/10\\\/2022\\\/03\\\/INTRO-2_BLOG.png\",\"contentUrl\":\"https:\\\/\\\/www.treatwell.es/in-the-glow\\\/wp-content\\\/uploads\\\/sites\\\/10\\\/2022\\\/03\\\/INTRO-2_BLOG.png\",\"width\":483,\"height\":628},{\"@type\":\"BreadcrumbList\",\"@id\":\"https:\\\/\\\/www.treatwell.es/in-the-glow\\\/tu-primera-cita-post-confinamiento\\\/#breadcrumb\",\"itemListElement\":[{\"@type\":\"ListItem\",\"position\":1,\"name\":\"Home\",\"item\":\"https:\\\/\\\/www.treatwell.es/in-the-glow\\\/\"},{\"@type\":\"ListItem\",\"position\":2,\"name\":\"Beauty\",\"item\":\"https:\\\/\\\/www.treatwell.es/in-the-glow\\\/beauty\\\/\"},{\"@type\":\"ListItem\",\"position\":3,\"name\":\"Lo que debes pedirle a tu peluquero en tu primera cita post-confinamiento\"}]},{\"@type\":\"WebSite\",\"@id\":\"https:\\\/\\\/www.treatwell.es/in-the-glow\\\/#website\",\"url\":\"https:\\\/\\\/www.treatwell.es/in-the-glow\\\/\",\"name\":\"In The Glow\",\"description\":\"Belleza. Pelo. Lifestyle.\",\"publisher\":{\"@id\":\"https:\\\/\\\/www.treatwell.es/in-the-glow\\\/#organization\"},\"potentialAction\":[{\"@type\":\"SearchAction\",\"target\":{\"@type\":\"EntryPoint\",\"urlTemplate\":\"https:\\\/\\\/www.treatwell.es/in-the-glow\\\/?s={search_term_string}\"},\"query-input\":{\"@type\":\"PropertyValueSpecification\",\"valueRequired\":true,\"valueName\":\"search_term_string\"}}],\"inLanguage\":\"es\"},{\"@type\":\"Organization\",\"@id\":\"https:\\\/\\\/www.treatwell.es/in-the-glow\\\/#organization\",\"name\":\"Treatwell\",\"url\":\"https:\\\/\\\/www.treatwell.es/in-the-glow\\\/\",\"logo\":{\"@type\":\"ImageObject\",\"inLanguage\":\"es\",\"@id\":\"https:\\\/\\\/www.treatwell.es/in-the-glow\\\/#\\\/schema\\\/logo\\\/image\\\/\",\"url\":\"https:\\\/\\\/www.treatwell.es/in-the-glow\\\/wp-content\\\/uploads\\\/sites\\\/10\\\/2022\\\/03\\\/logo_treatwell.png\",\"contentUrl\":\"https:\\\/\\\/www.treatwell.es/in-the-glow\\\/wp-content\\\/uploads\\\/sites\\\/10\\\/2022\\\/03\\\/logo_treatwell.png\",\"width\":889,\"height\":164,\"caption\":\"Treatwell\"},\"image\":{\"@id\":\"https:\\\/\\\/www.treatwell.es/in-the-glow\\\/#\\\/schema\\\/logo\\\/image\\\/\"}},{\"@type\":\"Person\",\"@id\":\"https:\\\/\\\/www.treatwell.es/in-the-glow\\\/#\\\/schema\\\/person\\\/45be8f7781947e6c6d31f4b658271bf6\",\"name\":\"Beth Ryan\",\"image\":{\"@type\":\"ImageObject\",\"inLanguage\":\"es\",\"@id\":\"https:\\\/\\\/secure.gravatar.com\\\/avatar\\\/93502c3b0591e62d75cc697ff3b5b8f47fef521e9dd0d61feb5570ae6d459200?s=96&d=mm&r=g\",\"url\":\"https:\\\/\\\/secure.gravatar.com\\\/avatar\\\/93502c3b0591e62d75cc697ff3b5b8f47fef521e9dd0d61feb5570ae6d459200?s=96&d=mm&r=g\",\"contentUrl\":\"https:\\\/\\\/secure.gravatar.com\\\/avatar\\\/93502c3b0591e62d75cc697ff3b5b8f47fef521e9dd0d61feb5570ae6d459200?s=96&d=mm&r=g\",\"caption\":\"Beth Ryan\"},\"url\":\"https:\\\/\\\/www.treatwell.es/in-the-glow\\\/author\\\/bethanyryan\\\/\"}]}<\/script>\n<!-- \/ Yoast SEO plugin. -->","yoast_head_json":{"title":"Recupera tu cabello: gu\u00eda para una melena sana | Treatwell","description":"Cabello seco, fr\u00e1gil o con ca\u00edda tras el confinamiento. Descubre cortes, coloraciones, productos y trucos para revitalizar tu melena en tu pr\u00f3xima visita al sal\u00f3n.","robots":{"index":"index","follow":"follow","max-snippet":"max-snippet:-1","max-image-preview":"max-image-preview:large","max-video-preview":"max-video-preview:-1"},"canonical":"https:\/\/www.treatwell.es/in-the-glow\/tu-primera-cita-post-confinamiento\/","og_locale":"es_ES","og_type":"article","og_title":"Recupera tu cabello: gu\u00eda para una melena sana | Treatwell","og_description":"Cabello seco, fr\u00e1gil o con ca\u00edda tras el confinamiento. Descubre cortes, coloraciones, productos y trucos para revitalizar tu melena en tu pr\u00f3xima visita al sal\u00f3n.","og_url":"https:\/\/www.treatwell.es/in-the-glow\/tu-primera-cita-post-confinamiento\/","og_site_name":"In The Glow","article_published_time":"2020-05-27T14:20:27+00:00","article_modified_time":"2025-12-15T22:54:44+00:00","og_image":[{"width":483,"height":628,"url":"https:\/\/www.treatwell.es/in-the-glow\/wp-content\/uploads\/sites\/10\/2022\/03\/INTRO-2_BLOG.png","type":"image\/png"}],"author":"Beth Ryan","twitter_card":"summary_large_image","twitter_misc":{"Escrito por":"Beth Ryan","Tiempo de lectura":"2 minutos"},"schema":{"@context":"https:\/\/schema.org","@graph":[{"@type":"Article","@id":"https:\/\/www.treatwell.es/in-the-glow\/tu-primera-cita-post-confinamiento\/#article","isPartOf":{"@id":"https:\/\/www.treatwell.es/in-the-glow\/tu-primera-cita-post-confinamiento\/"},"author":{"name":"Beth Ryan","@id":"https:\/\/www.treatwell.es/in-the-glow\/#\/schema\/person\/45be8f7781947e6c6d31f4b658271bf6"},"headline":"Lo que debes pedirle a tu peluquero en tu primera cita post-confinamiento","datePublished":"2020-05-27T14:20:27+00:00","dateModified":"2025-12-15T22:54:44+00:00","mainEntityOfPage":{"@id":"https:\/\/www.treatwell.es/in-the-glow\/tu-primera-cita-post-confinamiento\/"},"wordCount":474,"publisher":{"@id":"https:\/\/www.treatwell.es/in-the-glow\/#organization"},"image":{"@id":"https:\/\/www.treatwell.es/in-the-glow\/tu-primera-cita-post-confinamiento\/#primaryimage"},"thumbnailUrl":"https:\/\/www.treatwell.es/in-the-glow\/wp-content\/uploads\/sites\/10\/2022\/03\/INTRO-2_BLOG.png","keywords":["Blow Dry","Granny Hair","Hair","Hair Colouring and Highlights","Hair Conditioning and Scalp Treatments","Hair Consulting","Hair Salon Extras","Hair Up"],"articleSection":["Beauty"],"inLanguage":"es"},{"@type":"WebPage","@id":"https:\/\/www.treatwell.es/in-the-glow\/tu-primera-cita-post-confinamiento\/","url":"https:\/\/www.treatwell.es/in-the-glow\/tu-primera-cita-post-confinamiento\/","name":"Recupera tu cabello: gu\u00eda para una melena sana | Treatwell","isPartOf":{"@id":"https:\/\/www.treatwell.es/in-the-glow\/#website"},"primaryImageOfPage":{"@id":"https:\/\/www.treatwell.es/in-the-glow\/tu-primera-cita-post-confinamiento\/#primaryimage"},"image":{"@id":"https:\/\/www.treatwell.es/in-the-glow\/tu-primera-cita-post-confinamiento\/#primaryimage"},"thumbnailUrl":"https:\/\/www.treatwell.es/in-the-glow\/wp-content\/uploads\/sites\/10\/2022\/03\/INTRO-2_BLOG.png","datePublished":"2020-05-27T14:20:27+00:00","dateModified":"2025-12-15T22:54:44+00:00","description":"Cabello seco, fr\u00e1gil o con ca\u00edda tras el confinamiento. Descubre cortes, coloraciones, productos y trucos para revitalizar tu melena en tu pr\u00f3xima visita al sal\u00f3n.","breadcrumb":{"@id":"https:\/\/www.treatwell.es/in-the-glow\/tu-primera-cita-post-confinamiento\/#breadcrumb"},"inLanguage":"es","potentialAction":[{"@type":"ReadAction","target":["https:\/\/www.treatwell.es/in-the-glow\/tu-primera-cita-post-confinamiento\/"]}]},{"@type":"ImageObject","inLanguage":"es","@id":"https:\/\/www.treatwell.es/in-the-glow\/tu-primera-cita-post-confinamiento\/#primaryimage","url":"https:\/\/www.treatwell.es/in-the-glow\/wp-content\/uploads\/sites\/10\/2022\/03\/INTRO-2_BLOG.png","contentUrl":"https:\/\/www.treatwell.es/in-the-glow\/wp-content\/uploads\/sites\/10\/2022\/03\/INTRO-2_BLOG.png","width":483,"height":628},{"@type":"BreadcrumbList","@id":"https:\/\/www.treatwell.es/in-the-glow\/tu-primera-cita-post-confinamiento\/#breadcrumb","itemListElement":[{"@type":"ListItem","position":1,"name":"Home","item":"https:\/\/www.treatwell.es/in-the-glow\/"},{"@type":"ListItem","position":2,"name":"Beauty","item":"https:\/\/www.treatwell.es/in-the-glow\/beauty\/"},{"@type":"ListItem","position":3,"name":"Lo que debes pedirle a tu peluquero en tu primera cita post-confinamiento"}]},{"@type":"WebSite","@id":"https:\/\/www.treatwell.es/in-the-glow\/#website","url":"https:\/\/www.treatwell.es/in-the-glow\/","name":"In The Glow","description":"Belleza. Pelo. Lifestyle.","publisher":{"@id":"https:\/\/www.treatwell.es/in-the-glow\/#organization"},"potentialAction":[{"@type":"SearchAction","target":{"@type":"EntryPoint","urlTemplate":"https:\/\/www.treatwell.es/in-the-glow\/?s={search_term_string}"},"query-input":{"@type":"PropertyValueSpecification","valueRequired":true,"valueName":"search_term_string"}}],"inLanguage":"es"},{"@type":"Organization","@id":"https:\/\/www.treatwell.es/in-the-glow\/#organization","name":"Treatwell","url":"https:\/\/www.treatwell.es/in-the-glow\/","logo":{"@type":"ImageObject","inLanguage":"es","@id":"https:\/\/www.treatwell.es/in-the-glow\/#\/schema\/logo\/image\/","url":"https:\/\/www.treatwell.es/in-the-glow\/wp-content\/uploads\/sites\/10\/2022\/03\/logo_treatwell.png","contentUrl":"https:\/\/www.treatwell.es/in-the-glow\/wp-content\/uploads\/sites\/10\/2022\/03\/logo_treatwell.png","width":889,"height":164,"caption":"Treatwell"},"image":{"@id":"https:\/\/www.treatwell.es/in-the-glow\/#\/schema\/logo\/image\/"}},{"@type":"Person","@id":"https:\/\/www.treatwell.es/in-the-glow\/#\/schema\/person\/45be8f7781947e6c6d31f4b658271bf6","name":"Beth Ryan","image":{"@type":"ImageObject","inLanguage":"es","@id":"https:\/\/secure.gravatar.com\/avatar\/93502c3b0591e62d75cc697ff3b5b8f47fef521e9dd0d61feb5570ae6d459200?s=96&d=mm&r=g","url":"https:\/\/secure.gravatar.com\/avatar\/93502c3b0591e62d75cc697ff3b5b8f47fef521e9dd0d61feb5570ae6d459200?s=96&d=mm&r=g","contentUrl":"https:\/\/secure.gravatar.com\/avatar\/93502c3b0591e62d75cc697ff3b5b8f47fef521e9dd0d61feb5570ae6d459200?s=96&d=mm&r=g","caption":"Beth Ryan"},"url":"https:\/\/www.treatwell.es/in-the-glow\/author\/bethanyryan\/"}]}},"featured_image_src":"https:\/\/www.treatwell.es/in-the-glow\/wp-content\/uploads\/sites\/10\/2022\/03\/INTRO-2_BLOG-483x400.png","featured_image_src_square":"https:\/\/www.treatwell.es/in-the-glow\/wp-content\/uploads\/sites\/10\/2022\/03\/INTRO-2_BLOG-483x600.png","author_info":{"display_name":"Beth Ryan","author_link":"https:\/\/www.treatwell.es/in-the-glow\/author\/bethanyryan\/"},"_links":{"self":[{"href":"https:\/\/www.treatwell.es\/in-the-glow\/wp-json\/wp\/v2\/posts\/30428","targetHints":{"allow":["GET"]}}],"collection":[{"href":"https:\/\/www.treatwell.es\/in-the-glow\/wp-json\/wp\/v2\/posts"}],"about":[{"href":"https:\/\/www.treatwell.es\/in-the-glow\/wp-json\/wp\/v2\/types\/post"}],"author":[{"embeddable":true,"href":"https:\/\/www.treatwell.es\/in-the-glow\/wp-json\/wp\/v2\/users\/3366"}],"replies":[{"embeddable":true,"href":"https:\/\/www.treatwell.es\/in-the-glow\/wp-json\/wp\/v2\/comments?post=30428"}],"version-history":[{"count":0,"href":"https:\/\/www.treatwell.es\/in-the-glow\/wp-json\/wp\/v2\/posts\/30428\/revisions"}],"wp:featuredmedia":[{"embeddable":true,"href":"https:\/\/www.treatwell.es\/in-the-glow\/wp-json\/wp\/v2\/media\/30436"}],"wp:attachment":[{"href":"https:\/\/www.treatwell.es\/in-the-glow\/wp-json\/wp\/v2\/media?parent=30428"}],"wp:term":[{"taxonomy":"category","embeddable":true,"href":"https:\/\/www.treatwell.es\/in-the-glow\/wp-json\/wp\/v2\/categories?post=30428"},{"taxonomy":"post_tag","embeddable":true,"href":"https:\/\/www.treatwell.es\/in-the-glow\/wp-json\/wp\/v2\/tags?post=30428"}],"curies":[{"name":"wp","href":"https:\/\/api.w.org\/{rel}","templated":true}]}}