{"id":30453,"date":"2020-06-04T15:52:18","date_gmt":"2020-06-04T13:52:18","guid":{"rendered":"https:\/\/www.treatwell.es\/in-the-glow\/?p=26042"},"modified":"2025-12-15T23:54:45","modified_gmt":"2025-12-15T22:54:45","slug":"como-maquillarte-para-la-mascarilla","status":"publish","type":"post","link":"https:\/\/www.treatwell.es/in-the-glow\/como-maquillarte-para-la-mascarilla\/","title":{"rendered":"C\u00f3mo maquillarte para la mascarilla"},"content":{"rendered":"<p><span style=\"font-weight: 400\">Despu\u00e9s de un per\u00edodo de confinamiento y nuestras primeras salidas a la calle, una cosa nos queda clara. Actualmente vamos a tener que convivir con la mascarilla como complemento fundamental en nuestros looks. Formar\u00e1 parte de nuestras rutinas diarias. Quiz\u00e1 no podamos lucir esa barra de labios rojo intenso que nos gustar\u00eda, pero \u00bfpor qu\u00e9 no le damos la vuelta al maquillaje y enfatizamos los ojos? <\/span><\/p>\n<p><span style=\"font-weight: 400\">Hoy te contamos c\u00f3mo puedes preparar tu piel con los b\u00e1sicos imprescindibles para un<strong> maquillaje de ojos con efecto terap\u00e9utico<\/strong> y foco en los ojos.<\/span><\/p>\n<div class=\"schema-faq wp-block-yoast-faq-block\"><\/div>\n","protected":false},"excerpt":{"rendered":"<p>Despu\u00e9s de un per\u00edodo de confinamiento y nuestras primeras salidas a la calle, una cosa nos queda clara. Actualmente vamos a tener que convivir con la mascarilla como complemento fundamental en nuestros looks. Formar\u00e1 parte de nuestras rutinas diarias. Quiz\u00e1 no podamos lucir esa barra de labios rojo intenso que nos gustar\u00eda, pero \u00bfpor qu\u00e9 [&hellip;]<\/p>\n","protected":false},"author":3366,"featured_media":30460,"comment_status":"closed","ping_status":"closed","sticky":false,"template":"","format":"standard","meta":{"_acf_changed":false,"_yoast_wpseo_title":"Maquillaje de ojos con mascarilla: trucos y productos clave","_yoast_wpseo_metadesc":"Aprende c\u00f3mo realzar tu mirada llevando mascarilla. Descubre rutinas de limpieza, corrector, sombras, eyeliner waterproof y m\u00e1scara para un look impecable.","_genesis_hide_title":false,"_genesis_hide_breadcrumbs":false,"_genesis_hide_singular_image":false,"_genesis_hide_footer_widgets":false,"_genesis_custom_body_class":"","_genesis_custom_post_class":"","_genesis_layout":"","saswp_custom_schema_field":"","footnotes":""},"categories":[4],"tags":[144,19,11,104,133],"class_list":{"0":"post-30453","1":"post","2":"type-post","3":"status-publish","4":"format-standard","5":"has-post-thumbnail","7":"category-beauty","8":"tag-tr253","9":"tag-tt4","10":"tag-tr212","11":"tag-vt53","12":"tag-tr382","13":"entry"},"acf":{"post_credits":"Cr\u00e9ditos de las im\u00e1genes: Shutterstock","beauty_blog_post_button_title":"","beauty_blog_post_button":"","landscape_picture":30459,"blocks":[{"block_title":"Piel bien limpia","block_content":"<p>C&oacute;mo te coment&aacute;bamos en <strong><a href=\"https:\/\/www.treatwell.es\/in-the-glow\/como-proteger-la-piel-de-la-cara-cuando-usamos-mascarilla\/\">este post<\/a><\/strong>, la mascarilla provoca que nuestra piel no respire de forma natural al estar cubierta y eso provoca deshidrataci&oacute;n a lo largo del d&iacute;a y pueden aparecer rojeces o granitos. Es s&uacute;per importante que al llegar a casa, lavemos nuestro rostro, retirando impurezas y apliquemos un tratamiento de skincare para cuidarla e hidratarla al m&aacute;ximo.<\/p>\n","video_content":"","block_picture":30454},{"block_title":"Di s\u00ed al corrector","block_content":"<p>La idea es que utilicemos menos base de maquillaje en nuestro d&iacute;a a d&iacute;a, ya que la piel con la mascarilla no transpira y puede generar infecciones, y m&aacute;s ahora que ya tenemos el calorcito aqu&iacute;. Una opci&oacute;n genial es enfatizar los ojos, ya que es lo que m&aacute;s se va a ver del rostro. Por eso, optar por usar un poco de <strong>corrector o un iluminador <\/strong>de cobertura ligera&nbsp;aportar&aacute; un extra de luz a la zona de la ojera. Incluso podemos iluminar la parte del lagrimal, ampliar&aacute; nuestra mirada.<\/p>\n","video_content":"","block_picture":30455},{"block_title":"Sombras de ojos","block_content":"<p>Otra opci&oacute;n que te proponemos es optar por maquillarte con sombras de ojos. Uno de los productos que ser&aacute; infalible en este paso, es un primer de p&aacute;rpados, que potenciar&aacute; el tono de la sombra y equilibrar&aacute; la grasa natural del p&aacute;rpado (as&iacute; el color durar&aacute; intacto durante m&aacute;s horas). Las sombras de ojos en polvo, har&aacute; que el p&aacute;rpado produzca menos grasa y <strong>agrandar&aacute; la mirada<\/strong>.<\/p>\n","video_content":"","block_picture":30456},{"block_title":"Eyeliner waterproof","block_content":"<p>Uno de los elementos estrella ser&aacute; nuestro querido eyeliner. Eso s&iacute;, en estos momentos, es importante que sea un eyeliner waterproof para evitar que se nos corra por las altas temperaturas o la transpiraci&oacute;n que produce la mascarilla.<\/p>\n\n<p><strong>Consejito Treatwell: <a href=\"https:\/\/www.treatwell.es\/in-the-glow\/diferentes-maneras-de-ponerse-el-eyeliner\/\">aqu&iacute;<\/a> <\/strong>podr&aacute;s descubrir diferentes maneras de ponerte el eyeliner. Prueba el que mejor vaya contigo.<\/p>\n","video_content":"","block_picture":30457},{"block_title":"M\u00e1scara de pesta\u00f1as, nuestra mejor aliada","block_content":"<p>La m&aacute;scara de pesta&ntilde;as, tu aliada para lucir maquillaje con mascarilla. Y no es de extra&ntilde;ar que el lifting de pesta&ntilde;as sea uno de los tratamientos m&aacute;s reservados este mes en Treatwell (<strong><a href=\"https:\/\/www.treatwell.es\/in-the-glow\/como-queda-el-lifting-de-pestanas\/\">aqu&iacute; te ense&ntilde;amos<\/a> <\/strong>su resultado). Es que un ojo con y sin m&aacute;scara cambia radicalmente. Si no te atreves con el lifting de pesta&ntilde;as o las pesta&ntilde;as postizas, prueba con un rizador de pesta&ntilde;as para darles cuerpo durante todo el d&iacute;a y despu&eacute;s aplica la m&aacute;scara de pesta&ntilde;as para ampliar la mirada en un pesta&ntilde;eo.&nbsp;<\/p>\n\n<p>Un <strong>s&uacute;per tip<\/strong> que queremos compartir contigo, es que te hagas con un serum de pesta&ntilde;as revitalizante para unas pesta&ntilde;as m&aacute;s resistentes y suaves.<\/p>\n","video_content":"","block_picture":30458}]},"yoast_head":"<!-- This site is optimized with the Yoast SEO plugin v27.4 - https:\/\/yoast.com\/product\/yoast-seo-wordpress\/ -->\n<title>Maquillaje de ojos con mascarilla: trucos y productos clave<\/title>\n<meta name=\"description\" content=\"Aprende c\u00f3mo realzar tu mirada llevando mascarilla. Descubre rutinas de limpieza, corrector, sombras, eyeliner waterproof y m\u00e1scara para un look impecable.\" \/>\n<meta name=\"robots\" content=\"index, follow, max-snippet:-1, max-image-preview:large, max-video-preview:-1\" \/>\n<link rel=\"canonical\" href=\"https:\/\/www.treatwell.es/in-the-glow\/como-maquillarte-para-la-mascarilla\/\" \/>\n<meta property=\"og:locale\" content=\"es_ES\" \/>\n<meta property=\"og:type\" content=\"article\" \/>\n<meta property=\"og:title\" content=\"Maquillaje de ojos con mascarilla: trucos y productos clave\" \/>\n<meta property=\"og:description\" content=\"Aprende c\u00f3mo realzar tu mirada llevando mascarilla. Descubre rutinas de limpieza, corrector, sombras, eyeliner waterproof y m\u00e1scara para un look impecable.\" \/>\n<meta property=\"og:url\" content=\"https:\/\/www.treatwell.es/in-the-glow\/como-maquillarte-para-la-mascarilla\/\" \/>\n<meta property=\"og:site_name\" content=\"In The Glow\" \/>\n<meta property=\"article:published_time\" content=\"2020-06-04T13:52:18+00:00\" \/>\n<meta property=\"article:modified_time\" content=\"2025-12-15T22:54:45+00:00\" \/>\n<meta property=\"og:image\" content=\"https:\/\/www.treatwell.es/in-the-glow\/wp-content\/uploads\/sites\/10\/2022\/03\/7.png\" \/>\n\t<meta property=\"og:image:width\" content=\"483\" \/>\n\t<meta property=\"og:image:height\" content=\"628\" \/>\n\t<meta property=\"og:image:type\" content=\"image\/png\" \/>\n<meta name=\"author\" content=\"Beth Ryan\" \/>\n<meta name=\"twitter:card\" content=\"summary_large_image\" \/>\n<meta name=\"twitter:label1\" content=\"Escrito por\" \/>\n\t<meta name=\"twitter:data1\" content=\"Beth Ryan\" \/>\n<script type=\"application\/ld+json\" class=\"yoast-schema-graph\">{\"@context\":\"https:\\\/\\\/schema.org\",\"@graph\":[{\"@type\":\"Article\",\"@id\":\"https:\\\/\\\/www.treatwell.es/in-the-glow\\\/como-maquillarte-para-la-mascarilla\\\/#article\",\"isPartOf\":{\"@id\":\"https:\\\/\\\/www.treatwell.es/in-the-glow\\\/como-maquillarte-para-la-mascarilla\\\/\"},\"author\":{\"name\":\"Beth Ryan\",\"@id\":\"https:\\\/\\\/www.treatwell.es/in-the-glow\\\/#\\\/schema\\\/person\\\/45be8f7781947e6c6d31f4b658271bf6\"},\"headline\":\"C\u00f3mo maquillarte para la mascarilla\",\"datePublished\":\"2020-06-04T13:52:18+00:00\",\"dateModified\":\"2025-12-15T22:54:45+00:00\",\"mainEntityOfPage\":{\"@id\":\"https:\\\/\\\/www.treatwell.es/in-the-glow\\\/como-maquillarte-para-la-mascarilla\\\/\"},\"wordCount\":103,\"publisher\":{\"@id\":\"https:\\\/\\\/www.treatwell.es/in-the-glow\\\/#organization\"},\"image\":{\"@id\":\"https:\\\/\\\/www.treatwell.es/in-the-glow\\\/como-maquillarte-para-la-mascarilla\\\/#primaryimage\"},\"thumbnailUrl\":\"https:\\\/\\\/www.treatwell.es/in-the-glow\\\/wp-content\\\/uploads\\\/sites\\\/10\\\/2022\\\/03\\\/7.png\",\"keywords\":[\"Cosmetic Skin Treatments\",\"Face\",\"Makeup\",\"Makeup Studio\",\"Skincare Consultation\"],\"articleSection\":[\"Beauty\"],\"inLanguage\":\"es\"},{\"@type\":\"WebPage\",\"@id\":\"https:\\\/\\\/www.treatwell.es/in-the-glow\\\/como-maquillarte-para-la-mascarilla\\\/\",\"url\":\"https:\\\/\\\/www.treatwell.es/in-the-glow\\\/como-maquillarte-para-la-mascarilla\\\/\",\"name\":\"Maquillaje de ojos con mascarilla: trucos y productos clave\",\"isPartOf\":{\"@id\":\"https:\\\/\\\/www.treatwell.es/in-the-glow\\\/#website\"},\"primaryImageOfPage\":{\"@id\":\"https:\\\/\\\/www.treatwell.es/in-the-glow\\\/como-maquillarte-para-la-mascarilla\\\/#primaryimage\"},\"image\":{\"@id\":\"https:\\\/\\\/www.treatwell.es/in-the-glow\\\/como-maquillarte-para-la-mascarilla\\\/#primaryimage\"},\"thumbnailUrl\":\"https:\\\/\\\/www.treatwell.es/in-the-glow\\\/wp-content\\\/uploads\\\/sites\\\/10\\\/2022\\\/03\\\/7.png\",\"datePublished\":\"2020-06-04T13:52:18+00:00\",\"dateModified\":\"2025-12-15T22:54:45+00:00\",\"description\":\"Aprende c\u00f3mo realzar tu mirada llevando mascarilla. Descubre rutinas de limpieza, corrector, sombras, eyeliner waterproof y m\u00e1scara para un look impecable.\",\"breadcrumb\":{\"@id\":\"https:\\\/\\\/www.treatwell.es/in-the-glow\\\/como-maquillarte-para-la-mascarilla\\\/#breadcrumb\"},\"inLanguage\":\"es\",\"potentialAction\":[{\"@type\":\"ReadAction\",\"target\":[\"https:\\\/\\\/www.treatwell.es/in-the-glow\\\/como-maquillarte-para-la-mascarilla\\\/\"]}]},{\"@type\":\"ImageObject\",\"inLanguage\":\"es\",\"@id\":\"https:\\\/\\\/www.treatwell.es/in-the-glow\\\/como-maquillarte-para-la-mascarilla\\\/#primaryimage\",\"url\":\"https:\\\/\\\/www.treatwell.es/in-the-glow\\\/wp-content\\\/uploads\\\/sites\\\/10\\\/2022\\\/03\\\/7.png\",\"contentUrl\":\"https:\\\/\\\/www.treatwell.es/in-the-glow\\\/wp-content\\\/uploads\\\/sites\\\/10\\\/2022\\\/03\\\/7.png\",\"width\":483,\"height\":628},{\"@type\":\"BreadcrumbList\",\"@id\":\"https:\\\/\\\/www.treatwell.es/in-the-glow\\\/como-maquillarte-para-la-mascarilla\\\/#breadcrumb\",\"itemListElement\":[{\"@type\":\"ListItem\",\"position\":1,\"name\":\"Home\",\"item\":\"https:\\\/\\\/www.treatwell.es/in-the-glow\\\/\"},{\"@type\":\"ListItem\",\"position\":2,\"name\":\"Beauty\",\"item\":\"https:\\\/\\\/www.treatwell.es/in-the-glow\\\/beauty\\\/\"},{\"@type\":\"ListItem\",\"position\":3,\"name\":\"C\u00f3mo maquillarte para la mascarilla\"}]},{\"@type\":\"WebSite\",\"@id\":\"https:\\\/\\\/www.treatwell.es/in-the-glow\\\/#website\",\"url\":\"https:\\\/\\\/www.treatwell.es/in-the-glow\\\/\",\"name\":\"In The Glow\",\"description\":\"Belleza. Pelo. Lifestyle.\",\"publisher\":{\"@id\":\"https:\\\/\\\/www.treatwell.es/in-the-glow\\\/#organization\"},\"potentialAction\":[{\"@type\":\"SearchAction\",\"target\":{\"@type\":\"EntryPoint\",\"urlTemplate\":\"https:\\\/\\\/www.treatwell.es/in-the-glow\\\/?s={search_term_string}\"},\"query-input\":{\"@type\":\"PropertyValueSpecification\",\"valueRequired\":true,\"valueName\":\"search_term_string\"}}],\"inLanguage\":\"es\"},{\"@type\":\"Organization\",\"@id\":\"https:\\\/\\\/www.treatwell.es/in-the-glow\\\/#organization\",\"name\":\"Treatwell\",\"url\":\"https:\\\/\\\/www.treatwell.es/in-the-glow\\\/\",\"logo\":{\"@type\":\"ImageObject\",\"inLanguage\":\"es\",\"@id\":\"https:\\\/\\\/www.treatwell.es/in-the-glow\\\/#\\\/schema\\\/logo\\\/image\\\/\",\"url\":\"https:\\\/\\\/www.treatwell.es/in-the-glow\\\/wp-content\\\/uploads\\\/sites\\\/10\\\/2022\\\/03\\\/logo_treatwell.png\",\"contentUrl\":\"https:\\\/\\\/www.treatwell.es/in-the-glow\\\/wp-content\\\/uploads\\\/sites\\\/10\\\/2022\\\/03\\\/logo_treatwell.png\",\"width\":889,\"height\":164,\"caption\":\"Treatwell\"},\"image\":{\"@id\":\"https:\\\/\\\/www.treatwell.es/in-the-glow\\\/#\\\/schema\\\/logo\\\/image\\\/\"}},{\"@type\":\"Person\",\"@id\":\"https:\\\/\\\/www.treatwell.es/in-the-glow\\\/#\\\/schema\\\/person\\\/45be8f7781947e6c6d31f4b658271bf6\",\"name\":\"Beth Ryan\",\"image\":{\"@type\":\"ImageObject\",\"inLanguage\":\"es\",\"@id\":\"https:\\\/\\\/secure.gravatar.com\\\/avatar\\\/93502c3b0591e62d75cc697ff3b5b8f47fef521e9dd0d61feb5570ae6d459200?s=96&d=mm&r=g\",\"url\":\"https:\\\/\\\/secure.gravatar.com\\\/avatar\\\/93502c3b0591e62d75cc697ff3b5b8f47fef521e9dd0d61feb5570ae6d459200?s=96&d=mm&r=g\",\"contentUrl\":\"https:\\\/\\\/secure.gravatar.com\\\/avatar\\\/93502c3b0591e62d75cc697ff3b5b8f47fef521e9dd0d61feb5570ae6d459200?s=96&d=mm&r=g\",\"caption\":\"Beth Ryan\"},\"url\":\"https:\\\/\\\/www.treatwell.es/in-the-glow\\\/author\\\/bethanyryan\\\/\"}]}<\/script>\n<!-- \/ Yoast SEO plugin. -->","yoast_head_json":{"title":"Maquillaje de ojos con mascarilla: trucos y productos clave","description":"Aprende c\u00f3mo realzar tu mirada llevando mascarilla. Descubre rutinas de limpieza, corrector, sombras, eyeliner waterproof y m\u00e1scara para un look impecable.","robots":{"index":"index","follow":"follow","max-snippet":"max-snippet:-1","max-image-preview":"max-image-preview:large","max-video-preview":"max-video-preview:-1"},"canonical":"https:\/\/www.treatwell.es/in-the-glow\/como-maquillarte-para-la-mascarilla\/","og_locale":"es_ES","og_type":"article","og_title":"Maquillaje de ojos con mascarilla: trucos y productos clave","og_description":"Aprende c\u00f3mo realzar tu mirada llevando mascarilla. Descubre rutinas de limpieza, corrector, sombras, eyeliner waterproof y m\u00e1scara para un look impecable.","og_url":"https:\/\/www.treatwell.es/in-the-glow\/como-maquillarte-para-la-mascarilla\/","og_site_name":"In The Glow","article_published_time":"2020-06-04T13:52:18+00:00","article_modified_time":"2025-12-15T22:54:45+00:00","og_image":[{"width":483,"height":628,"url":"https:\/\/www.treatwell.es/in-the-glow\/wp-content\/uploads\/sites\/10\/2022\/03\/7.png","type":"image\/png"}],"author":"Beth Ryan","twitter_card":"summary_large_image","twitter_misc":{"Escrito por":"Beth Ryan"},"schema":{"@context":"https:\/\/schema.org","@graph":[{"@type":"Article","@id":"https:\/\/www.treatwell.es/in-the-glow\/como-maquillarte-para-la-mascarilla\/#article","isPartOf":{"@id":"https:\/\/www.treatwell.es/in-the-glow\/como-maquillarte-para-la-mascarilla\/"},"author":{"name":"Beth Ryan","@id":"https:\/\/www.treatwell.es/in-the-glow\/#\/schema\/person\/45be8f7781947e6c6d31f4b658271bf6"},"headline":"C\u00f3mo maquillarte para la mascarilla","datePublished":"2020-06-04T13:52:18+00:00","dateModified":"2025-12-15T22:54:45+00:00","mainEntityOfPage":{"@id":"https:\/\/www.treatwell.es/in-the-glow\/como-maquillarte-para-la-mascarilla\/"},"wordCount":103,"publisher":{"@id":"https:\/\/www.treatwell.es/in-the-glow\/#organization"},"image":{"@id":"https:\/\/www.treatwell.es/in-the-glow\/como-maquillarte-para-la-mascarilla\/#primaryimage"},"thumbnailUrl":"https:\/\/www.treatwell.es/in-the-glow\/wp-content\/uploads\/sites\/10\/2022\/03\/7.png","keywords":["Cosmetic Skin Treatments","Face","Makeup","Makeup Studio","Skincare Consultation"],"articleSection":["Beauty"],"inLanguage":"es"},{"@type":"WebPage","@id":"https:\/\/www.treatwell.es/in-the-glow\/como-maquillarte-para-la-mascarilla\/","url":"https:\/\/www.treatwell.es/in-the-glow\/como-maquillarte-para-la-mascarilla\/","name":"Maquillaje de ojos con mascarilla: trucos y productos clave","isPartOf":{"@id":"https:\/\/www.treatwell.es/in-the-glow\/#website"},"primaryImageOfPage":{"@id":"https:\/\/www.treatwell.es/in-the-glow\/como-maquillarte-para-la-mascarilla\/#primaryimage"},"image":{"@id":"https:\/\/www.treatwell.es/in-the-glow\/como-maquillarte-para-la-mascarilla\/#primaryimage"},"thumbnailUrl":"https:\/\/www.treatwell.es/in-the-glow\/wp-content\/uploads\/sites\/10\/2022\/03\/7.png","datePublished":"2020-06-04T13:52:18+00:00","dateModified":"2025-12-15T22:54:45+00:00","description":"Aprende c\u00f3mo realzar tu mirada llevando mascarilla. Descubre rutinas de limpieza, corrector, sombras, eyeliner waterproof y m\u00e1scara para un look impecable.","breadcrumb":{"@id":"https:\/\/www.treatwell.es/in-the-glow\/como-maquillarte-para-la-mascarilla\/#breadcrumb"},"inLanguage":"es","potentialAction":[{"@type":"ReadAction","target":["https:\/\/www.treatwell.es/in-the-glow\/como-maquillarte-para-la-mascarilla\/"]}]},{"@type":"ImageObject","inLanguage":"es","@id":"https:\/\/www.treatwell.es/in-the-glow\/como-maquillarte-para-la-mascarilla\/#primaryimage","url":"https:\/\/www.treatwell.es/in-the-glow\/wp-content\/uploads\/sites\/10\/2022\/03\/7.png","contentUrl":"https:\/\/www.treatwell.es/in-the-glow\/wp-content\/uploads\/sites\/10\/2022\/03\/7.png","width":483,"height":628},{"@type":"BreadcrumbList","@id":"https:\/\/www.treatwell.es/in-the-glow\/como-maquillarte-para-la-mascarilla\/#breadcrumb","itemListElement":[{"@type":"ListItem","position":1,"name":"Home","item":"https:\/\/www.treatwell.es/in-the-glow\/"},{"@type":"ListItem","position":2,"name":"Beauty","item":"https:\/\/www.treatwell.es/in-the-glow\/beauty\/"},{"@type":"ListItem","position":3,"name":"C\u00f3mo maquillarte para la mascarilla"}]},{"@type":"WebSite","@id":"https:\/\/www.treatwell.es/in-the-glow\/#website","url":"https:\/\/www.treatwell.es/in-the-glow\/","name":"In The Glow","description":"Belleza. Pelo. Lifestyle.","publisher":{"@id":"https:\/\/www.treatwell.es/in-the-glow\/#organization"},"potentialAction":[{"@type":"SearchAction","target":{"@type":"EntryPoint","urlTemplate":"https:\/\/www.treatwell.es/in-the-glow\/?s={search_term_string}"},"query-input":{"@type":"PropertyValueSpecification","valueRequired":true,"valueName":"search_term_string"}}],"inLanguage":"es"},{"@type":"Organization","@id":"https:\/\/www.treatwell.es/in-the-glow\/#organization","name":"Treatwell","url":"https:\/\/www.treatwell.es/in-the-glow\/","logo":{"@type":"ImageObject","inLanguage":"es","@id":"https:\/\/www.treatwell.es/in-the-glow\/#\/schema\/logo\/image\/","url":"https:\/\/www.treatwell.es/in-the-glow\/wp-content\/uploads\/sites\/10\/2022\/03\/logo_treatwell.png","contentUrl":"https:\/\/www.treatwell.es/in-the-glow\/wp-content\/uploads\/sites\/10\/2022\/03\/logo_treatwell.png","width":889,"height":164,"caption":"Treatwell"},"image":{"@id":"https:\/\/www.treatwell.es/in-the-glow\/#\/schema\/logo\/image\/"}},{"@type":"Person","@id":"https:\/\/www.treatwell.es/in-the-glow\/#\/schema\/person\/45be8f7781947e6c6d31f4b658271bf6","name":"Beth Ryan","image":{"@type":"ImageObject","inLanguage":"es","@id":"https:\/\/secure.gravatar.com\/avatar\/93502c3b0591e62d75cc697ff3b5b8f47fef521e9dd0d61feb5570ae6d459200?s=96&d=mm&r=g","url":"https:\/\/secure.gravatar.com\/avatar\/93502c3b0591e62d75cc697ff3b5b8f47fef521e9dd0d61feb5570ae6d459200?s=96&d=mm&r=g","contentUrl":"https:\/\/secure.gravatar.com\/avatar\/93502c3b0591e62d75cc697ff3b5b8f47fef521e9dd0d61feb5570ae6d459200?s=96&d=mm&r=g","caption":"Beth Ryan"},"url":"https:\/\/www.treatwell.es/in-the-glow\/author\/bethanyryan\/"}]}},"featured_image_src":"https:\/\/www.treatwell.es/in-the-glow\/wp-content\/uploads\/sites\/10\/2022\/03\/7-483x400.png","featured_image_src_square":"https:\/\/www.treatwell.es/in-the-glow\/wp-content\/uploads\/sites\/10\/2022\/03\/7-483x600.png","author_info":{"display_name":"Beth Ryan","author_link":"https:\/\/www.treatwell.es/in-the-glow\/author\/bethanyryan\/"},"_links":{"self":[{"href":"https:\/\/www.treatwell.es\/in-the-glow\/wp-json\/wp\/v2\/posts\/30453","targetHints":{"allow":["GET"]}}],"collection":[{"href":"https:\/\/www.treatwell.es\/in-the-glow\/wp-json\/wp\/v2\/posts"}],"about":[{"href":"https:\/\/www.treatwell.es\/in-the-glow\/wp-json\/wp\/v2\/types\/post"}],"author":[{"embeddable":true,"href":"https:\/\/www.treatwell.es\/in-the-glow\/wp-json\/wp\/v2\/users\/3366"}],"replies":[{"embeddable":true,"href":"https:\/\/www.treatwell.es\/in-the-glow\/wp-json\/wp\/v2\/comments?post=30453"}],"version-history":[{"count":0,"href":"https:\/\/www.treatwell.es\/in-the-glow\/wp-json\/wp\/v2\/posts\/30453\/revisions"}],"wp:featuredmedia":[{"embeddable":true,"href":"https:\/\/www.treatwell.es\/in-the-glow\/wp-json\/wp\/v2\/media\/30460"}],"wp:attachment":[{"href":"https:\/\/www.treatwell.es\/in-the-glow\/wp-json\/wp\/v2\/media?parent=30453"}],"wp:term":[{"taxonomy":"category","embeddable":true,"href":"https:\/\/www.treatwell.es\/in-the-glow\/wp-json\/wp\/v2\/categories?post=30453"},{"taxonomy":"post_tag","embeddable":true,"href":"https:\/\/www.treatwell.es\/in-the-glow\/wp-json\/wp\/v2\/tags?post=30453"}],"curies":[{"name":"wp","href":"https:\/\/api.w.org\/{rel}","templated":true}]}}