{"id":30814,"date":"2020-09-16T12:51:30","date_gmt":"2020-09-16T10:51:30","guid":{"rendered":"https:\/\/www.treatwell.es\/in-the-glow\/?p=26480"},"modified":"2025-12-16T12:35:59","modified_gmt":"2025-12-16T11:35:59","slug":"laminacion-de-cejas","status":"publish","type":"post","link":"https:\/\/www.treatwell.es/in-the-glow\/laminacion-de-cejas\/","title":{"rendered":"Cejas laminadas: el secreto para tenerlas gruesas, rellenas y dominadas"},"content":{"rendered":"<p><span style=\"font-weight: 400\">Nuestra compi Beth, nos hace una cr\u00f3nica de su cambio tan ideal de cejas. &#8220;Nunca le prest\u00e9 demasiada atenci\u00f3n a mis cejas, al menos hasta hace algunos a\u00f1os. Luego lleg\u00f3 Cara Delevingne y todo cambi\u00f3. Desde entonces he intentado dominarlas, te\u00f1irlas, y depilarme con hilo, pero nunca me convenci\u00f3 al 100% el resultado. Hasta que descubr\u00ed un nuevo mundo: la laminaci\u00f3n de cejas.\u00a0<\/span><\/p>\n<p><span style=\"font-weight: 400\">Beth nos muestra el paso a paso de c\u00f3mo se hizo la laminaci\u00f3n de cejas y el resultado&#8230;<\/span><\/p>\n<div class=\"schema-faq wp-block-yoast-faq-block\">\n<div class=\"schema-faq-section\" id=\"faq-question-1765884345969\">\n<h3 class=\"schema-faq-question\">\u00bfQu\u00e9 es el laminado de cejas y qu\u00e9 consigue?<\/h3>\n<p class=\"schema-faq-answer\">El laminado de cejas es un tratamiento de queratina que alinea y fija los pelos en la misma direcci\u00f3n. Consigue que tus cejas luzcan m\u00e1s gruesas, ordenadas y estructuradas, como si acabaran de ser peinadas y fijadas. Es ideal para realzar la forma natural y darles un aspecto impecable.<\/div>\n<div class=\"schema-faq-section\" id=\"faq-question-1765884345970\">\n<h3 class=\"schema-faq-question\">\u00bfC\u00f3mo se realiza el tratamiento de laminaci\u00f3n de cejas?<\/h3>\n<p class=\"schema-faq-answer\">Durante la laminaci\u00f3n de cejas, los profesionales aplican dos soluciones: la primera suaviza el pelo y la segunda reestructura y mantiene la forma. El proceso incluye peinar las cejas para esparcir el producto, dejarlo actuar veinte minutos, depilar con cera y terminar con un tinte de cejas para dar definici\u00f3n.<\/div>\n<div class=\"schema-faq-section\" id=\"faq-question-1765884345971\">\n<h3 class=\"schema-faq-question\">\u00bfPara qui\u00e9n est\u00e1 recomendado el laminado de cejas?<\/h3>\n<p class=\"schema-faq-answer\">El laminado de cejas es recomendable si tienes cejas finas por haberlas depilado en exceso o si son gruesas y rebeldes que no logras domar ni con gel. Es una soluci\u00f3n vers\u00e1til para quienes buscan cejas m\u00e1s rellenas o mejor definidas, sea cual sea el tipo de pelo.<\/div>\n<div class=\"schema-faq-section\" id=\"faq-question-1765884345972\">\n<h3 class=\"schema-faq-question\">\u00bfQu\u00e9 efecto visible puedes esperar despu\u00e9s de la laminaci\u00f3n de cejas?<\/h3>\n<p class=\"schema-faq-answer\">Tras realizar el laminado de cejas, puedes conseguir unas cejas m\u00e1s rellenas, gruesas y definidas. El resultado aporta una estructura impecable y realza la densidad, como si todas las zonas estuvieran perfectamente cubiertas y peinadas.<\/div>\n<div class=\"schema-faq-section\" id=\"faq-question-1765884345973\">\n<h3 class=\"schema-faq-question\">\u00bfQu\u00e9 pasos forman parte de un laminado de cejas completo?<\/h3>\n<p class=\"schema-faq-answer\">Un laminado de cejas completo incluye aplicaci\u00f3n de dos soluciones, peinado para dar forma, veinte minutos de espera, depilaci\u00f3n con cera y tinte de cejas para agregar definici\u00f3n. As\u00ed se logra una apariencia m\u00e1s ordenada y personalizada a tu gusto.<\/div>\n<\/p><\/div>\n","protected":false},"excerpt":{"rendered":"<p>Nuestra compi Beth, nos hace una cr\u00f3nica de su cambio tan ideal de cejas. &#8220;Nunca le prest\u00e9 demasiada atenci\u00f3n a mis cejas, al menos hasta hace algunos a\u00f1os. Luego lleg\u00f3 Cara Delevingne y todo cambi\u00f3. Desde entonces he intentado dominarlas, te\u00f1irlas, y depilarme con hilo, pero nunca me convenci\u00f3 al 100% el resultado. Hasta que [&hellip;]<\/p>\n","protected":false},"author":3366,"featured_media":30820,"comment_status":"closed","ping_status":"closed","sticky":false,"template":"","format":"standard","meta":{"_acf_changed":false,"_yoast_wpseo_title":"Laminaci\u00f3n de cejas: cejas m\u00e1s gruesas y definidas | Treatwell","_yoast_wpseo_metadesc":"Descubre c\u00f3mo la laminaci\u00f3n de cejas transforma tu mirada: consigue cejas m\u00e1s gruesas, ordenadas y definidas. T\u00e9cnica paso a paso, resultados y beneficios.","_genesis_hide_title":false,"_genesis_hide_breadcrumbs":false,"_genesis_hide_singular_image":false,"_genesis_hide_footer_widgets":false,"_genesis_custom_body_class":"","_genesis_custom_post_class":"","_genesis_layout":"","saswp_custom_schema_field":"{\"@context\":\"https:\/\/schema.org\",\"@type\":\"FAQPage\",\"mainEntity\":[{\"@type\":\"Question\",\"name\":\"\u00bfQu\u00e9 es el laminado de cejas y qu\u00e9 consigue?\",\"acceptedAnswer\":{\"@type\":\"Answer\",\"text\":\"El laminado de cejas es un tratamiento de queratina que alinea y fija los pelos en la misma direcci\u00f3n. Consigue que tus cejas luzcan m\u00e1s gruesas, ordenadas y estructuradas, como si acabaran de ser peinadas y fijadas. Es ideal para realzar la forma natural y darles un aspecto impecable.\"}},{\"@type\":\"Question\",\"name\":\"\u00bfC\u00f3mo se realiza el tratamiento de laminaci\u00f3n de cejas?\",\"acceptedAnswer\":{\"@type\":\"Answer\",\"text\":\"Durante la laminaci\u00f3n de cejas, los profesionales aplican dos soluciones: la primera suaviza el pelo y la segunda reestructura y mantiene la forma. El proceso incluye peinar las cejas para esparcir el producto, dejarlo actuar veinte minutos, depilar con cera y terminar con un tinte de cejas para dar definici\u00f3n.\"}},{\"@type\":\"Question\",\"name\":\"\u00bfPara qui\u00e9n est\u00e1 recomendado el laminado de cejas?\",\"acceptedAnswer\":{\"@type\":\"Answer\",\"text\":\"El laminado de cejas es recomendable si tienes cejas finas por haberlas depilado en exceso o si son gruesas y rebeldes que no logras domar ni con gel. Es una soluci\u00f3n vers\u00e1til para quienes buscan cejas m\u00e1s rellenas o mejor definidas, sea cual sea el tipo de pelo.\"}},{\"@type\":\"Question\",\"name\":\"\u00bfQu\u00e9 efecto visible puedes esperar despu\u00e9s de la laminaci\u00f3n de cejas?\",\"acceptedAnswer\":{\"@type\":\"Answer\",\"text\":\"Tras realizar el laminado de cejas, puedes conseguir unas cejas m\u00e1s rellenas, gruesas y definidas. El resultado aporta una estructura impecable y realza la densidad, como si todas las zonas estuvieran perfectamente cubiertas y peinadas.\"}},{\"@type\":\"Question\",\"name\":\"\u00bfQu\u00e9 pasos forman parte de un laminado de cejas completo?\",\"acceptedAnswer\":{\"@type\":\"Answer\",\"text\":\"Un laminado de cejas completo incluye aplicaci\u00f3n de dos soluciones, peinado para dar forma, veinte minutos de espera, depilaci\u00f3n con cera y tinte de cejas para agregar definici\u00f3n. As\u00ed se logra una apariencia m\u00e1s ordenada y personalizada a tu gusto.\"}}]}","footnotes":""},"categories":[4],"tags":[81,105,19,31],"class_list":{"0":"post-30814","1":"post","2":"type-post","3":"status-publish","4":"format-standard","5":"has-post-thumbnail","7":"category-beauty","8":"tag-vt47","9":"tag-tr709","10":"tag-tt4","11":"tag-tr560","12":"entry"},"acf":{"post_credits":"Cr\u00e9dito de las im\u00e1genes: Shutterstock, @beckymcalvert, Beth Ludolf","beauty_blog_post_button_title":"","beauty_blog_post_button":"","landscape_picture":30819,"blocks":[{"block_title":"\u00bfQu\u00e9 es el laminado de cejas?","block_content":"<p>Funciona como un <strong>tratamiento de queratina<\/strong> pero para las cejas. Hace que los pelos apunten todos en la misma direcci&oacute;n, ofreciendo a las cejas una apariencia m&aacute;s gruesa y ordenada, como si las acabaras de peinadar y fijar.<\/p>\n\n<p>&nbsp;<\/p>\n","video_content":"","block_picture":30815},{"block_title":"\u00bfC\u00f3mo se hace?","block_content":"<p>Se aplican dos soluciones: la primera <strong>suaviza el pelo<\/strong> y lo prepara para la laminaci&oacute;n. La segunda lo <strong>reestructura y lo mantiene<\/strong> fijado en su lugar. Despu&eacute;s de la aplicaci&oacute;n, se peinan las cejas para esparcir mejor el producto. Se deja durante veinte minutos, asegur&aacute;ndose de que las cejas tengan la forma deseada. Se termina con la depilaci&oacute;n con cera y finalmente un <a href=\"https:\/\/www.treatwell.es\/in-the-glow\/tinte-de-cejas\/\">tinte de cejas<\/a> para a&ntilde;adir definici&oacute;n.<\/p>\n","video_content":"","block_picture":30816},{"block_title":"\u00bfA qui\u00e9n se lo recomiendo?","block_content":"<p>Los que se han dejado llevar demasiado por las pinzas y ahora se encuentran con esas cejas finas que estaban tan de moda a finales de los 90. Tambi&eacute;n lo recomiendo a los que tienen la suerte de tener cejas gruesas, pero tan indisciplinadas que nose resisten ni al gel.<\/p>\n","video_content":"","block_picture":30817},{"block_title":"Y... Este es el resultado","block_content":"<p>Me qued&eacute; sin palabras cuando vi el resultado: &iexcl;&iquest;d&oacute;nde estaba escondido todo este pelo?!&nbsp;Mis cejas son ahora mucho m&aacute;s gruesas y estructuradas, y los cumplidos que he recibido pueden confirmarlo. &iquest;Qu&eacute; os parece?<\/p>\n","video_content":"","block_picture":30818}]},"yoast_head":"<!-- This site is optimized with the Yoast SEO plugin v27.4 - https:\/\/yoast.com\/product\/yoast-seo-wordpress\/ -->\n<title>Laminaci\u00f3n de cejas: cejas m\u00e1s gruesas y definidas | Treatwell<\/title>\n<meta name=\"description\" content=\"Descubre c\u00f3mo la laminaci\u00f3n de cejas transforma tu mirada: consigue cejas m\u00e1s gruesas, ordenadas y definidas. T\u00e9cnica paso a paso, resultados y beneficios.\" \/>\n<meta name=\"robots\" content=\"index, follow, max-snippet:-1, max-image-preview:large, max-video-preview:-1\" \/>\n<link rel=\"canonical\" href=\"https:\/\/www.treatwell.es/in-the-glow\/laminacion-de-cejas\/\" \/>\n<meta property=\"og:locale\" content=\"es_ES\" \/>\n<meta property=\"og:type\" content=\"article\" \/>\n<meta property=\"og:title\" content=\"Laminaci\u00f3n de cejas: cejas m\u00e1s gruesas y definidas | Treatwell\" \/>\n<meta property=\"og:description\" content=\"Descubre c\u00f3mo la laminaci\u00f3n de cejas transforma tu mirada: consigue cejas m\u00e1s gruesas, ordenadas y definidas. T\u00e9cnica paso a paso, resultados y beneficios.\" \/>\n<meta property=\"og:url\" content=\"https:\/\/www.treatwell.es/in-the-glow\/laminacion-de-cejas\/\" \/>\n<meta property=\"og:site_name\" content=\"In The Glow\" \/>\n<meta property=\"article:published_time\" content=\"2020-09-16T10:51:30+00:00\" \/>\n<meta property=\"article:modified_time\" content=\"2025-12-16T11:35:59+00:00\" \/>\n<meta property=\"og:image\" content=\"https:\/\/www.treatwell.es/in-the-glow\/wp-content\/uploads\/sites\/10\/2022\/03\/laminacion4.jpg\" \/>\n\t<meta property=\"og:image:width\" content=\"500\" \/>\n\t<meta property=\"og:image:height\" content=\"600\" \/>\n\t<meta property=\"og:image:type\" content=\"image\/jpeg\" \/>\n<meta name=\"author\" content=\"Beth Ryan\" \/>\n<meta name=\"twitter:card\" content=\"summary_large_image\" \/>\n<meta name=\"twitter:label1\" content=\"Escrito por\" \/>\n\t<meta name=\"twitter:data1\" content=\"Beth Ryan\" \/>\n\t<meta name=\"twitter:label2\" content=\"Tiempo de lectura\" \/>\n\t<meta name=\"twitter:data2\" content=\"2 minutos\" \/>\n<script type=\"application\/ld+json\" class=\"yoast-schema-graph\">{\"@context\":\"https:\\\/\\\/schema.org\",\"@graph\":[{\"@type\":\"Article\",\"@id\":\"https:\\\/\\\/www.treatwell.es/in-the-glow\\\/laminacion-de-cejas\\\/#article\",\"isPartOf\":{\"@id\":\"https:\\\/\\\/www.treatwell.es/in-the-glow\\\/laminacion-de-cejas\\\/\"},\"author\":{\"name\":\"Beth Ryan\",\"@id\":\"https:\\\/\\\/www.treatwell.es/in-the-glow\\\/#\\\/schema\\\/person\\\/45be8f7781947e6c6d31f4b658271bf6\"},\"headline\":\"Cejas laminadas: el secreto para tenerlas gruesas, rellenas y dominadas\",\"datePublished\":\"2020-09-16T10:51:30+00:00\",\"dateModified\":\"2025-12-16T11:35:59+00:00\",\"mainEntityOfPage\":{\"@id\":\"https:\\\/\\\/www.treatwell.es/in-the-glow\\\/laminacion-de-cejas\\\/\"},\"wordCount\":383,\"publisher\":{\"@id\":\"https:\\\/\\\/www.treatwell.es/in-the-glow\\\/#organization\"},\"image\":{\"@id\":\"https:\\\/\\\/www.treatwell.es/in-the-glow\\\/laminacion-de-cejas\\\/#primaryimage\"},\"thumbnailUrl\":\"https:\\\/\\\/www.treatwell.es/in-the-glow\\\/wp-content\\\/uploads\\\/sites\\\/10\\\/2022\\\/03\\\/laminacion4.jpg\",\"keywords\":[\"Brow Bar\",\"Eyebrow and Eyelash Tinting\",\"Face\",\"HD Brows\"],\"articleSection\":[\"Beauty\"],\"inLanguage\":\"es\"},{\"@type\":\"WebPage\",\"@id\":\"https:\\\/\\\/www.treatwell.es/in-the-glow\\\/laminacion-de-cejas\\\/\",\"url\":\"https:\\\/\\\/www.treatwell.es/in-the-glow\\\/laminacion-de-cejas\\\/\",\"name\":\"Laminaci\u00f3n de cejas: cejas m\u00e1s gruesas y definidas | Treatwell\",\"isPartOf\":{\"@id\":\"https:\\\/\\\/www.treatwell.es/in-the-glow\\\/#website\"},\"primaryImageOfPage\":{\"@id\":\"https:\\\/\\\/www.treatwell.es/in-the-glow\\\/laminacion-de-cejas\\\/#primaryimage\"},\"image\":{\"@id\":\"https:\\\/\\\/www.treatwell.es/in-the-glow\\\/laminacion-de-cejas\\\/#primaryimage\"},\"thumbnailUrl\":\"https:\\\/\\\/www.treatwell.es/in-the-glow\\\/wp-content\\\/uploads\\\/sites\\\/10\\\/2022\\\/03\\\/laminacion4.jpg\",\"datePublished\":\"2020-09-16T10:51:30+00:00\",\"dateModified\":\"2025-12-16T11:35:59+00:00\",\"description\":\"Descubre c\u00f3mo la laminaci\u00f3n de cejas transforma tu mirada: consigue cejas m\u00e1s gruesas, ordenadas y definidas. T\u00e9cnica paso a paso, resultados y beneficios.\",\"breadcrumb\":{\"@id\":\"https:\\\/\\\/www.treatwell.es/in-the-glow\\\/laminacion-de-cejas\\\/#breadcrumb\"},\"inLanguage\":\"es\",\"potentialAction\":[{\"@type\":\"ReadAction\",\"target\":[\"https:\\\/\\\/www.treatwell.es/in-the-glow\\\/laminacion-de-cejas\\\/\"]}]},{\"@type\":\"ImageObject\",\"inLanguage\":\"es\",\"@id\":\"https:\\\/\\\/www.treatwell.es/in-the-glow\\\/laminacion-de-cejas\\\/#primaryimage\",\"url\":\"https:\\\/\\\/www.treatwell.es/in-the-glow\\\/wp-content\\\/uploads\\\/sites\\\/10\\\/2022\\\/03\\\/laminacion4.jpg\",\"contentUrl\":\"https:\\\/\\\/www.treatwell.es/in-the-glow\\\/wp-content\\\/uploads\\\/sites\\\/10\\\/2022\\\/03\\\/laminacion4.jpg\",\"width\":500,\"height\":600},{\"@type\":\"BreadcrumbList\",\"@id\":\"https:\\\/\\\/www.treatwell.es/in-the-glow\\\/laminacion-de-cejas\\\/#breadcrumb\",\"itemListElement\":[{\"@type\":\"ListItem\",\"position\":1,\"name\":\"Home\",\"item\":\"https:\\\/\\\/www.treatwell.es/in-the-glow\\\/\"},{\"@type\":\"ListItem\",\"position\":2,\"name\":\"Beauty\",\"item\":\"https:\\\/\\\/www.treatwell.es/in-the-glow\\\/beauty\\\/\"},{\"@type\":\"ListItem\",\"position\":3,\"name\":\"Cejas laminadas: el secreto para tenerlas gruesas, rellenas y dominadas\"}]},{\"@type\":\"WebSite\",\"@id\":\"https:\\\/\\\/www.treatwell.es/in-the-glow\\\/#website\",\"url\":\"https:\\\/\\\/www.treatwell.es/in-the-glow\\\/\",\"name\":\"In The Glow\",\"description\":\"Belleza. Pelo. Lifestyle.\",\"publisher\":{\"@id\":\"https:\\\/\\\/www.treatwell.es/in-the-glow\\\/#organization\"},\"potentialAction\":[{\"@type\":\"SearchAction\",\"target\":{\"@type\":\"EntryPoint\",\"urlTemplate\":\"https:\\\/\\\/www.treatwell.es/in-the-glow\\\/?s={search_term_string}\"},\"query-input\":{\"@type\":\"PropertyValueSpecification\",\"valueRequired\":true,\"valueName\":\"search_term_string\"}}],\"inLanguage\":\"es\"},{\"@type\":\"Organization\",\"@id\":\"https:\\\/\\\/www.treatwell.es/in-the-glow\\\/#organization\",\"name\":\"Treatwell\",\"url\":\"https:\\\/\\\/www.treatwell.es/in-the-glow\\\/\",\"logo\":{\"@type\":\"ImageObject\",\"inLanguage\":\"es\",\"@id\":\"https:\\\/\\\/www.treatwell.es/in-the-glow\\\/#\\\/schema\\\/logo\\\/image\\\/\",\"url\":\"https:\\\/\\\/www.treatwell.es/in-the-glow\\\/wp-content\\\/uploads\\\/sites\\\/10\\\/2022\\\/03\\\/logo_treatwell.png\",\"contentUrl\":\"https:\\\/\\\/www.treatwell.es/in-the-glow\\\/wp-content\\\/uploads\\\/sites\\\/10\\\/2022\\\/03\\\/logo_treatwell.png\",\"width\":889,\"height\":164,\"caption\":\"Treatwell\"},\"image\":{\"@id\":\"https:\\\/\\\/www.treatwell.es/in-the-glow\\\/#\\\/schema\\\/logo\\\/image\\\/\"}},{\"@type\":\"Person\",\"@id\":\"https:\\\/\\\/www.treatwell.es/in-the-glow\\\/#\\\/schema\\\/person\\\/45be8f7781947e6c6d31f4b658271bf6\",\"name\":\"Beth Ryan\",\"image\":{\"@type\":\"ImageObject\",\"inLanguage\":\"es\",\"@id\":\"https:\\\/\\\/secure.gravatar.com\\\/avatar\\\/93502c3b0591e62d75cc697ff3b5b8f47fef521e9dd0d61feb5570ae6d459200?s=96&d=mm&r=g\",\"url\":\"https:\\\/\\\/secure.gravatar.com\\\/avatar\\\/93502c3b0591e62d75cc697ff3b5b8f47fef521e9dd0d61feb5570ae6d459200?s=96&d=mm&r=g\",\"contentUrl\":\"https:\\\/\\\/secure.gravatar.com\\\/avatar\\\/93502c3b0591e62d75cc697ff3b5b8f47fef521e9dd0d61feb5570ae6d459200?s=96&d=mm&r=g\",\"caption\":\"Beth Ryan\"},\"url\":\"https:\\\/\\\/www.treatwell.es/in-the-glow\\\/author\\\/bethanyryan\\\/\"}]}<\/script>\n<!-- \/ Yoast SEO plugin. -->","yoast_head_json":{"title":"Laminaci\u00f3n de cejas: cejas m\u00e1s gruesas y definidas | Treatwell","description":"Descubre c\u00f3mo la laminaci\u00f3n de cejas transforma tu mirada: consigue cejas m\u00e1s gruesas, ordenadas y definidas. T\u00e9cnica paso a paso, resultados y beneficios.","robots":{"index":"index","follow":"follow","max-snippet":"max-snippet:-1","max-image-preview":"max-image-preview:large","max-video-preview":"max-video-preview:-1"},"canonical":"https:\/\/www.treatwell.es/in-the-glow\/laminacion-de-cejas\/","og_locale":"es_ES","og_type":"article","og_title":"Laminaci\u00f3n de cejas: cejas m\u00e1s gruesas y definidas | Treatwell","og_description":"Descubre c\u00f3mo la laminaci\u00f3n de cejas transforma tu mirada: consigue cejas m\u00e1s gruesas, ordenadas y definidas. T\u00e9cnica paso a paso, resultados y beneficios.","og_url":"https:\/\/www.treatwell.es/in-the-glow\/laminacion-de-cejas\/","og_site_name":"In The Glow","article_published_time":"2020-09-16T10:51:30+00:00","article_modified_time":"2025-12-16T11:35:59+00:00","og_image":[{"width":500,"height":600,"url":"https:\/\/www.treatwell.es/in-the-glow\/wp-content\/uploads\/sites\/10\/2022\/03\/laminacion4.jpg","type":"image\/jpeg"}],"author":"Beth Ryan","twitter_card":"summary_large_image","twitter_misc":{"Escrito por":"Beth Ryan","Tiempo de lectura":"2 minutos"},"schema":{"@context":"https:\/\/schema.org","@graph":[{"@type":"Article","@id":"https:\/\/www.treatwell.es/in-the-glow\/laminacion-de-cejas\/#article","isPartOf":{"@id":"https:\/\/www.treatwell.es/in-the-glow\/laminacion-de-cejas\/"},"author":{"name":"Beth Ryan","@id":"https:\/\/www.treatwell.es/in-the-glow\/#\/schema\/person\/45be8f7781947e6c6d31f4b658271bf6"},"headline":"Cejas laminadas: el secreto para tenerlas gruesas, rellenas y dominadas","datePublished":"2020-09-16T10:51:30+00:00","dateModified":"2025-12-16T11:35:59+00:00","mainEntityOfPage":{"@id":"https:\/\/www.treatwell.es/in-the-glow\/laminacion-de-cejas\/"},"wordCount":383,"publisher":{"@id":"https:\/\/www.treatwell.es/in-the-glow\/#organization"},"image":{"@id":"https:\/\/www.treatwell.es/in-the-glow\/laminacion-de-cejas\/#primaryimage"},"thumbnailUrl":"https:\/\/www.treatwell.es/in-the-glow\/wp-content\/uploads\/sites\/10\/2022\/03\/laminacion4.jpg","keywords":["Brow Bar","Eyebrow and Eyelash Tinting","Face","HD Brows"],"articleSection":["Beauty"],"inLanguage":"es"},{"@type":"WebPage","@id":"https:\/\/www.treatwell.es/in-the-glow\/laminacion-de-cejas\/","url":"https:\/\/www.treatwell.es/in-the-glow\/laminacion-de-cejas\/","name":"Laminaci\u00f3n de cejas: cejas m\u00e1s gruesas y definidas | Treatwell","isPartOf":{"@id":"https:\/\/www.treatwell.es/in-the-glow\/#website"},"primaryImageOfPage":{"@id":"https:\/\/www.treatwell.es/in-the-glow\/laminacion-de-cejas\/#primaryimage"},"image":{"@id":"https:\/\/www.treatwell.es/in-the-glow\/laminacion-de-cejas\/#primaryimage"},"thumbnailUrl":"https:\/\/www.treatwell.es/in-the-glow\/wp-content\/uploads\/sites\/10\/2022\/03\/laminacion4.jpg","datePublished":"2020-09-16T10:51:30+00:00","dateModified":"2025-12-16T11:35:59+00:00","description":"Descubre c\u00f3mo la laminaci\u00f3n de cejas transforma tu mirada: consigue cejas m\u00e1s gruesas, ordenadas y definidas. T\u00e9cnica paso a paso, resultados y beneficios.","breadcrumb":{"@id":"https:\/\/www.treatwell.es/in-the-glow\/laminacion-de-cejas\/#breadcrumb"},"inLanguage":"es","potentialAction":[{"@type":"ReadAction","target":["https:\/\/www.treatwell.es/in-the-glow\/laminacion-de-cejas\/"]}]},{"@type":"ImageObject","inLanguage":"es","@id":"https:\/\/www.treatwell.es/in-the-glow\/laminacion-de-cejas\/#primaryimage","url":"https:\/\/www.treatwell.es/in-the-glow\/wp-content\/uploads\/sites\/10\/2022\/03\/laminacion4.jpg","contentUrl":"https:\/\/www.treatwell.es/in-the-glow\/wp-content\/uploads\/sites\/10\/2022\/03\/laminacion4.jpg","width":500,"height":600},{"@type":"BreadcrumbList","@id":"https:\/\/www.treatwell.es/in-the-glow\/laminacion-de-cejas\/#breadcrumb","itemListElement":[{"@type":"ListItem","position":1,"name":"Home","item":"https:\/\/www.treatwell.es/in-the-glow\/"},{"@type":"ListItem","position":2,"name":"Beauty","item":"https:\/\/www.treatwell.es/in-the-glow\/beauty\/"},{"@type":"ListItem","position":3,"name":"Cejas laminadas: el secreto para tenerlas gruesas, rellenas y dominadas"}]},{"@type":"WebSite","@id":"https:\/\/www.treatwell.es/in-the-glow\/#website","url":"https:\/\/www.treatwell.es/in-the-glow\/","name":"In The Glow","description":"Belleza. Pelo. Lifestyle.","publisher":{"@id":"https:\/\/www.treatwell.es/in-the-glow\/#organization"},"potentialAction":[{"@type":"SearchAction","target":{"@type":"EntryPoint","urlTemplate":"https:\/\/www.treatwell.es/in-the-glow\/?s={search_term_string}"},"query-input":{"@type":"PropertyValueSpecification","valueRequired":true,"valueName":"search_term_string"}}],"inLanguage":"es"},{"@type":"Organization","@id":"https:\/\/www.treatwell.es/in-the-glow\/#organization","name":"Treatwell","url":"https:\/\/www.treatwell.es/in-the-glow\/","logo":{"@type":"ImageObject","inLanguage":"es","@id":"https:\/\/www.treatwell.es/in-the-glow\/#\/schema\/logo\/image\/","url":"https:\/\/www.treatwell.es/in-the-glow\/wp-content\/uploads\/sites\/10\/2022\/03\/logo_treatwell.png","contentUrl":"https:\/\/www.treatwell.es/in-the-glow\/wp-content\/uploads\/sites\/10\/2022\/03\/logo_treatwell.png","width":889,"height":164,"caption":"Treatwell"},"image":{"@id":"https:\/\/www.treatwell.es/in-the-glow\/#\/schema\/logo\/image\/"}},{"@type":"Person","@id":"https:\/\/www.treatwell.es/in-the-glow\/#\/schema\/person\/45be8f7781947e6c6d31f4b658271bf6","name":"Beth Ryan","image":{"@type":"ImageObject","inLanguage":"es","@id":"https:\/\/secure.gravatar.com\/avatar\/93502c3b0591e62d75cc697ff3b5b8f47fef521e9dd0d61feb5570ae6d459200?s=96&d=mm&r=g","url":"https:\/\/secure.gravatar.com\/avatar\/93502c3b0591e62d75cc697ff3b5b8f47fef521e9dd0d61feb5570ae6d459200?s=96&d=mm&r=g","contentUrl":"https:\/\/secure.gravatar.com\/avatar\/93502c3b0591e62d75cc697ff3b5b8f47fef521e9dd0d61feb5570ae6d459200?s=96&d=mm&r=g","caption":"Beth Ryan"},"url":"https:\/\/www.treatwell.es/in-the-glow\/author\/bethanyryan\/"}]}},"featured_image_src":"https:\/\/www.treatwell.es/in-the-glow\/wp-content\/uploads\/sites\/10\/2022\/03\/laminacion4-500x400.jpg","featured_image_src_square":"https:\/\/www.treatwell.es/in-the-glow\/wp-content\/uploads\/sites\/10\/2022\/03\/laminacion4.jpg","author_info":{"display_name":"Beth Ryan","author_link":"https:\/\/www.treatwell.es/in-the-glow\/author\/bethanyryan\/"},"_links":{"self":[{"href":"https:\/\/www.treatwell.es\/in-the-glow\/wp-json\/wp\/v2\/posts\/30814","targetHints":{"allow":["GET"]}}],"collection":[{"href":"https:\/\/www.treatwell.es\/in-the-glow\/wp-json\/wp\/v2\/posts"}],"about":[{"href":"https:\/\/www.treatwell.es\/in-the-glow\/wp-json\/wp\/v2\/types\/post"}],"author":[{"embeddable":true,"href":"https:\/\/www.treatwell.es\/in-the-glow\/wp-json\/wp\/v2\/users\/3366"}],"replies":[{"embeddable":true,"href":"https:\/\/www.treatwell.es\/in-the-glow\/wp-json\/wp\/v2\/comments?post=30814"}],"version-history":[{"count":0,"href":"https:\/\/www.treatwell.es\/in-the-glow\/wp-json\/wp\/v2\/posts\/30814\/revisions"}],"wp:featuredmedia":[{"embeddable":true,"href":"https:\/\/www.treatwell.es\/in-the-glow\/wp-json\/wp\/v2\/media\/30820"}],"wp:attachment":[{"href":"https:\/\/www.treatwell.es\/in-the-glow\/wp-json\/wp\/v2\/media?parent=30814"}],"wp:term":[{"taxonomy":"category","embeddable":true,"href":"https:\/\/www.treatwell.es\/in-the-glow\/wp-json\/wp\/v2\/categories?post=30814"},{"taxonomy":"post_tag","embeddable":true,"href":"https:\/\/www.treatwell.es\/in-the-glow\/wp-json\/wp\/v2\/tags?post=30814"}],"curies":[{"name":"wp","href":"https:\/\/api.w.org\/{rel}","templated":true}]}}