{"id":30837,"date":"2020-10-01T12:51:24","date_gmt":"2020-10-01T10:51:24","guid":{"rendered":"https:\/\/www.treatwell.es\/in-the-glow\/?p=26497"},"modified":"2025-12-15T23:54:56","modified_gmt":"2025-12-15T22:54:56","slug":"este-es-el-principio-activo-beauty-mas-buscado-de-2020","status":"publish","type":"post","link":"https:\/\/www.treatwell.es/in-the-glow\/este-es-el-principio-activo-beauty-mas-buscado-de-2020\/","title":{"rendered":"Este es el principio activo beauty m\u00e1s buscado de 2020"},"content":{"rendered":"<p><b>Tratamientos faciales con Vitamina C son ideales para complementar tu rutina de belleza y dar un <i>boost<\/i> de luminosidad a tu rostro.<\/b><\/p>\n<p><span style=\"font-weight: 400\">A\u00fan quedan unos meses para cerrar el a\u00f1o, pero ya sabemos que la <\/span><b>Vitamina C <\/b><span style=\"font-weight: 400\">es el <\/span><b>ingrediente <\/b><b><i>beauty<\/i><\/b><b> m\u00e1s buscado en Google en los \u00faltimos a\u00f1os<\/b><span style=\"font-weight: 400\">. Los expertos lo definen como uno de los componentes <\/span><b>m\u00e1s antioxidantes <\/b><span style=\"font-weight: 400\">para el cuidado de la piel:\u00a0 potencia el col\u00e1geno, regula la producci\u00f3n de melanina (lo que significa que contribuye a reducir la aparici\u00f3n de manchas), unifica el tono de la piel y hace que se vea m\u00e1s luminosa.<\/span><\/p>\n<p><span style=\"font-weight: 400\">A pesar del \u00e9xito de este ingrediente, los <\/span><a href=\"https:\/\/www.treatwell.es\/establecimientos\/tratamiento-tratamientos-faciales\/oferta-tipo-local\/en-es\/\"><b>tratamientos en cabina con Vitamina C<\/b><\/a><span style=\"font-weight: 400\"> no son tan conocidos, y eso que existe una gran variedad. Desde <\/span><a href=\"http:\/\/www.treatwell.es\/\"><b>Treatwell<\/b><\/a><span style=\"font-weight: 400\"> repasamos en qu\u00e9 tipo de <\/span><a href=\"https:\/\/www.treatwell.es\/establecimientos\/tratamiento-tratamientos-faciales\/oferta-tipo-local\/en-es\/\"><span style=\"font-weight: 400\">tratamientos<\/span><\/a><span style=\"font-weight: 400\"> podemos encontrar este ingrediente tan potente y qu\u00e9 beneficios aporta cada uno.<\/span><\/p>\n<div class=\"schema-faq wp-block-yoast-faq-block\">\n<div class=\"schema-faq-section\" id=\"faq-question-1765837569344\">\n<h3 class=\"schema-faq-question\">\u00bfQu\u00e9 beneficios consigues con los tratamientos faciales con Vitamina C?<\/h3>\n<p class=\"schema-faq-answer\">Los tratamientos faciales con Vitamina C potencian la luminosidad, unifican el tono, regulan la melanina y ayudan a reducir manchas. Adem\u00e1s, favorecen la producci\u00f3n de col\u00e1geno y retrasan signos de envejecimiento en la piel.<\/div>\n<div class=\"schema-faq-section\" id=\"faq-question-1765837569345\">\n<h3 class=\"schema-faq-question\">\u00bfC\u00f3mo funciona el Dermapen con Vitamina C en el rostro?<\/h3>\n<p class=\"schema-faq-answer\">El Dermapen utiliza agujas ultrafinas que aplican principios activos, como la Vitamina C, en la dermis. Este procedimiento estimula el col\u00e1geno, regenera la piel y reduce arrugas, marcas de acn\u00e9 y manchas.<\/div>\n<div class=\"schema-faq-section\" id=\"faq-question-1765837569346\">\n<h3 class=\"schema-faq-question\">\u00bfEn qu\u00e9 consiste la Mesoterapia facial con Vitamina C?<\/h3>\n<p class=\"schema-faq-answer\">La Mesoterapia facial infiltra Vitamina C mediante microcorrientes que dilatan los poros, reafirmando el tejido cut\u00e1neo. Sus efectos para vitalidad y firmeza se notan r\u00e1pidamente tras pocas sesiones.<\/div>\n<div class=\"schema-faq-section\" id=\"faq-question-1765837569347\">\n<h3 class=\"schema-faq-question\">\u00bfPor qu\u00e9 elegir una limpieza facial premium con Vitamina C?<\/h3>\n<p class=\"schema-faq-answer\">Una limpieza facial premium incluye exfoliaci\u00f3n y mascarilla con Vitamina C, masaje y crema multivitam\u00ednica en una piel limpia. Este tratamiento es ideal para potenciar activos, mejorar la piel y disfrutar una experiencia relajante.<\/div>\n<div class=\"schema-faq-section\" id=\"faq-question-1765837569348\">\n<h3 class=\"schema-faq-question\">\u00bfCu\u00e1les son los tratamientos faciales m\u00e1s innovadores y cl\u00e1sicos con Vitamina C?<\/h3>\n<p class=\"schema-faq-answer\">Entre los tratamientos m\u00e1s innovadores destaca el Dermapen y, entre los cl\u00e1sicos, las limpiezas faciales premium. Ambos aprovechan la Vitamina C para renovar la piel y lograr una apariencia m\u00e1s radiante.<\/div>\n<\/p><\/div>\n","protected":false},"excerpt":{"rendered":"<p>Tratamientos faciales con Vitamina C son ideales para complementar tu rutina de belleza y dar un boost de luminosidad a tu rostro. A\u00fan quedan unos meses para cerrar el a\u00f1o, pero ya sabemos que la Vitamina C es el ingrediente beauty m\u00e1s buscado en Google en los \u00faltimos a\u00f1os. Los expertos lo definen como uno [&hellip;]<\/p>\n","protected":false},"author":3366,"featured_media":30842,"comment_status":"closed","ping_status":"closed","sticky":false,"template":"","format":"standard","meta":{"_acf_changed":false,"_yoast_wpseo_title":"Tratamientos faciales Vitamina C: luminosidad y salud | Treatwell","_yoast_wpseo_metadesc":"Descubre c\u00f3mo los tratamientos faciales con Vitamina C potencian el col\u00e1geno, unifican el tono, reducen manchas y aportan luminosidad a tu piel. Elige tu opci\u00f3n ideal.","_genesis_hide_title":false,"_genesis_hide_breadcrumbs":false,"_genesis_hide_singular_image":false,"_genesis_hide_footer_widgets":false,"_genesis_custom_body_class":"","_genesis_custom_post_class":"","_genesis_layout":"","saswp_custom_schema_field":"{\"@context\":\"https:\/\/schema.org\",\"@type\":\"FAQPage\",\"mainEntity\":[{\"@type\":\"Question\",\"name\":\"\u00bfQu\u00e9 beneficios consigues con los tratamientos faciales con Vitamina C?\",\"acceptedAnswer\":{\"@type\":\"Answer\",\"text\":\"Los tratamientos faciales con Vitamina C potencian la luminosidad, unifican el tono, regulan la melanina y ayudan a reducir manchas. Adem\u00e1s, favorecen la producci\u00f3n de col\u00e1geno y retrasan signos de envejecimiento en la piel.\"}},{\"@type\":\"Question\",\"name\":\"\u00bfC\u00f3mo funciona el Dermapen con Vitamina C en el rostro?\",\"acceptedAnswer\":{\"@type\":\"Answer\",\"text\":\"El Dermapen utiliza agujas ultrafinas que aplican principios activos, como la Vitamina C, en la dermis. Este procedimiento estimula el col\u00e1geno, regenera la piel y reduce arrugas, marcas de acn\u00e9 y manchas.\"}},{\"@type\":\"Question\",\"name\":\"\u00bfEn qu\u00e9 consiste la Mesoterapia facial con Vitamina C?\",\"acceptedAnswer\":{\"@type\":\"Answer\",\"text\":\"La Mesoterapia facial infiltra Vitamina C mediante microcorrientes que dilatan los poros, reafirmando el tejido cut\u00e1neo. Sus efectos para vitalidad y firmeza se notan r\u00e1pidamente tras pocas sesiones.\"}},{\"@type\":\"Question\",\"name\":\"\u00bfPor qu\u00e9 elegir una limpieza facial premium con Vitamina C?\",\"acceptedAnswer\":{\"@type\":\"Answer\",\"text\":\"Una limpieza facial premium incluye exfoliaci\u00f3n y mascarilla con Vitamina C, masaje y crema multivitam\u00ednica en una piel limpia. Este tratamiento es ideal para potenciar activos, mejorar la piel y disfrutar una experiencia relajante.\"}},{\"@type\":\"Question\",\"name\":\"\u00bfCu\u00e1les son los tratamientos faciales m\u00e1s innovadores y cl\u00e1sicos con Vitamina C?\",\"acceptedAnswer\":{\"@type\":\"Answer\",\"text\":\"Entre los tratamientos m\u00e1s innovadores destaca el Dermapen y, entre los cl\u00e1sicos, las limpiezas faciales premium. Ambos aprovechan la Vitamina C para renovar la piel y lograr una apariencia m\u00e1s radiante.\"}}]}","footnotes":""},"categories":[4],"tags":[8,9,41,42,84,43],"class_list":{"0":"post-30837","1":"post","2":"type-post","3":"status-publish","4":"format-standard","5":"has-post-thumbnail","7":"category-beauty","8":"tag-vt10","9":"tag-tr50","10":"tag-tr128","11":"tag-tr267","12":"tag-tr537","13":"tag-tr517","14":"entry"},"acf":{"post_credits":"Cr\u00e9ditos de las im\u00e1genes: Treatwell, Shutterstock","beauty_blog_post_button_title":"","beauty_blog_post_button":"","landscape_picture":30841,"blocks":[{"block_title":"Dermapen, el m\u00e1s innovador e \u201cinstagrameable\u201d","block_content":"<p>El <strong>Dermapen<\/strong> es una t&eacute;cnica que cada vez gana m&aacute;s adeptos en todo el mundo y que se ha ganado el t&iacute;tulo de instagrameable por lo llamativo que resulta. Se trata de un dispositivo en forma de l&aacute;piz que&nbsp;contiene agujas ultrafinas cargadas de principios activos. Al pasar el dispositivo por la piel del rostro, estos ingredientes penetran m&aacute;s f&aacute;cilmente en la dermis ofreciendo resultados m&aacute;s potentes. Entre ellos, aumento del col&aacute;geno, regeneraci&oacute;n de la piel y reducci&oacute;n de arrugas, marcas de acn&eacute; y cicatrices. Cuando se carga con Vitamina C, tambi&eacute;n incide en la correcci&oacute;n del tono y difumina manchas faciales.&nbsp;<\/p>\n","video_content":"","block_picture":30838},{"block_title":"Mesoterapia facial, uno de los m\u00e1s exitosos","block_content":"<p>La <a href=\"https:\/\/www.treatwell.es\/establecimientos\/tratamiento-mesoterapia-facial\/oferta-tipo-local\/en-es\/\"><strong>Mesoterapia <\/strong><\/a>en general es uno de los tratamientos m&aacute;s exitosos para reafirmar el tejido cut&aacute;neo. En el caso de la <a href=\"https:\/\/www.treatwell.es\/establecimientos\/tratamiento-mesoterapia-facial\/oferta-tipo-local\/en-es\/\"><strong>Mesoterapia facial<\/strong><\/a>, a trav&eacute;s de microcorrientes que dilatan el poro se infiltran principios activos como la Vitamina C para reafirmar y dar vitalidad al rostro. Aunque todos los tratamientos necesitan de varias sesiones para hacerse notar, en el caso de la Mesoterapia sus efectos son los que m&aacute;s r&aacute;pido aparecen.<\/p>\n","video_content":"","block_picture":30839},{"block_title":"Limpiezas faciales premium, un cl\u00e1sico que no pasa de moda","block_content":"<p>En esta lista no podemos olvidar los <strong>tratamientos cl&aacute;sicos<\/strong> que incluyen limpieza, exfoliaci&oacute;n, tratamiento a base de Vitamina C, masaje con crema multivitam&iacute;nica y mascarilla. Cualquier tipo de principio activo ser&aacute; mucho m&aacute;s potente si se aplica en una piel limpia, por eso recomendamos este tipo de tratamientos tan completos.&nbsp;Adem&aacute;s, no s&oacute;lo son perfectos para quien quiere mejorar su piel, sino tambi&eacute;n para quien busca una experiencia sensorial y relajante.<\/p>\n","video_content":"","block_picture":30840}]},"yoast_head":"<!-- This site is optimized with the Yoast SEO plugin v27.4 - https:\/\/yoast.com\/product\/yoast-seo-wordpress\/ -->\n<title>Tratamientos faciales Vitamina C: luminosidad y salud | Treatwell<\/title>\n<meta name=\"description\" content=\"Descubre c\u00f3mo los tratamientos faciales con Vitamina C potencian el col\u00e1geno, unifican el tono, reducen manchas y aportan luminosidad a tu piel. Elige tu opci\u00f3n ideal.\" \/>\n<meta name=\"robots\" content=\"index, follow, max-snippet:-1, max-image-preview:large, max-video-preview:-1\" \/>\n<link rel=\"canonical\" href=\"https:\/\/www.treatwell.es/in-the-glow\/este-es-el-principio-activo-beauty-mas-buscado-de-2020\/\" \/>\n<meta property=\"og:locale\" content=\"es_ES\" \/>\n<meta property=\"og:type\" content=\"article\" \/>\n<meta property=\"og:title\" content=\"Tratamientos faciales Vitamina C: luminosidad y salud | Treatwell\" \/>\n<meta property=\"og:description\" content=\"Descubre c\u00f3mo los tratamientos faciales con Vitamina C potencian el col\u00e1geno, unifican el tono, reducen manchas y aportan luminosidad a tu piel. Elige tu opci\u00f3n ideal.\" \/>\n<meta property=\"og:url\" content=\"https:\/\/www.treatwell.es/in-the-glow\/este-es-el-principio-activo-beauty-mas-buscado-de-2020\/\" \/>\n<meta property=\"og:site_name\" content=\"In The Glow\" \/>\n<meta property=\"article:published_time\" content=\"2020-10-01T10:51:24+00:00\" \/>\n<meta property=\"article:modified_time\" content=\"2025-12-15T22:54:56+00:00\" \/>\n<meta property=\"og:image\" content=\"https:\/\/www.treatwell.es/in-the-glow\/wp-content\/uploads\/sites\/10\/2022\/03\/Screenshot-2020-10-01-at-11.35.44.png\" \/>\n\t<meta property=\"og:image:width\" content=\"525\" \/>\n\t<meta property=\"og:image:height\" content=\"628\" \/>\n\t<meta property=\"og:image:type\" content=\"image\/png\" \/>\n<meta name=\"author\" content=\"Beth Ryan\" \/>\n<meta name=\"twitter:card\" content=\"summary_large_image\" \/>\n<meta name=\"twitter:label1\" content=\"Escrito por\" \/>\n\t<meta name=\"twitter:data1\" content=\"Beth Ryan\" \/>\n\t<meta name=\"twitter:label2\" content=\"Tiempo de lectura\" \/>\n\t<meta name=\"twitter:data2\" content=\"2 minutos\" \/>\n<script type=\"application\/ld+json\" class=\"yoast-schema-graph\">{\"@context\":\"https:\\\/\\\/schema.org\",\"@graph\":[{\"@type\":\"Article\",\"@id\":\"https:\\\/\\\/www.treatwell.es/in-the-glow\\\/este-es-el-principio-activo-beauty-mas-buscado-de-2020\\\/#article\",\"isPartOf\":{\"@id\":\"https:\\\/\\\/www.treatwell.es/in-the-glow\\\/este-es-el-principio-activo-beauty-mas-buscado-de-2020\\\/\"},\"author\":{\"name\":\"Beth Ryan\",\"@id\":\"https:\\\/\\\/www.treatwell.es/in-the-glow\\\/#\\\/schema\\\/person\\\/45be8f7781947e6c6d31f4b658271bf6\"},\"headline\":\"Este es el principio activo beauty m\u00e1s buscado de 2020\",\"datePublished\":\"2020-10-01T10:51:24+00:00\",\"dateModified\":\"2025-12-15T22:54:56+00:00\",\"mainEntityOfPage\":{\"@id\":\"https:\\\/\\\/www.treatwell.es/in-the-glow\\\/este-es-el-principio-activo-beauty-mas-buscado-de-2020\\\/\"},\"wordCount\":387,\"publisher\":{\"@id\":\"https:\\\/\\\/www.treatwell.es/in-the-glow\\\/#organization\"},\"image\":{\"@id\":\"https:\\\/\\\/www.treatwell.es/in-the-glow\\\/este-es-el-principio-activo-beauty-mas-buscado-de-2020\\\/#primaryimage\"},\"thumbnailUrl\":\"https:\\\/\\\/www.treatwell.es/in-the-glow\\\/wp-content\\\/uploads\\\/sites\\\/10\\\/2022\\\/03\\\/Screenshot-2020-10-01-at-11.35.44.png\",\"keywords\":[\"Beauty Salon\",\"Facials\",\"Facials - CACI\",\"Facials - Galvanic\",\"Facials - Men's\",\"Facials - Micro Needling\"],\"articleSection\":[\"Beauty\"],\"inLanguage\":\"es\"},{\"@type\":\"WebPage\",\"@id\":\"https:\\\/\\\/www.treatwell.es/in-the-glow\\\/este-es-el-principio-activo-beauty-mas-buscado-de-2020\\\/\",\"url\":\"https:\\\/\\\/www.treatwell.es/in-the-glow\\\/este-es-el-principio-activo-beauty-mas-buscado-de-2020\\\/\",\"name\":\"Tratamientos faciales Vitamina C: luminosidad y salud | Treatwell\",\"isPartOf\":{\"@id\":\"https:\\\/\\\/www.treatwell.es/in-the-glow\\\/#website\"},\"primaryImageOfPage\":{\"@id\":\"https:\\\/\\\/www.treatwell.es/in-the-glow\\\/este-es-el-principio-activo-beauty-mas-buscado-de-2020\\\/#primaryimage\"},\"image\":{\"@id\":\"https:\\\/\\\/www.treatwell.es/in-the-glow\\\/este-es-el-principio-activo-beauty-mas-buscado-de-2020\\\/#primaryimage\"},\"thumbnailUrl\":\"https:\\\/\\\/www.treatwell.es/in-the-glow\\\/wp-content\\\/uploads\\\/sites\\\/10\\\/2022\\\/03\\\/Screenshot-2020-10-01-at-11.35.44.png\",\"datePublished\":\"2020-10-01T10:51:24+00:00\",\"dateModified\":\"2025-12-15T22:54:56+00:00\",\"description\":\"Descubre c\u00f3mo los tratamientos faciales con Vitamina C potencian el col\u00e1geno, unifican el tono, reducen manchas y aportan luminosidad a tu piel. Elige tu opci\u00f3n ideal.\",\"breadcrumb\":{\"@id\":\"https:\\\/\\\/www.treatwell.es/in-the-glow\\\/este-es-el-principio-activo-beauty-mas-buscado-de-2020\\\/#breadcrumb\"},\"inLanguage\":\"es\",\"potentialAction\":[{\"@type\":\"ReadAction\",\"target\":[\"https:\\\/\\\/www.treatwell.es/in-the-glow\\\/este-es-el-principio-activo-beauty-mas-buscado-de-2020\\\/\"]}]},{\"@type\":\"ImageObject\",\"inLanguage\":\"es\",\"@id\":\"https:\\\/\\\/www.treatwell.es/in-the-glow\\\/este-es-el-principio-activo-beauty-mas-buscado-de-2020\\\/#primaryimage\",\"url\":\"https:\\\/\\\/www.treatwell.es/in-the-glow\\\/wp-content\\\/uploads\\\/sites\\\/10\\\/2022\\\/03\\\/Screenshot-2020-10-01-at-11.35.44.png\",\"contentUrl\":\"https:\\\/\\\/www.treatwell.es/in-the-glow\\\/wp-content\\\/uploads\\\/sites\\\/10\\\/2022\\\/03\\\/Screenshot-2020-10-01-at-11.35.44.png\",\"width\":525,\"height\":628},{\"@type\":\"BreadcrumbList\",\"@id\":\"https:\\\/\\\/www.treatwell.es/in-the-glow\\\/este-es-el-principio-activo-beauty-mas-buscado-de-2020\\\/#breadcrumb\",\"itemListElement\":[{\"@type\":\"ListItem\",\"position\":1,\"name\":\"Home\",\"item\":\"https:\\\/\\\/www.treatwell.es/in-the-glow\\\/\"},{\"@type\":\"ListItem\",\"position\":2,\"name\":\"Beauty\",\"item\":\"https:\\\/\\\/www.treatwell.es/in-the-glow\\\/beauty\\\/\"},{\"@type\":\"ListItem\",\"position\":3,\"name\":\"Este es el principio activo beauty m\u00e1s buscado de 2020\"}]},{\"@type\":\"WebSite\",\"@id\":\"https:\\\/\\\/www.treatwell.es/in-the-glow\\\/#website\",\"url\":\"https:\\\/\\\/www.treatwell.es/in-the-glow\\\/\",\"name\":\"In The Glow\",\"description\":\"Belleza. Pelo. Lifestyle.\",\"publisher\":{\"@id\":\"https:\\\/\\\/www.treatwell.es/in-the-glow\\\/#organization\"},\"potentialAction\":[{\"@type\":\"SearchAction\",\"target\":{\"@type\":\"EntryPoint\",\"urlTemplate\":\"https:\\\/\\\/www.treatwell.es/in-the-glow\\\/?s={search_term_string}\"},\"query-input\":{\"@type\":\"PropertyValueSpecification\",\"valueRequired\":true,\"valueName\":\"search_term_string\"}}],\"inLanguage\":\"es\"},{\"@type\":\"Organization\",\"@id\":\"https:\\\/\\\/www.treatwell.es/in-the-glow\\\/#organization\",\"name\":\"Treatwell\",\"url\":\"https:\\\/\\\/www.treatwell.es/in-the-glow\\\/\",\"logo\":{\"@type\":\"ImageObject\",\"inLanguage\":\"es\",\"@id\":\"https:\\\/\\\/www.treatwell.es/in-the-glow\\\/#\\\/schema\\\/logo\\\/image\\\/\",\"url\":\"https:\\\/\\\/www.treatwell.es/in-the-glow\\\/wp-content\\\/uploads\\\/sites\\\/10\\\/2022\\\/03\\\/logo_treatwell.png\",\"contentUrl\":\"https:\\\/\\\/www.treatwell.es/in-the-glow\\\/wp-content\\\/uploads\\\/sites\\\/10\\\/2022\\\/03\\\/logo_treatwell.png\",\"width\":889,\"height\":164,\"caption\":\"Treatwell\"},\"image\":{\"@id\":\"https:\\\/\\\/www.treatwell.es/in-the-glow\\\/#\\\/schema\\\/logo\\\/image\\\/\"}},{\"@type\":\"Person\",\"@id\":\"https:\\\/\\\/www.treatwell.es/in-the-glow\\\/#\\\/schema\\\/person\\\/45be8f7781947e6c6d31f4b658271bf6\",\"name\":\"Beth Ryan\",\"image\":{\"@type\":\"ImageObject\",\"inLanguage\":\"es\",\"@id\":\"https:\\\/\\\/secure.gravatar.com\\\/avatar\\\/93502c3b0591e62d75cc697ff3b5b8f47fef521e9dd0d61feb5570ae6d459200?s=96&d=mm&r=g\",\"url\":\"https:\\\/\\\/secure.gravatar.com\\\/avatar\\\/93502c3b0591e62d75cc697ff3b5b8f47fef521e9dd0d61feb5570ae6d459200?s=96&d=mm&r=g\",\"contentUrl\":\"https:\\\/\\\/secure.gravatar.com\\\/avatar\\\/93502c3b0591e62d75cc697ff3b5b8f47fef521e9dd0d61feb5570ae6d459200?s=96&d=mm&r=g\",\"caption\":\"Beth Ryan\"},\"url\":\"https:\\\/\\\/www.treatwell.es/in-the-glow\\\/author\\\/bethanyryan\\\/\"}]}<\/script>\n<!-- \/ Yoast SEO plugin. -->","yoast_head_json":{"title":"Tratamientos faciales Vitamina C: luminosidad y salud | Treatwell","description":"Descubre c\u00f3mo los tratamientos faciales con Vitamina C potencian el col\u00e1geno, unifican el tono, reducen manchas y aportan luminosidad a tu piel. Elige tu opci\u00f3n ideal.","robots":{"index":"index","follow":"follow","max-snippet":"max-snippet:-1","max-image-preview":"max-image-preview:large","max-video-preview":"max-video-preview:-1"},"canonical":"https:\/\/www.treatwell.es/in-the-glow\/este-es-el-principio-activo-beauty-mas-buscado-de-2020\/","og_locale":"es_ES","og_type":"article","og_title":"Tratamientos faciales Vitamina C: luminosidad y salud | Treatwell","og_description":"Descubre c\u00f3mo los tratamientos faciales con Vitamina C potencian el col\u00e1geno, unifican el tono, reducen manchas y aportan luminosidad a tu piel. Elige tu opci\u00f3n ideal.","og_url":"https:\/\/www.treatwell.es/in-the-glow\/este-es-el-principio-activo-beauty-mas-buscado-de-2020\/","og_site_name":"In The Glow","article_published_time":"2020-10-01T10:51:24+00:00","article_modified_time":"2025-12-15T22:54:56+00:00","og_image":[{"width":525,"height":628,"url":"https:\/\/www.treatwell.es/in-the-glow\/wp-content\/uploads\/sites\/10\/2022\/03\/Screenshot-2020-10-01-at-11.35.44.png","type":"image\/png"}],"author":"Beth Ryan","twitter_card":"summary_large_image","twitter_misc":{"Escrito por":"Beth Ryan","Tiempo de lectura":"2 minutos"},"schema":{"@context":"https:\/\/schema.org","@graph":[{"@type":"Article","@id":"https:\/\/www.treatwell.es/in-the-glow\/este-es-el-principio-activo-beauty-mas-buscado-de-2020\/#article","isPartOf":{"@id":"https:\/\/www.treatwell.es/in-the-glow\/este-es-el-principio-activo-beauty-mas-buscado-de-2020\/"},"author":{"name":"Beth Ryan","@id":"https:\/\/www.treatwell.es/in-the-glow\/#\/schema\/person\/45be8f7781947e6c6d31f4b658271bf6"},"headline":"Este es el principio activo beauty m\u00e1s buscado de 2020","datePublished":"2020-10-01T10:51:24+00:00","dateModified":"2025-12-15T22:54:56+00:00","mainEntityOfPage":{"@id":"https:\/\/www.treatwell.es/in-the-glow\/este-es-el-principio-activo-beauty-mas-buscado-de-2020\/"},"wordCount":387,"publisher":{"@id":"https:\/\/www.treatwell.es/in-the-glow\/#organization"},"image":{"@id":"https:\/\/www.treatwell.es/in-the-glow\/este-es-el-principio-activo-beauty-mas-buscado-de-2020\/#primaryimage"},"thumbnailUrl":"https:\/\/www.treatwell.es/in-the-glow\/wp-content\/uploads\/sites\/10\/2022\/03\/Screenshot-2020-10-01-at-11.35.44.png","keywords":["Beauty Salon","Facials","Facials - CACI","Facials - Galvanic","Facials - Men's","Facials - Micro Needling"],"articleSection":["Beauty"],"inLanguage":"es"},{"@type":"WebPage","@id":"https:\/\/www.treatwell.es/in-the-glow\/este-es-el-principio-activo-beauty-mas-buscado-de-2020\/","url":"https:\/\/www.treatwell.es/in-the-glow\/este-es-el-principio-activo-beauty-mas-buscado-de-2020\/","name":"Tratamientos faciales Vitamina C: luminosidad y salud | Treatwell","isPartOf":{"@id":"https:\/\/www.treatwell.es/in-the-glow\/#website"},"primaryImageOfPage":{"@id":"https:\/\/www.treatwell.es/in-the-glow\/este-es-el-principio-activo-beauty-mas-buscado-de-2020\/#primaryimage"},"image":{"@id":"https:\/\/www.treatwell.es/in-the-glow\/este-es-el-principio-activo-beauty-mas-buscado-de-2020\/#primaryimage"},"thumbnailUrl":"https:\/\/www.treatwell.es/in-the-glow\/wp-content\/uploads\/sites\/10\/2022\/03\/Screenshot-2020-10-01-at-11.35.44.png","datePublished":"2020-10-01T10:51:24+00:00","dateModified":"2025-12-15T22:54:56+00:00","description":"Descubre c\u00f3mo los tratamientos faciales con Vitamina C potencian el col\u00e1geno, unifican el tono, reducen manchas y aportan luminosidad a tu piel. Elige tu opci\u00f3n ideal.","breadcrumb":{"@id":"https:\/\/www.treatwell.es/in-the-glow\/este-es-el-principio-activo-beauty-mas-buscado-de-2020\/#breadcrumb"},"inLanguage":"es","potentialAction":[{"@type":"ReadAction","target":["https:\/\/www.treatwell.es/in-the-glow\/este-es-el-principio-activo-beauty-mas-buscado-de-2020\/"]}]},{"@type":"ImageObject","inLanguage":"es","@id":"https:\/\/www.treatwell.es/in-the-glow\/este-es-el-principio-activo-beauty-mas-buscado-de-2020\/#primaryimage","url":"https:\/\/www.treatwell.es/in-the-glow\/wp-content\/uploads\/sites\/10\/2022\/03\/Screenshot-2020-10-01-at-11.35.44.png","contentUrl":"https:\/\/www.treatwell.es/in-the-glow\/wp-content\/uploads\/sites\/10\/2022\/03\/Screenshot-2020-10-01-at-11.35.44.png","width":525,"height":628},{"@type":"BreadcrumbList","@id":"https:\/\/www.treatwell.es/in-the-glow\/este-es-el-principio-activo-beauty-mas-buscado-de-2020\/#breadcrumb","itemListElement":[{"@type":"ListItem","position":1,"name":"Home","item":"https:\/\/www.treatwell.es/in-the-glow\/"},{"@type":"ListItem","position":2,"name":"Beauty","item":"https:\/\/www.treatwell.es/in-the-glow\/beauty\/"},{"@type":"ListItem","position":3,"name":"Este es el principio activo beauty m\u00e1s buscado de 2020"}]},{"@type":"WebSite","@id":"https:\/\/www.treatwell.es/in-the-glow\/#website","url":"https:\/\/www.treatwell.es/in-the-glow\/","name":"In The Glow","description":"Belleza. Pelo. Lifestyle.","publisher":{"@id":"https:\/\/www.treatwell.es/in-the-glow\/#organization"},"potentialAction":[{"@type":"SearchAction","target":{"@type":"EntryPoint","urlTemplate":"https:\/\/www.treatwell.es/in-the-glow\/?s={search_term_string}"},"query-input":{"@type":"PropertyValueSpecification","valueRequired":true,"valueName":"search_term_string"}}],"inLanguage":"es"},{"@type":"Organization","@id":"https:\/\/www.treatwell.es/in-the-glow\/#organization","name":"Treatwell","url":"https:\/\/www.treatwell.es/in-the-glow\/","logo":{"@type":"ImageObject","inLanguage":"es","@id":"https:\/\/www.treatwell.es/in-the-glow\/#\/schema\/logo\/image\/","url":"https:\/\/www.treatwell.es/in-the-glow\/wp-content\/uploads\/sites\/10\/2022\/03\/logo_treatwell.png","contentUrl":"https:\/\/www.treatwell.es/in-the-glow\/wp-content\/uploads\/sites\/10\/2022\/03\/logo_treatwell.png","width":889,"height":164,"caption":"Treatwell"},"image":{"@id":"https:\/\/www.treatwell.es/in-the-glow\/#\/schema\/logo\/image\/"}},{"@type":"Person","@id":"https:\/\/www.treatwell.es/in-the-glow\/#\/schema\/person\/45be8f7781947e6c6d31f4b658271bf6","name":"Beth Ryan","image":{"@type":"ImageObject","inLanguage":"es","@id":"https:\/\/secure.gravatar.com\/avatar\/93502c3b0591e62d75cc697ff3b5b8f47fef521e9dd0d61feb5570ae6d459200?s=96&d=mm&r=g","url":"https:\/\/secure.gravatar.com\/avatar\/93502c3b0591e62d75cc697ff3b5b8f47fef521e9dd0d61feb5570ae6d459200?s=96&d=mm&r=g","contentUrl":"https:\/\/secure.gravatar.com\/avatar\/93502c3b0591e62d75cc697ff3b5b8f47fef521e9dd0d61feb5570ae6d459200?s=96&d=mm&r=g","caption":"Beth Ryan"},"url":"https:\/\/www.treatwell.es/in-the-glow\/author\/bethanyryan\/"}]}},"featured_image_src":"https:\/\/www.treatwell.es/in-the-glow\/wp-content\/uploads\/sites\/10\/2022\/03\/Screenshot-2020-10-01-at-11.35.44-525x400.png","featured_image_src_square":"https:\/\/www.treatwell.es/in-the-glow\/wp-content\/uploads\/sites\/10\/2022\/03\/Screenshot-2020-10-01-at-11.35.44-525x600.png","author_info":{"display_name":"Beth Ryan","author_link":"https:\/\/www.treatwell.es/in-the-glow\/author\/bethanyryan\/"},"_links":{"self":[{"href":"https:\/\/www.treatwell.es\/in-the-glow\/wp-json\/wp\/v2\/posts\/30837","targetHints":{"allow":["GET"]}}],"collection":[{"href":"https:\/\/www.treatwell.es\/in-the-glow\/wp-json\/wp\/v2\/posts"}],"about":[{"href":"https:\/\/www.treatwell.es\/in-the-glow\/wp-json\/wp\/v2\/types\/post"}],"author":[{"embeddable":true,"href":"https:\/\/www.treatwell.es\/in-the-glow\/wp-json\/wp\/v2\/users\/3366"}],"replies":[{"embeddable":true,"href":"https:\/\/www.treatwell.es\/in-the-glow\/wp-json\/wp\/v2\/comments?post=30837"}],"version-history":[{"count":0,"href":"https:\/\/www.treatwell.es\/in-the-glow\/wp-json\/wp\/v2\/posts\/30837\/revisions"}],"wp:featuredmedia":[{"embeddable":true,"href":"https:\/\/www.treatwell.es\/in-the-glow\/wp-json\/wp\/v2\/media\/30842"}],"wp:attachment":[{"href":"https:\/\/www.treatwell.es\/in-the-glow\/wp-json\/wp\/v2\/media?parent=30837"}],"wp:term":[{"taxonomy":"category","embeddable":true,"href":"https:\/\/www.treatwell.es\/in-the-glow\/wp-json\/wp\/v2\/categories?post=30837"},{"taxonomy":"post_tag","embeddable":true,"href":"https:\/\/www.treatwell.es\/in-the-glow\/wp-json\/wp\/v2\/tags?post=30837"}],"curies":[{"name":"wp","href":"https:\/\/api.w.org\/{rel}","templated":true}]}}