{"id":30846,"date":"2020-10-06T12:26:59","date_gmt":"2020-10-06T10:26:59","guid":{"rendered":"https:\/\/www.treatwell.es\/in-the-glow\/?p=26516"},"modified":"2025-12-15T23:54:56","modified_gmt":"2025-12-15T22:54:56","slug":"el-peluquero-de-los-famosos-cabello-brillante","status":"publish","type":"post","link":"https:\/\/www.treatwell.es/in-the-glow\/el-peluquero-de-los-famosos-cabello-brillante\/","title":{"rendered":"El peluquero de los famosos nos da 3 reglas a seguir para tener un cabello brillante"},"content":{"rendered":"<p><span style=\"font-weight: 400\">Cuando tienes la oportunidad de conocer a tus h\u00e9roes, no pierdes el tiempo y le preguntas directamente sobre los secretos de su \u00e9xito. Y es un placer que <strong>Andrew Barton<\/strong>, multipremiado peluquero de las estrellas y director creativo de la peluquer\u00eda <\/span><b>Headmasters<\/b><span style=\"font-weight: 400\"> en Londres, haya respondido a nuestras preguntas sobre las 3 reglas esenciales a seguir para lucir un cabello saludable.<\/span><\/p>\n<p><span style=\"font-weight: 400\">Despu\u00e9s de 30 a\u00f1os en el negocio, innumerables apariciones en televisi\u00f3n y clientes como Eva Longoria, estoy segura de que no podr\u00e1s evitar seguir sus directrices al pie de la letra y, alerta spoiler: los resultados aparecen pronto. Sigue leyendo&#8230;<\/span><\/p>\n<div class=\"schema-faq wp-block-yoast-faq-block\">\n<div class=\"schema-faq-section\" id=\"faq-question-1765837565184\">\n<h3 class=\"schema-faq-question\">\u00bfC\u00f3mo puedes conseguir un cabello realmente saludable?<\/h3>\n<p class=\"schema-faq-answer\">Solo un cuidado personalizado permite conseguir un cabello realmente saludable. Reserva una cita con los profesionales para que analicen la especificidad de tu melena y obt\u00e9n un plan de tratamiento de 3 pasos: champ\u00fa, acondicionador y mascarilla. As\u00ed, tu cabello recibe exactamente lo que necesita.<\/div>\n<div class=\"schema-faq-section\" id=\"faq-question-1765837565185\">\n<h3 class=\"schema-faq-question\">\u00bfPor qu\u00e9 es fundamental cortarse el pelo con regularidad?<\/h3>\n<p class=\"schema-faq-answer\">Cortarse el pelo regularmente es esencial para mantener el cabello en excelente estado. Eliminar las puntas abiertas ayuda a conseguir un aspecto impecable y conservar el brillo y la salud de tu melena.<\/div>\n<div class=\"schema-faq-section\" id=\"faq-question-1765837565186\">\n<h3 class=\"schema-faq-question\">\u00bfQu\u00e9 beneficios tiene un tratamiento profesional en el sal\u00f3n?<\/h3>\n<p class=\"schema-faq-answer\">Un tratamiento profesional realizado en el sal\u00f3n con marcas expertas como Olaplex repara el cabello da\u00f1ado, mejora la textura y devuelve el brillo. Este tipo de cuidado es imprescindible si tienes el pelo te\u00f1ido, decolorado o expuesto al calor excesivo.<\/div>\n<div class=\"schema-faq-section\" id=\"faq-question-1765837565187\">\n<h3 class=\"schema-faq-question\">\u00bfC\u00f3mo puedes proteger tu cabello del da\u00f1o por calor?<\/h3>\n<p class=\"schema-faq-answer\">Usa siempre un producto de protecci\u00f3n t\u00e9rmica o spray antes de utilizar secadores y planchas. Proteger la estructura del cabello es clave para evitar da\u00f1os dif\u00edciles de reparar; adem\u00e1s, evita pasar la plancha demasiadas veces por la misma secci\u00f3n.<\/div>\n<div class=\"schema-faq-section\" id=\"faq-question-1765837565188\">\n<h3 class=\"schema-faq-question\">\u00bfD\u00f3nde puedes reservar tratamientos personalizados para tu cabello?<\/h3>\n<p class=\"schema-faq-answer\">Reserva tus tratamientos de belleza en Treatwell, donde puedes elegir entre salones favoritos cerca de ti de forma sencilla y r\u00e1pida. As\u00ed te aseguras de recibir un cuidado profesional adaptado a las necesidades de tu melena.<\/div>\n<\/p><\/div>\n","protected":false},"excerpt":{"rendered":"<p>Cuando tienes la oportunidad de conocer a tus h\u00e9roes, no pierdes el tiempo y le preguntas directamente sobre los secretos de su \u00e9xito. Y es un placer que Andrew Barton, multipremiado peluquero de las estrellas y director creativo de la peluquer\u00eda Headmasters en Londres, haya respondido a nuestras preguntas sobre las 3 reglas esenciales a [&hellip;]<\/p>\n","protected":false},"author":3366,"featured_media":30852,"comment_status":"closed","ping_status":"closed","sticky":false,"template":"","format":"standard","meta":{"_acf_changed":false,"_yoast_wpseo_title":"Cabello saludable: claves de Andrew Barton | Treatwell","_yoast_wpseo_metadesc":"Descubre las reglas esenciales para un cabello sano: personalizaci\u00f3n, tratamientos profesionales y corte regular. Consejos expertos y reserva f\u00e1cil en Treatwell.","_genesis_hide_title":false,"_genesis_hide_breadcrumbs":false,"_genesis_hide_singular_image":false,"_genesis_hide_footer_widgets":false,"_genesis_custom_body_class":"","_genesis_custom_post_class":"","_genesis_layout":"","saswp_custom_schema_field":"{\"@context\":\"https:\/\/schema.org\",\"@type\":\"FAQPage\",\"mainEntity\":[{\"@type\":\"Question\",\"name\":\"\u00bfC\u00f3mo puedes conseguir un cabello realmente saludable?\",\"acceptedAnswer\":{\"@type\":\"Answer\",\"text\":\"Solo un cuidado personalizado permite conseguir un cabello realmente saludable. Reserva una cita con los profesionales para que analicen la especificidad de tu melena y obt\u00e9n un plan de tratamiento de 3 pasos: champ\u00fa, acondicionador y mascarilla. As\u00ed, tu cabello recibe exactamente lo que necesita.\"}},{\"@type\":\"Question\",\"name\":\"\u00bfPor qu\u00e9 es fundamental cortarse el pelo con regularidad?\",\"acceptedAnswer\":{\"@type\":\"Answer\",\"text\":\"Cortarse el pelo regularmente es esencial para mantener el cabello en excelente estado. Eliminar las puntas abiertas ayuda a conseguir un aspecto impecable y conservar el brillo y la salud de tu melena.\"}},{\"@type\":\"Question\",\"name\":\"\u00bfQu\u00e9 beneficios tiene un tratamiento profesional en el sal\u00f3n?\",\"acceptedAnswer\":{\"@type\":\"Answer\",\"text\":\"Un tratamiento profesional realizado en el sal\u00f3n con marcas expertas como Olaplex repara el cabello da\u00f1ado, mejora la textura y devuelve el brillo. Este tipo de cuidado es imprescindible si tienes el pelo te\u00f1ido, decolorado o expuesto al calor excesivo.\"}},{\"@type\":\"Question\",\"name\":\"\u00bfC\u00f3mo puedes proteger tu cabello del da\u00f1o por calor?\",\"acceptedAnswer\":{\"@type\":\"Answer\",\"text\":\"Usa siempre un producto de protecci\u00f3n t\u00e9rmica o spray antes de utilizar secadores y planchas. Proteger la estructura del cabello es clave para evitar da\u00f1os dif\u00edciles de reparar; adem\u00e1s, evita pasar la plancha demasiadas veces por la misma secci\u00f3n.\"}},{\"@type\":\"Question\",\"name\":\"\u00bfD\u00f3nde puedes reservar tratamientos personalizados para tu cabello?\",\"acceptedAnswer\":{\"@type\":\"Answer\",\"text\":\"Reserva tus tratamientos de belleza en Treatwell, donde puedes elegir entre salones favoritos cerca de ti de forma sencilla y r\u00e1pida. As\u00ed te aseguras de recibir un cuidado profesional adaptado a las necesidades de tu melena.\"}}]}","footnotes":""},"categories":[4],"tags":[27,48,78,49,79,47,10],"class_list":{"0":"post-30846","1":"post","2":"type-post","3":"status-publish","4":"format-standard","5":"has-post-thumbnail","7":"category-beauty","8":"tag-tt6","9":"tag-tr273","10":"tag-tr485","11":"tag-tr484","12":"tag-tr732","13":"tag-tr721","14":"tag-tr166","15":"entry"},"acf":{"post_credits":"Cr\u00e9ditos de las im\u00e1genes: Headmasters","beauty_blog_post_button_title":"","beauty_blog_post_button":"","landscape_picture":30851,"blocks":[{"block_title":"La personalizaci\u00f3n es la clave","block_content":"<p>&quot;La personalizaci&oacute;n es la clave&quot;, nos dice Andrew. Al igual que la piel, todos los tipos de pelo son diferentes y todos tienen<strong> sus propias necesidades.<\/strong> Por eso es importante entender lo que necesitan para conseguir brillo y salud. Para que te asegures de que tu cabello est&aacute; bien cuidado, Andrew tiene una recomendaci&oacute;n: &quot;Solo un profesional ser&aacute; capaz de analizar la especificidad de tu cabello y debes comentarlo en el sal&oacute;n. P&iacute;dele a tu peluquero que te recete un tratamiento capilar de 3 pasos: champ&uacute;, acondicionador y mascarilla&quot;. D&aacute;ndole a tu cabello el cuidado que realmente necesita, ver&aacute;s un gran cambio.<\/p>\n","video_content":"","block_picture":30847},{"block_title":"Invertir en un cuidado profesional","block_content":"<p>No es solo el pelo decolorado y te&ntilde;ido el que necesita una buena dosis de <strong>mantenimiento y nutrici&oacute;n<\/strong>. Andrew explica: &quot;Un tratamiento profesional para el cuidado del cabello llevado a cabo en el sal&oacute;n, con marcas expertas como la gama Olaplex, devolver&aacute; a cualquier melena su salud, textura y brillo. Solo un tratamiento profesional repara realmente el cabello da&ntilde;ado por la coloraci&oacute;n, el calor y el cepillado&quot;.<\/p>\n","video_content":"","block_picture":30848},{"block_title":"Cortar regularmente es esencial","block_content":"<p>Probablemente ya te has dado cuenta. Seg&uacute;n Andrew, <strong>cortarse el pelo regularmente es esencial<\/strong> para mantener el cabello en excelente estado. &quot;Un cabello saludable comienza con un buen corte&quot;, explica, &quot;no solo para eliminar las puntas abiertas, sino tambi&eacute;n para domar la melena y mantener su salud y brillo&quot;.<\/p>\n","video_content":"","block_picture":30849},{"block_title":"Protege tu cabello","block_content":"<p>El <strong>calor es el gran enemigo del cabello<\/strong> y su da&ntilde;o puede ser dif&iacute;cil de reparar. &quot;Nunca sin protecci&oacute;n t&eacute;rmica&quot; dice Andrew: &quot;Para evitar el da&ntilde;o causado por las herramientas de estilismo como secadores de pelo y planchas de alisar, es esencial proteger la estructura del cabello con un tratamiento de protecci&oacute;n t&eacute;rmica o un spray. Al secar, tambi&eacute;n evita planchar demasiadas veces en la misma secci&oacute;n del cabello&quot;. <em>Check!<\/em><\/p>\n\n<p>&nbsp;<\/p>\n\n<p>Con <strong><a href=\"http:\/\/www.treatwell.es\">Treatwell<\/a><\/strong>, puedes reservar tus tratamientos de belleza online&nbsp;en tus salones&nbsp;favoritos, de forma sencilla, r&aacute;pida y en un abrir y cerrar de ojos. Descubre los salones cerca de ti.<\/p>\n","video_content":"","block_picture":30850}]},"yoast_head":"<!-- This site is optimized with the Yoast SEO plugin v27.4 - https:\/\/yoast.com\/product\/yoast-seo-wordpress\/ -->\n<title>Cabello saludable: claves de Andrew Barton | Treatwell<\/title>\n<meta name=\"description\" content=\"Descubre las reglas esenciales para un cabello sano: personalizaci\u00f3n, tratamientos profesionales y corte regular. Consejos expertos y reserva f\u00e1cil en Treatwell.\" \/>\n<meta name=\"robots\" content=\"index, follow, max-snippet:-1, max-image-preview:large, max-video-preview:-1\" \/>\n<link rel=\"canonical\" href=\"https:\/\/www.treatwell.es/in-the-glow\/el-peluquero-de-los-famosos-cabello-brillante\/\" \/>\n<meta property=\"og:locale\" content=\"es_ES\" \/>\n<meta property=\"og:type\" content=\"article\" \/>\n<meta property=\"og:title\" content=\"Cabello saludable: claves de Andrew Barton | Treatwell\" \/>\n<meta property=\"og:description\" content=\"Descubre las reglas esenciales para un cabello sano: personalizaci\u00f3n, tratamientos profesionales y corte regular. Consejos expertos y reserva f\u00e1cil en Treatwell.\" \/>\n<meta property=\"og:url\" content=\"https:\/\/www.treatwell.es/in-the-glow\/el-peluquero-de-los-famosos-cabello-brillante\/\" \/>\n<meta property=\"og:site_name\" content=\"In The Glow\" \/>\n<meta property=\"article:published_time\" content=\"2020-10-06T10:26:59+00:00\" \/>\n<meta property=\"article:modified_time\" content=\"2025-12-15T22:54:56+00:00\" \/>\n<meta property=\"og:image\" content=\"https:\/\/www.treatwell.es/in-the-glow\/wp-content\/uploads\/sites\/10\/2022\/03\/header_peluquero_2.jpg\" \/>\n\t<meta property=\"og:image:width\" content=\"500\" \/>\n\t<meta property=\"og:image:height\" content=\"600\" \/>\n\t<meta property=\"og:image:type\" content=\"image\/jpeg\" \/>\n<meta name=\"author\" content=\"Beth Ryan\" \/>\n<meta name=\"twitter:card\" content=\"summary_large_image\" \/>\n<meta name=\"twitter:label1\" content=\"Escrito por\" \/>\n\t<meta name=\"twitter:data1\" content=\"Beth Ryan\" \/>\n\t<meta name=\"twitter:label2\" content=\"Tiempo de lectura\" \/>\n\t<meta name=\"twitter:data2\" content=\"2 minutos\" \/>\n<script type=\"application\/ld+json\" class=\"yoast-schema-graph\">{\"@context\":\"https:\\\/\\\/schema.org\",\"@graph\":[{\"@type\":\"Article\",\"@id\":\"https:\\\/\\\/www.treatwell.es/in-the-glow\\\/el-peluquero-de-los-famosos-cabello-brillante\\\/#article\",\"isPartOf\":{\"@id\":\"https:\\\/\\\/www.treatwell.es/in-the-glow\\\/el-peluquero-de-los-famosos-cabello-brillante\\\/\"},\"author\":{\"name\":\"Beth Ryan\",\"@id\":\"https:\\\/\\\/www.treatwell.es/in-the-glow\\\/#\\\/schema\\\/person\\\/45be8f7781947e6c6d31f4b658271bf6\"},\"headline\":\"El peluquero de los famosos nos da 3 reglas a seguir para tener un cabello brillante\",\"datePublished\":\"2020-10-06T10:26:59+00:00\",\"dateModified\":\"2025-12-15T22:54:56+00:00\",\"mainEntityOfPage\":{\"@id\":\"https:\\\/\\\/www.treatwell.es/in-the-glow\\\/el-peluquero-de-los-famosos-cabello-brillante\\\/\"},\"wordCount\":370,\"publisher\":{\"@id\":\"https:\\\/\\\/www.treatwell.es/in-the-glow\\\/#organization\"},\"image\":{\"@id\":\"https:\\\/\\\/www.treatwell.es/in-the-glow\\\/el-peluquero-de-los-famosos-cabello-brillante\\\/#primaryimage\"},\"thumbnailUrl\":\"https:\\\/\\\/www.treatwell.es/in-the-glow\\\/wp-content\\\/uploads\\\/sites\\\/10\\\/2022\\\/03\\\/header_peluquero_2.jpg\",\"keywords\":[\"Hair\",\"Hair Colouring and Highlights\",\"Hair Conditioning and Scalp Treatments\",\"Hair Consulting\",\"Hair Salon Extras\",\"Hair Up\",\"Haircuts and Hairdressing\"],\"articleSection\":[\"Beauty\"],\"inLanguage\":\"es\"},{\"@type\":\"WebPage\",\"@id\":\"https:\\\/\\\/www.treatwell.es/in-the-glow\\\/el-peluquero-de-los-famosos-cabello-brillante\\\/\",\"url\":\"https:\\\/\\\/www.treatwell.es/in-the-glow\\\/el-peluquero-de-los-famosos-cabello-brillante\\\/\",\"name\":\"Cabello saludable: claves de Andrew Barton | Treatwell\",\"isPartOf\":{\"@id\":\"https:\\\/\\\/www.treatwell.es/in-the-glow\\\/#website\"},\"primaryImageOfPage\":{\"@id\":\"https:\\\/\\\/www.treatwell.es/in-the-glow\\\/el-peluquero-de-los-famosos-cabello-brillante\\\/#primaryimage\"},\"image\":{\"@id\":\"https:\\\/\\\/www.treatwell.es/in-the-glow\\\/el-peluquero-de-los-famosos-cabello-brillante\\\/#primaryimage\"},\"thumbnailUrl\":\"https:\\\/\\\/www.treatwell.es/in-the-glow\\\/wp-content\\\/uploads\\\/sites\\\/10\\\/2022\\\/03\\\/header_peluquero_2.jpg\",\"datePublished\":\"2020-10-06T10:26:59+00:00\",\"dateModified\":\"2025-12-15T22:54:56+00:00\",\"description\":\"Descubre las reglas esenciales para un cabello sano: personalizaci\u00f3n, tratamientos profesionales y corte regular. Consejos expertos y reserva f\u00e1cil en Treatwell.\",\"breadcrumb\":{\"@id\":\"https:\\\/\\\/www.treatwell.es/in-the-glow\\\/el-peluquero-de-los-famosos-cabello-brillante\\\/#breadcrumb\"},\"inLanguage\":\"es\",\"potentialAction\":[{\"@type\":\"ReadAction\",\"target\":[\"https:\\\/\\\/www.treatwell.es/in-the-glow\\\/el-peluquero-de-los-famosos-cabello-brillante\\\/\"]}]},{\"@type\":\"ImageObject\",\"inLanguage\":\"es\",\"@id\":\"https:\\\/\\\/www.treatwell.es/in-the-glow\\\/el-peluquero-de-los-famosos-cabello-brillante\\\/#primaryimage\",\"url\":\"https:\\\/\\\/www.treatwell.es/in-the-glow\\\/wp-content\\\/uploads\\\/sites\\\/10\\\/2022\\\/03\\\/header_peluquero_2.jpg\",\"contentUrl\":\"https:\\\/\\\/www.treatwell.es/in-the-glow\\\/wp-content\\\/uploads\\\/sites\\\/10\\\/2022\\\/03\\\/header_peluquero_2.jpg\",\"width\":500,\"height\":600},{\"@type\":\"BreadcrumbList\",\"@id\":\"https:\\\/\\\/www.treatwell.es/in-the-glow\\\/el-peluquero-de-los-famosos-cabello-brillante\\\/#breadcrumb\",\"itemListElement\":[{\"@type\":\"ListItem\",\"position\":1,\"name\":\"Home\",\"item\":\"https:\\\/\\\/www.treatwell.es/in-the-glow\\\/\"},{\"@type\":\"ListItem\",\"position\":2,\"name\":\"Beauty\",\"item\":\"https:\\\/\\\/www.treatwell.es/in-the-glow\\\/beauty\\\/\"},{\"@type\":\"ListItem\",\"position\":3,\"name\":\"El peluquero de los famosos nos da 3 reglas a seguir para tener un cabello brillante\"}]},{\"@type\":\"WebSite\",\"@id\":\"https:\\\/\\\/www.treatwell.es/in-the-glow\\\/#website\",\"url\":\"https:\\\/\\\/www.treatwell.es/in-the-glow\\\/\",\"name\":\"In The Glow\",\"description\":\"Belleza. Pelo. Lifestyle.\",\"publisher\":{\"@id\":\"https:\\\/\\\/www.treatwell.es/in-the-glow\\\/#organization\"},\"potentialAction\":[{\"@type\":\"SearchAction\",\"target\":{\"@type\":\"EntryPoint\",\"urlTemplate\":\"https:\\\/\\\/www.treatwell.es/in-the-glow\\\/?s={search_term_string}\"},\"query-input\":{\"@type\":\"PropertyValueSpecification\",\"valueRequired\":true,\"valueName\":\"search_term_string\"}}],\"inLanguage\":\"es\"},{\"@type\":\"Organization\",\"@id\":\"https:\\\/\\\/www.treatwell.es/in-the-glow\\\/#organization\",\"name\":\"Treatwell\",\"url\":\"https:\\\/\\\/www.treatwell.es/in-the-glow\\\/\",\"logo\":{\"@type\":\"ImageObject\",\"inLanguage\":\"es\",\"@id\":\"https:\\\/\\\/www.treatwell.es/in-the-glow\\\/#\\\/schema\\\/logo\\\/image\\\/\",\"url\":\"https:\\\/\\\/www.treatwell.es/in-the-glow\\\/wp-content\\\/uploads\\\/sites\\\/10\\\/2022\\\/03\\\/logo_treatwell.png\",\"contentUrl\":\"https:\\\/\\\/www.treatwell.es/in-the-glow\\\/wp-content\\\/uploads\\\/sites\\\/10\\\/2022\\\/03\\\/logo_treatwell.png\",\"width\":889,\"height\":164,\"caption\":\"Treatwell\"},\"image\":{\"@id\":\"https:\\\/\\\/www.treatwell.es/in-the-glow\\\/#\\\/schema\\\/logo\\\/image\\\/\"}},{\"@type\":\"Person\",\"@id\":\"https:\\\/\\\/www.treatwell.es/in-the-glow\\\/#\\\/schema\\\/person\\\/45be8f7781947e6c6d31f4b658271bf6\",\"name\":\"Beth Ryan\",\"image\":{\"@type\":\"ImageObject\",\"inLanguage\":\"es\",\"@id\":\"https:\\\/\\\/secure.gravatar.com\\\/avatar\\\/93502c3b0591e62d75cc697ff3b5b8f47fef521e9dd0d61feb5570ae6d459200?s=96&d=mm&r=g\",\"url\":\"https:\\\/\\\/secure.gravatar.com\\\/avatar\\\/93502c3b0591e62d75cc697ff3b5b8f47fef521e9dd0d61feb5570ae6d459200?s=96&d=mm&r=g\",\"contentUrl\":\"https:\\\/\\\/secure.gravatar.com\\\/avatar\\\/93502c3b0591e62d75cc697ff3b5b8f47fef521e9dd0d61feb5570ae6d459200?s=96&d=mm&r=g\",\"caption\":\"Beth Ryan\"},\"url\":\"https:\\\/\\\/www.treatwell.es/in-the-glow\\\/author\\\/bethanyryan\\\/\"}]}<\/script>\n<!-- \/ Yoast SEO plugin. -->","yoast_head_json":{"title":"Cabello saludable: claves de Andrew Barton | Treatwell","description":"Descubre las reglas esenciales para un cabello sano: personalizaci\u00f3n, tratamientos profesionales y corte regular. Consejos expertos y reserva f\u00e1cil en Treatwell.","robots":{"index":"index","follow":"follow","max-snippet":"max-snippet:-1","max-image-preview":"max-image-preview:large","max-video-preview":"max-video-preview:-1"},"canonical":"https:\/\/www.treatwell.es/in-the-glow\/el-peluquero-de-los-famosos-cabello-brillante\/","og_locale":"es_ES","og_type":"article","og_title":"Cabello saludable: claves de Andrew Barton | Treatwell","og_description":"Descubre las reglas esenciales para un cabello sano: personalizaci\u00f3n, tratamientos profesionales y corte regular. Consejos expertos y reserva f\u00e1cil en Treatwell.","og_url":"https:\/\/www.treatwell.es/in-the-glow\/el-peluquero-de-los-famosos-cabello-brillante\/","og_site_name":"In The Glow","article_published_time":"2020-10-06T10:26:59+00:00","article_modified_time":"2025-12-15T22:54:56+00:00","og_image":[{"width":500,"height":600,"url":"https:\/\/www.treatwell.es/in-the-glow\/wp-content\/uploads\/sites\/10\/2022\/03\/header_peluquero_2.jpg","type":"image\/jpeg"}],"author":"Beth Ryan","twitter_card":"summary_large_image","twitter_misc":{"Escrito por":"Beth Ryan","Tiempo de lectura":"2 minutos"},"schema":{"@context":"https:\/\/schema.org","@graph":[{"@type":"Article","@id":"https:\/\/www.treatwell.es/in-the-glow\/el-peluquero-de-los-famosos-cabello-brillante\/#article","isPartOf":{"@id":"https:\/\/www.treatwell.es/in-the-glow\/el-peluquero-de-los-famosos-cabello-brillante\/"},"author":{"name":"Beth Ryan","@id":"https:\/\/www.treatwell.es/in-the-glow\/#\/schema\/person\/45be8f7781947e6c6d31f4b658271bf6"},"headline":"El peluquero de los famosos nos da 3 reglas a seguir para tener un cabello brillante","datePublished":"2020-10-06T10:26:59+00:00","dateModified":"2025-12-15T22:54:56+00:00","mainEntityOfPage":{"@id":"https:\/\/www.treatwell.es/in-the-glow\/el-peluquero-de-los-famosos-cabello-brillante\/"},"wordCount":370,"publisher":{"@id":"https:\/\/www.treatwell.es/in-the-glow\/#organization"},"image":{"@id":"https:\/\/www.treatwell.es/in-the-glow\/el-peluquero-de-los-famosos-cabello-brillante\/#primaryimage"},"thumbnailUrl":"https:\/\/www.treatwell.es/in-the-glow\/wp-content\/uploads\/sites\/10\/2022\/03\/header_peluquero_2.jpg","keywords":["Hair","Hair Colouring and Highlights","Hair Conditioning and Scalp Treatments","Hair Consulting","Hair Salon Extras","Hair Up","Haircuts and Hairdressing"],"articleSection":["Beauty"],"inLanguage":"es"},{"@type":"WebPage","@id":"https:\/\/www.treatwell.es/in-the-glow\/el-peluquero-de-los-famosos-cabello-brillante\/","url":"https:\/\/www.treatwell.es/in-the-glow\/el-peluquero-de-los-famosos-cabello-brillante\/","name":"Cabello saludable: claves de Andrew Barton | Treatwell","isPartOf":{"@id":"https:\/\/www.treatwell.es/in-the-glow\/#website"},"primaryImageOfPage":{"@id":"https:\/\/www.treatwell.es/in-the-glow\/el-peluquero-de-los-famosos-cabello-brillante\/#primaryimage"},"image":{"@id":"https:\/\/www.treatwell.es/in-the-glow\/el-peluquero-de-los-famosos-cabello-brillante\/#primaryimage"},"thumbnailUrl":"https:\/\/www.treatwell.es/in-the-glow\/wp-content\/uploads\/sites\/10\/2022\/03\/header_peluquero_2.jpg","datePublished":"2020-10-06T10:26:59+00:00","dateModified":"2025-12-15T22:54:56+00:00","description":"Descubre las reglas esenciales para un cabello sano: personalizaci\u00f3n, tratamientos profesionales y corte regular. Consejos expertos y reserva f\u00e1cil en Treatwell.","breadcrumb":{"@id":"https:\/\/www.treatwell.es/in-the-glow\/el-peluquero-de-los-famosos-cabello-brillante\/#breadcrumb"},"inLanguage":"es","potentialAction":[{"@type":"ReadAction","target":["https:\/\/www.treatwell.es/in-the-glow\/el-peluquero-de-los-famosos-cabello-brillante\/"]}]},{"@type":"ImageObject","inLanguage":"es","@id":"https:\/\/www.treatwell.es/in-the-glow\/el-peluquero-de-los-famosos-cabello-brillante\/#primaryimage","url":"https:\/\/www.treatwell.es/in-the-glow\/wp-content\/uploads\/sites\/10\/2022\/03\/header_peluquero_2.jpg","contentUrl":"https:\/\/www.treatwell.es/in-the-glow\/wp-content\/uploads\/sites\/10\/2022\/03\/header_peluquero_2.jpg","width":500,"height":600},{"@type":"BreadcrumbList","@id":"https:\/\/www.treatwell.es/in-the-glow\/el-peluquero-de-los-famosos-cabello-brillante\/#breadcrumb","itemListElement":[{"@type":"ListItem","position":1,"name":"Home","item":"https:\/\/www.treatwell.es/in-the-glow\/"},{"@type":"ListItem","position":2,"name":"Beauty","item":"https:\/\/www.treatwell.es/in-the-glow\/beauty\/"},{"@type":"ListItem","position":3,"name":"El peluquero de los famosos nos da 3 reglas a seguir para tener un cabello brillante"}]},{"@type":"WebSite","@id":"https:\/\/www.treatwell.es/in-the-glow\/#website","url":"https:\/\/www.treatwell.es/in-the-glow\/","name":"In The Glow","description":"Belleza. Pelo. Lifestyle.","publisher":{"@id":"https:\/\/www.treatwell.es/in-the-glow\/#organization"},"potentialAction":[{"@type":"SearchAction","target":{"@type":"EntryPoint","urlTemplate":"https:\/\/www.treatwell.es/in-the-glow\/?s={search_term_string}"},"query-input":{"@type":"PropertyValueSpecification","valueRequired":true,"valueName":"search_term_string"}}],"inLanguage":"es"},{"@type":"Organization","@id":"https:\/\/www.treatwell.es/in-the-glow\/#organization","name":"Treatwell","url":"https:\/\/www.treatwell.es/in-the-glow\/","logo":{"@type":"ImageObject","inLanguage":"es","@id":"https:\/\/www.treatwell.es/in-the-glow\/#\/schema\/logo\/image\/","url":"https:\/\/www.treatwell.es/in-the-glow\/wp-content\/uploads\/sites\/10\/2022\/03\/logo_treatwell.png","contentUrl":"https:\/\/www.treatwell.es/in-the-glow\/wp-content\/uploads\/sites\/10\/2022\/03\/logo_treatwell.png","width":889,"height":164,"caption":"Treatwell"},"image":{"@id":"https:\/\/www.treatwell.es/in-the-glow\/#\/schema\/logo\/image\/"}},{"@type":"Person","@id":"https:\/\/www.treatwell.es/in-the-glow\/#\/schema\/person\/45be8f7781947e6c6d31f4b658271bf6","name":"Beth Ryan","image":{"@type":"ImageObject","inLanguage":"es","@id":"https:\/\/secure.gravatar.com\/avatar\/93502c3b0591e62d75cc697ff3b5b8f47fef521e9dd0d61feb5570ae6d459200?s=96&d=mm&r=g","url":"https:\/\/secure.gravatar.com\/avatar\/93502c3b0591e62d75cc697ff3b5b8f47fef521e9dd0d61feb5570ae6d459200?s=96&d=mm&r=g","contentUrl":"https:\/\/secure.gravatar.com\/avatar\/93502c3b0591e62d75cc697ff3b5b8f47fef521e9dd0d61feb5570ae6d459200?s=96&d=mm&r=g","caption":"Beth Ryan"},"url":"https:\/\/www.treatwell.es/in-the-glow\/author\/bethanyryan\/"}]}},"featured_image_src":"https:\/\/www.treatwell.es/in-the-glow\/wp-content\/uploads\/sites\/10\/2022\/03\/header_peluquero_2-500x400.jpg","featured_image_src_square":"https:\/\/www.treatwell.es/in-the-glow\/wp-content\/uploads\/sites\/10\/2022\/03\/header_peluquero_2.jpg","author_info":{"display_name":"Beth Ryan","author_link":"https:\/\/www.treatwell.es/in-the-glow\/author\/bethanyryan\/"},"_links":{"self":[{"href":"https:\/\/www.treatwell.es\/in-the-glow\/wp-json\/wp\/v2\/posts\/30846","targetHints":{"allow":["GET"]}}],"collection":[{"href":"https:\/\/www.treatwell.es\/in-the-glow\/wp-json\/wp\/v2\/posts"}],"about":[{"href":"https:\/\/www.treatwell.es\/in-the-glow\/wp-json\/wp\/v2\/types\/post"}],"author":[{"embeddable":true,"href":"https:\/\/www.treatwell.es\/in-the-glow\/wp-json\/wp\/v2\/users\/3366"}],"replies":[{"embeddable":true,"href":"https:\/\/www.treatwell.es\/in-the-glow\/wp-json\/wp\/v2\/comments?post=30846"}],"version-history":[{"count":0,"href":"https:\/\/www.treatwell.es\/in-the-glow\/wp-json\/wp\/v2\/posts\/30846\/revisions"}],"wp:featuredmedia":[{"embeddable":true,"href":"https:\/\/www.treatwell.es\/in-the-glow\/wp-json\/wp\/v2\/media\/30852"}],"wp:attachment":[{"href":"https:\/\/www.treatwell.es\/in-the-glow\/wp-json\/wp\/v2\/media?parent=30846"}],"wp:term":[{"taxonomy":"category","embeddable":true,"href":"https:\/\/www.treatwell.es\/in-the-glow\/wp-json\/wp\/v2\/categories?post=30846"},{"taxonomy":"post_tag","embeddable":true,"href":"https:\/\/www.treatwell.es\/in-the-glow\/wp-json\/wp\/v2\/tags?post=30846"}],"curies":[{"name":"wp","href":"https:\/\/api.w.org\/{rel}","templated":true}]}}