{"id":30913,"date":"2020-11-04T10:57:02","date_gmt":"2020-11-04T09:57:02","guid":{"rendered":"https:\/\/www.treatwell.es\/in-the-glow\/?p=26584"},"modified":"2025-12-15T23:55:00","modified_gmt":"2025-12-15T22:55:00","slug":"como-defender-la-piel-contaminacion-y-temperatura","status":"publish","type":"post","link":"https:\/\/www.treatwell.es/in-the-glow\/como-defender-la-piel-contaminacion-y-temperatura\/","title":{"rendered":"C\u00f3mo defender la piel del rostro de la contaminaci\u00f3n y los cambios de temperatura"},"content":{"rendered":"<p><span style=\"font-weight: 400\">El <strong>oto\u00f1o es una estaci\u00f3n cr\u00edtica para la piel<\/strong>. Puede verse afectada por temperaturas m\u00e1s duras, quedando apagada y agrietada (sin mencionar el nuevo fen\u00f3meno del <a href=\"https:\/\/www.treatwell.es\/in-the-glow\/tratamientos-faciales-para-mascarilla\/\"><em>Maskn\u00e9<\/em><\/a>, el acn\u00e9 de la mascarilla). Este es el momento adecuado para intervenir con un tratamiento facial espec\u00edfico.<\/span><\/p>\n<div class=\"schema-faq wp-block-yoast-faq-block\">\n<div class=\"schema-faq-section\" id=\"faq-question-1765837536857\">\n<h3 class=\"schema-faq-question\">\u00bfQu\u00e9 tratamiento facial ayuda a combatir el enrojecimiento en oto\u00f1o?<\/h3>\n<p class=\"schema-faq-answer\">Los tratamientos con vitamina C reducen el enrojecimiento y fortalecen los capilares. Consigue suavidad y una piel m\u00e1s luminosa, ya que este tratamiento estimula la elastina y el col\u00e1geno.<\/div>\n<div class=\"schema-faq-section\" id=\"faq-question-1765837536858\">\n<h3 class=\"schema-faq-question\">\u00bfC\u00f3mo puedes purificar tu piel y eliminar impurezas durante el oto\u00f1o?<\/h3>\n<p class=\"schema-faq-answer\">Prueba la m\u00e1scara magn\u00e9tica para una limpieza profunda y eficaz contra puntos negros. Este tratamiento usa part\u00edculas de hierro, vitaminas y minerales, y retira el exceso de sebo mediante un im\u00e1n, dejando la piel suave y perfectamente oxigenada.<\/div>\n<div class=\"schema-faq-section\" id=\"faq-question-1765837536859\">\n<h3 class=\"schema-faq-question\">\u00bfQu\u00e9 soluci\u00f3n hay para la sequedad facial despu\u00e9s del verano?<\/h3>\n<p class=\"schema-faq-answer\">Realiza un tratamiento de hidrataci\u00f3n y limpieza con un exfoliante regenerador y un masaje de treinta minutos con aceites esenciales. Finaliza con una mascarilla de linaza para retrasar el envejecimiento y rehidratar la piel.<\/div>\n<div class=\"schema-faq-section\" id=\"faq-question-1765837536860\">\n<h3 class=\"schema-faq-question\">\u00bfC\u00f3mo puedes mejorar la mirada apagada por el cansancio del oto\u00f1o?<\/h3>\n<p class=\"schema-faq-answer\">Reserva tratamientos faciales espec\u00edficamente dise\u00f1ados para descongestionar los p\u00e1rpados y suavizar el contorno de ojos. As\u00ed conseguir\u00e1s una mirada m\u00e1s rejuvenecida y luminosa durante la temporada.<\/div>\n<div class=\"schema-faq-section\" id=\"faq-question-1765837536861\">\n<h3 class=\"schema-faq-question\">\u00bfD\u00f3nde reservar tratamientos faciales especializados para oto\u00f1o?<\/h3>\n<p class=\"schema-faq-answer\">En Treatwell puedes reservar en l\u00ednea tratamientos de belleza en los salones m\u00e1s cercanos. El proceso es r\u00e1pido y sencillo, ideal para encontrar opciones adaptadas a las necesidades del oto\u00f1o.<\/div>\n<\/p><\/div>\n","protected":false},"excerpt":{"rendered":"<p>El oto\u00f1o es una estaci\u00f3n cr\u00edtica para la piel. Puede verse afectada por temperaturas m\u00e1s duras, quedando apagada y agrietada (sin mencionar el nuevo fen\u00f3meno del Maskn\u00e9, el acn\u00e9 de la mascarilla). Este es el momento adecuado para intervenir con un tratamiento facial espec\u00edfico. \u00bfQu\u00e9 tratamiento facial ayuda a combatir el enrojecimiento en oto\u00f1o? Los [&hellip;]<\/p>\n","protected":false},"author":3366,"featured_media":30919,"comment_status":"closed","ping_status":"closed","sticky":false,"template":"","format":"standard","meta":{"_acf_changed":false,"_yoast_wpseo_title":"Tratamientos faciales oto\u00f1o: cuida tu piel y luce radiante","_yoast_wpseo_metadesc":"Descubre los mejores tratamientos faciales para oto\u00f1o: vitamina C, \u00e1cido hialur\u00f3nico, limpieza, hidrataci\u00f3n y m\u00e1s. Recupera luminosidad y reserva online f\u00e1cil.","_genesis_hide_title":false,"_genesis_hide_breadcrumbs":false,"_genesis_hide_singular_image":false,"_genesis_hide_footer_widgets":false,"_genesis_custom_body_class":"","_genesis_custom_post_class":"","_genesis_layout":"","saswp_custom_schema_field":"{\"@context\":\"https:\/\/schema.org\",\"@type\":\"FAQPage\",\"mainEntity\":[{\"@type\":\"Question\",\"name\":\"\u00bfQu\u00e9 tratamiento facial ayuda a combatir el enrojecimiento en oto\u00f1o?\",\"acceptedAnswer\":{\"@type\":\"Answer\",\"text\":\"Los tratamientos con vitamina C reducen el enrojecimiento y fortalecen los capilares. Consigue suavidad y una piel m\u00e1s luminosa, ya que este tratamiento estimula la elastina y el col\u00e1geno.\"}},{\"@type\":\"Question\",\"name\":\"\u00bfC\u00f3mo puedes purificar tu piel y eliminar impurezas durante el oto\u00f1o?\",\"acceptedAnswer\":{\"@type\":\"Answer\",\"text\":\"Prueba la m\u00e1scara magn\u00e9tica para una limpieza profunda y eficaz contra puntos negros. Este tratamiento usa part\u00edculas de hierro, vitaminas y minerales, y retira el exceso de sebo mediante un im\u00e1n, dejando la piel suave y perfectamente oxigenada.\"}},{\"@type\":\"Question\",\"name\":\"\u00bfQu\u00e9 soluci\u00f3n hay para la sequedad facial despu\u00e9s del verano?\",\"acceptedAnswer\":{\"@type\":\"Answer\",\"text\":\"Realiza un tratamiento de hidrataci\u00f3n y limpieza con un exfoliante regenerador y un masaje de treinta minutos con aceites esenciales. Finaliza con una mascarilla de linaza para retrasar el envejecimiento y rehidratar la piel.\"}},{\"@type\":\"Question\",\"name\":\"\u00bfC\u00f3mo puedes mejorar la mirada apagada por el cansancio del oto\u00f1o?\",\"acceptedAnswer\":{\"@type\":\"Answer\",\"text\":\"Reserva tratamientos faciales espec\u00edficamente dise\u00f1ados para descongestionar los p\u00e1rpados y suavizar el contorno de ojos. As\u00ed conseguir\u00e1s una mirada m\u00e1s rejuvenecida y luminosa durante la temporada.\"}},{\"@type\":\"Question\",\"name\":\"\u00bfD\u00f3nde reservar tratamientos faciales especializados para oto\u00f1o?\",\"acceptedAnswer\":{\"@type\":\"Answer\",\"text\":\"En Treatwell puedes reservar en l\u00ednea tratamientos de belleza en los salones m\u00e1s cercanos. El proceso es r\u00e1pido y sencillo, ideal para encontrar opciones adaptadas a las necesidades del oto\u00f1o.\"}}]}","footnotes":""},"categories":[4],"tags":[110,19,9,6],"class_list":{"0":"post-30913","1":"post","2":"type-post","3":"status-publish","4":"format-standard","5":"has-post-thumbnail","7":"category-beauty","8":"tag-tr133","9":"tag-tt4","10":"tag-tr50","11":"tag-tt37","12":"entry"},"acf":{"post_credits":"Cr\u00e9ditos de las im\u00e1genes: Shutterstock, @beyondbeauty.esthetics, @zestebeautyspa, @byagnesmatilda, @seeratsaini_","beauty_blog_post_button_title":"","beauty_blog_post_button":"","landscape_picture":30918,"blocks":[{"block_title":"Contra las grietas y el enrojecimiento","block_content":"<p>Los tratamientos con <a href=\"https:\/\/www.treatwell.es\/in-the-glow\/este-es-el-principio-activo-beauty-mas-buscado-de-2020\/\"><strong>vitamina C<\/strong><\/a> tienen el poder de mantener a raya los efectos de los cambios de temperatura t&iacute;picos del oto&ntilde;o, incluyendo el agrietamiento, la cuperosis y la discrom&iacute;a. Son capaces de fortalecer los capilares y as&iacute; reducir el enrojecimiento y la irritaci&oacute;n, as&iacute; como de alisar y suavizar la piel, estimulando la producci&oacute;n de elastina y col&aacute;geno e iluminando la tez. Para un rostro m&aacute;s relajado y tonificado, los tratamientos a base de <a href=\"https:\/\/www.treatwell.es\/establecimientos\/servicios-grupo-facial\/oferta-tipo-local\/en-es\/\"><strong>&aacute;cido hialur&oacute;nico<\/strong><\/a> (que evitan la flacidez de la piel y al mismo tiempo la protegen de los agentes externos) o de baba de caracol, perfectos para rehidratar la epidermis.<\/p>\n","video_content":"","block_picture":30914},{"block_title":"Contra las impurezas","block_content":"<p>Para que la piel est&eacute; <strong>sana y brille<\/strong> incluso cuando en estos d&iacute;as que ya son m&aacute;s cortos, es esencial no descuidar la purificaci&oacute;n. Para una limpieza facial con un giro extra en el sal&oacute;n puedes probar <strong>la <a href=\"https:\/\/www.treatwell.es\/establecimientos\/tratamiento-tratamientos-faciales\/oferta-tipo-local\/en-es\/\">m&aacute;scara magn&eacute;tica<\/a><\/strong>, que contiene part&iacute;culas de hierro natural, vitaminas y minerales. Despu&eacute;s de una limpieza a fondo, se deja durante unos minutos, tras lo cual la esteticista pasa un im&aacute;n por la cara que atrae el producto, que lleva el exceso de sebo e impurezas. Una verdadera maravilla contra los puntos negros y para una piel suave, luminosa y perfectamente oxigenada.<\/p>\n","video_content":"","block_picture":30915},{"block_title":"Contra la sequedad de la piel","block_content":"<p>La <a href=\"https:\/\/www.treatwell.es\/establecimientos\/tratamiento-hydrating-facial\/oferta-tipo-local\/en-es\/\"><strong>hidrataci&oacute;n y la limpieza<\/strong><\/a> son la pareja de poder para un tratamiento <em>Autumn Beauty <\/em>total, un &quot;todo incluido&quot; que act&uacute;a en tres movimientos: un exfoliante regenerador para rostro y cuerpo purifica y remineraliza la piel; un masaje de treinta minutos con aceites esenciales hidrata profundamente; por &uacute;ltimo, una mascarilla de linaza, rica en &aacute;cidos grasos, ayuda a retrasar el envejecimiento de los tejidos.<\/p>\n","video_content":"","block_picture":30916},{"block_title":"Contra la mirada apagada","block_content":"<p>El ojo tambi&eacute;n quiere su parte, especialmente cuando el cansancio t&iacute;pico&nbsp;de oto&ntilde;o no da tregua. Para dar nueva <strong>luz a una mirada apagada<\/strong>, Treatwell tambi&eacute;n <a href=\"https:\/\/www.treatwell.es\/establecimientos\/tratamiento-tratamientos-faciales\/oferta-tipo-local\/en-es\/\">ofrece tratamientos<\/a> ad hoc para descongestionar los p&aacute;rpados y suavizar y relajar el contorno de los ojos.&nbsp;<\/p>\n\n<p>&nbsp;<\/p>\n\n<p>En <a href=\"http:\/\/www.treatwell.es\"><strong>Treatwell<\/strong><\/a> puedes reservar tratamientos de belleza online en los salones m&aacute;s cercanos a ti: es r&aacute;pido y f&aacute;cil.<\/p>\n","video_content":"","block_picture":30917}]},"yoast_head":"<!-- This site is optimized with the Yoast SEO plugin v27.4 - https:\/\/yoast.com\/product\/yoast-seo-wordpress\/ -->\n<title>Tratamientos faciales oto\u00f1o: cuida tu piel y luce radiante<\/title>\n<meta name=\"description\" content=\"Descubre los mejores tratamientos faciales para oto\u00f1o: vitamina C, \u00e1cido hialur\u00f3nico, limpieza, hidrataci\u00f3n y m\u00e1s. Recupera luminosidad y reserva online f\u00e1cil.\" \/>\n<meta name=\"robots\" content=\"index, follow, max-snippet:-1, max-image-preview:large, max-video-preview:-1\" \/>\n<link rel=\"canonical\" href=\"https:\/\/www.treatwell.es/in-the-glow\/como-defender-la-piel-contaminacion-y-temperatura\/\" \/>\n<meta property=\"og:locale\" content=\"es_ES\" \/>\n<meta property=\"og:type\" content=\"article\" \/>\n<meta property=\"og:title\" content=\"Tratamientos faciales oto\u00f1o: cuida tu piel y luce radiante\" \/>\n<meta property=\"og:description\" content=\"Descubre los mejores tratamientos faciales para oto\u00f1o: vitamina C, \u00e1cido hialur\u00f3nico, limpieza, hidrataci\u00f3n y m\u00e1s. Recupera luminosidad y reserva online f\u00e1cil.\" \/>\n<meta property=\"og:url\" content=\"https:\/\/www.treatwell.es/in-the-glow\/como-defender-la-piel-contaminacion-y-temperatura\/\" \/>\n<meta property=\"og:site_name\" content=\"In The Glow\" \/>\n<meta property=\"article:published_time\" content=\"2020-11-04T09:57:02+00:00\" \/>\n<meta property=\"article:modified_time\" content=\"2025-12-15T22:55:00+00:00\" \/>\n<meta property=\"og:image\" content=\"https:\/\/www.treatwell.es/in-the-glow\/wp-content\/uploads\/sites\/10\/2022\/03\/INTRO-2_BLOG-18.png\" \/>\n\t<meta property=\"og:image:width\" content=\"483\" \/>\n\t<meta property=\"og:image:height\" content=\"628\" \/>\n\t<meta property=\"og:image:type\" content=\"image\/png\" \/>\n<meta name=\"author\" content=\"Beth Ryan\" \/>\n<meta name=\"twitter:card\" content=\"summary_large_image\" \/>\n<meta name=\"twitter:label1\" content=\"Escrito por\" \/>\n\t<meta name=\"twitter:data1\" content=\"Beth Ryan\" \/>\n\t<meta name=\"twitter:label2\" content=\"Tiempo de lectura\" \/>\n\t<meta name=\"twitter:data2\" content=\"1 minuto\" \/>\n<script type=\"application\/ld+json\" class=\"yoast-schema-graph\">{\"@context\":\"https:\\\/\\\/schema.org\",\"@graph\":[{\"@type\":\"Article\",\"@id\":\"https:\\\/\\\/www.treatwell.es/in-the-glow\\\/como-defender-la-piel-contaminacion-y-temperatura\\\/#article\",\"isPartOf\":{\"@id\":\"https:\\\/\\\/www.treatwell.es/in-the-glow\\\/como-defender-la-piel-contaminacion-y-temperatura\\\/\"},\"author\":{\"name\":\"Beth Ryan\",\"@id\":\"https:\\\/\\\/www.treatwell.es/in-the-glow\\\/#\\\/schema\\\/person\\\/45be8f7781947e6c6d31f4b658271bf6\"},\"headline\":\"C\u00f3mo defender la piel del rostro de la contaminaci\u00f3n y los cambios de temperatura\",\"datePublished\":\"2020-11-04T09:57:02+00:00\",\"dateModified\":\"2025-12-15T22:55:00+00:00\",\"mainEntityOfPage\":{\"@id\":\"https:\\\/\\\/www.treatwell.es/in-the-glow\\\/como-defender-la-piel-contaminacion-y-temperatura\\\/\"},\"wordCount\":297,\"publisher\":{\"@id\":\"https:\\\/\\\/www.treatwell.es/in-the-glow\\\/#organization\"},\"image\":{\"@id\":\"https:\\\/\\\/www.treatwell.es/in-the-glow\\\/como-defender-la-piel-contaminacion-y-temperatura\\\/#primaryimage\"},\"thumbnailUrl\":\"https:\\\/\\\/www.treatwell.es/in-the-glow\\\/wp-content\\\/uploads\\\/sites\\\/10\\\/2022\\\/03\\\/INTRO-2_BLOG-18.png\",\"keywords\":[\"Acne Treatments\",\"Face\",\"Facials\",\"Massage\"],\"articleSection\":[\"Beauty\"],\"inLanguage\":\"es\"},{\"@type\":\"WebPage\",\"@id\":\"https:\\\/\\\/www.treatwell.es/in-the-glow\\\/como-defender-la-piel-contaminacion-y-temperatura\\\/\",\"url\":\"https:\\\/\\\/www.treatwell.es/in-the-glow\\\/como-defender-la-piel-contaminacion-y-temperatura\\\/\",\"name\":\"Tratamientos faciales oto\u00f1o: cuida tu piel y luce radiante\",\"isPartOf\":{\"@id\":\"https:\\\/\\\/www.treatwell.es/in-the-glow\\\/#website\"},\"primaryImageOfPage\":{\"@id\":\"https:\\\/\\\/www.treatwell.es/in-the-glow\\\/como-defender-la-piel-contaminacion-y-temperatura\\\/#primaryimage\"},\"image\":{\"@id\":\"https:\\\/\\\/www.treatwell.es/in-the-glow\\\/como-defender-la-piel-contaminacion-y-temperatura\\\/#primaryimage\"},\"thumbnailUrl\":\"https:\\\/\\\/www.treatwell.es/in-the-glow\\\/wp-content\\\/uploads\\\/sites\\\/10\\\/2022\\\/03\\\/INTRO-2_BLOG-18.png\",\"datePublished\":\"2020-11-04T09:57:02+00:00\",\"dateModified\":\"2025-12-15T22:55:00+00:00\",\"description\":\"Descubre los mejores tratamientos faciales para oto\u00f1o: vitamina C, \u00e1cido hialur\u00f3nico, limpieza, hidrataci\u00f3n y m\u00e1s. Recupera luminosidad y reserva online f\u00e1cil.\",\"breadcrumb\":{\"@id\":\"https:\\\/\\\/www.treatwell.es/in-the-glow\\\/como-defender-la-piel-contaminacion-y-temperatura\\\/#breadcrumb\"},\"inLanguage\":\"es\",\"potentialAction\":[{\"@type\":\"ReadAction\",\"target\":[\"https:\\\/\\\/www.treatwell.es/in-the-glow\\\/como-defender-la-piel-contaminacion-y-temperatura\\\/\"]}]},{\"@type\":\"ImageObject\",\"inLanguage\":\"es\",\"@id\":\"https:\\\/\\\/www.treatwell.es/in-the-glow\\\/como-defender-la-piel-contaminacion-y-temperatura\\\/#primaryimage\",\"url\":\"https:\\\/\\\/www.treatwell.es/in-the-glow\\\/wp-content\\\/uploads\\\/sites\\\/10\\\/2022\\\/03\\\/INTRO-2_BLOG-18.png\",\"contentUrl\":\"https:\\\/\\\/www.treatwell.es/in-the-glow\\\/wp-content\\\/uploads\\\/sites\\\/10\\\/2022\\\/03\\\/INTRO-2_BLOG-18.png\",\"width\":483,\"height\":628},{\"@type\":\"BreadcrumbList\",\"@id\":\"https:\\\/\\\/www.treatwell.es/in-the-glow\\\/como-defender-la-piel-contaminacion-y-temperatura\\\/#breadcrumb\",\"itemListElement\":[{\"@type\":\"ListItem\",\"position\":1,\"name\":\"Home\",\"item\":\"https:\\\/\\\/www.treatwell.es/in-the-glow\\\/\"},{\"@type\":\"ListItem\",\"position\":2,\"name\":\"Beauty\",\"item\":\"https:\\\/\\\/www.treatwell.es/in-the-glow\\\/beauty\\\/\"},{\"@type\":\"ListItem\",\"position\":3,\"name\":\"C\u00f3mo defender la piel del rostro de la contaminaci\u00f3n y los cambios de temperatura\"}]},{\"@type\":\"WebSite\",\"@id\":\"https:\\\/\\\/www.treatwell.es/in-the-glow\\\/#website\",\"url\":\"https:\\\/\\\/www.treatwell.es/in-the-glow\\\/\",\"name\":\"In The Glow\",\"description\":\"Belleza. Pelo. Lifestyle.\",\"publisher\":{\"@id\":\"https:\\\/\\\/www.treatwell.es/in-the-glow\\\/#organization\"},\"potentialAction\":[{\"@type\":\"SearchAction\",\"target\":{\"@type\":\"EntryPoint\",\"urlTemplate\":\"https:\\\/\\\/www.treatwell.es/in-the-glow\\\/?s={search_term_string}\"},\"query-input\":{\"@type\":\"PropertyValueSpecification\",\"valueRequired\":true,\"valueName\":\"search_term_string\"}}],\"inLanguage\":\"es\"},{\"@type\":\"Organization\",\"@id\":\"https:\\\/\\\/www.treatwell.es/in-the-glow\\\/#organization\",\"name\":\"Treatwell\",\"url\":\"https:\\\/\\\/www.treatwell.es/in-the-glow\\\/\",\"logo\":{\"@type\":\"ImageObject\",\"inLanguage\":\"es\",\"@id\":\"https:\\\/\\\/www.treatwell.es/in-the-glow\\\/#\\\/schema\\\/logo\\\/image\\\/\",\"url\":\"https:\\\/\\\/www.treatwell.es/in-the-glow\\\/wp-content\\\/uploads\\\/sites\\\/10\\\/2022\\\/03\\\/logo_treatwell.png\",\"contentUrl\":\"https:\\\/\\\/www.treatwell.es/in-the-glow\\\/wp-content\\\/uploads\\\/sites\\\/10\\\/2022\\\/03\\\/logo_treatwell.png\",\"width\":889,\"height\":164,\"caption\":\"Treatwell\"},\"image\":{\"@id\":\"https:\\\/\\\/www.treatwell.es/in-the-glow\\\/#\\\/schema\\\/logo\\\/image\\\/\"}},{\"@type\":\"Person\",\"@id\":\"https:\\\/\\\/www.treatwell.es/in-the-glow\\\/#\\\/schema\\\/person\\\/45be8f7781947e6c6d31f4b658271bf6\",\"name\":\"Beth Ryan\",\"image\":{\"@type\":\"ImageObject\",\"inLanguage\":\"es\",\"@id\":\"https:\\\/\\\/secure.gravatar.com\\\/avatar\\\/93502c3b0591e62d75cc697ff3b5b8f47fef521e9dd0d61feb5570ae6d459200?s=96&d=mm&r=g\",\"url\":\"https:\\\/\\\/secure.gravatar.com\\\/avatar\\\/93502c3b0591e62d75cc697ff3b5b8f47fef521e9dd0d61feb5570ae6d459200?s=96&d=mm&r=g\",\"contentUrl\":\"https:\\\/\\\/secure.gravatar.com\\\/avatar\\\/93502c3b0591e62d75cc697ff3b5b8f47fef521e9dd0d61feb5570ae6d459200?s=96&d=mm&r=g\",\"caption\":\"Beth Ryan\"},\"url\":\"https:\\\/\\\/www.treatwell.es/in-the-glow\\\/author\\\/bethanyryan\\\/\"}]}<\/script>\n<!-- \/ Yoast SEO plugin. -->","yoast_head_json":{"title":"Tratamientos faciales oto\u00f1o: cuida tu piel y luce radiante","description":"Descubre los mejores tratamientos faciales para oto\u00f1o: vitamina C, \u00e1cido hialur\u00f3nico, limpieza, hidrataci\u00f3n y m\u00e1s. Recupera luminosidad y reserva online f\u00e1cil.","robots":{"index":"index","follow":"follow","max-snippet":"max-snippet:-1","max-image-preview":"max-image-preview:large","max-video-preview":"max-video-preview:-1"},"canonical":"https:\/\/www.treatwell.es/in-the-glow\/como-defender-la-piel-contaminacion-y-temperatura\/","og_locale":"es_ES","og_type":"article","og_title":"Tratamientos faciales oto\u00f1o: cuida tu piel y luce radiante","og_description":"Descubre los mejores tratamientos faciales para oto\u00f1o: vitamina C, \u00e1cido hialur\u00f3nico, limpieza, hidrataci\u00f3n y m\u00e1s. Recupera luminosidad y reserva online f\u00e1cil.","og_url":"https:\/\/www.treatwell.es/in-the-glow\/como-defender-la-piel-contaminacion-y-temperatura\/","og_site_name":"In The Glow","article_published_time":"2020-11-04T09:57:02+00:00","article_modified_time":"2025-12-15T22:55:00+00:00","og_image":[{"width":483,"height":628,"url":"https:\/\/www.treatwell.es/in-the-glow\/wp-content\/uploads\/sites\/10\/2022\/03\/INTRO-2_BLOG-18.png","type":"image\/png"}],"author":"Beth Ryan","twitter_card":"summary_large_image","twitter_misc":{"Escrito por":"Beth Ryan","Tiempo de lectura":"1 minuto"},"schema":{"@context":"https:\/\/schema.org","@graph":[{"@type":"Article","@id":"https:\/\/www.treatwell.es/in-the-glow\/como-defender-la-piel-contaminacion-y-temperatura\/#article","isPartOf":{"@id":"https:\/\/www.treatwell.es/in-the-glow\/como-defender-la-piel-contaminacion-y-temperatura\/"},"author":{"name":"Beth Ryan","@id":"https:\/\/www.treatwell.es/in-the-glow\/#\/schema\/person\/45be8f7781947e6c6d31f4b658271bf6"},"headline":"C\u00f3mo defender la piel del rostro de la contaminaci\u00f3n y los cambios de temperatura","datePublished":"2020-11-04T09:57:02+00:00","dateModified":"2025-12-15T22:55:00+00:00","mainEntityOfPage":{"@id":"https:\/\/www.treatwell.es/in-the-glow\/como-defender-la-piel-contaminacion-y-temperatura\/"},"wordCount":297,"publisher":{"@id":"https:\/\/www.treatwell.es/in-the-glow\/#organization"},"image":{"@id":"https:\/\/www.treatwell.es/in-the-glow\/como-defender-la-piel-contaminacion-y-temperatura\/#primaryimage"},"thumbnailUrl":"https:\/\/www.treatwell.es/in-the-glow\/wp-content\/uploads\/sites\/10\/2022\/03\/INTRO-2_BLOG-18.png","keywords":["Acne Treatments","Face","Facials","Massage"],"articleSection":["Beauty"],"inLanguage":"es"},{"@type":"WebPage","@id":"https:\/\/www.treatwell.es/in-the-glow\/como-defender-la-piel-contaminacion-y-temperatura\/","url":"https:\/\/www.treatwell.es/in-the-glow\/como-defender-la-piel-contaminacion-y-temperatura\/","name":"Tratamientos faciales oto\u00f1o: cuida tu piel y luce radiante","isPartOf":{"@id":"https:\/\/www.treatwell.es/in-the-glow\/#website"},"primaryImageOfPage":{"@id":"https:\/\/www.treatwell.es/in-the-glow\/como-defender-la-piel-contaminacion-y-temperatura\/#primaryimage"},"image":{"@id":"https:\/\/www.treatwell.es/in-the-glow\/como-defender-la-piel-contaminacion-y-temperatura\/#primaryimage"},"thumbnailUrl":"https:\/\/www.treatwell.es/in-the-glow\/wp-content\/uploads\/sites\/10\/2022\/03\/INTRO-2_BLOG-18.png","datePublished":"2020-11-04T09:57:02+00:00","dateModified":"2025-12-15T22:55:00+00:00","description":"Descubre los mejores tratamientos faciales para oto\u00f1o: vitamina C, \u00e1cido hialur\u00f3nico, limpieza, hidrataci\u00f3n y m\u00e1s. Recupera luminosidad y reserva online f\u00e1cil.","breadcrumb":{"@id":"https:\/\/www.treatwell.es/in-the-glow\/como-defender-la-piel-contaminacion-y-temperatura\/#breadcrumb"},"inLanguage":"es","potentialAction":[{"@type":"ReadAction","target":["https:\/\/www.treatwell.es/in-the-glow\/como-defender-la-piel-contaminacion-y-temperatura\/"]}]},{"@type":"ImageObject","inLanguage":"es","@id":"https:\/\/www.treatwell.es/in-the-glow\/como-defender-la-piel-contaminacion-y-temperatura\/#primaryimage","url":"https:\/\/www.treatwell.es/in-the-glow\/wp-content\/uploads\/sites\/10\/2022\/03\/INTRO-2_BLOG-18.png","contentUrl":"https:\/\/www.treatwell.es/in-the-glow\/wp-content\/uploads\/sites\/10\/2022\/03\/INTRO-2_BLOG-18.png","width":483,"height":628},{"@type":"BreadcrumbList","@id":"https:\/\/www.treatwell.es/in-the-glow\/como-defender-la-piel-contaminacion-y-temperatura\/#breadcrumb","itemListElement":[{"@type":"ListItem","position":1,"name":"Home","item":"https:\/\/www.treatwell.es/in-the-glow\/"},{"@type":"ListItem","position":2,"name":"Beauty","item":"https:\/\/www.treatwell.es/in-the-glow\/beauty\/"},{"@type":"ListItem","position":3,"name":"C\u00f3mo defender la piel del rostro de la contaminaci\u00f3n y los cambios de temperatura"}]},{"@type":"WebSite","@id":"https:\/\/www.treatwell.es/in-the-glow\/#website","url":"https:\/\/www.treatwell.es/in-the-glow\/","name":"In The Glow","description":"Belleza. Pelo. Lifestyle.","publisher":{"@id":"https:\/\/www.treatwell.es/in-the-glow\/#organization"},"potentialAction":[{"@type":"SearchAction","target":{"@type":"EntryPoint","urlTemplate":"https:\/\/www.treatwell.es/in-the-glow\/?s={search_term_string}"},"query-input":{"@type":"PropertyValueSpecification","valueRequired":true,"valueName":"search_term_string"}}],"inLanguage":"es"},{"@type":"Organization","@id":"https:\/\/www.treatwell.es/in-the-glow\/#organization","name":"Treatwell","url":"https:\/\/www.treatwell.es/in-the-glow\/","logo":{"@type":"ImageObject","inLanguage":"es","@id":"https:\/\/www.treatwell.es/in-the-glow\/#\/schema\/logo\/image\/","url":"https:\/\/www.treatwell.es/in-the-glow\/wp-content\/uploads\/sites\/10\/2022\/03\/logo_treatwell.png","contentUrl":"https:\/\/www.treatwell.es/in-the-glow\/wp-content\/uploads\/sites\/10\/2022\/03\/logo_treatwell.png","width":889,"height":164,"caption":"Treatwell"},"image":{"@id":"https:\/\/www.treatwell.es/in-the-glow\/#\/schema\/logo\/image\/"}},{"@type":"Person","@id":"https:\/\/www.treatwell.es/in-the-glow\/#\/schema\/person\/45be8f7781947e6c6d31f4b658271bf6","name":"Beth Ryan","image":{"@type":"ImageObject","inLanguage":"es","@id":"https:\/\/secure.gravatar.com\/avatar\/93502c3b0591e62d75cc697ff3b5b8f47fef521e9dd0d61feb5570ae6d459200?s=96&d=mm&r=g","url":"https:\/\/secure.gravatar.com\/avatar\/93502c3b0591e62d75cc697ff3b5b8f47fef521e9dd0d61feb5570ae6d459200?s=96&d=mm&r=g","contentUrl":"https:\/\/secure.gravatar.com\/avatar\/93502c3b0591e62d75cc697ff3b5b8f47fef521e9dd0d61feb5570ae6d459200?s=96&d=mm&r=g","caption":"Beth Ryan"},"url":"https:\/\/www.treatwell.es/in-the-glow\/author\/bethanyryan\/"}]}},"featured_image_src":"https:\/\/www.treatwell.es/in-the-glow\/wp-content\/uploads\/sites\/10\/2022\/03\/INTRO-2_BLOG-18-483x400.png","featured_image_src_square":"https:\/\/www.treatwell.es/in-the-glow\/wp-content\/uploads\/sites\/10\/2022\/03\/INTRO-2_BLOG-18-483x600.png","author_info":{"display_name":"Beth Ryan","author_link":"https:\/\/www.treatwell.es/in-the-glow\/author\/bethanyryan\/"},"_links":{"self":[{"href":"https:\/\/www.treatwell.es\/in-the-glow\/wp-json\/wp\/v2\/posts\/30913","targetHints":{"allow":["GET"]}}],"collection":[{"href":"https:\/\/www.treatwell.es\/in-the-glow\/wp-json\/wp\/v2\/posts"}],"about":[{"href":"https:\/\/www.treatwell.es\/in-the-glow\/wp-json\/wp\/v2\/types\/post"}],"author":[{"embeddable":true,"href":"https:\/\/www.treatwell.es\/in-the-glow\/wp-json\/wp\/v2\/users\/3366"}],"replies":[{"embeddable":true,"href":"https:\/\/www.treatwell.es\/in-the-glow\/wp-json\/wp\/v2\/comments?post=30913"}],"version-history":[{"count":0,"href":"https:\/\/www.treatwell.es\/in-the-glow\/wp-json\/wp\/v2\/posts\/30913\/revisions"}],"wp:featuredmedia":[{"embeddable":true,"href":"https:\/\/www.treatwell.es\/in-the-glow\/wp-json\/wp\/v2\/media\/30919"}],"wp:attachment":[{"href":"https:\/\/www.treatwell.es\/in-the-glow\/wp-json\/wp\/v2\/media?parent=30913"}],"wp:term":[{"taxonomy":"category","embeddable":true,"href":"https:\/\/www.treatwell.es\/in-the-glow\/wp-json\/wp\/v2\/categories?post=30913"},{"taxonomy":"post_tag","embeddable":true,"href":"https:\/\/www.treatwell.es\/in-the-glow\/wp-json\/wp\/v2\/tags?post=30913"}],"curies":[{"name":"wp","href":"https:\/\/api.w.org\/{rel}","templated":true}]}}