{"id":31013,"date":"2021-07-14T17:09:28","date_gmt":"2021-07-14T15:09:28","guid":{"rendered":"https:\/\/www.treatwell.es\/in-the-glow\/?p=26647"},"modified":"2025-12-16T12:36:25","modified_gmt":"2025-12-16T11:36:25","slug":"manicura-francesa-invertida","status":"publish","type":"post","link":"https:\/\/www.treatwell.es/in-the-glow\/manicura-francesa-invertida\/","title":{"rendered":"La manicura francesa invertida es nuestro &#8220;crush&#8221; de este verano"},"content":{"rendered":"<p class=\"p1\"><span class=\"s1\">Ven\u00edamos advirtiendo que la manicura francesa de los 90 volv\u00eda con m\u00e1s fuerza que nunca y repleta de color. De ah\u00ed, que se imponga como la\u00a0&#8220;francesa moderna\u201d y que sus im\u00e1genes vayan a colapsar nuestro\u00a0<em>feed<\/em>\u00a0de Instagram hasta pr\u00f3ximo aviso.<\/span><\/p>\n<p class=\"p1\"><span class=\"s1\">Sin embargo, a partir de ahora (alerta,\u00a0<em>spoiler<\/em>) los posts que guardaremos como inspiraci\u00f3n, tendr\u00e1n como\u00a0<i>prota<\/i>\u00a0a su tendencia opuesta en el mundo del <i>Nail-Art<\/i>: la manicura francesa invertida. C<\/span><span class=\"s1\">omo lo oyes. In-ver-ti-da.<\/span><\/p>\n<p class=\"p1\"><span class=\"s1\">Yo tengo que ser sincera y confesar que me acabo de enamorar. Porque si algo me gusta en este mundo, es hacer las cosas al rev\u00e9s. Al contrario de lo esperado. A contracorriente, como dice la canci\u00f3n.\u00a0<i>Y ahora es cuando suena El Canto del Loco <\/i>y liberamos endorfinas, as\u00ed que dale al <em>play<\/em> para ir a la par y ven conmigo, que te cuento:<\/span><\/p>\n<p class=\"p1\"><span class=\"s1\">Tambi\u00e9n conocida como <i>cuff nails<\/i>, la manicura francesa invertida consiste -como su nombre indica- en darle la vuelta a la francesa original. Es decir, la curva (o sonrisa) se va a pintar en la zona de las cut\u00edculas, dejando libre la parte superior de la u\u00f1a.<br \/>\nPrueba t\u00fa mism@: elige una foto de la manicura francesa (moderna) que m\u00e1s te guste y g\u00edrala 180\u00ba. \u00bfVes? As\u00ed es como deber\u00eda quedar.<\/span><\/p>\n<p class=\"p1\"><span class=\"s1\">Tengas las <a href=\"https:\/\/www.treatwell.es\/in-the-glow\/6-formas-de-unas-diferentes-para-tu-proxima-manicura\/\"><span class=\"s2\">u\u00f1as largas, cortas, cuadradas o redondas<\/span><\/a>, esta manicura es para ti porque admite cualquier tipo de interpretaci\u00f3n. Elige una base sutil en nude o transparente y dale un toque inesperado a tus looks de verano.\u00a0<\/span><span class=\"s1\"><a href=\"https:\/\/www.treatwell.es\/in-the-glow\/unas-neon-manicura-verano\/\">Apuesta por colores ne\u00f3n<\/a>, pastel o animal print y -si te atreves- comb\u00ednalas con su precursora para obtener la \u2018double French\u2019 o doble francesa, otra de las tendencias ideales para el verano.<\/span><\/p>\n<p class=\"p1\"><span class=\"s1\">\u00bfNecesitas inspiraci\u00f3n? Echa un vistazo a nuestra selecci\u00f3n&#8230;<\/span><\/p>\n<p>-Por Miryam Amer<\/p>\n<div class=\"schema-faq wp-block-yoast-faq-block\">\n<div class=\"schema-faq-section\" id=\"faq-question-1765883974153\">\n<h3 class=\"schema-faq-question\">\u00bfQu\u00e9 es la manicura francesa invertida?<\/h3>\n<p class=\"schema-faq-answer\">La manicura francesa invertida es una t\u00e9cnica en la que la curva caracter\u00edstica se pinta en la zona de las cut\u00edculas, dejando libre la parte superior de la u\u00f1a. Tambi\u00e9n conocida como cuff nails, esta opci\u00f3n ofrece una variante creativa respecto a la francesa cl\u00e1sica.<\/div>\n<div class=\"schema-faq-section\" id=\"faq-question-1765883974154\">\n<h3 class=\"schema-faq-question\">\u00bfC\u00f3mo se diferencia la francesa invertida de la manicura francesa tradicional?<\/h3>\n<p class=\"schema-faq-answer\">En la francesa invertida, la sonrisa decorativa se coloca junto a las cut\u00edculas, no en la punta de la u\u00f1a como en la francesa cl\u00e1sica. El resultado es un efecto visual inesperado y moderno que reinventa el dise\u00f1o tradicional.<\/div>\n<div class=\"schema-faq-section\" id=\"faq-question-1765883974155\">\n<h3 class=\"schema-faq-question\">\u00bfSe puede realizar la francesa invertida en cualquier tipo de u\u00f1a?<\/h3>\n<p class=\"schema-faq-answer\">S\u00ed, la manicura francesa invertida admite cualquier tipo de u\u00f1a: largas, cortas, cuadradas o redondas. Esta versatilidad te permite adaptar la tendencia a tus gustos y necesidades espec\u00edficas.<\/div>\n<div class=\"schema-faq-section\" id=\"faq-question-1765883974156\">\n<h3 class=\"schema-faq-question\">\u00bfQu\u00e9 colores quedan bien con la francesa invertida?<\/h3>\n<p class=\"schema-faq-answer\">Puedes elegir una base nude o transparente y combinarla con tonos ne\u00f3n, pastel o animal print. La variedad de colores ayuda a personalizar el dise\u00f1o y lograr looks originales para el verano.<\/div>\n<div class=\"schema-faq-section\" id=\"faq-question-1765883974157\">\n<h3 class=\"schema-faq-question\">\u00bfQu\u00e9 es la manicura double French?<\/h3>\n<p class=\"schema-faq-answer\">La double French combina la francesa moderna con la francesa invertida en la misma u\u00f1a. Esta tendencia es ideal si buscas un efecto llamativo y quieres experimentar con ambos estilos a la vez.<\/div>\n<\/p><\/div>\n","protected":false},"excerpt":{"rendered":"<p>Ven\u00edamos advirtiendo que la manicura francesa de los 90 volv\u00eda con m\u00e1s fuerza que nunca y repleta de color. De ah\u00ed, que se imponga como la\u00a0&#8220;francesa moderna\u201d y que sus im\u00e1genes vayan a colapsar nuestro\u00a0feed\u00a0de Instagram hasta pr\u00f3ximo aviso. Sin embargo, a partir de ahora (alerta,\u00a0spoiler) los posts que guardaremos como inspiraci\u00f3n, tendr\u00e1n como\u00a0prota\u00a0a su [&hellip;]<\/p>\n","protected":false},"author":3366,"featured_media":31042,"comment_status":"closed","ping_status":"closed","sticky":false,"template":"","format":"standard","meta":{"_acf_changed":false,"_yoast_wpseo_title":"Manicura francesa invertida: tendencia y consejos | Treatwell","_yoast_wpseo_metadesc":"Descubre la manicura francesa invertida, la nueva tendencia en Nail-Art que revoluciona tus u\u00f1as. Ideas, inspiraci\u00f3n y consejos para tu pr\u00f3ximo look atrevido.","_genesis_hide_title":false,"_genesis_hide_breadcrumbs":false,"_genesis_hide_singular_image":false,"_genesis_hide_footer_widgets":false,"_genesis_custom_body_class":"","_genesis_custom_post_class":"","_genesis_layout":"","saswp_custom_schema_field":"{\"@context\":\"https:\/\/schema.org\",\"@type\":\"FAQPage\",\"mainEntity\":[{\"@type\":\"Question\",\"name\":\"\u00bfQu\u00e9 es la manicura francesa invertida?\",\"acceptedAnswer\":{\"@type\":\"Answer\",\"text\":\"La manicura francesa invertida es una t\u00e9cnica en la que la curva caracter\u00edstica se pinta en la zona de las cut\u00edculas, dejando libre la parte superior de la u\u00f1a. Tambi\u00e9n conocida como cuff nails, esta opci\u00f3n ofrece una variante creativa respecto a la francesa cl\u00e1sica.\"}},{\"@type\":\"Question\",\"name\":\"\u00bfC\u00f3mo se diferencia la francesa invertida de la manicura francesa tradicional?\",\"acceptedAnswer\":{\"@type\":\"Answer\",\"text\":\"En la francesa invertida, la sonrisa decorativa se coloca junto a las cut\u00edculas, no en la punta de la u\u00f1a como en la francesa cl\u00e1sica. El resultado es un efecto visual inesperado y moderno que reinventa el dise\u00f1o tradicional.\"}},{\"@type\":\"Question\",\"name\":\"\u00bfSe puede realizar la francesa invertida en cualquier tipo de u\u00f1a?\",\"acceptedAnswer\":{\"@type\":\"Answer\",\"text\":\"S\u00ed, la manicura francesa invertida admite cualquier tipo de u\u00f1a: largas, cortas, cuadradas o redondas. Esta versatilidad te permite adaptar la tendencia a tus gustos y necesidades espec\u00edficas.\"}},{\"@type\":\"Question\",\"name\":\"\u00bfQu\u00e9 colores quedan bien con la francesa invertida?\",\"acceptedAnswer\":{\"@type\":\"Answer\",\"text\":\"Puedes elegir una base nude o transparente y combinarla con tonos ne\u00f3n, pastel o animal print. La variedad de colores ayuda a personalizar el dise\u00f1o y lograr looks originales para el verano.\"}},{\"@type\":\"Question\",\"name\":\"\u00bfQu\u00e9 es la manicura double French?\",\"acceptedAnswer\":{\"@type\":\"Answer\",\"text\":\"La double French combina la francesa moderna con la francesa invertida en la misma u\u00f1a. Esta tendencia es ideal si buscas un efecto llamativo y quieres experimentar con ambos estilos a la vez.\"}}]}","footnotes":""},"categories":[2],"tags":[12,17,7],"class_list":{"0":"post-31013","1":"post","2":"type-post","3":"status-publish","4":"format-standard","5":"has-post-thumbnail","7":"category-tendencias","8":"tag-tr81","9":"tag-tr578","10":"tag-tt36","11":"entry"},"acf":{"post_credits":"Cr\u00e9ditos de las im\u00e1genes: Shutterstock, Instagram: @the.beautyboudoir, @nailsbykly, @nailsby.rio, @mel_vivalasnails, @jazzynailsx, @gelsbybry, @charsgelnails, @betina_goldstein, @beautyspace_charlotte, @amberjhnails","beauty_blog_post_button_title":"Reserva tu mani","beauty_blog_post_button":"https:\/\/www.treatwell.es\/establecimientos\/servicios-grupo-unas\/oferta-tipo-local\/en-madrid-es\/","landscape_picture":31041,"blocks":[{"block_title":"","block_content":"","video_content":"","block_picture":31014},{"block_title":"","block_content":"","video_content":"","block_picture":31015},{"block_title":"","block_content":"","video_content":"","block_picture":31016},{"block_title":"","block_content":"","video_content":"","block_picture":31017},{"block_title":"","block_content":"","video_content":"","block_picture":31018},{"block_title":"","block_content":"","video_content":"","block_picture":31019},{"block_title":"","block_content":"","video_content":"","block_picture":31020},{"block_title":"","block_content":"","video_content":"","block_picture":31021},{"block_title":"","block_content":"","video_content":"","block_picture":31022},{"block_title":"","block_content":"","video_content":"","block_picture":31023},{"block_title":"","block_content":"","video_content":"","block_picture":31024},{"block_title":"","block_content":"","video_content":"","block_picture":31025},{"block_title":"","block_content":"","video_content":"","block_picture":31026},{"block_title":"","block_content":"","video_content":"","block_picture":31027},{"block_title":"","block_content":"","video_content":"","block_picture":31028},{"block_title":"","block_content":"","video_content":"","block_picture":31029},{"block_title":"","block_content":"","video_content":"","block_picture":31030},{"block_title":"","block_content":"","video_content":"","block_picture":31031},{"block_title":"","block_content":"","video_content":"","block_picture":31032},{"block_title":"","block_content":"","video_content":"","block_picture":31033},{"block_title":"","block_content":"","video_content":"","block_picture":31034},{"block_title":"","block_content":"","video_content":"","block_picture":31035},{"block_title":"","block_content":"","video_content":"","block_picture":31036},{"block_title":"","block_content":"","video_content":"","block_picture":31037},{"block_title":"","block_content":"","video_content":"","block_picture":31038},{"block_title":"","block_content":"","video_content":"","block_picture":31039},{"block_title":"","block_content":"","video_content":"","block_picture":31040}]},"yoast_head":"<!-- This site is optimized with the Yoast SEO plugin v27.4 - https:\/\/yoast.com\/product\/yoast-seo-wordpress\/ -->\n<title>Manicura francesa invertida: tendencia y consejos | Treatwell<\/title>\n<meta name=\"description\" content=\"Descubre la manicura francesa invertida, la nueva tendencia en Nail-Art que revoluciona tus u\u00f1as. Ideas, inspiraci\u00f3n y consejos para tu pr\u00f3ximo look atrevido.\" \/>\n<meta name=\"robots\" content=\"index, follow, max-snippet:-1, max-image-preview:large, max-video-preview:-1\" \/>\n<link rel=\"canonical\" href=\"https:\/\/www.treatwell.es/in-the-glow\/manicura-francesa-invertida\/\" \/>\n<meta property=\"og:locale\" content=\"es_ES\" \/>\n<meta property=\"og:type\" content=\"article\" \/>\n<meta property=\"og:title\" content=\"Manicura francesa invertida: tendencia y consejos | Treatwell\" \/>\n<meta property=\"og:description\" content=\"Descubre la manicura francesa invertida, la nueva tendencia en Nail-Art que revoluciona tus u\u00f1as. Ideas, inspiraci\u00f3n y consejos para tu pr\u00f3ximo look atrevido.\" \/>\n<meta property=\"og:url\" content=\"https:\/\/www.treatwell.es/in-the-glow\/manicura-francesa-invertida\/\" \/>\n<meta property=\"og:site_name\" content=\"In The Glow\" \/>\n<meta property=\"article:published_time\" content=\"2021-07-14T15:09:28+00:00\" \/>\n<meta property=\"article:modified_time\" content=\"2025-12-16T11:36:25+00:00\" \/>\n<meta property=\"og:image\" content=\"https:\/\/www.treatwell.es/in-the-glow\/wp-content\/uploads\/sites\/10\/2022\/03\/Heromani.jpg\" \/>\n\t<meta property=\"og:image:width\" content=\"500\" \/>\n\t<meta property=\"og:image:height\" content=\"600\" \/>\n\t<meta property=\"og:image:type\" content=\"image\/jpeg\" \/>\n<meta name=\"author\" content=\"Beth Ryan\" \/>\n<meta name=\"twitter:card\" content=\"summary_large_image\" \/>\n<meta name=\"twitter:label1\" content=\"Escrito por\" \/>\n\t<meta name=\"twitter:data1\" content=\"Beth Ryan\" \/>\n\t<meta name=\"twitter:label2\" content=\"Tiempo de lectura\" \/>\n\t<meta name=\"twitter:data2\" content=\"3 minutos\" \/>\n<script type=\"application\/ld+json\" class=\"yoast-schema-graph\">{\"@context\":\"https:\\\/\\\/schema.org\",\"@graph\":[{\"@type\":\"Article\",\"@id\":\"https:\\\/\\\/www.treatwell.es/in-the-glow\\\/manicura-francesa-invertida\\\/#article\",\"isPartOf\":{\"@id\":\"https:\\\/\\\/www.treatwell.es/in-the-glow\\\/manicura-francesa-invertida\\\/\"},\"author\":{\"name\":\"Beth Ryan\",\"@id\":\"https:\\\/\\\/www.treatwell.es/in-the-glow\\\/#\\\/schema\\\/person\\\/45be8f7781947e6c6d31f4b658271bf6\"},\"headline\":\"La manicura francesa invertida es nuestro &#8220;crush&#8221; de este verano\",\"datePublished\":\"2021-07-14T15:09:28+00:00\",\"dateModified\":\"2025-12-16T11:36:25+00:00\",\"mainEntityOfPage\":{\"@id\":\"https:\\\/\\\/www.treatwell.es/in-the-glow\\\/manicura-francesa-invertida\\\/\"},\"wordCount\":558,\"publisher\":{\"@id\":\"https:\\\/\\\/www.treatwell.es/in-the-glow\\\/#organization\"},\"image\":{\"@id\":\"https:\\\/\\\/www.treatwell.es/in-the-glow\\\/manicura-francesa-invertida\\\/#primaryimage\"},\"thumbnailUrl\":\"https:\\\/\\\/www.treatwell.es/in-the-glow\\\/wp-content\\\/uploads\\\/sites\\\/10\\\/2022\\\/03\\\/Heromani.jpg\",\"keywords\":[\"Manicure\",\"Nail Art\",\"Nails\"],\"articleSection\":[\"Tendencias\"],\"inLanguage\":\"es\"},{\"@type\":\"WebPage\",\"@id\":\"https:\\\/\\\/www.treatwell.es/in-the-glow\\\/manicura-francesa-invertida\\\/\",\"url\":\"https:\\\/\\\/www.treatwell.es/in-the-glow\\\/manicura-francesa-invertida\\\/\",\"name\":\"Manicura francesa invertida: tendencia y consejos | Treatwell\",\"isPartOf\":{\"@id\":\"https:\\\/\\\/www.treatwell.es/in-the-glow\\\/#website\"},\"primaryImageOfPage\":{\"@id\":\"https:\\\/\\\/www.treatwell.es/in-the-glow\\\/manicura-francesa-invertida\\\/#primaryimage\"},\"image\":{\"@id\":\"https:\\\/\\\/www.treatwell.es/in-the-glow\\\/manicura-francesa-invertida\\\/#primaryimage\"},\"thumbnailUrl\":\"https:\\\/\\\/www.treatwell.es/in-the-glow\\\/wp-content\\\/uploads\\\/sites\\\/10\\\/2022\\\/03\\\/Heromani.jpg\",\"datePublished\":\"2021-07-14T15:09:28+00:00\",\"dateModified\":\"2025-12-16T11:36:25+00:00\",\"description\":\"Descubre la manicura francesa invertida, la nueva tendencia en Nail-Art que revoluciona tus u\u00f1as. Ideas, inspiraci\u00f3n y consejos para tu pr\u00f3ximo look atrevido.\",\"breadcrumb\":{\"@id\":\"https:\\\/\\\/www.treatwell.es/in-the-glow\\\/manicura-francesa-invertida\\\/#breadcrumb\"},\"inLanguage\":\"es\",\"potentialAction\":[{\"@type\":\"ReadAction\",\"target\":[\"https:\\\/\\\/www.treatwell.es/in-the-glow\\\/manicura-francesa-invertida\\\/\"]}]},{\"@type\":\"ImageObject\",\"inLanguage\":\"es\",\"@id\":\"https:\\\/\\\/www.treatwell.es/in-the-glow\\\/manicura-francesa-invertida\\\/#primaryimage\",\"url\":\"https:\\\/\\\/www.treatwell.es/in-the-glow\\\/wp-content\\\/uploads\\\/sites\\\/10\\\/2022\\\/03\\\/Heromani.jpg\",\"contentUrl\":\"https:\\\/\\\/www.treatwell.es/in-the-glow\\\/wp-content\\\/uploads\\\/sites\\\/10\\\/2022\\\/03\\\/Heromani.jpg\",\"width\":500,\"height\":600},{\"@type\":\"BreadcrumbList\",\"@id\":\"https:\\\/\\\/www.treatwell.es/in-the-glow\\\/manicura-francesa-invertida\\\/#breadcrumb\",\"itemListElement\":[{\"@type\":\"ListItem\",\"position\":1,\"name\":\"Home\",\"item\":\"https:\\\/\\\/www.treatwell.es/in-the-glow\\\/\"},{\"@type\":\"ListItem\",\"position\":2,\"name\":\"Tendencias\",\"item\":\"https:\\\/\\\/www.treatwell.es/in-the-glow\\\/tendencias\\\/\"},{\"@type\":\"ListItem\",\"position\":3,\"name\":\"La manicura francesa invertida es nuestro &#8220;crush&#8221; de este verano\"}]},{\"@type\":\"WebSite\",\"@id\":\"https:\\\/\\\/www.treatwell.es/in-the-glow\\\/#website\",\"url\":\"https:\\\/\\\/www.treatwell.es/in-the-glow\\\/\",\"name\":\"In The Glow\",\"description\":\"Belleza. Pelo. Lifestyle.\",\"publisher\":{\"@id\":\"https:\\\/\\\/www.treatwell.es/in-the-glow\\\/#organization\"},\"potentialAction\":[{\"@type\":\"SearchAction\",\"target\":{\"@type\":\"EntryPoint\",\"urlTemplate\":\"https:\\\/\\\/www.treatwell.es/in-the-glow\\\/?s={search_term_string}\"},\"query-input\":{\"@type\":\"PropertyValueSpecification\",\"valueRequired\":true,\"valueName\":\"search_term_string\"}}],\"inLanguage\":\"es\"},{\"@type\":\"Organization\",\"@id\":\"https:\\\/\\\/www.treatwell.es/in-the-glow\\\/#organization\",\"name\":\"Treatwell\",\"url\":\"https:\\\/\\\/www.treatwell.es/in-the-glow\\\/\",\"logo\":{\"@type\":\"ImageObject\",\"inLanguage\":\"es\",\"@id\":\"https:\\\/\\\/www.treatwell.es/in-the-glow\\\/#\\\/schema\\\/logo\\\/image\\\/\",\"url\":\"https:\\\/\\\/www.treatwell.es/in-the-glow\\\/wp-content\\\/uploads\\\/sites\\\/10\\\/2022\\\/03\\\/logo_treatwell.png\",\"contentUrl\":\"https:\\\/\\\/www.treatwell.es/in-the-glow\\\/wp-content\\\/uploads\\\/sites\\\/10\\\/2022\\\/03\\\/logo_treatwell.png\",\"width\":889,\"height\":164,\"caption\":\"Treatwell\"},\"image\":{\"@id\":\"https:\\\/\\\/www.treatwell.es/in-the-glow\\\/#\\\/schema\\\/logo\\\/image\\\/\"}},{\"@type\":\"Person\",\"@id\":\"https:\\\/\\\/www.treatwell.es/in-the-glow\\\/#\\\/schema\\\/person\\\/45be8f7781947e6c6d31f4b658271bf6\",\"name\":\"Beth Ryan\",\"image\":{\"@type\":\"ImageObject\",\"inLanguage\":\"es\",\"@id\":\"https:\\\/\\\/secure.gravatar.com\\\/avatar\\\/93502c3b0591e62d75cc697ff3b5b8f47fef521e9dd0d61feb5570ae6d459200?s=96&d=mm&r=g\",\"url\":\"https:\\\/\\\/secure.gravatar.com\\\/avatar\\\/93502c3b0591e62d75cc697ff3b5b8f47fef521e9dd0d61feb5570ae6d459200?s=96&d=mm&r=g\",\"contentUrl\":\"https:\\\/\\\/secure.gravatar.com\\\/avatar\\\/93502c3b0591e62d75cc697ff3b5b8f47fef521e9dd0d61feb5570ae6d459200?s=96&d=mm&r=g\",\"caption\":\"Beth Ryan\"},\"url\":\"https:\\\/\\\/www.treatwell.es/in-the-glow\\\/author\\\/bethanyryan\\\/\"}]}<\/script>\n<!-- \/ Yoast SEO plugin. -->","yoast_head_json":{"title":"Manicura francesa invertida: tendencia y consejos | Treatwell","description":"Descubre la manicura francesa invertida, la nueva tendencia en Nail-Art que revoluciona tus u\u00f1as. Ideas, inspiraci\u00f3n y consejos para tu pr\u00f3ximo look atrevido.","robots":{"index":"index","follow":"follow","max-snippet":"max-snippet:-1","max-image-preview":"max-image-preview:large","max-video-preview":"max-video-preview:-1"},"canonical":"https:\/\/www.treatwell.es/in-the-glow\/manicura-francesa-invertida\/","og_locale":"es_ES","og_type":"article","og_title":"Manicura francesa invertida: tendencia y consejos | Treatwell","og_description":"Descubre la manicura francesa invertida, la nueva tendencia en Nail-Art que revoluciona tus u\u00f1as. Ideas, inspiraci\u00f3n y consejos para tu pr\u00f3ximo look atrevido.","og_url":"https:\/\/www.treatwell.es/in-the-glow\/manicura-francesa-invertida\/","og_site_name":"In The Glow","article_published_time":"2021-07-14T15:09:28+00:00","article_modified_time":"2025-12-16T11:36:25+00:00","og_image":[{"width":500,"height":600,"url":"https:\/\/www.treatwell.es/in-the-glow\/wp-content\/uploads\/sites\/10\/2022\/03\/Heromani.jpg","type":"image\/jpeg"}],"author":"Beth Ryan","twitter_card":"summary_large_image","twitter_misc":{"Escrito por":"Beth Ryan","Tiempo de lectura":"3 minutos"},"schema":{"@context":"https:\/\/schema.org","@graph":[{"@type":"Article","@id":"https:\/\/www.treatwell.es/in-the-glow\/manicura-francesa-invertida\/#article","isPartOf":{"@id":"https:\/\/www.treatwell.es/in-the-glow\/manicura-francesa-invertida\/"},"author":{"name":"Beth Ryan","@id":"https:\/\/www.treatwell.es/in-the-glow\/#\/schema\/person\/45be8f7781947e6c6d31f4b658271bf6"},"headline":"La manicura francesa invertida es nuestro &#8220;crush&#8221; de este verano","datePublished":"2021-07-14T15:09:28+00:00","dateModified":"2025-12-16T11:36:25+00:00","mainEntityOfPage":{"@id":"https:\/\/www.treatwell.es/in-the-glow\/manicura-francesa-invertida\/"},"wordCount":558,"publisher":{"@id":"https:\/\/www.treatwell.es/in-the-glow\/#organization"},"image":{"@id":"https:\/\/www.treatwell.es/in-the-glow\/manicura-francesa-invertida\/#primaryimage"},"thumbnailUrl":"https:\/\/www.treatwell.es/in-the-glow\/wp-content\/uploads\/sites\/10\/2022\/03\/Heromani.jpg","keywords":["Manicure","Nail Art","Nails"],"articleSection":["Tendencias"],"inLanguage":"es"},{"@type":"WebPage","@id":"https:\/\/www.treatwell.es/in-the-glow\/manicura-francesa-invertida\/","url":"https:\/\/www.treatwell.es/in-the-glow\/manicura-francesa-invertida\/","name":"Manicura francesa invertida: tendencia y consejos | Treatwell","isPartOf":{"@id":"https:\/\/www.treatwell.es/in-the-glow\/#website"},"primaryImageOfPage":{"@id":"https:\/\/www.treatwell.es/in-the-glow\/manicura-francesa-invertida\/#primaryimage"},"image":{"@id":"https:\/\/www.treatwell.es/in-the-glow\/manicura-francesa-invertida\/#primaryimage"},"thumbnailUrl":"https:\/\/www.treatwell.es/in-the-glow\/wp-content\/uploads\/sites\/10\/2022\/03\/Heromani.jpg","datePublished":"2021-07-14T15:09:28+00:00","dateModified":"2025-12-16T11:36:25+00:00","description":"Descubre la manicura francesa invertida, la nueva tendencia en Nail-Art que revoluciona tus u\u00f1as. Ideas, inspiraci\u00f3n y consejos para tu pr\u00f3ximo look atrevido.","breadcrumb":{"@id":"https:\/\/www.treatwell.es/in-the-glow\/manicura-francesa-invertida\/#breadcrumb"},"inLanguage":"es","potentialAction":[{"@type":"ReadAction","target":["https:\/\/www.treatwell.es/in-the-glow\/manicura-francesa-invertida\/"]}]},{"@type":"ImageObject","inLanguage":"es","@id":"https:\/\/www.treatwell.es/in-the-glow\/manicura-francesa-invertida\/#primaryimage","url":"https:\/\/www.treatwell.es/in-the-glow\/wp-content\/uploads\/sites\/10\/2022\/03\/Heromani.jpg","contentUrl":"https:\/\/www.treatwell.es/in-the-glow\/wp-content\/uploads\/sites\/10\/2022\/03\/Heromani.jpg","width":500,"height":600},{"@type":"BreadcrumbList","@id":"https:\/\/www.treatwell.es/in-the-glow\/manicura-francesa-invertida\/#breadcrumb","itemListElement":[{"@type":"ListItem","position":1,"name":"Home","item":"https:\/\/www.treatwell.es/in-the-glow\/"},{"@type":"ListItem","position":2,"name":"Tendencias","item":"https:\/\/www.treatwell.es/in-the-glow\/tendencias\/"},{"@type":"ListItem","position":3,"name":"La manicura francesa invertida es nuestro &#8220;crush&#8221; de este verano"}]},{"@type":"WebSite","@id":"https:\/\/www.treatwell.es/in-the-glow\/#website","url":"https:\/\/www.treatwell.es/in-the-glow\/","name":"In The Glow","description":"Belleza. Pelo. Lifestyle.","publisher":{"@id":"https:\/\/www.treatwell.es/in-the-glow\/#organization"},"potentialAction":[{"@type":"SearchAction","target":{"@type":"EntryPoint","urlTemplate":"https:\/\/www.treatwell.es/in-the-glow\/?s={search_term_string}"},"query-input":{"@type":"PropertyValueSpecification","valueRequired":true,"valueName":"search_term_string"}}],"inLanguage":"es"},{"@type":"Organization","@id":"https:\/\/www.treatwell.es/in-the-glow\/#organization","name":"Treatwell","url":"https:\/\/www.treatwell.es/in-the-glow\/","logo":{"@type":"ImageObject","inLanguage":"es","@id":"https:\/\/www.treatwell.es/in-the-glow\/#\/schema\/logo\/image\/","url":"https:\/\/www.treatwell.es/in-the-glow\/wp-content\/uploads\/sites\/10\/2022\/03\/logo_treatwell.png","contentUrl":"https:\/\/www.treatwell.es/in-the-glow\/wp-content\/uploads\/sites\/10\/2022\/03\/logo_treatwell.png","width":889,"height":164,"caption":"Treatwell"},"image":{"@id":"https:\/\/www.treatwell.es/in-the-glow\/#\/schema\/logo\/image\/"}},{"@type":"Person","@id":"https:\/\/www.treatwell.es/in-the-glow\/#\/schema\/person\/45be8f7781947e6c6d31f4b658271bf6","name":"Beth Ryan","image":{"@type":"ImageObject","inLanguage":"es","@id":"https:\/\/secure.gravatar.com\/avatar\/93502c3b0591e62d75cc697ff3b5b8f47fef521e9dd0d61feb5570ae6d459200?s=96&d=mm&r=g","url":"https:\/\/secure.gravatar.com\/avatar\/93502c3b0591e62d75cc697ff3b5b8f47fef521e9dd0d61feb5570ae6d459200?s=96&d=mm&r=g","contentUrl":"https:\/\/secure.gravatar.com\/avatar\/93502c3b0591e62d75cc697ff3b5b8f47fef521e9dd0d61feb5570ae6d459200?s=96&d=mm&r=g","caption":"Beth Ryan"},"url":"https:\/\/www.treatwell.es/in-the-glow\/author\/bethanyryan\/"}]}},"featured_image_src":"https:\/\/www.treatwell.es/in-the-glow\/wp-content\/uploads\/sites\/10\/2022\/03\/Heromani-500x400.jpg","featured_image_src_square":"https:\/\/www.treatwell.es/in-the-glow\/wp-content\/uploads\/sites\/10\/2022\/03\/Heromani.jpg","author_info":{"display_name":"Beth Ryan","author_link":"https:\/\/www.treatwell.es/in-the-glow\/author\/bethanyryan\/"},"_links":{"self":[{"href":"https:\/\/www.treatwell.es\/in-the-glow\/wp-json\/wp\/v2\/posts\/31013","targetHints":{"allow":["GET"]}}],"collection":[{"href":"https:\/\/www.treatwell.es\/in-the-glow\/wp-json\/wp\/v2\/posts"}],"about":[{"href":"https:\/\/www.treatwell.es\/in-the-glow\/wp-json\/wp\/v2\/types\/post"}],"author":[{"embeddable":true,"href":"https:\/\/www.treatwell.es\/in-the-glow\/wp-json\/wp\/v2\/users\/3366"}],"replies":[{"embeddable":true,"href":"https:\/\/www.treatwell.es\/in-the-glow\/wp-json\/wp\/v2\/comments?post=31013"}],"version-history":[{"count":0,"href":"https:\/\/www.treatwell.es\/in-the-glow\/wp-json\/wp\/v2\/posts\/31013\/revisions"}],"wp:featuredmedia":[{"embeddable":true,"href":"https:\/\/www.treatwell.es\/in-the-glow\/wp-json\/wp\/v2\/media\/31042"}],"wp:attachment":[{"href":"https:\/\/www.treatwell.es\/in-the-glow\/wp-json\/wp\/v2\/media?parent=31013"}],"wp:term":[{"taxonomy":"category","embeddable":true,"href":"https:\/\/www.treatwell.es\/in-the-glow\/wp-json\/wp\/v2\/categories?post=31013"},{"taxonomy":"post_tag","embeddable":true,"href":"https:\/\/www.treatwell.es\/in-the-glow\/wp-json\/wp\/v2\/tags?post=31013"}],"curies":[{"name":"wp","href":"https:\/\/api.w.org\/{rel}","templated":true}]}}