{"id":31137,"date":"2021-07-28T13:04:38","date_gmt":"2021-07-28T11:04:38","guid":{"rendered":"https:\/\/www.treatwell.es\/in-the-glow\/?p=27050"},"modified":"2025-12-16T12:36:18","modified_gmt":"2025-12-16T11:36:18","slug":"unas-color-pastel-manicura-del-verano","status":"publish","type":"post","link":"https:\/\/www.treatwell.es/in-the-glow\/unas-color-pastel-manicura-del-verano\/","title":{"rendered":"U\u00f1as color pastel, la manicura m\u00e1s dulce del verano"},"content":{"rendered":"<p class=\"_04xlpA direction-ltr align-center para-style-body\"><span class=\"JsGRdQ\">Las u\u00f1as color pastel siguen siendo las &#8216;rompepistas&#8217; de la temporada primavera-verano. Hubo una \u00e9poca en la que los colores pastel estuvieron infravalorados. Quedaron exclusivamente reservados a los reci\u00e9n nacidos y, por tanto, siempre se consideraron tonos demasiado cursis para la gente adulta (a excepci\u00f3n del rosa Mean Girl, por supuesto).<\/span><\/p>\n<p class=\"_04xlpA direction-ltr align-center para-style-body\"><span class=\"JsGRdQ\">Sin embargo, desde que los colores pastel se rescataron como tendencia estrictamente necesaria para el verano, se convirtieron en toda una declaraci\u00f3n de intenciones (que habla por s\u00ed misma) a trav\u00e9s de nuestras manos. Y como dicen que podemos conocer la personalidad de alguien a trav\u00e9s de su manicura, esta es la inspiraci\u00f3n que necesitas para sacar tu lado m\u00e1s <\/span><em><span class=\"JsGRdQ\">cute<\/span><\/em><span class=\"JsGRdQ\">.<\/span><\/p>\n<p class=\"_04xlpA direction-ltr align-center para-style-body\"><span class=\"JsGRdQ\">U\u00f1as geom\u00e9tricas en color mint, con dise\u00f1os florales en tonos malva o mandarina y la guinda del pastel (nunca mejor dicho): <a href=\"https:\/\/www.treatwell.es\/in-the-glow\/manicura-francesa-invertida\/\">la manicura francesa invertida<\/a> con tips en lima o <em>azul baby<\/em>. \u00bfQuieres llevar la tendencia a su m\u00e1ximo nivel? Combina, cuantos m\u00e1s colores en una misma manicura, mejor. Total, <em>a nadie le amarga un dulce<\/em>, \u00bfverdad?<\/span><\/p>\n<p class=\"_04xlpA direction-ltr align-center para-style-body\"><span class=\"JsGRdQ\">Es m\u00e1s, quiero que pienses, por un momento, en el helado que marc\u00f3 tus tardes de verano durante los a\u00f1os 90. \u00bfFue el <em>Frigopie<\/em>? \u00bfQu\u00e9 tal el <em>Mikol\u00e1piz<\/em>? Quiz\u00e1 eras m\u00e1s de <em>Mini Milk<\/em>, no lo s\u00e9. Sea como fuere y por si necesitas inspiraci\u00f3n, qu\u00e9date con el primero que te vino a la mente y ya tendr\u00edas el color de tu pr\u00f3xima manicura.<\/span><\/p>\n<p class=\"_04xlpA direction-ltr align-center para-style-body\"><span class=\"JsGRdQ\">*Sobra decir que aceptamos el <em>Calippo<\/em> (como helado de compa\u00f1\u00eda) y que si eras de los que ped\u00eda 50 pesetas cada dos horas para un &#8216;heladito&#8217;, te toca mezclarlos todos para lucir unas u\u00f1as co-mes-ti-bles, que no mordisqueables, ya me entiendes&#8230;<\/span><\/p>\n<p>-Por Miryam Amer<\/p>\n<div class=\"schema-faq wp-block-yoast-faq-block\">\n<div class=\"schema-faq-section\" id=\"faq-question-1765884075949\">\n<h3 class=\"schema-faq-question\">\u00bfCu\u00e1les son los tonos pastel m\u00e1s usados en manicura esta temporada?<\/h3>\n<p class=\"schema-faq-answer\">Los tonos pastel m\u00e1s usados son mint, malva, mandarina, lima y azul baby. Estos colores aportan un toque fresco y son ideales para resaltar tu estilo en primavera y verano.<\/div>\n<div class=\"schema-faq-section\" id=\"faq-question-1765884075950\">\n<h3 class=\"schema-faq-question\">\u00bfC\u00f3mo lograr una manicura francesa invertida con colores pastel?<\/h3>\n<p class=\"schema-faq-answer\">Para conseguir una manicura francesa invertida en tonos pastel, selecciona colores como lima o azul baby para los tips. Esta t\u00e9cnica crea un efecto original y actual, perfecto para conseguir un look \u00fanico sin perder elegancia.<\/div>\n<div class=\"schema-faq-section\" id=\"faq-question-1765884075951\">\n<h3 class=\"schema-faq-question\">\u00bfPuedo combinar varios colores pastel en una misma manicura?<\/h3>\n<p class=\"schema-faq-answer\">Combina cu\u00e1ntos colores pastel quieras en una sola manicura para un efecto a\u00fan m\u00e1s llamativo. Cuantos m\u00e1s tonos, mejor; la mezcla de colores pastel sigue siendo una tendencia fuerte y divertida.<\/div>\n<div class=\"schema-faq-section\" id=\"faq-question-1765884075952\">\n<h3 class=\"schema-faq-question\">\u00bfQu\u00e9 inspiraci\u00f3n usar para elegir el color pastel de mis u\u00f1as?<\/h3>\n<p class=\"schema-faq-answer\">Piensa en el helado que marc\u00f3 tus veranos de los a\u00f1os 90, como Frigopie, Mikol\u00e1piz o Mini Milk. Elige el primero que te venga a la mente como inspiraci\u00f3n para el color de tu pr\u00f3xima manicura pastel.<\/div>\n<div class=\"schema-faq-section\" id=\"faq-question-1765884075953\">\n<h3 class=\"schema-faq-question\">\u00bfPor qu\u00e9 las u\u00f1as pastel son tendencia en primavera y verano?<\/h3>\n<p class=\"schema-faq-answer\">Las u\u00f1as en tonos pastel son tendencia porque reflejan alegr\u00eda y personalidad durante la primavera y el verano. Este tipo de manicura convierte las manos en una declaraci\u00f3n de intenciones con un toque moderno y sutil.<\/div>\n<\/p><\/div>\n","protected":false},"excerpt":{"rendered":"<p>Las u\u00f1as color pastel siguen siendo las &#8216;rompepistas&#8217; de la temporada primavera-verano. Hubo una \u00e9poca en la que los colores pastel estuvieron infravalorados. Quedaron exclusivamente reservados a los reci\u00e9n nacidos y, por tanto, siempre se consideraron tonos demasiado cursis para la gente adulta (a excepci\u00f3n del rosa Mean Girl, por supuesto). Sin embargo, desde que [&hellip;]<\/p>\n","protected":false},"author":3366,"featured_media":31159,"comment_status":"closed","ping_status":"closed","sticky":false,"template":"","format":"standard","meta":{"_acf_changed":false,"_yoast_wpseo_title":"U\u00f1as color pastel: tendencia primavera-verano irreistible | Treatwell","_yoast_wpseo_metadesc":"Descubre c\u00f3mo las u\u00f1as color pastel dominan la temporada primavera-verano. Insp\u00edrate con dise\u00f1os geom\u00e9tricos, florales y manicura francesa invertida \u00fanica.","_genesis_hide_title":false,"_genesis_hide_breadcrumbs":false,"_genesis_hide_singular_image":false,"_genesis_hide_footer_widgets":false,"_genesis_custom_body_class":"","_genesis_custom_post_class":"","_genesis_layout":"","saswp_custom_schema_field":"{\"@context\":\"https:\/\/schema.org\",\"@type\":\"FAQPage\",\"mainEntity\":[{\"@type\":\"Question\",\"name\":\"\u00bfCu\u00e1les son los tonos pastel m\u00e1s usados en manicura esta temporada?\",\"acceptedAnswer\":{\"@type\":\"Answer\",\"text\":\"Los tonos pastel m\u00e1s usados son mint, malva, mandarina, lima y azul baby. Estos colores aportan un toque fresco y son ideales para resaltar tu estilo en primavera y verano.\"}},{\"@type\":\"Question\",\"name\":\"\u00bfC\u00f3mo lograr una manicura francesa invertida con colores pastel?\",\"acceptedAnswer\":{\"@type\":\"Answer\",\"text\":\"Para conseguir una manicura francesa invertida en tonos pastel, selecciona colores como lima o azul baby para los tips. Esta t\u00e9cnica crea un efecto original y actual, perfecto para conseguir un look \u00fanico sin perder elegancia.\"}},{\"@type\":\"Question\",\"name\":\"\u00bfPuedo combinar varios colores pastel en una misma manicura?\",\"acceptedAnswer\":{\"@type\":\"Answer\",\"text\":\"Combina cu\u00e1ntos colores pastel quieras en una sola manicura para un efecto a\u00fan m\u00e1s llamativo. Cuantos m\u00e1s tonos, mejor; la mezcla de colores pastel sigue siendo una tendencia fuerte y divertida.\"}},{\"@type\":\"Question\",\"name\":\"\u00bfQu\u00e9 inspiraci\u00f3n usar para elegir el color pastel de mis u\u00f1as?\",\"acceptedAnswer\":{\"@type\":\"Answer\",\"text\":\"Piensa en el helado que marc\u00f3 tus veranos de los a\u00f1os 90, como Frigopie, Mikol\u00e1piz o Mini Milk. Elige el primero que te venga a la mente como inspiraci\u00f3n para el color de tu pr\u00f3xima manicura pastel.\"}},{\"@type\":\"Question\",\"name\":\"\u00bfPor qu\u00e9 las u\u00f1as pastel son tendencia en primavera y verano?\",\"acceptedAnswer\":{\"@type\":\"Answer\",\"text\":\"Las u\u00f1as en tonos pastel son tendencia porque reflejan alegr\u00eda y personalidad durante la primavera y el verano. Este tipo de manicura convierte las manos en una declaraci\u00f3n de intenciones con un toque moderno y sutil.\"}}]}","footnotes":""},"categories":[2],"tags":[20,17,7],"class_list":{"0":"post-31137","1":"post","2":"type-post","3":"status-publish","4":"format-standard","5":"has-post-thumbnail","7":"category-tendencias","8":"tag-tr540","9":"tag-tr578","10":"tag-tt36","11":"entry"},"acf":{"post_credits":"Cr\u00e9ditos de las im\u00e1genes: Treatwell, Instagram: @heluviee, @gelsbybry, @charsgelnails_, @beautyspace_charlotte, @amberjhnails","beauty_blog_post_button_title":"\u00a1Reserva tu mani!","beauty_blog_post_button":"https:\/\/www.treatwell.es\/establecimientos\/tratamiento-manicura\/oferta-tipo-local\/en-barcelona-es\/","landscape_picture":31158,"blocks":[{"block_title":"","block_content":"","video_content":"","block_picture":31138},{"block_title":"","block_content":"","video_content":"","block_picture":31139},{"block_title":"","block_content":"","video_content":"","block_picture":31140},{"block_title":"","block_content":"","video_content":"","block_picture":31141},{"block_title":"","block_content":"","video_content":"","block_picture":31142},{"block_title":"","block_content":"","video_content":"","block_picture":31143},{"block_title":"","block_content":"","video_content":"","block_picture":31144},{"block_title":"","block_content":"","video_content":"","block_picture":31145},{"block_title":"","block_content":"","video_content":"","block_picture":31146},{"block_title":"","block_content":"","video_content":"","block_picture":31147},{"block_title":"","block_content":"","video_content":"","block_picture":31148},{"block_title":"","block_content":"","video_content":"","block_picture":31149},{"block_title":"","block_content":"","video_content":"","block_picture":31150},{"block_title":"","block_content":"","video_content":"","block_picture":31151},{"block_title":"","block_content":"","video_content":"","block_picture":31152},{"block_title":"","block_content":"","video_content":"","block_picture":31153},{"block_title":"","block_content":"","video_content":"","block_picture":31154},{"block_title":"","block_content":"","video_content":"","block_picture":31155},{"block_title":"","block_content":"","video_content":"","block_picture":31156},{"block_title":"","block_content":"","video_content":"","block_picture":31157}]},"yoast_head":"<!-- This site is optimized with the Yoast SEO plugin v27.5 - https:\/\/yoast.com\/product\/yoast-seo-wordpress\/ -->\n<title>U\u00f1as color pastel: tendencia primavera-verano irreistible | Treatwell<\/title>\n<meta name=\"description\" content=\"Descubre c\u00f3mo las u\u00f1as color pastel dominan la temporada primavera-verano. Insp\u00edrate con dise\u00f1os geom\u00e9tricos, florales y manicura francesa invertida \u00fanica.\" \/>\n<meta name=\"robots\" content=\"index, follow, max-snippet:-1, max-image-preview:large, max-video-preview:-1\" \/>\n<link rel=\"canonical\" href=\"https:\/\/www.treatwell.es/in-the-glow\/unas-color-pastel-manicura-del-verano\/\" \/>\n<meta property=\"og:locale\" content=\"es_ES\" \/>\n<meta property=\"og:type\" content=\"article\" \/>\n<meta property=\"og:title\" content=\"U\u00f1as color pastel: tendencia primavera-verano irreistible | Treatwell\" \/>\n<meta property=\"og:description\" content=\"Descubre c\u00f3mo las u\u00f1as color pastel dominan la temporada primavera-verano. Insp\u00edrate con dise\u00f1os geom\u00e9tricos, florales y manicura francesa invertida \u00fanica.\" \/>\n<meta property=\"og:url\" content=\"https:\/\/www.treatwell.es/in-the-glow\/unas-color-pastel-manicura-del-verano\/\" \/>\n<meta property=\"og:site_name\" content=\"In The Glow\" \/>\n<meta property=\"article:published_time\" content=\"2021-07-28T11:04:38+00:00\" \/>\n<meta property=\"article:modified_time\" content=\"2025-12-16T11:36:18+00:00\" \/>\n<meta property=\"og:image\" content=\"https:\/\/www.treatwell.es/in-the-glow\/wp-content\/uploads\/sites\/10\/2022\/03\/ezgif.com-gif-maker-27.jpg\" \/>\n\t<meta property=\"og:image:width\" content=\"500\" \/>\n\t<meta property=\"og:image:height\" content=\"600\" \/>\n\t<meta property=\"og:image:type\" content=\"image\/jpeg\" \/>\n<meta name=\"author\" content=\"Beth Ryan\" \/>\n<meta name=\"twitter:card\" content=\"summary_large_image\" \/>\n<meta name=\"twitter:label1\" content=\"Escrito por\" \/>\n\t<meta name=\"twitter:data1\" content=\"Beth Ryan\" \/>\n\t<meta name=\"twitter:label2\" content=\"Tiempo de lectura\" \/>\n\t<meta name=\"twitter:data2\" content=\"3 minutos\" \/>\n<script type=\"application\/ld+json\" class=\"yoast-schema-graph\">{\"@context\":\"https:\\\/\\\/schema.org\",\"@graph\":[{\"@type\":\"Article\",\"@id\":\"https:\\\/\\\/www.treatwell.es/in-the-glow\\\/unas-color-pastel-manicura-del-verano\\\/#article\",\"isPartOf\":{\"@id\":\"https:\\\/\\\/www.treatwell.es/in-the-glow\\\/unas-color-pastel-manicura-del-verano\\\/\"},\"author\":{\"name\":\"Beth Ryan\",\"@id\":\"https:\\\/\\\/www.treatwell.es/in-the-glow\\\/#\\\/schema\\\/person\\\/45be8f7781947e6c6d31f4b658271bf6\"},\"headline\":\"U\u00f1as color pastel, la manicura m\u00e1s dulce del verano\",\"datePublished\":\"2021-07-28T11:04:38+00:00\",\"dateModified\":\"2025-12-16T11:36:18+00:00\",\"mainEntityOfPage\":{\"@id\":\"https:\\\/\\\/www.treatwell.es/in-the-glow\\\/unas-color-pastel-manicura-del-verano\\\/\"},\"wordCount\":549,\"publisher\":{\"@id\":\"https:\\\/\\\/www.treatwell.es/in-the-glow\\\/#organization\"},\"image\":{\"@id\":\"https:\\\/\\\/www.treatwell.es/in-the-glow\\\/unas-color-pastel-manicura-del-verano\\\/#primaryimage\"},\"thumbnailUrl\":\"https:\\\/\\\/www.treatwell.es/in-the-glow\\\/wp-content\\\/uploads\\\/sites\\\/10\\\/2022\\\/03\\\/ezgif.com-gif-maker-27.jpg\",\"keywords\":[\"Gel Nails\",\"Nail Art\",\"Nails\"],\"articleSection\":[\"Tendencias\"],\"inLanguage\":\"es\"},{\"@type\":\"WebPage\",\"@id\":\"https:\\\/\\\/www.treatwell.es/in-the-glow\\\/unas-color-pastel-manicura-del-verano\\\/\",\"url\":\"https:\\\/\\\/www.treatwell.es/in-the-glow\\\/unas-color-pastel-manicura-del-verano\\\/\",\"name\":\"U\u00f1as color pastel: tendencia primavera-verano irreistible | Treatwell\",\"isPartOf\":{\"@id\":\"https:\\\/\\\/www.treatwell.es/in-the-glow\\\/#website\"},\"primaryImageOfPage\":{\"@id\":\"https:\\\/\\\/www.treatwell.es/in-the-glow\\\/unas-color-pastel-manicura-del-verano\\\/#primaryimage\"},\"image\":{\"@id\":\"https:\\\/\\\/www.treatwell.es/in-the-glow\\\/unas-color-pastel-manicura-del-verano\\\/#primaryimage\"},\"thumbnailUrl\":\"https:\\\/\\\/www.treatwell.es/in-the-glow\\\/wp-content\\\/uploads\\\/sites\\\/10\\\/2022\\\/03\\\/ezgif.com-gif-maker-27.jpg\",\"datePublished\":\"2021-07-28T11:04:38+00:00\",\"dateModified\":\"2025-12-16T11:36:18+00:00\",\"description\":\"Descubre c\u00f3mo las u\u00f1as color pastel dominan la temporada primavera-verano. Insp\u00edrate con dise\u00f1os geom\u00e9tricos, florales y manicura francesa invertida \u00fanica.\",\"breadcrumb\":{\"@id\":\"https:\\\/\\\/www.treatwell.es/in-the-glow\\\/unas-color-pastel-manicura-del-verano\\\/#breadcrumb\"},\"inLanguage\":\"es\",\"potentialAction\":[{\"@type\":\"ReadAction\",\"target\":[\"https:\\\/\\\/www.treatwell.es/in-the-glow\\\/unas-color-pastel-manicura-del-verano\\\/\"]}]},{\"@type\":\"ImageObject\",\"inLanguage\":\"es\",\"@id\":\"https:\\\/\\\/www.treatwell.es/in-the-glow\\\/unas-color-pastel-manicura-del-verano\\\/#primaryimage\",\"url\":\"https:\\\/\\\/www.treatwell.es/in-the-glow\\\/wp-content\\\/uploads\\\/sites\\\/10\\\/2022\\\/03\\\/ezgif.com-gif-maker-27.jpg\",\"contentUrl\":\"https:\\\/\\\/www.treatwell.es/in-the-glow\\\/wp-content\\\/uploads\\\/sites\\\/10\\\/2022\\\/03\\\/ezgif.com-gif-maker-27.jpg\",\"width\":500,\"height\":600},{\"@type\":\"BreadcrumbList\",\"@id\":\"https:\\\/\\\/www.treatwell.es/in-the-glow\\\/unas-color-pastel-manicura-del-verano\\\/#breadcrumb\",\"itemListElement\":[{\"@type\":\"ListItem\",\"position\":1,\"name\":\"Home\",\"item\":\"https:\\\/\\\/www.treatwell.es/in-the-glow\\\/\"},{\"@type\":\"ListItem\",\"position\":2,\"name\":\"Tendencias\",\"item\":\"https:\\\/\\\/www.treatwell.es/in-the-glow\\\/tendencias\\\/\"},{\"@type\":\"ListItem\",\"position\":3,\"name\":\"U\u00f1as color pastel, la manicura m\u00e1s dulce del verano\"}]},{\"@type\":\"WebSite\",\"@id\":\"https:\\\/\\\/www.treatwell.es/in-the-glow\\\/#website\",\"url\":\"https:\\\/\\\/www.treatwell.es/in-the-glow\\\/\",\"name\":\"In The Glow\",\"description\":\"Belleza. Pelo. Lifestyle.\",\"publisher\":{\"@id\":\"https:\\\/\\\/www.treatwell.es/in-the-glow\\\/#organization\"},\"potentialAction\":[{\"@type\":\"SearchAction\",\"target\":{\"@type\":\"EntryPoint\",\"urlTemplate\":\"https:\\\/\\\/www.treatwell.es/in-the-glow\\\/?s={search_term_string}\"},\"query-input\":{\"@type\":\"PropertyValueSpecification\",\"valueRequired\":true,\"valueName\":\"search_term_string\"}}],\"inLanguage\":\"es\"},{\"@type\":\"Organization\",\"@id\":\"https:\\\/\\\/www.treatwell.es/in-the-glow\\\/#organization\",\"name\":\"Treatwell\",\"url\":\"https:\\\/\\\/www.treatwell.es/in-the-glow\\\/\",\"logo\":{\"@type\":\"ImageObject\",\"inLanguage\":\"es\",\"@id\":\"https:\\\/\\\/www.treatwell.es/in-the-glow\\\/#\\\/schema\\\/logo\\\/image\\\/\",\"url\":\"https:\\\/\\\/www.treatwell.es/in-the-glow\\\/wp-content\\\/uploads\\\/sites\\\/10\\\/2022\\\/03\\\/logo_treatwell.png\",\"contentUrl\":\"https:\\\/\\\/www.treatwell.es/in-the-glow\\\/wp-content\\\/uploads\\\/sites\\\/10\\\/2022\\\/03\\\/logo_treatwell.png\",\"width\":889,\"height\":164,\"caption\":\"Treatwell\"},\"image\":{\"@id\":\"https:\\\/\\\/www.treatwell.es/in-the-glow\\\/#\\\/schema\\\/logo\\\/image\\\/\"}},{\"@type\":\"Person\",\"@id\":\"https:\\\/\\\/www.treatwell.es/in-the-glow\\\/#\\\/schema\\\/person\\\/45be8f7781947e6c6d31f4b658271bf6\",\"name\":\"Beth Ryan\",\"image\":{\"@type\":\"ImageObject\",\"inLanguage\":\"es\",\"@id\":\"https:\\\/\\\/secure.gravatar.com\\\/avatar\\\/93502c3b0591e62d75cc697ff3b5b8f47fef521e9dd0d61feb5570ae6d459200?s=96&d=mm&r=g\",\"url\":\"https:\\\/\\\/secure.gravatar.com\\\/avatar\\\/93502c3b0591e62d75cc697ff3b5b8f47fef521e9dd0d61feb5570ae6d459200?s=96&d=mm&r=g\",\"contentUrl\":\"https:\\\/\\\/secure.gravatar.com\\\/avatar\\\/93502c3b0591e62d75cc697ff3b5b8f47fef521e9dd0d61feb5570ae6d459200?s=96&d=mm&r=g\",\"caption\":\"Beth Ryan\"},\"url\":\"https:\\\/\\\/www.treatwell.es/in-the-glow\\\/author\\\/bethanyryan\\\/\"}]}<\/script>\n<!-- \/ Yoast SEO plugin. -->","yoast_head_json":{"title":"U\u00f1as color pastel: tendencia primavera-verano irreistible | Treatwell","description":"Descubre c\u00f3mo las u\u00f1as color pastel dominan la temporada primavera-verano. Insp\u00edrate con dise\u00f1os geom\u00e9tricos, florales y manicura francesa invertida \u00fanica.","robots":{"index":"index","follow":"follow","max-snippet":"max-snippet:-1","max-image-preview":"max-image-preview:large","max-video-preview":"max-video-preview:-1"},"canonical":"https:\/\/www.treatwell.es/in-the-glow\/unas-color-pastel-manicura-del-verano\/","og_locale":"es_ES","og_type":"article","og_title":"U\u00f1as color pastel: tendencia primavera-verano irreistible | Treatwell","og_description":"Descubre c\u00f3mo las u\u00f1as color pastel dominan la temporada primavera-verano. Insp\u00edrate con dise\u00f1os geom\u00e9tricos, florales y manicura francesa invertida \u00fanica.","og_url":"https:\/\/www.treatwell.es/in-the-glow\/unas-color-pastel-manicura-del-verano\/","og_site_name":"In The Glow","article_published_time":"2021-07-28T11:04:38+00:00","article_modified_time":"2025-12-16T11:36:18+00:00","og_image":[{"width":500,"height":600,"url":"https:\/\/www.treatwell.es/in-the-glow\/wp-content\/uploads\/sites\/10\/2022\/03\/ezgif.com-gif-maker-27.jpg","type":"image\/jpeg"}],"author":"Beth Ryan","twitter_card":"summary_large_image","twitter_misc":{"Escrito por":"Beth Ryan","Tiempo de lectura":"3 minutos"},"schema":{"@context":"https:\/\/schema.org","@graph":[{"@type":"Article","@id":"https:\/\/www.treatwell.es/in-the-glow\/unas-color-pastel-manicura-del-verano\/#article","isPartOf":{"@id":"https:\/\/www.treatwell.es/in-the-glow\/unas-color-pastel-manicura-del-verano\/"},"author":{"name":"Beth Ryan","@id":"https:\/\/www.treatwell.es/in-the-glow\/#\/schema\/person\/45be8f7781947e6c6d31f4b658271bf6"},"headline":"U\u00f1as color pastel, la manicura m\u00e1s dulce del verano","datePublished":"2021-07-28T11:04:38+00:00","dateModified":"2025-12-16T11:36:18+00:00","mainEntityOfPage":{"@id":"https:\/\/www.treatwell.es/in-the-glow\/unas-color-pastel-manicura-del-verano\/"},"wordCount":549,"publisher":{"@id":"https:\/\/www.treatwell.es/in-the-glow\/#organization"},"image":{"@id":"https:\/\/www.treatwell.es/in-the-glow\/unas-color-pastel-manicura-del-verano\/#primaryimage"},"thumbnailUrl":"https:\/\/www.treatwell.es/in-the-glow\/wp-content\/uploads\/sites\/10\/2022\/03\/ezgif.com-gif-maker-27.jpg","keywords":["Gel Nails","Nail Art","Nails"],"articleSection":["Tendencias"],"inLanguage":"es"},{"@type":"WebPage","@id":"https:\/\/www.treatwell.es/in-the-glow\/unas-color-pastel-manicura-del-verano\/","url":"https:\/\/www.treatwell.es/in-the-glow\/unas-color-pastel-manicura-del-verano\/","name":"U\u00f1as color pastel: tendencia primavera-verano irreistible | Treatwell","isPartOf":{"@id":"https:\/\/www.treatwell.es/in-the-glow\/#website"},"primaryImageOfPage":{"@id":"https:\/\/www.treatwell.es/in-the-glow\/unas-color-pastel-manicura-del-verano\/#primaryimage"},"image":{"@id":"https:\/\/www.treatwell.es/in-the-glow\/unas-color-pastel-manicura-del-verano\/#primaryimage"},"thumbnailUrl":"https:\/\/www.treatwell.es/in-the-glow\/wp-content\/uploads\/sites\/10\/2022\/03\/ezgif.com-gif-maker-27.jpg","datePublished":"2021-07-28T11:04:38+00:00","dateModified":"2025-12-16T11:36:18+00:00","description":"Descubre c\u00f3mo las u\u00f1as color pastel dominan la temporada primavera-verano. Insp\u00edrate con dise\u00f1os geom\u00e9tricos, florales y manicura francesa invertida \u00fanica.","breadcrumb":{"@id":"https:\/\/www.treatwell.es/in-the-glow\/unas-color-pastel-manicura-del-verano\/#breadcrumb"},"inLanguage":"es","potentialAction":[{"@type":"ReadAction","target":["https:\/\/www.treatwell.es/in-the-glow\/unas-color-pastel-manicura-del-verano\/"]}]},{"@type":"ImageObject","inLanguage":"es","@id":"https:\/\/www.treatwell.es/in-the-glow\/unas-color-pastel-manicura-del-verano\/#primaryimage","url":"https:\/\/www.treatwell.es/in-the-glow\/wp-content\/uploads\/sites\/10\/2022\/03\/ezgif.com-gif-maker-27.jpg","contentUrl":"https:\/\/www.treatwell.es/in-the-glow\/wp-content\/uploads\/sites\/10\/2022\/03\/ezgif.com-gif-maker-27.jpg","width":500,"height":600},{"@type":"BreadcrumbList","@id":"https:\/\/www.treatwell.es/in-the-glow\/unas-color-pastel-manicura-del-verano\/#breadcrumb","itemListElement":[{"@type":"ListItem","position":1,"name":"Home","item":"https:\/\/www.treatwell.es/in-the-glow\/"},{"@type":"ListItem","position":2,"name":"Tendencias","item":"https:\/\/www.treatwell.es/in-the-glow\/tendencias\/"},{"@type":"ListItem","position":3,"name":"U\u00f1as color pastel, la manicura m\u00e1s dulce del verano"}]},{"@type":"WebSite","@id":"https:\/\/www.treatwell.es/in-the-glow\/#website","url":"https:\/\/www.treatwell.es/in-the-glow\/","name":"In The Glow","description":"Belleza. Pelo. Lifestyle.","publisher":{"@id":"https:\/\/www.treatwell.es/in-the-glow\/#organization"},"potentialAction":[{"@type":"SearchAction","target":{"@type":"EntryPoint","urlTemplate":"https:\/\/www.treatwell.es/in-the-glow\/?s={search_term_string}"},"query-input":{"@type":"PropertyValueSpecification","valueRequired":true,"valueName":"search_term_string"}}],"inLanguage":"es"},{"@type":"Organization","@id":"https:\/\/www.treatwell.es/in-the-glow\/#organization","name":"Treatwell","url":"https:\/\/www.treatwell.es/in-the-glow\/","logo":{"@type":"ImageObject","inLanguage":"es","@id":"https:\/\/www.treatwell.es/in-the-glow\/#\/schema\/logo\/image\/","url":"https:\/\/www.treatwell.es/in-the-glow\/wp-content\/uploads\/sites\/10\/2022\/03\/logo_treatwell.png","contentUrl":"https:\/\/www.treatwell.es/in-the-glow\/wp-content\/uploads\/sites\/10\/2022\/03\/logo_treatwell.png","width":889,"height":164,"caption":"Treatwell"},"image":{"@id":"https:\/\/www.treatwell.es/in-the-glow\/#\/schema\/logo\/image\/"}},{"@type":"Person","@id":"https:\/\/www.treatwell.es/in-the-glow\/#\/schema\/person\/45be8f7781947e6c6d31f4b658271bf6","name":"Beth Ryan","image":{"@type":"ImageObject","inLanguage":"es","@id":"https:\/\/secure.gravatar.com\/avatar\/93502c3b0591e62d75cc697ff3b5b8f47fef521e9dd0d61feb5570ae6d459200?s=96&d=mm&r=g","url":"https:\/\/secure.gravatar.com\/avatar\/93502c3b0591e62d75cc697ff3b5b8f47fef521e9dd0d61feb5570ae6d459200?s=96&d=mm&r=g","contentUrl":"https:\/\/secure.gravatar.com\/avatar\/93502c3b0591e62d75cc697ff3b5b8f47fef521e9dd0d61feb5570ae6d459200?s=96&d=mm&r=g","caption":"Beth Ryan"},"url":"https:\/\/www.treatwell.es/in-the-glow\/author\/bethanyryan\/"}]}},"featured_image_src":"https:\/\/www.treatwell.es/in-the-glow\/wp-content\/uploads\/sites\/10\/2022\/03\/ezgif.com-gif-maker-27-500x400.jpg","featured_image_src_square":"https:\/\/www.treatwell.es/in-the-glow\/wp-content\/uploads\/sites\/10\/2022\/03\/ezgif.com-gif-maker-27.jpg","author_info":{"display_name":"Beth Ryan","author_link":"https:\/\/www.treatwell.es/in-the-glow\/author\/bethanyryan\/"},"_links":{"self":[{"href":"https:\/\/www.treatwell.es\/in-the-glow\/wp-json\/wp\/v2\/posts\/31137","targetHints":{"allow":["GET"]}}],"collection":[{"href":"https:\/\/www.treatwell.es\/in-the-glow\/wp-json\/wp\/v2\/posts"}],"about":[{"href":"https:\/\/www.treatwell.es\/in-the-glow\/wp-json\/wp\/v2\/types\/post"}],"author":[{"embeddable":true,"href":"https:\/\/www.treatwell.es\/in-the-glow\/wp-json\/wp\/v2\/users\/3366"}],"replies":[{"embeddable":true,"href":"https:\/\/www.treatwell.es\/in-the-glow\/wp-json\/wp\/v2\/comments?post=31137"}],"version-history":[{"count":0,"href":"https:\/\/www.treatwell.es\/in-the-glow\/wp-json\/wp\/v2\/posts\/31137\/revisions"}],"wp:featuredmedia":[{"embeddable":true,"href":"https:\/\/www.treatwell.es\/in-the-glow\/wp-json\/wp\/v2\/media\/31159"}],"wp:attachment":[{"href":"https:\/\/www.treatwell.es\/in-the-glow\/wp-json\/wp\/v2\/media?parent=31137"}],"wp:term":[{"taxonomy":"category","embeddable":true,"href":"https:\/\/www.treatwell.es\/in-the-glow\/wp-json\/wp\/v2\/categories?post=31137"},{"taxonomy":"post_tag","embeddable":true,"href":"https:\/\/www.treatwell.es\/in-the-glow\/wp-json\/wp\/v2\/tags?post=31137"}],"curies":[{"name":"wp","href":"https:\/\/api.w.org\/{rel}","templated":true}]}}