{"id":31160,"date":"2021-08-04T10:00:05","date_gmt":"2021-08-04T08:00:05","guid":{"rendered":"https:\/\/www.treatwell.es\/in-the-glow\/?p=26419"},"modified":"2025-12-15T23:55:05","modified_gmt":"2025-12-15T22:55:05","slug":"tratamientos-belleza-verano","status":"publish","type":"post","link":"https:\/\/www.treatwell.es/in-the-glow\/tratamientos-belleza-verano\/","title":{"rendered":"Los tratamientos de belleza imprescindibles del verano"},"content":{"rendered":"<p><span class=\"JsGRdQ\">El verano est\u00e1 hecho para disfrutarlo plenamente y sin preocupaciones. Pasa TAN r\u00e1pido que, sinceramente, perder horas de playa yendo a por quitaesmalte o intentando dibujar unas cejas perfectas (que tambi\u00e9n sean\u00a0<em>waterproof)<\/em>, nos pone hasta de mal humor. Por eso, desde <a href=\"https:\/\/www.treatwell.es\/\">Treatwell<\/a>, repasamos contigo\u00a0los tratamientos de belleza imprescindibles del verano. Los que necesitas &#8220;ya de ya&#8221; porque -requiriendo pocas sesiones- te har\u00e1n las vacaciones (much\u00edsimo) m\u00e1s f\u00e1ciles.<\/span><\/p>\n<p class=\"_04xlpA direction-ltr align-center para-style-body\">Olv\u00eddate del r\u00edmel, del l\u00e1piz de cejas y del inoportuno encrespamiento que trae consigo la humedad. Queremos que disfrutes de tu me-re-ce-d\u00ed-si-mo tiempo libre sin quebraderos de cabeza ni imprevistos de \u00faltima hora. Aqu\u00ed, tu <em>checklist<\/em> definitiva pre-maleta:<\/p>\n<p>-Por Miryam Amer<\/p>\n<div class=\"schema-faq wp-block-yoast-faq-block\">\n<div class=\"schema-faq-section\" id=\"faq-question-1765837474787\">\n<h3 class=\"schema-faq-question\">\u00bfQu\u00e9 consigues con las extensiones de pesta\u00f1as en verano?<\/h3>\n<p class=\"schema-faq-answer\">Con las extensiones de pesta\u00f1as olv\u00eddate del r\u00edmel durante al menos un mes y disfruta de una mirada impecable todo el d\u00eda. Son c\u00f3modas para la playa y la piscina y evitan los &#8220;ojos de panda&#8221; tras el ba\u00f1o o momentos sensibles.<\/div>\n<div class=\"schema-faq-section\" id=\"faq-question-1765837474788\">\n<h3 class=\"schema-faq-question\">\u00bfPara qu\u00e9 sirve el laminado de cejas y cu\u00e1nto dura el efecto?<\/h3>\n<p class=\"schema-faq-answer\">El laminado de cejas consigue unas cejas siempre peinadas y definidas con un efecto semipermanente; puedes prescindir del l\u00e1piz hasta septiembre. Es una alternativa indolora al microblading para unas cejas impecables durante semanas.<\/div>\n<div class=\"schema-faq-section\" id=\"faq-question-1765837474789\">\n<h3 class=\"schema-faq-question\">\u00bfC\u00f3mo ayuda la keratina a tu cabello en verano?<\/h3>\n<p class=\"schema-faq-answer\">El alisado de keratina elimina el encrespamiento y deja el cabello liso, hidratado y f\u00e1cil de manejar durante la \u00e9poca de playa o piscina. Es perfecto si quieres olvidarte del secador o de moldear el cabello cada d\u00eda.<\/div>\n<div class=\"schema-faq-section\" id=\"faq-question-1765837474790\">\n<h3 class=\"schema-faq-question\">\u00bfPor qu\u00e9 reservar depilaci\u00f3n con cera antes de las vacaciones?<\/h3>\n<p class=\"schema-faq-answer\">La depilaci\u00f3n con cera integral te permite olvidarte del vello durante varias semanas, lo que la hace ideal para el verano. Es una alternativa r\u00e1pida a la depilaci\u00f3n permanente IPL si buscas resultados inmediatos antes de tus vacaciones.<\/div>\n<div class=\"schema-faq-section\" id=\"faq-question-1765837474791\">\n<h3 class=\"schema-faq-question\">\u00bfEn qu\u00e9 consiste la maderoterapia contra la celulitis?<\/h3>\n<p class=\"schema-faq-answer\">La maderoterapia utiliza masajes con utensilios de madera para modelar la figura y reducir la apariencia de los hoyuelos de la celulitis de manera natural. Este tratamiento corporal es popular por su efecto efectivo y es tendencia entre influencers y celebrities.<\/div>\n<div class=\"schema-faq-section\" id=\"faq-question-1765837474792\">\n<h3 class=\"schema-faq-question\">\u00bfQu\u00e9 tendencias de u\u00f1as destacan para el verano?<\/h3>\n<p class=\"schema-faq-answer\">Las manicuras y pedicuras semipermanentes con tonos pastel o la manicura francesa invertida son ideales para lucir unas u\u00f1as impecables durante todo el verano. Reserva tu cita y elige el tono que prefieras para combinar con la temporada.<\/div>\n<\/p><\/div>\n","protected":false},"excerpt":{"rendered":"<p>El verano est\u00e1 hecho para disfrutarlo plenamente y sin preocupaciones. Pasa TAN r\u00e1pido que, sinceramente, perder horas de playa yendo a por quitaesmalte o intentando dibujar unas cejas perfectas (que tambi\u00e9n sean\u00a0waterproof), nos pone hasta de mal humor. Por eso, desde Treatwell, repasamos contigo\u00a0los tratamientos de belleza imprescindibles del verano. Los que necesitas &#8220;ya de [&hellip;]<\/p>\n","protected":false},"author":3366,"featured_media":31165,"comment_status":"closed","ping_status":"closed","sticky":false,"template":"","format":"standard","meta":{"_acf_changed":false,"_yoast_wpseo_title":"Tratamientos belleza imprescindibles verano: gu\u00eda f\u00e1cil | Treatwell","_yoast_wpseo_metadesc":"Descubre los tratamientos de belleza clave para verano: cejas, pesta\u00f1as, capilar, depilaci\u00f3n, u\u00f1as y m\u00e1s. Simplifica tu rutina y disfruta vacaciones sin preocupaciones.","_genesis_hide_title":false,"_genesis_hide_breadcrumbs":false,"_genesis_hide_singular_image":false,"_genesis_hide_footer_widgets":false,"_genesis_custom_body_class":"","_genesis_custom_post_class":"","_genesis_layout":"","saswp_custom_schema_field":"{\"@context\":\"https:\/\/schema.org\",\"@type\":\"FAQPage\",\"mainEntity\":[{\"@type\":\"Question\",\"name\":\"\u00bfQu\u00e9 consigues con las extensiones de pesta\u00f1as en verano?\",\"acceptedAnswer\":{\"@type\":\"Answer\",\"text\":\"Con las extensiones de pesta\u00f1as olv\u00eddate del r\u00edmel durante al menos un mes y disfruta de una mirada impecable todo el d\u00eda. Son c\u00f3modas para la playa y la piscina y evitan los \\\"ojos de panda\\\" tras el ba\u00f1o o momentos sensibles.\"}},{\"@type\":\"Question\",\"name\":\"\u00bfPara qu\u00e9 sirve el laminado de cejas y cu\u00e1nto dura el efecto?\",\"acceptedAnswer\":{\"@type\":\"Answer\",\"text\":\"El laminado de cejas consigue unas cejas siempre peinadas y definidas con un efecto semipermanente; puedes prescindir del l\u00e1piz hasta septiembre. Es una alternativa indolora al microblading para unas cejas impecables durante semanas.\"}},{\"@type\":\"Question\",\"name\":\"\u00bfC\u00f3mo ayuda la keratina a tu cabello en verano?\",\"acceptedAnswer\":{\"@type\":\"Answer\",\"text\":\"El alisado de keratina elimina el encrespamiento y deja el cabello liso, hidratado y f\u00e1cil de manejar durante la \u00e9poca de playa o piscina. Es perfecto si quieres olvidarte del secador o de moldear el cabello cada d\u00eda.\"}},{\"@type\":\"Question\",\"name\":\"\u00bfPor qu\u00e9 reservar depilaci\u00f3n con cera antes de las vacaciones?\",\"acceptedAnswer\":{\"@type\":\"Answer\",\"text\":\"La depilaci\u00f3n con cera integral te permite olvidarte del vello durante varias semanas, lo que la hace ideal para el verano. Es una alternativa r\u00e1pida a la depilaci\u00f3n permanente IPL si buscas resultados inmediatos antes de tus vacaciones.\"}},{\"@type\":\"Question\",\"name\":\"\u00bfEn qu\u00e9 consiste la maderoterapia contra la celulitis?\",\"acceptedAnswer\":{\"@type\":\"Answer\",\"text\":\"La maderoterapia utiliza masajes con utensilios de madera para modelar la figura y reducir la apariencia de los hoyuelos de la celulitis de manera natural. Este tratamiento corporal es popular por su efecto efectivo y es tendencia entre influencers y celebrities.\"}},{\"@type\":\"Question\",\"name\":\"\u00bfQu\u00e9 tendencias de u\u00f1as destacan para el verano?\",\"acceptedAnswer\":{\"@type\":\"Answer\",\"text\":\"Las manicuras y pedicuras semipermanentes con tonos pastel o la manicura francesa invertida son ideales para lucir unas u\u00f1as impecables durante todo el verano. Reserva tu cita y elige el tono que prefieras para combinar con la temporada.\"}}]}","footnotes":""},"categories":[4],"tags":[5,21,19,48,10],"class_list":{"0":"post-31160","1":"post","2":"type-post","3":"status-publish","4":"format-standard","5":"has-post-thumbnail","7":"category-beauty","8":"tag-tt2","9":"tag-tr320","10":"tag-tt4","11":"tag-tr273","12":"tag-tr166","13":"entry"},"acf":{"post_credits":"Cr\u00e9ditos de las im\u00e1genes: Treatwell, Instagram: @the_beauty_pod_x, @laura.spinney.creative, @Koanclub, @heluviee, @gelsbybry","beauty_blog_post_button_title":"","beauty_blog_post_button":"","landscape_picture":31164,"blocks":[{"block_title":"Tratamientos faciales","block_content":"<p>Las <a href=\"https:\/\/www.treatwell.es\/in-the-glow\/extensiones-de-pestanas-todas-tus-preguntas-contestadas\/\">extensiones de pesta&ntilde;as<\/a> ser&aacute;n el aliado perfecto para desterrar el r&iacute;mel de tu neceser (al menos, por un mes). Doy fe. Me declaro adicta a las pesta&ntilde;as en verano por <em>a) <\/em>lo ideal que me veo a cualquier hora del d&iacute;a,&nbsp;<em>b)<\/em> lo r&aacute;pida que me vuelvo al maquillarme,&nbsp;<em>c)<\/em> lo c&oacute;modas que son para el ba&ntilde;o y <em>d) <\/em>por todos esos &quot;ojos de panda&quot; que evitan al salir del mar, de la ducha y despu&eacute;s de cualquier momento <em>sensible<\/em>. En fin, por si no ha quedado claro, amor es lo que siento por las extensiones de pesta&ntilde;as.<\/p>\n\n<p>Y como no hay dos sin tres ni mirada sin cejas perfectas, puede que este a&ntilde;o te atrevas con el <a href=\"https:\/\/www.treatwell.es\/in-the-glow\/laminacion-de-cejas\/\">laminado de cejas<\/a> como alternativa al microblading. Este tratamiento semipermanente e indoloro har&aacute; que tus cejas resulten siempre peinadas y m&aacute;s definidas que nunca. &iexcl;Hasta septiembre, querido l&aacute;piz!<\/p>\n","video_content":"","block_picture":31161},{"block_title":"Tratamientos capilares","block_content":"<p>Los tratamientos <em>anti frizz<\/em> o los <a href=\"https:\/\/www.treatwell.es\/in-the-glow\/pelo-estropeado-tratamiento-keratina\/\">alisados de keratina<\/a> son un cl&aacute;sico de la &eacute;poca estival. Hidratan, eliminan el encrespamiento y, en el caso de la keratina, lo dejan liso y (s&uacute;per) manejable. Son perfectos para las que no quieren preocupaciones capilares en la playa o la piscina, para quienes no soportan el secador en verano o,&nbsp;simplemente, para aquellas que no quieren perder ni un segundo peinando y moldeando.<\/p>\n\n<p>Y para iluminar esa melena, nada mejor que unas mechas <a href=\"https:\/\/www.treatwell.es\/in-the-glow\/mechas-money-piece\/\">&#039;Money piece&#039;<\/a>: basta con aclarar tus mechones delanteros para darle luz (y alegr&iacute;a) al rostro sin necesidad de arreglos constantes ni de manipular la totalidad del pelo. Adem&aacute;s, quedan bien con cualquier color de base y nos quitan unas cuantas preocupaciones (y retoques) de encima.<\/p>\n","video_content":"","block_picture":31162},{"block_title":"Tratamientos corporales","block_content":"<p>Hay tres cosas que, en verano, me suelen traer de cabeza -por no decir que me ponen del rev&eacute;s: la depilaci&oacute;n, la <em>manipedi<\/em> y mi constante amor-odio por los hoyuelos de la celulitis. De ah&iacute; que, como alternativa r&aacute;pida a la <a href=\"https:\/\/www.treatwell.es\/in-the-glow\/depilacion-permanente-luz-pulsada\/\">depilaci&oacute;n permanente IPL<\/a>, destaque la depilaci&oacute;n (integral) con cera para olvidarnos del vello durante algunas&nbsp;semanas. Si es que quieres depilarte, claro. Ya sabes que <strong>estoy totalmente&nbsp;en contra de la <em>pelofobia<\/em><\/strong>. Cada uno, que sea feliz en la versi&oacute;n de s&iacute; mismo que escoja. Y punto.<\/p>\n\n<p>Para quien tenga unos gl&uacute;teos sonrientes (aka&nbsp;con hoyuelos) como los m&iacute;os, &iquest;qu&eacute; tal unas sesiones de <a href=\"https:\/\/www.treatwell.es\/in-the-glow\/maderoterapia-contra-la-celulitis\/\">maderoterapia<\/a>? Unos cuantos masajes con utensilios de madera servir&aacute;n para modelar tu figura de una manera natural y efectiva. Adem&aacute;s, es el tratamiento de moda entre&nbsp;<em>influencers<\/em> y <em>celebrities<\/em>.<\/p>\n\n<p>Las u&ntilde;as, por su parte, son tambi&eacute;n las grandes protagonistas del verano, especialmente las de los pies, que se estrenan cada a&ntilde;o. Por eso, nada mejor que reservar una sesi&oacute;n de manicura y pedicura semipermanente, elegir tu tono favorito y combinarlo con las grandes tendencias de 2021: <a href=\"https:\/\/www.treatwell.es\/in-the-glow\/manicura-francesa-invertida\/\">la manicura francesa invertida<\/a> o las <a href=\"https:\/\/www.treatwell.es\/in-the-glow\/unas-color-pastel-manicura-del-verano\/\">u&ntilde;as en tonos pastel<\/a>.<\/p>\n\n<p>Y ahora, s&iacute; que s&iacute;, te dejo hacer la maleta. Espero que tengas un feliz verano (que todav&iacute;a queda) y que nos&nbsp;incluyas como accesorio, aunque sea virtual...<\/p>\n","video_content":"","block_picture":31163}]},"yoast_head":"<!-- This site is optimized with the Yoast SEO plugin v27.4 - https:\/\/yoast.com\/product\/yoast-seo-wordpress\/ -->\n<title>Tratamientos belleza imprescindibles verano: gu\u00eda f\u00e1cil | Treatwell<\/title>\n<meta name=\"description\" content=\"Descubre los tratamientos de belleza clave para verano: cejas, pesta\u00f1as, capilar, depilaci\u00f3n, u\u00f1as y m\u00e1s. Simplifica tu rutina y disfruta vacaciones sin preocupaciones.\" \/>\n<meta name=\"robots\" content=\"index, follow, max-snippet:-1, max-image-preview:large, max-video-preview:-1\" \/>\n<link rel=\"canonical\" href=\"https:\/\/www.treatwell.es/in-the-glow\/tratamientos-belleza-verano\/\" \/>\n<meta property=\"og:locale\" content=\"es_ES\" \/>\n<meta property=\"og:type\" content=\"article\" \/>\n<meta property=\"og:title\" content=\"Tratamientos belleza imprescindibles verano: gu\u00eda f\u00e1cil | Treatwell\" \/>\n<meta property=\"og:description\" content=\"Descubre los tratamientos de belleza clave para verano: cejas, pesta\u00f1as, capilar, depilaci\u00f3n, u\u00f1as y m\u00e1s. Simplifica tu rutina y disfruta vacaciones sin preocupaciones.\" \/>\n<meta property=\"og:url\" content=\"https:\/\/www.treatwell.es/in-the-glow\/tratamientos-belleza-verano\/\" \/>\n<meta property=\"og:site_name\" content=\"In The Glow\" \/>\n<meta property=\"article:published_time\" content=\"2021-08-04T08:00:05+00:00\" \/>\n<meta property=\"article:modified_time\" content=\"2025-12-15T22:55:05+00:00\" \/>\n<meta property=\"og:image\" content=\"https:\/\/www.treatwell.es/in-the-glow\/wp-content\/uploads\/sites\/10\/2022\/03\/laura.spinney.creative_47584621_473067693098066_2516501394314300653_n.jpg\" \/>\n\t<meta property=\"og:image:width\" content=\"502\" \/>\n\t<meta property=\"og:image:height\" content=\"628\" \/>\n\t<meta property=\"og:image:type\" content=\"image\/jpeg\" \/>\n<meta name=\"author\" content=\"Beth Ryan\" \/>\n<meta name=\"twitter:card\" content=\"summary_large_image\" \/>\n<meta name=\"twitter:label1\" content=\"Escrito por\" \/>\n\t<meta name=\"twitter:data1\" content=\"Beth Ryan\" \/>\n\t<meta name=\"twitter:label2\" content=\"Tiempo de lectura\" \/>\n\t<meta name=\"twitter:data2\" content=\"2 minutos\" \/>\n<script type=\"application\/ld+json\" class=\"yoast-schema-graph\">{\"@context\":\"https:\\\/\\\/schema.org\",\"@graph\":[{\"@type\":\"Article\",\"@id\":\"https:\\\/\\\/www.treatwell.es/in-the-glow\\\/tratamientos-belleza-verano\\\/#article\",\"isPartOf\":{\"@id\":\"https:\\\/\\\/www.treatwell.es/in-the-glow\\\/tratamientos-belleza-verano\\\/\"},\"author\":{\"name\":\"Beth Ryan\",\"@id\":\"https:\\\/\\\/www.treatwell.es/in-the-glow\\\/#\\\/schema\\\/person\\\/45be8f7781947e6c6d31f4b658271bf6\"},\"headline\":\"Los tratamientos de belleza imprescindibles del verano\",\"datePublished\":\"2021-08-04T08:00:05+00:00\",\"dateModified\":\"2025-12-15T22:55:05+00:00\",\"mainEntityOfPage\":{\"@id\":\"https:\\\/\\\/www.treatwell.es/in-the-glow\\\/tratamientos-belleza-verano\\\/\"},\"wordCount\":431,\"publisher\":{\"@id\":\"https:\\\/\\\/www.treatwell.es/in-the-glow\\\/#organization\"},\"image\":{\"@id\":\"https:\\\/\\\/www.treatwell.es/in-the-glow\\\/tratamientos-belleza-verano\\\/#primaryimage\"},\"thumbnailUrl\":\"https:\\\/\\\/www.treatwell.es/in-the-glow\\\/wp-content\\\/uploads\\\/sites\\\/10\\\/2022\\\/03\\\/laura.spinney.creative_47584621_473067693098066_2516501394314300653_n.jpg\",\"keywords\":[\"Body\",\"Body Sculpting\",\"Face\",\"Hair Colouring and Highlights\",\"Haircuts and Hairdressing\"],\"articleSection\":[\"Beauty\"],\"inLanguage\":\"es\"},{\"@type\":\"WebPage\",\"@id\":\"https:\\\/\\\/www.treatwell.es/in-the-glow\\\/tratamientos-belleza-verano\\\/\",\"url\":\"https:\\\/\\\/www.treatwell.es/in-the-glow\\\/tratamientos-belleza-verano\\\/\",\"name\":\"Tratamientos belleza imprescindibles verano: gu\u00eda f\u00e1cil | Treatwell\",\"isPartOf\":{\"@id\":\"https:\\\/\\\/www.treatwell.es/in-the-glow\\\/#website\"},\"primaryImageOfPage\":{\"@id\":\"https:\\\/\\\/www.treatwell.es/in-the-glow\\\/tratamientos-belleza-verano\\\/#primaryimage\"},\"image\":{\"@id\":\"https:\\\/\\\/www.treatwell.es/in-the-glow\\\/tratamientos-belleza-verano\\\/#primaryimage\"},\"thumbnailUrl\":\"https:\\\/\\\/www.treatwell.es/in-the-glow\\\/wp-content\\\/uploads\\\/sites\\\/10\\\/2022\\\/03\\\/laura.spinney.creative_47584621_473067693098066_2516501394314300653_n.jpg\",\"datePublished\":\"2021-08-04T08:00:05+00:00\",\"dateModified\":\"2025-12-15T22:55:05+00:00\",\"description\":\"Descubre los tratamientos de belleza clave para verano: cejas, pesta\u00f1as, capilar, depilaci\u00f3n, u\u00f1as y m\u00e1s. Simplifica tu rutina y disfruta vacaciones sin preocupaciones.\",\"breadcrumb\":{\"@id\":\"https:\\\/\\\/www.treatwell.es/in-the-glow\\\/tratamientos-belleza-verano\\\/#breadcrumb\"},\"inLanguage\":\"es\",\"potentialAction\":[{\"@type\":\"ReadAction\",\"target\":[\"https:\\\/\\\/www.treatwell.es/in-the-glow\\\/tratamientos-belleza-verano\\\/\"]}]},{\"@type\":\"ImageObject\",\"inLanguage\":\"es\",\"@id\":\"https:\\\/\\\/www.treatwell.es/in-the-glow\\\/tratamientos-belleza-verano\\\/#primaryimage\",\"url\":\"https:\\\/\\\/www.treatwell.es/in-the-glow\\\/wp-content\\\/uploads\\\/sites\\\/10\\\/2022\\\/03\\\/laura.spinney.creative_47584621_473067693098066_2516501394314300653_n.jpg\",\"contentUrl\":\"https:\\\/\\\/www.treatwell.es/in-the-glow\\\/wp-content\\\/uploads\\\/sites\\\/10\\\/2022\\\/03\\\/laura.spinney.creative_47584621_473067693098066_2516501394314300653_n.jpg\",\"width\":502,\"height\":628},{\"@type\":\"BreadcrumbList\",\"@id\":\"https:\\\/\\\/www.treatwell.es/in-the-glow\\\/tratamientos-belleza-verano\\\/#breadcrumb\",\"itemListElement\":[{\"@type\":\"ListItem\",\"position\":1,\"name\":\"Home\",\"item\":\"https:\\\/\\\/www.treatwell.es/in-the-glow\\\/\"},{\"@type\":\"ListItem\",\"position\":2,\"name\":\"Beauty\",\"item\":\"https:\\\/\\\/www.treatwell.es/in-the-glow\\\/beauty\\\/\"},{\"@type\":\"ListItem\",\"position\":3,\"name\":\"Los tratamientos de belleza imprescindibles del verano\"}]},{\"@type\":\"WebSite\",\"@id\":\"https:\\\/\\\/www.treatwell.es/in-the-glow\\\/#website\",\"url\":\"https:\\\/\\\/www.treatwell.es/in-the-glow\\\/\",\"name\":\"In The Glow\",\"description\":\"Belleza. Pelo. Lifestyle.\",\"publisher\":{\"@id\":\"https:\\\/\\\/www.treatwell.es/in-the-glow\\\/#organization\"},\"potentialAction\":[{\"@type\":\"SearchAction\",\"target\":{\"@type\":\"EntryPoint\",\"urlTemplate\":\"https:\\\/\\\/www.treatwell.es/in-the-glow\\\/?s={search_term_string}\"},\"query-input\":{\"@type\":\"PropertyValueSpecification\",\"valueRequired\":true,\"valueName\":\"search_term_string\"}}],\"inLanguage\":\"es\"},{\"@type\":\"Organization\",\"@id\":\"https:\\\/\\\/www.treatwell.es/in-the-glow\\\/#organization\",\"name\":\"Treatwell\",\"url\":\"https:\\\/\\\/www.treatwell.es/in-the-glow\\\/\",\"logo\":{\"@type\":\"ImageObject\",\"inLanguage\":\"es\",\"@id\":\"https:\\\/\\\/www.treatwell.es/in-the-glow\\\/#\\\/schema\\\/logo\\\/image\\\/\",\"url\":\"https:\\\/\\\/www.treatwell.es/in-the-glow\\\/wp-content\\\/uploads\\\/sites\\\/10\\\/2022\\\/03\\\/logo_treatwell.png\",\"contentUrl\":\"https:\\\/\\\/www.treatwell.es/in-the-glow\\\/wp-content\\\/uploads\\\/sites\\\/10\\\/2022\\\/03\\\/logo_treatwell.png\",\"width\":889,\"height\":164,\"caption\":\"Treatwell\"},\"image\":{\"@id\":\"https:\\\/\\\/www.treatwell.es/in-the-glow\\\/#\\\/schema\\\/logo\\\/image\\\/\"}},{\"@type\":\"Person\",\"@id\":\"https:\\\/\\\/www.treatwell.es/in-the-glow\\\/#\\\/schema\\\/person\\\/45be8f7781947e6c6d31f4b658271bf6\",\"name\":\"Beth Ryan\",\"image\":{\"@type\":\"ImageObject\",\"inLanguage\":\"es\",\"@id\":\"https:\\\/\\\/secure.gravatar.com\\\/avatar\\\/93502c3b0591e62d75cc697ff3b5b8f47fef521e9dd0d61feb5570ae6d459200?s=96&d=mm&r=g\",\"url\":\"https:\\\/\\\/secure.gravatar.com\\\/avatar\\\/93502c3b0591e62d75cc697ff3b5b8f47fef521e9dd0d61feb5570ae6d459200?s=96&d=mm&r=g\",\"contentUrl\":\"https:\\\/\\\/secure.gravatar.com\\\/avatar\\\/93502c3b0591e62d75cc697ff3b5b8f47fef521e9dd0d61feb5570ae6d459200?s=96&d=mm&r=g\",\"caption\":\"Beth Ryan\"},\"url\":\"https:\\\/\\\/www.treatwell.es/in-the-glow\\\/author\\\/bethanyryan\\\/\"}]}<\/script>\n<!-- \/ Yoast SEO plugin. -->","yoast_head_json":{"title":"Tratamientos belleza imprescindibles verano: gu\u00eda f\u00e1cil | Treatwell","description":"Descubre los tratamientos de belleza clave para verano: cejas, pesta\u00f1as, capilar, depilaci\u00f3n, u\u00f1as y m\u00e1s. Simplifica tu rutina y disfruta vacaciones sin preocupaciones.","robots":{"index":"index","follow":"follow","max-snippet":"max-snippet:-1","max-image-preview":"max-image-preview:large","max-video-preview":"max-video-preview:-1"},"canonical":"https:\/\/www.treatwell.es/in-the-glow\/tratamientos-belleza-verano\/","og_locale":"es_ES","og_type":"article","og_title":"Tratamientos belleza imprescindibles verano: gu\u00eda f\u00e1cil | Treatwell","og_description":"Descubre los tratamientos de belleza clave para verano: cejas, pesta\u00f1as, capilar, depilaci\u00f3n, u\u00f1as y m\u00e1s. Simplifica tu rutina y disfruta vacaciones sin preocupaciones.","og_url":"https:\/\/www.treatwell.es/in-the-glow\/tratamientos-belleza-verano\/","og_site_name":"In The Glow","article_published_time":"2021-08-04T08:00:05+00:00","article_modified_time":"2025-12-15T22:55:05+00:00","og_image":[{"width":502,"height":628,"url":"https:\/\/www.treatwell.es/in-the-glow\/wp-content\/uploads\/sites\/10\/2022\/03\/laura.spinney.creative_47584621_473067693098066_2516501394314300653_n.jpg","type":"image\/jpeg"}],"author":"Beth Ryan","twitter_card":"summary_large_image","twitter_misc":{"Escrito por":"Beth Ryan","Tiempo de lectura":"2 minutos"},"schema":{"@context":"https:\/\/schema.org","@graph":[{"@type":"Article","@id":"https:\/\/www.treatwell.es/in-the-glow\/tratamientos-belleza-verano\/#article","isPartOf":{"@id":"https:\/\/www.treatwell.es/in-the-glow\/tratamientos-belleza-verano\/"},"author":{"name":"Beth Ryan","@id":"https:\/\/www.treatwell.es/in-the-glow\/#\/schema\/person\/45be8f7781947e6c6d31f4b658271bf6"},"headline":"Los tratamientos de belleza imprescindibles del verano","datePublished":"2021-08-04T08:00:05+00:00","dateModified":"2025-12-15T22:55:05+00:00","mainEntityOfPage":{"@id":"https:\/\/www.treatwell.es/in-the-glow\/tratamientos-belleza-verano\/"},"wordCount":431,"publisher":{"@id":"https:\/\/www.treatwell.es/in-the-glow\/#organization"},"image":{"@id":"https:\/\/www.treatwell.es/in-the-glow\/tratamientos-belleza-verano\/#primaryimage"},"thumbnailUrl":"https:\/\/www.treatwell.es/in-the-glow\/wp-content\/uploads\/sites\/10\/2022\/03\/laura.spinney.creative_47584621_473067693098066_2516501394314300653_n.jpg","keywords":["Body","Body Sculpting","Face","Hair Colouring and Highlights","Haircuts and Hairdressing"],"articleSection":["Beauty"],"inLanguage":"es"},{"@type":"WebPage","@id":"https:\/\/www.treatwell.es/in-the-glow\/tratamientos-belleza-verano\/","url":"https:\/\/www.treatwell.es/in-the-glow\/tratamientos-belleza-verano\/","name":"Tratamientos belleza imprescindibles verano: gu\u00eda f\u00e1cil | Treatwell","isPartOf":{"@id":"https:\/\/www.treatwell.es/in-the-glow\/#website"},"primaryImageOfPage":{"@id":"https:\/\/www.treatwell.es/in-the-glow\/tratamientos-belleza-verano\/#primaryimage"},"image":{"@id":"https:\/\/www.treatwell.es/in-the-glow\/tratamientos-belleza-verano\/#primaryimage"},"thumbnailUrl":"https:\/\/www.treatwell.es/in-the-glow\/wp-content\/uploads\/sites\/10\/2022\/03\/laura.spinney.creative_47584621_473067693098066_2516501394314300653_n.jpg","datePublished":"2021-08-04T08:00:05+00:00","dateModified":"2025-12-15T22:55:05+00:00","description":"Descubre los tratamientos de belleza clave para verano: cejas, pesta\u00f1as, capilar, depilaci\u00f3n, u\u00f1as y m\u00e1s. Simplifica tu rutina y disfruta vacaciones sin preocupaciones.","breadcrumb":{"@id":"https:\/\/www.treatwell.es/in-the-glow\/tratamientos-belleza-verano\/#breadcrumb"},"inLanguage":"es","potentialAction":[{"@type":"ReadAction","target":["https:\/\/www.treatwell.es/in-the-glow\/tratamientos-belleza-verano\/"]}]},{"@type":"ImageObject","inLanguage":"es","@id":"https:\/\/www.treatwell.es/in-the-glow\/tratamientos-belleza-verano\/#primaryimage","url":"https:\/\/www.treatwell.es/in-the-glow\/wp-content\/uploads\/sites\/10\/2022\/03\/laura.spinney.creative_47584621_473067693098066_2516501394314300653_n.jpg","contentUrl":"https:\/\/www.treatwell.es/in-the-glow\/wp-content\/uploads\/sites\/10\/2022\/03\/laura.spinney.creative_47584621_473067693098066_2516501394314300653_n.jpg","width":502,"height":628},{"@type":"BreadcrumbList","@id":"https:\/\/www.treatwell.es/in-the-glow\/tratamientos-belleza-verano\/#breadcrumb","itemListElement":[{"@type":"ListItem","position":1,"name":"Home","item":"https:\/\/www.treatwell.es/in-the-glow\/"},{"@type":"ListItem","position":2,"name":"Beauty","item":"https:\/\/www.treatwell.es/in-the-glow\/beauty\/"},{"@type":"ListItem","position":3,"name":"Los tratamientos de belleza imprescindibles del verano"}]},{"@type":"WebSite","@id":"https:\/\/www.treatwell.es/in-the-glow\/#website","url":"https:\/\/www.treatwell.es/in-the-glow\/","name":"In The Glow","description":"Belleza. Pelo. Lifestyle.","publisher":{"@id":"https:\/\/www.treatwell.es/in-the-glow\/#organization"},"potentialAction":[{"@type":"SearchAction","target":{"@type":"EntryPoint","urlTemplate":"https:\/\/www.treatwell.es/in-the-glow\/?s={search_term_string}"},"query-input":{"@type":"PropertyValueSpecification","valueRequired":true,"valueName":"search_term_string"}}],"inLanguage":"es"},{"@type":"Organization","@id":"https:\/\/www.treatwell.es/in-the-glow\/#organization","name":"Treatwell","url":"https:\/\/www.treatwell.es/in-the-glow\/","logo":{"@type":"ImageObject","inLanguage":"es","@id":"https:\/\/www.treatwell.es/in-the-glow\/#\/schema\/logo\/image\/","url":"https:\/\/www.treatwell.es/in-the-glow\/wp-content\/uploads\/sites\/10\/2022\/03\/logo_treatwell.png","contentUrl":"https:\/\/www.treatwell.es/in-the-glow\/wp-content\/uploads\/sites\/10\/2022\/03\/logo_treatwell.png","width":889,"height":164,"caption":"Treatwell"},"image":{"@id":"https:\/\/www.treatwell.es/in-the-glow\/#\/schema\/logo\/image\/"}},{"@type":"Person","@id":"https:\/\/www.treatwell.es/in-the-glow\/#\/schema\/person\/45be8f7781947e6c6d31f4b658271bf6","name":"Beth Ryan","image":{"@type":"ImageObject","inLanguage":"es","@id":"https:\/\/secure.gravatar.com\/avatar\/93502c3b0591e62d75cc697ff3b5b8f47fef521e9dd0d61feb5570ae6d459200?s=96&d=mm&r=g","url":"https:\/\/secure.gravatar.com\/avatar\/93502c3b0591e62d75cc697ff3b5b8f47fef521e9dd0d61feb5570ae6d459200?s=96&d=mm&r=g","contentUrl":"https:\/\/secure.gravatar.com\/avatar\/93502c3b0591e62d75cc697ff3b5b8f47fef521e9dd0d61feb5570ae6d459200?s=96&d=mm&r=g","caption":"Beth Ryan"},"url":"https:\/\/www.treatwell.es/in-the-glow\/author\/bethanyryan\/"}]}},"featured_image_src":"https:\/\/www.treatwell.es/in-the-glow\/wp-content\/uploads\/sites\/10\/2022\/03\/laura.spinney.creative_47584621_473067693098066_2516501394314300653_n-502x400.jpg","featured_image_src_square":"https:\/\/www.treatwell.es/in-the-glow\/wp-content\/uploads\/sites\/10\/2022\/03\/laura.spinney.creative_47584621_473067693098066_2516501394314300653_n-502x600.jpg","author_info":{"display_name":"Beth Ryan","author_link":"https:\/\/www.treatwell.es/in-the-glow\/author\/bethanyryan\/"},"_links":{"self":[{"href":"https:\/\/www.treatwell.es\/in-the-glow\/wp-json\/wp\/v2\/posts\/31160","targetHints":{"allow":["GET"]}}],"collection":[{"href":"https:\/\/www.treatwell.es\/in-the-glow\/wp-json\/wp\/v2\/posts"}],"about":[{"href":"https:\/\/www.treatwell.es\/in-the-glow\/wp-json\/wp\/v2\/types\/post"}],"author":[{"embeddable":true,"href":"https:\/\/www.treatwell.es\/in-the-glow\/wp-json\/wp\/v2\/users\/3366"}],"replies":[{"embeddable":true,"href":"https:\/\/www.treatwell.es\/in-the-glow\/wp-json\/wp\/v2\/comments?post=31160"}],"version-history":[{"count":0,"href":"https:\/\/www.treatwell.es\/in-the-glow\/wp-json\/wp\/v2\/posts\/31160\/revisions"}],"wp:featuredmedia":[{"embeddable":true,"href":"https:\/\/www.treatwell.es\/in-the-glow\/wp-json\/wp\/v2\/media\/31165"}],"wp:attachment":[{"href":"https:\/\/www.treatwell.es\/in-the-glow\/wp-json\/wp\/v2\/media?parent=31160"}],"wp:term":[{"taxonomy":"category","embeddable":true,"href":"https:\/\/www.treatwell.es\/in-the-glow\/wp-json\/wp\/v2\/categories?post=31160"},{"taxonomy":"post_tag","embeddable":true,"href":"https:\/\/www.treatwell.es\/in-the-glow\/wp-json\/wp\/v2\/tags?post=31160"}],"curies":[{"name":"wp","href":"https:\/\/api.w.org\/{rel}","templated":true}]}}