{"id":31305,"date":"2021-09-03T16:41:58","date_gmt":"2021-09-03T14:41:58","guid":{"rendered":"https:\/\/www.treatwell.es\/in-the-glow\/?p=27572"},"modified":"2025-12-15T23:55:05","modified_gmt":"2025-12-15T22:55:05","slug":"cortes-pelo-otono-2021","status":"publish","type":"post","link":"https:\/\/www.treatwell.es/in-the-glow\/cortes-pelo-otono-2021\/","title":{"rendered":"Querido oto\u00f1o: estos son los cortes de pelo de tu 2021"},"content":{"rendered":"<p class=\"_04xlpA direction-ltr align-center para-style-body\"><span class=\"JsGRdQ\">No s\u00e9 vosotros pero, en mi caso, el\u00a0<em>back to school<\/em> siempre estuvo marcado por los cortes de pelo con los que aparec\u00edamos todos en las aulas tras el verano. \u00d1i, bendita nostalgia. Y yo, que siempre so\u00f1\u00e9 con hacer una entrada triunfal desde 1\u00ba de primaria con un <a href=\"https:\/\/www.treatwell.es\/in-the-glow\/mermaid-waves-ondas-sirena-paso-a-paso\/\">melen\u00f3n a lo sirena<\/a>, a\u00f1o tras a\u00f1o aparec\u00eda con un bob cada vez m\u00e1s corto. De ah\u00ed mi obsesi\u00f3n con la melenas XXL.<\/span><\/p>\n<p class=\"_04xlpA direction-ltr align-center para-style-body\"><span class=\"JsGRdQ\">Pelilargas, pelicortas y lectoras dubitatibas: este oto\u00f1o viene cargado de estilos para todos los gustos, colores y largos. Pero -OJO- si mi madre siguiera encarg\u00e1ndose de mi estilismo capilar, confieso que este a\u00f1o ir\u00eda a la \u00faltima porque el bob es el corte oto\u00f1al por excelencia. Querido oto\u00f1o (dos puntos) estos son los cortes de pelo que marcar\u00e1n tu estaci\u00f3n.<\/span><\/p>\n<p>-Miryam<\/p>\n<div class=\"schema-faq wp-block-yoast-faq-block\">\n<div class=\"schema-faq-section\" id=\"faq-question-1765837466220\">\n<h3 class=\"schema-faq-question\">\u00bfQu\u00e9 es el corte de pelo &#8220;bob&#8221; y por qu\u00e9 es tan popular?<\/h3>\n<p class=\"schema-faq-answer\">El bob es un corte que lleva el cabello &#8220;por debajo de la oreja&#8221; o &#8220;al ras de la mand\u00edbula&#8221;. Destaca por su versatilidad y favorece a cualquier tipo de textura capilar. Puedes llevarlo recto, a capas, ultra liso o rizado, consiguiendo resultados impecables o un toque &#8216;messy&#8217;.<\/div>\n<div class=\"schema-faq-section\" id=\"faq-question-1765837466221\">\n<h3 class=\"schema-faq-question\">\u00bfEn qu\u00e9 consiste el flequillo &#8220;baby bang&#8221;?<\/h3>\n<p class=\"schema-faq-answer\">El &#8216;baby bang&#8217; es un flequillo recto y ultra corto inspirado en iconos como Audrey Hepburn. Puedes elegir la densidad y perfecci\u00f3n que prefieras, e incluso abrirlo hacia la mitad para conseguir un look personalizado. Este flequillo aporta personalidad y un aire renovado a cualquier estilo.<\/div>\n<div class=\"schema-faq-section\" id=\"faq-question-1765837466222\">\n<h3 class=\"schema-faq-question\">\u00bfQu\u00e9 ventajas ofrece el corte &#8220;lob&#8221;?<\/h3>\n<p class=\"schema-faq-answer\">El lob es la versi\u00f3n larga del bob; su largo no excede de las clav\u00edculas. Este corte aporta un aspecto superfresco, saneado y elegante, adem\u00e1s de permitir recogidos. Reclama bajo mantenimiento y admite variaciones con asimetr\u00edas si buscas algo menos tradicional.<\/div>\n<div class=\"schema-faq-section\" id=\"faq-question-1765837466223\">\n<h3 class=\"schema-faq-question\">\u00bfC\u00f3mo elegir un corte con capas discreto y moderno?<\/h3>\n<p class=\"schema-faq-answer\">Elige capas largas, invisibles y poco marcadas para aportar movimiento a tu melena sin un efecto exagerado. Las capas actuales priorizan la naturalidad y un acabado sofisticado. Recuerda que esta tendencia se aleja de los capeados llamativos de los noventa.<\/div>\n<div class=\"schema-faq-section\" id=\"faq-question-1765837466224\">\n<h3 class=\"schema-faq-question\">\u00bfSe llevan las melenas extra largas esta temporada?<\/h3>\n<p class=\"schema-faq-answer\">Las melenas XXL siguen de moda y apuestan por un largo extremo, mayor al t\u00edpico cabello largo. Esta tendencia mezcla un estilo de cuento como el de Rapunzel con la sofisticaci\u00f3n moderna, ideal si buscas un toque impactante y femenino.<\/div>\n<\/p><\/div>\n","protected":false},"excerpt":{"rendered":"<p>No s\u00e9 vosotros pero, en mi caso, el\u00a0back to school siempre estuvo marcado por los cortes de pelo con los que aparec\u00edamos todos en las aulas tras el verano. \u00d1i, bendita nostalgia. Y yo, que siempre so\u00f1\u00e9 con hacer una entrada triunfal desde 1\u00ba de primaria con un melen\u00f3n a lo sirena, a\u00f1o tras a\u00f1o [&hellip;]<\/p>\n","protected":false},"author":3366,"featured_media":31313,"comment_status":"closed","ping_status":"closed","sticky":false,"template":"","format":"standard","meta":{"_acf_changed":false,"_yoast_wpseo_title":"Cortes de pelo tendencia oto\u00f1o: bob, pixie, lob y m\u00e1s | Treatwell","_yoast_wpseo_metadesc":"Descubre los cortes de pelo tendencia este oto\u00f1o: bob, pixie, lob, capas invisibles y melenas XXL. Encuentra el estilo que se adapta a ti y luce un look renovado.","_genesis_hide_title":false,"_genesis_hide_breadcrumbs":false,"_genesis_hide_singular_image":false,"_genesis_hide_footer_widgets":false,"_genesis_custom_body_class":"","_genesis_custom_post_class":"","_genesis_layout":"","saswp_custom_schema_field":"{\"@context\":\"https:\/\/schema.org\",\"@type\":\"FAQPage\",\"mainEntity\":[{\"@type\":\"Question\",\"name\":\"\u00bfQu\u00e9 es el corte de pelo \\\"bob\\\" y por qu\u00e9 es tan popular?\",\"acceptedAnswer\":{\"@type\":\"Answer\",\"text\":\"El bob es un corte que lleva el cabello \\\"por debajo de la oreja\\\" o \\\"al ras de la mand\u00edbula\\\". Destaca por su versatilidad y favorece a cualquier tipo de textura capilar. Puedes llevarlo recto, a capas, ultra liso o rizado, consiguiendo resultados impecables o un toque 'messy'.\"}},{\"@type\":\"Question\",\"name\":\"\u00bfEn qu\u00e9 consiste el flequillo \\\"baby bang\\\"?\",\"acceptedAnswer\":{\"@type\":\"Answer\",\"text\":\"El 'baby bang' es un flequillo recto y ultra corto inspirado en iconos como Audrey Hepburn. Puedes elegir la densidad y perfecci\u00f3n que prefieras, e incluso abrirlo hacia la mitad para conseguir un look personalizado. Este flequillo aporta personalidad y un aire renovado a cualquier estilo.\"}},{\"@type\":\"Question\",\"name\":\"\u00bfQu\u00e9 ventajas ofrece el corte \\\"lob\\\"?\",\"acceptedAnswer\":{\"@type\":\"Answer\",\"text\":\"El lob es la versi\u00f3n larga del bob; su largo no excede de las clav\u00edculas. Este corte aporta un aspecto superfresco, saneado y elegante, adem\u00e1s de permitir recogidos. Reclama bajo mantenimiento y admite variaciones con asimetr\u00edas si buscas algo menos tradicional.\"}},{\"@type\":\"Question\",\"name\":\"\u00bfC\u00f3mo elegir un corte con capas discreto y moderno?\",\"acceptedAnswer\":{\"@type\":\"Answer\",\"text\":\"Elige capas largas, invisibles y poco marcadas para aportar movimiento a tu melena sin un efecto exagerado. Las capas actuales priorizan la naturalidad y un acabado sofisticado. Recuerda que esta tendencia se aleja de los capeados llamativos de los noventa.\"}},{\"@type\":\"Question\",\"name\":\"\u00bfSe llevan las melenas extra largas esta temporada?\",\"acceptedAnswer\":{\"@type\":\"Answer\",\"text\":\"Las melenas XXL siguen de moda y apuestan por un largo extremo, mayor al t\u00edpico cabello largo. Esta tendencia mezcla un estilo de cuento como el de Rapunzel con la sofisticaci\u00f3n moderna, ideal si buscas un toque impactante y femenino.\"}}]}","footnotes":""},"categories":[4],"tags":[27,48,10],"class_list":{"0":"post-31305","1":"post","2":"type-post","3":"status-publish","4":"format-standard","5":"has-post-thumbnail","7":"category-beauty","8":"tag-tt6","9":"tag-tr273","10":"tag-tr166","11":"entry"},"acf":{"post_credits":"Cr\u00e9ditos de las im\u00e1genes: Shutterstock, Instagram: @spaceykacey, @ursulolita, @victoriabeckham, @mariafrubies, @lauraescanes, @ana_d_armas, @mariapombo, @badgalriri, @zoeisabellakravitz, @blanca_suarez, @madamederosa, @kyliejenner","beauty_blog_post_button_title":"","beauty_blog_post_button":"","landscape_picture":31312,"blocks":[{"block_title":"? Bang, baby ?","block_content":"<p>Si bien es cierto que los flequillos han estado inundando nuestros feeds desde 2020, tambi&eacute;n hay que darle a este a&ntilde;o&nbsp;lo que es suyo: el&nbsp;<strong>&#039;baby bang&#039;<\/strong> o el micro-flequillo dosmilero que ha rescatado el 2021 como oda al estilo y la personalidad. &iquest;En qu&eacute; consiste? Pues es nada m&aacute;s y nada menos que el&nbsp;flequillo recto que ya luc&iacute;a&nbsp;Audrey Hepburn en 1950, Uma Thurman en 1994 o Gwen Stefani, pero en versi&oacute;n centennial. Y es que, como estar&aacute;s hart@ de o&iacute;r, todo -TODO- vuelve. Adem&aacute;s, puedes jugar con la densidad y la perfecci&oacute;n del flequillo para darle un toque m&aacute;s dejado, o abrirlo hacia la mitad para convertirte en Lady Daphne (Los Bridgerton). C&oacute;mo lo ves, &iquest;te atreves?<\/p>\n","video_content":"","block_picture":31306},{"block_title":"Long bob= 'Lob'","block_content":"<p>Admit&aacute;moslo: el lob es el corte de pelo de la d&eacute;cada. Un estilo perfecto que aporta una apriencia *mega* saneada a nuestra melena, adem&aacute;s de un look desenfadado pero elegante que admite los recogidos (dato importante). Si est&aacute;s buscando un corte&nbsp;de bajo mantenimiento, pide un lob: lo ideal es que el largo no exceda de las clav&iacute;culas, pero puedes jugar con la asimetr&iacute;a si te aburre tanta perfecci&oacute;n.&nbsp;<\/p>\n","video_content":"","block_picture":31307},{"block_title":"Bob ?","block_content":"<p>Todas hemos tenido un &#039;bob&#039; en nuestras vidas. El m&iacute;o, como ya os he contado, dur&oacute; desde que mi pelo vino al mundo hasta bien entrados los 14, que se dice pronto. Si nunca has llevado el pelo &quot;por debajo de la oreja&quot; o &quot;al ras de la mand&iacute;bula&quot; (lo siento, pero en las peluquer&iacute;as no ped&iacute;amos un&nbsp;&#039;bob&#039;), igual deber&iacute;as atreverte a probarlo. &iquest;Favorece? Mucho. &iquest;Es vers&aacute;til? S&iacute;, aunque no lo parezca: funciona con cualquier textura capilar y es el corte perfecto para resultados&nbsp;pulcros y contundentes, pero tambi&eacute;n podr&aacute;s darle un punto &#039;messy&#039; con ondas, flequillos o apostando por acabados&nbsp;asim&eacute;tricos como Victoria Beckham. Recto, a capas, ultra liso, rizado... Lo dicho, ya existe un bob para ti.<\/p>\n","video_content":"","block_picture":31308},{"block_title":"A capas, pero shhh","block_content":"<p>Como llevamos diciendo *mucho* tiempo, vuelven los 90 y con ellos, &iexcl;las capas! Y como para muestra basta una tendencia, recordemos el famoso corte &#039;<a href=\"https:\/\/www.treatwell.es\/in-the-glow\/mullet-corte-de-pelo\/\">mullet<\/a>&#039; y el &#039;<a href=\"https:\/\/www.treatwell.es\/in-the-glow\/wolf-cut-corte-de-pelo\/\">wolf-cut<\/a>&#039;, los dos h&eacute;roes de las capas (nunca mejor dicho) en&nbsp;2021. Sin embargo, a partir de este oto&ntilde;o, el capeado se pide&nbsp;casi inapreciable, invisible&nbsp;y LARGO&nbsp;ya que la idea es aportar movimiento a la melena sin capas marcadas.&nbsp;As&iacute; que ya sabes, pide cita con tu estilista <em>fav<\/em> y a desfilar (ese pelazo).<\/p>\n","video_content":"","block_picture":31309},{"block_title":"Pixie","block_content":"<p>Ay, el eterno &#039;pixie&#039;, el &#039;quiero y no puedo&#039; de mi pelo... Me declaro fan absoluta de este corte y de todas las personas que lo llevan: desde su versi&oacute;n m&aacute;s cl&aacute;sica al bowlcut (<em>aka<\/em> pelo a taz&oacute;n). Y es que, el pixie, vuelve como tendencia absoluta y con todas sus versiones para terminar de enamorarnos. Si crees que ya va siendo hora de cortar por lo sano, &iexcl;s&uacute;bete al <em>pixietren!<\/em><\/p>\n","video_content":"","block_picture":31310},{"block_title":"Pelilargas, al poder","block_content":"<p>Si, como a m&iacute;, te obsesiona el pelo largo (rozando casi los l&iacute;mites del elfo mundo) est&aacute;s de enhorabuena: aunque parezca lo contrario y todo apunte a que se lleva el pelo corto, la melena XXL (tambi&eacute;n) est&aacute; de moda. Eso s&iacute;, cuando decimos XXL, no nos referimos al t&iacute;pico pelo largo sino que vamos un &#039;pel&iacute;n&#039; m&aacute;s all&aacute; apostando por algo m&aacute;s extremo: un h&iacute;brido&nbsp;entre Rapunzel&nbsp;y las Kardashian. Chan.<\/p>\n","video_content":"","block_picture":31311}]},"yoast_head":"<!-- This site is optimized with the Yoast SEO plugin v27.4 - https:\/\/yoast.com\/product\/yoast-seo-wordpress\/ -->\n<title>Cortes de pelo tendencia oto\u00f1o: bob, pixie, lob y m\u00e1s | Treatwell<\/title>\n<meta name=\"description\" content=\"Descubre los cortes de pelo tendencia este oto\u00f1o: bob, pixie, lob, capas invisibles y melenas XXL. Encuentra el estilo que se adapta a ti y luce un look renovado.\" \/>\n<meta name=\"robots\" content=\"index, follow, max-snippet:-1, max-image-preview:large, max-video-preview:-1\" \/>\n<link rel=\"canonical\" href=\"https:\/\/www.treatwell.es/in-the-glow\/cortes-pelo-otono-2021\/\" \/>\n<meta property=\"og:locale\" content=\"es_ES\" \/>\n<meta property=\"og:type\" content=\"article\" \/>\n<meta property=\"og:title\" content=\"Cortes de pelo tendencia oto\u00f1o: bob, pixie, lob y m\u00e1s | Treatwell\" \/>\n<meta property=\"og:description\" content=\"Descubre los cortes de pelo tendencia este oto\u00f1o: bob, pixie, lob, capas invisibles y melenas XXL. Encuentra el estilo que se adapta a ti y luce un look renovado.\" \/>\n<meta property=\"og:url\" content=\"https:\/\/www.treatwell.es/in-the-glow\/cortes-pelo-otono-2021\/\" \/>\n<meta property=\"og:site_name\" content=\"In The Glow\" \/>\n<meta property=\"article:published_time\" content=\"2021-09-03T14:41:58+00:00\" \/>\n<meta property=\"article:modified_time\" content=\"2025-12-15T22:55:05+00:00\" \/>\n<meta property=\"og:image\" content=\"https:\/\/www.treatwell.es/in-the-glow\/wp-content\/uploads\/sites\/10\/2022\/03\/mariapombo_235868273_951466142454077_1674749310794216110_n.jpg\" \/>\n\t<meta property=\"og:image:width\" content=\"502\" \/>\n\t<meta property=\"og:image:height\" content=\"628\" \/>\n\t<meta property=\"og:image:type\" content=\"image\/jpeg\" \/>\n<meta name=\"author\" content=\"Beth Ryan\" \/>\n<meta name=\"twitter:card\" content=\"summary_large_image\" \/>\n<meta name=\"twitter:label1\" content=\"Escrito por\" \/>\n\t<meta name=\"twitter:data1\" content=\"Beth Ryan\" \/>\n\t<meta name=\"twitter:label2\" content=\"Tiempo de lectura\" \/>\n\t<meta name=\"twitter:data2\" content=\"2 minutos\" \/>\n<script type=\"application\/ld+json\" class=\"yoast-schema-graph\">{\"@context\":\"https:\\\/\\\/schema.org\",\"@graph\":[{\"@type\":\"Article\",\"@id\":\"https:\\\/\\\/www.treatwell.es/in-the-glow\\\/cortes-pelo-otono-2021\\\/#article\",\"isPartOf\":{\"@id\":\"https:\\\/\\\/www.treatwell.es/in-the-glow\\\/cortes-pelo-otono-2021\\\/\"},\"author\":{\"name\":\"Beth Ryan\",\"@id\":\"https:\\\/\\\/www.treatwell.es/in-the-glow\\\/#\\\/schema\\\/person\\\/45be8f7781947e6c6d31f4b658271bf6\"},\"headline\":\"Querido oto\u00f1o: estos son los cortes de pelo de tu 2021\",\"datePublished\":\"2021-09-03T14:41:58+00:00\",\"dateModified\":\"2025-12-15T22:55:05+00:00\",\"mainEntityOfPage\":{\"@id\":\"https:\\\/\\\/www.treatwell.es/in-the-glow\\\/cortes-pelo-otono-2021\\\/\"},\"wordCount\":425,\"publisher\":{\"@id\":\"https:\\\/\\\/www.treatwell.es/in-the-glow\\\/#organization\"},\"image\":{\"@id\":\"https:\\\/\\\/www.treatwell.es/in-the-glow\\\/cortes-pelo-otono-2021\\\/#primaryimage\"},\"thumbnailUrl\":\"https:\\\/\\\/www.treatwell.es/in-the-glow\\\/wp-content\\\/uploads\\\/sites\\\/10\\\/2022\\\/03\\\/mariapombo_235868273_951466142454077_1674749310794216110_n.jpg\",\"keywords\":[\"Hair\",\"Hair Colouring and Highlights\",\"Haircuts and Hairdressing\"],\"articleSection\":[\"Beauty\"],\"inLanguage\":\"es\"},{\"@type\":\"WebPage\",\"@id\":\"https:\\\/\\\/www.treatwell.es/in-the-glow\\\/cortes-pelo-otono-2021\\\/\",\"url\":\"https:\\\/\\\/www.treatwell.es/in-the-glow\\\/cortes-pelo-otono-2021\\\/\",\"name\":\"Cortes de pelo tendencia oto\u00f1o: bob, pixie, lob y m\u00e1s | Treatwell\",\"isPartOf\":{\"@id\":\"https:\\\/\\\/www.treatwell.es/in-the-glow\\\/#website\"},\"primaryImageOfPage\":{\"@id\":\"https:\\\/\\\/www.treatwell.es/in-the-glow\\\/cortes-pelo-otono-2021\\\/#primaryimage\"},\"image\":{\"@id\":\"https:\\\/\\\/www.treatwell.es/in-the-glow\\\/cortes-pelo-otono-2021\\\/#primaryimage\"},\"thumbnailUrl\":\"https:\\\/\\\/www.treatwell.es/in-the-glow\\\/wp-content\\\/uploads\\\/sites\\\/10\\\/2022\\\/03\\\/mariapombo_235868273_951466142454077_1674749310794216110_n.jpg\",\"datePublished\":\"2021-09-03T14:41:58+00:00\",\"dateModified\":\"2025-12-15T22:55:05+00:00\",\"description\":\"Descubre los cortes de pelo tendencia este oto\u00f1o: bob, pixie, lob, capas invisibles y melenas XXL. Encuentra el estilo que se adapta a ti y luce un look renovado.\",\"breadcrumb\":{\"@id\":\"https:\\\/\\\/www.treatwell.es/in-the-glow\\\/cortes-pelo-otono-2021\\\/#breadcrumb\"},\"inLanguage\":\"es\",\"potentialAction\":[{\"@type\":\"ReadAction\",\"target\":[\"https:\\\/\\\/www.treatwell.es/in-the-glow\\\/cortes-pelo-otono-2021\\\/\"]}]},{\"@type\":\"ImageObject\",\"inLanguage\":\"es\",\"@id\":\"https:\\\/\\\/www.treatwell.es/in-the-glow\\\/cortes-pelo-otono-2021\\\/#primaryimage\",\"url\":\"https:\\\/\\\/www.treatwell.es/in-the-glow\\\/wp-content\\\/uploads\\\/sites\\\/10\\\/2022\\\/03\\\/mariapombo_235868273_951466142454077_1674749310794216110_n.jpg\",\"contentUrl\":\"https:\\\/\\\/www.treatwell.es/in-the-glow\\\/wp-content\\\/uploads\\\/sites\\\/10\\\/2022\\\/03\\\/mariapombo_235868273_951466142454077_1674749310794216110_n.jpg\",\"width\":502,\"height\":628},{\"@type\":\"BreadcrumbList\",\"@id\":\"https:\\\/\\\/www.treatwell.es/in-the-glow\\\/cortes-pelo-otono-2021\\\/#breadcrumb\",\"itemListElement\":[{\"@type\":\"ListItem\",\"position\":1,\"name\":\"Home\",\"item\":\"https:\\\/\\\/www.treatwell.es/in-the-glow\\\/\"},{\"@type\":\"ListItem\",\"position\":2,\"name\":\"Beauty\",\"item\":\"https:\\\/\\\/www.treatwell.es/in-the-glow\\\/beauty\\\/\"},{\"@type\":\"ListItem\",\"position\":3,\"name\":\"Querido oto\u00f1o: estos son los cortes de pelo de tu 2021\"}]},{\"@type\":\"WebSite\",\"@id\":\"https:\\\/\\\/www.treatwell.es/in-the-glow\\\/#website\",\"url\":\"https:\\\/\\\/www.treatwell.es/in-the-glow\\\/\",\"name\":\"In The Glow\",\"description\":\"Belleza. Pelo. Lifestyle.\",\"publisher\":{\"@id\":\"https:\\\/\\\/www.treatwell.es/in-the-glow\\\/#organization\"},\"potentialAction\":[{\"@type\":\"SearchAction\",\"target\":{\"@type\":\"EntryPoint\",\"urlTemplate\":\"https:\\\/\\\/www.treatwell.es/in-the-glow\\\/?s={search_term_string}\"},\"query-input\":{\"@type\":\"PropertyValueSpecification\",\"valueRequired\":true,\"valueName\":\"search_term_string\"}}],\"inLanguage\":\"es\"},{\"@type\":\"Organization\",\"@id\":\"https:\\\/\\\/www.treatwell.es/in-the-glow\\\/#organization\",\"name\":\"Treatwell\",\"url\":\"https:\\\/\\\/www.treatwell.es/in-the-glow\\\/\",\"logo\":{\"@type\":\"ImageObject\",\"inLanguage\":\"es\",\"@id\":\"https:\\\/\\\/www.treatwell.es/in-the-glow\\\/#\\\/schema\\\/logo\\\/image\\\/\",\"url\":\"https:\\\/\\\/www.treatwell.es/in-the-glow\\\/wp-content\\\/uploads\\\/sites\\\/10\\\/2022\\\/03\\\/logo_treatwell.png\",\"contentUrl\":\"https:\\\/\\\/www.treatwell.es/in-the-glow\\\/wp-content\\\/uploads\\\/sites\\\/10\\\/2022\\\/03\\\/logo_treatwell.png\",\"width\":889,\"height\":164,\"caption\":\"Treatwell\"},\"image\":{\"@id\":\"https:\\\/\\\/www.treatwell.es/in-the-glow\\\/#\\\/schema\\\/logo\\\/image\\\/\"}},{\"@type\":\"Person\",\"@id\":\"https:\\\/\\\/www.treatwell.es/in-the-glow\\\/#\\\/schema\\\/person\\\/45be8f7781947e6c6d31f4b658271bf6\",\"name\":\"Beth Ryan\",\"image\":{\"@type\":\"ImageObject\",\"inLanguage\":\"es\",\"@id\":\"https:\\\/\\\/secure.gravatar.com\\\/avatar\\\/93502c3b0591e62d75cc697ff3b5b8f47fef521e9dd0d61feb5570ae6d459200?s=96&d=mm&r=g\",\"url\":\"https:\\\/\\\/secure.gravatar.com\\\/avatar\\\/93502c3b0591e62d75cc697ff3b5b8f47fef521e9dd0d61feb5570ae6d459200?s=96&d=mm&r=g\",\"contentUrl\":\"https:\\\/\\\/secure.gravatar.com\\\/avatar\\\/93502c3b0591e62d75cc697ff3b5b8f47fef521e9dd0d61feb5570ae6d459200?s=96&d=mm&r=g\",\"caption\":\"Beth Ryan\"},\"url\":\"https:\\\/\\\/www.treatwell.es/in-the-glow\\\/author\\\/bethanyryan\\\/\"}]}<\/script>\n<!-- \/ Yoast SEO plugin. -->","yoast_head_json":{"title":"Cortes de pelo tendencia oto\u00f1o: bob, pixie, lob y m\u00e1s | Treatwell","description":"Descubre los cortes de pelo tendencia este oto\u00f1o: bob, pixie, lob, capas invisibles y melenas XXL. Encuentra el estilo que se adapta a ti y luce un look renovado.","robots":{"index":"index","follow":"follow","max-snippet":"max-snippet:-1","max-image-preview":"max-image-preview:large","max-video-preview":"max-video-preview:-1"},"canonical":"https:\/\/www.treatwell.es/in-the-glow\/cortes-pelo-otono-2021\/","og_locale":"es_ES","og_type":"article","og_title":"Cortes de pelo tendencia oto\u00f1o: bob, pixie, lob y m\u00e1s | Treatwell","og_description":"Descubre los cortes de pelo tendencia este oto\u00f1o: bob, pixie, lob, capas invisibles y melenas XXL. Encuentra el estilo que se adapta a ti y luce un look renovado.","og_url":"https:\/\/www.treatwell.es/in-the-glow\/cortes-pelo-otono-2021\/","og_site_name":"In The Glow","article_published_time":"2021-09-03T14:41:58+00:00","article_modified_time":"2025-12-15T22:55:05+00:00","og_image":[{"width":502,"height":628,"url":"https:\/\/www.treatwell.es/in-the-glow\/wp-content\/uploads\/sites\/10\/2022\/03\/mariapombo_235868273_951466142454077_1674749310794216110_n.jpg","type":"image\/jpeg"}],"author":"Beth Ryan","twitter_card":"summary_large_image","twitter_misc":{"Escrito por":"Beth Ryan","Tiempo de lectura":"2 minutos"},"schema":{"@context":"https:\/\/schema.org","@graph":[{"@type":"Article","@id":"https:\/\/www.treatwell.es/in-the-glow\/cortes-pelo-otono-2021\/#article","isPartOf":{"@id":"https:\/\/www.treatwell.es/in-the-glow\/cortes-pelo-otono-2021\/"},"author":{"name":"Beth Ryan","@id":"https:\/\/www.treatwell.es/in-the-glow\/#\/schema\/person\/45be8f7781947e6c6d31f4b658271bf6"},"headline":"Querido oto\u00f1o: estos son los cortes de pelo de tu 2021","datePublished":"2021-09-03T14:41:58+00:00","dateModified":"2025-12-15T22:55:05+00:00","mainEntityOfPage":{"@id":"https:\/\/www.treatwell.es/in-the-glow\/cortes-pelo-otono-2021\/"},"wordCount":425,"publisher":{"@id":"https:\/\/www.treatwell.es/in-the-glow\/#organization"},"image":{"@id":"https:\/\/www.treatwell.es/in-the-glow\/cortes-pelo-otono-2021\/#primaryimage"},"thumbnailUrl":"https:\/\/www.treatwell.es/in-the-glow\/wp-content\/uploads\/sites\/10\/2022\/03\/mariapombo_235868273_951466142454077_1674749310794216110_n.jpg","keywords":["Hair","Hair Colouring and Highlights","Haircuts and Hairdressing"],"articleSection":["Beauty"],"inLanguage":"es"},{"@type":"WebPage","@id":"https:\/\/www.treatwell.es/in-the-glow\/cortes-pelo-otono-2021\/","url":"https:\/\/www.treatwell.es/in-the-glow\/cortes-pelo-otono-2021\/","name":"Cortes de pelo tendencia oto\u00f1o: bob, pixie, lob y m\u00e1s | Treatwell","isPartOf":{"@id":"https:\/\/www.treatwell.es/in-the-glow\/#website"},"primaryImageOfPage":{"@id":"https:\/\/www.treatwell.es/in-the-glow\/cortes-pelo-otono-2021\/#primaryimage"},"image":{"@id":"https:\/\/www.treatwell.es/in-the-glow\/cortes-pelo-otono-2021\/#primaryimage"},"thumbnailUrl":"https:\/\/www.treatwell.es/in-the-glow\/wp-content\/uploads\/sites\/10\/2022\/03\/mariapombo_235868273_951466142454077_1674749310794216110_n.jpg","datePublished":"2021-09-03T14:41:58+00:00","dateModified":"2025-12-15T22:55:05+00:00","description":"Descubre los cortes de pelo tendencia este oto\u00f1o: bob, pixie, lob, capas invisibles y melenas XXL. Encuentra el estilo que se adapta a ti y luce un look renovado.","breadcrumb":{"@id":"https:\/\/www.treatwell.es/in-the-glow\/cortes-pelo-otono-2021\/#breadcrumb"},"inLanguage":"es","potentialAction":[{"@type":"ReadAction","target":["https:\/\/www.treatwell.es/in-the-glow\/cortes-pelo-otono-2021\/"]}]},{"@type":"ImageObject","inLanguage":"es","@id":"https:\/\/www.treatwell.es/in-the-glow\/cortes-pelo-otono-2021\/#primaryimage","url":"https:\/\/www.treatwell.es/in-the-glow\/wp-content\/uploads\/sites\/10\/2022\/03\/mariapombo_235868273_951466142454077_1674749310794216110_n.jpg","contentUrl":"https:\/\/www.treatwell.es/in-the-glow\/wp-content\/uploads\/sites\/10\/2022\/03\/mariapombo_235868273_951466142454077_1674749310794216110_n.jpg","width":502,"height":628},{"@type":"BreadcrumbList","@id":"https:\/\/www.treatwell.es/in-the-glow\/cortes-pelo-otono-2021\/#breadcrumb","itemListElement":[{"@type":"ListItem","position":1,"name":"Home","item":"https:\/\/www.treatwell.es/in-the-glow\/"},{"@type":"ListItem","position":2,"name":"Beauty","item":"https:\/\/www.treatwell.es/in-the-glow\/beauty\/"},{"@type":"ListItem","position":3,"name":"Querido oto\u00f1o: estos son los cortes de pelo de tu 2021"}]},{"@type":"WebSite","@id":"https:\/\/www.treatwell.es/in-the-glow\/#website","url":"https:\/\/www.treatwell.es/in-the-glow\/","name":"In The Glow","description":"Belleza. Pelo. Lifestyle.","publisher":{"@id":"https:\/\/www.treatwell.es/in-the-glow\/#organization"},"potentialAction":[{"@type":"SearchAction","target":{"@type":"EntryPoint","urlTemplate":"https:\/\/www.treatwell.es/in-the-glow\/?s={search_term_string}"},"query-input":{"@type":"PropertyValueSpecification","valueRequired":true,"valueName":"search_term_string"}}],"inLanguage":"es"},{"@type":"Organization","@id":"https:\/\/www.treatwell.es/in-the-glow\/#organization","name":"Treatwell","url":"https:\/\/www.treatwell.es/in-the-glow\/","logo":{"@type":"ImageObject","inLanguage":"es","@id":"https:\/\/www.treatwell.es/in-the-glow\/#\/schema\/logo\/image\/","url":"https:\/\/www.treatwell.es/in-the-glow\/wp-content\/uploads\/sites\/10\/2022\/03\/logo_treatwell.png","contentUrl":"https:\/\/www.treatwell.es/in-the-glow\/wp-content\/uploads\/sites\/10\/2022\/03\/logo_treatwell.png","width":889,"height":164,"caption":"Treatwell"},"image":{"@id":"https:\/\/www.treatwell.es/in-the-glow\/#\/schema\/logo\/image\/"}},{"@type":"Person","@id":"https:\/\/www.treatwell.es/in-the-glow\/#\/schema\/person\/45be8f7781947e6c6d31f4b658271bf6","name":"Beth Ryan","image":{"@type":"ImageObject","inLanguage":"es","@id":"https:\/\/secure.gravatar.com\/avatar\/93502c3b0591e62d75cc697ff3b5b8f47fef521e9dd0d61feb5570ae6d459200?s=96&d=mm&r=g","url":"https:\/\/secure.gravatar.com\/avatar\/93502c3b0591e62d75cc697ff3b5b8f47fef521e9dd0d61feb5570ae6d459200?s=96&d=mm&r=g","contentUrl":"https:\/\/secure.gravatar.com\/avatar\/93502c3b0591e62d75cc697ff3b5b8f47fef521e9dd0d61feb5570ae6d459200?s=96&d=mm&r=g","caption":"Beth Ryan"},"url":"https:\/\/www.treatwell.es/in-the-glow\/author\/bethanyryan\/"}]}},"featured_image_src":"https:\/\/www.treatwell.es/in-the-glow\/wp-content\/uploads\/sites\/10\/2022\/03\/mariapombo_235868273_951466142454077_1674749310794216110_n-502x400.jpg","featured_image_src_square":"https:\/\/www.treatwell.es/in-the-glow\/wp-content\/uploads\/sites\/10\/2022\/03\/mariapombo_235868273_951466142454077_1674749310794216110_n-502x600.jpg","author_info":{"display_name":"Beth Ryan","author_link":"https:\/\/www.treatwell.es/in-the-glow\/author\/bethanyryan\/"},"_links":{"self":[{"href":"https:\/\/www.treatwell.es\/in-the-glow\/wp-json\/wp\/v2\/posts\/31305","targetHints":{"allow":["GET"]}}],"collection":[{"href":"https:\/\/www.treatwell.es\/in-the-glow\/wp-json\/wp\/v2\/posts"}],"about":[{"href":"https:\/\/www.treatwell.es\/in-the-glow\/wp-json\/wp\/v2\/types\/post"}],"author":[{"embeddable":true,"href":"https:\/\/www.treatwell.es\/in-the-glow\/wp-json\/wp\/v2\/users\/3366"}],"replies":[{"embeddable":true,"href":"https:\/\/www.treatwell.es\/in-the-glow\/wp-json\/wp\/v2\/comments?post=31305"}],"version-history":[{"count":0,"href":"https:\/\/www.treatwell.es\/in-the-glow\/wp-json\/wp\/v2\/posts\/31305\/revisions"}],"wp:featuredmedia":[{"embeddable":true,"href":"https:\/\/www.treatwell.es\/in-the-glow\/wp-json\/wp\/v2\/media\/31313"}],"wp:attachment":[{"href":"https:\/\/www.treatwell.es\/in-the-glow\/wp-json\/wp\/v2\/media?parent=31305"}],"wp:term":[{"taxonomy":"category","embeddable":true,"href":"https:\/\/www.treatwell.es\/in-the-glow\/wp-json\/wp\/v2\/categories?post=31305"},{"taxonomy":"post_tag","embeddable":true,"href":"https:\/\/www.treatwell.es\/in-the-glow\/wp-json\/wp\/v2\/tags?post=31305"}],"curies":[{"name":"wp","href":"https:\/\/api.w.org\/{rel}","templated":true}]}}