{"id":31342,"date":"2021-09-14T13:35:46","date_gmt":"2021-09-14T11:35:46","guid":{"rendered":"https:\/\/www.treatwell.es\/in-the-glow\/?p=27668"},"modified":"2025-12-15T23:55:06","modified_gmt":"2025-12-15T22:55:06","slug":"tratamientos-de-belleza-otono","status":"publish","type":"post","link":"https:\/\/www.treatwell.es/in-the-glow\/tratamientos-de-belleza-otono\/","title":{"rendered":"Back to *cool: 5 tratamientos de belleza para este oto\u00f1o"},"content":{"rendered":"<p class=\"_04xlpA direction-ltr align-center para-style-body\"><span class=\"JsGRdQ\">Las vacaciones, como todo en esta vida, tienen un comienzo y (por desgracia) tambi\u00e9n tienen un final. Volver a la rutina habitual nunca es f\u00e1cil y menos con el cabello seco, la <a href=\"https:\/\/www.treatwell.es\/in-the-glow\/acidos-cosmeticos-piel\/\">piel deshidratada<\/a> y el bronceado a punto de convertirse en un total look\u00a0<em>tie dye<\/em>. Entre t\u00fa y yo, necesitas volver a desconectar para conectar con lo que est\u00e1 por venir&#8230; Y eso se traduce en tratamientos de belleza pre-oto\u00f1o.<\/span><\/p>\n<p class=\"_04xlpA direction-ltr align-center para-style-body\"><span class=\"JsGRdQ\">Por eso, adem\u00e1s de ser el mes del &#8216;back to *cool&#8217;, tambi\u00e9n es el momento perfecto para que te des un (merecido) capricho, \u00bfverdad? Pues aqu\u00ed van 5 tratamientos que necesitas ya -de YA.\u00a0<\/span><\/p>\n<p>-Miryam<\/p>\n<div class=\"schema-faq wp-block-yoast-faq-block\">\n<div class=\"schema-faq-section\" id=\"faq-question-1765837449664\">\n<h3 class=\"schema-faq-question\">\u00bfC\u00f3mo mantener el bronceado despu\u00e9s de las vacaciones?<\/h3>\n<p class=\"schema-faq-answer\">Un tratamiento exfoliante corporal ayuda a mantener un tono dorado y uniforme sin eliminar el bronceado. Eliminar las c\u00e9lulas muertas permite que la piel luzca m\u00e1s brillante y prolonga el efecto de las vacaciones.<\/div>\n<div class=\"schema-faq-section\" id=\"faq-question-1765837449665\">\n<h3 class=\"schema-faq-question\">\u00bfQu\u00e9 tratamiento capilar repara el cabello tras el verano?<\/h3>\n<p class=\"schema-faq-answer\">Un tratamiento reestructurante con keratina o un b\u00f3tox capilar repara y aporta brillo al instante. Estas opciones hidratan y revitalizan el cabello da\u00f1ado por el sol, el calor y la sal.<\/div>\n<div class=\"schema-faq-section\" id=\"faq-question-1765837449666\">\n<h3 class=\"schema-faq-question\">\u00bfC\u00f3mo recuperar el color y el brillo del pelo apagado?<\/h3>\n<p class=\"schema-faq-answer\">Reserva unas mechas o un tinte junto a tratamientos que devuelvan vitalidad y brillo a tu melena. Usar un champ\u00fa formulado con keratina tambi\u00e9n mejora la salud capilar.<\/div>\n<div class=\"schema-faq-section\" id=\"faq-question-1765837449667\">\n<h3 class=\"schema-faq-question\">\u00bfPor qu\u00e9 realizarte una manicura y pedicura despu\u00e9s del verano?<\/h3>\n<p class=\"schema-faq-answer\">Una manicura y pedicura profesional te proporciona un acabado impecable despu\u00e9s de la exposici\u00f3n solar y el desgaste de la temporada. Estrenar u\u00f1as renovadas ayuda a empezar la rutina con energ\u00eda y estilo.<\/div>\n<div class=\"schema-faq-section\" id=\"faq-question-1765837449668\">\n<h3 class=\"schema-faq-question\">\u00bfCu\u00e1l es el mejor tratamiento para relajarte al volver a la rutina?<\/h3>\n<p class=\"schema-faq-answer\">Un masaje relajante o una sesi\u00f3n de reflexolog\u00eda podal ayuda a cargar la bater\u00eda internamente y prolongar el bienestar postvacacional. Reserva tu cita para desconectar y volver a sentirte a gusto en tu rutina diaria.<\/div>\n<\/p><\/div>\n","protected":false},"excerpt":{"rendered":"<p>Las vacaciones, como todo en esta vida, tienen un comienzo y (por desgracia) tambi\u00e9n tienen un final. Volver a la rutina habitual nunca es f\u00e1cil y menos con el cabello seco, la piel deshidratada y el bronceado a punto de convertirse en un total look\u00a0tie dye. Entre t\u00fa y yo, necesitas volver a desconectar para [&hellip;]<\/p>\n","protected":false},"author":3366,"featured_media":31349,"comment_status":"closed","ping_status":"closed","sticky":false,"template":"","format":"standard","meta":{"_acf_changed":false,"_yoast_wpseo_title":"Tratamientos belleza postvacaciones: pelo, piel y relax | Treatwell","_yoast_wpseo_metadesc":"Renueva tu imagen tras las vacaciones: exfoliaci\u00f3n corporal, cuidado del cabello, coloraci\u00f3n, manipedi y masajes para una vuelta a la rutina con bienestar total.","_genesis_hide_title":false,"_genesis_hide_breadcrumbs":false,"_genesis_hide_singular_image":false,"_genesis_hide_footer_widgets":false,"_genesis_custom_body_class":"","_genesis_custom_post_class":"","_genesis_layout":"","saswp_custom_schema_field":"{\"@context\":\"https:\/\/schema.org\",\"@type\":\"FAQPage\",\"mainEntity\":[{\"@type\":\"Question\",\"name\":\"\u00bfC\u00f3mo mantener el bronceado despu\u00e9s de las vacaciones?\",\"acceptedAnswer\":{\"@type\":\"Answer\",\"text\":\"Un tratamiento exfoliante corporal ayuda a mantener un tono dorado y uniforme sin eliminar el bronceado. Eliminar las c\u00e9lulas muertas permite que la piel luzca m\u00e1s brillante y prolonga el efecto de las vacaciones.\"}},{\"@type\":\"Question\",\"name\":\"\u00bfQu\u00e9 tratamiento capilar repara el cabello tras el verano?\",\"acceptedAnswer\":{\"@type\":\"Answer\",\"text\":\"Un tratamiento reestructurante con keratina o un b\u00f3tox capilar repara y aporta brillo al instante. Estas opciones hidratan y revitalizan el cabello da\u00f1ado por el sol, el calor y la sal.\"}},{\"@type\":\"Question\",\"name\":\"\u00bfC\u00f3mo recuperar el color y el brillo del pelo apagado?\",\"acceptedAnswer\":{\"@type\":\"Answer\",\"text\":\"Reserva unas mechas o un tinte junto a tratamientos que devuelvan vitalidad y brillo a tu melena. Usar un champ\u00fa formulado con keratina tambi\u00e9n mejora la salud capilar.\"}},{\"@type\":\"Question\",\"name\":\"\u00bfPor qu\u00e9 realizarte una manicura y pedicura despu\u00e9s del verano?\",\"acceptedAnswer\":{\"@type\":\"Answer\",\"text\":\"Una manicura y pedicura profesional te proporciona un acabado impecable despu\u00e9s de la exposici\u00f3n solar y el desgaste de la temporada. Estrenar u\u00f1as renovadas ayuda a empezar la rutina con energ\u00eda y estilo.\"}},{\"@type\":\"Question\",\"name\":\"\u00bfCu\u00e1l es el mejor tratamiento para relajarte al volver a la rutina?\",\"acceptedAnswer\":{\"@type\":\"Answer\",\"text\":\"Un masaje relajante o una sesi\u00f3n de reflexolog\u00eda podal ayuda a cargar la bater\u00eda internamente y prolongar el bienestar postvacacional. Reserva tu cita para desconectar y volver a sentirte a gusto en tu rutina diaria.\"}}]}","footnotes":""},"categories":[4],"tags":[50,9,27,7],"class_list":{"0":"post-31342","1":"post","2":"type-post","3":"status-publish","4":"format-standard","5":"has-post-thumbnail","7":"category-beauty","8":"tag-tr525","9":"tag-tr50","10":"tag-tt6","11":"tag-tt36","12":"entry"},"acf":{"post_credits":"Cr\u00e9ditos de las im\u00e1genes: Shutterstock, Unsplash, @berlinboudoir, @lorenamorlotemultiespacio, @peloverdesalonbotanico, @herbooksarefake, @charsgelnails","beauty_blog_post_button_title":"","beauty_blog_post_button":"","landscape_picture":31348,"blocks":[{"block_title":"Hora de un 'body scrub'","block_content":"<p>(Y&nbsp;tu cuerpo lo sabe). Despu&eacute;s de pasar (tantos) d&iacute;as bajo el sol, tu piel definitivamente necesita un extra de atenci&oacute;n. Lo primero que debes hacer&nbsp;al regresar de las vacaciones es definitivamente reservar un tratamiento exfoliante. No te preocupes:&nbsp;no te quitar&aacute; el bronceado, m&aacute;s bien todo lo contrario. Para mantener ese tono&nbsp;dorado&nbsp;que tanto &#039;esfuerzo&#039; te ha costado conseguir, el exfoliante es la soluci&oacute;n perfecta puesto que elimina las c&eacute;lulas muertas de la piel, promoviendo un tono uniforme y&nbsp;brillante.<\/p>\n","video_content":"","block_picture":31343},{"block_title":"Dale vida a esa melena","block_content":"<p>Como ya sabes, el sol, el calor y la sal pueden da&ntilde;ar el cabello y dejarlo seco, quebradizo y sin brillo. &iquest;La soluci&oacute;n? Un tratamiento reestructurante a base de <a href=\"https:\/\/www.treatwell.es\/in-the-glow\/alisado-keratina-brasilena\/\">keratina<\/a> y un buen corte de pelo para mantener a raya las puntas abiertas. Es m&aacute;s, si todav&iacute;a no has probado el b&oacute;tox capilar, creo que es algo que no deber&iacute;as perderte: repara, alisa y aporta brillo al instante.&nbsp;Si necesitas inspiraci&oacute;n, estas son las <a href=\"https:\/\/www.treatwell.es\/in-the-glow\/cortes-pelo-otono-2021\/\">tendencias en cortes de pelo<\/a> para este oto&ntilde;o 2021.<\/p>\n","video_content":"","block_picture":31344},{"block_title":"Recupera el color","block_content":"<p>Habr&aacute;s notado que el color de tu pelo ha perdido parte de su fuerza -<em>ejem<\/em>, qui&eacute;n lo ha visto y qui&eacute;n lo ve- por culpa de los rayos UV y de los lavados frecuentes. Es, simplemente, la forma que tiene tu melena de decirte (a gritos) que necesitas mechas (o tinte) ASAP.&nbsp;Pero para&nbsp;evitar estresar a nuestro cuero cabelludo (que bastante ha tenido ya el pobre), opta por coloraciones y\/o tratamientos que devuelvan la vitalidad y el brillo* a tu pelo.<\/p>\n\n<p>*Por si no lo sab&iacute;as, el brillo es un indicador de salud capilar: el pelo brilla cuando est&aacute; bien hidratado y protegido. Ay&uacute;dale t&uacute; misma&nbsp;utilizando&nbsp;un champ&uacute;&nbsp;formulado a base de&nbsp;keratina. &iexcl;Chan!<\/p>\n","video_content":"","block_picture":31345},{"block_title":"Y las u\u00f1as, \u00bfqu\u00e9?","block_content":"<p>(Dicen que) la pereza es un pecado capital. Sin embargo, *yo* te entiendo si eres de las que deja&nbsp;que tus&nbsp;u&ntilde;as <em>desintegren<\/em> el esmalte por s&iacute; solas (en verano).&nbsp;Lo que pasa, es que no hay &#039;back to *cool&#039; sin una buena manipedi que poder estrenar al volver al trabajo, &iquest;verdad? As&iacute; que, por si te faltan ideas, te dejamos <a href=\"https:\/\/www.treatwell.es\/in-the-glow\/tendencias-manicura-unas-otono-2021\/\">5 manicuras que van a triunfar de aqu&iacute; a navidad<\/a>, de las c&oacute;smicas a las &#039;dot nails&#039; pasando por el marr&oacute;n en todas sus declinaciones.<\/p>\n","video_content":"","block_picture":31346},{"block_title":"Bater\u00eda: 60% (cargando)","block_content":"<p>Si la nostalgia se ha apoderado de tu rutina y echas de menos&nbsp;la arena (que&nbsp;*tanto*&nbsp;odias) bajo tus pies,&nbsp;haz que tu vuelta a la ofi (a la uni, o al ciberespacio) sea lo m&aacute;s &#039;suave&#039; posible reservando en tu agenda un hueco para el <em>relax<\/em>. &iquest;Qu&eacute; tal un masaje relajante (para empezar)? &iquest;Has o&iacute;do hablar de la <a href=\"https:\/\/www.treatwell.es\/in-the-glow\/que-es-la-reflexologia-podal-beneficios\/\">reflexolog&iacute;a podal<\/a>? Sea como fuere, el caso es&nbsp;prolongar la&nbsp;sensaci&oacute;n de bienestar postvacacional mientras cargamos la bater&iacute;a -internamente- hablando.<\/p>\n","video_content":"","block_picture":31347}]},"yoast_head":"<!-- This site is optimized with the Yoast SEO plugin v27.4 - https:\/\/yoast.com\/product\/yoast-seo-wordpress\/ -->\n<title>Tratamientos belleza postvacaciones: pelo, piel y relax | Treatwell<\/title>\n<meta name=\"description\" content=\"Renueva tu imagen tras las vacaciones: exfoliaci\u00f3n corporal, cuidado del cabello, coloraci\u00f3n, manipedi y masajes para una vuelta a la rutina con bienestar total.\" \/>\n<meta name=\"robots\" content=\"index, follow, max-snippet:-1, max-image-preview:large, max-video-preview:-1\" \/>\n<link rel=\"canonical\" href=\"https:\/\/www.treatwell.es/in-the-glow\/tratamientos-de-belleza-otono\/\" \/>\n<meta property=\"og:locale\" content=\"es_ES\" \/>\n<meta property=\"og:type\" content=\"article\" \/>\n<meta property=\"og:title\" content=\"Tratamientos belleza postvacaciones: pelo, piel y relax | Treatwell\" \/>\n<meta property=\"og:description\" content=\"Renueva tu imagen tras las vacaciones: exfoliaci\u00f3n corporal, cuidado del cabello, coloraci\u00f3n, manipedi y masajes para una vuelta a la rutina con bienestar total.\" \/>\n<meta property=\"og:url\" content=\"https:\/\/www.treatwell.es/in-the-glow\/tratamientos-de-belleza-otono\/\" \/>\n<meta property=\"og:site_name\" content=\"In The Glow\" \/>\n<meta property=\"article:published_time\" content=\"2021-09-14T11:35:46+00:00\" \/>\n<meta property=\"article:modified_time\" content=\"2025-12-15T22:55:06+00:00\" \/>\n<meta property=\"og:image\" content=\"https:\/\/www.treatwell.es/in-the-glow\/wp-content\/uploads\/sites\/10\/2022\/03\/peloverdesalonbotanico_226454335_390142169201631_2014287138085806978_n.jpg\" \/>\n\t<meta property=\"og:image:width\" content=\"551\" \/>\n\t<meta property=\"og:image:height\" content=\"628\" \/>\n\t<meta property=\"og:image:type\" content=\"image\/jpeg\" \/>\n<meta name=\"author\" content=\"Beth Ryan\" \/>\n<meta name=\"twitter:card\" content=\"summary_large_image\" \/>\n<meta name=\"twitter:label1\" content=\"Escrito por\" \/>\n\t<meta name=\"twitter:data1\" content=\"Beth Ryan\" \/>\n\t<meta name=\"twitter:label2\" content=\"Tiempo de lectura\" \/>\n\t<meta name=\"twitter:data2\" content=\"2 minutos\" \/>\n<script type=\"application\/ld+json\" class=\"yoast-schema-graph\">{\"@context\":\"https:\\\/\\\/schema.org\",\"@graph\":[{\"@type\":\"Article\",\"@id\":\"https:\\\/\\\/www.treatwell.es/in-the-glow\\\/tratamientos-de-belleza-otono\\\/#article\",\"isPartOf\":{\"@id\":\"https:\\\/\\\/www.treatwell.es/in-the-glow\\\/tratamientos-de-belleza-otono\\\/\"},\"author\":{\"name\":\"Beth Ryan\",\"@id\":\"https:\\\/\\\/www.treatwell.es/in-the-glow\\\/#\\\/schema\\\/person\\\/45be8f7781947e6c6d31f4b658271bf6\"},\"headline\":\"Back to *cool: 5 tratamientos de belleza para este oto\u00f1o\",\"datePublished\":\"2021-09-14T11:35:46+00:00\",\"dateModified\":\"2025-12-15T22:55:06+00:00\",\"mainEntityOfPage\":{\"@id\":\"https:\\\/\\\/www.treatwell.es/in-the-glow\\\/tratamientos-de-belleza-otono\\\/\"},\"wordCount\":348,\"publisher\":{\"@id\":\"https:\\\/\\\/www.treatwell.es/in-the-glow\\\/#organization\"},\"image\":{\"@id\":\"https:\\\/\\\/www.treatwell.es/in-the-glow\\\/tratamientos-de-belleza-otono\\\/#primaryimage\"},\"thumbnailUrl\":\"https:\\\/\\\/www.treatwell.es/in-the-glow\\\/wp-content\\\/uploads\\\/sites\\\/10\\\/2022\\\/03\\\/peloverdesalonbotanico_226454335_390142169201631_2014287138085806978_n.jpg\",\"keywords\":[\"Body Treatments\",\"Facials\",\"Hair\",\"Nails\"],\"articleSection\":[\"Beauty\"],\"inLanguage\":\"es\"},{\"@type\":\"WebPage\",\"@id\":\"https:\\\/\\\/www.treatwell.es/in-the-glow\\\/tratamientos-de-belleza-otono\\\/\",\"url\":\"https:\\\/\\\/www.treatwell.es/in-the-glow\\\/tratamientos-de-belleza-otono\\\/\",\"name\":\"Tratamientos belleza postvacaciones: pelo, piel y relax | Treatwell\",\"isPartOf\":{\"@id\":\"https:\\\/\\\/www.treatwell.es/in-the-glow\\\/#website\"},\"primaryImageOfPage\":{\"@id\":\"https:\\\/\\\/www.treatwell.es/in-the-glow\\\/tratamientos-de-belleza-otono\\\/#primaryimage\"},\"image\":{\"@id\":\"https:\\\/\\\/www.treatwell.es/in-the-glow\\\/tratamientos-de-belleza-otono\\\/#primaryimage\"},\"thumbnailUrl\":\"https:\\\/\\\/www.treatwell.es/in-the-glow\\\/wp-content\\\/uploads\\\/sites\\\/10\\\/2022\\\/03\\\/peloverdesalonbotanico_226454335_390142169201631_2014287138085806978_n.jpg\",\"datePublished\":\"2021-09-14T11:35:46+00:00\",\"dateModified\":\"2025-12-15T22:55:06+00:00\",\"description\":\"Renueva tu imagen tras las vacaciones: exfoliaci\u00f3n corporal, cuidado del cabello, coloraci\u00f3n, manipedi y masajes para una vuelta a la rutina con bienestar total.\",\"breadcrumb\":{\"@id\":\"https:\\\/\\\/www.treatwell.es/in-the-glow\\\/tratamientos-de-belleza-otono\\\/#breadcrumb\"},\"inLanguage\":\"es\",\"potentialAction\":[{\"@type\":\"ReadAction\",\"target\":[\"https:\\\/\\\/www.treatwell.es/in-the-glow\\\/tratamientos-de-belleza-otono\\\/\"]}]},{\"@type\":\"ImageObject\",\"inLanguage\":\"es\",\"@id\":\"https:\\\/\\\/www.treatwell.es/in-the-glow\\\/tratamientos-de-belleza-otono\\\/#primaryimage\",\"url\":\"https:\\\/\\\/www.treatwell.es/in-the-glow\\\/wp-content\\\/uploads\\\/sites\\\/10\\\/2022\\\/03\\\/peloverdesalonbotanico_226454335_390142169201631_2014287138085806978_n.jpg\",\"contentUrl\":\"https:\\\/\\\/www.treatwell.es/in-the-glow\\\/wp-content\\\/uploads\\\/sites\\\/10\\\/2022\\\/03\\\/peloverdesalonbotanico_226454335_390142169201631_2014287138085806978_n.jpg\",\"width\":551,\"height\":628},{\"@type\":\"BreadcrumbList\",\"@id\":\"https:\\\/\\\/www.treatwell.es/in-the-glow\\\/tratamientos-de-belleza-otono\\\/#breadcrumb\",\"itemListElement\":[{\"@type\":\"ListItem\",\"position\":1,\"name\":\"Home\",\"item\":\"https:\\\/\\\/www.treatwell.es/in-the-glow\\\/\"},{\"@type\":\"ListItem\",\"position\":2,\"name\":\"Beauty\",\"item\":\"https:\\\/\\\/www.treatwell.es/in-the-glow\\\/beauty\\\/\"},{\"@type\":\"ListItem\",\"position\":3,\"name\":\"Back to *cool: 5 tratamientos de belleza para este oto\u00f1o\"}]},{\"@type\":\"WebSite\",\"@id\":\"https:\\\/\\\/www.treatwell.es/in-the-glow\\\/#website\",\"url\":\"https:\\\/\\\/www.treatwell.es/in-the-glow\\\/\",\"name\":\"In The Glow\",\"description\":\"Belleza. Pelo. Lifestyle.\",\"publisher\":{\"@id\":\"https:\\\/\\\/www.treatwell.es/in-the-glow\\\/#organization\"},\"potentialAction\":[{\"@type\":\"SearchAction\",\"target\":{\"@type\":\"EntryPoint\",\"urlTemplate\":\"https:\\\/\\\/www.treatwell.es/in-the-glow\\\/?s={search_term_string}\"},\"query-input\":{\"@type\":\"PropertyValueSpecification\",\"valueRequired\":true,\"valueName\":\"search_term_string\"}}],\"inLanguage\":\"es\"},{\"@type\":\"Organization\",\"@id\":\"https:\\\/\\\/www.treatwell.es/in-the-glow\\\/#organization\",\"name\":\"Treatwell\",\"url\":\"https:\\\/\\\/www.treatwell.es/in-the-glow\\\/\",\"logo\":{\"@type\":\"ImageObject\",\"inLanguage\":\"es\",\"@id\":\"https:\\\/\\\/www.treatwell.es/in-the-glow\\\/#\\\/schema\\\/logo\\\/image\\\/\",\"url\":\"https:\\\/\\\/www.treatwell.es/in-the-glow\\\/wp-content\\\/uploads\\\/sites\\\/10\\\/2022\\\/03\\\/logo_treatwell.png\",\"contentUrl\":\"https:\\\/\\\/www.treatwell.es/in-the-glow\\\/wp-content\\\/uploads\\\/sites\\\/10\\\/2022\\\/03\\\/logo_treatwell.png\",\"width\":889,\"height\":164,\"caption\":\"Treatwell\"},\"image\":{\"@id\":\"https:\\\/\\\/www.treatwell.es/in-the-glow\\\/#\\\/schema\\\/logo\\\/image\\\/\"}},{\"@type\":\"Person\",\"@id\":\"https:\\\/\\\/www.treatwell.es/in-the-glow\\\/#\\\/schema\\\/person\\\/45be8f7781947e6c6d31f4b658271bf6\",\"name\":\"Beth Ryan\",\"image\":{\"@type\":\"ImageObject\",\"inLanguage\":\"es\",\"@id\":\"https:\\\/\\\/secure.gravatar.com\\\/avatar\\\/93502c3b0591e62d75cc697ff3b5b8f47fef521e9dd0d61feb5570ae6d459200?s=96&d=mm&r=g\",\"url\":\"https:\\\/\\\/secure.gravatar.com\\\/avatar\\\/93502c3b0591e62d75cc697ff3b5b8f47fef521e9dd0d61feb5570ae6d459200?s=96&d=mm&r=g\",\"contentUrl\":\"https:\\\/\\\/secure.gravatar.com\\\/avatar\\\/93502c3b0591e62d75cc697ff3b5b8f47fef521e9dd0d61feb5570ae6d459200?s=96&d=mm&r=g\",\"caption\":\"Beth Ryan\"},\"url\":\"https:\\\/\\\/www.treatwell.es/in-the-glow\\\/author\\\/bethanyryan\\\/\"}]}<\/script>\n<!-- \/ Yoast SEO plugin. -->","yoast_head_json":{"title":"Tratamientos belleza postvacaciones: pelo, piel y relax | Treatwell","description":"Renueva tu imagen tras las vacaciones: exfoliaci\u00f3n corporal, cuidado del cabello, coloraci\u00f3n, manipedi y masajes para una vuelta a la rutina con bienestar total.","robots":{"index":"index","follow":"follow","max-snippet":"max-snippet:-1","max-image-preview":"max-image-preview:large","max-video-preview":"max-video-preview:-1"},"canonical":"https:\/\/www.treatwell.es/in-the-glow\/tratamientos-de-belleza-otono\/","og_locale":"es_ES","og_type":"article","og_title":"Tratamientos belleza postvacaciones: pelo, piel y relax | Treatwell","og_description":"Renueva tu imagen tras las vacaciones: exfoliaci\u00f3n corporal, cuidado del cabello, coloraci\u00f3n, manipedi y masajes para una vuelta a la rutina con bienestar total.","og_url":"https:\/\/www.treatwell.es/in-the-glow\/tratamientos-de-belleza-otono\/","og_site_name":"In The Glow","article_published_time":"2021-09-14T11:35:46+00:00","article_modified_time":"2025-12-15T22:55:06+00:00","og_image":[{"width":551,"height":628,"url":"https:\/\/www.treatwell.es/in-the-glow\/wp-content\/uploads\/sites\/10\/2022\/03\/peloverdesalonbotanico_226454335_390142169201631_2014287138085806978_n.jpg","type":"image\/jpeg"}],"author":"Beth Ryan","twitter_card":"summary_large_image","twitter_misc":{"Escrito por":"Beth Ryan","Tiempo de lectura":"2 minutos"},"schema":{"@context":"https:\/\/schema.org","@graph":[{"@type":"Article","@id":"https:\/\/www.treatwell.es/in-the-glow\/tratamientos-de-belleza-otono\/#article","isPartOf":{"@id":"https:\/\/www.treatwell.es/in-the-glow\/tratamientos-de-belleza-otono\/"},"author":{"name":"Beth Ryan","@id":"https:\/\/www.treatwell.es/in-the-glow\/#\/schema\/person\/45be8f7781947e6c6d31f4b658271bf6"},"headline":"Back to *cool: 5 tratamientos de belleza para este oto\u00f1o","datePublished":"2021-09-14T11:35:46+00:00","dateModified":"2025-12-15T22:55:06+00:00","mainEntityOfPage":{"@id":"https:\/\/www.treatwell.es/in-the-glow\/tratamientos-de-belleza-otono\/"},"wordCount":348,"publisher":{"@id":"https:\/\/www.treatwell.es/in-the-glow\/#organization"},"image":{"@id":"https:\/\/www.treatwell.es/in-the-glow\/tratamientos-de-belleza-otono\/#primaryimage"},"thumbnailUrl":"https:\/\/www.treatwell.es/in-the-glow\/wp-content\/uploads\/sites\/10\/2022\/03\/peloverdesalonbotanico_226454335_390142169201631_2014287138085806978_n.jpg","keywords":["Body Treatments","Facials","Hair","Nails"],"articleSection":["Beauty"],"inLanguage":"es"},{"@type":"WebPage","@id":"https:\/\/www.treatwell.es/in-the-glow\/tratamientos-de-belleza-otono\/","url":"https:\/\/www.treatwell.es/in-the-glow\/tratamientos-de-belleza-otono\/","name":"Tratamientos belleza postvacaciones: pelo, piel y relax | Treatwell","isPartOf":{"@id":"https:\/\/www.treatwell.es/in-the-glow\/#website"},"primaryImageOfPage":{"@id":"https:\/\/www.treatwell.es/in-the-glow\/tratamientos-de-belleza-otono\/#primaryimage"},"image":{"@id":"https:\/\/www.treatwell.es/in-the-glow\/tratamientos-de-belleza-otono\/#primaryimage"},"thumbnailUrl":"https:\/\/www.treatwell.es/in-the-glow\/wp-content\/uploads\/sites\/10\/2022\/03\/peloverdesalonbotanico_226454335_390142169201631_2014287138085806978_n.jpg","datePublished":"2021-09-14T11:35:46+00:00","dateModified":"2025-12-15T22:55:06+00:00","description":"Renueva tu imagen tras las vacaciones: exfoliaci\u00f3n corporal, cuidado del cabello, coloraci\u00f3n, manipedi y masajes para una vuelta a la rutina con bienestar total.","breadcrumb":{"@id":"https:\/\/www.treatwell.es/in-the-glow\/tratamientos-de-belleza-otono\/#breadcrumb"},"inLanguage":"es","potentialAction":[{"@type":"ReadAction","target":["https:\/\/www.treatwell.es/in-the-glow\/tratamientos-de-belleza-otono\/"]}]},{"@type":"ImageObject","inLanguage":"es","@id":"https:\/\/www.treatwell.es/in-the-glow\/tratamientos-de-belleza-otono\/#primaryimage","url":"https:\/\/www.treatwell.es/in-the-glow\/wp-content\/uploads\/sites\/10\/2022\/03\/peloverdesalonbotanico_226454335_390142169201631_2014287138085806978_n.jpg","contentUrl":"https:\/\/www.treatwell.es/in-the-glow\/wp-content\/uploads\/sites\/10\/2022\/03\/peloverdesalonbotanico_226454335_390142169201631_2014287138085806978_n.jpg","width":551,"height":628},{"@type":"BreadcrumbList","@id":"https:\/\/www.treatwell.es/in-the-glow\/tratamientos-de-belleza-otono\/#breadcrumb","itemListElement":[{"@type":"ListItem","position":1,"name":"Home","item":"https:\/\/www.treatwell.es/in-the-glow\/"},{"@type":"ListItem","position":2,"name":"Beauty","item":"https:\/\/www.treatwell.es/in-the-glow\/beauty\/"},{"@type":"ListItem","position":3,"name":"Back to *cool: 5 tratamientos de belleza para este oto\u00f1o"}]},{"@type":"WebSite","@id":"https:\/\/www.treatwell.es/in-the-glow\/#website","url":"https:\/\/www.treatwell.es/in-the-glow\/","name":"In The Glow","description":"Belleza. Pelo. Lifestyle.","publisher":{"@id":"https:\/\/www.treatwell.es/in-the-glow\/#organization"},"potentialAction":[{"@type":"SearchAction","target":{"@type":"EntryPoint","urlTemplate":"https:\/\/www.treatwell.es/in-the-glow\/?s={search_term_string}"},"query-input":{"@type":"PropertyValueSpecification","valueRequired":true,"valueName":"search_term_string"}}],"inLanguage":"es"},{"@type":"Organization","@id":"https:\/\/www.treatwell.es/in-the-glow\/#organization","name":"Treatwell","url":"https:\/\/www.treatwell.es/in-the-glow\/","logo":{"@type":"ImageObject","inLanguage":"es","@id":"https:\/\/www.treatwell.es/in-the-glow\/#\/schema\/logo\/image\/","url":"https:\/\/www.treatwell.es/in-the-glow\/wp-content\/uploads\/sites\/10\/2022\/03\/logo_treatwell.png","contentUrl":"https:\/\/www.treatwell.es/in-the-glow\/wp-content\/uploads\/sites\/10\/2022\/03\/logo_treatwell.png","width":889,"height":164,"caption":"Treatwell"},"image":{"@id":"https:\/\/www.treatwell.es/in-the-glow\/#\/schema\/logo\/image\/"}},{"@type":"Person","@id":"https:\/\/www.treatwell.es/in-the-glow\/#\/schema\/person\/45be8f7781947e6c6d31f4b658271bf6","name":"Beth Ryan","image":{"@type":"ImageObject","inLanguage":"es","@id":"https:\/\/secure.gravatar.com\/avatar\/93502c3b0591e62d75cc697ff3b5b8f47fef521e9dd0d61feb5570ae6d459200?s=96&d=mm&r=g","url":"https:\/\/secure.gravatar.com\/avatar\/93502c3b0591e62d75cc697ff3b5b8f47fef521e9dd0d61feb5570ae6d459200?s=96&d=mm&r=g","contentUrl":"https:\/\/secure.gravatar.com\/avatar\/93502c3b0591e62d75cc697ff3b5b8f47fef521e9dd0d61feb5570ae6d459200?s=96&d=mm&r=g","caption":"Beth Ryan"},"url":"https:\/\/www.treatwell.es/in-the-glow\/author\/bethanyryan\/"}]}},"featured_image_src":"https:\/\/www.treatwell.es/in-the-glow\/wp-content\/uploads\/sites\/10\/2022\/03\/peloverdesalonbotanico_226454335_390142169201631_2014287138085806978_n-551x400.jpg","featured_image_src_square":"https:\/\/www.treatwell.es/in-the-glow\/wp-content\/uploads\/sites\/10\/2022\/03\/peloverdesalonbotanico_226454335_390142169201631_2014287138085806978_n-551x600.jpg","author_info":{"display_name":"Beth Ryan","author_link":"https:\/\/www.treatwell.es/in-the-glow\/author\/bethanyryan\/"},"_links":{"self":[{"href":"https:\/\/www.treatwell.es\/in-the-glow\/wp-json\/wp\/v2\/posts\/31342","targetHints":{"allow":["GET"]}}],"collection":[{"href":"https:\/\/www.treatwell.es\/in-the-glow\/wp-json\/wp\/v2\/posts"}],"about":[{"href":"https:\/\/www.treatwell.es\/in-the-glow\/wp-json\/wp\/v2\/types\/post"}],"author":[{"embeddable":true,"href":"https:\/\/www.treatwell.es\/in-the-glow\/wp-json\/wp\/v2\/users\/3366"}],"replies":[{"embeddable":true,"href":"https:\/\/www.treatwell.es\/in-the-glow\/wp-json\/wp\/v2\/comments?post=31342"}],"version-history":[{"count":0,"href":"https:\/\/www.treatwell.es\/in-the-glow\/wp-json\/wp\/v2\/posts\/31342\/revisions"}],"wp:featuredmedia":[{"embeddable":true,"href":"https:\/\/www.treatwell.es\/in-the-glow\/wp-json\/wp\/v2\/media\/31349"}],"wp:attachment":[{"href":"https:\/\/www.treatwell.es\/in-the-glow\/wp-json\/wp\/v2\/media?parent=31342"}],"wp:term":[{"taxonomy":"category","embeddable":true,"href":"https:\/\/www.treatwell.es\/in-the-glow\/wp-json\/wp\/v2\/categories?post=31342"},{"taxonomy":"post_tag","embeddable":true,"href":"https:\/\/www.treatwell.es\/in-the-glow\/wp-json\/wp\/v2\/tags?post=31342"}],"curies":[{"name":"wp","href":"https:\/\/api.w.org\/{rel}","templated":true}]}}