{"id":31366,"date":"2021-09-17T11:52:54","date_gmt":"2021-09-17T09:52:54","guid":{"rendered":"https:\/\/www.treatwell.es\/in-the-glow\/?p=27731"},"modified":"2025-12-15T23:55:07","modified_gmt":"2025-12-15T22:55:07","slug":"tendencias-belleza-new-york-fashion-week","status":"publish","type":"post","link":"https:\/\/www.treatwell.es/in-the-glow\/tendencias-belleza-new-york-fashion-week\/","title":{"rendered":"7 tendencias de belleza que nos deja la New York Fashion Week"},"content":{"rendered":"<p><span class=\"JsGRdQ\">La primera <strong>New York Fashion Week<\/strong> (en formato original) post-pandemia, ha sido toda una oda a la imaginaci\u00f3n y algo que tardaremos en olvidar. De esta edici\u00f3n destacaremos la vitalidad de sus estampados, el brillo y el glamour, pero si algo sobresale por encima de los textiles (que ya es dif\u00edcil), es el homenaje que -capilarmente hablando- se ha rendido a la nostalgia. Desde las trenzas de perlas de Moschino hasta los elegantes recogidos tipo a\u00f1os 50 que han dominado algunos desfiles. Y como sabemos que recopilar tanta <em>info<\/em> puede resultar *un tanto* estresante, estas son las 7 tendencias de belleza que nos ha dejado la <b>Semana de la Moda de Nueva York<\/b>\u00a0de cara a la pr\u00f3xima primavera.\u00a0 En resumen, para ti.<\/span><\/p>\n<p>-Miryam<\/p>\n<div class=\"schema-faq wp-block-yoast-faq-block\">\n<div class=\"schema-faq-section\" id=\"faq-question-1765837441449\">\n<h3 class=\"schema-faq-question\">\u00bfCu\u00e1les son las tendencias de belleza destacadas en la Semana de la Moda de Nueva York?<\/h3>\n<p class=\"schema-faq-answer\">Las tendencias clave son las trenzas perladas, los labiales dram\u00e1ticos, el delineado cat eyes doble y grueso, el candy-hair, el maquillaje met\u00e1lico, las baby braids y el revival de los a\u00f1os 50. Estas propuestas reflejan vitalidad, nostalgia y un homenaje a los estilos ic\u00f3nicos recientes y cl\u00e1sicos.<\/div>\n<div class=\"schema-faq-section\" id=\"faq-question-1765837441450\">\n<h3 class=\"schema-faq-question\">\u00bfC\u00f3mo conseguir el estilo de trenzas perladas de Moschino?<\/h3>\n<p class=\"schema-faq-answer\">Incorpora perlas en tus trenzas para conseguir el look maximalista caracter\u00edstico de Moschino. Las trenzas con perlas aportan un toque elegante y \u00fanico, haciendo que tu peinado se convierta en el centro de atenci\u00f3n en cualquier ocasi\u00f3n.<\/div>\n<div class=\"schema-faq-section\" id=\"faq-question-1765837441451\">\n<h3 class=\"schema-faq-question\">\u00bfQu\u00e9 caracteriza a los labiales dram\u00e1ticos de esta temporada?<\/h3>\n<p class=\"schema-faq-answer\">Los labiales dram\u00e1ticos combinan tonos negros y rojos para un acabado impactante y sofisticado. Esta tendencia busca destacar los labios con colores intensos, creando un efecto de protagonismo y glamour en tu maquillaje.<\/div>\n<div class=\"schema-faq-section\" id=\"faq-question-1765837441452\">\n<h3 class=\"schema-faq-question\">\u00bfEn qu\u00e9 consiste el maquillaje met\u00e1lico que est\u00e1 de moda?<\/h3>\n<p class=\"schema-faq-answer\">El maquillaje met\u00e1lico utiliza tonos como oro, plata y bronze de forma sutil en p\u00e1rpados o puntos de luz. Este estilo aporta brillo sofisticado y permite jugar con efectos de luz para realzar tu mirada de forma elegante.<\/div>\n<div class=\"schema-faq-section\" id=\"faq-question-1765837441453\">\n<h3 class=\"schema-faq-question\">\u00bfC\u00f3mo reservar tratamientos inspirados en las tendencias de NYFW?<\/h3>\n<p class=\"schema-faq-answer\">Reserva tus tratamientos de belleza online a trav\u00e9s de Treatwell para conseguir peinados, maquillaje o looks inspirados en la \u00faltima New York Fashion Week. Encuentra salones cerca de ti y accede a las tendencias de forma f\u00e1cil y r\u00e1pida.<\/div>\n<\/p><\/div>\n","protected":false},"excerpt":{"rendered":"<p>La primera New York Fashion Week (en formato original) post-pandemia, ha sido toda una oda a la imaginaci\u00f3n y algo que tardaremos en olvidar. De esta edici\u00f3n destacaremos la vitalidad de sus estampados, el brillo y el glamour, pero si algo sobresale por encima de los textiles (que ya es dif\u00edcil), es el homenaje que [&hellip;]<\/p>\n","protected":false},"author":3366,"featured_media":31375,"comment_status":"closed","ping_status":"closed","sticky":false,"template":"","format":"standard","meta":{"_acf_changed":false,"_yoast_wpseo_title":"Tendencias belleza: New York Fashion Week primavera | Treatwell","_yoast_wpseo_metadesc":"Descubre las 7 tendencias de belleza de la Semana de la Moda de Nueva York: trenzas perladas, labios intensos, maquillaje met\u00e1lico, nostalgia y m\u00e1s para primavera.","_genesis_hide_title":false,"_genesis_hide_breadcrumbs":false,"_genesis_hide_singular_image":false,"_genesis_hide_footer_widgets":false,"_genesis_custom_body_class":"","_genesis_custom_post_class":"","_genesis_layout":"","saswp_custom_schema_field":"{\"@context\":\"https:\/\/schema.org\",\"@type\":\"FAQPage\",\"mainEntity\":[{\"@type\":\"Question\",\"name\":\"\u00bfCu\u00e1les son las tendencias de belleza destacadas en la Semana de la Moda de Nueva York?\",\"acceptedAnswer\":{\"@type\":\"Answer\",\"text\":\"Las tendencias clave son las trenzas perladas, los labiales dram\u00e1ticos, el delineado cat eyes doble y grueso, el candy-hair, el maquillaje met\u00e1lico, las baby braids y el revival de los a\u00f1os 50. Estas propuestas reflejan vitalidad, nostalgia y un homenaje a los estilos ic\u00f3nicos recientes y cl\u00e1sicos.\"}},{\"@type\":\"Question\",\"name\":\"\u00bfC\u00f3mo conseguir el estilo de trenzas perladas de Moschino?\",\"acceptedAnswer\":{\"@type\":\"Answer\",\"text\":\"Incorpora perlas en tus trenzas para conseguir el look maximalista caracter\u00edstico de Moschino. Las trenzas con perlas aportan un toque elegante y \u00fanico, haciendo que tu peinado se convierta en el centro de atenci\u00f3n en cualquier ocasi\u00f3n.\"}},{\"@type\":\"Question\",\"name\":\"\u00bfQu\u00e9 caracteriza a los labiales dram\u00e1ticos de esta temporada?\",\"acceptedAnswer\":{\"@type\":\"Answer\",\"text\":\"Los labiales dram\u00e1ticos combinan tonos negros y rojos para un acabado impactante y sofisticado. Esta tendencia busca destacar los labios con colores intensos, creando un efecto de protagonismo y glamour en tu maquillaje.\"}},{\"@type\":\"Question\",\"name\":\"\u00bfEn qu\u00e9 consiste el maquillaje met\u00e1lico que est\u00e1 de moda?\",\"acceptedAnswer\":{\"@type\":\"Answer\",\"text\":\"El maquillaje met\u00e1lico utiliza tonos como oro, plata y bronze de forma sutil en p\u00e1rpados o puntos de luz. Este estilo aporta brillo sofisticado y permite jugar con efectos de luz para realzar tu mirada de forma elegante.\"}},{\"@type\":\"Question\",\"name\":\"\u00bfC\u00f3mo reservar tratamientos inspirados en las tendencias de NYFW?\",\"acceptedAnswer\":{\"@type\":\"Answer\",\"text\":\"Reserva tus tratamientos de belleza online a trav\u00e9s de Treatwell para conseguir peinados, maquillaje o looks inspirados en la \u00faltima New York Fashion Week. Encuentra salones cerca de ti y accede a las tendencias de forma f\u00e1cil y r\u00e1pida.\"}}]}","footnotes":""},"categories":[4],"tags":[27,10,11],"class_list":{"0":"post-31366","1":"post","2":"type-post","3":"status-publish","4":"format-standard","5":"has-post-thumbnail","7":"category-beauty","8":"tag-tt6","9":"tag-tr166","10":"tag-tr212","11":"entry"},"acf":{"post_credits":"Cr\u00e9ditos de las im\u00e1genes: Shutterstock, @nyfw, @moschino, @glemaud, @Laquan_Smith, @the.peterdo, @sophiesahara, @hunterabrams","beauty_blog_post_button_title":"","beauty_blog_post_button":"","landscape_picture":31374,"blocks":[{"block_title":"Trenzas 'perladas'","block_content":"<p>Como ya sabemos, la firma Moschino es la ant&iacute;tesis del tan aclamado &#039;menos es m&aacute;s&#039;.&nbsp;De ah&iacute; que se haya convertido en marca emblema para los maximalistas y que culmine sus looks con &#039;perlas&#039; como esta de la imagen. Jeremy Scott, gracias por existir.<\/p>\n","video_content":"","block_picture":31367},{"block_title":"Labiales dram\u00e1ticos","block_content":"<p>&#039;Drama queen&#039;, est&aacute;s de enhorabuena. Si Michael Kors confirma que se lleva el binomio negro-rojo, nosotras decimos Am&eacute;n y nos rendimos al drama labial como Kendall y Gigi, &iquest;verdad?<\/p>\n","video_content":"","block_picture":31368},{"block_title":"Cat eyes","block_content":"<p>Si ya os contamos que lo &uacute;ltimo en delineado era el <a href=\"https:\/\/www.treatwell.es\/in-the-glow\/reverse-cat-eye-maquillaje-tiktok\/\">reverse cat eye<\/a>, lo cierto es que&nbsp;Laquan Smith ha plantado la semilla de lo que (seguramente) ser&aacute; una nueva tendencia: el delineado doble *y grueso* con el que ha sellado las miradas de sus modelos y acaparado las del p&uacute;blico.<\/p>\n","video_content":"","block_picture":31369},{"block_title":"'Candy-hair'","block_content":"<p>Si tuviera que elegir un titular de la Semana de la Moda de Nueva York, dir&iacute;a&nbsp;que los 90 seguir&aacute;n siendo los rompepistas del verano 2022.&nbsp;&#039;Bubble-braids&#039;, coletas con un par de mechones sueltos en la frente y ahora... &iexcl;Se lleva el Candy-hair! La versi&oacute;n adulta de tus peinados escolares: mismas gomas, veinte a&ntilde;os despu&eacute;s.<\/p>\n","video_content":"","block_picture":31370},{"block_title":"Maquillaje 'met\u00e1lico'","block_content":"<p>Oro, plata, bronze... Se lleva ( y mucho) la versi&oacute;n m&aacute;s sutil del brillo en todas sus versiones. Un estilo cauteloso que abarca desde los juegos m&aacute;s elegantes de luces y sombras para los p&aacute;rpados hasta un minimalista punto de luz en la parte externa del lagrimal. Ya sabes, deja &#039;brillar&#039; tu imaginaci&oacute;n.<\/p>\n","video_content":"","block_picture":31371},{"block_title":"Baby braids","block_content":"<p>Lo s&eacute;: lo sabes. Las&nbsp;trencitas frontales son otra de las&nbsp;tendencias noventeras que&nbsp;triunfar&aacute; el verano que viene. La nostalgia est&aacute; servida.<\/p>\n","video_content":"","block_picture":31372},{"block_title":"Revival: vuelven los 50","block_content":"<p>Otra lecci&oacute;n que nos da Moschino: la imaginaci&oacute;n, la moda y el cielo afortunadamente&nbsp;no tienen l&iacute;mites. &iquest;Por qu&eacute; no fusionamos a Grace Kelly con Amy Winehouse y enfundamos su h&iacute;brido en&nbsp;trajes pastel con motivos infantiles?&nbsp;Porque s&iacute;. Y porque nos encanta la miscel&aacute;nea.<\/p>\n\n<p>Con&nbsp;<strong><a href=\"http:\/\/www.treatwell.es\/\" target=\"_blank\">Treatwell<\/a><\/strong>, puedes reservar tus tratamientos de belleza online&nbsp;en tus salones&nbsp;favoritos, de forma sencilla, r&aacute;pida y en un abrir y cerrar de ojos. Descubre los salones cerca de ti.<\/p>\n","video_content":"","block_picture":31373}]},"yoast_head":"<!-- This site is optimized with the Yoast SEO plugin v27.4 - https:\/\/yoast.com\/product\/yoast-seo-wordpress\/ -->\n<title>Tendencias belleza: New York Fashion Week primavera | Treatwell<\/title>\n<meta name=\"description\" content=\"Descubre las 7 tendencias de belleza de la Semana de la Moda de Nueva York: trenzas perladas, labios intensos, maquillaje met\u00e1lico, nostalgia y m\u00e1s para primavera.\" \/>\n<meta name=\"robots\" content=\"index, follow, max-snippet:-1, max-image-preview:large, max-video-preview:-1\" \/>\n<link rel=\"canonical\" href=\"https:\/\/www.treatwell.es/in-the-glow\/tendencias-belleza-new-york-fashion-week\/\" \/>\n<meta property=\"og:locale\" content=\"es_ES\" \/>\n<meta property=\"og:type\" content=\"article\" \/>\n<meta property=\"og:title\" content=\"Tendencias belleza: New York Fashion Week primavera | Treatwell\" \/>\n<meta property=\"og:description\" content=\"Descubre las 7 tendencias de belleza de la Semana de la Moda de Nueva York: trenzas perladas, labios intensos, maquillaje met\u00e1lico, nostalgia y m\u00e1s para primavera.\" \/>\n<meta property=\"og:url\" content=\"https:\/\/www.treatwell.es/in-the-glow\/tendencias-belleza-new-york-fashion-week\/\" \/>\n<meta property=\"og:site_name\" content=\"In The Glow\" \/>\n<meta property=\"article:published_time\" content=\"2021-09-17T09:52:54+00:00\" \/>\n<meta property=\"article:modified_time\" content=\"2025-12-15T22:55:07+00:00\" \/>\n<meta property=\"og:image\" content=\"https:\/\/www.treatwell.es/in-the-glow\/wp-content\/uploads\/sites\/10\/2022\/03\/Schermafbeelding-2021-09-14-om-12.25.37-500x628.png\" \/>\n\t<meta property=\"og:image:width\" content=\"500\" \/>\n\t<meta property=\"og:image:height\" content=\"628\" \/>\n\t<meta property=\"og:image:type\" content=\"image\/png\" \/>\n<meta name=\"author\" content=\"Beth Ryan\" \/>\n<meta name=\"twitter:card\" content=\"summary_large_image\" \/>\n<meta name=\"twitter:label1\" content=\"Escrito por\" \/>\n\t<meta name=\"twitter:data1\" content=\"Beth Ryan\" \/>\n\t<meta name=\"twitter:label2\" content=\"Tiempo de lectura\" \/>\n\t<meta name=\"twitter:data2\" content=\"2 minutos\" \/>\n<script type=\"application\/ld+json\" class=\"yoast-schema-graph\">{\"@context\":\"https:\\\/\\\/schema.org\",\"@graph\":[{\"@type\":\"Article\",\"@id\":\"https:\\\/\\\/www.treatwell.es/in-the-glow\\\/tendencias-belleza-new-york-fashion-week\\\/#article\",\"isPartOf\":{\"@id\":\"https:\\\/\\\/www.treatwell.es/in-the-glow\\\/tendencias-belleza-new-york-fashion-week\\\/\"},\"author\":{\"name\":\"Beth Ryan\",\"@id\":\"https:\\\/\\\/www.treatwell.es/in-the-glow\\\/#\\\/schema\\\/person\\\/45be8f7781947e6c6d31f4b658271bf6\"},\"headline\":\"7 tendencias de belleza que nos deja la New York Fashion Week\",\"datePublished\":\"2021-09-17T09:52:54+00:00\",\"dateModified\":\"2025-12-15T22:55:07+00:00\",\"mainEntityOfPage\":{\"@id\":\"https:\\\/\\\/www.treatwell.es/in-the-glow\\\/tendencias-belleza-new-york-fashion-week\\\/\"},\"wordCount\":403,\"publisher\":{\"@id\":\"https:\\\/\\\/www.treatwell.es/in-the-glow\\\/#organization\"},\"image\":{\"@id\":\"https:\\\/\\\/www.treatwell.es/in-the-glow\\\/tendencias-belleza-new-york-fashion-week\\\/#primaryimage\"},\"thumbnailUrl\":\"https:\\\/\\\/www.treatwell.es/in-the-glow\\\/wp-content\\\/uploads\\\/sites\\\/10\\\/2022\\\/03\\\/Schermafbeelding-2021-09-14-om-12.25.37-500x628.png\",\"keywords\":[\"Hair\",\"Haircuts and Hairdressing\",\"Makeup\"],\"articleSection\":[\"Beauty\"],\"inLanguage\":\"es\"},{\"@type\":\"WebPage\",\"@id\":\"https:\\\/\\\/www.treatwell.es/in-the-glow\\\/tendencias-belleza-new-york-fashion-week\\\/\",\"url\":\"https:\\\/\\\/www.treatwell.es/in-the-glow\\\/tendencias-belleza-new-york-fashion-week\\\/\",\"name\":\"Tendencias belleza: New York Fashion Week primavera | Treatwell\",\"isPartOf\":{\"@id\":\"https:\\\/\\\/www.treatwell.es/in-the-glow\\\/#website\"},\"primaryImageOfPage\":{\"@id\":\"https:\\\/\\\/www.treatwell.es/in-the-glow\\\/tendencias-belleza-new-york-fashion-week\\\/#primaryimage\"},\"image\":{\"@id\":\"https:\\\/\\\/www.treatwell.es/in-the-glow\\\/tendencias-belleza-new-york-fashion-week\\\/#primaryimage\"},\"thumbnailUrl\":\"https:\\\/\\\/www.treatwell.es/in-the-glow\\\/wp-content\\\/uploads\\\/sites\\\/10\\\/2022\\\/03\\\/Schermafbeelding-2021-09-14-om-12.25.37-500x628.png\",\"datePublished\":\"2021-09-17T09:52:54+00:00\",\"dateModified\":\"2025-12-15T22:55:07+00:00\",\"description\":\"Descubre las 7 tendencias de belleza de la Semana de la Moda de Nueva York: trenzas perladas, labios intensos, maquillaje met\u00e1lico, nostalgia y m\u00e1s para primavera.\",\"breadcrumb\":{\"@id\":\"https:\\\/\\\/www.treatwell.es/in-the-glow\\\/tendencias-belleza-new-york-fashion-week\\\/#breadcrumb\"},\"inLanguage\":\"es\",\"potentialAction\":[{\"@type\":\"ReadAction\",\"target\":[\"https:\\\/\\\/www.treatwell.es/in-the-glow\\\/tendencias-belleza-new-york-fashion-week\\\/\"]}]},{\"@type\":\"ImageObject\",\"inLanguage\":\"es\",\"@id\":\"https:\\\/\\\/www.treatwell.es/in-the-glow\\\/tendencias-belleza-new-york-fashion-week\\\/#primaryimage\",\"url\":\"https:\\\/\\\/www.treatwell.es/in-the-glow\\\/wp-content\\\/uploads\\\/sites\\\/10\\\/2022\\\/03\\\/Schermafbeelding-2021-09-14-om-12.25.37-500x628.png\",\"contentUrl\":\"https:\\\/\\\/www.treatwell.es/in-the-glow\\\/wp-content\\\/uploads\\\/sites\\\/10\\\/2022\\\/03\\\/Schermafbeelding-2021-09-14-om-12.25.37-500x628.png\",\"width\":500,\"height\":628},{\"@type\":\"BreadcrumbList\",\"@id\":\"https:\\\/\\\/www.treatwell.es/in-the-glow\\\/tendencias-belleza-new-york-fashion-week\\\/#breadcrumb\",\"itemListElement\":[{\"@type\":\"ListItem\",\"position\":1,\"name\":\"Home\",\"item\":\"https:\\\/\\\/www.treatwell.es/in-the-glow\\\/\"},{\"@type\":\"ListItem\",\"position\":2,\"name\":\"Beauty\",\"item\":\"https:\\\/\\\/www.treatwell.es/in-the-glow\\\/beauty\\\/\"},{\"@type\":\"ListItem\",\"position\":3,\"name\":\"7 tendencias de belleza que nos deja la New York Fashion Week\"}]},{\"@type\":\"WebSite\",\"@id\":\"https:\\\/\\\/www.treatwell.es/in-the-glow\\\/#website\",\"url\":\"https:\\\/\\\/www.treatwell.es/in-the-glow\\\/\",\"name\":\"In The Glow\",\"description\":\"Belleza. Pelo. Lifestyle.\",\"publisher\":{\"@id\":\"https:\\\/\\\/www.treatwell.es/in-the-glow\\\/#organization\"},\"potentialAction\":[{\"@type\":\"SearchAction\",\"target\":{\"@type\":\"EntryPoint\",\"urlTemplate\":\"https:\\\/\\\/www.treatwell.es/in-the-glow\\\/?s={search_term_string}\"},\"query-input\":{\"@type\":\"PropertyValueSpecification\",\"valueRequired\":true,\"valueName\":\"search_term_string\"}}],\"inLanguage\":\"es\"},{\"@type\":\"Organization\",\"@id\":\"https:\\\/\\\/www.treatwell.es/in-the-glow\\\/#organization\",\"name\":\"Treatwell\",\"url\":\"https:\\\/\\\/www.treatwell.es/in-the-glow\\\/\",\"logo\":{\"@type\":\"ImageObject\",\"inLanguage\":\"es\",\"@id\":\"https:\\\/\\\/www.treatwell.es/in-the-glow\\\/#\\\/schema\\\/logo\\\/image\\\/\",\"url\":\"https:\\\/\\\/www.treatwell.es/in-the-glow\\\/wp-content\\\/uploads\\\/sites\\\/10\\\/2022\\\/03\\\/logo_treatwell.png\",\"contentUrl\":\"https:\\\/\\\/www.treatwell.es/in-the-glow\\\/wp-content\\\/uploads\\\/sites\\\/10\\\/2022\\\/03\\\/logo_treatwell.png\",\"width\":889,\"height\":164,\"caption\":\"Treatwell\"},\"image\":{\"@id\":\"https:\\\/\\\/www.treatwell.es/in-the-glow\\\/#\\\/schema\\\/logo\\\/image\\\/\"}},{\"@type\":\"Person\",\"@id\":\"https:\\\/\\\/www.treatwell.es/in-the-glow\\\/#\\\/schema\\\/person\\\/45be8f7781947e6c6d31f4b658271bf6\",\"name\":\"Beth Ryan\",\"image\":{\"@type\":\"ImageObject\",\"inLanguage\":\"es\",\"@id\":\"https:\\\/\\\/secure.gravatar.com\\\/avatar\\\/93502c3b0591e62d75cc697ff3b5b8f47fef521e9dd0d61feb5570ae6d459200?s=96&d=mm&r=g\",\"url\":\"https:\\\/\\\/secure.gravatar.com\\\/avatar\\\/93502c3b0591e62d75cc697ff3b5b8f47fef521e9dd0d61feb5570ae6d459200?s=96&d=mm&r=g\",\"contentUrl\":\"https:\\\/\\\/secure.gravatar.com\\\/avatar\\\/93502c3b0591e62d75cc697ff3b5b8f47fef521e9dd0d61feb5570ae6d459200?s=96&d=mm&r=g\",\"caption\":\"Beth Ryan\"},\"url\":\"https:\\\/\\\/www.treatwell.es/in-the-glow\\\/author\\\/bethanyryan\\\/\"}]}<\/script>\n<!-- \/ Yoast SEO plugin. -->","yoast_head_json":{"title":"Tendencias belleza: New York Fashion Week primavera | Treatwell","description":"Descubre las 7 tendencias de belleza de la Semana de la Moda de Nueva York: trenzas perladas, labios intensos, maquillaje met\u00e1lico, nostalgia y m\u00e1s para primavera.","robots":{"index":"index","follow":"follow","max-snippet":"max-snippet:-1","max-image-preview":"max-image-preview:large","max-video-preview":"max-video-preview:-1"},"canonical":"https:\/\/www.treatwell.es/in-the-glow\/tendencias-belleza-new-york-fashion-week\/","og_locale":"es_ES","og_type":"article","og_title":"Tendencias belleza: New York Fashion Week primavera | Treatwell","og_description":"Descubre las 7 tendencias de belleza de la Semana de la Moda de Nueva York: trenzas perladas, labios intensos, maquillaje met\u00e1lico, nostalgia y m\u00e1s para primavera.","og_url":"https:\/\/www.treatwell.es/in-the-glow\/tendencias-belleza-new-york-fashion-week\/","og_site_name":"In The Glow","article_published_time":"2021-09-17T09:52:54+00:00","article_modified_time":"2025-12-15T22:55:07+00:00","og_image":[{"width":500,"height":628,"url":"https:\/\/www.treatwell.es/in-the-glow\/wp-content\/uploads\/sites\/10\/2022\/03\/Schermafbeelding-2021-09-14-om-12.25.37-500x628.png","type":"image\/png"}],"author":"Beth Ryan","twitter_card":"summary_large_image","twitter_misc":{"Escrito por":"Beth Ryan","Tiempo de lectura":"2 minutos"},"schema":{"@context":"https:\/\/schema.org","@graph":[{"@type":"Article","@id":"https:\/\/www.treatwell.es/in-the-glow\/tendencias-belleza-new-york-fashion-week\/#article","isPartOf":{"@id":"https:\/\/www.treatwell.es/in-the-glow\/tendencias-belleza-new-york-fashion-week\/"},"author":{"name":"Beth Ryan","@id":"https:\/\/www.treatwell.es/in-the-glow\/#\/schema\/person\/45be8f7781947e6c6d31f4b658271bf6"},"headline":"7 tendencias de belleza que nos deja la New York Fashion Week","datePublished":"2021-09-17T09:52:54+00:00","dateModified":"2025-12-15T22:55:07+00:00","mainEntityOfPage":{"@id":"https:\/\/www.treatwell.es/in-the-glow\/tendencias-belleza-new-york-fashion-week\/"},"wordCount":403,"publisher":{"@id":"https:\/\/www.treatwell.es/in-the-glow\/#organization"},"image":{"@id":"https:\/\/www.treatwell.es/in-the-glow\/tendencias-belleza-new-york-fashion-week\/#primaryimage"},"thumbnailUrl":"https:\/\/www.treatwell.es/in-the-glow\/wp-content\/uploads\/sites\/10\/2022\/03\/Schermafbeelding-2021-09-14-om-12.25.37-500x628.png","keywords":["Hair","Haircuts and Hairdressing","Makeup"],"articleSection":["Beauty"],"inLanguage":"es"},{"@type":"WebPage","@id":"https:\/\/www.treatwell.es/in-the-glow\/tendencias-belleza-new-york-fashion-week\/","url":"https:\/\/www.treatwell.es/in-the-glow\/tendencias-belleza-new-york-fashion-week\/","name":"Tendencias belleza: New York Fashion Week primavera | Treatwell","isPartOf":{"@id":"https:\/\/www.treatwell.es/in-the-glow\/#website"},"primaryImageOfPage":{"@id":"https:\/\/www.treatwell.es/in-the-glow\/tendencias-belleza-new-york-fashion-week\/#primaryimage"},"image":{"@id":"https:\/\/www.treatwell.es/in-the-glow\/tendencias-belleza-new-york-fashion-week\/#primaryimage"},"thumbnailUrl":"https:\/\/www.treatwell.es/in-the-glow\/wp-content\/uploads\/sites\/10\/2022\/03\/Schermafbeelding-2021-09-14-om-12.25.37-500x628.png","datePublished":"2021-09-17T09:52:54+00:00","dateModified":"2025-12-15T22:55:07+00:00","description":"Descubre las 7 tendencias de belleza de la Semana de la Moda de Nueva York: trenzas perladas, labios intensos, maquillaje met\u00e1lico, nostalgia y m\u00e1s para primavera.","breadcrumb":{"@id":"https:\/\/www.treatwell.es/in-the-glow\/tendencias-belleza-new-york-fashion-week\/#breadcrumb"},"inLanguage":"es","potentialAction":[{"@type":"ReadAction","target":["https:\/\/www.treatwell.es/in-the-glow\/tendencias-belleza-new-york-fashion-week\/"]}]},{"@type":"ImageObject","inLanguage":"es","@id":"https:\/\/www.treatwell.es/in-the-glow\/tendencias-belleza-new-york-fashion-week\/#primaryimage","url":"https:\/\/www.treatwell.es/in-the-glow\/wp-content\/uploads\/sites\/10\/2022\/03\/Schermafbeelding-2021-09-14-om-12.25.37-500x628.png","contentUrl":"https:\/\/www.treatwell.es/in-the-glow\/wp-content\/uploads\/sites\/10\/2022\/03\/Schermafbeelding-2021-09-14-om-12.25.37-500x628.png","width":500,"height":628},{"@type":"BreadcrumbList","@id":"https:\/\/www.treatwell.es/in-the-glow\/tendencias-belleza-new-york-fashion-week\/#breadcrumb","itemListElement":[{"@type":"ListItem","position":1,"name":"Home","item":"https:\/\/www.treatwell.es/in-the-glow\/"},{"@type":"ListItem","position":2,"name":"Beauty","item":"https:\/\/www.treatwell.es/in-the-glow\/beauty\/"},{"@type":"ListItem","position":3,"name":"7 tendencias de belleza que nos deja la New York Fashion Week"}]},{"@type":"WebSite","@id":"https:\/\/www.treatwell.es/in-the-glow\/#website","url":"https:\/\/www.treatwell.es/in-the-glow\/","name":"In The Glow","description":"Belleza. Pelo. Lifestyle.","publisher":{"@id":"https:\/\/www.treatwell.es/in-the-glow\/#organization"},"potentialAction":[{"@type":"SearchAction","target":{"@type":"EntryPoint","urlTemplate":"https:\/\/www.treatwell.es/in-the-glow\/?s={search_term_string}"},"query-input":{"@type":"PropertyValueSpecification","valueRequired":true,"valueName":"search_term_string"}}],"inLanguage":"es"},{"@type":"Organization","@id":"https:\/\/www.treatwell.es/in-the-glow\/#organization","name":"Treatwell","url":"https:\/\/www.treatwell.es/in-the-glow\/","logo":{"@type":"ImageObject","inLanguage":"es","@id":"https:\/\/www.treatwell.es/in-the-glow\/#\/schema\/logo\/image\/","url":"https:\/\/www.treatwell.es/in-the-glow\/wp-content\/uploads\/sites\/10\/2022\/03\/logo_treatwell.png","contentUrl":"https:\/\/www.treatwell.es/in-the-glow\/wp-content\/uploads\/sites\/10\/2022\/03\/logo_treatwell.png","width":889,"height":164,"caption":"Treatwell"},"image":{"@id":"https:\/\/www.treatwell.es/in-the-glow\/#\/schema\/logo\/image\/"}},{"@type":"Person","@id":"https:\/\/www.treatwell.es/in-the-glow\/#\/schema\/person\/45be8f7781947e6c6d31f4b658271bf6","name":"Beth Ryan","image":{"@type":"ImageObject","inLanguage":"es","@id":"https:\/\/secure.gravatar.com\/avatar\/93502c3b0591e62d75cc697ff3b5b8f47fef521e9dd0d61feb5570ae6d459200?s=96&d=mm&r=g","url":"https:\/\/secure.gravatar.com\/avatar\/93502c3b0591e62d75cc697ff3b5b8f47fef521e9dd0d61feb5570ae6d459200?s=96&d=mm&r=g","contentUrl":"https:\/\/secure.gravatar.com\/avatar\/93502c3b0591e62d75cc697ff3b5b8f47fef521e9dd0d61feb5570ae6d459200?s=96&d=mm&r=g","caption":"Beth Ryan"},"url":"https:\/\/www.treatwell.es/in-the-glow\/author\/bethanyryan\/"}]}},"featured_image_src":"https:\/\/www.treatwell.es/in-the-glow\/wp-content\/uploads\/sites\/10\/2022\/03\/Schermafbeelding-2021-09-14-om-12.25.37-500x628-500x400.png","featured_image_src_square":"https:\/\/www.treatwell.es/in-the-glow\/wp-content\/uploads\/sites\/10\/2022\/03\/Schermafbeelding-2021-09-14-om-12.25.37-500x628-500x600.png","author_info":{"display_name":"Beth Ryan","author_link":"https:\/\/www.treatwell.es/in-the-glow\/author\/bethanyryan\/"},"_links":{"self":[{"href":"https:\/\/www.treatwell.es\/in-the-glow\/wp-json\/wp\/v2\/posts\/31366","targetHints":{"allow":["GET"]}}],"collection":[{"href":"https:\/\/www.treatwell.es\/in-the-glow\/wp-json\/wp\/v2\/posts"}],"about":[{"href":"https:\/\/www.treatwell.es\/in-the-glow\/wp-json\/wp\/v2\/types\/post"}],"author":[{"embeddable":true,"href":"https:\/\/www.treatwell.es\/in-the-glow\/wp-json\/wp\/v2\/users\/3366"}],"replies":[{"embeddable":true,"href":"https:\/\/www.treatwell.es\/in-the-glow\/wp-json\/wp\/v2\/comments?post=31366"}],"version-history":[{"count":0,"href":"https:\/\/www.treatwell.es\/in-the-glow\/wp-json\/wp\/v2\/posts\/31366\/revisions"}],"wp:featuredmedia":[{"embeddable":true,"href":"https:\/\/www.treatwell.es\/in-the-glow\/wp-json\/wp\/v2\/media\/31375"}],"wp:attachment":[{"href":"https:\/\/www.treatwell.es\/in-the-glow\/wp-json\/wp\/v2\/media?parent=31366"}],"wp:term":[{"taxonomy":"category","embeddable":true,"href":"https:\/\/www.treatwell.es\/in-the-glow\/wp-json\/wp\/v2\/categories?post=31366"},{"taxonomy":"post_tag","embeddable":true,"href":"https:\/\/www.treatwell.es\/in-the-glow\/wp-json\/wp\/v2\/tags?post=31366"}],"curies":[{"name":"wp","href":"https:\/\/api.w.org\/{rel}","templated":true}]}}