{"id":31807,"date":"2021-12-01T18:37:36","date_gmt":"2021-12-01T17:37:36","guid":{"rendered":"https:\/\/www.treatwell.es\/in-the-glow\/?p=28871"},"modified":"2025-12-15T23:55:13","modified_gmt":"2025-12-15T22:55:13","slug":"maskne-piel-mascarilla","status":"publish","type":"post","link":"https:\/\/www.treatwell.es/in-the-glow\/maskne-piel-mascarilla\/","title":{"rendered":"El &#8216;maskn\u00e9&#8217; es un hecho &#8211; As\u00ed debes cuidar tu piel mientras uses mascarilla"},"content":{"rendered":"<p><span class=\"JsGRdQ\">Las &#8220;mascarillas&#8221; sol\u00edan (siempre) hacer referencia al <a href=\"https:\/\/www.treatwell.es\/in-the-glow\/orden-productos-belleza-cara-rutina-facial\/\">cuidado de la piel<\/a>. Por desgracia, en los \u00faltimos a\u00f1os, se han vuelto indispensables para cuidar de nuestra salud. Muchos de nosotros jam\u00e1s hab\u00edamos usado una mascarilla protectora, y aunque ya nos hayamos hecho a ella, todav\u00eda no somos conscientes de los efectos que puede tener en nuestra piel (bendita ignorancia). Por suerte, sabemos c\u00f3mo esquivar esta &#8220;derma-amenaza&#8221; y te vamos a contar absolutamente todo. Empezamos:<\/span><\/p>\n<p>-Miryam<\/p>\n<div class=\"schema-faq wp-block-yoast-faq-block\">\n<div class=\"schema-faq-section\" id=\"faq-question-1765837360053\">\n<h3 class=\"schema-faq-question\">\u00bfQu\u00e9 tipo de mascarilla cuida mejor la piel del rostro?<\/h3>\n<p class=\"schema-faq-answer\">Elige mascarillas de algod\u00f3n con material natural y tejido transpirable para evitar brotes de acn\u00e9. Estas opciones permiten mejor circulaci\u00f3n del aire y reducen la humedad, lo que ayuda a mantener la piel limpia e impecable bajo la mascarilla.<\/div>\n<div class=\"schema-faq-section\" id=\"faq-question-1765837360054\">\n<h3 class=\"schema-faq-question\">\u00bfEs recomendable usar maquillaje bajo la mascarilla?<\/h3>\n<p class=\"schema-faq-answer\">Evita el maquillaje cuando lleves mascarilla protectora, ya que la piel queda ocluida y los poros pueden obstruirse m\u00e1s f\u00e1cilmente. Deja que la piel respire y luce otras zonas, como las cejas, para reducir el riesgo de granos o irritaci\u00f3n.<\/div>\n<div class=\"schema-faq-section\" id=\"faq-question-1765837360055\">\n<h3 class=\"schema-faq-question\">\u00bfC\u00f3mo limpiar la piel despu\u00e9s de usar mascarilla facial?<\/h3>\n<p class=\"schema-faq-answer\">Lava tu rostro con un jab\u00f3n suave justo despu\u00e9s de usar la mascarilla protectora para eliminar grasa y sudor acumulados. Aseg\u00farate de lavarte las manos antes y mant\u00e9n la piel limpia para prevenir brotes o irritaciones.<\/div>\n<div class=\"schema-faq-section\" id=\"faq-question-1765837360056\">\n<h3 class=\"schema-faq-question\">\u00bfDebo evitar productos fuertes en mi rutina facial si uso mascarilla?<\/h3>\n<p class=\"schema-faq-answer\">Evita exfoliantes potentes y retinol cuando lleves mascarilla, ya que pueden aumentar la sensibilidad de la piel. Prioriza ingredientes calmantes e hidrata la piel para mantener la barrera cut\u00e1nea saludable y sin molestias.<\/div>\n<div class=\"schema-faq-section\" id=\"faq-question-1765837360057\">\n<h3 class=\"schema-faq-question\">\u00bfCon qu\u00e9 frecuencia debo lavar la mascarilla reutilizable?<\/h3>\n<p class=\"schema-faq-answer\">Lava tu mascarilla tras cada uso para mantener la piel protegida de bacterias o residuos. Puedes hacerlo en la lavadora o sumergi\u00e9ndola durante 5 minutos en agua hirviendo con detergente, prestando atenci\u00f3n al producto si tu piel es sensible.<\/div>\n<\/p><\/div>\n","protected":false},"excerpt":{"rendered":"<p>Las &#8220;mascarillas&#8221; sol\u00edan (siempre) hacer referencia al cuidado de la piel. Por desgracia, en los \u00faltimos a\u00f1os, se han vuelto indispensables para cuidar de nuestra salud. Muchos de nosotros jam\u00e1s hab\u00edamos usado una mascarilla protectora, y aunque ya nos hayamos hecho a ella, todav\u00eda no somos conscientes de los efectos que puede tener en nuestra [&hellip;]<\/p>\n","protected":false},"author":3366,"featured_media":31815,"comment_status":"closed","ping_status":"closed","sticky":false,"template":"","format":"standard","meta":{"_acf_changed":false,"_yoast_wpseo_title":"Cuida tu piel bajo la mascarilla: gu\u00eda de belleza facial | Treatwell","_yoast_wpseo_metadesc":"Consejos clave para proteger tu piel al usar mascarilla: elige materiales naturales, evita maquillaje, hidrata y limpia la piel a diario. Tu rutina ideal aqu\u00ed.","_genesis_hide_title":false,"_genesis_hide_breadcrumbs":false,"_genesis_hide_singular_image":false,"_genesis_hide_footer_widgets":false,"_genesis_custom_body_class":"","_genesis_custom_post_class":"","_genesis_layout":"","saswp_custom_schema_field":"{\"@context\":\"https:\/\/schema.org\",\"@type\":\"FAQPage\",\"mainEntity\":[{\"@type\":\"Question\",\"name\":\"\u00bfQu\u00e9 tipo de mascarilla cuida mejor la piel del rostro?\",\"acceptedAnswer\":{\"@type\":\"Answer\",\"text\":\"Elige mascarillas de algod\u00f3n con material natural y tejido transpirable para evitar brotes de acn\u00e9. Estas opciones permiten mejor circulaci\u00f3n del aire y reducen la humedad, lo que ayuda a mantener la piel limpia e impecable bajo la mascarilla.\"}},{\"@type\":\"Question\",\"name\":\"\u00bfEs recomendable usar maquillaje bajo la mascarilla?\",\"acceptedAnswer\":{\"@type\":\"Answer\",\"text\":\"Evita el maquillaje cuando lleves mascarilla protectora, ya que la piel queda ocluida y los poros pueden obstruirse m\u00e1s f\u00e1cilmente. Deja que la piel respire y luce otras zonas, como las cejas, para reducir el riesgo de granos o irritaci\u00f3n.\"}},{\"@type\":\"Question\",\"name\":\"\u00bfC\u00f3mo limpiar la piel despu\u00e9s de usar mascarilla facial?\",\"acceptedAnswer\":{\"@type\":\"Answer\",\"text\":\"Lava tu rostro con un jab\u00f3n suave justo despu\u00e9s de usar la mascarilla protectora para eliminar grasa y sudor acumulados. Aseg\u00farate de lavarte las manos antes y mant\u00e9n la piel limpia para prevenir brotes o irritaciones.\"}},{\"@type\":\"Question\",\"name\":\"\u00bfDebo evitar productos fuertes en mi rutina facial si uso mascarilla?\",\"acceptedAnswer\":{\"@type\":\"Answer\",\"text\":\"Evita exfoliantes potentes y retinol cuando lleves mascarilla, ya que pueden aumentar la sensibilidad de la piel. Prioriza ingredientes calmantes e hidrata la piel para mantener la barrera cut\u00e1nea saludable y sin molestias.\"}},{\"@type\":\"Question\",\"name\":\"\u00bfCon qu\u00e9 frecuencia debo lavar la mascarilla reutilizable?\",\"acceptedAnswer\":{\"@type\":\"Answer\",\"text\":\"Lava tu mascarilla tras cada uso para mantener la piel protegida de bacterias o residuos. Puedes hacerlo en la lavadora o sumergi\u00e9ndola durante 5 minutos en agua hirviendo con detergente, prestando atenci\u00f3n al producto si tu piel es sensible.\"}}]}","footnotes":""},"categories":[4],"tags":[110,144,142],"class_list":{"0":"post-31807","1":"post","2":"type-post","3":"status-publish","4":"format-standard","5":"has-post-thumbnail","7":"category-beauty","8":"tag-tr133","9":"tag-tr253","10":"tag-tr142","11":"entry"},"acf":{"post_credits":"Cr\u00e9ditos de las im\u00e1genes: Shutterstock, @lalalopez, @lildewybae","beauty_blog_post_button_title":"","beauty_blog_post_button":"","landscape_picture":31814,"blocks":[{"block_title":"Piensa en el material de tu mascarilla","block_content":"<p>La mascarilla impide que el aire circule como deber&iacute;a aumentando el nivel de humedad en nuestra cara a medida que respiramos. Esto crea un ambiente c&aacute;lido y h&uacute;medo (el que adoran las bacterias) que&nbsp;puede provocar brotes de acn&eacute;. Busca mascarillas fabricadas con materiales naturales y transpirables, como el algod&oacute;n, y aseg&uacute;rate de que est&eacute;&nbsp;bien tejida.<\/p>\n","video_content":"","block_picture":31808},{"block_title":"Evita el maquillaje","block_content":"<p>Cuando llevas&nbsp;mascarilla, la piel&nbsp;est&aacute; ocluida, por lo que a&ntilde;adir una capa de maquillaje ser&aacute; la v&iacute;a m&aacute;s r&aacute;pida para obstruir poros y fomentar los brotes o&nbsp;la irritaci&oacute;n. &iexcl;Deja que tu piel respire y <a href=\"https:\/\/www.treatwell.es\/in-the-glow\/laminacion-de-cejas\/\">luce tu laminado&nbsp;de cejas<\/a>! Adem&aacute;s, parte de nuestra&nbsp;base de maquillaje se queda siempre en la mascarilla&nbsp;y, lo mires por donde lo mires, si algo le gusta a nuestra piel, es el &#039;home office&#039;.<\/p>\n","video_content":"","block_picture":31809},{"block_title":"Limpia (muy bien) tu piel","block_content":"<p>El ambiente h&uacute;medo propiciado por&nbsp;la mascarilla puede hacer que se acumule la grasa y el sudor.&nbsp;Limpiar la zona tras su uso puede, por su parte, ayudar a prevenir los brotes. Nunca dejar&iacute;as el sudor en el cuerpo&nbsp;tras&nbsp;un entrenamiento, &iquest;verdad?&nbsp;Pues esto&nbsp;es lo mismo: l&aacute;vate primero las manos (obvio) y luego limpia la piel con un jab&oacute;n&nbsp;suave para que no se&nbsp;irrite.<\/p>\n","video_content":"","block_picture":31810},{"block_title":"Olvida los productos agresivos","block_content":"<p>Probablemente, no sea el mejor momento para usar exfoliantes fuertes... Ni retinol. Las mascarillas pueden aumentar la sensibilidad de tu piel, as&iacute; que adapta tu rutina de belleza teni&eacute;ndolo en cuenta. Busca ingredientes calmantes y no olvides nunca&nbsp;la hidrataci&oacute;n.&nbsp;<\/p>\n","video_content":"","block_picture":31811},{"block_title":"La crema, tu mejor amiga","block_content":"<p>La fricci&oacute;n entre la mascarilla y la piel puede provocar&nbsp;irritaciones, erupciones o sequedad. Mantener la piel hidratada te ayudar&aacute;. Prueba a aplicar una crema espesa en la zona que est&aacute; en contacto directo con la mascarilla. Esto actuar&aacute; como barrera y aliviar&aacute; la irritaci&oacute;n.<\/p>\n","video_content":"","block_picture":31812},{"block_title":"Lava la mascarilla","block_content":"<p>Debes lavar la mascarilla despu&eacute;s de cada uso -por razones obvias- bien en la lavadora o sumergi&eacute;ndola durante 5 minutos en agua hirviendo con detergente. OJO&nbsp;con el detergente que utilizas, sobre todo si tu piel se irrita con facilidad (la piel de la cara es bastante m&aacute;s sensible que la del resto del cuerpo).<\/p>\n","video_content":"","block_picture":31813}]},"yoast_head":"<!-- This site is optimized with the Yoast SEO plugin v27.4 - https:\/\/yoast.com\/product\/yoast-seo-wordpress\/ -->\n<title>Cuida tu piel bajo la mascarilla: gu\u00eda de belleza facial | Treatwell<\/title>\n<meta name=\"description\" content=\"Consejos clave para proteger tu piel al usar mascarilla: elige materiales naturales, evita maquillaje, hidrata y limpia la piel a diario. Tu rutina ideal aqu\u00ed.\" \/>\n<meta name=\"robots\" content=\"index, follow, max-snippet:-1, max-image-preview:large, max-video-preview:-1\" \/>\n<link rel=\"canonical\" href=\"https:\/\/www.treatwell.es/in-the-glow\/maskne-piel-mascarilla\/\" \/>\n<meta property=\"og:locale\" content=\"es_ES\" \/>\n<meta property=\"og:type\" content=\"article\" \/>\n<meta property=\"og:title\" content=\"Cuida tu piel bajo la mascarilla: gu\u00eda de belleza facial | Treatwell\" \/>\n<meta property=\"og:description\" content=\"Consejos clave para proteger tu piel al usar mascarilla: elige materiales naturales, evita maquillaje, hidrata y limpia la piel a diario. Tu rutina ideal aqu\u00ed.\" \/>\n<meta property=\"og:url\" content=\"https:\/\/www.treatwell.es/in-the-glow\/maskne-piel-mascarilla\/\" \/>\n<meta property=\"og:site_name\" content=\"In The Glow\" \/>\n<meta property=\"article:published_time\" content=\"2021-12-01T17:37:36+00:00\" \/>\n<meta property=\"article:modified_time\" content=\"2025-12-15T22:55:13+00:00\" \/>\n<meta property=\"og:image\" content=\"https:\/\/www.treatwell.es/in-the-glow\/wp-content\/uploads\/sites\/10\/2022\/03\/lildewybae_121666434_214513293354985_6399785140519042011_n.jpg\" \/>\n\t<meta property=\"og:image:width\" content=\"502\" \/>\n\t<meta property=\"og:image:height\" content=\"628\" \/>\n\t<meta property=\"og:image:type\" content=\"image\/jpeg\" \/>\n<meta name=\"author\" content=\"Beth Ryan\" \/>\n<meta name=\"twitter:card\" content=\"summary_large_image\" \/>\n<meta name=\"twitter:label1\" content=\"Escrito por\" \/>\n\t<meta name=\"twitter:data1\" content=\"Beth Ryan\" \/>\n\t<meta name=\"twitter:label2\" content=\"Tiempo de lectura\" \/>\n\t<meta name=\"twitter:data2\" content=\"2 minutos\" \/>\n<script type=\"application\/ld+json\" class=\"yoast-schema-graph\">{\"@context\":\"https:\\\/\\\/schema.org\",\"@graph\":[{\"@type\":\"Article\",\"@id\":\"https:\\\/\\\/www.treatwell.es/in-the-glow\\\/maskne-piel-mascarilla\\\/#article\",\"isPartOf\":{\"@id\":\"https:\\\/\\\/www.treatwell.es/in-the-glow\\\/maskne-piel-mascarilla\\\/\"},\"author\":{\"name\":\"Beth Ryan\",\"@id\":\"https:\\\/\\\/www.treatwell.es/in-the-glow\\\/#\\\/schema\\\/person\\\/45be8f7781947e6c6d31f4b658271bf6\"},\"headline\":\"El &#8216;maskn\u00e9&#8217; es un hecho &#8211; As\u00ed debes cuidar tu piel mientras uses mascarilla\",\"datePublished\":\"2021-12-01T17:37:36+00:00\",\"dateModified\":\"2025-12-15T22:55:13+00:00\",\"mainEntityOfPage\":{\"@id\":\"https:\\\/\\\/www.treatwell.es/in-the-glow\\\/maskne-piel-mascarilla\\\/\"},\"wordCount\":339,\"publisher\":{\"@id\":\"https:\\\/\\\/www.treatwell.es/in-the-glow\\\/#organization\"},\"image\":{\"@id\":\"https:\\\/\\\/www.treatwell.es/in-the-glow\\\/maskne-piel-mascarilla\\\/#primaryimage\"},\"thumbnailUrl\":\"https:\\\/\\\/www.treatwell.es/in-the-glow\\\/wp-content\\\/uploads\\\/sites\\\/10\\\/2022\\\/03\\\/lildewybae_121666434_214513293354985_6399785140519042011_n.jpg\",\"keywords\":[\"Acne Treatments\",\"Cosmetic Skin Treatments\",\"Skin Lightening\"],\"articleSection\":[\"Beauty\"],\"inLanguage\":\"es\"},{\"@type\":\"WebPage\",\"@id\":\"https:\\\/\\\/www.treatwell.es/in-the-glow\\\/maskne-piel-mascarilla\\\/\",\"url\":\"https:\\\/\\\/www.treatwell.es/in-the-glow\\\/maskne-piel-mascarilla\\\/\",\"name\":\"Cuida tu piel bajo la mascarilla: gu\u00eda de belleza facial | Treatwell\",\"isPartOf\":{\"@id\":\"https:\\\/\\\/www.treatwell.es/in-the-glow\\\/#website\"},\"primaryImageOfPage\":{\"@id\":\"https:\\\/\\\/www.treatwell.es/in-the-glow\\\/maskne-piel-mascarilla\\\/#primaryimage\"},\"image\":{\"@id\":\"https:\\\/\\\/www.treatwell.es/in-the-glow\\\/maskne-piel-mascarilla\\\/#primaryimage\"},\"thumbnailUrl\":\"https:\\\/\\\/www.treatwell.es/in-the-glow\\\/wp-content\\\/uploads\\\/sites\\\/10\\\/2022\\\/03\\\/lildewybae_121666434_214513293354985_6399785140519042011_n.jpg\",\"datePublished\":\"2021-12-01T17:37:36+00:00\",\"dateModified\":\"2025-12-15T22:55:13+00:00\",\"description\":\"Consejos clave para proteger tu piel al usar mascarilla: elige materiales naturales, evita maquillaje, hidrata y limpia la piel a diario. Tu rutina ideal aqu\u00ed.\",\"breadcrumb\":{\"@id\":\"https:\\\/\\\/www.treatwell.es/in-the-glow\\\/maskne-piel-mascarilla\\\/#breadcrumb\"},\"inLanguage\":\"es\",\"potentialAction\":[{\"@type\":\"ReadAction\",\"target\":[\"https:\\\/\\\/www.treatwell.es/in-the-glow\\\/maskne-piel-mascarilla\\\/\"]}]},{\"@type\":\"ImageObject\",\"inLanguage\":\"es\",\"@id\":\"https:\\\/\\\/www.treatwell.es/in-the-glow\\\/maskne-piel-mascarilla\\\/#primaryimage\",\"url\":\"https:\\\/\\\/www.treatwell.es/in-the-glow\\\/wp-content\\\/uploads\\\/sites\\\/10\\\/2022\\\/03\\\/lildewybae_121666434_214513293354985_6399785140519042011_n.jpg\",\"contentUrl\":\"https:\\\/\\\/www.treatwell.es/in-the-glow\\\/wp-content\\\/uploads\\\/sites\\\/10\\\/2022\\\/03\\\/lildewybae_121666434_214513293354985_6399785140519042011_n.jpg\",\"width\":502,\"height\":628},{\"@type\":\"BreadcrumbList\",\"@id\":\"https:\\\/\\\/www.treatwell.es/in-the-glow\\\/maskne-piel-mascarilla\\\/#breadcrumb\",\"itemListElement\":[{\"@type\":\"ListItem\",\"position\":1,\"name\":\"Home\",\"item\":\"https:\\\/\\\/www.treatwell.es/in-the-glow\\\/\"},{\"@type\":\"ListItem\",\"position\":2,\"name\":\"Beauty\",\"item\":\"https:\\\/\\\/www.treatwell.es/in-the-glow\\\/beauty\\\/\"},{\"@type\":\"ListItem\",\"position\":3,\"name\":\"El &#8216;maskn\u00e9&#8217; es un hecho &#8211; As\u00ed debes cuidar tu piel mientras uses mascarilla\"}]},{\"@type\":\"WebSite\",\"@id\":\"https:\\\/\\\/www.treatwell.es/in-the-glow\\\/#website\",\"url\":\"https:\\\/\\\/www.treatwell.es/in-the-glow\\\/\",\"name\":\"In The Glow\",\"description\":\"Belleza. Pelo. Lifestyle.\",\"publisher\":{\"@id\":\"https:\\\/\\\/www.treatwell.es/in-the-glow\\\/#organization\"},\"potentialAction\":[{\"@type\":\"SearchAction\",\"target\":{\"@type\":\"EntryPoint\",\"urlTemplate\":\"https:\\\/\\\/www.treatwell.es/in-the-glow\\\/?s={search_term_string}\"},\"query-input\":{\"@type\":\"PropertyValueSpecification\",\"valueRequired\":true,\"valueName\":\"search_term_string\"}}],\"inLanguage\":\"es\"},{\"@type\":\"Organization\",\"@id\":\"https:\\\/\\\/www.treatwell.es/in-the-glow\\\/#organization\",\"name\":\"Treatwell\",\"url\":\"https:\\\/\\\/www.treatwell.es/in-the-glow\\\/\",\"logo\":{\"@type\":\"ImageObject\",\"inLanguage\":\"es\",\"@id\":\"https:\\\/\\\/www.treatwell.es/in-the-glow\\\/#\\\/schema\\\/logo\\\/image\\\/\",\"url\":\"https:\\\/\\\/www.treatwell.es/in-the-glow\\\/wp-content\\\/uploads\\\/sites\\\/10\\\/2022\\\/03\\\/logo_treatwell.png\",\"contentUrl\":\"https:\\\/\\\/www.treatwell.es/in-the-glow\\\/wp-content\\\/uploads\\\/sites\\\/10\\\/2022\\\/03\\\/logo_treatwell.png\",\"width\":889,\"height\":164,\"caption\":\"Treatwell\"},\"image\":{\"@id\":\"https:\\\/\\\/www.treatwell.es/in-the-glow\\\/#\\\/schema\\\/logo\\\/image\\\/\"}},{\"@type\":\"Person\",\"@id\":\"https:\\\/\\\/www.treatwell.es/in-the-glow\\\/#\\\/schema\\\/person\\\/45be8f7781947e6c6d31f4b658271bf6\",\"name\":\"Beth Ryan\",\"image\":{\"@type\":\"ImageObject\",\"inLanguage\":\"es\",\"@id\":\"https:\\\/\\\/secure.gravatar.com\\\/avatar\\\/93502c3b0591e62d75cc697ff3b5b8f47fef521e9dd0d61feb5570ae6d459200?s=96&d=mm&r=g\",\"url\":\"https:\\\/\\\/secure.gravatar.com\\\/avatar\\\/93502c3b0591e62d75cc697ff3b5b8f47fef521e9dd0d61feb5570ae6d459200?s=96&d=mm&r=g\",\"contentUrl\":\"https:\\\/\\\/secure.gravatar.com\\\/avatar\\\/93502c3b0591e62d75cc697ff3b5b8f47fef521e9dd0d61feb5570ae6d459200?s=96&d=mm&r=g\",\"caption\":\"Beth Ryan\"},\"url\":\"https:\\\/\\\/www.treatwell.es/in-the-glow\\\/author\\\/bethanyryan\\\/\"}]}<\/script>\n<!-- \/ Yoast SEO plugin. -->","yoast_head_json":{"title":"Cuida tu piel bajo la mascarilla: gu\u00eda de belleza facial | Treatwell","description":"Consejos clave para proteger tu piel al usar mascarilla: elige materiales naturales, evita maquillaje, hidrata y limpia la piel a diario. Tu rutina ideal aqu\u00ed.","robots":{"index":"index","follow":"follow","max-snippet":"max-snippet:-1","max-image-preview":"max-image-preview:large","max-video-preview":"max-video-preview:-1"},"canonical":"https:\/\/www.treatwell.es/in-the-glow\/maskne-piel-mascarilla\/","og_locale":"es_ES","og_type":"article","og_title":"Cuida tu piel bajo la mascarilla: gu\u00eda de belleza facial | Treatwell","og_description":"Consejos clave para proteger tu piel al usar mascarilla: elige materiales naturales, evita maquillaje, hidrata y limpia la piel a diario. Tu rutina ideal aqu\u00ed.","og_url":"https:\/\/www.treatwell.es/in-the-glow\/maskne-piel-mascarilla\/","og_site_name":"In The Glow","article_published_time":"2021-12-01T17:37:36+00:00","article_modified_time":"2025-12-15T22:55:13+00:00","og_image":[{"width":502,"height":628,"url":"https:\/\/www.treatwell.es/in-the-glow\/wp-content\/uploads\/sites\/10\/2022\/03\/lildewybae_121666434_214513293354985_6399785140519042011_n.jpg","type":"image\/jpeg"}],"author":"Beth Ryan","twitter_card":"summary_large_image","twitter_misc":{"Escrito por":"Beth Ryan","Tiempo de lectura":"2 minutos"},"schema":{"@context":"https:\/\/schema.org","@graph":[{"@type":"Article","@id":"https:\/\/www.treatwell.es/in-the-glow\/maskne-piel-mascarilla\/#article","isPartOf":{"@id":"https:\/\/www.treatwell.es/in-the-glow\/maskne-piel-mascarilla\/"},"author":{"name":"Beth Ryan","@id":"https:\/\/www.treatwell.es/in-the-glow\/#\/schema\/person\/45be8f7781947e6c6d31f4b658271bf6"},"headline":"El &#8216;maskn\u00e9&#8217; es un hecho &#8211; As\u00ed debes cuidar tu piel mientras uses mascarilla","datePublished":"2021-12-01T17:37:36+00:00","dateModified":"2025-12-15T22:55:13+00:00","mainEntityOfPage":{"@id":"https:\/\/www.treatwell.es/in-the-glow\/maskne-piel-mascarilla\/"},"wordCount":339,"publisher":{"@id":"https:\/\/www.treatwell.es/in-the-glow\/#organization"},"image":{"@id":"https:\/\/www.treatwell.es/in-the-glow\/maskne-piel-mascarilla\/#primaryimage"},"thumbnailUrl":"https:\/\/www.treatwell.es/in-the-glow\/wp-content\/uploads\/sites\/10\/2022\/03\/lildewybae_121666434_214513293354985_6399785140519042011_n.jpg","keywords":["Acne Treatments","Cosmetic Skin Treatments","Skin Lightening"],"articleSection":["Beauty"],"inLanguage":"es"},{"@type":"WebPage","@id":"https:\/\/www.treatwell.es/in-the-glow\/maskne-piel-mascarilla\/","url":"https:\/\/www.treatwell.es/in-the-glow\/maskne-piel-mascarilla\/","name":"Cuida tu piel bajo la mascarilla: gu\u00eda de belleza facial | Treatwell","isPartOf":{"@id":"https:\/\/www.treatwell.es/in-the-glow\/#website"},"primaryImageOfPage":{"@id":"https:\/\/www.treatwell.es/in-the-glow\/maskne-piel-mascarilla\/#primaryimage"},"image":{"@id":"https:\/\/www.treatwell.es/in-the-glow\/maskne-piel-mascarilla\/#primaryimage"},"thumbnailUrl":"https:\/\/www.treatwell.es/in-the-glow\/wp-content\/uploads\/sites\/10\/2022\/03\/lildewybae_121666434_214513293354985_6399785140519042011_n.jpg","datePublished":"2021-12-01T17:37:36+00:00","dateModified":"2025-12-15T22:55:13+00:00","description":"Consejos clave para proteger tu piel al usar mascarilla: elige materiales naturales, evita maquillaje, hidrata y limpia la piel a diario. Tu rutina ideal aqu\u00ed.","breadcrumb":{"@id":"https:\/\/www.treatwell.es/in-the-glow\/maskne-piel-mascarilla\/#breadcrumb"},"inLanguage":"es","potentialAction":[{"@type":"ReadAction","target":["https:\/\/www.treatwell.es/in-the-glow\/maskne-piel-mascarilla\/"]}]},{"@type":"ImageObject","inLanguage":"es","@id":"https:\/\/www.treatwell.es/in-the-glow\/maskne-piel-mascarilla\/#primaryimage","url":"https:\/\/www.treatwell.es/in-the-glow\/wp-content\/uploads\/sites\/10\/2022\/03\/lildewybae_121666434_214513293354985_6399785140519042011_n.jpg","contentUrl":"https:\/\/www.treatwell.es/in-the-glow\/wp-content\/uploads\/sites\/10\/2022\/03\/lildewybae_121666434_214513293354985_6399785140519042011_n.jpg","width":502,"height":628},{"@type":"BreadcrumbList","@id":"https:\/\/www.treatwell.es/in-the-glow\/maskne-piel-mascarilla\/#breadcrumb","itemListElement":[{"@type":"ListItem","position":1,"name":"Home","item":"https:\/\/www.treatwell.es/in-the-glow\/"},{"@type":"ListItem","position":2,"name":"Beauty","item":"https:\/\/www.treatwell.es/in-the-glow\/beauty\/"},{"@type":"ListItem","position":3,"name":"El &#8216;maskn\u00e9&#8217; es un hecho &#8211; As\u00ed debes cuidar tu piel mientras uses mascarilla"}]},{"@type":"WebSite","@id":"https:\/\/www.treatwell.es/in-the-glow\/#website","url":"https:\/\/www.treatwell.es/in-the-glow\/","name":"In The Glow","description":"Belleza. Pelo. Lifestyle.","publisher":{"@id":"https:\/\/www.treatwell.es/in-the-glow\/#organization"},"potentialAction":[{"@type":"SearchAction","target":{"@type":"EntryPoint","urlTemplate":"https:\/\/www.treatwell.es/in-the-glow\/?s={search_term_string}"},"query-input":{"@type":"PropertyValueSpecification","valueRequired":true,"valueName":"search_term_string"}}],"inLanguage":"es"},{"@type":"Organization","@id":"https:\/\/www.treatwell.es/in-the-glow\/#organization","name":"Treatwell","url":"https:\/\/www.treatwell.es/in-the-glow\/","logo":{"@type":"ImageObject","inLanguage":"es","@id":"https:\/\/www.treatwell.es/in-the-glow\/#\/schema\/logo\/image\/","url":"https:\/\/www.treatwell.es/in-the-glow\/wp-content\/uploads\/sites\/10\/2022\/03\/logo_treatwell.png","contentUrl":"https:\/\/www.treatwell.es/in-the-glow\/wp-content\/uploads\/sites\/10\/2022\/03\/logo_treatwell.png","width":889,"height":164,"caption":"Treatwell"},"image":{"@id":"https:\/\/www.treatwell.es/in-the-glow\/#\/schema\/logo\/image\/"}},{"@type":"Person","@id":"https:\/\/www.treatwell.es/in-the-glow\/#\/schema\/person\/45be8f7781947e6c6d31f4b658271bf6","name":"Beth Ryan","image":{"@type":"ImageObject","inLanguage":"es","@id":"https:\/\/secure.gravatar.com\/avatar\/93502c3b0591e62d75cc697ff3b5b8f47fef521e9dd0d61feb5570ae6d459200?s=96&d=mm&r=g","url":"https:\/\/secure.gravatar.com\/avatar\/93502c3b0591e62d75cc697ff3b5b8f47fef521e9dd0d61feb5570ae6d459200?s=96&d=mm&r=g","contentUrl":"https:\/\/secure.gravatar.com\/avatar\/93502c3b0591e62d75cc697ff3b5b8f47fef521e9dd0d61feb5570ae6d459200?s=96&d=mm&r=g","caption":"Beth Ryan"},"url":"https:\/\/www.treatwell.es/in-the-glow\/author\/bethanyryan\/"}]}},"featured_image_src":"https:\/\/www.treatwell.es/in-the-glow\/wp-content\/uploads\/sites\/10\/2022\/03\/lildewybae_121666434_214513293354985_6399785140519042011_n-502x400.jpg","featured_image_src_square":"https:\/\/www.treatwell.es/in-the-glow\/wp-content\/uploads\/sites\/10\/2022\/03\/lildewybae_121666434_214513293354985_6399785140519042011_n-502x600.jpg","author_info":{"display_name":"Beth Ryan","author_link":"https:\/\/www.treatwell.es/in-the-glow\/author\/bethanyryan\/"},"_links":{"self":[{"href":"https:\/\/www.treatwell.es\/in-the-glow\/wp-json\/wp\/v2\/posts\/31807","targetHints":{"allow":["GET"]}}],"collection":[{"href":"https:\/\/www.treatwell.es\/in-the-glow\/wp-json\/wp\/v2\/posts"}],"about":[{"href":"https:\/\/www.treatwell.es\/in-the-glow\/wp-json\/wp\/v2\/types\/post"}],"author":[{"embeddable":true,"href":"https:\/\/www.treatwell.es\/in-the-glow\/wp-json\/wp\/v2\/users\/3366"}],"replies":[{"embeddable":true,"href":"https:\/\/www.treatwell.es\/in-the-glow\/wp-json\/wp\/v2\/comments?post=31807"}],"version-history":[{"count":0,"href":"https:\/\/www.treatwell.es\/in-the-glow\/wp-json\/wp\/v2\/posts\/31807\/revisions"}],"wp:featuredmedia":[{"embeddable":true,"href":"https:\/\/www.treatwell.es\/in-the-glow\/wp-json\/wp\/v2\/media\/31815"}],"wp:attachment":[{"href":"https:\/\/www.treatwell.es\/in-the-glow\/wp-json\/wp\/v2\/media?parent=31807"}],"wp:term":[{"taxonomy":"category","embeddable":true,"href":"https:\/\/www.treatwell.es\/in-the-glow\/wp-json\/wp\/v2\/categories?post=31807"},{"taxonomy":"post_tag","embeddable":true,"href":"https:\/\/www.treatwell.es\/in-the-glow\/wp-json\/wp\/v2\/tags?post=31807"}],"curies":[{"name":"wp","href":"https:\/\/api.w.org\/{rel}","templated":true}]}}