{"id":32104,"date":"2022-02-22T18:14:23","date_gmt":"2022-02-22T17:14:23","guid":{"rendered":"https:\/\/www.treatwell.es\/in-the-glow\/?p=27118"},"modified":"2025-12-16T12:36:36","modified_gmt":"2025-12-16T11:36:36","slug":"maderoterapia-contra-la-celulitis","status":"publish","type":"post","link":"https:\/\/www.treatwell.es/in-the-glow\/maderoterapia-contra-la-celulitis\/","title":{"rendered":"Maderoterapia: qu\u00e9 es y para qu\u00e9 sirve el masaje de moda"},"content":{"rendered":"<p class=\"_04xlpA direction-ltr align-center para-style-body\"><span class=\"JsGRdQ\">La <strong>maderoterapia<\/strong> es una t\u00e9cnica natural basada en la realizaci\u00f3n de <strong>masajes con rodillos, copas y tablas<\/strong> de madera, que funciona a la perfecci\u00f3n como <strong>tratamiento reductor<\/strong>, moldeador y drenante y que promete resultados visibles desde las primeras sesiones. Por eso, cada vez son m\u00e1s las <em>maderoholics<\/em>\u00a0que acuden a esta t\u00e9cnica milenaria para <strong>mejorar la celulitis<\/strong>.<\/span><\/p>\n<p class=\"_04xlpA direction-ltr align-center para-style-body\"><span class=\"JsGRdQ\">Siendo sincera, no s\u00e9 si es verdad que &#8220;todas las mujeres tenemos celulitis&#8221;. Yo misma he presenciado casos de verdaderas afortunadas -de todas las tallas- con muslos lisos, sin hoyos ni piel de naranja. No es el m\u00edo, admitir\u00e9. Tengo celulitis desde que era pr\u00e1cticamente una adolescente y, aunque (por supuesto) he aprendido a vivir con ella, reconozco que no me importar\u00eda reducirla hasta l\u00edmites inadvertibles. De ah\u00ed, que me est\u00e9 planteando probar lo \u00faltimo en <a href=\"https:\/\/www.treatwell.es\/in-the-glow\/todo-sobre-el-drenaje-linfatico\/\">masajes modeladores<\/a>: la maderoterapia.<\/span><\/p>\n<p class=\"_04xlpA direction-ltr align-center para-style-body\"><span class=\"JsGRdQ\">Y como s\u00e9 que m\u00e1s de una est\u00e1 en mi misma situaci\u00f3n, en vez de documentarme con miles de art\u00edculos y definiciones, he preferido acudir a las (manos) expertas de <a href=\"https:\/\/www.treatwell.es\/establecimiento\/koan-club\/\">Koan Club,<\/a> el primer centro de belleza <em>inside out<\/em>, para que nos cuenten en qu\u00e9 consiste el tratamiento y <strong>qu\u00e9 beneficios tiene<\/strong> para nuestro cuerpo. Esto es lo que la madera puede hacer por ti:<\/span><\/p>\n<p>-Miryam<\/p>\n<div class=\"schema-faq wp-block-yoast-faq-block\">\n<div class=\"schema-faq-section\" id=\"faq-question-1765883804458\">\n<h3 class=\"schema-faq-question\">\u00bfQu\u00e9 es la maderoterapia y para qu\u00e9 sirve?<\/h3>\n<p class=\"schema-faq-answer\">La maderoterapia es un tratamiento natural y no invasivo basado en masajes con rodillos, copas y tablas de madera. Sirve para reducir la celulitis, tonificar el cuerpo, minimizar la retenci\u00f3n de l\u00edquidos y tratar la grasa localizada. Adem\u00e1s, estimula la producci\u00f3n de elastina y ayuda a equilibrar la energ\u00eda corporal.<\/div>\n<div class=\"schema-faq-section\" id=\"faq-question-1765883804459\">\n<h3 class=\"schema-faq-question\">\u00bfCu\u00e1nto tiempo dura una sesi\u00f3n de maderoterapia y cu\u00e1ntas sesiones son recomendables?<\/h3>\n<p class=\"schema-faq-answer\">Cada sesi\u00f3n de maderoterapia dura unos 50 minutos aproximadamente. Para ver resultados \u00f3ptimos, se recomiendan entre 3 y 5 sesiones como m\u00ednimo, aunque la cantidad ideal depende del volumen de grasa y el tipo de celulitis que tengas.<\/div>\n<div class=\"schema-faq-section\" id=\"faq-question-1765883804460\">\n<h3 class=\"schema-faq-question\">\u00bfCu\u00e1ndo se empiezan a notar los efectos de la maderoterapia?<\/h3>\n<p class=\"schema-faq-answer\">Puedes notar los efectos desde la primera sesi\u00f3n: una piel m\u00e1s tonificada y lisa. Los resultados m\u00e1s notorios suelen aparecer a partir de la cuarta o quinta sesi\u00f3n, conforme realizas m\u00e1s sesiones de tratamiento.<\/div>\n<div class=\"schema-faq-section\" id=\"faq-question-1765883804461\">\n<h3 class=\"schema-faq-question\">\u00bfCu\u00e1ntos cent\u00edmetros se pueden perder con la maderoterapia?<\/h3>\n<p class=\"schema-faq-answer\">Al realizar unas 10 sesiones de maderoterapia, puedes llegar a perder hasta 10 cm adicionales, dependiendo de tus niveles de grasa y el tipo de celulitis. El resultado var\u00eda seg\u00fan tu cuerpo y tus objetivos.<\/div>\n<div class=\"schema-faq-section\" id=\"faq-question-1765883804462\">\n<h3 class=\"schema-faq-question\">\u00bfLa maderoterapia duele o tiene contraindicaciones?<\/h3>\n<p class=\"schema-faq-answer\">La maderoterapia no duele, pero s\u00ed notar\u00e1s presi\u00f3n por la intensidad del masaje, necesaria para activar el sistema linf\u00e1tico y circulatorio. Est\u00e1 desaconsejada en casos de patolog\u00edas circulatorias graves y, durante el embarazo, solo se realiza en brazos y piernas.<\/div>\n<div class=\"schema-faq-section\" id=\"faq-question-1765883804463\">\n<h3 class=\"schema-faq-question\">\u00bfCu\u00e1les son los principales beneficios de la maderoterapia corporal?<\/h3>\n<p class=\"schema-faq-answer\">La maderoterapia corporal ayuda a combatir la celulitis, mejorar la circulaci\u00f3n sangu\u00ednea, tonificar la piel y eliminar la adiposidad localizada. Adem\u00e1s de efectos est\u00e9ticos, reduce el estr\u00e9s, equilibra los centros de energ\u00eda y mejora la respiraci\u00f3n y el bienestar general.<\/div>\n<\/p><\/div>\n","protected":false},"excerpt":{"rendered":"<p>La maderoterapia es una t\u00e9cnica natural basada en la realizaci\u00f3n de masajes con rodillos, copas y tablas de madera, que funciona a la perfecci\u00f3n como tratamiento reductor, moldeador y drenante y que promete resultados visibles desde las primeras sesiones. Por eso, cada vez son m\u00e1s las maderoholics\u00a0que acuden a esta t\u00e9cnica milenaria para mejorar la [&hellip;]<\/p>\n","protected":false},"author":3366,"featured_media":32112,"comment_status":"closed","ping_status":"closed","sticky":false,"template":"","format":"standard","meta":{"_acf_changed":false,"_yoast_wpseo_title":"Maderoterapia: beneficios, t\u00e9cnica y consejos | Treatwell","_yoast_wpseo_metadesc":"Descubre la maderoterapia, el masaje reductor que combate celulitis y moldea tu cuerpo. T\u00e9cnica natural, beneficios, c\u00f3mo es una sesi\u00f3n y contraindicaciones.","_genesis_hide_title":false,"_genesis_hide_breadcrumbs":false,"_genesis_hide_singular_image":false,"_genesis_hide_footer_widgets":false,"_genesis_custom_body_class":"","_genesis_custom_post_class":"","_genesis_layout":"","saswp_custom_schema_field":"{\"@context\":\"https:\/\/schema.org\",\"@type\":\"FAQPage\",\"mainEntity\":[{\"@type\":\"Question\",\"name\":\"\u00bfQu\u00e9 es la maderoterapia y para qu\u00e9 sirve?\",\"acceptedAnswer\":{\"@type\":\"Answer\",\"text\":\"La maderoterapia es un tratamiento natural y no invasivo basado en masajes con rodillos, copas y tablas de madera. Sirve para reducir la celulitis, tonificar el cuerpo, minimizar la retenci\u00f3n de l\u00edquidos y tratar la grasa localizada. Adem\u00e1s, estimula la producci\u00f3n de elastina y ayuda a equilibrar la energ\u00eda corporal.\"}},{\"@type\":\"Question\",\"name\":\"\u00bfCu\u00e1nto tiempo dura una sesi\u00f3n de maderoterapia y cu\u00e1ntas sesiones son recomendables?\",\"acceptedAnswer\":{\"@type\":\"Answer\",\"text\":\"Cada sesi\u00f3n de maderoterapia dura unos 50 minutos aproximadamente. Para ver resultados \u00f3ptimos, se recomiendan entre 3 y 5 sesiones como m\u00ednimo, aunque la cantidad ideal depende del volumen de grasa y el tipo de celulitis que tengas.\"}},{\"@type\":\"Question\",\"name\":\"\u00bfCu\u00e1ndo se empiezan a notar los efectos de la maderoterapia?\",\"acceptedAnswer\":{\"@type\":\"Answer\",\"text\":\"Puedes notar los efectos desde la primera sesi\u00f3n: una piel m\u00e1s tonificada y lisa. Los resultados m\u00e1s notorios suelen aparecer a partir de la cuarta o quinta sesi\u00f3n, conforme realizas m\u00e1s sesiones de tratamiento.\"}},{\"@type\":\"Question\",\"name\":\"\u00bfCu\u00e1ntos cent\u00edmetros se pueden perder con la maderoterapia?\",\"acceptedAnswer\":{\"@type\":\"Answer\",\"text\":\"Al realizar unas 10 sesiones de maderoterapia, puedes llegar a perder hasta 10 cm adicionales, dependiendo de tus niveles de grasa y el tipo de celulitis. El resultado var\u00eda seg\u00fan tu cuerpo y tus objetivos.\"}},{\"@type\":\"Question\",\"name\":\"\u00bfLa maderoterapia duele o tiene contraindicaciones?\",\"acceptedAnswer\":{\"@type\":\"Answer\",\"text\":\"La maderoterapia no duele, pero s\u00ed notar\u00e1s presi\u00f3n por la intensidad del masaje, necesaria para activar el sistema linf\u00e1tico y circulatorio. Est\u00e1 desaconsejada en casos de patolog\u00edas circulatorias graves y, durante el embarazo, solo se realiza en brazos y piernas.\"}},{\"@type\":\"Question\",\"name\":\"\u00bfCu\u00e1les son los principales beneficios de la maderoterapia corporal?\",\"acceptedAnswer\":{\"@type\":\"Answer\",\"text\":\"La maderoterapia corporal ayuda a combatir la celulitis, mejorar la circulaci\u00f3n sangu\u00ednea, tonificar la piel y eliminar la adiposidad localizada. Adem\u00e1s de efectos est\u00e9ticos, reduce el estr\u00e9s, equilibra los centros de energ\u00eda y mejora la respiraci\u00f3n y el bienestar general.\"}}]}","footnotes":""},"categories":[4],"tags":[21,24,6],"class_list":{"0":"post-32104","1":"post","2":"type-post","3":"status-publish","4":"format-standard","5":"has-post-thumbnail","7":"category-beauty","8":"tag-tr320","9":"tag-tr40","10":"tag-tt37","11":"entry"},"acf":{"post_credits":"Cr\u00e9ditos de las im\u00e1genes: Treatwell, Instragram: @koanclub","beauty_blog_post_button_title":"","beauty_blog_post_button":"","landscape_picture":32111,"blocks":[{"block_title":"\u00bfQu\u00e9 es y para qu\u00e9 sirve la maderoterapia?","block_content":"<p>&quot;La maderoterapia es&nbsp;el procedimiento natural y no invasivo que, bas&aacute;ndose en una serie de masajes con rodillos y copas de madera, tonifica el cuerpo, minimiza la retenci&oacute;n de l&iacute;quidos, trata la grasa localizada y estimula la producci&oacute;n de elastina&quot;, nos cuentan (y tientan) desde Koan Club. Adem&aacute;s, reduce los niveles de estr&eacute;s y el dolor de nuestros m&uacute;sculos y articulaciones.<\/p>\n\n<p>&nbsp;<\/p>\n\n<h3>&iquest;De d&oacute;nde proviene la maderoterapia?<\/h3>\n\n<p>Como ocurre con la mayor&iacute;a de&nbsp;masajes y tratamientos naturales,&nbsp;la&nbsp;maderoterapia&nbsp;<strong>proviene de la tradici&oacute;n&nbsp;oriental<\/strong>. Seg&uacute;n la medicina tradicional china, l<strong>a madera es el elemento que equilibra nuestra energ&iacute;a<\/strong> corporal,&nbsp;de ah&iacute;&nbsp;que siempre se haya utilizado como instrumento para&nbsp;aliviar dolores musculares y redireccionar energ&iacute;as.<\/p>\n","video_content":"","block_picture":32105},{"block_title":"\u00bfC\u00f3mo es una sesi\u00f3n de maderoterapia?","block_content":"<p>&laquo;La sesi&oacute;n empieza siempre con un masaje linf&aacute;tico que prepara la piel mientras act&uacute;a contra la grasa acumulada. Posteriormente, el terapeuta aplica una serie de aceites esenciales (con propiedades reductoras) mientras realiza un segundo masaje al paciente y, para terminar, se procede con los accesorios de madera&raquo;, a&ntilde;aden desde&nbsp;Koan, que cuentan con expertos como Luisa o Miriam, con a&ntilde;os de experiencia en &#039;madero&#039; (nuevo t&eacute;rmino para la <em>Treatwellpedia<\/em>).<\/p>\n\n<p>&nbsp;<\/p>\n\n<h3><strong>&iquest;Cu&aacute;nto tiempo dura la&nbsp;sesi&oacute;n y cu&aacute;ntas sesiones de maderoterapia se necesitan?<\/strong><\/h3>\n\n<p>&nbsp;&quot;La sesi&oacute;n dura unos 50 minutos <em>aproximadamente<\/em>&nbsp;y <strong>m&iacute;nimo<\/strong> se necesitan entre 3 y 5 sesiones de madero, aunque depender&aacute; del volumen de grasa del paciente y del tipo de celulitis a tratar&quot;. Confirman.<\/p>\n\n<p>&nbsp;<\/p>\n\n<h3>&iquest;Cu&aacute;ntos cent&iacute;metros se pierden con la maderoteapia?<\/h3>\n\n<p>Dependiendo de los niveles de grasa del cliente y del tipo de celulitis que tenga, con unas 10 sesiones podr&iacute;a perder hasta 10 cm adicionales.<\/p>\n\n<p>&nbsp;<\/p>\n\n<h3>&iquest;Cu&aacute;ndo se notan los efectos de la maderoterapia?<\/h3>\n\n<p>Lo normal es que notes los efectos desde la primera sesi&oacute;n, una piel m&aacute;s tonificada y lisa. Sin embargo, los verdaderos resultados aparecer&aacute;n conforme vayas realizando tus sesiones, a partir de la cuarta o quinta.<\/p>\n","video_content":"","block_picture":32106},{"block_title":"\u00bfQui\u00e9n se puede hacer la maderoterapia?","block_content":"<p>La maderoterapia es un tratamiento dise&ntilde;ado para remodelar el&nbsp;cuerpo tratando la grasa localizada, &quot;especialmente en la zona de la cintura, cartucheras, gl&uacute;teos, brazos o muslos. As&iacute; que, si ese es tu objetivo, da por hecho que la madero ser&aacute;, por as&iacute; decirlo, tu aliada natural para moldear tu cuerpo y relajarlo.<\/p>\n\n<p>&nbsp;<\/p>\n\n<h3>&iquest;Cu&aacute;les son las contraindicaciones de la maderoterapia?<\/h3>\n\n<p>La maderoterapia apenas tiene&nbsp;contraindicaciones (por ser natural), pero &quot;est&aacute; desaconsejada&nbsp;en personas con patolog&iacute;as circulatorias graves&quot;, puntualizan las chicas de Koan. &quot;En el caso de las embarazadas, realizamos los masajes &uacute;nicamente en brazos y piernas. Y aunque la zona facial tambi&eacute;n es tratable con los utensilios de madera, nosotras preferimos los bioliftings&quot;.<\/p>\n\n<ul>\n<\/ul>\n","video_content":"","block_picture":32107},{"block_title":"\u00bfLa maderoterapia duele?","block_content":"<p>&quot;No duele, pero notar&aacute;s presi&oacute;n (de ah&iacute; su eficacia). No te esperes el t&iacute;pico <a href=\"https:\/\/www.treatwell.es\/in-the-glow\/masajes-para-momentos-de-no-puedo-mas\/\">masaje relajante<\/a> porque, con la maderoterapia, ser&aacute;&nbsp;m&aacute;s intenso, ya que tenemos&nbsp;que activar&nbsp;el sistema linf&aacute;tico y circulatorio&quot;, confirma el Club. &quot;Sin embargo, con la maderoterapia, s&iacute; que saldr&aacute;s m&aacute;s relajada. Reducir&aacute;s&nbsp;tu nivel de estr&eacute;s y&nbsp;-fuera del plano est&eacute;tico- conseguir&aacute;s&nbsp;equilibrar tus centros de energ&iacute;a&nbsp;o combatir el dolor de espalda y cuello&quot;. Adem&aacute;s, tambi&eacute;n mejora&nbsp;tu respiraci&oacute;n y estimula&nbsp;la producci&oacute;n de col&aacute;geno, elastina y vitamina E... &iexcl;Todo ventajas!<\/p>\n","video_content":"","block_picture":32108},{"block_title":"10 Beneficios de la maderoterapia","block_content":"<p>Entre los principales beneficios de la maderoterapia corporal, encontramos:<\/p>\n\n<p>&nbsp;<\/p>\n\n<ol>\n\t<li>Favorece la circulaci&oacute;n sangu&iacute;nea.<\/li>\n\t<li>Combate la celulitis.<\/li>\n\t<li>Elimina la adiposidad localizada y tonifica la piel.<\/li>\n\t<li>Mejora la retenci&oacute;n de l&iacute;quidos.<\/li>\n\t<li>Estimula la producci&oacute;n de col&aacute;geno y elastina.<\/li>\n\t<li>Acaba con los dolores del cuello y espalda y es ideal para tratar contracturas musculares.<\/li>\n\t<li>Equilibra los centros de energ&iacute;a del cuerpo.<\/li>\n\t<li>Mejora la respiraci&oacute;n.<\/li>\n\t<li>Reactiva&nbsp;el sistema nervioso.<\/li>\n\t<li>Reduce los niveles de estr&eacute;s.<\/li>\n<\/ol>\n","video_content":"","block_picture":32109},{"block_title":"\u00bfQu\u00e9 tan efectiva es la maderoterapia?","block_content":"<p><strong>La maderoterapia es muy efectiva<\/strong>, sobre todo para combatir la celulitis y la grasa localizada en muslos, caderas, brazos y abdomen. Y si tenemos en cuenta que equilibra nuestros centros energ&eacute;ticos, reduce los niveles de estr&eacute;s y combate contracturas musculares... es m&aacute;s efectiva todav&iacute;a. Pero como decimos siempre, todo depende de tus&nbsp;objetivos y&nbsp;de tu&nbsp;tipo de cuerpo. Lo importante es acudir a profesionales que realicen un <strong>diagn&oacute;stico personalizado<\/strong>, como hacen en Koan Club. &quot;Nosotros llevamos a cabo un enfoque integral para tratar organismo, emociones y aspecto f&iacute;sico&quot;, se&ntilde;alan. Es m&aacute;s, si hay una frase que me ha llamado especialmente la atenci&oacute;n durante la entrevista, es la siguiente: &quot;tambi&eacute;n nos especializamos en relajar emociones enquistadas&quot;. &iquest;C&oacute;mo? &iquest;Combatir celulitis y masajear sentimientos? Tengo que probarlo.&nbsp;<\/p>\n\n<p>&nbsp;<\/p>\n\n<p>Con <a href=\"https:\/\/www.treatwell.es\/establecimientos\/tratamiento-tratamientos-celulitis\/oferta-tipo-local\/en-madrid-es\/\" target=\"_blank\">Treatwell<\/a>, puedes reservar tus tratamientos de belleza online en tus salones favoritos, de forma sencilla, r&aacute;pida y en un abrir y cerrar de ojos. Descubre los salones cerca de ti.<\/p>\n","video_content":"","block_picture":32110}]},"yoast_head":"<!-- This site is optimized with the Yoast SEO plugin v27.5 - https:\/\/yoast.com\/product\/yoast-seo-wordpress\/ -->\n<title>Maderoterapia: beneficios, t\u00e9cnica y consejos | Treatwell<\/title>\n<meta name=\"description\" content=\"Descubre la maderoterapia, el masaje reductor que combate celulitis y moldea tu cuerpo. T\u00e9cnica natural, beneficios, c\u00f3mo es una sesi\u00f3n y contraindicaciones.\" \/>\n<meta name=\"robots\" content=\"index, follow, max-snippet:-1, max-image-preview:large, max-video-preview:-1\" \/>\n<link rel=\"canonical\" href=\"https:\/\/www.treatwell.es/in-the-glow\/maderoterapia-contra-la-celulitis\/\" \/>\n<meta property=\"og:locale\" content=\"es_ES\" \/>\n<meta property=\"og:type\" content=\"article\" \/>\n<meta property=\"og:title\" content=\"Maderoterapia: beneficios, t\u00e9cnica y consejos | Treatwell\" \/>\n<meta property=\"og:description\" content=\"Descubre la maderoterapia, el masaje reductor que combate celulitis y moldea tu cuerpo. T\u00e9cnica natural, beneficios, c\u00f3mo es una sesi\u00f3n y contraindicaciones.\" \/>\n<meta property=\"og:url\" content=\"https:\/\/www.treatwell.es/in-the-glow\/maderoterapia-contra-la-celulitis\/\" \/>\n<meta property=\"og:site_name\" content=\"In The Glow\" \/>\n<meta property=\"article:published_time\" content=\"2022-02-22T17:14:23+00:00\" \/>\n<meta property=\"article:modified_time\" content=\"2025-12-16T11:36:36+00:00\" \/>\n<meta property=\"og:image\" content=\"https:\/\/www.treatwell.es/in-the-glow\/wp-content\/uploads\/sites\/10\/2022\/03\/image4.jpeg\" \/>\n\t<meta property=\"og:image:width\" content=\"640\" \/>\n\t<meta property=\"og:image:height\" content=\"480\" \/>\n\t<meta property=\"og:image:type\" content=\"image\/jpeg\" \/>\n<meta name=\"author\" content=\"Beth Ryan\" \/>\n<meta name=\"twitter:card\" content=\"summary_large_image\" \/>\n<meta name=\"twitter:label1\" content=\"Escrito por\" \/>\n\t<meta name=\"twitter:data1\" content=\"Beth Ryan\" \/>\n\t<meta name=\"twitter:label2\" content=\"Tiempo de lectura\" \/>\n\t<meta name=\"twitter:data2\" content=\"3 minutos\" \/>\n<script type=\"application\/ld+json\" class=\"yoast-schema-graph\">{\"@context\":\"https:\\\/\\\/schema.org\",\"@graph\":[{\"@type\":\"Article\",\"@id\":\"https:\\\/\\\/www.treatwell.es/in-the-glow\\\/maderoterapia-contra-la-celulitis\\\/#article\",\"isPartOf\":{\"@id\":\"https:\\\/\\\/www.treatwell.es/in-the-glow\\\/maderoterapia-contra-la-celulitis\\\/\"},\"author\":{\"name\":\"Beth Ryan\",\"@id\":\"https:\\\/\\\/www.treatwell.es/in-the-glow\\\/#\\\/schema\\\/person\\\/45be8f7781947e6c6d31f4b658271bf6\"},\"headline\":\"Maderoterapia: qu\u00e9 es y para qu\u00e9 sirve el masaje de moda\",\"datePublished\":\"2022-02-22T17:14:23+00:00\",\"dateModified\":\"2025-12-16T11:36:36+00:00\",\"mainEntityOfPage\":{\"@id\":\"https:\\\/\\\/www.treatwell.es/in-the-glow\\\/maderoterapia-contra-la-celulitis\\\/\"},\"wordCount\":543,\"publisher\":{\"@id\":\"https:\\\/\\\/www.treatwell.es/in-the-glow\\\/#organization\"},\"image\":{\"@id\":\"https:\\\/\\\/www.treatwell.es/in-the-glow\\\/maderoterapia-contra-la-celulitis\\\/#primaryimage\"},\"thumbnailUrl\":\"https:\\\/\\\/www.treatwell.es/in-the-glow\\\/wp-content\\\/uploads\\\/sites\\\/10\\\/2022\\\/03\\\/image4.jpeg\",\"keywords\":[\"Body Sculpting\",\"Cellulite Treatments\",\"Massage\"],\"articleSection\":[\"Beauty\"],\"inLanguage\":\"es\"},{\"@type\":\"WebPage\",\"@id\":\"https:\\\/\\\/www.treatwell.es/in-the-glow\\\/maderoterapia-contra-la-celulitis\\\/\",\"url\":\"https:\\\/\\\/www.treatwell.es/in-the-glow\\\/maderoterapia-contra-la-celulitis\\\/\",\"name\":\"Maderoterapia: beneficios, t\u00e9cnica y consejos | Treatwell\",\"isPartOf\":{\"@id\":\"https:\\\/\\\/www.treatwell.es/in-the-glow\\\/#website\"},\"primaryImageOfPage\":{\"@id\":\"https:\\\/\\\/www.treatwell.es/in-the-glow\\\/maderoterapia-contra-la-celulitis\\\/#primaryimage\"},\"image\":{\"@id\":\"https:\\\/\\\/www.treatwell.es/in-the-glow\\\/maderoterapia-contra-la-celulitis\\\/#primaryimage\"},\"thumbnailUrl\":\"https:\\\/\\\/www.treatwell.es/in-the-glow\\\/wp-content\\\/uploads\\\/sites\\\/10\\\/2022\\\/03\\\/image4.jpeg\",\"datePublished\":\"2022-02-22T17:14:23+00:00\",\"dateModified\":\"2025-12-16T11:36:36+00:00\",\"description\":\"Descubre la maderoterapia, el masaje reductor que combate celulitis y moldea tu cuerpo. T\u00e9cnica natural, beneficios, c\u00f3mo es una sesi\u00f3n y contraindicaciones.\",\"breadcrumb\":{\"@id\":\"https:\\\/\\\/www.treatwell.es/in-the-glow\\\/maderoterapia-contra-la-celulitis\\\/#breadcrumb\"},\"inLanguage\":\"es\",\"potentialAction\":[{\"@type\":\"ReadAction\",\"target\":[\"https:\\\/\\\/www.treatwell.es/in-the-glow\\\/maderoterapia-contra-la-celulitis\\\/\"]}]},{\"@type\":\"ImageObject\",\"inLanguage\":\"es\",\"@id\":\"https:\\\/\\\/www.treatwell.es/in-the-glow\\\/maderoterapia-contra-la-celulitis\\\/#primaryimage\",\"url\":\"https:\\\/\\\/www.treatwell.es/in-the-glow\\\/wp-content\\\/uploads\\\/sites\\\/10\\\/2022\\\/03\\\/image4.jpeg\",\"contentUrl\":\"https:\\\/\\\/www.treatwell.es/in-the-glow\\\/wp-content\\\/uploads\\\/sites\\\/10\\\/2022\\\/03\\\/image4.jpeg\",\"width\":640,\"height\":480},{\"@type\":\"BreadcrumbList\",\"@id\":\"https:\\\/\\\/www.treatwell.es/in-the-glow\\\/maderoterapia-contra-la-celulitis\\\/#breadcrumb\",\"itemListElement\":[{\"@type\":\"ListItem\",\"position\":1,\"name\":\"Home\",\"item\":\"https:\\\/\\\/www.treatwell.es/in-the-glow\\\/\"},{\"@type\":\"ListItem\",\"position\":2,\"name\":\"Beauty\",\"item\":\"https:\\\/\\\/www.treatwell.es/in-the-glow\\\/beauty\\\/\"},{\"@type\":\"ListItem\",\"position\":3,\"name\":\"Maderoterapia: qu\u00e9 es y para qu\u00e9 sirve el masaje de moda\"}]},{\"@type\":\"WebSite\",\"@id\":\"https:\\\/\\\/www.treatwell.es/in-the-glow\\\/#website\",\"url\":\"https:\\\/\\\/www.treatwell.es/in-the-glow\\\/\",\"name\":\"In The Glow\",\"description\":\"Belleza. Pelo. Lifestyle.\",\"publisher\":{\"@id\":\"https:\\\/\\\/www.treatwell.es/in-the-glow\\\/#organization\"},\"potentialAction\":[{\"@type\":\"SearchAction\",\"target\":{\"@type\":\"EntryPoint\",\"urlTemplate\":\"https:\\\/\\\/www.treatwell.es/in-the-glow\\\/?s={search_term_string}\"},\"query-input\":{\"@type\":\"PropertyValueSpecification\",\"valueRequired\":true,\"valueName\":\"search_term_string\"}}],\"inLanguage\":\"es\"},{\"@type\":\"Organization\",\"@id\":\"https:\\\/\\\/www.treatwell.es/in-the-glow\\\/#organization\",\"name\":\"Treatwell\",\"url\":\"https:\\\/\\\/www.treatwell.es/in-the-glow\\\/\",\"logo\":{\"@type\":\"ImageObject\",\"inLanguage\":\"es\",\"@id\":\"https:\\\/\\\/www.treatwell.es/in-the-glow\\\/#\\\/schema\\\/logo\\\/image\\\/\",\"url\":\"https:\\\/\\\/www.treatwell.es/in-the-glow\\\/wp-content\\\/uploads\\\/sites\\\/10\\\/2022\\\/03\\\/logo_treatwell.png\",\"contentUrl\":\"https:\\\/\\\/www.treatwell.es/in-the-glow\\\/wp-content\\\/uploads\\\/sites\\\/10\\\/2022\\\/03\\\/logo_treatwell.png\",\"width\":889,\"height\":164,\"caption\":\"Treatwell\"},\"image\":{\"@id\":\"https:\\\/\\\/www.treatwell.es/in-the-glow\\\/#\\\/schema\\\/logo\\\/image\\\/\"}},{\"@type\":\"Person\",\"@id\":\"https:\\\/\\\/www.treatwell.es/in-the-glow\\\/#\\\/schema\\\/person\\\/45be8f7781947e6c6d31f4b658271bf6\",\"name\":\"Beth Ryan\",\"image\":{\"@type\":\"ImageObject\",\"inLanguage\":\"es\",\"@id\":\"https:\\\/\\\/secure.gravatar.com\\\/avatar\\\/93502c3b0591e62d75cc697ff3b5b8f47fef521e9dd0d61feb5570ae6d459200?s=96&d=mm&r=g\",\"url\":\"https:\\\/\\\/secure.gravatar.com\\\/avatar\\\/93502c3b0591e62d75cc697ff3b5b8f47fef521e9dd0d61feb5570ae6d459200?s=96&d=mm&r=g\",\"contentUrl\":\"https:\\\/\\\/secure.gravatar.com\\\/avatar\\\/93502c3b0591e62d75cc697ff3b5b8f47fef521e9dd0d61feb5570ae6d459200?s=96&d=mm&r=g\",\"caption\":\"Beth Ryan\"},\"url\":\"https:\\\/\\\/www.treatwell.es/in-the-glow\\\/author\\\/bethanyryan\\\/\"}]}<\/script>\n<!-- \/ Yoast SEO plugin. -->","yoast_head_json":{"title":"Maderoterapia: beneficios, t\u00e9cnica y consejos | Treatwell","description":"Descubre la maderoterapia, el masaje reductor que combate celulitis y moldea tu cuerpo. T\u00e9cnica natural, beneficios, c\u00f3mo es una sesi\u00f3n y contraindicaciones.","robots":{"index":"index","follow":"follow","max-snippet":"max-snippet:-1","max-image-preview":"max-image-preview:large","max-video-preview":"max-video-preview:-1"},"canonical":"https:\/\/www.treatwell.es/in-the-glow\/maderoterapia-contra-la-celulitis\/","og_locale":"es_ES","og_type":"article","og_title":"Maderoterapia: beneficios, t\u00e9cnica y consejos | Treatwell","og_description":"Descubre la maderoterapia, el masaje reductor que combate celulitis y moldea tu cuerpo. T\u00e9cnica natural, beneficios, c\u00f3mo es una sesi\u00f3n y contraindicaciones.","og_url":"https:\/\/www.treatwell.es/in-the-glow\/maderoterapia-contra-la-celulitis\/","og_site_name":"In The Glow","article_published_time":"2022-02-22T17:14:23+00:00","article_modified_time":"2025-12-16T11:36:36+00:00","og_image":[{"width":640,"height":480,"url":"https:\/\/www.treatwell.es/in-the-glow\/wp-content\/uploads\/sites\/10\/2022\/03\/image4.jpeg","type":"image\/jpeg"}],"author":"Beth Ryan","twitter_card":"summary_large_image","twitter_misc":{"Escrito por":"Beth Ryan","Tiempo de lectura":"3 minutos"},"schema":{"@context":"https:\/\/schema.org","@graph":[{"@type":"Article","@id":"https:\/\/www.treatwell.es/in-the-glow\/maderoterapia-contra-la-celulitis\/#article","isPartOf":{"@id":"https:\/\/www.treatwell.es/in-the-glow\/maderoterapia-contra-la-celulitis\/"},"author":{"name":"Beth Ryan","@id":"https:\/\/www.treatwell.es/in-the-glow\/#\/schema\/person\/45be8f7781947e6c6d31f4b658271bf6"},"headline":"Maderoterapia: qu\u00e9 es y para qu\u00e9 sirve el masaje de moda","datePublished":"2022-02-22T17:14:23+00:00","dateModified":"2025-12-16T11:36:36+00:00","mainEntityOfPage":{"@id":"https:\/\/www.treatwell.es/in-the-glow\/maderoterapia-contra-la-celulitis\/"},"wordCount":543,"publisher":{"@id":"https:\/\/www.treatwell.es/in-the-glow\/#organization"},"image":{"@id":"https:\/\/www.treatwell.es/in-the-glow\/maderoterapia-contra-la-celulitis\/#primaryimage"},"thumbnailUrl":"https:\/\/www.treatwell.es/in-the-glow\/wp-content\/uploads\/sites\/10\/2022\/03\/image4.jpeg","keywords":["Body Sculpting","Cellulite Treatments","Massage"],"articleSection":["Beauty"],"inLanguage":"es"},{"@type":"WebPage","@id":"https:\/\/www.treatwell.es/in-the-glow\/maderoterapia-contra-la-celulitis\/","url":"https:\/\/www.treatwell.es/in-the-glow\/maderoterapia-contra-la-celulitis\/","name":"Maderoterapia: beneficios, t\u00e9cnica y consejos | Treatwell","isPartOf":{"@id":"https:\/\/www.treatwell.es/in-the-glow\/#website"},"primaryImageOfPage":{"@id":"https:\/\/www.treatwell.es/in-the-glow\/maderoterapia-contra-la-celulitis\/#primaryimage"},"image":{"@id":"https:\/\/www.treatwell.es/in-the-glow\/maderoterapia-contra-la-celulitis\/#primaryimage"},"thumbnailUrl":"https:\/\/www.treatwell.es/in-the-glow\/wp-content\/uploads\/sites\/10\/2022\/03\/image4.jpeg","datePublished":"2022-02-22T17:14:23+00:00","dateModified":"2025-12-16T11:36:36+00:00","description":"Descubre la maderoterapia, el masaje reductor que combate celulitis y moldea tu cuerpo. T\u00e9cnica natural, beneficios, c\u00f3mo es una sesi\u00f3n y contraindicaciones.","breadcrumb":{"@id":"https:\/\/www.treatwell.es/in-the-glow\/maderoterapia-contra-la-celulitis\/#breadcrumb"},"inLanguage":"es","potentialAction":[{"@type":"ReadAction","target":["https:\/\/www.treatwell.es/in-the-glow\/maderoterapia-contra-la-celulitis\/"]}]},{"@type":"ImageObject","inLanguage":"es","@id":"https:\/\/www.treatwell.es/in-the-glow\/maderoterapia-contra-la-celulitis\/#primaryimage","url":"https:\/\/www.treatwell.es/in-the-glow\/wp-content\/uploads\/sites\/10\/2022\/03\/image4.jpeg","contentUrl":"https:\/\/www.treatwell.es/in-the-glow\/wp-content\/uploads\/sites\/10\/2022\/03\/image4.jpeg","width":640,"height":480},{"@type":"BreadcrumbList","@id":"https:\/\/www.treatwell.es/in-the-glow\/maderoterapia-contra-la-celulitis\/#breadcrumb","itemListElement":[{"@type":"ListItem","position":1,"name":"Home","item":"https:\/\/www.treatwell.es/in-the-glow\/"},{"@type":"ListItem","position":2,"name":"Beauty","item":"https:\/\/www.treatwell.es/in-the-glow\/beauty\/"},{"@type":"ListItem","position":3,"name":"Maderoterapia: qu\u00e9 es y para qu\u00e9 sirve el masaje de moda"}]},{"@type":"WebSite","@id":"https:\/\/www.treatwell.es/in-the-glow\/#website","url":"https:\/\/www.treatwell.es/in-the-glow\/","name":"In The Glow","description":"Belleza. Pelo. Lifestyle.","publisher":{"@id":"https:\/\/www.treatwell.es/in-the-glow\/#organization"},"potentialAction":[{"@type":"SearchAction","target":{"@type":"EntryPoint","urlTemplate":"https:\/\/www.treatwell.es/in-the-glow\/?s={search_term_string}"},"query-input":{"@type":"PropertyValueSpecification","valueRequired":true,"valueName":"search_term_string"}}],"inLanguage":"es"},{"@type":"Organization","@id":"https:\/\/www.treatwell.es/in-the-glow\/#organization","name":"Treatwell","url":"https:\/\/www.treatwell.es/in-the-glow\/","logo":{"@type":"ImageObject","inLanguage":"es","@id":"https:\/\/www.treatwell.es/in-the-glow\/#\/schema\/logo\/image\/","url":"https:\/\/www.treatwell.es/in-the-glow\/wp-content\/uploads\/sites\/10\/2022\/03\/logo_treatwell.png","contentUrl":"https:\/\/www.treatwell.es/in-the-glow\/wp-content\/uploads\/sites\/10\/2022\/03\/logo_treatwell.png","width":889,"height":164,"caption":"Treatwell"},"image":{"@id":"https:\/\/www.treatwell.es/in-the-glow\/#\/schema\/logo\/image\/"}},{"@type":"Person","@id":"https:\/\/www.treatwell.es/in-the-glow\/#\/schema\/person\/45be8f7781947e6c6d31f4b658271bf6","name":"Beth Ryan","image":{"@type":"ImageObject","inLanguage":"es","@id":"https:\/\/secure.gravatar.com\/avatar\/93502c3b0591e62d75cc697ff3b5b8f47fef521e9dd0d61feb5570ae6d459200?s=96&d=mm&r=g","url":"https:\/\/secure.gravatar.com\/avatar\/93502c3b0591e62d75cc697ff3b5b8f47fef521e9dd0d61feb5570ae6d459200?s=96&d=mm&r=g","contentUrl":"https:\/\/secure.gravatar.com\/avatar\/93502c3b0591e62d75cc697ff3b5b8f47fef521e9dd0d61feb5570ae6d459200?s=96&d=mm&r=g","caption":"Beth Ryan"},"url":"https:\/\/www.treatwell.es/in-the-glow\/author\/bethanyryan\/"}]}},"featured_image_src":"https:\/\/www.treatwell.es/in-the-glow\/wp-content\/uploads\/sites\/10\/2022\/03\/image4-600x400.jpeg","featured_image_src_square":"https:\/\/www.treatwell.es/in-the-glow\/wp-content\/uploads\/sites\/10\/2022\/03\/image4-600x480.jpeg","author_info":{"display_name":"Beth Ryan","author_link":"https:\/\/www.treatwell.es/in-the-glow\/author\/bethanyryan\/"},"_links":{"self":[{"href":"https:\/\/www.treatwell.es\/in-the-glow\/wp-json\/wp\/v2\/posts\/32104","targetHints":{"allow":["GET"]}}],"collection":[{"href":"https:\/\/www.treatwell.es\/in-the-glow\/wp-json\/wp\/v2\/posts"}],"about":[{"href":"https:\/\/www.treatwell.es\/in-the-glow\/wp-json\/wp\/v2\/types\/post"}],"author":[{"embeddable":true,"href":"https:\/\/www.treatwell.es\/in-the-glow\/wp-json\/wp\/v2\/users\/3366"}],"replies":[{"embeddable":true,"href":"https:\/\/www.treatwell.es\/in-the-glow\/wp-json\/wp\/v2\/comments?post=32104"}],"version-history":[{"count":0,"href":"https:\/\/www.treatwell.es\/in-the-glow\/wp-json\/wp\/v2\/posts\/32104\/revisions"}],"wp:featuredmedia":[{"embeddable":true,"href":"https:\/\/www.treatwell.es\/in-the-glow\/wp-json\/wp\/v2\/media\/32112"}],"wp:attachment":[{"href":"https:\/\/www.treatwell.es\/in-the-glow\/wp-json\/wp\/v2\/media?parent=32104"}],"wp:term":[{"taxonomy":"category","embeddable":true,"href":"https:\/\/www.treatwell.es\/in-the-glow\/wp-json\/wp\/v2\/categories?post=32104"},{"taxonomy":"post_tag","embeddable":true,"href":"https:\/\/www.treatwell.es\/in-the-glow\/wp-json\/wp\/v2\/tags?post=32104"}],"curies":[{"name":"wp","href":"https:\/\/api.w.org\/{rel}","templated":true}]}}