{"id":32453,"date":"2022-05-13T18:13:34","date_gmt":"2022-05-13T16:13:34","guid":{"rendered":"https:\/\/www.treatwell.es\/in-the-glow\/?p=30554"},"modified":"2025-12-16T12:36:24","modified_gmt":"2025-12-16T11:36:24","slug":"unas-blancas-decoradas-verano","status":"publish","type":"post","link":"https:\/\/www.treatwell.es/in-the-glow\/unas-blancas-decoradas-verano\/","title":{"rendered":"U\u00f1as blancas 2022: as\u00ed se llevan decoradas este verano"},"content":{"rendered":"<p class=\"body-text\">Las u\u00f1as blancas vuelven este verano como como una de las manicuras m\u00e1s elegantes de la temporada y apostamos a que vas a querer copiar estos dise\u00f1os. La manicura blanca es, por as\u00ed decirlo, el lienzo perfecto para cualquier <em>nail art<\/em> que tengas en mente, desde la manicura francesa original a las u\u00f1as blancas decoradas.<\/p>\n<p class=\"body-text\">Si echamos la vista atr\u00e1s, las u\u00f1as\u00a0blancas\u00a0no eran tan populares como lo son actualmente. Y si las llevaste con antelaci\u00f3n, sabr\u00e1s a qu\u00e9 me refiero: dime que no te preguntaban constantemente por qu\u00e9 llevabas tippex en las u\u00f1as (<em>ejem<\/em>, a m\u00ed s\u00ed). Sin embargo, las cosas han cambiado (para bien) y las u\u00f1as de gel blancas son el must absoluto del verano. Duran unas tres semanas, resaltan el moreno y son una opci\u00f3n minimalista que combina con (absolutamente) todo. Eso s\u00ed, si te planteas lucir u\u00f1as XXL, lo mejor es que te al\u00edes con las extensiones y le pidas a tu manicurista unas u\u00f1as acr\u00edlicas blancas.<strong><br \/>\n<\/strong><\/p>\n<p>Cu\u00e9ntanos c\u00f3mo eres y te diremos qu\u00e9 tipo de manicura blanca va m\u00e1s con tu estilo. Por ejemplo, si eres cl\u00e1sica, las u\u00f1as blanco y negro o las u\u00f1as blanco mate son opciones sencillas, pero infalibles. Si, por el contrario, eres m\u00e1s arriesgada y ves la vida a todo color, las u\u00f1as azul pastel y blanco est\u00e1n de rabiosa actualidad. Pero si quieres sacar tu lado m\u00e1s &#8220;cute&#8221;, est\u00e1s de enhorabuena porque las u\u00f1as blancas con rosa son una de las tendencias incuestionables del verano.<\/p>\n<p>Como ves, las &#8216;white nails&#8217; no tienen por qu\u00e9 ser aburridas ni se limitan a la <a href=\"https:\/\/www.treatwell.es\/in-the-glow\/manicuras-para-novia\/\">manicura nupcial<\/a> o las archiconocidas &#8220;milky nails&#8221;. Existen mil formas *s\u00faper* elegantes de arrasar con tus u\u00f1as blancas y nosotros venimos a descubrirte las manicuras con m\u00e1s likes de todo Instagram. \u00bfPreparada? Pues ve deslizando&#8230;<\/p>\n<p>&nbsp;<\/p>\n<p class=\"body-text\">\n<div class=\"schema-faq wp-block-yoast-faq-block\"><\/div>\n","protected":false},"excerpt":{"rendered":"<p>Las u\u00f1as blancas vuelven este verano como como una de las manicuras m\u00e1s elegantes de la temporada y apostamos a que vas a querer copiar estos dise\u00f1os. La manicura blanca es, por as\u00ed decirlo, el lienzo perfecto para cualquier nail art que tengas en mente, desde la manicura francesa original a las u\u00f1as blancas decoradas. [&hellip;]<\/p>\n","protected":false},"author":3366,"featured_media":32465,"comment_status":"closed","ping_status":"closed","sticky":false,"template":"","format":"standard","meta":{"_acf_changed":false,"_yoast_wpseo_title":"U\u00f1as blancas: ideas, dise\u00f1os y tendencias elegantes | Treatwell","_yoast_wpseo_metadesc":"Descubre las mejores ideas para u\u00f1as blancas. Insp\u00edrate con dise\u00f1os modernos, consejos para combinar estilos y tendencias que arrasan este verano. Elige tu manicura ideal.","_genesis_hide_title":false,"_genesis_hide_breadcrumbs":false,"_genesis_hide_singular_image":false,"_genesis_hide_footer_widgets":false,"_genesis_custom_body_class":"","_genesis_custom_post_class":"","_genesis_layout":"","saswp_custom_schema_field":"","footnotes":""},"categories":[4],"tags":[20,17,7],"class_list":{"0":"post-32453","1":"post","2":"type-post","3":"status-publish","4":"format-standard","5":"has-post-thumbnail","7":"category-beauty","8":"tag-tr540","9":"tag-tr578","10":"tag-tt36","11":"entry"},"acf":{"post_credits":"Cr\u00e9ditos de las im\u00e1genes: Shutterstock, Instagram: @amyle.nails, @_karebeauty_, @nails.bab","beauty_blog_post_button_title":"","beauty_blog_post_button":"","landscape_picture":32464,"blocks":[{"block_title":"U\u00f1as blancas (las cl\u00e1sicas)","block_content":"<p>Las m&aacute;s demandadas: las u&ntilde;as blancas cl&aacute;sicas, las de siempre, vamos. Y es que no hay nada como lucir una manicura blanca ahora que llega el verano... Son las u&ntilde;as m&aacute;s elegantes de la temporada y no son tan arriesgadas como para no poder combinarlas con tus outfits m&aacute;s atrevidos, &iquest;verdad? Si te cuesta la vida mantener tus u&ntilde;as largas, ya sabes, las u&ntilde;as acr&iacute;licas blancas te est&aacute;n esperando en tu sal&oacute;n favorito, &iexcl;a por ellas!<\/p>\n","video_content":"","block_picture":32454},{"block_title":"U\u00f1as blanco y negro","block_content":"<p>Dentro de las u&ntilde;as blancas, las u&ntilde;as blanco y negro son una apuesta segura si quieres darle un toque atrevido a tus looks. Y es que, el dise&ntilde;o de u&ntilde;as blancas no tiene por qu&eacute; ser algo mon&oacute;tono ni mucho menos: &iexcl;OMG, dime que no es simplemente brutal este nail art! Una manicura en total look blanco con un yin yang negro en el me&ntilde;ique. &iquest;Buscando ideas m&aacute;s cl&aacute;sicas? Okey, lo tuyo entonces es la manicura francesa bicolor: unas u&ntilde;as blanco y negro sencillas pero que no pasar&aacute;n desapercibidas.<\/p>\n","video_content":"","block_picture":32455},{"block_title":"U\u00f1as blancas decoradas","block_content":"<p>Las &quot;wavy nails&quot; o u&ntilde;as con ondas fueron las aut&eacute;nticas rompepistas del 2021, y este a&ntilde;o no iba a ser menos. Si vas a decantarte por unas u&ntilde;as blancas decoradas, ficha este dise&ntilde;o de u&ntilde;as: triunfar, triunfas fijo.<\/p>\n","video_content":"","block_picture":32456},{"block_title":"U\u00f1as azul pastel y blanco","block_content":"<p>Las u&ntilde;as color pastel siguen arrasando en redes y lo mejor es que, si te resultan&nbsp;demasiado empalagosas,&nbsp;puedes &quot;rebajar&quot; tanta ternura mezcl&aacute;ndolas sutilmente con blanco. &iquest;Qu&eacute; opinas de estas u&ntilde;as azul pastel y blanco con base transparente y ondas? Magia pura...<\/p>\n","video_content":"","block_picture":32457},{"block_title":"U\u00f1as blancas con rosa","block_content":"<p>Me chifla que se lleven tanto las u&ntilde;as blancas con rosa (y el rosa en general). Trajes, bolsos, zapatos... &iexcl;y ahora tambi&eacute;n tu mani! &iquest;U&ntilde;as rosa pastel y blanco o tal vez u&ntilde;as&nbsp;fucsia y toques de blanco? No tengas miedo a mezclar distintos tipos de rosa en una misma manicura, hay formas de conseguir que el resultado sea sutil y elegante como la manicura francesa&nbsp;de la foto. S&uacute;per chic.<\/p>\n","video_content":"","block_picture":32458},{"block_title":"U\u00f1as lilas y blancas","block_content":"<p>Lo que dec&iacute;a anteriormente: los tonos pastel siguen en el podium de los esmaltes m&aacute;s solicitados en esta &eacute;poca del a&ntilde;o. Y si eres fan del morado, que sepas que las u&ntilde;as lilas y blancas lo est&aacute;n &#039;petando&#039; en Instagram. &iquest;Buscando dise&ntilde;os de u&ntilde;as sencillos en esta gama de&nbsp;colores?&nbsp;Te propongo una mani con rayas laterales. I-de-al.<\/p>\n","video_content":"","block_picture":32459},{"block_title":"U\u00f1as blancas y amarillas","block_content":"<p>Hay mil formas de llevar las u&ntilde;as blancas y amarillas, pero ahora que est&aacute;n tan de moda las u&ntilde;as con flores, atr&eacute;vete y llena tus manos de optimismo con dise&ntilde;os como el de la foto.&nbsp;<\/p>\n","video_content":"","block_picture":32460},{"block_title":"U\u00f1as beige y blanco","block_content":"<p>&Iacute;dem. Las u&ntilde;as beige y blanco admiten miles de interpretaciones, desde la manicura francesa doble en blanco y beige hasta dise&ntilde;os m&aacute;s maximalistas como el de la foto:&nbsp;unas u&ntilde;as blanco roto decoradas con motivos geom&eacute;tricos en tonos marrones. &iquest;Qui&eacute;n dijo &quot;diva&quot;?<\/p>\n","video_content":"","block_picture":32461},{"block_title":"U\u00f1as blancas y doradas","block_content":"<p>Vamos con las u&ntilde;as blancas m&aacute;s elegantes de todas: las u&ntilde;as blancas y doradas. Como ves no hace falta pasarse con el brilli-brilli para conseguir un acabado sofisticado (y original). Una manicura francesa lateral &quot;repasada&quot; en dorado. Mi fantas&iacute;a.<\/p>\n","video_content":"","block_picture":32462},{"block_title":"U\u00f1as blancas: manicura francesa","block_content":"<p>Ahora que ha quedado claro (clar&iacute;simo) que las u&ntilde;as blancas con dibujo pueden ser el &quot;crush&quot; de cualquier personalidad, creo que no podemos dar por acabada la &quot;masterclass&quot; de u&ntilde;as blancas sin hablar de la reina mundial: la manicura francesa. La tendencia apunta a que las u&ntilde;as con piedras ser&aacute;n las incuestionables protagonistas de nuestros <em>feeds<\/em> durante lo que queda de a&ntilde;o, pero si buscas algo menos arriesgado, la <a href=\"https:\/\/www.treatwell.es\/in-the-glow\/manicura-francesa-invertida\/\">manicura francesa invertida<\/a> ser&aacute; tu mejor aliada. &iquest;M&aacute;s opciones? La <a href=\"https:\/\/www.treatwell.es\/in-the-glow\/unas-baby-french-micro-manicura-francesa\/\">manicura francesa original<\/a>, de colores, negra... &iexcl;Insp&iacute;rate con Treatwell!<\/p>\n","video_content":"","block_picture":32463}]},"yoast_head":"<!-- This site is optimized with the Yoast SEO plugin v27.4 - https:\/\/yoast.com\/product\/yoast-seo-wordpress\/ -->\n<title>U\u00f1as blancas: ideas, dise\u00f1os y tendencias elegantes | Treatwell<\/title>\n<meta name=\"description\" content=\"Descubre las mejores ideas para u\u00f1as blancas. Insp\u00edrate con dise\u00f1os modernos, consejos para combinar estilos y tendencias que arrasan este verano. Elige tu manicura ideal.\" \/>\n<meta name=\"robots\" content=\"index, follow, max-snippet:-1, max-image-preview:large, max-video-preview:-1\" \/>\n<link rel=\"canonical\" href=\"https:\/\/www.treatwell.es/in-the-glow\/unas-blancas-decoradas-verano\/\" \/>\n<meta property=\"og:locale\" content=\"es_ES\" \/>\n<meta property=\"og:type\" content=\"article\" \/>\n<meta property=\"og:title\" content=\"U\u00f1as blancas: ideas, dise\u00f1os y tendencias elegantes | Treatwell\" \/>\n<meta property=\"og:description\" content=\"Descubre las mejores ideas para u\u00f1as blancas. Insp\u00edrate con dise\u00f1os modernos, consejos para combinar estilos y tendencias que arrasan este verano. Elige tu manicura ideal.\" \/>\n<meta property=\"og:url\" content=\"https:\/\/www.treatwell.es/in-the-glow\/unas-blancas-decoradas-verano\/\" \/>\n<meta property=\"og:site_name\" content=\"In The Glow\" \/>\n<meta property=\"article:published_time\" content=\"2022-05-13T16:13:34+00:00\" \/>\n<meta property=\"article:modified_time\" content=\"2025-12-16T11:36:24+00:00\" \/>\n<meta property=\"og:image\" content=\"https:\/\/www.treatwell.es/in-the-glow\/wp-content\/uploads\/sites\/10\/2022\/06\/amyle.nails_136467486_789183545141549_3930324157431925235_n.jpg\" \/>\n\t<meta property=\"og:image:width\" content=\"502\" \/>\n\t<meta property=\"og:image:height\" content=\"628\" \/>\n\t<meta property=\"og:image:type\" content=\"image\/jpeg\" \/>\n<meta name=\"author\" content=\"Beth Ryan\" \/>\n<meta name=\"twitter:card\" content=\"summary_large_image\" \/>\n<meta name=\"twitter:label1\" content=\"Escrito por\" \/>\n\t<meta name=\"twitter:data1\" content=\"Beth Ryan\" \/>\n\t<meta name=\"twitter:label2\" content=\"Tiempo de lectura\" \/>\n\t<meta name=\"twitter:data2\" content=\"2 minutos\" \/>\n<script type=\"application\/ld+json\" class=\"yoast-schema-graph\">{\"@context\":\"https:\\\/\\\/schema.org\",\"@graph\":[{\"@type\":\"Article\",\"@id\":\"https:\\\/\\\/www.treatwell.es/in-the-glow\\\/unas-blancas-decoradas-verano\\\/#article\",\"isPartOf\":{\"@id\":\"https:\\\/\\\/www.treatwell.es/in-the-glow\\\/unas-blancas-decoradas-verano\\\/\"},\"author\":{\"name\":\"Beth Ryan\",\"@id\":\"https:\\\/\\\/www.treatwell.es/in-the-glow\\\/#\\\/schema\\\/person\\\/45be8f7781947e6c6d31f4b658271bf6\"},\"headline\":\"U\u00f1as blancas 2022: as\u00ed se llevan decoradas este verano\",\"datePublished\":\"2022-05-13T16:13:34+00:00\",\"dateModified\":\"2025-12-16T11:36:24+00:00\",\"mainEntityOfPage\":{\"@id\":\"https:\\\/\\\/www.treatwell.es/in-the-glow\\\/unas-blancas-decoradas-verano\\\/\"},\"wordCount\":339,\"publisher\":{\"@id\":\"https:\\\/\\\/www.treatwell.es/in-the-glow\\\/#organization\"},\"image\":{\"@id\":\"https:\\\/\\\/www.treatwell.es/in-the-glow\\\/unas-blancas-decoradas-verano\\\/#primaryimage\"},\"thumbnailUrl\":\"https:\\\/\\\/www.treatwell.es/in-the-glow\\\/wp-content\\\/uploads\\\/sites\\\/10\\\/2022\\\/06\\\/amyle.nails_136467486_789183545141549_3930324157431925235_n.jpg\",\"keywords\":[\"Gel Nails\",\"Nail Art\",\"Nails\"],\"articleSection\":[\"Beauty\"],\"inLanguage\":\"es\"},{\"@type\":\"WebPage\",\"@id\":\"https:\\\/\\\/www.treatwell.es/in-the-glow\\\/unas-blancas-decoradas-verano\\\/\",\"url\":\"https:\\\/\\\/www.treatwell.es/in-the-glow\\\/unas-blancas-decoradas-verano\\\/\",\"name\":\"U\u00f1as blancas: ideas, dise\u00f1os y tendencias elegantes | Treatwell\",\"isPartOf\":{\"@id\":\"https:\\\/\\\/www.treatwell.es/in-the-glow\\\/#website\"},\"primaryImageOfPage\":{\"@id\":\"https:\\\/\\\/www.treatwell.es/in-the-glow\\\/unas-blancas-decoradas-verano\\\/#primaryimage\"},\"image\":{\"@id\":\"https:\\\/\\\/www.treatwell.es/in-the-glow\\\/unas-blancas-decoradas-verano\\\/#primaryimage\"},\"thumbnailUrl\":\"https:\\\/\\\/www.treatwell.es/in-the-glow\\\/wp-content\\\/uploads\\\/sites\\\/10\\\/2022\\\/06\\\/amyle.nails_136467486_789183545141549_3930324157431925235_n.jpg\",\"datePublished\":\"2022-05-13T16:13:34+00:00\",\"dateModified\":\"2025-12-16T11:36:24+00:00\",\"description\":\"Descubre las mejores ideas para u\u00f1as blancas. Insp\u00edrate con dise\u00f1os modernos, consejos para combinar estilos y tendencias que arrasan este verano. Elige tu manicura ideal.\",\"breadcrumb\":{\"@id\":\"https:\\\/\\\/www.treatwell.es/in-the-glow\\\/unas-blancas-decoradas-verano\\\/#breadcrumb\"},\"inLanguage\":\"es\",\"potentialAction\":[{\"@type\":\"ReadAction\",\"target\":[\"https:\\\/\\\/www.treatwell.es/in-the-glow\\\/unas-blancas-decoradas-verano\\\/\"]}]},{\"@type\":\"ImageObject\",\"inLanguage\":\"es\",\"@id\":\"https:\\\/\\\/www.treatwell.es/in-the-glow\\\/unas-blancas-decoradas-verano\\\/#primaryimage\",\"url\":\"https:\\\/\\\/www.treatwell.es/in-the-glow\\\/wp-content\\\/uploads\\\/sites\\\/10\\\/2022\\\/06\\\/amyle.nails_136467486_789183545141549_3930324157431925235_n.jpg\",\"contentUrl\":\"https:\\\/\\\/www.treatwell.es/in-the-glow\\\/wp-content\\\/uploads\\\/sites\\\/10\\\/2022\\\/06\\\/amyle.nails_136467486_789183545141549_3930324157431925235_n.jpg\",\"width\":502,\"height\":628},{\"@type\":\"BreadcrumbList\",\"@id\":\"https:\\\/\\\/www.treatwell.es/in-the-glow\\\/unas-blancas-decoradas-verano\\\/#breadcrumb\",\"itemListElement\":[{\"@type\":\"ListItem\",\"position\":1,\"name\":\"Home\",\"item\":\"https:\\\/\\\/www.treatwell.es/in-the-glow\\\/\"},{\"@type\":\"ListItem\",\"position\":2,\"name\":\"Body\",\"item\":\"https:\\\/\\\/www.treatwell.es/in-the-glow\\\/tag\\\/tt2\\\/\"},{\"@type\":\"ListItem\",\"position\":3,\"name\":\"U\u00f1as blancas 2022: as\u00ed se llevan decoradas este verano\"}]},{\"@type\":\"WebSite\",\"@id\":\"https:\\\/\\\/www.treatwell.es/in-the-glow\\\/#website\",\"url\":\"https:\\\/\\\/www.treatwell.es/in-the-glow\\\/\",\"name\":\"In The Glow\",\"description\":\"Belleza. Pelo. Lifestyle.\",\"publisher\":{\"@id\":\"https:\\\/\\\/www.treatwell.es/in-the-glow\\\/#organization\"},\"potentialAction\":[{\"@type\":\"SearchAction\",\"target\":{\"@type\":\"EntryPoint\",\"urlTemplate\":\"https:\\\/\\\/www.treatwell.es/in-the-glow\\\/?s={search_term_string}\"},\"query-input\":{\"@type\":\"PropertyValueSpecification\",\"valueRequired\":true,\"valueName\":\"search_term_string\"}}],\"inLanguage\":\"es\"},{\"@type\":\"Organization\",\"@id\":\"https:\\\/\\\/www.treatwell.es/in-the-glow\\\/#organization\",\"name\":\"Treatwell\",\"url\":\"https:\\\/\\\/www.treatwell.es/in-the-glow\\\/\",\"logo\":{\"@type\":\"ImageObject\",\"inLanguage\":\"es\",\"@id\":\"https:\\\/\\\/www.treatwell.es/in-the-glow\\\/#\\\/schema\\\/logo\\\/image\\\/\",\"url\":\"https:\\\/\\\/www.treatwell.es/in-the-glow\\\/wp-content\\\/uploads\\\/sites\\\/10\\\/2022\\\/03\\\/logo_treatwell.png\",\"contentUrl\":\"https:\\\/\\\/www.treatwell.es/in-the-glow\\\/wp-content\\\/uploads\\\/sites\\\/10\\\/2022\\\/03\\\/logo_treatwell.png\",\"width\":889,\"height\":164,\"caption\":\"Treatwell\"},\"image\":{\"@id\":\"https:\\\/\\\/www.treatwell.es/in-the-glow\\\/#\\\/schema\\\/logo\\\/image\\\/\"}},{\"@type\":\"Person\",\"@id\":\"https:\\\/\\\/www.treatwell.es/in-the-glow\\\/#\\\/schema\\\/person\\\/45be8f7781947e6c6d31f4b658271bf6\",\"name\":\"Beth Ryan\",\"image\":{\"@type\":\"ImageObject\",\"inLanguage\":\"es\",\"@id\":\"https:\\\/\\\/secure.gravatar.com\\\/avatar\\\/93502c3b0591e62d75cc697ff3b5b8f47fef521e9dd0d61feb5570ae6d459200?s=96&d=mm&r=g\",\"url\":\"https:\\\/\\\/secure.gravatar.com\\\/avatar\\\/93502c3b0591e62d75cc697ff3b5b8f47fef521e9dd0d61feb5570ae6d459200?s=96&d=mm&r=g\",\"contentUrl\":\"https:\\\/\\\/secure.gravatar.com\\\/avatar\\\/93502c3b0591e62d75cc697ff3b5b8f47fef521e9dd0d61feb5570ae6d459200?s=96&d=mm&r=g\",\"caption\":\"Beth Ryan\"},\"url\":\"https:\\\/\\\/www.treatwell.es/in-the-glow\\\/author\\\/bethanyryan\\\/\"}]}<\/script>\n<!-- \/ Yoast SEO plugin. -->","yoast_head_json":{"title":"U\u00f1as blancas: ideas, dise\u00f1os y tendencias elegantes | Treatwell","description":"Descubre las mejores ideas para u\u00f1as blancas. Insp\u00edrate con dise\u00f1os modernos, consejos para combinar estilos y tendencias que arrasan este verano. Elige tu manicura ideal.","robots":{"index":"index","follow":"follow","max-snippet":"max-snippet:-1","max-image-preview":"max-image-preview:large","max-video-preview":"max-video-preview:-1"},"canonical":"https:\/\/www.treatwell.es/in-the-glow\/unas-blancas-decoradas-verano\/","og_locale":"es_ES","og_type":"article","og_title":"U\u00f1as blancas: ideas, dise\u00f1os y tendencias elegantes | Treatwell","og_description":"Descubre las mejores ideas para u\u00f1as blancas. Insp\u00edrate con dise\u00f1os modernos, consejos para combinar estilos y tendencias que arrasan este verano. Elige tu manicura ideal.","og_url":"https:\/\/www.treatwell.es/in-the-glow\/unas-blancas-decoradas-verano\/","og_site_name":"In The Glow","article_published_time":"2022-05-13T16:13:34+00:00","article_modified_time":"2025-12-16T11:36:24+00:00","og_image":[{"width":502,"height":628,"url":"https:\/\/www.treatwell.es/in-the-glow\/wp-content\/uploads\/sites\/10\/2022\/06\/amyle.nails_136467486_789183545141549_3930324157431925235_n.jpg","type":"image\/jpeg"}],"author":"Beth Ryan","twitter_card":"summary_large_image","twitter_misc":{"Escrito por":"Beth Ryan","Tiempo de lectura":"2 minutos"},"schema":{"@context":"https:\/\/schema.org","@graph":[{"@type":"Article","@id":"https:\/\/www.treatwell.es/in-the-glow\/unas-blancas-decoradas-verano\/#article","isPartOf":{"@id":"https:\/\/www.treatwell.es/in-the-glow\/unas-blancas-decoradas-verano\/"},"author":{"name":"Beth Ryan","@id":"https:\/\/www.treatwell.es/in-the-glow\/#\/schema\/person\/45be8f7781947e6c6d31f4b658271bf6"},"headline":"U\u00f1as blancas 2022: as\u00ed se llevan decoradas este verano","datePublished":"2022-05-13T16:13:34+00:00","dateModified":"2025-12-16T11:36:24+00:00","mainEntityOfPage":{"@id":"https:\/\/www.treatwell.es/in-the-glow\/unas-blancas-decoradas-verano\/"},"wordCount":339,"publisher":{"@id":"https:\/\/www.treatwell.es/in-the-glow\/#organization"},"image":{"@id":"https:\/\/www.treatwell.es/in-the-glow\/unas-blancas-decoradas-verano\/#primaryimage"},"thumbnailUrl":"https:\/\/www.treatwell.es/in-the-glow\/wp-content\/uploads\/sites\/10\/2022\/06\/amyle.nails_136467486_789183545141549_3930324157431925235_n.jpg","keywords":["Gel Nails","Nail Art","Nails"],"articleSection":["Beauty"],"inLanguage":"es"},{"@type":"WebPage","@id":"https:\/\/www.treatwell.es/in-the-glow\/unas-blancas-decoradas-verano\/","url":"https:\/\/www.treatwell.es/in-the-glow\/unas-blancas-decoradas-verano\/","name":"U\u00f1as blancas: ideas, dise\u00f1os y tendencias elegantes | Treatwell","isPartOf":{"@id":"https:\/\/www.treatwell.es/in-the-glow\/#website"},"primaryImageOfPage":{"@id":"https:\/\/www.treatwell.es/in-the-glow\/unas-blancas-decoradas-verano\/#primaryimage"},"image":{"@id":"https:\/\/www.treatwell.es/in-the-glow\/unas-blancas-decoradas-verano\/#primaryimage"},"thumbnailUrl":"https:\/\/www.treatwell.es/in-the-glow\/wp-content\/uploads\/sites\/10\/2022\/06\/amyle.nails_136467486_789183545141549_3930324157431925235_n.jpg","datePublished":"2022-05-13T16:13:34+00:00","dateModified":"2025-12-16T11:36:24+00:00","description":"Descubre las mejores ideas para u\u00f1as blancas. Insp\u00edrate con dise\u00f1os modernos, consejos para combinar estilos y tendencias que arrasan este verano. Elige tu manicura ideal.","breadcrumb":{"@id":"https:\/\/www.treatwell.es/in-the-glow\/unas-blancas-decoradas-verano\/#breadcrumb"},"inLanguage":"es","potentialAction":[{"@type":"ReadAction","target":["https:\/\/www.treatwell.es/in-the-glow\/unas-blancas-decoradas-verano\/"]}]},{"@type":"ImageObject","inLanguage":"es","@id":"https:\/\/www.treatwell.es/in-the-glow\/unas-blancas-decoradas-verano\/#primaryimage","url":"https:\/\/www.treatwell.es/in-the-glow\/wp-content\/uploads\/sites\/10\/2022\/06\/amyle.nails_136467486_789183545141549_3930324157431925235_n.jpg","contentUrl":"https:\/\/www.treatwell.es/in-the-glow\/wp-content\/uploads\/sites\/10\/2022\/06\/amyle.nails_136467486_789183545141549_3930324157431925235_n.jpg","width":502,"height":628},{"@type":"BreadcrumbList","@id":"https:\/\/www.treatwell.es/in-the-glow\/unas-blancas-decoradas-verano\/#breadcrumb","itemListElement":[{"@type":"ListItem","position":1,"name":"Home","item":"https:\/\/www.treatwell.es/in-the-glow\/"},{"@type":"ListItem","position":2,"name":"Body","item":"https:\/\/www.treatwell.es/in-the-glow\/tag\/tt2\/"},{"@type":"ListItem","position":3,"name":"U\u00f1as blancas 2022: as\u00ed se llevan decoradas este verano"}]},{"@type":"WebSite","@id":"https:\/\/www.treatwell.es/in-the-glow\/#website","url":"https:\/\/www.treatwell.es/in-the-glow\/","name":"In The Glow","description":"Belleza. Pelo. Lifestyle.","publisher":{"@id":"https:\/\/www.treatwell.es/in-the-glow\/#organization"},"potentialAction":[{"@type":"SearchAction","target":{"@type":"EntryPoint","urlTemplate":"https:\/\/www.treatwell.es/in-the-glow\/?s={search_term_string}"},"query-input":{"@type":"PropertyValueSpecification","valueRequired":true,"valueName":"search_term_string"}}],"inLanguage":"es"},{"@type":"Organization","@id":"https:\/\/www.treatwell.es/in-the-glow\/#organization","name":"Treatwell","url":"https:\/\/www.treatwell.es/in-the-glow\/","logo":{"@type":"ImageObject","inLanguage":"es","@id":"https:\/\/www.treatwell.es/in-the-glow\/#\/schema\/logo\/image\/","url":"https:\/\/www.treatwell.es/in-the-glow\/wp-content\/uploads\/sites\/10\/2022\/03\/logo_treatwell.png","contentUrl":"https:\/\/www.treatwell.es/in-the-glow\/wp-content\/uploads\/sites\/10\/2022\/03\/logo_treatwell.png","width":889,"height":164,"caption":"Treatwell"},"image":{"@id":"https:\/\/www.treatwell.es/in-the-glow\/#\/schema\/logo\/image\/"}},{"@type":"Person","@id":"https:\/\/www.treatwell.es/in-the-glow\/#\/schema\/person\/45be8f7781947e6c6d31f4b658271bf6","name":"Beth Ryan","image":{"@type":"ImageObject","inLanguage":"es","@id":"https:\/\/secure.gravatar.com\/avatar\/93502c3b0591e62d75cc697ff3b5b8f47fef521e9dd0d61feb5570ae6d459200?s=96&d=mm&r=g","url":"https:\/\/secure.gravatar.com\/avatar\/93502c3b0591e62d75cc697ff3b5b8f47fef521e9dd0d61feb5570ae6d459200?s=96&d=mm&r=g","contentUrl":"https:\/\/secure.gravatar.com\/avatar\/93502c3b0591e62d75cc697ff3b5b8f47fef521e9dd0d61feb5570ae6d459200?s=96&d=mm&r=g","caption":"Beth Ryan"},"url":"https:\/\/www.treatwell.es/in-the-glow\/author\/bethanyryan\/"}]}},"featured_image_src":"https:\/\/www.treatwell.es/in-the-glow\/wp-content\/uploads\/sites\/10\/2022\/06\/amyle.nails_136467486_789183545141549_3930324157431925235_n-502x400.jpg","featured_image_src_square":"https:\/\/www.treatwell.es/in-the-glow\/wp-content\/uploads\/sites\/10\/2022\/06\/amyle.nails_136467486_789183545141549_3930324157431925235_n-502x600.jpg","author_info":{"display_name":"Beth Ryan","author_link":"https:\/\/www.treatwell.es/in-the-glow\/author\/bethanyryan\/"},"_links":{"self":[{"href":"https:\/\/www.treatwell.es\/in-the-glow\/wp-json\/wp\/v2\/posts\/32453","targetHints":{"allow":["GET"]}}],"collection":[{"href":"https:\/\/www.treatwell.es\/in-the-glow\/wp-json\/wp\/v2\/posts"}],"about":[{"href":"https:\/\/www.treatwell.es\/in-the-glow\/wp-json\/wp\/v2\/types\/post"}],"author":[{"embeddable":true,"href":"https:\/\/www.treatwell.es\/in-the-glow\/wp-json\/wp\/v2\/users\/3366"}],"replies":[{"embeddable":true,"href":"https:\/\/www.treatwell.es\/in-the-glow\/wp-json\/wp\/v2\/comments?post=32453"}],"version-history":[{"count":0,"href":"https:\/\/www.treatwell.es\/in-the-glow\/wp-json\/wp\/v2\/posts\/32453\/revisions"}],"wp:featuredmedia":[{"embeddable":true,"href":"https:\/\/www.treatwell.es\/in-the-glow\/wp-json\/wp\/v2\/media\/32465"}],"wp:attachment":[{"href":"https:\/\/www.treatwell.es\/in-the-glow\/wp-json\/wp\/v2\/media?parent=32453"}],"wp:term":[{"taxonomy":"category","embeddable":true,"href":"https:\/\/www.treatwell.es\/in-the-glow\/wp-json\/wp\/v2\/categories?post=32453"},{"taxonomy":"post_tag","embeddable":true,"href":"https:\/\/www.treatwell.es\/in-the-glow\/wp-json\/wp\/v2\/tags?post=32453"}],"curies":[{"name":"wp","href":"https:\/\/api.w.org\/{rel}","templated":true}]}}